{"id":20389,"date":"2022-11-19T07:19:53","date_gmt":"2022-11-19T07:19:53","guid":{"rendered":"https:\/\/archiviocassano.lavocedelpaese.info\/index.php\/2022\/11\/19\/qstare-bene-insieme-un-patto-territoriale-per-la-salute-e-il-benessere-mentaleq\/"},"modified":"2022-11-19T07:19:53","modified_gmt":"2022-11-19T07:19:53","slug":"qstare-bene-insieme-un-patto-territoriale-per-la-salute-e-il-benessere-mentaleq","status":"publish","type":"post","link":"https:\/\/archiviocassano.lavocedelpaese.info\/index.php\/2022\/11\/19\/qstare-bene-insieme-un-patto-territoriale-per-la-salute-e-il-benessere-mentaleq\/","title":{"rendered":"&#8220;Stare bene insieme&#8221;: patto per la Salute e il Benessere Mentale&#8221;"},"content":{"rendered":"<p><img loading=\"lazy\" decoding=\"async\" class=\" size-full wp-image-20388\" src=\"https:\/\/archiviocassano.lavocedelpaese.info\/wp-content\/uploads\/2022\/11\/Locandina_Patto_Territoriale_page-0001_1.jpg\" width=\"320\" height=\"150\" alt=\"Locandina Patto Territoriale page-0001 1\" style=\"margin-right: 2px; margin-left: 2px;\" \/><\/p>\n<p><!--more--><\/p>\n<p style=\"text-align: justify;\">Il Centro di Salute Mentale (CSM) Ara 2 della Asl Bari ha organizzato l&#8217;evento <strong>&#8220;Stare bene <\/strong><strong>insieme: un patto territoriale per la Salute e il Benessere Mentale&#8221; , <\/strong>che si terr\u00e0 mercoled\u00ec 23 novembre 2022 dalle 17.00 alle 20:00 presso la Biblioteca Comunale &#8220;Armando Perotti&#8221; a Cassano delle Murge.<\/p>\n<p style=\"text-align: justify;\">Parteciperanno i Sindaci e i Servizi Sociali del territorio afferente al nostro CSM (comuni di Cassano delle M, Santeramo in C., Acquaviva delle f., Sannicandro di Bari, Binetto, Toritto, Grumo Appula, Altamura, Gravina in P., Poggiorsini),&nbsp;i coordinatori degli Ambiti n.4 e 5, i Dirigenti degli Istituti Scolastici Superiori delle scuole dello stesso territorio , le Associazioni dei Familiari e utenti psichiatrici, le strutture riabilitative psichiatriche.<\/p>\n<p><em>&#8220;L&#8217;obiettivo ambizioso di tale incontro<\/em> &#8211; spiega una nota del CSM &#8211; <em>\u00e8 quello di fornire alla comunit\u00e0 una restituzione dell&#8217;esperienza di collaborazione con tutte le agenzie territoriali durante le giornate di ottobre de &#8220;La Salute Mentale nella Community&#8221;, durante le quali gli operatori dei cinque ambulatori del nostro CSM hanno incontrato circa 350 ragazzi di sei Istituti di Istruzione Scolastica Superiore della Bassa e Alta Murgia e, soprattutto, nostro obiettivo \u00e8 co-firmare un Patto Simbolico coi Rappresentanti Istituzionali per rendere le nostre Comunit\u00e0 sempre pi\u00f9 Educanti, scevre dallo Stigma, promotrici di Benessere Psico-Sociale attraverso la creazione di Reti sempre pi\u00f9 Inclusive e Supportive, insomma un Impegno di Corresponsabilit\u00e0 di tutto il territorio&#8221;.&nbsp;<\/em><\/p>\n<p>&nbsp;<\/p>\n","protected":false},"excerpt":{"rendered":"","protected":false},"author":1,"featured_media":20388,"comment_status":"open","ping_status":"closed","sticky":false,"template":"","format":"standard","meta":{"colormag_page_container_layout":"default_layout","colormag_page_sidebar_layout":"default_layout","footnotes":""},"categories":[7],"tags":[],"class_list":["post-20389","post","type-post","status-publish","format-standard","has-post-thumbnail","hentry","category-attualita"],"yoast_head":"<!-- This site is optimized with the Yoast SEO plugin v27.5 - https:\/\/yoast.com\/product\/yoast-seo-wordpress\/ -->\n<title>&quot;Stare bene insieme&quot;: patto per la Salute e il Benessere Mentale&quot; - Archivio CassanoWeb<\/title>\n<meta name=\"robots\" content=\"index, follow, max-snippet:-1, max-image-preview:large, max-video-preview:-1\" \/>\n<link rel=\"canonical\" href=\"https:\/\/archiviocassano.lavocedelpaese.info\/index.php\/2022\/11\/19\/qstare-bene-insieme-un-patto-territoriale-per-la-salute-e-il-benessere-mentaleq\/\" \/>\n<meta property=\"og:locale\" content=\"it_IT\" \/>\n<meta property=\"og:type\" content=\"article\" \/>\n<meta property=\"og:title\" content=\"&quot;Stare bene insieme&quot;: patto per la Salute e il Benessere Mentale&quot; - Archivio CassanoWeb\" \/>\n<meta property=\"og:url\" content=\"https:\/\/archiviocassano.lavocedelpaese.info\/index.php\/2022\/11\/19\/qstare-bene-insieme-un-patto-territoriale-per-la-salute-e-il-benessere-mentaleq\/\" \/>\n<meta property=\"og:site_name\" content=\"Archivio CassanoWeb\" \/>\n<meta property=\"article:publisher\" content=\"https:\/\/www.facebook.com\/redazione.cassanoweb\" \/>\n<meta property=\"article:published_time\" content=\"2022-11-19T07:19:53+00:00\" \/>\n<meta property=\"og:image\" content=\"https:\/\/archiviocassano.lavocedelpaese.info\/wp-content\/uploads\/2022\/11\/Locandina_Patto_Territoriale_page-0001_1.jpg\" \/>\n\t<meta property=\"og:image:width\" content=\"1119\" \/>\n\t<meta property=\"og:image:height\" content=\"460\" \/>\n\t<meta property=\"og:image:type\" content=\"image\/jpeg\" \/>\n<meta name=\"author\" content=\"admin\" \/>\n<meta name=\"twitter:card\" content=\"summary_large_image\" \/>\n<meta name=\"twitter:label1\" content=\"Scritto da\" \/>\n\t<meta name=\"twitter:data1\" content=\"admin\" \/>\n\t<meta name=\"twitter:label2\" content=\"Tempo di lettura stimato\" \/>\n\t<meta name=\"twitter:data2\" content=\"1 minuto\" \/>\n<script type=\"application\/ld+json\" class=\"yoast-schema-graph\">{\"@context\":\"https:\\\/\\\/schema.org\",\"@graph\":[{\"@type\":\"Article\",\"@id\":\"https:\\\/\\\/archiviocassano.lavocedelpaese.info\\\/index.php\\\/2022\\\/11\\\/19\\\/qstare-bene-insieme-un-patto-territoriale-per-la-salute-e-il-benessere-mentaleq\\\/#article\",\"isPartOf\":{\"@id\":\"https:\\\/\\\/archiviocassano.lavocedelpaese.info\\\/index.php\\\/2022\\\/11\\\/19\\\/qstare-bene-insieme-un-patto-territoriale-per-la-salute-e-il-benessere-mentaleq\\\/\"},\"author\":{\"name\":\"admin\",\"@id\":\"https:\\\/\\\/archiviocassano.lavocedelpaese.info\\\/#\\\/schema\\\/person\\\/df195bc79a9b4c35127cf005f92e041b\"},\"headline\":\"&#8220;Stare bene insieme&#8221;: patto per la Salute e il Benessere Mentale&#8221;\",\"datePublished\":\"2022-11-19T07:19:53+00:00\",\"mainEntityOfPage\":{\"@id\":\"https:\\\/\\\/archiviocassano.lavocedelpaese.info\\\/index.php\\\/2022\\\/11\\\/19\\\/qstare-bene-insieme-un-patto-territoriale-per-la-salute-e-il-benessere-mentaleq\\\/\"},\"wordCount\":234,\"commentCount\":0,\"publisher\":{\"@id\":\"https:\\\/\\\/archiviocassano.lavocedelpaese.info\\\/#organization\"},\"image\":{\"@id\":\"https:\\\/\\\/archiviocassano.lavocedelpaese.info\\\/index.php\\\/2022\\\/11\\\/19\\\/qstare-bene-insieme-un-patto-territoriale-per-la-salute-e-il-benessere-mentaleq\\\/#primaryimage\"},\"thumbnailUrl\":\"https:\\\/\\\/archiviocassano.lavocedelpaese.info\\\/wp-content\\\/uploads\\\/2022\\\/11\\\/Locandina_Patto_Territoriale_page-0001_1.jpg\",\"articleSection\":[\"Attualit\u00e0\"],\"inLanguage\":\"it-IT\",\"potentialAction\":[{\"@type\":\"CommentAction\",\"name\":\"Comment\",\"target\":[\"https:\\\/\\\/archiviocassano.lavocedelpaese.info\\\/index.php\\\/2022\\\/11\\\/19\\\/qstare-bene-insieme-un-patto-territoriale-per-la-salute-e-il-benessere-mentaleq\\\/#respond\"]}]},{\"@type\":\"WebPage\",\"@id\":\"https:\\\/\\\/archiviocassano.lavocedelpaese.info\\\/index.php\\\/2022\\\/11\\\/19\\\/qstare-bene-insieme-un-patto-territoriale-per-la-salute-e-il-benessere-mentaleq\\\/\",\"url\":\"https:\\\/\\\/archiviocassano.lavocedelpaese.info\\\/index.php\\\/2022\\\/11\\\/19\\\/qstare-bene-insieme-un-patto-territoriale-per-la-salute-e-il-benessere-mentaleq\\\/\",\"name\":\"\\\"Stare bene insieme\\\": patto per la Salute e il Benessere Mentale\\\" - Archivio CassanoWeb\",\"isPartOf\":{\"@id\":\"https:\\\/\\\/archiviocassano.lavocedelpaese.info\\\/#website\"},\"primaryImageOfPage\":{\"@id\":\"https:\\\/\\\/archiviocassano.lavocedelpaese.info\\\/index.php\\\/2022\\\/11\\\/19\\\/qstare-bene-insieme-un-patto-territoriale-per-la-salute-e-il-benessere-mentaleq\\\/#primaryimage\"},\"image\":{\"@id\":\"https:\\\/\\\/archiviocassano.lavocedelpaese.info\\\/index.php\\\/2022\\\/11\\\/19\\\/qstare-bene-insieme-un-patto-territoriale-per-la-salute-e-il-benessere-mentaleq\\\/#primaryimage\"},\"thumbnailUrl\":\"https:\\\/\\\/archiviocassano.lavocedelpaese.info\\\/wp-content\\\/uploads\\\/2022\\\/11\\\/Locandina_Patto_Territoriale_page-0001_1.jpg\",\"datePublished\":\"2022-11-19T07:19:53+00:00\",\"breadcrumb\":{\"@id\":\"https:\\\/\\\/archiviocassano.lavocedelpaese.info\\\/index.php\\\/2022\\\/11\\\/19\\\/qstare-bene-insieme-un-patto-territoriale-per-la-salute-e-il-benessere-mentaleq\\\/#breadcrumb\"},\"inLanguage\":\"it-IT\",\"potentialAction\":[{\"@type\":\"ReadAction\",\"target\":[\"https:\\\/\\\/archiviocassano.lavocedelpaese.info\\\/index.php\\\/2022\\\/11\\\/19\\\/qstare-bene-insieme-un-patto-territoriale-per-la-salute-e-il-benessere-mentaleq\\\/\"]}]},{\"@type\":\"ImageObject\",\"inLanguage\":\"it-IT\",\"@id\":\"https:\\\/\\\/archiviocassano.lavocedelpaese.info\\\/index.php\\\/2022\\\/11\\\/19\\\/qstare-bene-insieme-un-patto-territoriale-per-la-salute-e-il-benessere-mentaleq\\\/#primaryimage\",\"url\":\"https:\\\/\\\/archiviocassano.lavocedelpaese.info\\\/wp-content\\\/uploads\\\/2022\\\/11\\\/Locandina_Patto_Territoriale_page-0001_1.jpg\",\"contentUrl\":\"https:\\\/\\\/archiviocassano.lavocedelpaese.info\\\/wp-content\\\/uploads\\\/2022\\\/11\\\/Locandina_Patto_Territoriale_page-0001_1.jpg\",\"width\":1119,\"height\":460,\"caption\":\"Locandina Patto Territoriale page-0001 1\"},{\"@type\":\"BreadcrumbList\",\"@id\":\"https:\\\/\\\/archiviocassano.lavocedelpaese.info\\\/index.php\\\/2022\\\/11\\\/19\\\/qstare-bene-insieme-un-patto-territoriale-per-la-salute-e-il-benessere-mentaleq\\\/#breadcrumb\",\"itemListElement\":[{\"@type\":\"ListItem\",\"position\":1,\"name\":\"Home\",\"item\":\"https:\\\/\\\/archiviocassano.lavocedelpaese.info\\\/\"},{\"@type\":\"ListItem\",\"position\":2,\"name\":\"&#8220;Stare bene insieme&#8221;: patto per la Salute e il Benessere Mentale&#8221;\"}]},{\"@type\":\"WebSite\",\"@id\":\"https:\\\/\\\/archiviocassano.lavocedelpaese.info\\\/#website\",\"url\":\"https:\\\/\\\/archiviocassano.lavocedelpaese.info\\\/\",\"name\":\"Archivio CassanoWeb\",\"description\":\"La Voce del Paese - un network di idee\",\"publisher\":{\"@id\":\"https:\\\/\\\/archiviocassano.lavocedelpaese.info\\\/#organization\"},\"potentialAction\":[{\"@type\":\"SearchAction\",\"target\":{\"@type\":\"EntryPoint\",\"urlTemplate\":\"https:\\\/\\\/archiviocassano.lavocedelpaese.info\\\/?s={search_term_string}\"},\"query-input\":{\"@type\":\"PropertyValueSpecification\",\"valueRequired\":true,\"valueName\":\"search_term_string\"}}],\"inLanguage\":\"it-IT\"},{\"@type\":\"Organization\",\"@id\":\"https:\\\/\\\/archiviocassano.lavocedelpaese.info\\\/#organization\",\"name\":\"Archivio CassanoWeb\",\"url\":\"https:\\\/\\\/archiviocassano.lavocedelpaese.info\\\/\",\"logo\":{\"@type\":\"ImageObject\",\"inLanguage\":\"it-IT\",\"@id\":\"https:\\\/\\\/archiviocassano.lavocedelpaese.info\\\/#\\\/schema\\\/logo\\\/image\\\/\",\"url\":\"https:\\\/\\\/archiviocassano.lavocedelpaese.info\\\/wp-content\\\/uploads\\\/2024\\\/08\\\/logo-rosso-2.png\",\"contentUrl\":\"https:\\\/\\\/archiviocassano.lavocedelpaese.info\\\/wp-content\\\/uploads\\\/2024\\\/08\\\/logo-rosso-2.png\",\"width\":491,\"height\":432,\"caption\":\"Archivio CassanoWeb\"},\"image\":{\"@id\":\"https:\\\/\\\/archiviocassano.lavocedelpaese.info\\\/#\\\/schema\\\/logo\\\/image\\\/\"},\"sameAs\":[\"https:\\\/\\\/www.facebook.com\\\/redazione.cassanoweb\"]},{\"@type\":\"Person\",\"@id\":\"https:\\\/\\\/archiviocassano.lavocedelpaese.info\\\/#\\\/schema\\\/person\\\/df195bc79a9b4c35127cf005f92e041b\",\"name\":\"admin\",\"image\":{\"@type\":\"ImageObject\",\"inLanguage\":\"it-IT\",\"@id\":\"https:\\\/\\\/secure.gravatar.com\\\/avatar\\\/eabba89a432e8eaa1b0207cc55f7e5340b22712b1ed80677efcf63e02ff5b235?s=96&d=mm&r=g\",\"url\":\"https:\\\/\\\/secure.gravatar.com\\\/avatar\\\/eabba89a432e8eaa1b0207cc55f7e5340b22712b1ed80677efcf63e02ff5b235?s=96&d=mm&r=g\",\"contentUrl\":\"https:\\\/\\\/secure.gravatar.com\\\/avatar\\\/eabba89a432e8eaa1b0207cc55f7e5340b22712b1ed80677efcf63e02ff5b235?s=96&d=mm&r=g\",\"caption\":\"admin\"},\"sameAs\":[\"https:\\\/\\\/archiviocassano.lavocedelpaese.info\"],\"url\":\"https:\\\/\\\/archiviocassano.lavocedelpaese.info\\\/index.php\\\/author\\\/admin_0qgz1xdp\\\/\"}]}<\/script>\n<!-- \/ Yoast SEO plugin. -->","yoast_head_json":{"title":"\"Stare bene insieme\": patto per la Salute e il Benessere Mentale\" - Archivio CassanoWeb","robots":{"index":"index","follow":"follow","max-snippet":"max-snippet:-1","max-image-preview":"max-image-preview:large","max-video-preview":"max-video-preview:-1"},"canonical":"https:\/\/archiviocassano.lavocedelpaese.info\/index.php\/2022\/11\/19\/qstare-bene-insieme-un-patto-territoriale-per-la-salute-e-il-benessere-mentaleq\/","og_locale":"it_IT","og_type":"article","og_title":"\"Stare bene insieme\": patto per la Salute e il Benessere Mentale\" - Archivio CassanoWeb","og_url":"https:\/\/archiviocassano.lavocedelpaese.info\/index.php\/2022\/11\/19\/qstare-bene-insieme-un-patto-territoriale-per-la-salute-e-il-benessere-mentaleq\/","og_site_name":"Archivio CassanoWeb","article_publisher":"https:\/\/www.facebook.com\/redazione.cassanoweb","article_published_time":"2022-11-19T07:19:53+00:00","og_image":[{"width":1119,"height":460,"url":"https:\/\/archiviocassano.lavocedelpaese.info\/wp-content\/uploads\/2022\/11\/Locandina_Patto_Territoriale_page-0001_1.jpg","type":"image\/jpeg"}],"author":"admin","twitter_card":"summary_large_image","twitter_misc":{"Scritto da":"admin","Tempo di lettura stimato":"1 minuto"},"schema":{"@context":"https:\/\/schema.org","@graph":[{"@type":"Article","@id":"https:\/\/archiviocassano.lavocedelpaese.info\/index.php\/2022\/11\/19\/qstare-bene-insieme-un-patto-territoriale-per-la-salute-e-il-benessere-mentaleq\/#article","isPartOf":{"@id":"https:\/\/archiviocassano.lavocedelpaese.info\/index.php\/2022\/11\/19\/qstare-bene-insieme-un-patto-territoriale-per-la-salute-e-il-benessere-mentaleq\/"},"author":{"name":"admin","@id":"https:\/\/archiviocassano.lavocedelpaese.info\/#\/schema\/person\/df195bc79a9b4c35127cf005f92e041b"},"headline":"&#8220;Stare bene insieme&#8221;: patto per la Salute e il Benessere Mentale&#8221;","datePublished":"2022-11-19T07:19:53+00:00","mainEntityOfPage":{"@id":"https:\/\/archiviocassano.lavocedelpaese.info\/index.php\/2022\/11\/19\/qstare-bene-insieme-un-patto-territoriale-per-la-salute-e-il-benessere-mentaleq\/"},"wordCount":234,"commentCount":0,"publisher":{"@id":"https:\/\/archiviocassano.lavocedelpaese.info\/#organization"},"image":{"@id":"https:\/\/archiviocassano.lavocedelpaese.info\/index.php\/2022\/11\/19\/qstare-bene-insieme-un-patto-territoriale-per-la-salute-e-il-benessere-mentaleq\/#primaryimage"},"thumbnailUrl":"https:\/\/archiviocassano.lavocedelpaese.info\/wp-content\/uploads\/2022\/11\/Locandina_Patto_Territoriale_page-0001_1.jpg","articleSection":["Attualit\u00e0"],"inLanguage":"it-IT","potentialAction":[{"@type":"CommentAction","name":"Comment","target":["https:\/\/archiviocassano.lavocedelpaese.info\/index.php\/2022\/11\/19\/qstare-bene-insieme-un-patto-territoriale-per-la-salute-e-il-benessere-mentaleq\/#respond"]}]},{"@type":"WebPage","@id":"https:\/\/archiviocassano.lavocedelpaese.info\/index.php\/2022\/11\/19\/qstare-bene-insieme-un-patto-territoriale-per-la-salute-e-il-benessere-mentaleq\/","url":"https:\/\/archiviocassano.lavocedelpaese.info\/index.php\/2022\/11\/19\/qstare-bene-insieme-un-patto-territoriale-per-la-salute-e-il-benessere-mentaleq\/","name":"\"Stare bene insieme\": patto per la Salute e il Benessere Mentale\" - Archivio CassanoWeb","isPartOf":{"@id":"https:\/\/archiviocassano.lavocedelpaese.info\/#website"},"primaryImageOfPage":{"@id":"https:\/\/archiviocassano.lavocedelpaese.info\/index.php\/2022\/11\/19\/qstare-bene-insieme-un-patto-territoriale-per-la-salute-e-il-benessere-mentaleq\/#primaryimage"},"image":{"@id":"https:\/\/archiviocassano.lavocedelpaese.info\/index.php\/2022\/11\/19\/qstare-bene-insieme-un-patto-territoriale-per-la-salute-e-il-benessere-mentaleq\/#primaryimage"},"thumbnailUrl":"https:\/\/archiviocassano.lavocedelpaese.info\/wp-content\/uploads\/2022\/11\/Locandina_Patto_Territoriale_page-0001_1.jpg","datePublished":"2022-11-19T07:19:53+00:00","breadcrumb":{"@id":"https:\/\/archiviocassano.lavocedelpaese.info\/index.php\/2022\/11\/19\/qstare-bene-insieme-un-patto-territoriale-per-la-salute-e-il-benessere-mentaleq\/#breadcrumb"},"inLanguage":"it-IT","potentialAction":[{"@type":"ReadAction","target":["https:\/\/archiviocassano.lavocedelpaese.info\/index.php\/2022\/11\/19\/qstare-bene-insieme-un-patto-territoriale-per-la-salute-e-il-benessere-mentaleq\/"]}]},{"@type":"ImageObject","inLanguage":"it-IT","@id":"https:\/\/archiviocassano.lavocedelpaese.info\/index.php\/2022\/11\/19\/qstare-bene-insieme-un-patto-territoriale-per-la-salute-e-il-benessere-mentaleq\/#primaryimage","url":"https:\/\/archiviocassano.lavocedelpaese.info\/wp-content\/uploads\/2022\/11\/Locandina_Patto_Territoriale_page-0001_1.jpg","contentUrl":"https:\/\/archiviocassano.lavocedelpaese.info\/wp-content\/uploads\/2022\/11\/Locandina_Patto_Territoriale_page-0001_1.jpg","width":1119,"height":460,"caption":"Locandina Patto Territoriale page-0001 1"},{"@type":"BreadcrumbList","@id":"https:\/\/archiviocassano.lavocedelpaese.info\/index.php\/2022\/11\/19\/qstare-bene-insieme-un-patto-territoriale-per-la-salute-e-il-benessere-mentaleq\/#breadcrumb","itemListElement":[{"@type":"ListItem","position":1,"name":"Home","item":"https:\/\/archiviocassano.lavocedelpaese.info\/"},{"@type":"ListItem","position":2,"name":"&#8220;Stare bene insieme&#8221;: patto per la Salute e il Benessere Mentale&#8221;"}]},{"@type":"WebSite","@id":"https:\/\/archiviocassano.lavocedelpaese.info\/#website","url":"https:\/\/archiviocassano.lavocedelpaese.info\/","name":"Archivio CassanoWeb","description":"La Voce del Paese - un network di idee","publisher":{"@id":"https:\/\/archiviocassano.lavocedelpaese.info\/#organization"},"potentialAction":[{"@type":"SearchAction","target":{"@type":"EntryPoint","urlTemplate":"https:\/\/archiviocassano.lavocedelpaese.info\/?s={search_term_string}"},"query-input":{"@type":"PropertyValueSpecification","valueRequired":true,"valueName":"search_term_string"}}],"inLanguage":"it-IT"},{"@type":"Organization","@id":"https:\/\/archiviocassano.lavocedelpaese.info\/#organization","name":"Archivio CassanoWeb","url":"https:\/\/archiviocassano.lavocedelpaese.info\/","logo":{"@type":"ImageObject","inLanguage":"it-IT","@id":"https:\/\/archiviocassano.lavocedelpaese.info\/#\/schema\/logo\/image\/","url":"https:\/\/archiviocassano.lavocedelpaese.info\/wp-content\/uploads\/2024\/08\/logo-rosso-2.png","contentUrl":"https:\/\/archiviocassano.lavocedelpaese.info\/wp-content\/uploads\/2024\/08\/logo-rosso-2.png","width":491,"height":432,"caption":"Archivio CassanoWeb"},"image":{"@id":"https:\/\/archiviocassano.lavocedelpaese.info\/#\/schema\/logo\/image\/"},"sameAs":["https:\/\/www.facebook.com\/redazione.cassanoweb"]},{"@type":"Person","@id":"https:\/\/archiviocassano.lavocedelpaese.info\/#\/schema\/person\/df195bc79a9b4c35127cf005f92e041b","name":"admin","image":{"@type":"ImageObject","inLanguage":"it-IT","@id":"https:\/\/secure.gravatar.com\/avatar\/eabba89a432e8eaa1b0207cc55f7e5340b22712b1ed80677efcf63e02ff5b235?s=96&d=mm&r=g","url":"https:\/\/secure.gravatar.com\/avatar\/eabba89a432e8eaa1b0207cc55f7e5340b22712b1ed80677efcf63e02ff5b235?s=96&d=mm&r=g","contentUrl":"https:\/\/secure.gravatar.com\/avatar\/eabba89a432e8eaa1b0207cc55f7e5340b22712b1ed80677efcf63e02ff5b235?s=96&d=mm&r=g","caption":"admin"},"sameAs":["https:\/\/archiviocassano.lavocedelpaese.info"],"url":"https:\/\/archiviocassano.lavocedelpaese.info\/index.php\/author\/admin_0qgz1xdp\/"}]}},"_links":{"self":[{"href":"https:\/\/archiviocassano.lavocedelpaese.info\/index.php\/wp-json\/wp\/v2\/posts\/20389","targetHints":{"allow":["GET"]}}],"collection":[{"href":"https:\/\/archiviocassano.lavocedelpaese.info\/index.php\/wp-json\/wp\/v2\/posts"}],"about":[{"href":"https:\/\/archiviocassano.lavocedelpaese.info\/index.php\/wp-json\/wp\/v2\/types\/post"}],"author":[{"embeddable":true,"href":"https:\/\/archiviocassano.lavocedelpaese.info\/index.php\/wp-json\/wp\/v2\/users\/1"}],"replies":[{"embeddable":true,"href":"https:\/\/archiviocassano.lavocedelpaese.info\/index.php\/wp-json\/wp\/v2\/comments?post=20389"}],"version-history":[{"count":0,"href":"https:\/\/archiviocassano.lavocedelpaese.info\/index.php\/wp-json\/wp\/v2\/posts\/20389\/revisions"}],"wp:featuredmedia":[{"embeddable":true,"href":"https:\/\/archiviocassano.lavocedelpaese.info\/index.php\/wp-json\/wp\/v2\/media\/20388"}],"wp:attachment":[{"href":"https:\/\/archiviocassano.lavocedelpaese.info\/index.php\/wp-json\/wp\/v2\/media?parent=20389"}],"wp:term":[{"taxonomy":"category","embeddable":true,"href":"https:\/\/archiviocassano.lavocedelpaese.info\/index.php\/wp-json\/wp\/v2\/categories?post=20389"},{"taxonomy":"post_tag","embeddable":true,"href":"https:\/\/archiviocassano.lavocedelpaese.info\/index.php\/wp-json\/wp\/v2\/tags?post=20389"}],"curies":[{"name":"wp","href":"https:\/\/api.w.org\/{rel}","templated":true}]}}