{"id":2062,"date":"2010-09-28T21:50:40","date_gmt":"2010-09-28T21:50:40","guid":{"rendered":"https:\/\/archiviocassano.lavocedelpaese.info\/index.php\/2010\/09\/28\/bilancio-povero-dice-antelmi-opposizioni-non-sapete-programmare\/"},"modified":"2010-09-28T21:50:40","modified_gmt":"2010-09-28T21:50:40","slug":"bilancio-povero-dice-antelmi-opposizioni-non-sapete-programmare","status":"publish","type":"post","link":"https:\/\/archiviocassano.lavocedelpaese.info\/index.php\/2010\/09\/28\/bilancio-povero-dice-antelmi-opposizioni-non-sapete-programmare\/","title":{"rendered":"LE OPPOSIZIONI AD ANTELMI: NON SAPETE PROGRAMMARE"},"content":{"rendered":"<p><img loading=\"lazy\" decoding=\"async\" alt=\"ciccio_antelmi\" src=\"images\/stories\/archiviofoto\/ciccio_antelmi.jpg\" width=\"320\" height=\"150\" \/> <\/p>\n<p><!--more--><\/p>\n<p style=\"text-align: justify;\"><em>\u201cUn Bilancio povero e ingessato, compresso dal 96% delle spese correnti: pi\u00f9 di cos\u00ec non potevamo fare anche per la situazione gravosa che abbiamo trovato\u201d.<\/em><\/p>\n<div style=\"text-align: justify;\"><\/div>\n<p style=\"text-align: justify;\">Esordisce cos\u00ec, al Consiglio Comunale di ieri sera durante il quale si \u00e8 discusso della \u201cRicognizione sullo stato di attuazione dei programmi e verifica degli equilibri di bilancio. Variazione al Bilancio di previsione 2010\u201d l\u2019Assessore al ramo, Franco Antelmi.<\/p>\n<div style=\"text-align: justify;\"><\/div>\n<p style=\"text-align: justify;\">Al 30 settembre ogni amministrazione deve fare il punto su come stanno i conti e il programma delle attivit\u00e0 e dunque il Consiglio ha ascoltato la relazione di Antelmi che ha parlato di una scelta prioritaria fatta da questa amministrazione: puntare alla manutenzione, a tutte quelle opere che si vedono poco ma incidono molto sulle casse comunali; ad esempio la manutenzione della strade che ci ha permesso di portare da 100 richieste risarcitorie dello scorso anno alle appena 32 (fino ad oggi).\u201d<\/p>\n<div style=\"text-align: justify;\"><\/div>\n<p style=\"text-align: justify;\">Antelmi ha quindi elencato gli interventi sulle scuole (manutenzione ordinaria, rifacimento di alcuni impianti e infissi, tinteggiatura), sul locale di piazza Galilei di prossima destinazione d\u2019uso; sui pali dell\u2019illuminazione, sul Polisportivo, \u201cpresso il quale non si agiva da anni ed invece noi l\u2019abbiamo fatto ed a costi inferiori\u201d. Interventi, poi, anche da punto di vista della prevenzione: l\u2019assessore ha espresso apprezzamento per l\u2019opera dei volontari della Protezione Civile e degli uomini della Forestale e della Polizia Municipale per la salvaguardia del territorio e la costanze opera di vigilanza. A questo proposito ha ringraziato il Comandante della Polizia Municipale, Tenente Rocco Petruzzellis \u201cche va a godersi la meritata pensione dopo anni di ottimo servizio\u201d.<\/p>\n<div style=\"text-align: justify;\"><\/div>\n<p style=\"text-align: justify;\">Fra i progetti di prossima realizzazione, uno imminente ovvero 700mila euro dalla Regione per le piste ciclabili e altri ancora in attesa di risposta: dal Canile Municipale a piazza Rossani all\u2019Isola Ecologica.<\/p>\n<div style=\"text-align: justify;\"><\/div>\n<p style=\"text-align: justify;\">La parola \u00e8 quindi passata agli assessori Angela Contursi (Servizi Sociali) e Pierpaola Sapienza (Turismo, Cultura, Giovent\u00f9, Sport) per alcuni rendiconti.<\/p>\n<div style=\"text-align: justify;\"><\/div>\n<p style=\"text-align: justify;\">Le due amministratrici hanno ricordato le principali attivit\u00e0 svolte nell\u2019anno quali l\u2019assistenza a nuclei familiari in difficolt\u00e0; l\u2019attenzione ai minori con doposcuola (in collaborazione con la Caritas), la colonia marina, i campiscuola; il preventivato acquisto di un nuovo scuolabus per cui la Regione ha erogato 30mila euro; l\u2019esperimento di utilizzare lavoratori con prestazioni accessorie per \u201crecuperare la capacit\u00e0 lavorativa\u201d degli stessi, oltrepassando il semplice assistenzialismo.<\/p>\n<div style=\"text-align: justify;\"><\/div>\n<p style=\"text-align: justify;\">Per la Sapienza, la collaborazione con i commercianti e le associazioni ha fatto s\u00ec di realizzare anche quest\u2019anno un valido Cartellone dell\u2019Estate Cassanese, \u201cmolto apprezzato da cittadini e forestieri\u201d; una serie di iniziative che riguarderanno le Officine Culturali; lo Sportello Turistico attivato e potenziato in collaborazione con la Pro Loco, anche aderendo al progetto Citt\u00e0 Aperte.<\/p>\n<div style=\"text-align: justify;\"><\/div>\n<p style=\"text-align: justify;\">\u201cUno sciorinamento di cose fatte\u2026ma non era questo il tema\u201d hanno invece affermato nei loro interventi prima Gentile e poi Santorsola \u201cvisto che avremmo dovuto parlare di verifica della programmazione svolta e dei relativi equilibri di Bilancio: siete andati fuori tema\u201d.<\/p>\n<div style=\"text-align: justify;\"><\/div>\n<p style=\"text-align: justify;\">Per Gentile \u201cnon avete risposto alle domande insite nell\u2019argomento: dov\u2019\u00e8 la realizzazione dei programmi? Dove c\u2019\u00e8 stato lo scostamento? Le vostre, invece, sembrano relazioni di fine mandato\u201d.<\/p>\n<div style=\"text-align: justify;\"><\/div>\n<p style=\"text-align: justify;\">\u201cUn errore clamoroso il vostro e in particolare dell\u2019Assessore Antelmi \u2013 ha rimarcato Teodoro Santorsola \u2013 poich\u00e9 avete spostato somme dalla parte corrente, del Bilancio, a quella degli investimenti. Ad esempio sul verde pubblico: diminuite le somme per la manutenzione ordinaria e le aumentate per quella straordinaria. Ci\u00f2 significa una scarsa capacit\u00e0 di programmazione e di controllo da parte di questa amministrazione\u201d.<\/p>\n<div style=\"text-align: justify;\"><\/div>\n<p style=\"text-align: justify;\">Anche il gruppo \u201cVivicassano-PD\u201d si \u00e8 in qualche modo associato alle criticit\u00e0 sollevate da \u201cNuova Ideadomani\u201d. Arganese ha sottolineato la incapacit\u00e0 di programmare da parte di questa compagine amministrativa. \u201cSe il Bilancio \u00e8 ingessato e povero \u2013 ha detto il capogruppo del Pd \u2013 \u00e8 perch\u00e9 non avete altre idee su come far arrivare risorse in questo Comune. Se parlate di politica, bene: dovete far politica perch\u00e9 si tramuti in azioni per il nostro comune, la nostra gente. C\u2019\u00e8, invece, poca attitudine alla pianificazione e alla programmazione: non si pu\u00f2 solo gestire l\u2019ordinario, occorre andare oltre\u201d.<\/p>\n<div style=\"text-align: justify;\"><\/div>\n<p style=\"text-align: justify;\">Senza risposta, invece, la domanda rivolta dalla consigliera Mimma Busto all\u2019Assessore Contursi su \u201cche cosa \u00e8 stato fatto, rispetto al Piano Sociale di Zona, in questo anno, visto che dalla sua relazione sembrerebbe che \u00e8 stato fatto tutto e invece cos\u00ec non \u00e8\u201d.<\/p>\n<div style=\"text-align: justify;\"><\/div>\n<p style=\"text-align: justify;\">L\u2019argomento \u00e8 stato quindi approvato a maggioranza.<\/p>\n","protected":false},"excerpt":{"rendered":"","protected":false},"author":1,"featured_media":0,"comment_status":"open","ping_status":"closed","sticky":false,"template":"","format":"standard","meta":{"colormag_page_container_layout":"default_layout","colormag_page_sidebar_layout":"default_layout","footnotes":""},"categories":[7],"tags":[],"class_list":["post-2062","post","type-post","status-publish","format-standard","hentry","category-attualita"],"yoast_head":"<!-- This site is optimized with the Yoast SEO plugin v27.5 - https:\/\/yoast.com\/product\/yoast-seo-wordpress\/ -->\n<title>LE OPPOSIZIONI AD ANTELMI: NON SAPETE PROGRAMMARE - Archivio CassanoWeb<\/title>\n<meta name=\"robots\" content=\"index, follow, max-snippet:-1, max-image-preview:large, max-video-preview:-1\" \/>\n<link rel=\"canonical\" href=\"https:\/\/archiviocassano.lavocedelpaese.info\/index.php\/2010\/09\/28\/bilancio-povero-dice-antelmi-opposizioni-non-sapete-programmare\/\" \/>\n<meta property=\"og:locale\" content=\"it_IT\" \/>\n<meta property=\"og:type\" content=\"article\" \/>\n<meta property=\"og:title\" content=\"LE OPPOSIZIONI AD ANTELMI: NON SAPETE PROGRAMMARE - Archivio CassanoWeb\" \/>\n<meta property=\"og:url\" content=\"https:\/\/archiviocassano.lavocedelpaese.info\/index.php\/2010\/09\/28\/bilancio-povero-dice-antelmi-opposizioni-non-sapete-programmare\/\" \/>\n<meta property=\"og:site_name\" content=\"Archivio CassanoWeb\" \/>\n<meta property=\"article:publisher\" content=\"https:\/\/www.facebook.com\/redazione.cassanoweb\" \/>\n<meta property=\"article:published_time\" content=\"2010-09-28T21:50:40+00:00\" \/>\n<meta name=\"author\" content=\"admin\" \/>\n<meta name=\"twitter:card\" content=\"summary_large_image\" \/>\n<meta name=\"twitter:label1\" content=\"Scritto da\" \/>\n\t<meta name=\"twitter:data1\" content=\"admin\" \/>\n\t<meta name=\"twitter:label2\" content=\"Tempo di lettura stimato\" \/>\n\t<meta name=\"twitter:data2\" content=\"4 minuti\" \/>\n<script type=\"application\/ld+json\" class=\"yoast-schema-graph\">{\"@context\":\"https:\\\/\\\/schema.org\",\"@graph\":[{\"@type\":\"Article\",\"@id\":\"https:\\\/\\\/archiviocassano.lavocedelpaese.info\\\/index.php\\\/2010\\\/09\\\/28\\\/bilancio-povero-dice-antelmi-opposizioni-non-sapete-programmare\\\/#article\",\"isPartOf\":{\"@id\":\"https:\\\/\\\/archiviocassano.lavocedelpaese.info\\\/index.php\\\/2010\\\/09\\\/28\\\/bilancio-povero-dice-antelmi-opposizioni-non-sapete-programmare\\\/\"},\"author\":{\"name\":\"admin\",\"@id\":\"https:\\\/\\\/archiviocassano.lavocedelpaese.info\\\/#\\\/schema\\\/person\\\/df195bc79a9b4c35127cf005f92e041b\"},\"headline\":\"LE OPPOSIZIONI AD ANTELMI: NON SAPETE PROGRAMMARE\",\"datePublished\":\"2010-09-28T21:50:40+00:00\",\"mainEntityOfPage\":{\"@id\":\"https:\\\/\\\/archiviocassano.lavocedelpaese.info\\\/index.php\\\/2010\\\/09\\\/28\\\/bilancio-povero-dice-antelmi-opposizioni-non-sapete-programmare\\\/\"},\"wordCount\":717,\"commentCount\":0,\"publisher\":{\"@id\":\"https:\\\/\\\/archiviocassano.lavocedelpaese.info\\\/#organization\"},\"articleSection\":[\"Attualit\u00e0\"],\"inLanguage\":\"it-IT\",\"potentialAction\":[{\"@type\":\"CommentAction\",\"name\":\"Comment\",\"target\":[\"https:\\\/\\\/archiviocassano.lavocedelpaese.info\\\/index.php\\\/2010\\\/09\\\/28\\\/bilancio-povero-dice-antelmi-opposizioni-non-sapete-programmare\\\/#respond\"]}]},{\"@type\":\"WebPage\",\"@id\":\"https:\\\/\\\/archiviocassano.lavocedelpaese.info\\\/index.php\\\/2010\\\/09\\\/28\\\/bilancio-povero-dice-antelmi-opposizioni-non-sapete-programmare\\\/\",\"url\":\"https:\\\/\\\/archiviocassano.lavocedelpaese.info\\\/index.php\\\/2010\\\/09\\\/28\\\/bilancio-povero-dice-antelmi-opposizioni-non-sapete-programmare\\\/\",\"name\":\"LE OPPOSIZIONI AD ANTELMI: NON SAPETE PROGRAMMARE - Archivio CassanoWeb\",\"isPartOf\":{\"@id\":\"https:\\\/\\\/archiviocassano.lavocedelpaese.info\\\/#website\"},\"datePublished\":\"2010-09-28T21:50:40+00:00\",\"breadcrumb\":{\"@id\":\"https:\\\/\\\/archiviocassano.lavocedelpaese.info\\\/index.php\\\/2010\\\/09\\\/28\\\/bilancio-povero-dice-antelmi-opposizioni-non-sapete-programmare\\\/#breadcrumb\"},\"inLanguage\":\"it-IT\",\"potentialAction\":[{\"@type\":\"ReadAction\",\"target\":[\"https:\\\/\\\/archiviocassano.lavocedelpaese.info\\\/index.php\\\/2010\\\/09\\\/28\\\/bilancio-povero-dice-antelmi-opposizioni-non-sapete-programmare\\\/\"]}]},{\"@type\":\"BreadcrumbList\",\"@id\":\"https:\\\/\\\/archiviocassano.lavocedelpaese.info\\\/index.php\\\/2010\\\/09\\\/28\\\/bilancio-povero-dice-antelmi-opposizioni-non-sapete-programmare\\\/#breadcrumb\",\"itemListElement\":[{\"@type\":\"ListItem\",\"position\":1,\"name\":\"Home\",\"item\":\"https:\\\/\\\/archiviocassano.lavocedelpaese.info\\\/\"},{\"@type\":\"ListItem\",\"position\":2,\"name\":\"LE OPPOSIZIONI AD ANTELMI: NON SAPETE PROGRAMMARE\"}]},{\"@type\":\"WebSite\",\"@id\":\"https:\\\/\\\/archiviocassano.lavocedelpaese.info\\\/#website\",\"url\":\"https:\\\/\\\/archiviocassano.lavocedelpaese.info\\\/\",\"name\":\"Archivio CassanoWeb\",\"description\":\"La Voce del Paese - un network di idee\",\"publisher\":{\"@id\":\"https:\\\/\\\/archiviocassano.lavocedelpaese.info\\\/#organization\"},\"potentialAction\":[{\"@type\":\"SearchAction\",\"target\":{\"@type\":\"EntryPoint\",\"urlTemplate\":\"https:\\\/\\\/archiviocassano.lavocedelpaese.info\\\/?s={search_term_string}\"},\"query-input\":{\"@type\":\"PropertyValueSpecification\",\"valueRequired\":true,\"valueName\":\"search_term_string\"}}],\"inLanguage\":\"it-IT\"},{\"@type\":\"Organization\",\"@id\":\"https:\\\/\\\/archiviocassano.lavocedelpaese.info\\\/#organization\",\"name\":\"Archivio CassanoWeb\",\"url\":\"https:\\\/\\\/archiviocassano.lavocedelpaese.info\\\/\",\"logo\":{\"@type\":\"ImageObject\",\"inLanguage\":\"it-IT\",\"@id\":\"https:\\\/\\\/archiviocassano.lavocedelpaese.info\\\/#\\\/schema\\\/logo\\\/image\\\/\",\"url\":\"https:\\\/\\\/archiviocassano.lavocedelpaese.info\\\/wp-content\\\/uploads\\\/2024\\\/08\\\/logo-rosso-2.png\",\"contentUrl\":\"https:\\\/\\\/archiviocassano.lavocedelpaese.info\\\/wp-content\\\/uploads\\\/2024\\\/08\\\/logo-rosso-2.png\",\"width\":491,\"height\":432,\"caption\":\"Archivio CassanoWeb\"},\"image\":{\"@id\":\"https:\\\/\\\/archiviocassano.lavocedelpaese.info\\\/#\\\/schema\\\/logo\\\/image\\\/\"},\"sameAs\":[\"https:\\\/\\\/www.facebook.com\\\/redazione.cassanoweb\"]},{\"@type\":\"Person\",\"@id\":\"https:\\\/\\\/archiviocassano.lavocedelpaese.info\\\/#\\\/schema\\\/person\\\/df195bc79a9b4c35127cf005f92e041b\",\"name\":\"admin\",\"image\":{\"@type\":\"ImageObject\",\"inLanguage\":\"it-IT\",\"@id\":\"https:\\\/\\\/secure.gravatar.com\\\/avatar\\\/eabba89a432e8eaa1b0207cc55f7e5340b22712b1ed80677efcf63e02ff5b235?s=96&d=mm&r=g\",\"url\":\"https:\\\/\\\/secure.gravatar.com\\\/avatar\\\/eabba89a432e8eaa1b0207cc55f7e5340b22712b1ed80677efcf63e02ff5b235?s=96&d=mm&r=g\",\"contentUrl\":\"https:\\\/\\\/secure.gravatar.com\\\/avatar\\\/eabba89a432e8eaa1b0207cc55f7e5340b22712b1ed80677efcf63e02ff5b235?s=96&d=mm&r=g\",\"caption\":\"admin\"},\"sameAs\":[\"https:\\\/\\\/archiviocassano.lavocedelpaese.info\"],\"url\":\"https:\\\/\\\/archiviocassano.lavocedelpaese.info\\\/index.php\\\/author\\\/admin_0qgz1xdp\\\/\"}]}<\/script>\n<!-- \/ Yoast SEO plugin. -->","yoast_head_json":{"title":"LE OPPOSIZIONI AD ANTELMI: NON SAPETE PROGRAMMARE - Archivio CassanoWeb","robots":{"index":"index","follow":"follow","max-snippet":"max-snippet:-1","max-image-preview":"max-image-preview:large","max-video-preview":"max-video-preview:-1"},"canonical":"https:\/\/archiviocassano.lavocedelpaese.info\/index.php\/2010\/09\/28\/bilancio-povero-dice-antelmi-opposizioni-non-sapete-programmare\/","og_locale":"it_IT","og_type":"article","og_title":"LE OPPOSIZIONI AD ANTELMI: NON SAPETE PROGRAMMARE - Archivio CassanoWeb","og_url":"https:\/\/archiviocassano.lavocedelpaese.info\/index.php\/2010\/09\/28\/bilancio-povero-dice-antelmi-opposizioni-non-sapete-programmare\/","og_site_name":"Archivio CassanoWeb","article_publisher":"https:\/\/www.facebook.com\/redazione.cassanoweb","article_published_time":"2010-09-28T21:50:40+00:00","author":"admin","twitter_card":"summary_large_image","twitter_misc":{"Scritto da":"admin","Tempo di lettura stimato":"4 minuti"},"schema":{"@context":"https:\/\/schema.org","@graph":[{"@type":"Article","@id":"https:\/\/archiviocassano.lavocedelpaese.info\/index.php\/2010\/09\/28\/bilancio-povero-dice-antelmi-opposizioni-non-sapete-programmare\/#article","isPartOf":{"@id":"https:\/\/archiviocassano.lavocedelpaese.info\/index.php\/2010\/09\/28\/bilancio-povero-dice-antelmi-opposizioni-non-sapete-programmare\/"},"author":{"name":"admin","@id":"https:\/\/archiviocassano.lavocedelpaese.info\/#\/schema\/person\/df195bc79a9b4c35127cf005f92e041b"},"headline":"LE OPPOSIZIONI AD ANTELMI: NON SAPETE PROGRAMMARE","datePublished":"2010-09-28T21:50:40+00:00","mainEntityOfPage":{"@id":"https:\/\/archiviocassano.lavocedelpaese.info\/index.php\/2010\/09\/28\/bilancio-povero-dice-antelmi-opposizioni-non-sapete-programmare\/"},"wordCount":717,"commentCount":0,"publisher":{"@id":"https:\/\/archiviocassano.lavocedelpaese.info\/#organization"},"articleSection":["Attualit\u00e0"],"inLanguage":"it-IT","potentialAction":[{"@type":"CommentAction","name":"Comment","target":["https:\/\/archiviocassano.lavocedelpaese.info\/index.php\/2010\/09\/28\/bilancio-povero-dice-antelmi-opposizioni-non-sapete-programmare\/#respond"]}]},{"@type":"WebPage","@id":"https:\/\/archiviocassano.lavocedelpaese.info\/index.php\/2010\/09\/28\/bilancio-povero-dice-antelmi-opposizioni-non-sapete-programmare\/","url":"https:\/\/archiviocassano.lavocedelpaese.info\/index.php\/2010\/09\/28\/bilancio-povero-dice-antelmi-opposizioni-non-sapete-programmare\/","name":"LE OPPOSIZIONI AD ANTELMI: NON SAPETE PROGRAMMARE - Archivio CassanoWeb","isPartOf":{"@id":"https:\/\/archiviocassano.lavocedelpaese.info\/#website"},"datePublished":"2010-09-28T21:50:40+00:00","breadcrumb":{"@id":"https:\/\/archiviocassano.lavocedelpaese.info\/index.php\/2010\/09\/28\/bilancio-povero-dice-antelmi-opposizioni-non-sapete-programmare\/#breadcrumb"},"inLanguage":"it-IT","potentialAction":[{"@type":"ReadAction","target":["https:\/\/archiviocassano.lavocedelpaese.info\/index.php\/2010\/09\/28\/bilancio-povero-dice-antelmi-opposizioni-non-sapete-programmare\/"]}]},{"@type":"BreadcrumbList","@id":"https:\/\/archiviocassano.lavocedelpaese.info\/index.php\/2010\/09\/28\/bilancio-povero-dice-antelmi-opposizioni-non-sapete-programmare\/#breadcrumb","itemListElement":[{"@type":"ListItem","position":1,"name":"Home","item":"https:\/\/archiviocassano.lavocedelpaese.info\/"},{"@type":"ListItem","position":2,"name":"LE OPPOSIZIONI AD ANTELMI: NON SAPETE PROGRAMMARE"}]},{"@type":"WebSite","@id":"https:\/\/archiviocassano.lavocedelpaese.info\/#website","url":"https:\/\/archiviocassano.lavocedelpaese.info\/","name":"Archivio CassanoWeb","description":"La Voce del Paese - un network di idee","publisher":{"@id":"https:\/\/archiviocassano.lavocedelpaese.info\/#organization"},"potentialAction":[{"@type":"SearchAction","target":{"@type":"EntryPoint","urlTemplate":"https:\/\/archiviocassano.lavocedelpaese.info\/?s={search_term_string}"},"query-input":{"@type":"PropertyValueSpecification","valueRequired":true,"valueName":"search_term_string"}}],"inLanguage":"it-IT"},{"@type":"Organization","@id":"https:\/\/archiviocassano.lavocedelpaese.info\/#organization","name":"Archivio CassanoWeb","url":"https:\/\/archiviocassano.lavocedelpaese.info\/","logo":{"@type":"ImageObject","inLanguage":"it-IT","@id":"https:\/\/archiviocassano.lavocedelpaese.info\/#\/schema\/logo\/image\/","url":"https:\/\/archiviocassano.lavocedelpaese.info\/wp-content\/uploads\/2024\/08\/logo-rosso-2.png","contentUrl":"https:\/\/archiviocassano.lavocedelpaese.info\/wp-content\/uploads\/2024\/08\/logo-rosso-2.png","width":491,"height":432,"caption":"Archivio CassanoWeb"},"image":{"@id":"https:\/\/archiviocassano.lavocedelpaese.info\/#\/schema\/logo\/image\/"},"sameAs":["https:\/\/www.facebook.com\/redazione.cassanoweb"]},{"@type":"Person","@id":"https:\/\/archiviocassano.lavocedelpaese.info\/#\/schema\/person\/df195bc79a9b4c35127cf005f92e041b","name":"admin","image":{"@type":"ImageObject","inLanguage":"it-IT","@id":"https:\/\/secure.gravatar.com\/avatar\/eabba89a432e8eaa1b0207cc55f7e5340b22712b1ed80677efcf63e02ff5b235?s=96&d=mm&r=g","url":"https:\/\/secure.gravatar.com\/avatar\/eabba89a432e8eaa1b0207cc55f7e5340b22712b1ed80677efcf63e02ff5b235?s=96&d=mm&r=g","contentUrl":"https:\/\/secure.gravatar.com\/avatar\/eabba89a432e8eaa1b0207cc55f7e5340b22712b1ed80677efcf63e02ff5b235?s=96&d=mm&r=g","caption":"admin"},"sameAs":["https:\/\/archiviocassano.lavocedelpaese.info"],"url":"https:\/\/archiviocassano.lavocedelpaese.info\/index.php\/author\/admin_0qgz1xdp\/"}]}},"_links":{"self":[{"href":"https:\/\/archiviocassano.lavocedelpaese.info\/index.php\/wp-json\/wp\/v2\/posts\/2062","targetHints":{"allow":["GET"]}}],"collection":[{"href":"https:\/\/archiviocassano.lavocedelpaese.info\/index.php\/wp-json\/wp\/v2\/posts"}],"about":[{"href":"https:\/\/archiviocassano.lavocedelpaese.info\/index.php\/wp-json\/wp\/v2\/types\/post"}],"author":[{"embeddable":true,"href":"https:\/\/archiviocassano.lavocedelpaese.info\/index.php\/wp-json\/wp\/v2\/users\/1"}],"replies":[{"embeddable":true,"href":"https:\/\/archiviocassano.lavocedelpaese.info\/index.php\/wp-json\/wp\/v2\/comments?post=2062"}],"version-history":[{"count":0,"href":"https:\/\/archiviocassano.lavocedelpaese.info\/index.php\/wp-json\/wp\/v2\/posts\/2062\/revisions"}],"wp:attachment":[{"href":"https:\/\/archiviocassano.lavocedelpaese.info\/index.php\/wp-json\/wp\/v2\/media?parent=2062"}],"wp:term":[{"taxonomy":"category","embeddable":true,"href":"https:\/\/archiviocassano.lavocedelpaese.info\/index.php\/wp-json\/wp\/v2\/categories?post=2062"},{"taxonomy":"post_tag","embeddable":true,"href":"https:\/\/archiviocassano.lavocedelpaese.info\/index.php\/wp-json\/wp\/v2\/tags?post=2062"}],"curies":[{"name":"wp","href":"https:\/\/api.w.org\/{rel}","templated":true}]}}