{"id":2244,"date":"2010-10-29T08:14:00","date_gmt":"2010-10-29T08:14:00","guid":{"rendered":"https:\/\/archiviocassano.lavocedelpaese.info\/index.php\/2010\/10\/29\/garantiro-ordine-e-sicurezza-vi-spiego-come-intervista-al-nuovo-comandante-della-polizia-locale-luigi-de-benedictis\/"},"modified":"2010-10-29T08:14:00","modified_gmt":"2010-10-29T08:14:00","slug":"garantiro-ordine-e-sicurezza-vi-spiego-come-intervista-al-nuovo-comandante-della-polizia-locale-luigi-de-benedictis","status":"publish","type":"post","link":"https:\/\/archiviocassano.lavocedelpaese.info\/index.php\/2010\/10\/29\/garantiro-ordine-e-sicurezza-vi-spiego-come-intervista-al-nuovo-comandante-della-polizia-locale-luigi-de-benedictis\/","title":{"rendered":"\u201cGARANTIRO\u2019 ORDINE E SICUREZZA\u201d DICE DE BENEDICTIS"},"content":{"rendered":"<p><img loading=\"lazy\" decoding=\"async\" class=\" size-full wp-image-2243\" alt=\"comandante_polizia\" src=\"https:\/\/archiviocassano.lavocedelpaese.info\/wp-content\/uploads\/2010\/10\/comandante_polizia.jpg\" width=\"320\" height=\"150\" srcset=\"https:\/\/archiviocassano.lavocedelpaese.info\/wp-content\/uploads\/2010\/10\/comandante_polizia.jpg 640w, https:\/\/archiviocassano.lavocedelpaese.info\/wp-content\/uploads\/2010\/10\/comandante_polizia-300x141.jpg 300w\" sizes=\"auto, (max-width: 320px) 100vw, 320px\" \/> <\/p>\n<p><!--more--><\/p>\n<p style=\"text-align: justify;\">E\u2019 da pochi giorni al Comando della Polizia Municipale di Cassano, il Maggiore Luigi De Benedictis e in questa intervista a CassanoWeb spiega la sua visione del ruolo della Polizia locale, le strategie che metter\u00e0 in campo, la situazione che ha trovato in paese.<\/p>\n<div style=\"text-align: justify;\"><\/div>\n<p style=\"text-align: justify;\"><em>Lei abita a Cassano da una decina di anni pur lavorando a Bari. Da Comandante, qual \u00e8 la prima impressione che ha avuto del paese, dei suoi collaboratori?<\/em><\/p>\n<div style=\"text-align: justify;\"><\/div>\n<p style=\"text-align: justify;\">Ho conosciuto e vedo cittadini collaborativi, persone che hanno grande desiderio di vivere con tranquillit\u00e0 e noi siamo qui per dare a tutti un aiuto concreto. Ha destato, ad esempio, grande impressione il fatto che una altissima percentuale di motociclisti, ben oltre il 90%, indossa il casco; un fatto positivo, che non sempre altrove accade, che fa ben sperare per il lavoro da compiere. Riguardo ai miei collaboratori ha trovato persone motivate, disponibili, preparate e con diverse specializzazioni che sono utilissime per tutto quello di cui la Polizia Municipale \u00e8 chiamata ad occuparsi.<\/p>\n<div style=\"text-align: justify;\"><\/div>\n<p style=\"text-align: justify;\"><em>Quali sono stati i primi provvedimenti presi?<\/em><\/p>\n<div style=\"text-align: justify;\"><\/div>\n<p style=\"text-align: justify;\">Innanzitutto ho fatto alcuni sopralluoghi presso il Cimitero Comunale con i responsabili dell\u2019Ufficio Tecnico, settore manutenzione, in prossimit\u00e0 dell\u20191 e 2 novembre, dove ci sar\u00e0 grande afflusso di cittadini, anche da fuori paese. Ho fatto poi un sopralluogo presso il Mercato Settimanale dove vi sono alcune situazioni, non molte per la verit\u00e0, da rivedere in particolare sugli spazi lasciati liberi per i pedoni. Poi mi sono dedicato a verificare quanto e cosa occorre fare per migliorare la situazione di sicurezza e la sua percezione.<\/p>\n<div style=\"text-align: justify;\"><\/div>\n<p style=\"text-align: justify;\"><em>Pu\u00f2 anticiparci qualche novit\u00e0?<\/em><\/p>\n<div style=\"text-align: justify;\"><\/div>\n<p style=\"text-align: justify;\">Occorre innanzitutto individuare un Deposito a disposizione della Polizia\u00a0 per sistemarvi tutto ci\u00f2 che potr\u00e0 essere oggetto di sequestro giudiziario ovvero merce, motocicli, ecc. Al momento non c\u2018\u00e8 ma a breve sar\u00e0 individuato e utilizzato. C\u2019\u00e8 sicuramente la segnatici stradale da rivedere e sistemare; occorre, poi, intensificare il rapporto interforze con Carabinieri e Istituti privati di Vigilanza che gi\u00e0 oggi esiste e da buoni risultati.<\/p>\n<div style=\"text-align: justify;\"><\/div>\n<p style=\"text-align: justify;\"><em>Ma su che cosa vedremo lo \u201cstile De Benedictis\u201d? Cio\u00e8, cos\u2019\u00e8 che caratterizzer\u00e0 il suo Comando?<\/em><\/p>\n<div style=\"text-align: justify;\"><\/div>\n<p style=\"text-align: justify;\">Allora, le dico subito: occorre ripristinare il senso di responsabilit\u00e0 dei cittadini e dall\u2019altra parte, essi dovranno avere non solo la percezione di essere sicuri ma anche la responsabilit\u00e0 di esserlo. A questo proposito ho gi\u00e0 in mente alcune idee che necessitano di risorse, uomini e mezzi ma anche di organizzazione; ne dovr\u00f2 discutere con l\u2019Amministrazione Comunale ma sono del tutto fattibili.<\/p>\n<div style=\"text-align: justify;\"><\/div>\n<p style=\"text-align: justify;\"><em>Ovvero?<\/em><\/p>\n<div style=\"text-align: justify;\"><\/div>\n<p style=\"text-align: justify;\">Innanzitutto servizi in borghese, non in divisa. E\u2019 impensabile che si possa stanare e multare chi lascia sul marciapiede le defezioni dei cani, in divisa o negli orari d\u2019ufficio; stessa cosa per il conferimento dei rifiuti fuori dall\u2019orario consentito: se vogliamo far rispettare le regole dobbiamo agire in modo intelligente. Ovvero pattuglie in borghese e auto civetta, non riconoscibili da scritte e lampeggianti. Si pensi, ad esempio, a chi scarica gli scarti edili nei cassonetti e lo fa di prima mattina, quando ancora \u2013 secondo questi orari \u2013 non siamo ancora in servizio\u2026non riusciremo mai a sorprenderli.<\/p>\n<div style=\"text-align: justify;\"><\/div>\n<div style=\"text-align: justify;\"><\/div>\n<p style=\"text-align: justify;\">Poi il servizio notturno: dalle 22.00 alle 6.00 \u00e8 possibile realizzare servizi di controllo del territorio, secondo una organizzazione che ci daremo anche seguendo il coordinamento interforze cui accennavo prima. Occorre prevenire ma anche punire tutti quegli episodi di vandalismo contro la propriet\u00e0 privata e l\u2019arredo urbano e per questo sar\u00e0 rivisto il sistema di videosorveglianza sistemato in piazza Garibaldi.<\/p>\n<div style=\"text-align: justify;\"><\/div>\n<p style=\"text-align: justify;\"><em>Con quali risorse far\u00e0 tutto ci\u00f2 visto che il personale \u00e8 gi\u00e0 superimpegnato?<\/em><\/p>\n<div style=\"text-align: justify;\"><\/div>\n<p style=\"text-align: justify;\">Innanzitutto un\u2019altra unit\u00e0 dovrebbe arrivare a breve in Ufficio e poi con una buona organizzazione del servizio.<\/p>\n","protected":false},"excerpt":{"rendered":"","protected":false},"author":1,"featured_media":2243,"comment_status":"open","ping_status":"closed","sticky":false,"template":"","format":"standard","meta":{"colormag_page_container_layout":"default_layout","colormag_page_sidebar_layout":"default_layout","footnotes":""},"categories":[7],"tags":[],"class_list":["post-2244","post","type-post","status-publish","format-standard","has-post-thumbnail","hentry","category-attualita"],"yoast_head":"<!-- This site is optimized with the Yoast SEO plugin v27.5 - https:\/\/yoast.com\/product\/yoast-seo-wordpress\/ -->\n<title>\u201cGARANTIRO\u2019 ORDINE E SICUREZZA\u201d DICE DE BENEDICTIS - Archivio CassanoWeb<\/title>\n<meta name=\"robots\" content=\"index, follow, max-snippet:-1, max-image-preview:large, max-video-preview:-1\" \/>\n<link rel=\"canonical\" href=\"https:\/\/archiviocassano.lavocedelpaese.info\/index.php\/2010\/10\/29\/garantiro-ordine-e-sicurezza-vi-spiego-come-intervista-al-nuovo-comandante-della-polizia-locale-luigi-de-benedictis\/\" \/>\n<meta property=\"og:locale\" content=\"it_IT\" \/>\n<meta property=\"og:type\" content=\"article\" \/>\n<meta property=\"og:title\" content=\"\u201cGARANTIRO\u2019 ORDINE E SICUREZZA\u201d DICE DE BENEDICTIS - Archivio CassanoWeb\" \/>\n<meta property=\"og:url\" content=\"https:\/\/archiviocassano.lavocedelpaese.info\/index.php\/2010\/10\/29\/garantiro-ordine-e-sicurezza-vi-spiego-come-intervista-al-nuovo-comandante-della-polizia-locale-luigi-de-benedictis\/\" \/>\n<meta property=\"og:site_name\" content=\"Archivio CassanoWeb\" \/>\n<meta property=\"article:publisher\" content=\"https:\/\/www.facebook.com\/redazione.cassanoweb\" \/>\n<meta property=\"article:published_time\" content=\"2010-10-29T08:14:00+00:00\" \/>\n<meta property=\"og:image\" content=\"https:\/\/archiviocassano.lavocedelpaese.info\/wp-content\/uploads\/2010\/10\/comandante_polizia.jpg\" \/>\n\t<meta property=\"og:image:width\" content=\"640\" \/>\n\t<meta property=\"og:image:height\" content=\"300\" \/>\n\t<meta property=\"og:image:type\" content=\"image\/jpeg\" \/>\n<meta name=\"author\" content=\"admin\" \/>\n<meta name=\"twitter:card\" content=\"summary_large_image\" \/>\n<meta name=\"twitter:label1\" content=\"Scritto da\" \/>\n\t<meta name=\"twitter:data1\" content=\"admin\" \/>\n\t<meta name=\"twitter:label2\" content=\"Tempo di lettura stimato\" \/>\n\t<meta name=\"twitter:data2\" content=\"3 minuti\" \/>\n<script type=\"application\/ld+json\" class=\"yoast-schema-graph\">{\"@context\":\"https:\\\/\\\/schema.org\",\"@graph\":[{\"@type\":\"Article\",\"@id\":\"https:\\\/\\\/archiviocassano.lavocedelpaese.info\\\/index.php\\\/2010\\\/10\\\/29\\\/garantiro-ordine-e-sicurezza-vi-spiego-come-intervista-al-nuovo-comandante-della-polizia-locale-luigi-de-benedictis\\\/#article\",\"isPartOf\":{\"@id\":\"https:\\\/\\\/archiviocassano.lavocedelpaese.info\\\/index.php\\\/2010\\\/10\\\/29\\\/garantiro-ordine-e-sicurezza-vi-spiego-come-intervista-al-nuovo-comandante-della-polizia-locale-luigi-de-benedictis\\\/\"},\"author\":{\"name\":\"admin\",\"@id\":\"https:\\\/\\\/archiviocassano.lavocedelpaese.info\\\/#\\\/schema\\\/person\\\/df195bc79a9b4c35127cf005f92e041b\"},\"headline\":\"\u201cGARANTIRO\u2019 ORDINE E SICUREZZA\u201d DICE DE BENEDICTIS\",\"datePublished\":\"2010-10-29T08:14:00+00:00\",\"mainEntityOfPage\":{\"@id\":\"https:\\\/\\\/archiviocassano.lavocedelpaese.info\\\/index.php\\\/2010\\\/10\\\/29\\\/garantiro-ordine-e-sicurezza-vi-spiego-come-intervista-al-nuovo-comandante-della-polizia-locale-luigi-de-benedictis\\\/\"},\"wordCount\":596,\"commentCount\":0,\"publisher\":{\"@id\":\"https:\\\/\\\/archiviocassano.lavocedelpaese.info\\\/#organization\"},\"image\":{\"@id\":\"https:\\\/\\\/archiviocassano.lavocedelpaese.info\\\/index.php\\\/2010\\\/10\\\/29\\\/garantiro-ordine-e-sicurezza-vi-spiego-come-intervista-al-nuovo-comandante-della-polizia-locale-luigi-de-benedictis\\\/#primaryimage\"},\"thumbnailUrl\":\"https:\\\/\\\/archiviocassano.lavocedelpaese.info\\\/wp-content\\\/uploads\\\/2010\\\/10\\\/comandante_polizia.jpg\",\"articleSection\":[\"Attualit\u00e0\"],\"inLanguage\":\"it-IT\",\"potentialAction\":[{\"@type\":\"CommentAction\",\"name\":\"Comment\",\"target\":[\"https:\\\/\\\/archiviocassano.lavocedelpaese.info\\\/index.php\\\/2010\\\/10\\\/29\\\/garantiro-ordine-e-sicurezza-vi-spiego-come-intervista-al-nuovo-comandante-della-polizia-locale-luigi-de-benedictis\\\/#respond\"]}]},{\"@type\":\"WebPage\",\"@id\":\"https:\\\/\\\/archiviocassano.lavocedelpaese.info\\\/index.php\\\/2010\\\/10\\\/29\\\/garantiro-ordine-e-sicurezza-vi-spiego-come-intervista-al-nuovo-comandante-della-polizia-locale-luigi-de-benedictis\\\/\",\"url\":\"https:\\\/\\\/archiviocassano.lavocedelpaese.info\\\/index.php\\\/2010\\\/10\\\/29\\\/garantiro-ordine-e-sicurezza-vi-spiego-come-intervista-al-nuovo-comandante-della-polizia-locale-luigi-de-benedictis\\\/\",\"name\":\"\u201cGARANTIRO\u2019 ORDINE E SICUREZZA\u201d DICE DE BENEDICTIS - Archivio CassanoWeb\",\"isPartOf\":{\"@id\":\"https:\\\/\\\/archiviocassano.lavocedelpaese.info\\\/#website\"},\"primaryImageOfPage\":{\"@id\":\"https:\\\/\\\/archiviocassano.lavocedelpaese.info\\\/index.php\\\/2010\\\/10\\\/29\\\/garantiro-ordine-e-sicurezza-vi-spiego-come-intervista-al-nuovo-comandante-della-polizia-locale-luigi-de-benedictis\\\/#primaryimage\"},\"image\":{\"@id\":\"https:\\\/\\\/archiviocassano.lavocedelpaese.info\\\/index.php\\\/2010\\\/10\\\/29\\\/garantiro-ordine-e-sicurezza-vi-spiego-come-intervista-al-nuovo-comandante-della-polizia-locale-luigi-de-benedictis\\\/#primaryimage\"},\"thumbnailUrl\":\"https:\\\/\\\/archiviocassano.lavocedelpaese.info\\\/wp-content\\\/uploads\\\/2010\\\/10\\\/comandante_polizia.jpg\",\"datePublished\":\"2010-10-29T08:14:00+00:00\",\"breadcrumb\":{\"@id\":\"https:\\\/\\\/archiviocassano.lavocedelpaese.info\\\/index.php\\\/2010\\\/10\\\/29\\\/garantiro-ordine-e-sicurezza-vi-spiego-come-intervista-al-nuovo-comandante-della-polizia-locale-luigi-de-benedictis\\\/#breadcrumb\"},\"inLanguage\":\"it-IT\",\"potentialAction\":[{\"@type\":\"ReadAction\",\"target\":[\"https:\\\/\\\/archiviocassano.lavocedelpaese.info\\\/index.php\\\/2010\\\/10\\\/29\\\/garantiro-ordine-e-sicurezza-vi-spiego-come-intervista-al-nuovo-comandante-della-polizia-locale-luigi-de-benedictis\\\/\"]}]},{\"@type\":\"ImageObject\",\"inLanguage\":\"it-IT\",\"@id\":\"https:\\\/\\\/archiviocassano.lavocedelpaese.info\\\/index.php\\\/2010\\\/10\\\/29\\\/garantiro-ordine-e-sicurezza-vi-spiego-come-intervista-al-nuovo-comandante-della-polizia-locale-luigi-de-benedictis\\\/#primaryimage\",\"url\":\"https:\\\/\\\/archiviocassano.lavocedelpaese.info\\\/wp-content\\\/uploads\\\/2010\\\/10\\\/comandante_polizia.jpg\",\"contentUrl\":\"https:\\\/\\\/archiviocassano.lavocedelpaese.info\\\/wp-content\\\/uploads\\\/2010\\\/10\\\/comandante_polizia.jpg\",\"width\":640,\"height\":300,\"caption\":\"comandante_polizia\"},{\"@type\":\"BreadcrumbList\",\"@id\":\"https:\\\/\\\/archiviocassano.lavocedelpaese.info\\\/index.php\\\/2010\\\/10\\\/29\\\/garantiro-ordine-e-sicurezza-vi-spiego-come-intervista-al-nuovo-comandante-della-polizia-locale-luigi-de-benedictis\\\/#breadcrumb\",\"itemListElement\":[{\"@type\":\"ListItem\",\"position\":1,\"name\":\"Home\",\"item\":\"https:\\\/\\\/archiviocassano.lavocedelpaese.info\\\/\"},{\"@type\":\"ListItem\",\"position\":2,\"name\":\"\u201cGARANTIRO\u2019 ORDINE E SICUREZZA\u201d DICE DE BENEDICTIS\"}]},{\"@type\":\"WebSite\",\"@id\":\"https:\\\/\\\/archiviocassano.lavocedelpaese.info\\\/#website\",\"url\":\"https:\\\/\\\/archiviocassano.lavocedelpaese.info\\\/\",\"name\":\"Archivio CassanoWeb\",\"description\":\"La Voce del Paese - un network di idee\",\"publisher\":{\"@id\":\"https:\\\/\\\/archiviocassano.lavocedelpaese.info\\\/#organization\"},\"potentialAction\":[{\"@type\":\"SearchAction\",\"target\":{\"@type\":\"EntryPoint\",\"urlTemplate\":\"https:\\\/\\\/archiviocassano.lavocedelpaese.info\\\/?s={search_term_string}\"},\"query-input\":{\"@type\":\"PropertyValueSpecification\",\"valueRequired\":true,\"valueName\":\"search_term_string\"}}],\"inLanguage\":\"it-IT\"},{\"@type\":\"Organization\",\"@id\":\"https:\\\/\\\/archiviocassano.lavocedelpaese.info\\\/#organization\",\"name\":\"Archivio CassanoWeb\",\"url\":\"https:\\\/\\\/archiviocassano.lavocedelpaese.info\\\/\",\"logo\":{\"@type\":\"ImageObject\",\"inLanguage\":\"it-IT\",\"@id\":\"https:\\\/\\\/archiviocassano.lavocedelpaese.info\\\/#\\\/schema\\\/logo\\\/image\\\/\",\"url\":\"https:\\\/\\\/archiviocassano.lavocedelpaese.info\\\/wp-content\\\/uploads\\\/2024\\\/08\\\/logo-rosso-2.png\",\"contentUrl\":\"https:\\\/\\\/archiviocassano.lavocedelpaese.info\\\/wp-content\\\/uploads\\\/2024\\\/08\\\/logo-rosso-2.png\",\"width\":491,\"height\":432,\"caption\":\"Archivio CassanoWeb\"},\"image\":{\"@id\":\"https:\\\/\\\/archiviocassano.lavocedelpaese.info\\\/#\\\/schema\\\/logo\\\/image\\\/\"},\"sameAs\":[\"https:\\\/\\\/www.facebook.com\\\/redazione.cassanoweb\"]},{\"@type\":\"Person\",\"@id\":\"https:\\\/\\\/archiviocassano.lavocedelpaese.info\\\/#\\\/schema\\\/person\\\/df195bc79a9b4c35127cf005f92e041b\",\"name\":\"admin\",\"image\":{\"@type\":\"ImageObject\",\"inLanguage\":\"it-IT\",\"@id\":\"https:\\\/\\\/secure.gravatar.com\\\/avatar\\\/eabba89a432e8eaa1b0207cc55f7e5340b22712b1ed80677efcf63e02ff5b235?s=96&d=mm&r=g\",\"url\":\"https:\\\/\\\/secure.gravatar.com\\\/avatar\\\/eabba89a432e8eaa1b0207cc55f7e5340b22712b1ed80677efcf63e02ff5b235?s=96&d=mm&r=g\",\"contentUrl\":\"https:\\\/\\\/secure.gravatar.com\\\/avatar\\\/eabba89a432e8eaa1b0207cc55f7e5340b22712b1ed80677efcf63e02ff5b235?s=96&d=mm&r=g\",\"caption\":\"admin\"},\"sameAs\":[\"https:\\\/\\\/archiviocassano.lavocedelpaese.info\"],\"url\":\"https:\\\/\\\/archiviocassano.lavocedelpaese.info\\\/index.php\\\/author\\\/admin_0qgz1xdp\\\/\"}]}<\/script>\n<!-- \/ Yoast SEO plugin. -->","yoast_head_json":{"title":"\u201cGARANTIRO\u2019 ORDINE E SICUREZZA\u201d DICE DE BENEDICTIS - Archivio CassanoWeb","robots":{"index":"index","follow":"follow","max-snippet":"max-snippet:-1","max-image-preview":"max-image-preview:large","max-video-preview":"max-video-preview:-1"},"canonical":"https:\/\/archiviocassano.lavocedelpaese.info\/index.php\/2010\/10\/29\/garantiro-ordine-e-sicurezza-vi-spiego-come-intervista-al-nuovo-comandante-della-polizia-locale-luigi-de-benedictis\/","og_locale":"it_IT","og_type":"article","og_title":"\u201cGARANTIRO\u2019 ORDINE E SICUREZZA\u201d DICE DE BENEDICTIS - Archivio CassanoWeb","og_url":"https:\/\/archiviocassano.lavocedelpaese.info\/index.php\/2010\/10\/29\/garantiro-ordine-e-sicurezza-vi-spiego-come-intervista-al-nuovo-comandante-della-polizia-locale-luigi-de-benedictis\/","og_site_name":"Archivio CassanoWeb","article_publisher":"https:\/\/www.facebook.com\/redazione.cassanoweb","article_published_time":"2010-10-29T08:14:00+00:00","og_image":[{"width":640,"height":300,"url":"https:\/\/archiviocassano.lavocedelpaese.info\/wp-content\/uploads\/2010\/10\/comandante_polizia.jpg","type":"image\/jpeg"}],"author":"admin","twitter_card":"summary_large_image","twitter_misc":{"Scritto da":"admin","Tempo di lettura stimato":"3 minuti"},"schema":{"@context":"https:\/\/schema.org","@graph":[{"@type":"Article","@id":"https:\/\/archiviocassano.lavocedelpaese.info\/index.php\/2010\/10\/29\/garantiro-ordine-e-sicurezza-vi-spiego-come-intervista-al-nuovo-comandante-della-polizia-locale-luigi-de-benedictis\/#article","isPartOf":{"@id":"https:\/\/archiviocassano.lavocedelpaese.info\/index.php\/2010\/10\/29\/garantiro-ordine-e-sicurezza-vi-spiego-come-intervista-al-nuovo-comandante-della-polizia-locale-luigi-de-benedictis\/"},"author":{"name":"admin","@id":"https:\/\/archiviocassano.lavocedelpaese.info\/#\/schema\/person\/df195bc79a9b4c35127cf005f92e041b"},"headline":"\u201cGARANTIRO\u2019 ORDINE E SICUREZZA\u201d DICE DE BENEDICTIS","datePublished":"2010-10-29T08:14:00+00:00","mainEntityOfPage":{"@id":"https:\/\/archiviocassano.lavocedelpaese.info\/index.php\/2010\/10\/29\/garantiro-ordine-e-sicurezza-vi-spiego-come-intervista-al-nuovo-comandante-della-polizia-locale-luigi-de-benedictis\/"},"wordCount":596,"commentCount":0,"publisher":{"@id":"https:\/\/archiviocassano.lavocedelpaese.info\/#organization"},"image":{"@id":"https:\/\/archiviocassano.lavocedelpaese.info\/index.php\/2010\/10\/29\/garantiro-ordine-e-sicurezza-vi-spiego-come-intervista-al-nuovo-comandante-della-polizia-locale-luigi-de-benedictis\/#primaryimage"},"thumbnailUrl":"https:\/\/archiviocassano.lavocedelpaese.info\/wp-content\/uploads\/2010\/10\/comandante_polizia.jpg","articleSection":["Attualit\u00e0"],"inLanguage":"it-IT","potentialAction":[{"@type":"CommentAction","name":"Comment","target":["https:\/\/archiviocassano.lavocedelpaese.info\/index.php\/2010\/10\/29\/garantiro-ordine-e-sicurezza-vi-spiego-come-intervista-al-nuovo-comandante-della-polizia-locale-luigi-de-benedictis\/#respond"]}]},{"@type":"WebPage","@id":"https:\/\/archiviocassano.lavocedelpaese.info\/index.php\/2010\/10\/29\/garantiro-ordine-e-sicurezza-vi-spiego-come-intervista-al-nuovo-comandante-della-polizia-locale-luigi-de-benedictis\/","url":"https:\/\/archiviocassano.lavocedelpaese.info\/index.php\/2010\/10\/29\/garantiro-ordine-e-sicurezza-vi-spiego-come-intervista-al-nuovo-comandante-della-polizia-locale-luigi-de-benedictis\/","name":"\u201cGARANTIRO\u2019 ORDINE E SICUREZZA\u201d DICE DE BENEDICTIS - Archivio CassanoWeb","isPartOf":{"@id":"https:\/\/archiviocassano.lavocedelpaese.info\/#website"},"primaryImageOfPage":{"@id":"https:\/\/archiviocassano.lavocedelpaese.info\/index.php\/2010\/10\/29\/garantiro-ordine-e-sicurezza-vi-spiego-come-intervista-al-nuovo-comandante-della-polizia-locale-luigi-de-benedictis\/#primaryimage"},"image":{"@id":"https:\/\/archiviocassano.lavocedelpaese.info\/index.php\/2010\/10\/29\/garantiro-ordine-e-sicurezza-vi-spiego-come-intervista-al-nuovo-comandante-della-polizia-locale-luigi-de-benedictis\/#primaryimage"},"thumbnailUrl":"https:\/\/archiviocassano.lavocedelpaese.info\/wp-content\/uploads\/2010\/10\/comandante_polizia.jpg","datePublished":"2010-10-29T08:14:00+00:00","breadcrumb":{"@id":"https:\/\/archiviocassano.lavocedelpaese.info\/index.php\/2010\/10\/29\/garantiro-ordine-e-sicurezza-vi-spiego-come-intervista-al-nuovo-comandante-della-polizia-locale-luigi-de-benedictis\/#breadcrumb"},"inLanguage":"it-IT","potentialAction":[{"@type":"ReadAction","target":["https:\/\/archiviocassano.lavocedelpaese.info\/index.php\/2010\/10\/29\/garantiro-ordine-e-sicurezza-vi-spiego-come-intervista-al-nuovo-comandante-della-polizia-locale-luigi-de-benedictis\/"]}]},{"@type":"ImageObject","inLanguage":"it-IT","@id":"https:\/\/archiviocassano.lavocedelpaese.info\/index.php\/2010\/10\/29\/garantiro-ordine-e-sicurezza-vi-spiego-come-intervista-al-nuovo-comandante-della-polizia-locale-luigi-de-benedictis\/#primaryimage","url":"https:\/\/archiviocassano.lavocedelpaese.info\/wp-content\/uploads\/2010\/10\/comandante_polizia.jpg","contentUrl":"https:\/\/archiviocassano.lavocedelpaese.info\/wp-content\/uploads\/2010\/10\/comandante_polizia.jpg","width":640,"height":300,"caption":"comandante_polizia"},{"@type":"BreadcrumbList","@id":"https:\/\/archiviocassano.lavocedelpaese.info\/index.php\/2010\/10\/29\/garantiro-ordine-e-sicurezza-vi-spiego-come-intervista-al-nuovo-comandante-della-polizia-locale-luigi-de-benedictis\/#breadcrumb","itemListElement":[{"@type":"ListItem","position":1,"name":"Home","item":"https:\/\/archiviocassano.lavocedelpaese.info\/"},{"@type":"ListItem","position":2,"name":"\u201cGARANTIRO\u2019 ORDINE E SICUREZZA\u201d DICE DE BENEDICTIS"}]},{"@type":"WebSite","@id":"https:\/\/archiviocassano.lavocedelpaese.info\/#website","url":"https:\/\/archiviocassano.lavocedelpaese.info\/","name":"Archivio CassanoWeb","description":"La Voce del Paese - un network di idee","publisher":{"@id":"https:\/\/archiviocassano.lavocedelpaese.info\/#organization"},"potentialAction":[{"@type":"SearchAction","target":{"@type":"EntryPoint","urlTemplate":"https:\/\/archiviocassano.lavocedelpaese.info\/?s={search_term_string}"},"query-input":{"@type":"PropertyValueSpecification","valueRequired":true,"valueName":"search_term_string"}}],"inLanguage":"it-IT"},{"@type":"Organization","@id":"https:\/\/archiviocassano.lavocedelpaese.info\/#organization","name":"Archivio CassanoWeb","url":"https:\/\/archiviocassano.lavocedelpaese.info\/","logo":{"@type":"ImageObject","inLanguage":"it-IT","@id":"https:\/\/archiviocassano.lavocedelpaese.info\/#\/schema\/logo\/image\/","url":"https:\/\/archiviocassano.lavocedelpaese.info\/wp-content\/uploads\/2024\/08\/logo-rosso-2.png","contentUrl":"https:\/\/archiviocassano.lavocedelpaese.info\/wp-content\/uploads\/2024\/08\/logo-rosso-2.png","width":491,"height":432,"caption":"Archivio CassanoWeb"},"image":{"@id":"https:\/\/archiviocassano.lavocedelpaese.info\/#\/schema\/logo\/image\/"},"sameAs":["https:\/\/www.facebook.com\/redazione.cassanoweb"]},{"@type":"Person","@id":"https:\/\/archiviocassano.lavocedelpaese.info\/#\/schema\/person\/df195bc79a9b4c35127cf005f92e041b","name":"admin","image":{"@type":"ImageObject","inLanguage":"it-IT","@id":"https:\/\/secure.gravatar.com\/avatar\/eabba89a432e8eaa1b0207cc55f7e5340b22712b1ed80677efcf63e02ff5b235?s=96&d=mm&r=g","url":"https:\/\/secure.gravatar.com\/avatar\/eabba89a432e8eaa1b0207cc55f7e5340b22712b1ed80677efcf63e02ff5b235?s=96&d=mm&r=g","contentUrl":"https:\/\/secure.gravatar.com\/avatar\/eabba89a432e8eaa1b0207cc55f7e5340b22712b1ed80677efcf63e02ff5b235?s=96&d=mm&r=g","caption":"admin"},"sameAs":["https:\/\/archiviocassano.lavocedelpaese.info"],"url":"https:\/\/archiviocassano.lavocedelpaese.info\/index.php\/author\/admin_0qgz1xdp\/"}]}},"_links":{"self":[{"href":"https:\/\/archiviocassano.lavocedelpaese.info\/index.php\/wp-json\/wp\/v2\/posts\/2244","targetHints":{"allow":["GET"]}}],"collection":[{"href":"https:\/\/archiviocassano.lavocedelpaese.info\/index.php\/wp-json\/wp\/v2\/posts"}],"about":[{"href":"https:\/\/archiviocassano.lavocedelpaese.info\/index.php\/wp-json\/wp\/v2\/types\/post"}],"author":[{"embeddable":true,"href":"https:\/\/archiviocassano.lavocedelpaese.info\/index.php\/wp-json\/wp\/v2\/users\/1"}],"replies":[{"embeddable":true,"href":"https:\/\/archiviocassano.lavocedelpaese.info\/index.php\/wp-json\/wp\/v2\/comments?post=2244"}],"version-history":[{"count":0,"href":"https:\/\/archiviocassano.lavocedelpaese.info\/index.php\/wp-json\/wp\/v2\/posts\/2244\/revisions"}],"wp:featuredmedia":[{"embeddable":true,"href":"https:\/\/archiviocassano.lavocedelpaese.info\/index.php\/wp-json\/wp\/v2\/media\/2243"}],"wp:attachment":[{"href":"https:\/\/archiviocassano.lavocedelpaese.info\/index.php\/wp-json\/wp\/v2\/media?parent=2244"}],"wp:term":[{"taxonomy":"category","embeddable":true,"href":"https:\/\/archiviocassano.lavocedelpaese.info\/index.php\/wp-json\/wp\/v2\/categories?post=2244"},{"taxonomy":"post_tag","embeddable":true,"href":"https:\/\/archiviocassano.lavocedelpaese.info\/index.php\/wp-json\/wp\/v2\/tags?post=2244"}],"curies":[{"name":"wp","href":"https:\/\/api.w.org\/{rel}","templated":true}]}}