{"id":2378,"date":"2010-11-25T14:23:22","date_gmt":"2010-11-25T14:23:22","guid":{"rendered":"https:\/\/archiviocassano.lavocedelpaese.info\/index.php\/2010\/11\/25\/giovani-idv-no-ai-tagli-allistruzione\/"},"modified":"2010-11-25T14:23:22","modified_gmt":"2010-11-25T14:23:22","slug":"giovani-idv-no-ai-tagli-allistruzione","status":"publish","type":"post","link":"https:\/\/archiviocassano.lavocedelpaese.info\/index.php\/2010\/11\/25\/giovani-idv-no-ai-tagli-allistruzione\/","title":{"rendered":"GIOVANI IDV: NO  AI TAGLI ALL&#8217;ISTRUZIONE"},"content":{"rendered":"<p><img loading=\"lazy\" decoding=\"async\" class=\" size-full wp-image-2377\" alt=\"logo_giovani_idv\" src=\"https:\/\/archiviocassano.lavocedelpaese.info\/wp-content\/uploads\/2010\/11\/logo_giovani_idv.jpg\" width=\"320\" height=\"150\" \/> <\/p>\n<p><!--more--><\/p>\n<p style=\"text-align: justify;\"><strong>La CAMERA ha BOCCIATO l&#8217;emendamento IdV che ABOLISCE il vitalizio ai parlamentari a FAVORE del fondo per le borse di studio di UNIVERSITARI meritevoli e disagiati. <\/strong><\/p>\n<div style=\"text-align: justify;\"><\/div>\n<p style=\"text-align: justify;\">IdV aveva individuato una fonte di approvvigionamento per l\u2019Universit\u00e0 italiana ormai lasciata senza risorse dal nostro Governo ma il Parlamento ha rifiutato la proposta.<\/p>\n<div style=\"text-align: justify;\"><\/div>\n<p style=\"text-align: justify;\">Pensavamo che l\u2019impresa pi\u00f9 ardua fosse quella di trovare i soldi necessari, ma ci sbagliamo, difatti, mentre fuori dall\u2019aula, giovani studenti manifestavano contro i tagli, il Parlamento respingeva l\u2019onorevole proposta avanzata da IdV, proprio in favore di Universit\u00e0 e Ricerca.<\/p>\n<div style=\"text-align: justify;\"><\/div>\n<div style=\"text-align: justify;\"><\/div>\n<p style=\"text-align: justify;\">Il DDL universitario della Gelmini ci rende perplessi anche innanzi all\u2019esclusione di alcuni tagli, come il caso delle Universit\u00e0 telematiche, esonerate dai tagli come invece avverr\u00e0 per quelle pubbliche.<\/p>\n<div style=\"text-align: justify;\"><\/div>\n<p style=\"text-align: justify;\">Fanno riflettere, le affermazioni dell\u2019on. Zazzera \u201ct<em>ra le universit\u00e0 telematiche c&#8217;\u00e8 la UNITEL, il cui assetto societario \u00e8 cos\u00ec composto: 60% Tosinvest (ovvero Famiglia Angelucci), 18% Fondazione Dulbecco, 8% Mediolanum, 8% Fininvest, 20% Claudio Cerruti. Quando gli interessi privati prevalgono su quelli pubblici<\/em>\u201d.<\/p>\n<div style=\"text-align: justify;\"><\/div>\n<p style=\"text-align: justify;\">Ma a questo ci avevano gi\u00e0 abituati con le leggi \u201cad personam\u201d, con buona pace dell\u2019art. 3 della nostra Costituzione.<\/p>\n<div style=\"text-align: justify;\"><\/div>\n<div style=\"text-align: justify;\"><\/div>\n<p style=\"text-align: justify;\">Il nostro Governo non investe sui giovani a partire dalla loro istruzione, non investe fondi per la ricerca e lascia scappare all\u2019estero menti brillanti che in Patria non potrebbero contribuire a scoperte ed invenzioni. Ma anche a questo siamo abituati, la fuga di cervelli non \u00e8 un fenomeno recente.<\/p>\n<div style=\"text-align: justify;\"><\/div>\n<p style=\"text-align: justify;\">Ormai, l\u2019unica consolazione \u00e8 sperare in scoperta \u201cmade\u201d in USA che portino la firma di un giovane laureato italiano trasferitosi oltreoceano dopo aver conseguito brillantemente un titolo di studio in una delle tante Universit\u00e0 del Belpaese.<\/p>\n<div style=\"text-align: justify;\"><\/div>\n<p style=\"text-align: justify;\">Per chi non scappa, non resta che fare il ricercatore ed a seguire un dottorato da precario, ma il tutto \u00e8 ancor pi\u00f9 triste con l\u2019entrata in vigore della <strong>legge 183<\/strong>, ovvero, una <span style=\"text-decoration: underline;\">serie di paletti e cavilli legali che metteranno in forte difficolt\u00e0 i lavoratori atipici prima d\u2019impugnare in tribunale il proprio contratto di lavoro.<\/span><\/p>\n<div style=\"text-align: justify;\"><\/div>\n<div style=\"text-align: justify;\"><\/div>\n<p style=\"text-align: justify;\">Questo \u00e8 quello che la nostra classe dirigente \u00e8 in grado di dare o, a questo punto ci vien da pensare, \u00e8 questo quello che vuole consapevolmente dare ai giovani. Ma chi ha deciso di restare e chi decider\u00e0 di farlo sa perfettamente che le difficolt\u00e0 da superare non sono solo quelle legate ai mancati finanziamenti e quindi alla premura che il nostro Governo nutre per questo settore. Gli ostacoli sono e saranno, se non si riuscir\u00e0 ad arginare il fenomeno, anche quelli rappresentati dall\u2019impossibilit\u00e0 di candidarsi a partecipare alle chiamate all\u2019interno delle Universit\u00e0 perch\u00e9 i posti vengono e verranno sistematicamente fagocitati dai famosi \u201cfigli di\u201de\u201cnipoti di\u201d presenti tradizionalmente nelle varie realt\u00e0 universitarie.<\/p>\n<div style=\"text-align: justify;\"><\/div>\n<div style=\"text-align: justify;\"><\/div>\n<p style=\"text-align: justify;\">A tal riguardo, IdV ha presentato un emendamento contro parentopoli che impedisce ai candidati con parentele fino al terzo grado di partecipare alle chiamate all&#8217;interno della stessa Universit\u00e0, ci auguriamo che questa volta i Parlamentari di altri partiti, abbiano buonsenso.<\/p>\n<div style=\"text-align: justify;\"><\/div>\n<div style=\"text-align: justify;\"><\/div>\n<p style=\"text-align: justify;\"><strong>Noi Giovani dell\u2019Italia dei Valori della Prov. di Bari, siamo stanchi di veder sottratto il nostro futuro!<\/strong><\/p>\n<div style=\"text-align: justify;\"><\/div>\n<div style=\"text-align: justify;\"><\/div>\n<p style=\"text-align: justify;\">Non possiamo continuare a vederci bocciare proposte parlamentari serie, rischiando un futuro sempre pi\u00f9 incerto, pertanto ci schieriamo affianco a tutti quei ragazzi scesi in piazza contro lo scellerato DDL Gelmini, sostenuti anche dal nostro Presidente Antonio Di Pietro che accanto ai giovani ricercatori universitari, ha protestato sui tetti della Facolt\u00e0 Di Architettura della Sapienza di Roma.<\/p>\n<div style=\"text-align: justify;\"><\/div>\n<div style=\"text-align: justify;\"><\/div>\n<p style=\"text-align: justify;\">Un impegno dentro e fuori il Palazzo, un monito lanciato verso cittadini e Governo attraverso cui dire che le soluzioni ci sono ma la cattiva politica le ignora.<\/p>\n<div style=\"text-align: justify;\"><\/div>\n<p style=\"text-align: justify;\">Il diritto allo studio \u00e8 sancito dall\u2019art. 33 della nostra Carta; tutti gli studenti hanno il diritto di usufruire di tutte le risorse necessarie per intraprendere e completare gli studi, ai migliori livelli possibili; le scuole devono esser finanziate nelle infrastrutture e il corpo docente deve essere effettivo, perch\u00e9 il lavoro \u00e8 un diritto ed il giusto riconoscimento per quanti s\u2019impegnano nella formazione e nell\u2019aggiornamento continuo.<\/p>\n<div style=\"text-align: justify;\"><\/div>\n<div style=\"text-align: justify;\"><\/div>\n<p style=\"text-align: justify;\">Il DDL Gelmini ci racconta qualcosa di molto diverso ed un dovere, a nostro avviso, morale, provare a fermarlo. <strong>C\u2019\u00e8 da sperare, per\u00f2, che la volont\u00e0 propositiva e positiva del partito non debba ancora una volta scontrarsi con un parlamento miope e, consentiteci, irresponsabile nei confronti del futuro del nostro paese.<\/strong><\/p>\n","protected":false},"excerpt":{"rendered":"","protected":false},"author":1,"featured_media":2377,"comment_status":"open","ping_status":"closed","sticky":false,"template":"","format":"standard","meta":{"colormag_page_container_layout":"default_layout","colormag_page_sidebar_layout":"default_layout","footnotes":""},"categories":[9],"tags":[],"class_list":["post-2378","post","type-post","status-publish","format-standard","has-post-thumbnail","hentry","category-la-voce-del-paese"],"yoast_head":"<!-- This site is optimized with the Yoast SEO plugin v27.5 - https:\/\/yoast.com\/product\/yoast-seo-wordpress\/ -->\n<title>GIOVANI IDV: NO AI TAGLI ALL&#039;ISTRUZIONE - Archivio CassanoWeb<\/title>\n<meta name=\"robots\" content=\"index, follow, max-snippet:-1, max-image-preview:large, max-video-preview:-1\" \/>\n<link rel=\"canonical\" href=\"https:\/\/archiviocassano.lavocedelpaese.info\/index.php\/2010\/11\/25\/giovani-idv-no-ai-tagli-allistruzione\/\" \/>\n<meta property=\"og:locale\" content=\"it_IT\" \/>\n<meta property=\"og:type\" content=\"article\" \/>\n<meta property=\"og:title\" content=\"GIOVANI IDV: NO AI TAGLI ALL&#039;ISTRUZIONE - Archivio CassanoWeb\" \/>\n<meta property=\"og:url\" content=\"https:\/\/archiviocassano.lavocedelpaese.info\/index.php\/2010\/11\/25\/giovani-idv-no-ai-tagli-allistruzione\/\" \/>\n<meta property=\"og:site_name\" content=\"Archivio CassanoWeb\" \/>\n<meta property=\"article:publisher\" content=\"https:\/\/www.facebook.com\/redazione.cassanoweb\" \/>\n<meta property=\"article:published_time\" content=\"2010-11-25T14:23:22+00:00\" \/>\n<meta property=\"og:image\" content=\"https:\/\/archiviocassano.lavocedelpaese.info\/wp-content\/uploads\/2010\/11\/logo_giovani_idv.jpg\" \/>\n\t<meta property=\"og:image:width\" content=\"300\" \/>\n\t<meta property=\"og:image:height\" content=\"299\" \/>\n\t<meta property=\"og:image:type\" content=\"image\/jpeg\" \/>\n<meta name=\"author\" content=\"admin\" \/>\n<meta name=\"twitter:card\" content=\"summary_large_image\" \/>\n<meta name=\"twitter:label1\" content=\"Scritto da\" \/>\n\t<meta name=\"twitter:data1\" content=\"admin\" \/>\n\t<meta name=\"twitter:label2\" content=\"Tempo di lettura stimato\" \/>\n\t<meta name=\"twitter:data2\" content=\"3 minuti\" \/>\n<script type=\"application\/ld+json\" class=\"yoast-schema-graph\">{\"@context\":\"https:\\\/\\\/schema.org\",\"@graph\":[{\"@type\":\"Article\",\"@id\":\"https:\\\/\\\/archiviocassano.lavocedelpaese.info\\\/index.php\\\/2010\\\/11\\\/25\\\/giovani-idv-no-ai-tagli-allistruzione\\\/#article\",\"isPartOf\":{\"@id\":\"https:\\\/\\\/archiviocassano.lavocedelpaese.info\\\/index.php\\\/2010\\\/11\\\/25\\\/giovani-idv-no-ai-tagli-allistruzione\\\/\"},\"author\":{\"name\":\"admin\",\"@id\":\"https:\\\/\\\/archiviocassano.lavocedelpaese.info\\\/#\\\/schema\\\/person\\\/df195bc79a9b4c35127cf005f92e041b\"},\"headline\":\"GIOVANI IDV: NO AI TAGLI ALL&#8217;ISTRUZIONE\",\"datePublished\":\"2010-11-25T14:23:22+00:00\",\"mainEntityOfPage\":{\"@id\":\"https:\\\/\\\/archiviocassano.lavocedelpaese.info\\\/index.php\\\/2010\\\/11\\\/25\\\/giovani-idv-no-ai-tagli-allistruzione\\\/\"},\"wordCount\":706,\"commentCount\":0,\"publisher\":{\"@id\":\"https:\\\/\\\/archiviocassano.lavocedelpaese.info\\\/#organization\"},\"image\":{\"@id\":\"https:\\\/\\\/archiviocassano.lavocedelpaese.info\\\/index.php\\\/2010\\\/11\\\/25\\\/giovani-idv-no-ai-tagli-allistruzione\\\/#primaryimage\"},\"thumbnailUrl\":\"https:\\\/\\\/archiviocassano.lavocedelpaese.info\\\/wp-content\\\/uploads\\\/2010\\\/11\\\/logo_giovani_idv.jpg\",\"articleSection\":[\"La voce del paese\"],\"inLanguage\":\"it-IT\",\"potentialAction\":[{\"@type\":\"CommentAction\",\"name\":\"Comment\",\"target\":[\"https:\\\/\\\/archiviocassano.lavocedelpaese.info\\\/index.php\\\/2010\\\/11\\\/25\\\/giovani-idv-no-ai-tagli-allistruzione\\\/#respond\"]}]},{\"@type\":\"WebPage\",\"@id\":\"https:\\\/\\\/archiviocassano.lavocedelpaese.info\\\/index.php\\\/2010\\\/11\\\/25\\\/giovani-idv-no-ai-tagli-allistruzione\\\/\",\"url\":\"https:\\\/\\\/archiviocassano.lavocedelpaese.info\\\/index.php\\\/2010\\\/11\\\/25\\\/giovani-idv-no-ai-tagli-allistruzione\\\/\",\"name\":\"GIOVANI IDV: NO AI TAGLI ALL'ISTRUZIONE - Archivio CassanoWeb\",\"isPartOf\":{\"@id\":\"https:\\\/\\\/archiviocassano.lavocedelpaese.info\\\/#website\"},\"primaryImageOfPage\":{\"@id\":\"https:\\\/\\\/archiviocassano.lavocedelpaese.info\\\/index.php\\\/2010\\\/11\\\/25\\\/giovani-idv-no-ai-tagli-allistruzione\\\/#primaryimage\"},\"image\":{\"@id\":\"https:\\\/\\\/archiviocassano.lavocedelpaese.info\\\/index.php\\\/2010\\\/11\\\/25\\\/giovani-idv-no-ai-tagli-allistruzione\\\/#primaryimage\"},\"thumbnailUrl\":\"https:\\\/\\\/archiviocassano.lavocedelpaese.info\\\/wp-content\\\/uploads\\\/2010\\\/11\\\/logo_giovani_idv.jpg\",\"datePublished\":\"2010-11-25T14:23:22+00:00\",\"breadcrumb\":{\"@id\":\"https:\\\/\\\/archiviocassano.lavocedelpaese.info\\\/index.php\\\/2010\\\/11\\\/25\\\/giovani-idv-no-ai-tagli-allistruzione\\\/#breadcrumb\"},\"inLanguage\":\"it-IT\",\"potentialAction\":[{\"@type\":\"ReadAction\",\"target\":[\"https:\\\/\\\/archiviocassano.lavocedelpaese.info\\\/index.php\\\/2010\\\/11\\\/25\\\/giovani-idv-no-ai-tagli-allistruzione\\\/\"]}]},{\"@type\":\"ImageObject\",\"inLanguage\":\"it-IT\",\"@id\":\"https:\\\/\\\/archiviocassano.lavocedelpaese.info\\\/index.php\\\/2010\\\/11\\\/25\\\/giovani-idv-no-ai-tagli-allistruzione\\\/#primaryimage\",\"url\":\"https:\\\/\\\/archiviocassano.lavocedelpaese.info\\\/wp-content\\\/uploads\\\/2010\\\/11\\\/logo_giovani_idv.jpg\",\"contentUrl\":\"https:\\\/\\\/archiviocassano.lavocedelpaese.info\\\/wp-content\\\/uploads\\\/2010\\\/11\\\/logo_giovani_idv.jpg\",\"width\":300,\"height\":299,\"caption\":\"logo_giovani_idv\"},{\"@type\":\"BreadcrumbList\",\"@id\":\"https:\\\/\\\/archiviocassano.lavocedelpaese.info\\\/index.php\\\/2010\\\/11\\\/25\\\/giovani-idv-no-ai-tagli-allistruzione\\\/#breadcrumb\",\"itemListElement\":[{\"@type\":\"ListItem\",\"position\":1,\"name\":\"Home\",\"item\":\"https:\\\/\\\/archiviocassano.lavocedelpaese.info\\\/\"},{\"@type\":\"ListItem\",\"position\":2,\"name\":\"GIOVANI IDV: NO AI TAGLI ALL&#8217;ISTRUZIONE\"}]},{\"@type\":\"WebSite\",\"@id\":\"https:\\\/\\\/archiviocassano.lavocedelpaese.info\\\/#website\",\"url\":\"https:\\\/\\\/archiviocassano.lavocedelpaese.info\\\/\",\"name\":\"Archivio CassanoWeb\",\"description\":\"La Voce del Paese - un network di idee\",\"publisher\":{\"@id\":\"https:\\\/\\\/archiviocassano.lavocedelpaese.info\\\/#organization\"},\"potentialAction\":[{\"@type\":\"SearchAction\",\"target\":{\"@type\":\"EntryPoint\",\"urlTemplate\":\"https:\\\/\\\/archiviocassano.lavocedelpaese.info\\\/?s={search_term_string}\"},\"query-input\":{\"@type\":\"PropertyValueSpecification\",\"valueRequired\":true,\"valueName\":\"search_term_string\"}}],\"inLanguage\":\"it-IT\"},{\"@type\":\"Organization\",\"@id\":\"https:\\\/\\\/archiviocassano.lavocedelpaese.info\\\/#organization\",\"name\":\"Archivio CassanoWeb\",\"url\":\"https:\\\/\\\/archiviocassano.lavocedelpaese.info\\\/\",\"logo\":{\"@type\":\"ImageObject\",\"inLanguage\":\"it-IT\",\"@id\":\"https:\\\/\\\/archiviocassano.lavocedelpaese.info\\\/#\\\/schema\\\/logo\\\/image\\\/\",\"url\":\"https:\\\/\\\/archiviocassano.lavocedelpaese.info\\\/wp-content\\\/uploads\\\/2024\\\/08\\\/logo-rosso-2.png\",\"contentUrl\":\"https:\\\/\\\/archiviocassano.lavocedelpaese.info\\\/wp-content\\\/uploads\\\/2024\\\/08\\\/logo-rosso-2.png\",\"width\":491,\"height\":432,\"caption\":\"Archivio CassanoWeb\"},\"image\":{\"@id\":\"https:\\\/\\\/archiviocassano.lavocedelpaese.info\\\/#\\\/schema\\\/logo\\\/image\\\/\"},\"sameAs\":[\"https:\\\/\\\/www.facebook.com\\\/redazione.cassanoweb\"]},{\"@type\":\"Person\",\"@id\":\"https:\\\/\\\/archiviocassano.lavocedelpaese.info\\\/#\\\/schema\\\/person\\\/df195bc79a9b4c35127cf005f92e041b\",\"name\":\"admin\",\"image\":{\"@type\":\"ImageObject\",\"inLanguage\":\"it-IT\",\"@id\":\"https:\\\/\\\/secure.gravatar.com\\\/avatar\\\/eabba89a432e8eaa1b0207cc55f7e5340b22712b1ed80677efcf63e02ff5b235?s=96&d=mm&r=g\",\"url\":\"https:\\\/\\\/secure.gravatar.com\\\/avatar\\\/eabba89a432e8eaa1b0207cc55f7e5340b22712b1ed80677efcf63e02ff5b235?s=96&d=mm&r=g\",\"contentUrl\":\"https:\\\/\\\/secure.gravatar.com\\\/avatar\\\/eabba89a432e8eaa1b0207cc55f7e5340b22712b1ed80677efcf63e02ff5b235?s=96&d=mm&r=g\",\"caption\":\"admin\"},\"sameAs\":[\"https:\\\/\\\/archiviocassano.lavocedelpaese.info\"],\"url\":\"https:\\\/\\\/archiviocassano.lavocedelpaese.info\\\/index.php\\\/author\\\/admin_0qgz1xdp\\\/\"}]}<\/script>\n<!-- \/ Yoast SEO plugin. -->","yoast_head_json":{"title":"GIOVANI IDV: NO AI TAGLI ALL'ISTRUZIONE - Archivio CassanoWeb","robots":{"index":"index","follow":"follow","max-snippet":"max-snippet:-1","max-image-preview":"max-image-preview:large","max-video-preview":"max-video-preview:-1"},"canonical":"https:\/\/archiviocassano.lavocedelpaese.info\/index.php\/2010\/11\/25\/giovani-idv-no-ai-tagli-allistruzione\/","og_locale":"it_IT","og_type":"article","og_title":"GIOVANI IDV: NO AI TAGLI ALL'ISTRUZIONE - Archivio CassanoWeb","og_url":"https:\/\/archiviocassano.lavocedelpaese.info\/index.php\/2010\/11\/25\/giovani-idv-no-ai-tagli-allistruzione\/","og_site_name":"Archivio CassanoWeb","article_publisher":"https:\/\/www.facebook.com\/redazione.cassanoweb","article_published_time":"2010-11-25T14:23:22+00:00","og_image":[{"width":300,"height":299,"url":"https:\/\/archiviocassano.lavocedelpaese.info\/wp-content\/uploads\/2010\/11\/logo_giovani_idv.jpg","type":"image\/jpeg"}],"author":"admin","twitter_card":"summary_large_image","twitter_misc":{"Scritto da":"admin","Tempo di lettura stimato":"3 minuti"},"schema":{"@context":"https:\/\/schema.org","@graph":[{"@type":"Article","@id":"https:\/\/archiviocassano.lavocedelpaese.info\/index.php\/2010\/11\/25\/giovani-idv-no-ai-tagli-allistruzione\/#article","isPartOf":{"@id":"https:\/\/archiviocassano.lavocedelpaese.info\/index.php\/2010\/11\/25\/giovani-idv-no-ai-tagli-allistruzione\/"},"author":{"name":"admin","@id":"https:\/\/archiviocassano.lavocedelpaese.info\/#\/schema\/person\/df195bc79a9b4c35127cf005f92e041b"},"headline":"GIOVANI IDV: NO AI TAGLI ALL&#8217;ISTRUZIONE","datePublished":"2010-11-25T14:23:22+00:00","mainEntityOfPage":{"@id":"https:\/\/archiviocassano.lavocedelpaese.info\/index.php\/2010\/11\/25\/giovani-idv-no-ai-tagli-allistruzione\/"},"wordCount":706,"commentCount":0,"publisher":{"@id":"https:\/\/archiviocassano.lavocedelpaese.info\/#organization"},"image":{"@id":"https:\/\/archiviocassano.lavocedelpaese.info\/index.php\/2010\/11\/25\/giovani-idv-no-ai-tagli-allistruzione\/#primaryimage"},"thumbnailUrl":"https:\/\/archiviocassano.lavocedelpaese.info\/wp-content\/uploads\/2010\/11\/logo_giovani_idv.jpg","articleSection":["La voce del paese"],"inLanguage":"it-IT","potentialAction":[{"@type":"CommentAction","name":"Comment","target":["https:\/\/archiviocassano.lavocedelpaese.info\/index.php\/2010\/11\/25\/giovani-idv-no-ai-tagli-allistruzione\/#respond"]}]},{"@type":"WebPage","@id":"https:\/\/archiviocassano.lavocedelpaese.info\/index.php\/2010\/11\/25\/giovani-idv-no-ai-tagli-allistruzione\/","url":"https:\/\/archiviocassano.lavocedelpaese.info\/index.php\/2010\/11\/25\/giovani-idv-no-ai-tagli-allistruzione\/","name":"GIOVANI IDV: NO AI TAGLI ALL'ISTRUZIONE - Archivio CassanoWeb","isPartOf":{"@id":"https:\/\/archiviocassano.lavocedelpaese.info\/#website"},"primaryImageOfPage":{"@id":"https:\/\/archiviocassano.lavocedelpaese.info\/index.php\/2010\/11\/25\/giovani-idv-no-ai-tagli-allistruzione\/#primaryimage"},"image":{"@id":"https:\/\/archiviocassano.lavocedelpaese.info\/index.php\/2010\/11\/25\/giovani-idv-no-ai-tagli-allistruzione\/#primaryimage"},"thumbnailUrl":"https:\/\/archiviocassano.lavocedelpaese.info\/wp-content\/uploads\/2010\/11\/logo_giovani_idv.jpg","datePublished":"2010-11-25T14:23:22+00:00","breadcrumb":{"@id":"https:\/\/archiviocassano.lavocedelpaese.info\/index.php\/2010\/11\/25\/giovani-idv-no-ai-tagli-allistruzione\/#breadcrumb"},"inLanguage":"it-IT","potentialAction":[{"@type":"ReadAction","target":["https:\/\/archiviocassano.lavocedelpaese.info\/index.php\/2010\/11\/25\/giovani-idv-no-ai-tagli-allistruzione\/"]}]},{"@type":"ImageObject","inLanguage":"it-IT","@id":"https:\/\/archiviocassano.lavocedelpaese.info\/index.php\/2010\/11\/25\/giovani-idv-no-ai-tagli-allistruzione\/#primaryimage","url":"https:\/\/archiviocassano.lavocedelpaese.info\/wp-content\/uploads\/2010\/11\/logo_giovani_idv.jpg","contentUrl":"https:\/\/archiviocassano.lavocedelpaese.info\/wp-content\/uploads\/2010\/11\/logo_giovani_idv.jpg","width":300,"height":299,"caption":"logo_giovani_idv"},{"@type":"BreadcrumbList","@id":"https:\/\/archiviocassano.lavocedelpaese.info\/index.php\/2010\/11\/25\/giovani-idv-no-ai-tagli-allistruzione\/#breadcrumb","itemListElement":[{"@type":"ListItem","position":1,"name":"Home","item":"https:\/\/archiviocassano.lavocedelpaese.info\/"},{"@type":"ListItem","position":2,"name":"GIOVANI IDV: NO AI TAGLI ALL&#8217;ISTRUZIONE"}]},{"@type":"WebSite","@id":"https:\/\/archiviocassano.lavocedelpaese.info\/#website","url":"https:\/\/archiviocassano.lavocedelpaese.info\/","name":"Archivio CassanoWeb","description":"La Voce del Paese - un network di idee","publisher":{"@id":"https:\/\/archiviocassano.lavocedelpaese.info\/#organization"},"potentialAction":[{"@type":"SearchAction","target":{"@type":"EntryPoint","urlTemplate":"https:\/\/archiviocassano.lavocedelpaese.info\/?s={search_term_string}"},"query-input":{"@type":"PropertyValueSpecification","valueRequired":true,"valueName":"search_term_string"}}],"inLanguage":"it-IT"},{"@type":"Organization","@id":"https:\/\/archiviocassano.lavocedelpaese.info\/#organization","name":"Archivio CassanoWeb","url":"https:\/\/archiviocassano.lavocedelpaese.info\/","logo":{"@type":"ImageObject","inLanguage":"it-IT","@id":"https:\/\/archiviocassano.lavocedelpaese.info\/#\/schema\/logo\/image\/","url":"https:\/\/archiviocassano.lavocedelpaese.info\/wp-content\/uploads\/2024\/08\/logo-rosso-2.png","contentUrl":"https:\/\/archiviocassano.lavocedelpaese.info\/wp-content\/uploads\/2024\/08\/logo-rosso-2.png","width":491,"height":432,"caption":"Archivio CassanoWeb"},"image":{"@id":"https:\/\/archiviocassano.lavocedelpaese.info\/#\/schema\/logo\/image\/"},"sameAs":["https:\/\/www.facebook.com\/redazione.cassanoweb"]},{"@type":"Person","@id":"https:\/\/archiviocassano.lavocedelpaese.info\/#\/schema\/person\/df195bc79a9b4c35127cf005f92e041b","name":"admin","image":{"@type":"ImageObject","inLanguage":"it-IT","@id":"https:\/\/secure.gravatar.com\/avatar\/eabba89a432e8eaa1b0207cc55f7e5340b22712b1ed80677efcf63e02ff5b235?s=96&d=mm&r=g","url":"https:\/\/secure.gravatar.com\/avatar\/eabba89a432e8eaa1b0207cc55f7e5340b22712b1ed80677efcf63e02ff5b235?s=96&d=mm&r=g","contentUrl":"https:\/\/secure.gravatar.com\/avatar\/eabba89a432e8eaa1b0207cc55f7e5340b22712b1ed80677efcf63e02ff5b235?s=96&d=mm&r=g","caption":"admin"},"sameAs":["https:\/\/archiviocassano.lavocedelpaese.info"],"url":"https:\/\/archiviocassano.lavocedelpaese.info\/index.php\/author\/admin_0qgz1xdp\/"}]}},"_links":{"self":[{"href":"https:\/\/archiviocassano.lavocedelpaese.info\/index.php\/wp-json\/wp\/v2\/posts\/2378","targetHints":{"allow":["GET"]}}],"collection":[{"href":"https:\/\/archiviocassano.lavocedelpaese.info\/index.php\/wp-json\/wp\/v2\/posts"}],"about":[{"href":"https:\/\/archiviocassano.lavocedelpaese.info\/index.php\/wp-json\/wp\/v2\/types\/post"}],"author":[{"embeddable":true,"href":"https:\/\/archiviocassano.lavocedelpaese.info\/index.php\/wp-json\/wp\/v2\/users\/1"}],"replies":[{"embeddable":true,"href":"https:\/\/archiviocassano.lavocedelpaese.info\/index.php\/wp-json\/wp\/v2\/comments?post=2378"}],"version-history":[{"count":0,"href":"https:\/\/archiviocassano.lavocedelpaese.info\/index.php\/wp-json\/wp\/v2\/posts\/2378\/revisions"}],"wp:featuredmedia":[{"embeddable":true,"href":"https:\/\/archiviocassano.lavocedelpaese.info\/index.php\/wp-json\/wp\/v2\/media\/2377"}],"wp:attachment":[{"href":"https:\/\/archiviocassano.lavocedelpaese.info\/index.php\/wp-json\/wp\/v2\/media?parent=2378"}],"wp:term":[{"taxonomy":"category","embeddable":true,"href":"https:\/\/archiviocassano.lavocedelpaese.info\/index.php\/wp-json\/wp\/v2\/categories?post=2378"},{"taxonomy":"post_tag","embeddable":true,"href":"https:\/\/archiviocassano.lavocedelpaese.info\/index.php\/wp-json\/wp\/v2\/tags?post=2378"}],"curies":[{"name":"wp","href":"https:\/\/api.w.org\/{rel}","templated":true}]}}