{"id":2390,"date":"2010-11-26T22:51:02","date_gmt":"2010-11-26T22:51:02","guid":{"rendered":"https:\/\/archiviocassano.lavocedelpaese.info\/index.php\/2010\/11\/26\/un-parco-eolico-da-33-torri-alte-cento-metri-sta-per-sorgere-a-cassano\/"},"modified":"2010-11-26T22:51:02","modified_gmt":"2010-11-26T22:51:02","slug":"un-parco-eolico-da-33-torri-alte-cento-metri-sta-per-sorgere-a-cassano","status":"publish","type":"post","link":"https:\/\/archiviocassano.lavocedelpaese.info\/index.php\/2010\/11\/26\/un-parco-eolico-da-33-torri-alte-cento-metri-sta-per-sorgere-a-cassano\/","title":{"rendered":"UN PARCO EOLICO DA 33 TORRI SORGERA&#8217; A CASSANO"},"content":{"rendered":"<p><img loading=\"lazy\" decoding=\"async\" class=\" size-full wp-image-2389\" alt=\"eolica\" src=\"https:\/\/archiviocassano.lavocedelpaese.info\/wp-content\/uploads\/2010\/11\/eolica.jpg\" width=\"320\" height=\"150\" srcset=\"https:\/\/archiviocassano.lavocedelpaese.info\/wp-content\/uploads\/2010\/11\/eolica.jpg 640w, https:\/\/archiviocassano.lavocedelpaese.info\/wp-content\/uploads\/2010\/11\/eolica-300x141.jpg 300w\" sizes=\"auto, (max-width: 320px) 100vw, 320px\" \/> <\/p>\n<p><!--more--><\/p>\n<p style=\"text-align: justify;\">Sulla mappa, sono piccoli e inoffensivi puntini rossi, quasi dei pidocchi ora concentrati in una zona, ora pi\u00f9 radi e isolati. Che punteggiano una vasta area, grande migliaia di metri quadrati: dalla via vecchia per Acquaviva fino alla zona industriale di via Grumo, a ridosso del Consorzio \u201cCosvim\u201d, passando dalla via per Bari e quella per Bitetto.<\/p>\n<div style=\"text-align: justify;\"><\/div>\n<p style=\"text-align: justify;\">Nella realt\u00e0, se il progetto dovesse andare in porto, si tratta di <strong>uno dei pi\u00f9 grandi parchi eolici della provincia di Bari<\/strong> che sorger\u00e0 proprio nelle campagne di Cassano.<\/p>\n<p style=\"text-align: justify;\"><em>CassanoWeb ha avuto modo di visionarlo e ve lo racconta.<\/em><\/p>\n<div style=\"text-align: justify;\"><\/div>\n<p style=\"text-align: justify;\">Il Parco Eolico cassanese sar\u00e0 composto da <strong>33 torri <\/strong>ognuna<strong> di 100 metri d\u2019altezza<\/strong>, con un rotore del diametro complessivo (da pala a pala) di <strong>92 metri<\/strong>, capaci di sviluppare 2 MegaWatt di energia elettrica all\u2019anno, per una <strong>produzione complessiva di 155 GigaWatt per ogni anno<\/strong>.<\/p>\n<div style=\"text-align: justify;\"><\/div>\n<p style=\"text-align: justify;\">Il Progetto \u00e8 stato presentato dalla <em>\u201cEnel Green Power\u201d<\/em> e predisposto da una societ\u00e0 di Livorno, la \u201cSintecnica\u201d. Prevede la creazione di un vastissimo campo eolico con torri che svettano sull\u2019orizzonte: arrivando a Cassano, da Bari o Acquaviva o Bitetto, sar\u00e0 impossibile non vederle. Non solo per la maestosit\u00e0 di ognuna di esse ma anche per il numero e la disposizione a ventaglio.<\/p>\n<p style=\"text-align: justify;\">Il Parco Eolico, infatti, si estender\u00e0 dalla vecchia strada che conduce a Collone ed Acquaviva, (a poche centinaia di metri dalle abitazioni) attraversando la via per Bari (Via Sannicandro), giungendo a Via Bitetto e alla Cava Grande fino a via Grumo, lambendo la Zona Industriale: le ultime torri sono previste in Via della Scaletta, nei pressi delle aziende del \u201cCosvim\u201d.<\/p>\n<div style=\"text-align: justify;\"><\/div>\n<p style=\"text-align: justify;\">Si tratta, insomma, di un investimento di milioni di euro in grado, per\u00f2, di trasformare per sempre \u2013 con il forte impatto visivo \u2013 il paesaggio cassanese e la visione che da qui si ha di tutta la Terra di Bari.<\/p>\n<div style=\"text-align: justify;\"><\/div>\n<p style=\"text-align: justify;\">Al momento la situazione \u00e8 questa: la <em>\u201cEnel Green Power\u201d <\/em>ha presentato tutti gli elaborati presso la Provincia di Bari \u2013 Servizio Ambiente per la procedura di verifica della assoggettabilit\u00e0 a VIA (Valutazione di Impatto Ambientale); la documentazione \u2013 per conoscenza \u2013 \u00e8 stata depositata presso il Comune di Cassano. Che tuttavia rischia di essere completamente estromesso da ogni decisione, perlomeno sostanziale.<\/p>\n<div style=\"text-align: justify;\"><\/div>\n<p style=\"text-align: justify;\">Se, infatti, per la concessione della VIA occorre il parere della Provincia e per l\u2019autorizzazione definitiva serve quella della Regione, la voce in capitolo da parte delle amministrazioni locali \u00e8 quasi nulla.<\/p>\n<div style=\"text-align: justify;\"><\/div>\n<p style=\"text-align: justify;\">Proprio ieri, fra l\u2019altro,\u00a0 la Corte Costituzionale ha bocciato una serie di norme in base alle quali la Regione Puglia subordinava l\u2019installazione di nuovi impianti all\u2019approvazione da parte dei comuni di un Piano di realizzazione degli impianti eolici (Prie).<\/p>\n<div style=\"text-align: justify;\"><\/div>\n<p style=\"text-align: justify;\">Le Regioni, cio\u00e8, non possono indicare i luoghi in cui non \u00e8 possibile costruire gli impianti eolici perch\u00e8 il loro \u201ccorretto inserimento\u201d deve avvenire secondo linee guida nazionali. <\/p>\n<p> A fare ricorso alla Consulta era stato il Tar della Puglia, nell\u2019ambito di una controversia tra la societ\u00e0 Farpower Srl e la Regione che aveva negato l\u2019autorizzazione alla realizzazione di un parco eolico. La Corte, con la sentenza n. 344\/2010, ha rilevato innanzitutto che il tema dell\u2019energia elettrica prodotta da fonti energetiche rinnovabili riguarda \u201cla competenza esclusiva dello Stato in materia ambientale\u201d; motivo per cui le Regioni non possono \u201cadottare una propria disciplina in ordine ai siti non inidonei all\u2019installazione degli impianti eolici prima dell\u2019approvazione delle linee guida nazionali\u201d.\u00a0 Inoltre, nel prevedere limiti, condizioni e adempimenti al cui rispetto \u00e8 subordinato il rilascio dell\u2019autorizzazione, le norme regionali violano i principi fondamentali fissati dal legislatore in materia di produzione, trasporto e produzione nazionale dell\u2019energia. \u201cLa norma statale, infatti, inspirata a canoni di semplificazione \u2013 si legge nella sentenza -, \u00e8 finalizzata a rendere pi\u00f9 rapida la costruzione degli impianti di produzione di energia alternativa e non contempla alcuna delle condizioni o degli adempimenti\u201d previsti dallo strumento di pianificazione regionale Prie.\u00a0<br \/> <strong> <\/strong><\/p>\n<div style=\"text-align: justify;\"><\/div>\n<p style=\"text-align: justify;\">Sulla bocciatura da parte della Corte Costituzionale del Regolamento regionale, il presidente del Consiglio regionale <strong>Onofrio Introna, <\/strong>anche in qualit\u00e0 di ex Assessore regionale all\u2019ambiente ha affermato che \u201ci<em>l regolamento 16 ha sin qui garantito la tutela del territorio e del paesaggio, pur sapendo che si trattava di una sorta di forzatura nei confronti del governo nazionale, che dal 2003 si era impegnato ad approvare linee guida arrivate solo a settembre 2010.<\/em> <em>In questo arco temporale di vacanza legislativa nazionale, il Regolamento 16 ha fatto da argine al tentativo di invadere la nostra regione col proliferare ingovernato di impianti eolici.<\/em> <em>Ora per la Puglia non cambia niente, anche perch\u00e9 mi risulta che linee guida regionali sono gi\u00e0 pronte, saranno recepite dalla Giunta fin dalla prossima settimana e sono gi\u00e0 state portate all\u2019attenzione del partenariato istituzionale economico e sociale. Il Consiglio regionale, le commissioni, faranno la loro parte per consentire un percorso sollecito al provvedimento<\/em>\u201d.<\/p>\n<div style=\"text-align: justify;\"><\/div>\n<p style=\"text-align: justify;\"><strong>Il progetto, dunque, \u00e8 arrivato in un brutto momento per il territorio cassanese: sapremo farcene carico?<\/strong><\/p>\n<p style=\"text-align: justify;\">\u00a0<\/p>\n<p style=\"text-align: justify;\"><strong><br \/><\/strong><\/p>\n<p style=\"text-align: justify;\">Per saperne di pi\u00f9 sull&#8217;impatto dell&#8217;eolico sul territorio: <a target=\"_self\" href=\"http:\/\/www.viadalvento.org\/\" rel=\"noopener\">www.viadalvento.org<\/a><\/p>\n","protected":false},"excerpt":{"rendered":"","protected":false},"author":1,"featured_media":2389,"comment_status":"open","ping_status":"closed","sticky":false,"template":"","format":"standard","meta":{"colormag_page_container_layout":"default_layout","colormag_page_sidebar_layout":"default_layout","footnotes":""},"categories":[7],"tags":[],"class_list":["post-2390","post","type-post","status-publish","format-standard","has-post-thumbnail","hentry","category-attualita"],"yoast_head":"<!-- This site is optimized with the Yoast SEO plugin v27.5 - https:\/\/yoast.com\/product\/yoast-seo-wordpress\/ -->\n<title>UN PARCO EOLICO DA 33 TORRI SORGERA&#039; A CASSANO - Archivio CassanoWeb<\/title>\n<meta name=\"robots\" content=\"index, follow, max-snippet:-1, max-image-preview:large, max-video-preview:-1\" \/>\n<link rel=\"canonical\" href=\"https:\/\/archiviocassano.lavocedelpaese.info\/index.php\/2010\/11\/26\/un-parco-eolico-da-33-torri-alte-cento-metri-sta-per-sorgere-a-cassano\/\" \/>\n<meta property=\"og:locale\" content=\"it_IT\" \/>\n<meta property=\"og:type\" content=\"article\" \/>\n<meta property=\"og:title\" content=\"UN PARCO EOLICO DA 33 TORRI SORGERA&#039; A CASSANO - Archivio CassanoWeb\" \/>\n<meta property=\"og:url\" content=\"https:\/\/archiviocassano.lavocedelpaese.info\/index.php\/2010\/11\/26\/un-parco-eolico-da-33-torri-alte-cento-metri-sta-per-sorgere-a-cassano\/\" \/>\n<meta property=\"og:site_name\" content=\"Archivio CassanoWeb\" \/>\n<meta property=\"article:publisher\" content=\"https:\/\/www.facebook.com\/redazione.cassanoweb\" \/>\n<meta property=\"article:published_time\" content=\"2010-11-26T22:51:02+00:00\" \/>\n<meta property=\"og:image\" content=\"https:\/\/archiviocassano.lavocedelpaese.info\/wp-content\/uploads\/2010\/11\/eolica.jpg\" \/>\n\t<meta property=\"og:image:width\" content=\"640\" \/>\n\t<meta property=\"og:image:height\" content=\"300\" \/>\n\t<meta property=\"og:image:type\" content=\"image\/jpeg\" \/>\n<meta name=\"author\" content=\"admin\" \/>\n<meta name=\"twitter:card\" content=\"summary_large_image\" \/>\n<meta name=\"twitter:label1\" content=\"Scritto da\" \/>\n\t<meta name=\"twitter:data1\" content=\"admin\" \/>\n\t<meta name=\"twitter:label2\" content=\"Tempo di lettura stimato\" \/>\n\t<meta name=\"twitter:data2\" content=\"4 minuti\" \/>\n<script type=\"application\/ld+json\" class=\"yoast-schema-graph\">{\"@context\":\"https:\\\/\\\/schema.org\",\"@graph\":[{\"@type\":\"Article\",\"@id\":\"https:\\\/\\\/archiviocassano.lavocedelpaese.info\\\/index.php\\\/2010\\\/11\\\/26\\\/un-parco-eolico-da-33-torri-alte-cento-metri-sta-per-sorgere-a-cassano\\\/#article\",\"isPartOf\":{\"@id\":\"https:\\\/\\\/archiviocassano.lavocedelpaese.info\\\/index.php\\\/2010\\\/11\\\/26\\\/un-parco-eolico-da-33-torri-alte-cento-metri-sta-per-sorgere-a-cassano\\\/\"},\"author\":{\"name\":\"admin\",\"@id\":\"https:\\\/\\\/archiviocassano.lavocedelpaese.info\\\/#\\\/schema\\\/person\\\/df195bc79a9b4c35127cf005f92e041b\"},\"headline\":\"UN PARCO EOLICO DA 33 TORRI SORGERA&#8217; A CASSANO\",\"datePublished\":\"2010-11-26T22:51:02+00:00\",\"mainEntityOfPage\":{\"@id\":\"https:\\\/\\\/archiviocassano.lavocedelpaese.info\\\/index.php\\\/2010\\\/11\\\/26\\\/un-parco-eolico-da-33-torri-alte-cento-metri-sta-per-sorgere-a-cassano\\\/\"},\"wordCount\":819,\"commentCount\":0,\"publisher\":{\"@id\":\"https:\\\/\\\/archiviocassano.lavocedelpaese.info\\\/#organization\"},\"image\":{\"@id\":\"https:\\\/\\\/archiviocassano.lavocedelpaese.info\\\/index.php\\\/2010\\\/11\\\/26\\\/un-parco-eolico-da-33-torri-alte-cento-metri-sta-per-sorgere-a-cassano\\\/#primaryimage\"},\"thumbnailUrl\":\"https:\\\/\\\/archiviocassano.lavocedelpaese.info\\\/wp-content\\\/uploads\\\/2010\\\/11\\\/eolica.jpg\",\"articleSection\":[\"Attualit\u00e0\"],\"inLanguage\":\"it-IT\",\"potentialAction\":[{\"@type\":\"CommentAction\",\"name\":\"Comment\",\"target\":[\"https:\\\/\\\/archiviocassano.lavocedelpaese.info\\\/index.php\\\/2010\\\/11\\\/26\\\/un-parco-eolico-da-33-torri-alte-cento-metri-sta-per-sorgere-a-cassano\\\/#respond\"]}]},{\"@type\":\"WebPage\",\"@id\":\"https:\\\/\\\/archiviocassano.lavocedelpaese.info\\\/index.php\\\/2010\\\/11\\\/26\\\/un-parco-eolico-da-33-torri-alte-cento-metri-sta-per-sorgere-a-cassano\\\/\",\"url\":\"https:\\\/\\\/archiviocassano.lavocedelpaese.info\\\/index.php\\\/2010\\\/11\\\/26\\\/un-parco-eolico-da-33-torri-alte-cento-metri-sta-per-sorgere-a-cassano\\\/\",\"name\":\"UN PARCO EOLICO DA 33 TORRI SORGERA' A CASSANO - Archivio CassanoWeb\",\"isPartOf\":{\"@id\":\"https:\\\/\\\/archiviocassano.lavocedelpaese.info\\\/#website\"},\"primaryImageOfPage\":{\"@id\":\"https:\\\/\\\/archiviocassano.lavocedelpaese.info\\\/index.php\\\/2010\\\/11\\\/26\\\/un-parco-eolico-da-33-torri-alte-cento-metri-sta-per-sorgere-a-cassano\\\/#primaryimage\"},\"image\":{\"@id\":\"https:\\\/\\\/archiviocassano.lavocedelpaese.info\\\/index.php\\\/2010\\\/11\\\/26\\\/un-parco-eolico-da-33-torri-alte-cento-metri-sta-per-sorgere-a-cassano\\\/#primaryimage\"},\"thumbnailUrl\":\"https:\\\/\\\/archiviocassano.lavocedelpaese.info\\\/wp-content\\\/uploads\\\/2010\\\/11\\\/eolica.jpg\",\"datePublished\":\"2010-11-26T22:51:02+00:00\",\"breadcrumb\":{\"@id\":\"https:\\\/\\\/archiviocassano.lavocedelpaese.info\\\/index.php\\\/2010\\\/11\\\/26\\\/un-parco-eolico-da-33-torri-alte-cento-metri-sta-per-sorgere-a-cassano\\\/#breadcrumb\"},\"inLanguage\":\"it-IT\",\"potentialAction\":[{\"@type\":\"ReadAction\",\"target\":[\"https:\\\/\\\/archiviocassano.lavocedelpaese.info\\\/index.php\\\/2010\\\/11\\\/26\\\/un-parco-eolico-da-33-torri-alte-cento-metri-sta-per-sorgere-a-cassano\\\/\"]}]},{\"@type\":\"ImageObject\",\"inLanguage\":\"it-IT\",\"@id\":\"https:\\\/\\\/archiviocassano.lavocedelpaese.info\\\/index.php\\\/2010\\\/11\\\/26\\\/un-parco-eolico-da-33-torri-alte-cento-metri-sta-per-sorgere-a-cassano\\\/#primaryimage\",\"url\":\"https:\\\/\\\/archiviocassano.lavocedelpaese.info\\\/wp-content\\\/uploads\\\/2010\\\/11\\\/eolica.jpg\",\"contentUrl\":\"https:\\\/\\\/archiviocassano.lavocedelpaese.info\\\/wp-content\\\/uploads\\\/2010\\\/11\\\/eolica.jpg\",\"width\":640,\"height\":300,\"caption\":\"eolica\"},{\"@type\":\"BreadcrumbList\",\"@id\":\"https:\\\/\\\/archiviocassano.lavocedelpaese.info\\\/index.php\\\/2010\\\/11\\\/26\\\/un-parco-eolico-da-33-torri-alte-cento-metri-sta-per-sorgere-a-cassano\\\/#breadcrumb\",\"itemListElement\":[{\"@type\":\"ListItem\",\"position\":1,\"name\":\"Home\",\"item\":\"https:\\\/\\\/archiviocassano.lavocedelpaese.info\\\/\"},{\"@type\":\"ListItem\",\"position\":2,\"name\":\"UN PARCO EOLICO DA 33 TORRI SORGERA&#8217; A CASSANO\"}]},{\"@type\":\"WebSite\",\"@id\":\"https:\\\/\\\/archiviocassano.lavocedelpaese.info\\\/#website\",\"url\":\"https:\\\/\\\/archiviocassano.lavocedelpaese.info\\\/\",\"name\":\"Archivio CassanoWeb\",\"description\":\"La Voce del Paese - un network di idee\",\"publisher\":{\"@id\":\"https:\\\/\\\/archiviocassano.lavocedelpaese.info\\\/#organization\"},\"potentialAction\":[{\"@type\":\"SearchAction\",\"target\":{\"@type\":\"EntryPoint\",\"urlTemplate\":\"https:\\\/\\\/archiviocassano.lavocedelpaese.info\\\/?s={search_term_string}\"},\"query-input\":{\"@type\":\"PropertyValueSpecification\",\"valueRequired\":true,\"valueName\":\"search_term_string\"}}],\"inLanguage\":\"it-IT\"},{\"@type\":\"Organization\",\"@id\":\"https:\\\/\\\/archiviocassano.lavocedelpaese.info\\\/#organization\",\"name\":\"Archivio CassanoWeb\",\"url\":\"https:\\\/\\\/archiviocassano.lavocedelpaese.info\\\/\",\"logo\":{\"@type\":\"ImageObject\",\"inLanguage\":\"it-IT\",\"@id\":\"https:\\\/\\\/archiviocassano.lavocedelpaese.info\\\/#\\\/schema\\\/logo\\\/image\\\/\",\"url\":\"https:\\\/\\\/archiviocassano.lavocedelpaese.info\\\/wp-content\\\/uploads\\\/2024\\\/08\\\/logo-rosso-2.png\",\"contentUrl\":\"https:\\\/\\\/archiviocassano.lavocedelpaese.info\\\/wp-content\\\/uploads\\\/2024\\\/08\\\/logo-rosso-2.png\",\"width\":491,\"height\":432,\"caption\":\"Archivio CassanoWeb\"},\"image\":{\"@id\":\"https:\\\/\\\/archiviocassano.lavocedelpaese.info\\\/#\\\/schema\\\/logo\\\/image\\\/\"},\"sameAs\":[\"https:\\\/\\\/www.facebook.com\\\/redazione.cassanoweb\"]},{\"@type\":\"Person\",\"@id\":\"https:\\\/\\\/archiviocassano.lavocedelpaese.info\\\/#\\\/schema\\\/person\\\/df195bc79a9b4c35127cf005f92e041b\",\"name\":\"admin\",\"image\":{\"@type\":\"ImageObject\",\"inLanguage\":\"it-IT\",\"@id\":\"https:\\\/\\\/secure.gravatar.com\\\/avatar\\\/eabba89a432e8eaa1b0207cc55f7e5340b22712b1ed80677efcf63e02ff5b235?s=96&d=mm&r=g\",\"url\":\"https:\\\/\\\/secure.gravatar.com\\\/avatar\\\/eabba89a432e8eaa1b0207cc55f7e5340b22712b1ed80677efcf63e02ff5b235?s=96&d=mm&r=g\",\"contentUrl\":\"https:\\\/\\\/secure.gravatar.com\\\/avatar\\\/eabba89a432e8eaa1b0207cc55f7e5340b22712b1ed80677efcf63e02ff5b235?s=96&d=mm&r=g\",\"caption\":\"admin\"},\"sameAs\":[\"https:\\\/\\\/archiviocassano.lavocedelpaese.info\"],\"url\":\"https:\\\/\\\/archiviocassano.lavocedelpaese.info\\\/index.php\\\/author\\\/admin_0qgz1xdp\\\/\"}]}<\/script>\n<!-- \/ Yoast SEO plugin. -->","yoast_head_json":{"title":"UN PARCO EOLICO DA 33 TORRI SORGERA' A CASSANO - Archivio CassanoWeb","robots":{"index":"index","follow":"follow","max-snippet":"max-snippet:-1","max-image-preview":"max-image-preview:large","max-video-preview":"max-video-preview:-1"},"canonical":"https:\/\/archiviocassano.lavocedelpaese.info\/index.php\/2010\/11\/26\/un-parco-eolico-da-33-torri-alte-cento-metri-sta-per-sorgere-a-cassano\/","og_locale":"it_IT","og_type":"article","og_title":"UN PARCO EOLICO DA 33 TORRI SORGERA' A CASSANO - Archivio CassanoWeb","og_url":"https:\/\/archiviocassano.lavocedelpaese.info\/index.php\/2010\/11\/26\/un-parco-eolico-da-33-torri-alte-cento-metri-sta-per-sorgere-a-cassano\/","og_site_name":"Archivio CassanoWeb","article_publisher":"https:\/\/www.facebook.com\/redazione.cassanoweb","article_published_time":"2010-11-26T22:51:02+00:00","og_image":[{"width":640,"height":300,"url":"https:\/\/archiviocassano.lavocedelpaese.info\/wp-content\/uploads\/2010\/11\/eolica.jpg","type":"image\/jpeg"}],"author":"admin","twitter_card":"summary_large_image","twitter_misc":{"Scritto da":"admin","Tempo di lettura stimato":"4 minuti"},"schema":{"@context":"https:\/\/schema.org","@graph":[{"@type":"Article","@id":"https:\/\/archiviocassano.lavocedelpaese.info\/index.php\/2010\/11\/26\/un-parco-eolico-da-33-torri-alte-cento-metri-sta-per-sorgere-a-cassano\/#article","isPartOf":{"@id":"https:\/\/archiviocassano.lavocedelpaese.info\/index.php\/2010\/11\/26\/un-parco-eolico-da-33-torri-alte-cento-metri-sta-per-sorgere-a-cassano\/"},"author":{"name":"admin","@id":"https:\/\/archiviocassano.lavocedelpaese.info\/#\/schema\/person\/df195bc79a9b4c35127cf005f92e041b"},"headline":"UN PARCO EOLICO DA 33 TORRI SORGERA&#8217; A CASSANO","datePublished":"2010-11-26T22:51:02+00:00","mainEntityOfPage":{"@id":"https:\/\/archiviocassano.lavocedelpaese.info\/index.php\/2010\/11\/26\/un-parco-eolico-da-33-torri-alte-cento-metri-sta-per-sorgere-a-cassano\/"},"wordCount":819,"commentCount":0,"publisher":{"@id":"https:\/\/archiviocassano.lavocedelpaese.info\/#organization"},"image":{"@id":"https:\/\/archiviocassano.lavocedelpaese.info\/index.php\/2010\/11\/26\/un-parco-eolico-da-33-torri-alte-cento-metri-sta-per-sorgere-a-cassano\/#primaryimage"},"thumbnailUrl":"https:\/\/archiviocassano.lavocedelpaese.info\/wp-content\/uploads\/2010\/11\/eolica.jpg","articleSection":["Attualit\u00e0"],"inLanguage":"it-IT","potentialAction":[{"@type":"CommentAction","name":"Comment","target":["https:\/\/archiviocassano.lavocedelpaese.info\/index.php\/2010\/11\/26\/un-parco-eolico-da-33-torri-alte-cento-metri-sta-per-sorgere-a-cassano\/#respond"]}]},{"@type":"WebPage","@id":"https:\/\/archiviocassano.lavocedelpaese.info\/index.php\/2010\/11\/26\/un-parco-eolico-da-33-torri-alte-cento-metri-sta-per-sorgere-a-cassano\/","url":"https:\/\/archiviocassano.lavocedelpaese.info\/index.php\/2010\/11\/26\/un-parco-eolico-da-33-torri-alte-cento-metri-sta-per-sorgere-a-cassano\/","name":"UN PARCO EOLICO DA 33 TORRI SORGERA' A CASSANO - Archivio CassanoWeb","isPartOf":{"@id":"https:\/\/archiviocassano.lavocedelpaese.info\/#website"},"primaryImageOfPage":{"@id":"https:\/\/archiviocassano.lavocedelpaese.info\/index.php\/2010\/11\/26\/un-parco-eolico-da-33-torri-alte-cento-metri-sta-per-sorgere-a-cassano\/#primaryimage"},"image":{"@id":"https:\/\/archiviocassano.lavocedelpaese.info\/index.php\/2010\/11\/26\/un-parco-eolico-da-33-torri-alte-cento-metri-sta-per-sorgere-a-cassano\/#primaryimage"},"thumbnailUrl":"https:\/\/archiviocassano.lavocedelpaese.info\/wp-content\/uploads\/2010\/11\/eolica.jpg","datePublished":"2010-11-26T22:51:02+00:00","breadcrumb":{"@id":"https:\/\/archiviocassano.lavocedelpaese.info\/index.php\/2010\/11\/26\/un-parco-eolico-da-33-torri-alte-cento-metri-sta-per-sorgere-a-cassano\/#breadcrumb"},"inLanguage":"it-IT","potentialAction":[{"@type":"ReadAction","target":["https:\/\/archiviocassano.lavocedelpaese.info\/index.php\/2010\/11\/26\/un-parco-eolico-da-33-torri-alte-cento-metri-sta-per-sorgere-a-cassano\/"]}]},{"@type":"ImageObject","inLanguage":"it-IT","@id":"https:\/\/archiviocassano.lavocedelpaese.info\/index.php\/2010\/11\/26\/un-parco-eolico-da-33-torri-alte-cento-metri-sta-per-sorgere-a-cassano\/#primaryimage","url":"https:\/\/archiviocassano.lavocedelpaese.info\/wp-content\/uploads\/2010\/11\/eolica.jpg","contentUrl":"https:\/\/archiviocassano.lavocedelpaese.info\/wp-content\/uploads\/2010\/11\/eolica.jpg","width":640,"height":300,"caption":"eolica"},{"@type":"BreadcrumbList","@id":"https:\/\/archiviocassano.lavocedelpaese.info\/index.php\/2010\/11\/26\/un-parco-eolico-da-33-torri-alte-cento-metri-sta-per-sorgere-a-cassano\/#breadcrumb","itemListElement":[{"@type":"ListItem","position":1,"name":"Home","item":"https:\/\/archiviocassano.lavocedelpaese.info\/"},{"@type":"ListItem","position":2,"name":"UN PARCO EOLICO DA 33 TORRI SORGERA&#8217; A CASSANO"}]},{"@type":"WebSite","@id":"https:\/\/archiviocassano.lavocedelpaese.info\/#website","url":"https:\/\/archiviocassano.lavocedelpaese.info\/","name":"Archivio CassanoWeb","description":"La Voce del Paese - un network di idee","publisher":{"@id":"https:\/\/archiviocassano.lavocedelpaese.info\/#organization"},"potentialAction":[{"@type":"SearchAction","target":{"@type":"EntryPoint","urlTemplate":"https:\/\/archiviocassano.lavocedelpaese.info\/?s={search_term_string}"},"query-input":{"@type":"PropertyValueSpecification","valueRequired":true,"valueName":"search_term_string"}}],"inLanguage":"it-IT"},{"@type":"Organization","@id":"https:\/\/archiviocassano.lavocedelpaese.info\/#organization","name":"Archivio CassanoWeb","url":"https:\/\/archiviocassano.lavocedelpaese.info\/","logo":{"@type":"ImageObject","inLanguage":"it-IT","@id":"https:\/\/archiviocassano.lavocedelpaese.info\/#\/schema\/logo\/image\/","url":"https:\/\/archiviocassano.lavocedelpaese.info\/wp-content\/uploads\/2024\/08\/logo-rosso-2.png","contentUrl":"https:\/\/archiviocassano.lavocedelpaese.info\/wp-content\/uploads\/2024\/08\/logo-rosso-2.png","width":491,"height":432,"caption":"Archivio CassanoWeb"},"image":{"@id":"https:\/\/archiviocassano.lavocedelpaese.info\/#\/schema\/logo\/image\/"},"sameAs":["https:\/\/www.facebook.com\/redazione.cassanoweb"]},{"@type":"Person","@id":"https:\/\/archiviocassano.lavocedelpaese.info\/#\/schema\/person\/df195bc79a9b4c35127cf005f92e041b","name":"admin","image":{"@type":"ImageObject","inLanguage":"it-IT","@id":"https:\/\/secure.gravatar.com\/avatar\/eabba89a432e8eaa1b0207cc55f7e5340b22712b1ed80677efcf63e02ff5b235?s=96&d=mm&r=g","url":"https:\/\/secure.gravatar.com\/avatar\/eabba89a432e8eaa1b0207cc55f7e5340b22712b1ed80677efcf63e02ff5b235?s=96&d=mm&r=g","contentUrl":"https:\/\/secure.gravatar.com\/avatar\/eabba89a432e8eaa1b0207cc55f7e5340b22712b1ed80677efcf63e02ff5b235?s=96&d=mm&r=g","caption":"admin"},"sameAs":["https:\/\/archiviocassano.lavocedelpaese.info"],"url":"https:\/\/archiviocassano.lavocedelpaese.info\/index.php\/author\/admin_0qgz1xdp\/"}]}},"_links":{"self":[{"href":"https:\/\/archiviocassano.lavocedelpaese.info\/index.php\/wp-json\/wp\/v2\/posts\/2390","targetHints":{"allow":["GET"]}}],"collection":[{"href":"https:\/\/archiviocassano.lavocedelpaese.info\/index.php\/wp-json\/wp\/v2\/posts"}],"about":[{"href":"https:\/\/archiviocassano.lavocedelpaese.info\/index.php\/wp-json\/wp\/v2\/types\/post"}],"author":[{"embeddable":true,"href":"https:\/\/archiviocassano.lavocedelpaese.info\/index.php\/wp-json\/wp\/v2\/users\/1"}],"replies":[{"embeddable":true,"href":"https:\/\/archiviocassano.lavocedelpaese.info\/index.php\/wp-json\/wp\/v2\/comments?post=2390"}],"version-history":[{"count":0,"href":"https:\/\/archiviocassano.lavocedelpaese.info\/index.php\/wp-json\/wp\/v2\/posts\/2390\/revisions"}],"wp:featuredmedia":[{"embeddable":true,"href":"https:\/\/archiviocassano.lavocedelpaese.info\/index.php\/wp-json\/wp\/v2\/media\/2389"}],"wp:attachment":[{"href":"https:\/\/archiviocassano.lavocedelpaese.info\/index.php\/wp-json\/wp\/v2\/media?parent=2390"}],"wp:term":[{"taxonomy":"category","embeddable":true,"href":"https:\/\/archiviocassano.lavocedelpaese.info\/index.php\/wp-json\/wp\/v2\/categories?post=2390"},{"taxonomy":"post_tag","embeddable":true,"href":"https:\/\/archiviocassano.lavocedelpaese.info\/index.php\/wp-json\/wp\/v2\/tags?post=2390"}],"curies":[{"name":"wp","href":"https:\/\/api.w.org\/{rel}","templated":true}]}}