{"id":2433,"date":"2010-12-05T15:01:40","date_gmt":"2010-12-05T15:01:40","guid":{"rendered":"https:\/\/archiviocassano.lavocedelpaese.info\/index.php\/2010\/12\/05\/eolico-il-parco-dellalta-murgia-rischia-laccerchiamento-dice-modesti\/"},"modified":"2010-12-05T15:01:40","modified_gmt":"2010-12-05T15:01:40","slug":"eolico-il-parco-dellalta-murgia-rischia-laccerchiamento-dice-modesti","status":"publish","type":"post","link":"https:\/\/archiviocassano.lavocedelpaese.info\/index.php\/2010\/12\/05\/eolico-il-parco-dellalta-murgia-rischia-laccerchiamento-dice-modesti\/","title":{"rendered":"EOLICO, L\u2019ALTA MURGIA RISCHIA L\u2019ACCERCHIAMENTO"},"content":{"rendered":"<p><img loading=\"lazy\" decoding=\"async\" class=\" size-full wp-image-975\" alt=\"foto_vincitrice_del_concorso_Alta_Murgia\" src=\"https:\/\/archiviocassano.lavocedelpaese.info\/wp-content\/uploads\/2010\/02\/foto_vincitrice_del_concorso_Alta_Murgia.jpg\" width=\"320\" height=\"150\" srcset=\"https:\/\/archiviocassano.lavocedelpaese.info\/wp-content\/uploads\/2010\/02\/foto_vincitrice_del_concorso_Alta_Murgia.jpg 640w, https:\/\/archiviocassano.lavocedelpaese.info\/wp-content\/uploads\/2010\/02\/foto_vincitrice_del_concorso_Alta_Murgia-300x141.jpg 300w\" sizes=\"auto, (max-width: 320px) 100vw, 320px\" \/> <\/p>\n<p><!--more--><\/p>\n<p style=\"text-align: justify;\"><em>\u201cStiamo assistendo ad una sorta di accerchiamento da parte di\u00a0 impianti energetici realizzati o in animo di realizzazione, appena al di fuori dei suoi confini con conseguente\u00a0 notevole\u00a0 insularizzazione\u00a0 dell&#8217;area\u00a0 naturale\u00a0 protetta\u00a0 determinata\u00a0 dalla\u00a0 riduzione\u00a0 della\u00a0 continuit\u00e0 ecologica\u201d.<\/em><\/p>\n<div style=\"text-align: justify;\"><\/div>\n<p style=\"text-align: justify;\">A lanciare l\u2019allarme <strong>\u00e8 il direttore dell\u2019Ente Parco Alta Murgia, Fabio Modesti<\/strong> che <a target=\"_blank\" href=\"http:\/\/www.parcoaltamurgia.it\/images\/2010\/Osservazioni_linee_guida_FER.pdf\" rel=\"noopener\">in una lettera alla Regione Puglia<\/a> chiede che il Parco <strong><span style=\"text-decoration: underline;\">non diventi un\u2019isola in mezzo ad un mare di pannelli solari e pale eoliche.<\/span><\/strong><\/p>\n<div style=\"text-align: justify;\"><\/div>\n<p style=\"text-align: justify;\">Modesti sembra fare riferimento, certo non esplicitamente, <a target=\"_blank\" href=\"attualita\/1783-un-parco-eolico-da-33-torri-alte-cento-metri-sta-per-sorgere-a-cassano.html\" rel=\"noopener\">a quanto sta accadendo a Cassano, con il previsto impianto eolico da costruirsi nella piana che degrada verso Bari:<\/a> 33 pale eoliche da 100 metri di altezza ciascuna da costruirsi ai confini del Parco dell\u2019Alta Murgia: grazie all\u2019istituzione dello stesso, infatti, si \u00e8 evitato lo scempio ambientale entro i suoi confini, ma chi salvaguarda quello che c\u2019\u00e8 appena fuori dagli stessi?<\/p>\n<div style=\"text-align: justify;\"><\/div>\n<p style=\"text-align: justify;\">Il Direttore chiede alla Regione Puglia di farlo e in maniera celere ed efficace, sia per quanto riguarda le centrale eoliche che gli appezzamenti di pannelli solari che stanno spuntando in tutta la Puglia, compreso il nostro territorio.<\/p>\n<div style=\"text-align: justify;\"><\/div>\n<p style=\"text-align: justify;\">A questo proposito il Regolamento del Parco pu\u00f2 essere una buona guida poich\u00e9 gi\u00e0 prevede una serie di regole per l\u2019installazione di impianti per la produzione di energia da fonti alternative, tant\u2019\u00e8 che Modesti ha proposto agli assessori regionali Barbanente (Qualit\u00e0 del territorio), Capone (Sviluppo Economico\u201d e Nicastro (Qualit\u00e0 dell\u2019Ambiente) una serie di provvedimenti da adottare all\u2019interno del \u201cDocumento di individuazione delle aree non idonee all\u2019installazione di FER\u201d che la Regione Puglia sta predisponendo.<\/p>\n","protected":false},"excerpt":{"rendered":"","protected":false},"author":1,"featured_media":975,"comment_status":"open","ping_status":"closed","sticky":false,"template":"","format":"standard","meta":{"colormag_page_container_layout":"default_layout","colormag_page_sidebar_layout":"default_layout","footnotes":""},"categories":[7],"tags":[],"class_list":["post-2433","post","type-post","status-publish","format-standard","has-post-thumbnail","hentry","category-attualita"],"yoast_head":"<!-- This site is optimized with the Yoast SEO plugin v27.5 - https:\/\/yoast.com\/product\/yoast-seo-wordpress\/ -->\n<title>EOLICO, L\u2019ALTA MURGIA RISCHIA L\u2019ACCERCHIAMENTO - Archivio CassanoWeb<\/title>\n<meta name=\"robots\" content=\"index, follow, max-snippet:-1, max-image-preview:large, max-video-preview:-1\" \/>\n<link rel=\"canonical\" href=\"https:\/\/archiviocassano.lavocedelpaese.info\/index.php\/2010\/12\/05\/eolico-il-parco-dellalta-murgia-rischia-laccerchiamento-dice-modesti\/\" \/>\n<meta property=\"og:locale\" content=\"it_IT\" \/>\n<meta property=\"og:type\" content=\"article\" \/>\n<meta property=\"og:title\" content=\"EOLICO, L\u2019ALTA MURGIA RISCHIA L\u2019ACCERCHIAMENTO - Archivio CassanoWeb\" \/>\n<meta property=\"og:url\" content=\"https:\/\/archiviocassano.lavocedelpaese.info\/index.php\/2010\/12\/05\/eolico-il-parco-dellalta-murgia-rischia-laccerchiamento-dice-modesti\/\" \/>\n<meta property=\"og:site_name\" content=\"Archivio CassanoWeb\" \/>\n<meta property=\"article:publisher\" content=\"https:\/\/www.facebook.com\/redazione.cassanoweb\" \/>\n<meta property=\"article:published_time\" content=\"2010-12-05T15:01:40+00:00\" \/>\n<meta property=\"og:image\" content=\"https:\/\/archiviocassano.lavocedelpaese.info\/wp-content\/uploads\/2010\/02\/foto_vincitrice_del_concorso_Alta_Murgia.jpg\" \/>\n\t<meta property=\"og:image:width\" content=\"640\" \/>\n\t<meta property=\"og:image:height\" content=\"300\" \/>\n\t<meta property=\"og:image:type\" content=\"image\/jpeg\" \/>\n<meta name=\"author\" content=\"admin\" \/>\n<meta name=\"twitter:card\" content=\"summary_large_image\" \/>\n<meta name=\"twitter:label1\" content=\"Scritto da\" \/>\n\t<meta name=\"twitter:data1\" content=\"admin\" \/>\n\t<meta name=\"twitter:label2\" content=\"Tempo di lettura stimato\" \/>\n\t<meta name=\"twitter:data2\" content=\"1 minuto\" \/>\n<script type=\"application\/ld+json\" class=\"yoast-schema-graph\">{\"@context\":\"https:\\\/\\\/schema.org\",\"@graph\":[{\"@type\":\"Article\",\"@id\":\"https:\\\/\\\/archiviocassano.lavocedelpaese.info\\\/index.php\\\/2010\\\/12\\\/05\\\/eolico-il-parco-dellalta-murgia-rischia-laccerchiamento-dice-modesti\\\/#article\",\"isPartOf\":{\"@id\":\"https:\\\/\\\/archiviocassano.lavocedelpaese.info\\\/index.php\\\/2010\\\/12\\\/05\\\/eolico-il-parco-dellalta-murgia-rischia-laccerchiamento-dice-modesti\\\/\"},\"author\":{\"name\":\"admin\",\"@id\":\"https:\\\/\\\/archiviocassano.lavocedelpaese.info\\\/#\\\/schema\\\/person\\\/df195bc79a9b4c35127cf005f92e041b\"},\"headline\":\"EOLICO, L\u2019ALTA MURGIA RISCHIA L\u2019ACCERCHIAMENTO\",\"datePublished\":\"2010-12-05T15:01:40+00:00\",\"mainEntityOfPage\":{\"@id\":\"https:\\\/\\\/archiviocassano.lavocedelpaese.info\\\/index.php\\\/2010\\\/12\\\/05\\\/eolico-il-parco-dellalta-murgia-rischia-laccerchiamento-dice-modesti\\\/\"},\"wordCount\":268,\"commentCount\":0,\"publisher\":{\"@id\":\"https:\\\/\\\/archiviocassano.lavocedelpaese.info\\\/#organization\"},\"image\":{\"@id\":\"https:\\\/\\\/archiviocassano.lavocedelpaese.info\\\/index.php\\\/2010\\\/12\\\/05\\\/eolico-il-parco-dellalta-murgia-rischia-laccerchiamento-dice-modesti\\\/#primaryimage\"},\"thumbnailUrl\":\"https:\\\/\\\/archiviocassano.lavocedelpaese.info\\\/wp-content\\\/uploads\\\/2010\\\/02\\\/foto_vincitrice_del_concorso_Alta_Murgia.jpg\",\"articleSection\":[\"Attualit\u00e0\"],\"inLanguage\":\"it-IT\",\"potentialAction\":[{\"@type\":\"CommentAction\",\"name\":\"Comment\",\"target\":[\"https:\\\/\\\/archiviocassano.lavocedelpaese.info\\\/index.php\\\/2010\\\/12\\\/05\\\/eolico-il-parco-dellalta-murgia-rischia-laccerchiamento-dice-modesti\\\/#respond\"]}]},{\"@type\":\"WebPage\",\"@id\":\"https:\\\/\\\/archiviocassano.lavocedelpaese.info\\\/index.php\\\/2010\\\/12\\\/05\\\/eolico-il-parco-dellalta-murgia-rischia-laccerchiamento-dice-modesti\\\/\",\"url\":\"https:\\\/\\\/archiviocassano.lavocedelpaese.info\\\/index.php\\\/2010\\\/12\\\/05\\\/eolico-il-parco-dellalta-murgia-rischia-laccerchiamento-dice-modesti\\\/\",\"name\":\"EOLICO, L\u2019ALTA MURGIA RISCHIA L\u2019ACCERCHIAMENTO - Archivio CassanoWeb\",\"isPartOf\":{\"@id\":\"https:\\\/\\\/archiviocassano.lavocedelpaese.info\\\/#website\"},\"primaryImageOfPage\":{\"@id\":\"https:\\\/\\\/archiviocassano.lavocedelpaese.info\\\/index.php\\\/2010\\\/12\\\/05\\\/eolico-il-parco-dellalta-murgia-rischia-laccerchiamento-dice-modesti\\\/#primaryimage\"},\"image\":{\"@id\":\"https:\\\/\\\/archiviocassano.lavocedelpaese.info\\\/index.php\\\/2010\\\/12\\\/05\\\/eolico-il-parco-dellalta-murgia-rischia-laccerchiamento-dice-modesti\\\/#primaryimage\"},\"thumbnailUrl\":\"https:\\\/\\\/archiviocassano.lavocedelpaese.info\\\/wp-content\\\/uploads\\\/2010\\\/02\\\/foto_vincitrice_del_concorso_Alta_Murgia.jpg\",\"datePublished\":\"2010-12-05T15:01:40+00:00\",\"breadcrumb\":{\"@id\":\"https:\\\/\\\/archiviocassano.lavocedelpaese.info\\\/index.php\\\/2010\\\/12\\\/05\\\/eolico-il-parco-dellalta-murgia-rischia-laccerchiamento-dice-modesti\\\/#breadcrumb\"},\"inLanguage\":\"it-IT\",\"potentialAction\":[{\"@type\":\"ReadAction\",\"target\":[\"https:\\\/\\\/archiviocassano.lavocedelpaese.info\\\/index.php\\\/2010\\\/12\\\/05\\\/eolico-il-parco-dellalta-murgia-rischia-laccerchiamento-dice-modesti\\\/\"]}]},{\"@type\":\"ImageObject\",\"inLanguage\":\"it-IT\",\"@id\":\"https:\\\/\\\/archiviocassano.lavocedelpaese.info\\\/index.php\\\/2010\\\/12\\\/05\\\/eolico-il-parco-dellalta-murgia-rischia-laccerchiamento-dice-modesti\\\/#primaryimage\",\"url\":\"https:\\\/\\\/archiviocassano.lavocedelpaese.info\\\/wp-content\\\/uploads\\\/2010\\\/02\\\/foto_vincitrice_del_concorso_Alta_Murgia.jpg\",\"contentUrl\":\"https:\\\/\\\/archiviocassano.lavocedelpaese.info\\\/wp-content\\\/uploads\\\/2010\\\/02\\\/foto_vincitrice_del_concorso_Alta_Murgia.jpg\",\"width\":640,\"height\":300,\"caption\":\"foto_vincitrice_del_concorso_Alta_Murgia\"},{\"@type\":\"BreadcrumbList\",\"@id\":\"https:\\\/\\\/archiviocassano.lavocedelpaese.info\\\/index.php\\\/2010\\\/12\\\/05\\\/eolico-il-parco-dellalta-murgia-rischia-laccerchiamento-dice-modesti\\\/#breadcrumb\",\"itemListElement\":[{\"@type\":\"ListItem\",\"position\":1,\"name\":\"Home\",\"item\":\"https:\\\/\\\/archiviocassano.lavocedelpaese.info\\\/\"},{\"@type\":\"ListItem\",\"position\":2,\"name\":\"EOLICO, L\u2019ALTA MURGIA RISCHIA L\u2019ACCERCHIAMENTO\"}]},{\"@type\":\"WebSite\",\"@id\":\"https:\\\/\\\/archiviocassano.lavocedelpaese.info\\\/#website\",\"url\":\"https:\\\/\\\/archiviocassano.lavocedelpaese.info\\\/\",\"name\":\"Archivio CassanoWeb\",\"description\":\"La Voce del Paese - un network di idee\",\"publisher\":{\"@id\":\"https:\\\/\\\/archiviocassano.lavocedelpaese.info\\\/#organization\"},\"potentialAction\":[{\"@type\":\"SearchAction\",\"target\":{\"@type\":\"EntryPoint\",\"urlTemplate\":\"https:\\\/\\\/archiviocassano.lavocedelpaese.info\\\/?s={search_term_string}\"},\"query-input\":{\"@type\":\"PropertyValueSpecification\",\"valueRequired\":true,\"valueName\":\"search_term_string\"}}],\"inLanguage\":\"it-IT\"},{\"@type\":\"Organization\",\"@id\":\"https:\\\/\\\/archiviocassano.lavocedelpaese.info\\\/#organization\",\"name\":\"Archivio CassanoWeb\",\"url\":\"https:\\\/\\\/archiviocassano.lavocedelpaese.info\\\/\",\"logo\":{\"@type\":\"ImageObject\",\"inLanguage\":\"it-IT\",\"@id\":\"https:\\\/\\\/archiviocassano.lavocedelpaese.info\\\/#\\\/schema\\\/logo\\\/image\\\/\",\"url\":\"https:\\\/\\\/archiviocassano.lavocedelpaese.info\\\/wp-content\\\/uploads\\\/2024\\\/08\\\/logo-rosso-2.png\",\"contentUrl\":\"https:\\\/\\\/archiviocassano.lavocedelpaese.info\\\/wp-content\\\/uploads\\\/2024\\\/08\\\/logo-rosso-2.png\",\"width\":491,\"height\":432,\"caption\":\"Archivio CassanoWeb\"},\"image\":{\"@id\":\"https:\\\/\\\/archiviocassano.lavocedelpaese.info\\\/#\\\/schema\\\/logo\\\/image\\\/\"},\"sameAs\":[\"https:\\\/\\\/www.facebook.com\\\/redazione.cassanoweb\"]},{\"@type\":\"Person\",\"@id\":\"https:\\\/\\\/archiviocassano.lavocedelpaese.info\\\/#\\\/schema\\\/person\\\/df195bc79a9b4c35127cf005f92e041b\",\"name\":\"admin\",\"image\":{\"@type\":\"ImageObject\",\"inLanguage\":\"it-IT\",\"@id\":\"https:\\\/\\\/secure.gravatar.com\\\/avatar\\\/eabba89a432e8eaa1b0207cc55f7e5340b22712b1ed80677efcf63e02ff5b235?s=96&d=mm&r=g\",\"url\":\"https:\\\/\\\/secure.gravatar.com\\\/avatar\\\/eabba89a432e8eaa1b0207cc55f7e5340b22712b1ed80677efcf63e02ff5b235?s=96&d=mm&r=g\",\"contentUrl\":\"https:\\\/\\\/secure.gravatar.com\\\/avatar\\\/eabba89a432e8eaa1b0207cc55f7e5340b22712b1ed80677efcf63e02ff5b235?s=96&d=mm&r=g\",\"caption\":\"admin\"},\"sameAs\":[\"https:\\\/\\\/archiviocassano.lavocedelpaese.info\"],\"url\":\"https:\\\/\\\/archiviocassano.lavocedelpaese.info\\\/index.php\\\/author\\\/admin_0qgz1xdp\\\/\"}]}<\/script>\n<!-- \/ Yoast SEO plugin. -->","yoast_head_json":{"title":"EOLICO, L\u2019ALTA MURGIA RISCHIA L\u2019ACCERCHIAMENTO - Archivio CassanoWeb","robots":{"index":"index","follow":"follow","max-snippet":"max-snippet:-1","max-image-preview":"max-image-preview:large","max-video-preview":"max-video-preview:-1"},"canonical":"https:\/\/archiviocassano.lavocedelpaese.info\/index.php\/2010\/12\/05\/eolico-il-parco-dellalta-murgia-rischia-laccerchiamento-dice-modesti\/","og_locale":"it_IT","og_type":"article","og_title":"EOLICO, L\u2019ALTA MURGIA RISCHIA L\u2019ACCERCHIAMENTO - Archivio CassanoWeb","og_url":"https:\/\/archiviocassano.lavocedelpaese.info\/index.php\/2010\/12\/05\/eolico-il-parco-dellalta-murgia-rischia-laccerchiamento-dice-modesti\/","og_site_name":"Archivio CassanoWeb","article_publisher":"https:\/\/www.facebook.com\/redazione.cassanoweb","article_published_time":"2010-12-05T15:01:40+00:00","og_image":[{"width":640,"height":300,"url":"https:\/\/archiviocassano.lavocedelpaese.info\/wp-content\/uploads\/2010\/02\/foto_vincitrice_del_concorso_Alta_Murgia.jpg","type":"image\/jpeg"}],"author":"admin","twitter_card":"summary_large_image","twitter_misc":{"Scritto da":"admin","Tempo di lettura stimato":"1 minuto"},"schema":{"@context":"https:\/\/schema.org","@graph":[{"@type":"Article","@id":"https:\/\/archiviocassano.lavocedelpaese.info\/index.php\/2010\/12\/05\/eolico-il-parco-dellalta-murgia-rischia-laccerchiamento-dice-modesti\/#article","isPartOf":{"@id":"https:\/\/archiviocassano.lavocedelpaese.info\/index.php\/2010\/12\/05\/eolico-il-parco-dellalta-murgia-rischia-laccerchiamento-dice-modesti\/"},"author":{"name":"admin","@id":"https:\/\/archiviocassano.lavocedelpaese.info\/#\/schema\/person\/df195bc79a9b4c35127cf005f92e041b"},"headline":"EOLICO, L\u2019ALTA MURGIA RISCHIA L\u2019ACCERCHIAMENTO","datePublished":"2010-12-05T15:01:40+00:00","mainEntityOfPage":{"@id":"https:\/\/archiviocassano.lavocedelpaese.info\/index.php\/2010\/12\/05\/eolico-il-parco-dellalta-murgia-rischia-laccerchiamento-dice-modesti\/"},"wordCount":268,"commentCount":0,"publisher":{"@id":"https:\/\/archiviocassano.lavocedelpaese.info\/#organization"},"image":{"@id":"https:\/\/archiviocassano.lavocedelpaese.info\/index.php\/2010\/12\/05\/eolico-il-parco-dellalta-murgia-rischia-laccerchiamento-dice-modesti\/#primaryimage"},"thumbnailUrl":"https:\/\/archiviocassano.lavocedelpaese.info\/wp-content\/uploads\/2010\/02\/foto_vincitrice_del_concorso_Alta_Murgia.jpg","articleSection":["Attualit\u00e0"],"inLanguage":"it-IT","potentialAction":[{"@type":"CommentAction","name":"Comment","target":["https:\/\/archiviocassano.lavocedelpaese.info\/index.php\/2010\/12\/05\/eolico-il-parco-dellalta-murgia-rischia-laccerchiamento-dice-modesti\/#respond"]}]},{"@type":"WebPage","@id":"https:\/\/archiviocassano.lavocedelpaese.info\/index.php\/2010\/12\/05\/eolico-il-parco-dellalta-murgia-rischia-laccerchiamento-dice-modesti\/","url":"https:\/\/archiviocassano.lavocedelpaese.info\/index.php\/2010\/12\/05\/eolico-il-parco-dellalta-murgia-rischia-laccerchiamento-dice-modesti\/","name":"EOLICO, L\u2019ALTA MURGIA RISCHIA L\u2019ACCERCHIAMENTO - Archivio CassanoWeb","isPartOf":{"@id":"https:\/\/archiviocassano.lavocedelpaese.info\/#website"},"primaryImageOfPage":{"@id":"https:\/\/archiviocassano.lavocedelpaese.info\/index.php\/2010\/12\/05\/eolico-il-parco-dellalta-murgia-rischia-laccerchiamento-dice-modesti\/#primaryimage"},"image":{"@id":"https:\/\/archiviocassano.lavocedelpaese.info\/index.php\/2010\/12\/05\/eolico-il-parco-dellalta-murgia-rischia-laccerchiamento-dice-modesti\/#primaryimage"},"thumbnailUrl":"https:\/\/archiviocassano.lavocedelpaese.info\/wp-content\/uploads\/2010\/02\/foto_vincitrice_del_concorso_Alta_Murgia.jpg","datePublished":"2010-12-05T15:01:40+00:00","breadcrumb":{"@id":"https:\/\/archiviocassano.lavocedelpaese.info\/index.php\/2010\/12\/05\/eolico-il-parco-dellalta-murgia-rischia-laccerchiamento-dice-modesti\/#breadcrumb"},"inLanguage":"it-IT","potentialAction":[{"@type":"ReadAction","target":["https:\/\/archiviocassano.lavocedelpaese.info\/index.php\/2010\/12\/05\/eolico-il-parco-dellalta-murgia-rischia-laccerchiamento-dice-modesti\/"]}]},{"@type":"ImageObject","inLanguage":"it-IT","@id":"https:\/\/archiviocassano.lavocedelpaese.info\/index.php\/2010\/12\/05\/eolico-il-parco-dellalta-murgia-rischia-laccerchiamento-dice-modesti\/#primaryimage","url":"https:\/\/archiviocassano.lavocedelpaese.info\/wp-content\/uploads\/2010\/02\/foto_vincitrice_del_concorso_Alta_Murgia.jpg","contentUrl":"https:\/\/archiviocassano.lavocedelpaese.info\/wp-content\/uploads\/2010\/02\/foto_vincitrice_del_concorso_Alta_Murgia.jpg","width":640,"height":300,"caption":"foto_vincitrice_del_concorso_Alta_Murgia"},{"@type":"BreadcrumbList","@id":"https:\/\/archiviocassano.lavocedelpaese.info\/index.php\/2010\/12\/05\/eolico-il-parco-dellalta-murgia-rischia-laccerchiamento-dice-modesti\/#breadcrumb","itemListElement":[{"@type":"ListItem","position":1,"name":"Home","item":"https:\/\/archiviocassano.lavocedelpaese.info\/"},{"@type":"ListItem","position":2,"name":"EOLICO, L\u2019ALTA MURGIA RISCHIA L\u2019ACCERCHIAMENTO"}]},{"@type":"WebSite","@id":"https:\/\/archiviocassano.lavocedelpaese.info\/#website","url":"https:\/\/archiviocassano.lavocedelpaese.info\/","name":"Archivio CassanoWeb","description":"La Voce del Paese - un network di idee","publisher":{"@id":"https:\/\/archiviocassano.lavocedelpaese.info\/#organization"},"potentialAction":[{"@type":"SearchAction","target":{"@type":"EntryPoint","urlTemplate":"https:\/\/archiviocassano.lavocedelpaese.info\/?s={search_term_string}"},"query-input":{"@type":"PropertyValueSpecification","valueRequired":true,"valueName":"search_term_string"}}],"inLanguage":"it-IT"},{"@type":"Organization","@id":"https:\/\/archiviocassano.lavocedelpaese.info\/#organization","name":"Archivio CassanoWeb","url":"https:\/\/archiviocassano.lavocedelpaese.info\/","logo":{"@type":"ImageObject","inLanguage":"it-IT","@id":"https:\/\/archiviocassano.lavocedelpaese.info\/#\/schema\/logo\/image\/","url":"https:\/\/archiviocassano.lavocedelpaese.info\/wp-content\/uploads\/2024\/08\/logo-rosso-2.png","contentUrl":"https:\/\/archiviocassano.lavocedelpaese.info\/wp-content\/uploads\/2024\/08\/logo-rosso-2.png","width":491,"height":432,"caption":"Archivio CassanoWeb"},"image":{"@id":"https:\/\/archiviocassano.lavocedelpaese.info\/#\/schema\/logo\/image\/"},"sameAs":["https:\/\/www.facebook.com\/redazione.cassanoweb"]},{"@type":"Person","@id":"https:\/\/archiviocassano.lavocedelpaese.info\/#\/schema\/person\/df195bc79a9b4c35127cf005f92e041b","name":"admin","image":{"@type":"ImageObject","inLanguage":"it-IT","@id":"https:\/\/secure.gravatar.com\/avatar\/eabba89a432e8eaa1b0207cc55f7e5340b22712b1ed80677efcf63e02ff5b235?s=96&d=mm&r=g","url":"https:\/\/secure.gravatar.com\/avatar\/eabba89a432e8eaa1b0207cc55f7e5340b22712b1ed80677efcf63e02ff5b235?s=96&d=mm&r=g","contentUrl":"https:\/\/secure.gravatar.com\/avatar\/eabba89a432e8eaa1b0207cc55f7e5340b22712b1ed80677efcf63e02ff5b235?s=96&d=mm&r=g","caption":"admin"},"sameAs":["https:\/\/archiviocassano.lavocedelpaese.info"],"url":"https:\/\/archiviocassano.lavocedelpaese.info\/index.php\/author\/admin_0qgz1xdp\/"}]}},"_links":{"self":[{"href":"https:\/\/archiviocassano.lavocedelpaese.info\/index.php\/wp-json\/wp\/v2\/posts\/2433","targetHints":{"allow":["GET"]}}],"collection":[{"href":"https:\/\/archiviocassano.lavocedelpaese.info\/index.php\/wp-json\/wp\/v2\/posts"}],"about":[{"href":"https:\/\/archiviocassano.lavocedelpaese.info\/index.php\/wp-json\/wp\/v2\/types\/post"}],"author":[{"embeddable":true,"href":"https:\/\/archiviocassano.lavocedelpaese.info\/index.php\/wp-json\/wp\/v2\/users\/1"}],"replies":[{"embeddable":true,"href":"https:\/\/archiviocassano.lavocedelpaese.info\/index.php\/wp-json\/wp\/v2\/comments?post=2433"}],"version-history":[{"count":0,"href":"https:\/\/archiviocassano.lavocedelpaese.info\/index.php\/wp-json\/wp\/v2\/posts\/2433\/revisions"}],"wp:featuredmedia":[{"embeddable":true,"href":"https:\/\/archiviocassano.lavocedelpaese.info\/index.php\/wp-json\/wp\/v2\/media\/975"}],"wp:attachment":[{"href":"https:\/\/archiviocassano.lavocedelpaese.info\/index.php\/wp-json\/wp\/v2\/media?parent=2433"}],"wp:term":[{"taxonomy":"category","embeddable":true,"href":"https:\/\/archiviocassano.lavocedelpaese.info\/index.php\/wp-json\/wp\/v2\/categories?post=2433"},{"taxonomy":"post_tag","embeddable":true,"href":"https:\/\/archiviocassano.lavocedelpaese.info\/index.php\/wp-json\/wp\/v2\/tags?post=2433"}],"curies":[{"name":"wp","href":"https:\/\/api.w.org\/{rel}","templated":true}]}}