{"id":2578,"date":"2009-01-21T18:42:10","date_gmt":"2009-01-21T18:42:10","guid":{"rendered":"https:\/\/archiviocassano.lavocedelpaese.info\/index.php\/2009\/01\/21\/scontro-zullo-nitti-il-comune-si-difende-e-il-capogruppo-del-pdl-precisa\/"},"modified":"2009-01-21T18:42:10","modified_gmt":"2009-01-21T18:42:10","slug":"scontro-zullo-nitti-il-comune-si-difende-e-il-capogruppo-del-pdl-precisa","status":"publish","type":"post","link":"https:\/\/archiviocassano.lavocedelpaese.info\/index.php\/2009\/01\/21\/scontro-zullo-nitti-il-comune-si-difende-e-il-capogruppo-del-pdl-precisa\/","title":{"rendered":"SCONTRO ZULLO-NITTI: IL COMUNE SI DIFENDE E IL CAPOGRUPPO DEL PDL PRECISA"},"content":{"rendered":"<p><img loading=\"lazy\" decoding=\"async\" src=\"images\/stories\/archiviofoto\/stemma.jpg\" alt=\"stemma.jpg\" title=\"stemma.jpg\" style=\"margin: 5px; float: left; width: 200px; height: 219px\" width=\"200\" height=\"219\" \/><\/p>\n<p><!--more--><br \/>\n<meta http-equiv=\"Content-Type\" content=\"text\/html; charset=utf-8\" \/><br \/>\n<meta name=\"ProgId\" content=\"Word.Document\" \/><br \/>\n<meta name=\"Generator\" content=\"Microsoft Word 10\" \/><br \/>\n<meta name=\"Originator\" content=\"Microsoft Word 10\" \/>\n<link href=\"file:\/\/\/C:%5CDOCUME%7E1%5CATIPIC%7E1%5CIMPOST%7E1%5CTemp%5Cmsohtml1%5C01%5Cclip_filelist.xml\" rel=\"File-List\" \/>\n<!--[if gte mso 9]><xml>\n<w:WordDocument>\n<w:View>Normal<\/w:View>\n<w:Zoom>0<\/w:Zoom>\n<w:HyphenationZone>14<\/w:HyphenationZone>\n<w:Compatibility>\n<w:BreakWrappedTables\/>\n<w:SnapToGridInCell\/>\n<w:WrapTextWithPunct\/>\n<w:UseAsianBreakRules\/>\n<\/w:Compatibility>\n<w:BrowserLevel>MicrosoftInternetExplorer4<\/w:BrowserLevel>\n<\/w:WordDocument>\n<\/xml><![endif]--><\/p>\n<style>\n<!--\n\/* Font Definitions *\/\n@font-face\n{font-family:Verdana;\npanose-1:2 11 6 4 3 5 4 4 2 4;\nmso-font-charset:0;\nmso-generic-font-family:swiss;\nmso-font-pitch:variable;\nmso-font-signature:536871559 0 0 0 415 0;}\n\/* Style Definitions *\/\np.MsoNormal, li.MsoNormal, div.MsoNormal\n{mso-style-parent:\"\";\nmargin:0cm;\nmargin-bottom:.0001pt;\nmso-pagination:widow-orphan;\nfont-size:12.0pt;\nfont-family:\"Times New Roman\";\nmso-fareast-font-family:\"Times New Roman\";}\n@page Section1\n{size:595.3pt 841.9pt;\nmargin:70.85pt 2.0cm 2.0cm 2.0cm;\nmso-header-margin:35.4pt;\nmso-footer-margin:35.4pt;\nmso-paper-source:0;}\ndiv.Section1\n{page:Section1;}\n-->\n<\/style>\n<p><!--[if gte mso 10]>\n\n\n<style>\n\/* Style Definitions *\/\ntable.MsoNormalTable\n{mso-style-name:\"Tabella normale\";\nmso-tstyle-rowband-size:0;\nmso-tstyle-colband-size:0;\nmso-style-noshow:yes;\nmso-style-parent:\"\";\nmso-padding-alt:0cm 5.4pt 0cm 5.4pt;\nmso-para-margin:0cm;\nmso-para-margin-bottom:.0001pt;\nmso-pagination:widow-orphan;\nfont-size:10.0pt;\nfont-family:\"Times New Roman\";}\n<\/style>\n\n\n<![endif]--><br \/>\n<meta http-equiv=\"Content-Type\" content=\"text\/html; charset=utf-8\" \/><br \/>\n<meta name=\"ProgId\" content=\"Word.Document\" \/><br \/>\n<meta name=\"Generator\" content=\"Microsoft Word 10\" \/><br \/>\n<meta name=\"Originator\" content=\"Microsoft Word 10\" \/>\n<link href=\"file:\/\/\/C:%5CDOCUME%7E1%5CATIPIC%7E1%5CIMPOST%7E1%5CTemp%5Cmsohtml1%5C01%5Cclip_filelist.xml\" rel=\"File-List\" \/>\n<!--[if gte mso 9]><xml>\n<w:WordDocument>\n<w:View>Normal<\/w:View>\n<w:Zoom>0<\/w:Zoom>\n<w:HyphenationZone>14<\/w:HyphenationZone>\n<w:Compatibility>\n<w:BreakWrappedTables\/>\n<w:SnapToGridInCell\/>\n<w:WrapTextWithPunct\/>\n<w:UseAsianBreakRules\/>\n<\/w:Compatibility>\n<w:BrowserLevel>MicrosoftInternetExplorer4<\/w:BrowserLevel>\n<\/w:WordDocument>\n<\/xml><![endif]--><\/p>\n<style>\n<!--\n\/* Font Definitions *\/\n@font-face\n{font-family:Verdana;\npanose-1:2 11 6 4 3 5 4 4 2 4;\nmso-font-charset:0;\nmso-generic-font-family:swiss;\nmso-font-pitch:variable;\nmso-font-signature:536871559 0 0 0 415 0;}\n\/* Style Definitions *\/\np.MsoNormal, li.MsoNormal, div.MsoNormal\n{mso-style-parent:\"\";\nmargin:0cm;\nmargin-bottom:.0001pt;\nmso-pagination:widow-orphan;\nfont-size:12.0pt;\nfont-family:\"Times New Roman\";\nmso-fareast-font-family:\"Times New Roman\";}\n@page Section1\n{size:595.3pt 841.9pt;\nmargin:70.85pt 2.0cm 2.0cm 2.0cm;\nmso-header-margin:35.4pt;\nmso-footer-margin:35.4pt;\nmso-paper-source:0;}\ndiv.Section1\n{page:Section1;}\n-->\n<\/style>\n<p><!--[if gte mso 10]>\n\n\n<style>\n\/* Style Definitions *\/\ntable.MsoNormalTable\n{mso-style-name:\"Tabella normale\";\nmso-tstyle-rowband-size:0;\nmso-tstyle-colband-size:0;\nmso-style-noshow:yes;\nmso-style-parent:\"\";\nmso-padding-alt:0cm 5.4pt 0cm 5.4pt;\nmso-para-margin:0cm;\nmso-para-margin-bottom:.0001pt;\nmso-pagination:widow-orphan;\nfont-size:10.0pt;\nfont-family:\"Times New Roman\";}\n<\/style>\n\n\n<![endif]--><\/p>\n<p class=\"MsoNormal\" style=\"text-align: justify\">\n<i><span style=\"font-size: 10pt; font-family: Verdana\">Dopo il <b><span style=\"color: #0000ff\"><a href=\"index.php\/SUL-RUOLO-DI-DIFENSORE-CIVICO-E-SCONTRO-TRA-ZULLO-E-NITTI.html\" target=\"_blank\" rel=\"noopener\">Consiglio dello scontro<\/a><\/span><\/b>  fra Ignazio Zullo,<br \/>\ncapogruppo consiliare del PdL e Gabriele Nitti, Difensore Civico del Comune di<br \/>\nCassano, la polemica non si spegne. <o:p><\/o:p><\/span><\/i>\n<\/p>\n<p class=\"MsoNormal\" style=\"text-align: justify\">\n<i><span style=\"font-size: 10pt; font-family: Verdana\">Dal Palazzo di Piazza Moro, infatti, \u00e8 stato diffuso un<br \/>\ncomunicato da parte dell\u2019Amministrazione Comunale che di seguito pubblichiamo.<o:p><\/o:p><\/span><\/i>\n<\/p>\n<p class=\"MsoNormal\" style=\"text-align: justify\">\n<i><span style=\"font-style: normal; font-size: 10pt; font-family: Verdana\"><o:p>\u00a0<\/o:p><\/span><\/i>\n<\/p>\n<p class=\"MsoNormal\" style=\"text-align: justify\">\n<i><span style=\"font-style: normal; font-size: 10pt; font-family: Verdana\">Durante il<br \/>\nConsiglio Comunale del 19\/01\/2009 <span>\u00a0<\/span>fra i<br \/>\npunti all&#8217;o.d.g. si \u00e8 discussa <u><b><span style=\"color: #0000ff\">l<a href=\"index.php\/DIFENSORE-CIVICOLA-RELAZIONE-DI-FINE-ANNO.html\" target=\"_blank\" rel=\"noopener\">&#8216;annuale relazione sull\u2019attivit\u00e0 del Difensore Civico<br \/>\n<\/a> <\/span><\/b><\/u>dell\u2019anno trascorso.<o:p><\/o:p><\/span><\/i>\n<\/p>\n<p class=\"MsoNormal\" style=\"text-align: justify\">\n<i><span style=\"font-style: normal; font-size: 10pt; font-family: Verdana\">Essendosi<br \/>\nregistrate in tale sede gravissime accuse, rivolte da parte di un esponente<br \/>\ndella minoranza, all&#8217;indirizzo di un Organo Istituzionale, quale il Difensore<br \/>\nCivico, onde prevenire possibili distorsioni di lettura degli eventi, si<br \/>\nritiene doveroso fornire una corretta informazione sull&#8217;accaduto. <\/span><\/i><i><span style=\"font-size: 10pt; font-family: Verdana\"><br \/>\n<\/span><\/i><i><span style=\"font-style: normal; font-size: 10pt; font-family: Verdana\">Le accuse rivolte al comm.re Gabriele Nitti,<br \/>\nsono state fondate sull&#8217;assunto che egli non avrebbe raffrontato l&#8217;operato<br \/>\ndell&#8217;attuale comandante di Polizia Municipale con il suo predecessore, la cui<br \/>\nsostituzione sarebbe dovuta proprio alle valutazioni del difensore civico. <\/span><\/i><i><span style=\"font-size: 10pt; font-family: Verdana\"><br \/>\n<\/span><\/i><i><span style=\"font-style: normal; font-size: 10pt; font-family: Verdana\">Senza voler entrare nel merito della<br \/>\nvicenda, \u00e8 necessario precisare che i provvedimenti che hanno riguardato il<br \/>\nComando della Polizia Municipale sono stati ampiamente convalidati dai<br \/>\npronuciamenti dei Giudici del Lavoro, in quanto fondati su validi presupposti<br \/>\ndi fatto e di diritto e non, come il Consigliere di minoranza ha voluto far<br \/>\ncredere, su una presunta personale astiosit\u00e0 del Difensore Civico. Quest&#8217;ultimo<br \/>\nha svolto il suo compito di analisi sul funzionamento degli uffici e dei<br \/>\nservizi rendendo annuali relazioni al Consiglio, sempre improntate<br \/>\nall&#8217;imparzialit\u00e0 e alla indiscussa professionalit\u00e0 dello stesso.<\/span><\/i><i><span style=\"font-size: 10pt; font-family: Verdana\"><br \/>\n<\/span><\/i><i><span style=\"font-style: normal; font-size: 10pt; font-family: Verdana\">Il rappresentante dell&#8217;amministrazione,<br \/>\nnella persona del Vice Sindaco ha ricordato all&#8217;intero Consiglio che l&#8217;ex<br \/>\nComandante, all&#8217;esito dei giudizi intentati ha accettato il passaggio ad altri<br \/>\nincarichi, assolutamente coerenti e rispettosi della sua esperienza e<br \/>\nprofessionalit\u00e0.<\/span><\/i>\n<\/p>\n<p class=\"MsoNormal\" style=\"text-align: justify\">\n&nbsp;\n<\/p>\n<p class=\"MsoNormal\" style=\"text-align: justify\">\n&nbsp;\n<\/p>\n<p class=\"MsoNormal\" style=\"text-align: justify\">\n&nbsp;\n<\/p>\n<p class=\"MsoNormal\" style=\"text-align: justify\">\n<meta http-equiv=\"Content-Type\" content=\"text\/html; charset=utf-8\" \/><br \/>\n<meta name=\"ProgId\" content=\"Word.Document\" \/><br \/>\n<meta name=\"Generator\" content=\"Microsoft Word 10\" \/><br \/>\n<meta name=\"Originator\" content=\"Microsoft Word 10\" \/>\n<link href=\"file:\/\/\/C:%5CDOCUME%7E1%5CATIPIC%7E1%5CIMPOST%7E1%5CTemp%5Cmsohtml1%5C01%5Cclip_filelist.xml\" rel=\"File-List\" \/>\n<!--[if gte mso 9]><xml>\n<w:WordDocument>\n<w:View>Normal<\/w:View>\n<w:Zoom>0<\/w:Zoom>\n<w:HyphenationZone>14<\/w:HyphenationZone>\n<w:Compatibility>\n<w:BreakWrappedTables\/>\n<w:SnapToGridInCell\/>\n<w:WrapTextWithPunct\/>\n<w:UseAsianBreakRules\/>\n<\/w:Compatibility>\n<w:BrowserLevel>MicrosoftInternetExplorer4<\/w:BrowserLevel>\n<\/w:WordDocument>\n<\/xml><![endif]--><\/p>\n<style>\n<!--\n\/* Font Definitions *\/\n@font-face\n{font-family:Verdana;\npanose-1:2 11 6 4 3 5 4 4 2 4;\nmso-font-charset:0;\nmso-generic-font-family:swiss;\nmso-font-pitch:variable;\nmso-font-signature:536871559 0 0 0 415 0;}\n\/* Style Definitions *\/\np.MsoNormal, li.MsoNormal, div.MsoNormal\n{mso-style-parent:\"\";\nmargin:0cm;\nmargin-bottom:.0001pt;\nmso-pagination:widow-orphan;\nfont-size:12.0pt;\nfont-family:\"Times New Roman\";\nmso-fareast-font-family:\"Times New Roman\";}\n@page Section1\n{size:595.3pt 841.9pt;\nmargin:70.85pt 2.0cm 2.0cm 2.0cm;\nmso-header-margin:35.4pt;\nmso-footer-margin:35.4pt;\nmso-paper-source:0;}\ndiv.Section1\n{page:Section1;}\n-->\n<\/style>\n<p><!--[if gte mso 10]>\n\n\n<style>\n\/* Style Definitions *\/\ntable.MsoNormalTable\n{mso-style-name:\"Tabella normale\";\nmso-tstyle-rowband-size:0;\nmso-tstyle-colband-size:0;\nmso-style-noshow:yes;\nmso-style-parent:\"\";\nmso-padding-alt:0cm 5.4pt 0cm 5.4pt;\nmso-para-margin:0cm;\nmso-para-margin-bottom:.0001pt;\nmso-pagination:widow-orphan;\nfont-size:10.0pt;\nfont-family:\"Times New Roman\";}\n<\/style>\n\n\n<![endif]-->\n<\/p>\n<p><meta http-equiv=\"Content-Type\" content=\"text\/html; charset=utf-8\" \/><br \/>\n<meta name=\"ProgId\" content=\"Word.Document\" \/><br \/>\n<meta name=\"Generator\" content=\"Microsoft Word 10\" \/><br \/>\n<meta name=\"Originator\" content=\"Microsoft Word 10\" \/>\n<link href=\"file:\/\/\/C:%5CDOCUME%7E1%5CATIPIC%7E1%5CIMPOST%7E1%5CTemp%5Cmsohtml1%5C01%5Cclip_filelist.xml\" rel=\"File-List\" \/>\n<!--[if gte mso 9]><xml>\n<w:WordDocument>\n<w:View>Normal<\/w:View>\n<w:Zoom>0<\/w:Zoom>\n<w:HyphenationZone>14<\/w:HyphenationZone>\n<w:Compatibility>\n<w:BreakWrappedTables\/>\n<w:SnapToGridInCell\/>\n<w:WrapTextWithPunct\/>\n<w:UseAsianBreakRules\/>\n<\/w:Compatibility>\n<w:BrowserLevel>MicrosoftInternetExplorer4<\/w:BrowserLevel>\n<\/w:WordDocument>\n<\/xml><![endif]--><\/p>\n<style>\n<!--\n\/* Font Definitions *\/\n@font-face\n{font-family:Verdana;\npanose-1:2 11 6 4 3 5 4 4 2 4;\nmso-font-charset:0;\nmso-generic-font-family:swiss;\nmso-font-pitch:variable;\nmso-font-signature:536871559 0 0 0 415 0;}\n\/* Style Definitions *\/\np.MsoNormal, li.MsoNormal, div.MsoNormal\n{mso-style-parent:\"\";\nmargin:0cm;\nmargin-bottom:.0001pt;\nmso-pagination:widow-orphan;\nfont-size:12.0pt;\nfont-family:\"Times New Roman\";\nmso-fareast-font-family:\"Times New Roman\";}\n@page Section1\n{size:595.3pt 841.9pt;\nmargin:70.85pt 2.0cm 2.0cm 2.0cm;\nmso-header-margin:35.4pt;\nmso-footer-margin:35.4pt;\nmso-paper-source:0;}\ndiv.Section1\n{page:Section1;}\n-->\n<\/style>\n<p><!--[if gte mso 10]>\n\n\n<style>\n\/* Style Definitions *\/\ntable.MsoNormalTable\n{mso-style-name:\"Tabella normale\";\nmso-tstyle-rowband-size:0;\nmso-tstyle-colband-size:0;\nmso-style-noshow:yes;\nmso-style-parent:\"\";\nmso-padding-alt:0cm 5.4pt 0cm 5.4pt;\nmso-para-margin:0cm;\nmso-para-margin-bottom:.0001pt;\nmso-pagination:widow-orphan;\nfont-size:10.0pt;\nfont-family:\"Times New Roman\";}\n<\/style>\n\n\n<![endif]--><\/p>\n<p class=\"MsoNormal\" style=\"text-align: justify\">\n<i><span style=\"font-size: 10pt; font-family: Verdana\">A stretto giro di<br \/>\nemail, Ignazio Zullo ha precisato quanto segue: <o:p><\/o:p><\/span><\/i>\n<\/p>\n<p class=\"MsoNormal\" style=\"text-align: justify\">\n<span style=\"font-size: 10pt; font-family: Verdana\"><o:p>\u00a0<\/o:p><\/span>\n<\/p>\n<p class=\"MsoNormal\" style=\"text-align: justify\">\n<span style=\"font-size: 10pt; font-family: Verdana\">La verit\u00e0 \u00e8 documentabile nell\u2019atto di revoca del Comandante<br \/>\nfirmato dal Sindaco nel 2007 nel quale si richiama <b>la relazione negativa<\/b> <b>del Difensore<br \/>\nCivico<\/b> nonostante le espressioni del Nucleo di Valutazione disponibili alla<br \/>\ndata dell\u2019atto <b>fossero positive sull\u2019operato<br \/>\ndi Acquaviva.<\/b><o:p><\/o:p><\/span>\n<\/p>\n<p class=\"MsoNormal\" style=\"text-align: justify\">\n<span style=\"font-size: 10pt; font-family: Verdana\">Quanto alle statuizioni giuridiche, due illustri<br \/>\nmagistrati di cui uno Procuratore capo, in un pubblico convegno ebbero a dire<br \/>\nche \u201cle verit\u00e0 processuali molto raramente rispecchiano le vere verit\u00e0 ma sono conseguenti<br \/>\nalle carte che si preparano\u201d e che siano bravi a \u201cpreparare le carte\u201d possiamo<br \/>\nsicuramente convenire. Ed \u00e8 proprio questa cattiveria che noi vogliamo<br \/>\neliminare dalle prassi amministrative del nostro Comune.<o:p><\/o:p><\/span>\n<\/p>\n<p class=\"MsoNormal\" style=\"text-align: justify\">\n<span style=\"font-size: 10pt; font-family: Verdana\">Ci\u00f2 non toglie che non si possa rimuovere un dirigente ma<br \/>\nci\u00f2 deve avvenire \u2013 come avviene in un paese democratico &#8211; a seguito del<br \/>\ngiudizio del Nucleo di Valutazione e in contraddittorio con l\u2019interessato che<br \/>\nnon deve essere considerato un oggetto ma va rispettato nella dignit\u00e0 di<br \/>\nlavoratore e di persona.<o:p><\/o:p><\/span>\n<\/p>\n<p class=\"MsoNormal\" style=\"text-align: justify\">\n<span style=\"font-size: 10pt; font-family: Verdana\">Saremo pi\u00f9 puntuali nella chiarificazione di tutto non<br \/>\nappena avremo ottenuto accesso agli atti perch\u00e9 non pu\u00f2 esserci libert\u00e0 senza<br \/>\nverit\u00e0.<o:p><\/o:p><\/span>\n<\/p>\n<p class=\"MsoNormal\" style=\"text-align: justify\">\n<i><span style=\"font-style: normal; font-size: 10pt; font-family: Verdana\"><\/span><\/i><i><span style=\"font-size: 10pt; font-family: Verdana\"><o:p><\/o:p><\/span><\/i><\/p>\n","protected":false},"excerpt":{"rendered":"","protected":false},"author":1,"featured_media":0,"comment_status":"open","ping_status":"closed","sticky":false,"template":"","format":"standard","meta":{"colormag_page_container_layout":"default_layout","colormag_page_sidebar_layout":"default_layout","footnotes":""},"categories":[4],"tags":[],"class_list":["post-2578","post","type-post","status-publish","format-standard","hentry","category-politica"],"yoast_head":"<!-- This site is optimized with the Yoast SEO plugin v27.5 - https:\/\/yoast.com\/product\/yoast-seo-wordpress\/ -->\n<title>SCONTRO ZULLO-NITTI: IL COMUNE SI DIFENDE E IL CAPOGRUPPO DEL PDL PRECISA - Archivio CassanoWeb<\/title>\n<meta name=\"robots\" content=\"index, follow, max-snippet:-1, max-image-preview:large, max-video-preview:-1\" \/>\n<link rel=\"canonical\" href=\"https:\/\/archiviocassano.lavocedelpaese.info\/index.php\/2009\/01\/21\/scontro-zullo-nitti-il-comune-si-difende-e-il-capogruppo-del-pdl-precisa\/\" \/>\n<meta property=\"og:locale\" content=\"it_IT\" \/>\n<meta property=\"og:type\" content=\"article\" \/>\n<meta property=\"og:title\" content=\"SCONTRO ZULLO-NITTI: IL COMUNE SI DIFENDE E IL CAPOGRUPPO DEL PDL PRECISA - Archivio CassanoWeb\" \/>\n<meta property=\"og:url\" content=\"https:\/\/archiviocassano.lavocedelpaese.info\/index.php\/2009\/01\/21\/scontro-zullo-nitti-il-comune-si-difende-e-il-capogruppo-del-pdl-precisa\/\" \/>\n<meta property=\"og:site_name\" content=\"Archivio CassanoWeb\" \/>\n<meta property=\"article:publisher\" content=\"https:\/\/www.facebook.com\/redazione.cassanoweb\" \/>\n<meta property=\"article:published_time\" content=\"2009-01-21T18:42:10+00:00\" \/>\n<meta name=\"author\" content=\"admin\" \/>\n<meta name=\"twitter:card\" content=\"summary_large_image\" \/>\n<meta name=\"twitter:label1\" content=\"Scritto da\" \/>\n\t<meta name=\"twitter:data1\" content=\"admin\" \/>\n\t<meta name=\"twitter:label2\" content=\"Tempo di lettura stimato\" \/>\n\t<meta name=\"twitter:data2\" content=\"2 minuti\" \/>\n<script type=\"application\/ld+json\" class=\"yoast-schema-graph\">{\"@context\":\"https:\\\/\\\/schema.org\",\"@graph\":[{\"@type\":\"Article\",\"@id\":\"https:\\\/\\\/archiviocassano.lavocedelpaese.info\\\/index.php\\\/2009\\\/01\\\/21\\\/scontro-zullo-nitti-il-comune-si-difende-e-il-capogruppo-del-pdl-precisa\\\/#article\",\"isPartOf\":{\"@id\":\"https:\\\/\\\/archiviocassano.lavocedelpaese.info\\\/index.php\\\/2009\\\/01\\\/21\\\/scontro-zullo-nitti-il-comune-si-difende-e-il-capogruppo-del-pdl-precisa\\\/\"},\"author\":{\"name\":\"admin\",\"@id\":\"https:\\\/\\\/archiviocassano.lavocedelpaese.info\\\/#\\\/schema\\\/person\\\/df195bc79a9b4c35127cf005f92e041b\"},\"headline\":\"SCONTRO ZULLO-NITTI: IL COMUNE SI DIFENDE E IL CAPOGRUPPO DEL PDL PRECISA\",\"datePublished\":\"2009-01-21T18:42:10+00:00\",\"mainEntityOfPage\":{\"@id\":\"https:\\\/\\\/archiviocassano.lavocedelpaese.info\\\/index.php\\\/2009\\\/01\\\/21\\\/scontro-zullo-nitti-il-comune-si-difende-e-il-capogruppo-del-pdl-precisa\\\/\"},\"wordCount\":485,\"commentCount\":0,\"publisher\":{\"@id\":\"https:\\\/\\\/archiviocassano.lavocedelpaese.info\\\/#organization\"},\"articleSection\":[\"Politica\"],\"inLanguage\":\"it-IT\",\"potentialAction\":[{\"@type\":\"CommentAction\",\"name\":\"Comment\",\"target\":[\"https:\\\/\\\/archiviocassano.lavocedelpaese.info\\\/index.php\\\/2009\\\/01\\\/21\\\/scontro-zullo-nitti-il-comune-si-difende-e-il-capogruppo-del-pdl-precisa\\\/#respond\"]}]},{\"@type\":\"WebPage\",\"@id\":\"https:\\\/\\\/archiviocassano.lavocedelpaese.info\\\/index.php\\\/2009\\\/01\\\/21\\\/scontro-zullo-nitti-il-comune-si-difende-e-il-capogruppo-del-pdl-precisa\\\/\",\"url\":\"https:\\\/\\\/archiviocassano.lavocedelpaese.info\\\/index.php\\\/2009\\\/01\\\/21\\\/scontro-zullo-nitti-il-comune-si-difende-e-il-capogruppo-del-pdl-precisa\\\/\",\"name\":\"SCONTRO ZULLO-NITTI: IL COMUNE SI DIFENDE E IL CAPOGRUPPO DEL PDL PRECISA - Archivio CassanoWeb\",\"isPartOf\":{\"@id\":\"https:\\\/\\\/archiviocassano.lavocedelpaese.info\\\/#website\"},\"datePublished\":\"2009-01-21T18:42:10+00:00\",\"breadcrumb\":{\"@id\":\"https:\\\/\\\/archiviocassano.lavocedelpaese.info\\\/index.php\\\/2009\\\/01\\\/21\\\/scontro-zullo-nitti-il-comune-si-difende-e-il-capogruppo-del-pdl-precisa\\\/#breadcrumb\"},\"inLanguage\":\"it-IT\",\"potentialAction\":[{\"@type\":\"ReadAction\",\"target\":[\"https:\\\/\\\/archiviocassano.lavocedelpaese.info\\\/index.php\\\/2009\\\/01\\\/21\\\/scontro-zullo-nitti-il-comune-si-difende-e-il-capogruppo-del-pdl-precisa\\\/\"]}]},{\"@type\":\"BreadcrumbList\",\"@id\":\"https:\\\/\\\/archiviocassano.lavocedelpaese.info\\\/index.php\\\/2009\\\/01\\\/21\\\/scontro-zullo-nitti-il-comune-si-difende-e-il-capogruppo-del-pdl-precisa\\\/#breadcrumb\",\"itemListElement\":[{\"@type\":\"ListItem\",\"position\":1,\"name\":\"Home\",\"item\":\"https:\\\/\\\/archiviocassano.lavocedelpaese.info\\\/\"},{\"@type\":\"ListItem\",\"position\":2,\"name\":\"SCONTRO ZULLO-NITTI: IL COMUNE SI DIFENDE E IL CAPOGRUPPO DEL PDL PRECISA\"}]},{\"@type\":\"WebSite\",\"@id\":\"https:\\\/\\\/archiviocassano.lavocedelpaese.info\\\/#website\",\"url\":\"https:\\\/\\\/archiviocassano.lavocedelpaese.info\\\/\",\"name\":\"Archivio CassanoWeb\",\"description\":\"La Voce del Paese - un network di idee\",\"publisher\":{\"@id\":\"https:\\\/\\\/archiviocassano.lavocedelpaese.info\\\/#organization\"},\"potentialAction\":[{\"@type\":\"SearchAction\",\"target\":{\"@type\":\"EntryPoint\",\"urlTemplate\":\"https:\\\/\\\/archiviocassano.lavocedelpaese.info\\\/?s={search_term_string}\"},\"query-input\":{\"@type\":\"PropertyValueSpecification\",\"valueRequired\":true,\"valueName\":\"search_term_string\"}}],\"inLanguage\":\"it-IT\"},{\"@type\":\"Organization\",\"@id\":\"https:\\\/\\\/archiviocassano.lavocedelpaese.info\\\/#organization\",\"name\":\"Archivio CassanoWeb\",\"url\":\"https:\\\/\\\/archiviocassano.lavocedelpaese.info\\\/\",\"logo\":{\"@type\":\"ImageObject\",\"inLanguage\":\"it-IT\",\"@id\":\"https:\\\/\\\/archiviocassano.lavocedelpaese.info\\\/#\\\/schema\\\/logo\\\/image\\\/\",\"url\":\"https:\\\/\\\/archiviocassano.lavocedelpaese.info\\\/wp-content\\\/uploads\\\/2024\\\/08\\\/logo-rosso-2.png\",\"contentUrl\":\"https:\\\/\\\/archiviocassano.lavocedelpaese.info\\\/wp-content\\\/uploads\\\/2024\\\/08\\\/logo-rosso-2.png\",\"width\":491,\"height\":432,\"caption\":\"Archivio CassanoWeb\"},\"image\":{\"@id\":\"https:\\\/\\\/archiviocassano.lavocedelpaese.info\\\/#\\\/schema\\\/logo\\\/image\\\/\"},\"sameAs\":[\"https:\\\/\\\/www.facebook.com\\\/redazione.cassanoweb\"]},{\"@type\":\"Person\",\"@id\":\"https:\\\/\\\/archiviocassano.lavocedelpaese.info\\\/#\\\/schema\\\/person\\\/df195bc79a9b4c35127cf005f92e041b\",\"name\":\"admin\",\"image\":{\"@type\":\"ImageObject\",\"inLanguage\":\"it-IT\",\"@id\":\"https:\\\/\\\/secure.gravatar.com\\\/avatar\\\/eabba89a432e8eaa1b0207cc55f7e5340b22712b1ed80677efcf63e02ff5b235?s=96&d=mm&r=g\",\"url\":\"https:\\\/\\\/secure.gravatar.com\\\/avatar\\\/eabba89a432e8eaa1b0207cc55f7e5340b22712b1ed80677efcf63e02ff5b235?s=96&d=mm&r=g\",\"contentUrl\":\"https:\\\/\\\/secure.gravatar.com\\\/avatar\\\/eabba89a432e8eaa1b0207cc55f7e5340b22712b1ed80677efcf63e02ff5b235?s=96&d=mm&r=g\",\"caption\":\"admin\"},\"sameAs\":[\"https:\\\/\\\/archiviocassano.lavocedelpaese.info\"],\"url\":\"https:\\\/\\\/archiviocassano.lavocedelpaese.info\\\/index.php\\\/author\\\/admin_0qgz1xdp\\\/\"}]}<\/script>\n<!-- \/ Yoast SEO plugin. -->","yoast_head_json":{"title":"SCONTRO ZULLO-NITTI: IL COMUNE SI DIFENDE E IL CAPOGRUPPO DEL PDL PRECISA - Archivio CassanoWeb","robots":{"index":"index","follow":"follow","max-snippet":"max-snippet:-1","max-image-preview":"max-image-preview:large","max-video-preview":"max-video-preview:-1"},"canonical":"https:\/\/archiviocassano.lavocedelpaese.info\/index.php\/2009\/01\/21\/scontro-zullo-nitti-il-comune-si-difende-e-il-capogruppo-del-pdl-precisa\/","og_locale":"it_IT","og_type":"article","og_title":"SCONTRO ZULLO-NITTI: IL COMUNE SI DIFENDE E IL CAPOGRUPPO DEL PDL PRECISA - Archivio CassanoWeb","og_url":"https:\/\/archiviocassano.lavocedelpaese.info\/index.php\/2009\/01\/21\/scontro-zullo-nitti-il-comune-si-difende-e-il-capogruppo-del-pdl-precisa\/","og_site_name":"Archivio CassanoWeb","article_publisher":"https:\/\/www.facebook.com\/redazione.cassanoweb","article_published_time":"2009-01-21T18:42:10+00:00","author":"admin","twitter_card":"summary_large_image","twitter_misc":{"Scritto da":"admin","Tempo di lettura stimato":"2 minuti"},"schema":{"@context":"https:\/\/schema.org","@graph":[{"@type":"Article","@id":"https:\/\/archiviocassano.lavocedelpaese.info\/index.php\/2009\/01\/21\/scontro-zullo-nitti-il-comune-si-difende-e-il-capogruppo-del-pdl-precisa\/#article","isPartOf":{"@id":"https:\/\/archiviocassano.lavocedelpaese.info\/index.php\/2009\/01\/21\/scontro-zullo-nitti-il-comune-si-difende-e-il-capogruppo-del-pdl-precisa\/"},"author":{"name":"admin","@id":"https:\/\/archiviocassano.lavocedelpaese.info\/#\/schema\/person\/df195bc79a9b4c35127cf005f92e041b"},"headline":"SCONTRO ZULLO-NITTI: IL COMUNE SI DIFENDE E IL CAPOGRUPPO DEL PDL PRECISA","datePublished":"2009-01-21T18:42:10+00:00","mainEntityOfPage":{"@id":"https:\/\/archiviocassano.lavocedelpaese.info\/index.php\/2009\/01\/21\/scontro-zullo-nitti-il-comune-si-difende-e-il-capogruppo-del-pdl-precisa\/"},"wordCount":485,"commentCount":0,"publisher":{"@id":"https:\/\/archiviocassano.lavocedelpaese.info\/#organization"},"articleSection":["Politica"],"inLanguage":"it-IT","potentialAction":[{"@type":"CommentAction","name":"Comment","target":["https:\/\/archiviocassano.lavocedelpaese.info\/index.php\/2009\/01\/21\/scontro-zullo-nitti-il-comune-si-difende-e-il-capogruppo-del-pdl-precisa\/#respond"]}]},{"@type":"WebPage","@id":"https:\/\/archiviocassano.lavocedelpaese.info\/index.php\/2009\/01\/21\/scontro-zullo-nitti-il-comune-si-difende-e-il-capogruppo-del-pdl-precisa\/","url":"https:\/\/archiviocassano.lavocedelpaese.info\/index.php\/2009\/01\/21\/scontro-zullo-nitti-il-comune-si-difende-e-il-capogruppo-del-pdl-precisa\/","name":"SCONTRO ZULLO-NITTI: IL COMUNE SI DIFENDE E IL CAPOGRUPPO DEL PDL PRECISA - Archivio CassanoWeb","isPartOf":{"@id":"https:\/\/archiviocassano.lavocedelpaese.info\/#website"},"datePublished":"2009-01-21T18:42:10+00:00","breadcrumb":{"@id":"https:\/\/archiviocassano.lavocedelpaese.info\/index.php\/2009\/01\/21\/scontro-zullo-nitti-il-comune-si-difende-e-il-capogruppo-del-pdl-precisa\/#breadcrumb"},"inLanguage":"it-IT","potentialAction":[{"@type":"ReadAction","target":["https:\/\/archiviocassano.lavocedelpaese.info\/index.php\/2009\/01\/21\/scontro-zullo-nitti-il-comune-si-difende-e-il-capogruppo-del-pdl-precisa\/"]}]},{"@type":"BreadcrumbList","@id":"https:\/\/archiviocassano.lavocedelpaese.info\/index.php\/2009\/01\/21\/scontro-zullo-nitti-il-comune-si-difende-e-il-capogruppo-del-pdl-precisa\/#breadcrumb","itemListElement":[{"@type":"ListItem","position":1,"name":"Home","item":"https:\/\/archiviocassano.lavocedelpaese.info\/"},{"@type":"ListItem","position":2,"name":"SCONTRO ZULLO-NITTI: IL COMUNE SI DIFENDE E IL CAPOGRUPPO DEL PDL PRECISA"}]},{"@type":"WebSite","@id":"https:\/\/archiviocassano.lavocedelpaese.info\/#website","url":"https:\/\/archiviocassano.lavocedelpaese.info\/","name":"Archivio CassanoWeb","description":"La Voce del Paese - un network di idee","publisher":{"@id":"https:\/\/archiviocassano.lavocedelpaese.info\/#organization"},"potentialAction":[{"@type":"SearchAction","target":{"@type":"EntryPoint","urlTemplate":"https:\/\/archiviocassano.lavocedelpaese.info\/?s={search_term_string}"},"query-input":{"@type":"PropertyValueSpecification","valueRequired":true,"valueName":"search_term_string"}}],"inLanguage":"it-IT"},{"@type":"Organization","@id":"https:\/\/archiviocassano.lavocedelpaese.info\/#organization","name":"Archivio CassanoWeb","url":"https:\/\/archiviocassano.lavocedelpaese.info\/","logo":{"@type":"ImageObject","inLanguage":"it-IT","@id":"https:\/\/archiviocassano.lavocedelpaese.info\/#\/schema\/logo\/image\/","url":"https:\/\/archiviocassano.lavocedelpaese.info\/wp-content\/uploads\/2024\/08\/logo-rosso-2.png","contentUrl":"https:\/\/archiviocassano.lavocedelpaese.info\/wp-content\/uploads\/2024\/08\/logo-rosso-2.png","width":491,"height":432,"caption":"Archivio CassanoWeb"},"image":{"@id":"https:\/\/archiviocassano.lavocedelpaese.info\/#\/schema\/logo\/image\/"},"sameAs":["https:\/\/www.facebook.com\/redazione.cassanoweb"]},{"@type":"Person","@id":"https:\/\/archiviocassano.lavocedelpaese.info\/#\/schema\/person\/df195bc79a9b4c35127cf005f92e041b","name":"admin","image":{"@type":"ImageObject","inLanguage":"it-IT","@id":"https:\/\/secure.gravatar.com\/avatar\/eabba89a432e8eaa1b0207cc55f7e5340b22712b1ed80677efcf63e02ff5b235?s=96&d=mm&r=g","url":"https:\/\/secure.gravatar.com\/avatar\/eabba89a432e8eaa1b0207cc55f7e5340b22712b1ed80677efcf63e02ff5b235?s=96&d=mm&r=g","contentUrl":"https:\/\/secure.gravatar.com\/avatar\/eabba89a432e8eaa1b0207cc55f7e5340b22712b1ed80677efcf63e02ff5b235?s=96&d=mm&r=g","caption":"admin"},"sameAs":["https:\/\/archiviocassano.lavocedelpaese.info"],"url":"https:\/\/archiviocassano.lavocedelpaese.info\/index.php\/author\/admin_0qgz1xdp\/"}]}},"_links":{"self":[{"href":"https:\/\/archiviocassano.lavocedelpaese.info\/index.php\/wp-json\/wp\/v2\/posts\/2578","targetHints":{"allow":["GET"]}}],"collection":[{"href":"https:\/\/archiviocassano.lavocedelpaese.info\/index.php\/wp-json\/wp\/v2\/posts"}],"about":[{"href":"https:\/\/archiviocassano.lavocedelpaese.info\/index.php\/wp-json\/wp\/v2\/types\/post"}],"author":[{"embeddable":true,"href":"https:\/\/archiviocassano.lavocedelpaese.info\/index.php\/wp-json\/wp\/v2\/users\/1"}],"replies":[{"embeddable":true,"href":"https:\/\/archiviocassano.lavocedelpaese.info\/index.php\/wp-json\/wp\/v2\/comments?post=2578"}],"version-history":[{"count":0,"href":"https:\/\/archiviocassano.lavocedelpaese.info\/index.php\/wp-json\/wp\/v2\/posts\/2578\/revisions"}],"wp:attachment":[{"href":"https:\/\/archiviocassano.lavocedelpaese.info\/index.php\/wp-json\/wp\/v2\/media?parent=2578"}],"wp:term":[{"taxonomy":"category","embeddable":true,"href":"https:\/\/archiviocassano.lavocedelpaese.info\/index.php\/wp-json\/wp\/v2\/categories?post=2578"},{"taxonomy":"post_tag","embeddable":true,"href":"https:\/\/archiviocassano.lavocedelpaese.info\/index.php\/wp-json\/wp\/v2\/tags?post=2578"}],"curies":[{"name":"wp","href":"https:\/\/api.w.org\/{rel}","templated":true}]}}