{"id":2599,"date":"2009-01-27T23:39:51","date_gmt":"2009-01-27T23:39:51","guid":{"rendered":"https:\/\/archiviocassano.lavocedelpaese.info\/index.php\/2009\/01\/27\/fraddiavolo-qgetti-la-maschera-chi-ha-causato-il-degrado-della-murgiaq\/"},"modified":"2009-01-27T23:39:51","modified_gmt":"2009-01-27T23:39:51","slug":"fraddiavolo-qgetti-la-maschera-chi-ha-causato-il-degrado-della-murgiaq","status":"publish","type":"post","link":"https:\/\/archiviocassano.lavocedelpaese.info\/index.php\/2009\/01\/27\/fraddiavolo-qgetti-la-maschera-chi-ha-causato-il-degrado-della-murgiaq\/","title":{"rendered":"FRADDIAVOLO: &#8220;GETTI LA MASCHERA CHI HA CAUSATO IL DEGRADO DELLA MURGIA&#8221;"},"content":{"rendered":"<p><img loading=\"lazy\" decoding=\"async\" width=\"300\" src=\"images\/stories\/fraddiavolo_2.jpg\" alt=\"fraddiavolo_2.jpg\" height=\"225\" style=\"float: left; margin: 5px; width: 300px; height: 225px\" title=\"fraddiavolo_2.jpg\" \/> <\/p>\n<p><!--more--><br \/>\n<meta name=\"ProgId\" content=\"Word.Document\" \/><br \/>\n<meta name=\"Generator\" content=\"Microsoft Word 10\" \/><br \/>\n<meta name=\"Originator\" content=\"Microsoft Word 10\" \/>\n<link rel=\"File-List\" href=\"file:\/\/\/C:%5CDOCUME%7E1%5CATIPIC%7E1%5CIMPOST%7E1%5CTemp%5Cmsohtml1%5C01%5Cclip_filelist.xml\" \/>\n<style>\n@font-face {\nfont-family: Verdana;\n}\n@page Section1 {size: 612.0pt 792.0pt; margin: 70.85pt 2.0cm 2.0cm 2.0cm; mso-header-margin: 36.0pt; mso-footer-margin: 36.0pt; mso-paper-source: 0; }\nP.MsoNormal {\nFONT-SIZE: 12pt; MARGIN: 0cm 0cm 0pt; FONT-FAMILY: \"Times New Roman\"; mso-style-parent: \"\"; mso-pagination: widow-orphan; mso-fareast-font-family: \"Times New Roman\"\n}\nLI.MsoNormal {\nFONT-SIZE: 12pt; MARGIN: 0cm 0cm 0pt; FONT-FAMILY: \"Times New Roman\"; mso-style-parent: \"\"; mso-pagination: widow-orphan; mso-fareast-font-family: \"Times New Roman\"\n}\nDIV.MsoNormal {\nFONT-SIZE: 12pt; MARGIN: 0cm 0cm 0pt; FONT-FAMILY: \"Times New Roman\"; mso-style-parent: \"\"; mso-pagination: widow-orphan; mso-fareast-font-family: \"Times New Roman\"\n}\nDIV.Section1 {\npage: Section1\n}<\/style>\n<p style=\"text-align: justify\" class=\"MsoNormal\">\n<meta name=\"ProgId\" content=\"Word.Document\" \/><br \/>\n<meta name=\"Generator\" content=\"Microsoft Word 10\" \/><br \/>\n<meta name=\"Originator\" content=\"Microsoft Word 10\" \/>\n<link rel=\"File-List\" href=\"file:\/\/\/C:%5CDOCUME%7E1%5CATIPIC%7E1%5CIMPOST%7E1%5CTemp%5Cmsohtml1%5C01%5Cclip_filelist.xml\" \/>\n<style>\n@font-face {\nfont-family: Verdana;\n}\n@page Section1 {size: 612.0pt 792.0pt; margin: 70.85pt 2.0cm 2.0cm 2.0cm; mso-header-margin: 36.0pt; mso-footer-margin: 36.0pt; mso-paper-source: 0; }\nP.MsoNormal {\nFONT-SIZE: 12pt; MARGIN: 0cm 0cm 0pt; FONT-FAMILY: \"Times New Roman\"; mso-style-parent: \"\"; mso-pagination: widow-orphan; mso-fareast-font-family: \"Times New Roman\"\n}\nLI.MsoNormal {\nFONT-SIZE: 12pt; MARGIN: 0cm 0cm 0pt; FONT-FAMILY: \"Times New Roman\"; mso-style-parent: \"\"; mso-pagination: widow-orphan; mso-fareast-font-family: \"Times New Roman\"\n}\nDIV.MsoNormal {\nFONT-SIZE: 12pt; MARGIN: 0cm 0cm 0pt; FONT-FAMILY: \"Times New Roman\"; mso-style-parent: \"\"; mso-pagination: widow-orphan; mso-fareast-font-family: \"Times New Roman\"\n}\nDIV.Section1 {\npage: Section1\n}<\/style>\n<\/p>\n<p><b><i><span style=\"font-weight: normal; font-size: 10pt; font-family: Verdana\">Abbiamo ricevuto via email la riflessione di una lettrice che in tutta la sua drammaticit\u00e0 riproponiamo ai lettori. Di solito questo tipo di contributi vengono ospitati dalla rubrica \u201cScrivilo a CassanoWeb\u201d ma per la stringente attualit\u00e0 del tema nonch\u00e9 per la forte emotivit\u00e0 che traspare abbiamo deciso di inserirlo in prima pagina, all\u2019attenzione di tutti i lettori.<o:p><\/o:p><\/span><\/i><\/b> <b><i><span style=\"font-weight: normal; font-size: 10pt; font-family: Verdana\">L\u2019abbiamo poi corredato con alcune foto scattate proprio qualche giorno fa a \u201cSole Blu\u201d con l\u2019intenzione di farci un servizio che parlasse del degrado e dell\u2019abbandono della zona. La nostra lettrice ci ha preceduti ma ne siamo felici: per chi ci accusa (e ci accuser\u00e0 ancora) di gettare fango sull\u2019Amministrazione Comunale, ecco la migliore risposta. Fatti, non chiacchiere.<o:p><\/o:p><\/span><\/i><\/b> <b><i><span style=\"font-weight: normal; font-size: 10pt; font-family: Verdana\"><o:p>\u00a0<\/o:p><\/span><\/i><\/b> <b><i><span style=\"font-weight: normal; font-size: 10pt; font-family: Verdana\">Grazie Isabella: che la magia delle Murge possa aiutarti a guarire e perdona noi cassanesi se non apprezziamo fino in fondo le ricchezze e le bellezze di cui la Natura ci ha contornati. <o:p><\/o:p><\/span><\/i><\/b><\/p>\n<p>\n&nbsp;\n<\/p>\n<p>\n<b><span style=\"font-weight: normal; font-size: 10pt; font-family: Verdana\">Il grande <\/span><\/b><b><span style=\"font-size: 10pt; font-family: Verdana\">Lucio Anneo Seneca<\/span><\/b><b><span style=\"font-weight: normal; font-size: 10pt; font-family: Verdana\"> recitava nel saggio sulla &quot;Brevit\u00e0 della vita&quot; :<\/span><\/b><b><span style=\"font-size: 10pt; font-family: Verdana\"><br \/>\n<\/span><\/b><b><i><span style=\"font-weight: normal; font-size: 10pt; font-family: Verdana\">\u201dnemo potest personam diu ferre\u201d&#8230;&#8230;.<\/span><\/i><\/b><b><span style=\"font-weight: normal; font-size: 10pt; font-family: Verdana\">ossia&#8230;.. \u201cnessuno pu\u00f2 portare a lungo la maschera\u201d!!!<\/span><\/b><b><span style=\"font-size: 10pt; font-family: Verdana\"><br \/>\n<\/span><\/b><b><span style=\"font-weight: normal; font-size: 10pt; font-family: Verdana\">Bene, credo sia giunto il momento\u00a0 in cui a qualcuno, la maschera che ha portato ( piuttosto male direi) in questi ultimi anni, debba non solo cadere, ma permettere a\u00a0 chiunque abbia qualcosa da dire di poter guardare in faccia il proprio interlocutore, ricevendo precise spiegazioni su cose gravissime che io personalmente ho avuto modo di constatare&#8230;..<\/span><\/b><b><span style=\"font-size: 10pt; font-family: Verdana\"><br \/>\n<\/span><\/b>\n<\/p>\n<p>\n<b><span style=\"font-size: 10pt; font-family: Verdana\">Non sono una residente, ma ho sempre avuto a cuore il territorio di Cassano<\/span><\/b><b><span style=\"font-weight: normal; font-size: 10pt; font-family: Verdana\">, un po&#8217; per ricordi piacevoli della mia infanzia, un po&#8217; perch\u00e8 conscia delle grandi potenzialit\u00e0 che il territorio offre, avevo deciso di trasferirmi temporaneamente nella zona\u00a0per poter meglio affrontare il periodo successivo alla chemioterapia a cui sono stata sottoposta per circa 20 mesi a causa di un tumore.<\/span><\/b><b><span style=\"font-size: 10pt; font-family: Verdana\"><br \/>\n<\/span><\/b><b><span style=\"font-size: 10pt; font-family: Verdana\">\u00a0<\/span><\/b>\n<\/p>\n<p>\n<b><span style=\"font-size: 10pt; font-family: Verdana\">Ho 39 anni e mi chiamo Isabella<\/span><\/b><b><span style=\"font-weight: normal; font-size: 10pt; font-family: Verdana\">, e da due anni e mezzo\u00a0tento di cogliere il meglio della vita e del territorio in cui vivo, cercando di trarne il massimo beneficio per la mia salute.<\/span><\/b><b><span style=\"font-size: 10pt; font-family: Verdana\"><br \/>\n<\/span><\/b><b><span style=\"font-weight: normal; font-size: 10pt; font-family: Verdana\">\u00a0<\/span><\/b>\n<\/p>\n<p>\n<b><span style=\"font-weight: normal; font-size: 10pt; font-family: Verdana\">Mi sono recata qualche settimana fa nella localit\u00e0 <\/span><\/b><b><span style=\"font-size: 10pt; font-family: Verdana\">Sole blu, in contrada Fraddiavolo<\/span><\/b><b><span style=\"font-weight: normal; font-size: 10pt; font-family: Verdana\">&#8230; nella speranza di trovare quel che ricordavo esserci (tanto verde, strutture curate, accoglienza turisticamente ed urbanisticamente accresciute rispetto a quelli che erano i miei bellissimi ricordi d&#8217;infanzia)&#8230;&#8230;.e invece, con mio grande sgomento ho preso atto di uno stato dei luoghi a dir poco raccapricciante.<\/span><\/b><b><span style=\"font-size: 10pt; font-family: Verdana\"><br \/>\n<\/span><\/b><b><span style=\"font-weight: normal; font-size: 10pt; font-family: Verdana\">\u00a0<\/span><\/b>\n<\/p>\n<p>\n<b><span style=\"font-weight: normal; font-size: 10pt; font-family: Verdana\">Tutto era immerso in un completo e totale degrado sia ambientale che edilizio, tale da scoraggiare a mio avviso, qualunque iniziativa di bonifica da parte di terze persone, sia dal punto di vista turistico che prettamente residenziale.<\/span><\/b><b><span style=\"font-size: 10pt; font-family: Verdana\"><br \/>\n<\/span><\/b><b><span style=\"font-weight: normal; font-size: 10pt; font-family: Verdana\">\u00a0<\/span><\/b>\n<\/p>\n<p>\n<b><span style=\"font-weight: normal; font-size: 10pt; font-family: Verdana\">Spazzatura buttata dappertutto, totale mancanza di segnalazioni di pericolo, inquinamento e presenza anche di carcasse di animali morti da tempo in avanzato stato di decomposizione, tombini aperti e lasciati incustoditi, con relativo gravissimo pericolo di rendere il luogo una trappola mortale per chiunque si avvicini, ethernit buttato qua e l\u00e0 invece di essere smaltito a norma di legge da chi di competenza. A tutto questo stato di cose,\u00a0mi sono permessa di scattare delle fotografie per poter testimoniare quando sar\u00e0 il momento, quanto sia\u00a0grave lo stato di degrado ambientale da me\u00a0 constatato.<\/span><\/b><b><span style=\"font-size: 10pt; font-family: Verdana\"><br \/>\n<\/span><\/b><b><span style=\"font-weight: normal; font-size: 10pt; font-family: Verdana\">A peggiorare il tutto,\u00a0 vi \u00e8 l&#8217;assoluta assenza di controlli da parte della Polizia Municipale, che secondo i residenti della zona, non si vede da mesi nei dintorni.<\/span><\/b><b><span style=\"font-size: 10pt; font-family: Verdana\"><br \/>\n<\/span><\/b><b><span style=\"font-weight: normal; font-size: 10pt; font-family: Verdana\">\u00a0<\/span><\/b>\n<\/p>\n<p>\n<b><span style=\"font-weight: normal; font-size: 10pt; font-family: Verdana\">E l&#8217;amministrazione comunale che cosa ha fatto in questi anni? Praticamente NULLA!<\/span><\/b><b><span style=\"font-size: 10pt; font-family: Verdana\"><br \/>\n<\/span><\/b><b><span style=\"font-weight: normal; font-size: 10pt; font-family: Verdana\">\u00a0<\/span><\/b>\n<\/p>\n<p>\n<b><span style=\"font-weight: normal; font-size: 10pt; font-family: Verdana\">Qualcuno sta\u00a0forse aspettando che sia un incidente mortale a sancire una\u00a0repentina presa di coscienza ed\u00a0a permettere all&#8217;amministrazione\u00a0di farsi pubblicit\u00e0 gratuita, magari scaricando la colpa di tutto questo sull&#8217;incivilt\u00e0 dei residenti stessi??? Questo sarebbe veramente il massimo della vergogna!<\/span><\/b><b><span style=\"font-size: 10pt; font-family: Verdana\"><br \/>\n<\/span><\/b><b><span style=\"font-weight: normal; font-size: 10pt; font-family: Verdana\">\u00a0<\/span><\/b>\n<\/p>\n<p>\n<b><span style=\"font-weight: normal; font-size: 10pt; font-family: Verdana\">Dove \u00e8 finito quel luogo che io ricordavo e che\u00a0speravo di poter ritrovare migliorato con gli anni? In che vergognoso stato qualcuno ha permesso di ridurre quello che per la\u00a0 Puglia \u00e8 un polmone verde di rilevante importanza?<\/span><\/b><b><span style=\"font-size: 10pt; font-family: Verdana\"><br \/>\n<\/span><\/b><b><span style=\"font-weight: normal; font-size: 10pt; font-family: Verdana\">Chi devo &quot;ringraziare&quot; per tutto questo?<\/span><\/b><b><span style=\"font-size: 10pt; font-family: Verdana\"><br \/>\n<\/span><\/b><b><span style=\"font-weight: normal; font-size: 10pt; font-family: Verdana\">\u00a0<\/span><\/b>\n<\/p>\n<p>\n<b><span style=\"font-weight: normal; font-size: 10pt; font-family: Verdana\">Bene, io spero con tutto il cuore che chiunque sia stato responsabile di questo scempio, faccia cadere la propria maschera e abbia il coraggio di prendersi le proprie responsabilit\u00e0, ma soprattutto, spero che abbia il coraggio\u00a0 di non prendere pi\u00f9 nessuno in giro durante questa prossima campagna elettorale, forse perch\u00e8 non ha ancora compreso che, la prima persona ad essere stata danneggiata irrimediabilmente \u00e8 proprio chi ha permesso questo!<\/span><\/b><b><span style=\"font-size: 10pt; font-family: Verdana\"><br \/>\n<\/span><\/b><b><span style=\"font-weight: normal; font-size: 10pt; font-family: Verdana\">\u00a0<\/span><\/b>\n<\/p>\n<p>\n<b><span style=\"font-weight: normal; font-size: 10pt; font-family: Verdana\">Sono qui a chiedere ed a sperare che in futuro si possa ottenere una riqualificazione del luogo, un miglioramento sostanziale della zona in oggetto (e non solo di quella), ma prima di tutto una azione urgente di risanamento territoriale.<\/span><\/b><b><span style=\"font-size: 10pt; font-family: Verdana\"><br \/>\n<\/span><\/b>\n<\/p>\n<p style=\"text-align: justify\" class=\"MsoNormal\">\n<b><span style=\"font-weight: normal; font-size: 10pt; font-family: Verdana\">Chiunque non\u00a0abbia sinceramente e concretamente\u00a0a cuore il destino del proprio territorio, non \u00e8 degno di amministrare e rappresentare i residenti del luogo stesso.<\/span><\/b>\n<\/p>\n<p style=\"text-align: justify\" class=\"MsoNormal\">\n&nbsp;\n<\/p>\n<p style=\"text-align: justify\" class=\"MsoNormal\">\n<img loading=\"lazy\" decoding=\"async\" width=\"400\" src=\"images\/stories\/fraddiavolo_1.jpg\" alt=\"fraddiavolo_1.jpg\" height=\"300\" style=\"float: left; margin: 5px; width: 400px; height: 300px\" title=\"fraddiavolo_1.jpg\" \/>\n<\/p>\n<p style=\"text-align: justify\" class=\"MsoNormal\">\n&nbsp;\n<\/p>\n<p style=\"text-align: justify\" class=\"MsoNormal\">\n&nbsp;\n<\/p>\n<p style=\"text-align: justify\" class=\"MsoNormal\">\n&nbsp;\n<\/p>\n<p style=\"text-align: justify\" class=\"MsoNormal\">\n&nbsp;\n<\/p>\n<p style=\"text-align: justify\" class=\"MsoNormal\">\n&nbsp;\n<\/p>\n<p style=\"text-align: justify\" class=\"MsoNormal\">\n&nbsp;\n<\/p>\n<p style=\"text-align: justify\" class=\"MsoNormal\">\n&nbsp;\n<\/p>\n<p style=\"text-align: justify\" class=\"MsoNormal\">\n&nbsp;\n<\/p>\n<p style=\"text-align: justify\" class=\"MsoNormal\">\n&nbsp;\n<\/p>\n<p style=\"text-align: justify\" class=\"MsoNormal\">\n&nbsp;\n<\/p>\n<p style=\"text-align: justify\" class=\"MsoNormal\">\n&nbsp;\n<\/p>\n<p style=\"text-align: justify\" class=\"MsoNormal\">\n&nbsp;\n<\/p>\n<p style=\"text-align: justify\" class=\"MsoNormal\">\n&nbsp;\n<\/p>\n<p style=\"text-align: justify\" class=\"MsoNormal\">\n&nbsp;\n<\/p>\n<p style=\"text-align: justify\" class=\"MsoNormal\">\n&nbsp;\n<\/p>\n<p style=\"text-align: justify\" class=\"MsoNormal\">\n&nbsp;\n<\/p>\n<p style=\"text-align: justify\" class=\"MsoNormal\">\n&nbsp;\n<\/p>\n<p style=\"text-align: justify\" class=\"MsoNormal\">\n&nbsp;\n<\/p>\n<p style=\"text-align: justify\" class=\"MsoNormal\">\n&nbsp;\n<\/p>\n<p style=\"text-align: justify\" class=\"MsoNormal\">\n<img loading=\"lazy\" decoding=\"async\" width=\"400\" src=\"images\/stories\/fraddiavolo_3.jpg\" alt=\"fraddiavolo_3.jpg\" height=\"300\" style=\"float: left; margin: 5px; width: 400px; height: 300px\" title=\"fraddiavolo_3.jpg\" \/>\n<\/p>\n<p style=\"text-align: justify\" class=\"MsoNormal\">\n&nbsp;\n<\/p>\n<p style=\"text-align: justify\" class=\"MsoNormal\">\n&nbsp;\n<\/p>\n<p style=\"text-align: justify\" class=\"MsoNormal\">\n&nbsp;\n<\/p>\n<p style=\"text-align: justify\" class=\"MsoNormal\">\n&nbsp;\n<\/p>\n<p style=\"text-align: justify\" class=\"MsoNormal\">\n&nbsp;\n<\/p>\n<p style=\"text-align: justify\" class=\"MsoNormal\">\n&nbsp;\n<\/p>\n<p style=\"text-align: justify\" class=\"MsoNormal\">\n&nbsp;\n<\/p>\n<p style=\"text-align: justify\" class=\"MsoNormal\">\n&nbsp;\n<\/p>\n<p style=\"text-align: justify\" class=\"MsoNormal\">\n&nbsp;\n<\/p>\n<p style=\"text-align: justify\" class=\"MsoNormal\">\n&nbsp;\n<\/p>\n<p style=\"text-align: justify\" class=\"MsoNormal\">\n&nbsp;\n<\/p>\n<p style=\"text-align: justify\" class=\"MsoNormal\">\n&nbsp;\n<\/p>\n<p style=\"text-align: justify\" class=\"MsoNormal\">\n&nbsp;\n<\/p>\n<p style=\"text-align: justify\" class=\"MsoNormal\">\n&nbsp;\n<\/p>\n<p style=\"text-align: justify\" class=\"MsoNormal\">\n&nbsp;\n<\/p>\n<p style=\"text-align: justify\" class=\"MsoNormal\">\n&nbsp;\n<\/p>\n<p style=\"text-align: justify\" class=\"MsoNormal\">\n&nbsp;\n<\/p>\n<p style=\"text-align: justify\" class=\"MsoNormal\">\n<img loading=\"lazy\" decoding=\"async\" width=\"400\" src=\"images\/stories\/fraddiavolo_4.jpg\" alt=\"fraddiavolo_4.jpg\" height=\"300\" style=\"float: left; margin: 5px; width: 400px; height: 300px\" title=\"fraddiavolo_4.jpg\" \/>\n<\/p>\n<p style=\"text-align: justify\" class=\"MsoNormal\">\n&nbsp;\n<\/p>\n<p style=\"text-align: justify\" class=\"MsoNormal\">\n&nbsp;\n<\/p>\n<p style=\"text-align: justify\" class=\"MsoNormal\">\n&nbsp;\n<\/p>\n<p style=\"text-align: justify\" class=\"MsoNormal\">\n&nbsp;\n<\/p>\n<p style=\"text-align: justify\" class=\"MsoNormal\">\n&nbsp;\n<\/p>\n<p style=\"text-align: justify\" class=\"MsoNormal\">\n&nbsp;\n<\/p>\n<p style=\"text-align: justify\" class=\"MsoNormal\">\n&nbsp;\n<\/p>\n<p style=\"text-align: justify\" class=\"MsoNormal\">\n&nbsp;\n<\/p>\n<p style=\"text-align: justify\" class=\"MsoNormal\">\n&nbsp;\n<\/p>\n<p style=\"text-align: justify\" class=\"MsoNormal\">\n&nbsp;\n<\/p>\n<p style=\"text-align: justify\" class=\"MsoNormal\">\n&nbsp;\n<\/p>\n<p style=\"text-align: justify\" class=\"MsoNormal\">\n&nbsp;\n<\/p>\n<p style=\"text-align: justify\" class=\"MsoNormal\">\n&nbsp;\n<\/p>\n<p style=\"text-align: justify\" class=\"MsoNormal\">\n&nbsp;\n<\/p>\n<p style=\"text-align: justify\" class=\"MsoNormal\">\n&nbsp;\n<\/p>\n<p style=\"text-align: justify\" class=\"MsoNormal\">\n&nbsp;\n<\/p>\n<p style=\"text-align: justify\" class=\"MsoNormal\">\n&nbsp;\n<\/p>\n<p style=\"text-align: justify\" class=\"MsoNormal\">\n&nbsp;\n<\/p>\n<p style=\"text-align: justify\" class=\"MsoNormal\">\n<img loading=\"lazy\" decoding=\"async\" width=\"400\" src=\"images\/stories\/fraddiavolo_5.jpg\" alt=\"fraddiavolo_5.jpg\" height=\"300\" style=\"float: left; margin: 5px; width: 400px; height: 300px\" title=\"fraddiavolo_5.jpg\" \/>\n<\/p>\n<p style=\"text-align: justify\" class=\"MsoNormal\">\n&nbsp;\n<\/p>\n<p style=\"text-align: justify\" class=\"MsoNormal\">\n&nbsp;\n<\/p>\n<p style=\"text-align: justify\" class=\"MsoNormal\">\n&nbsp;\n<\/p>\n<p style=\"text-align: justify\" class=\"MsoNormal\">\n&nbsp;\n<\/p>\n<p style=\"text-align: justify\" class=\"MsoNormal\">\n&nbsp;\n<\/p>\n<p style=\"text-align: justify\" class=\"MsoNormal\">\n&nbsp;\n<\/p>\n<p style=\"text-align: justify\" class=\"MsoNormal\">\n&nbsp;\n<\/p>\n<p style=\"text-align: justify\" class=\"MsoNormal\">\n&nbsp;\n<\/p>\n<p style=\"text-align: justify\" class=\"MsoNormal\">\n&nbsp;\n<\/p>\n<p style=\"text-align: justify\" class=\"MsoNormal\">\n&nbsp;\n<\/p>\n<p style=\"text-align: justify\" class=\"MsoNormal\">\n&nbsp;\n<\/p>\n<p style=\"text-align: justify\" class=\"MsoNormal\">\n&nbsp;\n<\/p>\n<p style=\"text-align: justify\" class=\"MsoNormal\">\n&nbsp;\n<\/p>\n<p style=\"text-align: justify\" class=\"MsoNormal\">\n&nbsp;\n<\/p>\n<p style=\"text-align: justify\" class=\"MsoNormal\">\n&nbsp;\n<\/p>\n<p style=\"text-align: justify\" class=\"MsoNormal\">\n&nbsp;\n<\/p>\n<p style=\"text-align: justify\" class=\"MsoNormal\">\n&nbsp;\n<\/p>\n<p style=\"text-align: justify\" class=\"MsoNormal\">\n&nbsp;\n<\/p>\n<p style=\"text-align: justify\" class=\"MsoNormal\">\n&nbsp;\n<\/p>\n<p style=\"text-align: justify\" class=\"MsoNormal\">\n<img loading=\"lazy\" decoding=\"async\" width=\"400\" src=\"images\/stories\/fraddiavolo_6.jpg\" alt=\"fraddiavolo_6.jpg\" height=\"300\" style=\"float: left; margin: 5px; width: 400px; height: 300px\" title=\"fraddiavolo_6.jpg\" \/><\/p>\n","protected":false},"excerpt":{"rendered":"","protected":false},"author":1,"featured_media":0,"comment_status":"open","ping_status":"closed","sticky":false,"template":"","format":"standard","meta":{"colormag_page_container_layout":"default_layout","colormag_page_sidebar_layout":"default_layout","footnotes":""},"categories":[9],"tags":[],"class_list":["post-2599","post","type-post","status-publish","format-standard","hentry","category-la-voce-del-paese"],"yoast_head":"<!-- This site is optimized with the Yoast SEO plugin v27.5 - https:\/\/yoast.com\/product\/yoast-seo-wordpress\/ -->\n<title>FRADDIAVOLO: &quot;GETTI LA MASCHERA CHI HA CAUSATO IL DEGRADO DELLA MURGIA&quot; - Archivio CassanoWeb<\/title>\n<meta name=\"robots\" content=\"index, follow, max-snippet:-1, max-image-preview:large, max-video-preview:-1\" \/>\n<link rel=\"canonical\" href=\"https:\/\/archiviocassano.lavocedelpaese.info\/index.php\/2009\/01\/27\/fraddiavolo-qgetti-la-maschera-chi-ha-causato-il-degrado-della-murgiaq\/\" \/>\n<meta property=\"og:locale\" content=\"it_IT\" \/>\n<meta property=\"og:type\" content=\"article\" \/>\n<meta property=\"og:title\" content=\"FRADDIAVOLO: &quot;GETTI LA MASCHERA CHI HA CAUSATO IL DEGRADO DELLA MURGIA&quot; - Archivio CassanoWeb\" \/>\n<meta property=\"og:url\" content=\"https:\/\/archiviocassano.lavocedelpaese.info\/index.php\/2009\/01\/27\/fraddiavolo-qgetti-la-maschera-chi-ha-causato-il-degrado-della-murgiaq\/\" \/>\n<meta property=\"og:site_name\" content=\"Archivio CassanoWeb\" \/>\n<meta property=\"article:publisher\" content=\"https:\/\/www.facebook.com\/redazione.cassanoweb\" \/>\n<meta property=\"article:published_time\" content=\"2009-01-27T23:39:51+00:00\" \/>\n<meta name=\"author\" content=\"admin\" \/>\n<meta name=\"twitter:card\" content=\"summary_large_image\" \/>\n<meta name=\"twitter:label1\" content=\"Scritto da\" \/>\n\t<meta name=\"twitter:data1\" content=\"admin\" \/>\n\t<meta name=\"twitter:label2\" content=\"Tempo di lettura stimato\" \/>\n\t<meta name=\"twitter:data2\" content=\"4 minuti\" \/>\n<script type=\"application\/ld+json\" class=\"yoast-schema-graph\">{\"@context\":\"https:\\\/\\\/schema.org\",\"@graph\":[{\"@type\":\"Article\",\"@id\":\"https:\\\/\\\/archiviocassano.lavocedelpaese.info\\\/index.php\\\/2009\\\/01\\\/27\\\/fraddiavolo-qgetti-la-maschera-chi-ha-causato-il-degrado-della-murgiaq\\\/#article\",\"isPartOf\":{\"@id\":\"https:\\\/\\\/archiviocassano.lavocedelpaese.info\\\/index.php\\\/2009\\\/01\\\/27\\\/fraddiavolo-qgetti-la-maschera-chi-ha-causato-il-degrado-della-murgiaq\\\/\"},\"author\":{\"name\":\"admin\",\"@id\":\"https:\\\/\\\/archiviocassano.lavocedelpaese.info\\\/#\\\/schema\\\/person\\\/df195bc79a9b4c35127cf005f92e041b\"},\"headline\":\"FRADDIAVOLO: &#8220;GETTI LA MASCHERA CHI HA CAUSATO IL DEGRADO DELLA MURGIA&#8221;\",\"datePublished\":\"2009-01-27T23:39:51+00:00\",\"mainEntityOfPage\":{\"@id\":\"https:\\\/\\\/archiviocassano.lavocedelpaese.info\\\/index.php\\\/2009\\\/01\\\/27\\\/fraddiavolo-qgetti-la-maschera-chi-ha-causato-il-degrado-della-murgiaq\\\/\"},\"wordCount\":869,\"commentCount\":0,\"publisher\":{\"@id\":\"https:\\\/\\\/archiviocassano.lavocedelpaese.info\\\/#organization\"},\"articleSection\":[\"La voce del paese\"],\"inLanguage\":\"it-IT\",\"potentialAction\":[{\"@type\":\"CommentAction\",\"name\":\"Comment\",\"target\":[\"https:\\\/\\\/archiviocassano.lavocedelpaese.info\\\/index.php\\\/2009\\\/01\\\/27\\\/fraddiavolo-qgetti-la-maschera-chi-ha-causato-il-degrado-della-murgiaq\\\/#respond\"]}]},{\"@type\":\"WebPage\",\"@id\":\"https:\\\/\\\/archiviocassano.lavocedelpaese.info\\\/index.php\\\/2009\\\/01\\\/27\\\/fraddiavolo-qgetti-la-maschera-chi-ha-causato-il-degrado-della-murgiaq\\\/\",\"url\":\"https:\\\/\\\/archiviocassano.lavocedelpaese.info\\\/index.php\\\/2009\\\/01\\\/27\\\/fraddiavolo-qgetti-la-maschera-chi-ha-causato-il-degrado-della-murgiaq\\\/\",\"name\":\"FRADDIAVOLO: \\\"GETTI LA MASCHERA CHI HA CAUSATO IL DEGRADO DELLA MURGIA\\\" - Archivio CassanoWeb\",\"isPartOf\":{\"@id\":\"https:\\\/\\\/archiviocassano.lavocedelpaese.info\\\/#website\"},\"datePublished\":\"2009-01-27T23:39:51+00:00\",\"breadcrumb\":{\"@id\":\"https:\\\/\\\/archiviocassano.lavocedelpaese.info\\\/index.php\\\/2009\\\/01\\\/27\\\/fraddiavolo-qgetti-la-maschera-chi-ha-causato-il-degrado-della-murgiaq\\\/#breadcrumb\"},\"inLanguage\":\"it-IT\",\"potentialAction\":[{\"@type\":\"ReadAction\",\"target\":[\"https:\\\/\\\/archiviocassano.lavocedelpaese.info\\\/index.php\\\/2009\\\/01\\\/27\\\/fraddiavolo-qgetti-la-maschera-chi-ha-causato-il-degrado-della-murgiaq\\\/\"]}]},{\"@type\":\"BreadcrumbList\",\"@id\":\"https:\\\/\\\/archiviocassano.lavocedelpaese.info\\\/index.php\\\/2009\\\/01\\\/27\\\/fraddiavolo-qgetti-la-maschera-chi-ha-causato-il-degrado-della-murgiaq\\\/#breadcrumb\",\"itemListElement\":[{\"@type\":\"ListItem\",\"position\":1,\"name\":\"Home\",\"item\":\"https:\\\/\\\/archiviocassano.lavocedelpaese.info\\\/\"},{\"@type\":\"ListItem\",\"position\":2,\"name\":\"FRADDIAVOLO: &#8220;GETTI LA MASCHERA CHI HA CAUSATO IL DEGRADO DELLA MURGIA&#8221;\"}]},{\"@type\":\"WebSite\",\"@id\":\"https:\\\/\\\/archiviocassano.lavocedelpaese.info\\\/#website\",\"url\":\"https:\\\/\\\/archiviocassano.lavocedelpaese.info\\\/\",\"name\":\"Archivio CassanoWeb\",\"description\":\"La Voce del Paese - un network di idee\",\"publisher\":{\"@id\":\"https:\\\/\\\/archiviocassano.lavocedelpaese.info\\\/#organization\"},\"potentialAction\":[{\"@type\":\"SearchAction\",\"target\":{\"@type\":\"EntryPoint\",\"urlTemplate\":\"https:\\\/\\\/archiviocassano.lavocedelpaese.info\\\/?s={search_term_string}\"},\"query-input\":{\"@type\":\"PropertyValueSpecification\",\"valueRequired\":true,\"valueName\":\"search_term_string\"}}],\"inLanguage\":\"it-IT\"},{\"@type\":\"Organization\",\"@id\":\"https:\\\/\\\/archiviocassano.lavocedelpaese.info\\\/#organization\",\"name\":\"Archivio CassanoWeb\",\"url\":\"https:\\\/\\\/archiviocassano.lavocedelpaese.info\\\/\",\"logo\":{\"@type\":\"ImageObject\",\"inLanguage\":\"it-IT\",\"@id\":\"https:\\\/\\\/archiviocassano.lavocedelpaese.info\\\/#\\\/schema\\\/logo\\\/image\\\/\",\"url\":\"https:\\\/\\\/archiviocassano.lavocedelpaese.info\\\/wp-content\\\/uploads\\\/2024\\\/08\\\/logo-rosso-2.png\",\"contentUrl\":\"https:\\\/\\\/archiviocassano.lavocedelpaese.info\\\/wp-content\\\/uploads\\\/2024\\\/08\\\/logo-rosso-2.png\",\"width\":491,\"height\":432,\"caption\":\"Archivio CassanoWeb\"},\"image\":{\"@id\":\"https:\\\/\\\/archiviocassano.lavocedelpaese.info\\\/#\\\/schema\\\/logo\\\/image\\\/\"},\"sameAs\":[\"https:\\\/\\\/www.facebook.com\\\/redazione.cassanoweb\"]},{\"@type\":\"Person\",\"@id\":\"https:\\\/\\\/archiviocassano.lavocedelpaese.info\\\/#\\\/schema\\\/person\\\/df195bc79a9b4c35127cf005f92e041b\",\"name\":\"admin\",\"image\":{\"@type\":\"ImageObject\",\"inLanguage\":\"it-IT\",\"@id\":\"https:\\\/\\\/secure.gravatar.com\\\/avatar\\\/eabba89a432e8eaa1b0207cc55f7e5340b22712b1ed80677efcf63e02ff5b235?s=96&d=mm&r=g\",\"url\":\"https:\\\/\\\/secure.gravatar.com\\\/avatar\\\/eabba89a432e8eaa1b0207cc55f7e5340b22712b1ed80677efcf63e02ff5b235?s=96&d=mm&r=g\",\"contentUrl\":\"https:\\\/\\\/secure.gravatar.com\\\/avatar\\\/eabba89a432e8eaa1b0207cc55f7e5340b22712b1ed80677efcf63e02ff5b235?s=96&d=mm&r=g\",\"caption\":\"admin\"},\"sameAs\":[\"https:\\\/\\\/archiviocassano.lavocedelpaese.info\"],\"url\":\"https:\\\/\\\/archiviocassano.lavocedelpaese.info\\\/index.php\\\/author\\\/admin_0qgz1xdp\\\/\"}]}<\/script>\n<!-- \/ Yoast SEO plugin. -->","yoast_head_json":{"title":"FRADDIAVOLO: \"GETTI LA MASCHERA CHI HA CAUSATO IL DEGRADO DELLA MURGIA\" - Archivio CassanoWeb","robots":{"index":"index","follow":"follow","max-snippet":"max-snippet:-1","max-image-preview":"max-image-preview:large","max-video-preview":"max-video-preview:-1"},"canonical":"https:\/\/archiviocassano.lavocedelpaese.info\/index.php\/2009\/01\/27\/fraddiavolo-qgetti-la-maschera-chi-ha-causato-il-degrado-della-murgiaq\/","og_locale":"it_IT","og_type":"article","og_title":"FRADDIAVOLO: \"GETTI LA MASCHERA CHI HA CAUSATO IL DEGRADO DELLA MURGIA\" - Archivio CassanoWeb","og_url":"https:\/\/archiviocassano.lavocedelpaese.info\/index.php\/2009\/01\/27\/fraddiavolo-qgetti-la-maschera-chi-ha-causato-il-degrado-della-murgiaq\/","og_site_name":"Archivio CassanoWeb","article_publisher":"https:\/\/www.facebook.com\/redazione.cassanoweb","article_published_time":"2009-01-27T23:39:51+00:00","author":"admin","twitter_card":"summary_large_image","twitter_misc":{"Scritto da":"admin","Tempo di lettura stimato":"4 minuti"},"schema":{"@context":"https:\/\/schema.org","@graph":[{"@type":"Article","@id":"https:\/\/archiviocassano.lavocedelpaese.info\/index.php\/2009\/01\/27\/fraddiavolo-qgetti-la-maschera-chi-ha-causato-il-degrado-della-murgiaq\/#article","isPartOf":{"@id":"https:\/\/archiviocassano.lavocedelpaese.info\/index.php\/2009\/01\/27\/fraddiavolo-qgetti-la-maschera-chi-ha-causato-il-degrado-della-murgiaq\/"},"author":{"name":"admin","@id":"https:\/\/archiviocassano.lavocedelpaese.info\/#\/schema\/person\/df195bc79a9b4c35127cf005f92e041b"},"headline":"FRADDIAVOLO: &#8220;GETTI LA MASCHERA CHI HA CAUSATO IL DEGRADO DELLA MURGIA&#8221;","datePublished":"2009-01-27T23:39:51+00:00","mainEntityOfPage":{"@id":"https:\/\/archiviocassano.lavocedelpaese.info\/index.php\/2009\/01\/27\/fraddiavolo-qgetti-la-maschera-chi-ha-causato-il-degrado-della-murgiaq\/"},"wordCount":869,"commentCount":0,"publisher":{"@id":"https:\/\/archiviocassano.lavocedelpaese.info\/#organization"},"articleSection":["La voce del paese"],"inLanguage":"it-IT","potentialAction":[{"@type":"CommentAction","name":"Comment","target":["https:\/\/archiviocassano.lavocedelpaese.info\/index.php\/2009\/01\/27\/fraddiavolo-qgetti-la-maschera-chi-ha-causato-il-degrado-della-murgiaq\/#respond"]}]},{"@type":"WebPage","@id":"https:\/\/archiviocassano.lavocedelpaese.info\/index.php\/2009\/01\/27\/fraddiavolo-qgetti-la-maschera-chi-ha-causato-il-degrado-della-murgiaq\/","url":"https:\/\/archiviocassano.lavocedelpaese.info\/index.php\/2009\/01\/27\/fraddiavolo-qgetti-la-maschera-chi-ha-causato-il-degrado-della-murgiaq\/","name":"FRADDIAVOLO: \"GETTI LA MASCHERA CHI HA CAUSATO IL DEGRADO DELLA MURGIA\" - Archivio CassanoWeb","isPartOf":{"@id":"https:\/\/archiviocassano.lavocedelpaese.info\/#website"},"datePublished":"2009-01-27T23:39:51+00:00","breadcrumb":{"@id":"https:\/\/archiviocassano.lavocedelpaese.info\/index.php\/2009\/01\/27\/fraddiavolo-qgetti-la-maschera-chi-ha-causato-il-degrado-della-murgiaq\/#breadcrumb"},"inLanguage":"it-IT","potentialAction":[{"@type":"ReadAction","target":["https:\/\/archiviocassano.lavocedelpaese.info\/index.php\/2009\/01\/27\/fraddiavolo-qgetti-la-maschera-chi-ha-causato-il-degrado-della-murgiaq\/"]}]},{"@type":"BreadcrumbList","@id":"https:\/\/archiviocassano.lavocedelpaese.info\/index.php\/2009\/01\/27\/fraddiavolo-qgetti-la-maschera-chi-ha-causato-il-degrado-della-murgiaq\/#breadcrumb","itemListElement":[{"@type":"ListItem","position":1,"name":"Home","item":"https:\/\/archiviocassano.lavocedelpaese.info\/"},{"@type":"ListItem","position":2,"name":"FRADDIAVOLO: &#8220;GETTI LA MASCHERA CHI HA CAUSATO IL DEGRADO DELLA MURGIA&#8221;"}]},{"@type":"WebSite","@id":"https:\/\/archiviocassano.lavocedelpaese.info\/#website","url":"https:\/\/archiviocassano.lavocedelpaese.info\/","name":"Archivio CassanoWeb","description":"La Voce del Paese - un network di idee","publisher":{"@id":"https:\/\/archiviocassano.lavocedelpaese.info\/#organization"},"potentialAction":[{"@type":"SearchAction","target":{"@type":"EntryPoint","urlTemplate":"https:\/\/archiviocassano.lavocedelpaese.info\/?s={search_term_string}"},"query-input":{"@type":"PropertyValueSpecification","valueRequired":true,"valueName":"search_term_string"}}],"inLanguage":"it-IT"},{"@type":"Organization","@id":"https:\/\/archiviocassano.lavocedelpaese.info\/#organization","name":"Archivio CassanoWeb","url":"https:\/\/archiviocassano.lavocedelpaese.info\/","logo":{"@type":"ImageObject","inLanguage":"it-IT","@id":"https:\/\/archiviocassano.lavocedelpaese.info\/#\/schema\/logo\/image\/","url":"https:\/\/archiviocassano.lavocedelpaese.info\/wp-content\/uploads\/2024\/08\/logo-rosso-2.png","contentUrl":"https:\/\/archiviocassano.lavocedelpaese.info\/wp-content\/uploads\/2024\/08\/logo-rosso-2.png","width":491,"height":432,"caption":"Archivio CassanoWeb"},"image":{"@id":"https:\/\/archiviocassano.lavocedelpaese.info\/#\/schema\/logo\/image\/"},"sameAs":["https:\/\/www.facebook.com\/redazione.cassanoweb"]},{"@type":"Person","@id":"https:\/\/archiviocassano.lavocedelpaese.info\/#\/schema\/person\/df195bc79a9b4c35127cf005f92e041b","name":"admin","image":{"@type":"ImageObject","inLanguage":"it-IT","@id":"https:\/\/secure.gravatar.com\/avatar\/eabba89a432e8eaa1b0207cc55f7e5340b22712b1ed80677efcf63e02ff5b235?s=96&d=mm&r=g","url":"https:\/\/secure.gravatar.com\/avatar\/eabba89a432e8eaa1b0207cc55f7e5340b22712b1ed80677efcf63e02ff5b235?s=96&d=mm&r=g","contentUrl":"https:\/\/secure.gravatar.com\/avatar\/eabba89a432e8eaa1b0207cc55f7e5340b22712b1ed80677efcf63e02ff5b235?s=96&d=mm&r=g","caption":"admin"},"sameAs":["https:\/\/archiviocassano.lavocedelpaese.info"],"url":"https:\/\/archiviocassano.lavocedelpaese.info\/index.php\/author\/admin_0qgz1xdp\/"}]}},"_links":{"self":[{"href":"https:\/\/archiviocassano.lavocedelpaese.info\/index.php\/wp-json\/wp\/v2\/posts\/2599","targetHints":{"allow":["GET"]}}],"collection":[{"href":"https:\/\/archiviocassano.lavocedelpaese.info\/index.php\/wp-json\/wp\/v2\/posts"}],"about":[{"href":"https:\/\/archiviocassano.lavocedelpaese.info\/index.php\/wp-json\/wp\/v2\/types\/post"}],"author":[{"embeddable":true,"href":"https:\/\/archiviocassano.lavocedelpaese.info\/index.php\/wp-json\/wp\/v2\/users\/1"}],"replies":[{"embeddable":true,"href":"https:\/\/archiviocassano.lavocedelpaese.info\/index.php\/wp-json\/wp\/v2\/comments?post=2599"}],"version-history":[{"count":0,"href":"https:\/\/archiviocassano.lavocedelpaese.info\/index.php\/wp-json\/wp\/v2\/posts\/2599\/revisions"}],"wp:attachment":[{"href":"https:\/\/archiviocassano.lavocedelpaese.info\/index.php\/wp-json\/wp\/v2\/media?parent=2599"}],"wp:term":[{"taxonomy":"category","embeddable":true,"href":"https:\/\/archiviocassano.lavocedelpaese.info\/index.php\/wp-json\/wp\/v2\/categories?post=2599"},{"taxonomy":"post_tag","embeddable":true,"href":"https:\/\/archiviocassano.lavocedelpaese.info\/index.php\/wp-json\/wp\/v2\/tags?post=2599"}],"curies":[{"name":"wp","href":"https:\/\/api.w.org\/{rel}","templated":true}]}}