{"id":2600,"date":"2009-01-28T10:51:53","date_gmt":"2009-01-28T10:51:53","guid":{"rendered":"https:\/\/archiviocassano.lavocedelpaese.info\/index.php\/2009\/01\/28\/zullo-qattenti-a-quella-mela-avvelenataq\/"},"modified":"2009-01-28T10:51:53","modified_gmt":"2009-01-28T10:51:53","slug":"zullo-qattenti-a-quella-mela-avvelenataq","status":"publish","type":"post","link":"https:\/\/archiviocassano.lavocedelpaese.info\/index.php\/2009\/01\/28\/zullo-qattenti-a-quella-mela-avvelenataq\/","title":{"rendered":"ZULLO: &#8220;ATTENTI A QUELLA MELA AVVELENATA&#8230;&#8221;"},"content":{"rendered":"<p><img loading=\"lazy\" decoding=\"async\" src=\"images\/stories\/archiviofoto\/grimile_giusta.jpg\" alt=\"grimile_giusta.jpg\" style=\"margin: 5px; float: left; width: 204px; height: 300px\" title=\"grimile_giusta.jpg\" width=\"204\" height=\"300\" \/>\u00a0<\/p>\n<p><!--more--><br \/>\n<meta name=\"ProgId\" content=\"Word.Document\" \/><br \/>\n<meta name=\"Generator\" content=\"Microsoft Word 10\" \/><br \/>\n<meta name=\"Originator\" content=\"Microsoft Word 10\" \/>\n<link href=\"file:\/\/\/C:%5CDOCUME%7E1%5CATIPIC%7E1%5CIMPOST%7E1%5CTemp%5Cmsohtml1%5C01%5Cclip_filelist.xml\" rel=\"File-List\" \/>\n<style>\n@font-face {\nfont-family: Verdana;\n}\n@page Section1 {size: 612.0pt 792.0pt; margin: 70.85pt 2.0cm 2.0cm 2.0cm; mso-header-margin: 36.0pt; mso-footer-margin: 36.0pt; mso-paper-source: 0; }\nP.MsoNormal {\nFONT-SIZE: 12pt; MARGIN: 0cm 0cm 10pt; FONT-FAMILY: \"Times New Roman\"; mso-style-parent: \"\"; mso-pagination: widow-orphan; mso-fareast-font-family: \"Times New Roman\"; mso-fareast-language: EN-US\n}\nLI.MsoNormal {\nFONT-SIZE: 12pt; MARGIN: 0cm 0cm 10pt; FONT-FAMILY: \"Times New Roman\"; mso-style-parent: \"\"; mso-pagination: widow-orphan; mso-fareast-font-family: \"Times New Roman\"; mso-fareast-language: EN-US\n}\nDIV.MsoNormal {\nFONT-SIZE: 12pt; MARGIN: 0cm 0cm 10pt; FONT-FAMILY: \"Times New Roman\"; mso-style-parent: \"\"; mso-pagination: widow-orphan; mso-fareast-font-family: \"Times New Roman\"; mso-fareast-language: EN-US\n}\nDIV.Section1 {\npage: Section1\n}<\/style>\n<p><meta name=\"ProgId\" content=\"Word.Document\" \/><br \/>\n<meta name=\"Generator\" content=\"Microsoft Word 10\" \/><br \/>\n<meta name=\"Originator\" content=\"Microsoft Word 10\" \/>\n<link href=\"file:\/\/\/C:%5CDOCUME%7E1%5CATIPIC%7E1%5CIMPOST%7E1%5CTemp%5Cmsohtml1%5C01%5Cclip_filelist.xml\" rel=\"File-List\" \/>\n<style>\n@font-face {\nfont-family: Verdana;\n}\n@page Section1 {size: 612.0pt 792.0pt; margin: 70.85pt 2.0cm 2.0cm 2.0cm; mso-header-margin: 36.0pt; mso-footer-margin: 36.0pt; mso-paper-source: 0; }\nP.MsoNormal {\nFONT-SIZE: 12pt; MARGIN: 0cm 0cm 10pt; FONT-FAMILY: \"Times New Roman\"; mso-style-parent: \"\"; mso-pagination: widow-orphan; mso-fareast-font-family: \"Times New Roman\"; mso-fareast-language: EN-US\n}\nLI.MsoNormal {\nFONT-SIZE: 12pt; MARGIN: 0cm 0cm 10pt; FONT-FAMILY: \"Times New Roman\"; mso-style-parent: \"\"; mso-pagination: widow-orphan; mso-fareast-font-family: \"Times New Roman\"; mso-fareast-language: EN-US\n}\nDIV.MsoNormal {\nFONT-SIZE: 12pt; MARGIN: 0cm 0cm 10pt; FONT-FAMILY: \"Times New Roman\"; mso-style-parent: \"\"; mso-pagination: widow-orphan; mso-fareast-font-family: \"Times New Roman\"; mso-fareast-language: EN-US\n}\nDIV.Section1 {\npage: Section1\n}<\/style>\n<p style=\"text-align: justify\" class=\"MsoNormal\">\n<span style=\"font-size: 10pt; font-family: Verdana; color: #333333\"><b>Chi incarna le pulsioni narcisistiche?<\/b> <\/span>\n<\/p>\n<p><span style=\"font-size: 10pt; font-family: Verdana; color: #333333\">Chi dice di essere \u201cer pi\u00f9\u201d! Il pi\u00f9 forte, il pi\u00f9 onesto, il pi\u00f9 gentile.<o:p><\/o:p><\/span> <\/p>\n<p>\n&nbsp;\n<\/p>\n<p style=\"text-align: justify\" class=\"MsoNormal\">\n<span style=\"font-size: 10pt; font-family: Verdana; color: #333333\"><b>Qual \u00e8 il personaggio fiabesco che incarna il narcisismo?<\/b> <\/span>\n<\/p>\n<p><span style=\"font-size: 10pt; font-family: Verdana; color: #333333\">Quello della matrigna di Biancaneve che ha bisogno di guardarsi nello specchio magico per sentirsi dire \u201csei la pi\u00f9 bella del reame\u201d.<o:p><\/o:p><\/span> <\/p>\n<p>\n&nbsp;\n<\/p>\n<p style=\"text-align: justify\" class=\"MsoNormal\">\n<span style=\"font-size: 10pt; font-family: Verdana; color: #333333\"><b>E se qualcuno offusca la sua bellezza?<\/b> <\/span>\n<\/p>\n<p><span style=\"font-size: 10pt; font-family: Verdana; color: #333333\">Deve essere soppresso con ogni metodo. Anche con una bella mela rossa avvelenata!<o:p><\/o:p><\/span> <\/p>\n<p style=\"text-align: justify\" class=\"MsoNormal\">\n<span style=\"font-size: 10pt; font-family: Verdana; color: #333333\"><\/span>\n<\/p>\n<p style=\"text-align: justify\" class=\"MsoNormal\">\n<span style=\"font-size: 10pt; font-family: Verdana; color: #333333\"><b>Chi offusca oggi la bellezza del nostro tiranno e della sua corte?<\/b> <\/span>\n<\/p>\n<p><span style=\"font-size: 10pt; font-family: Verdana; color: #333333\">Il popolo che ormai non si lascia pi\u00f9 incantare.<o:p><\/o:p><\/span> <\/p>\n<p>\n&nbsp;\n<\/p>\n<p style=\"text-align: justify\" class=\"MsoNormal\">\n<span style=\"font-size: 10pt; font-family: Verdana; color: #333333\"><b>Cosa offrono oggi, dopo dieci lunghi anni al popolo?<\/b> <\/span>\n<\/p>\n<p style=\"text-align: justify\" class=\"MsoNormal\">\n<span style=\"font-size: 10pt; font-family: Verdana; color: #333333\">La stessa mela della matrigna di Biancaneve, bella, rossa ma avvelenata!<\/span>\n<\/p>\n<p style=\"text-align: justify\" class=\"MsoNormal\">\n&nbsp;\n<\/p>\n<p style=\"text-align: justify\" class=\"MsoNormal\">\n&nbsp;\n<\/p>\n<p style=\"text-align: justify\" class=\"MsoNormal\">\n&nbsp;\n<\/p>\n<p style=\"text-align: justify\" class=\"MsoNormal\">\nNdr: la vignetta \u00e8 stata gentilmente concessa dal periodico cassanese &quot;L&#8217;Altra Voce&quot;.\n<\/p>\n<p><span style=\"color: #333333\"><o:p><\/o:p><\/span><\/p>\n","protected":false},"excerpt":{"rendered":"<p>\u00a0<\/p>\n","protected":false},"author":1,"featured_media":0,"comment_status":"open","ping_status":"closed","sticky":false,"template":"","format":"standard","meta":{"colormag_page_container_layout":"default_layout","colormag_page_sidebar_layout":"default_layout","footnotes":""},"categories":[9],"tags":[],"class_list":["post-2600","post","type-post","status-publish","format-standard","hentry","category-la-voce-del-paese"],"yoast_head":"<!-- This site is optimized with the Yoast SEO plugin v27.5 - https:\/\/yoast.com\/product\/yoast-seo-wordpress\/ -->\n<title>ZULLO: &quot;ATTENTI A QUELLA MELA AVVELENATA...&quot; - Archivio CassanoWeb<\/title>\n<meta name=\"robots\" content=\"index, follow, max-snippet:-1, max-image-preview:large, max-video-preview:-1\" \/>\n<link rel=\"canonical\" href=\"https:\/\/archiviocassano.lavocedelpaese.info\/index.php\/2009\/01\/28\/zullo-qattenti-a-quella-mela-avvelenataq\/\" \/>\n<meta property=\"og:locale\" content=\"it_IT\" \/>\n<meta property=\"og:type\" content=\"article\" \/>\n<meta property=\"og:title\" content=\"ZULLO: &quot;ATTENTI A QUELLA MELA AVVELENATA...&quot; - Archivio CassanoWeb\" \/>\n<meta property=\"og:description\" content=\"\u00a0\" \/>\n<meta property=\"og:url\" content=\"https:\/\/archiviocassano.lavocedelpaese.info\/index.php\/2009\/01\/28\/zullo-qattenti-a-quella-mela-avvelenataq\/\" \/>\n<meta property=\"og:site_name\" content=\"Archivio CassanoWeb\" \/>\n<meta property=\"article:publisher\" content=\"https:\/\/www.facebook.com\/redazione.cassanoweb\" \/>\n<meta property=\"article:published_time\" content=\"2009-01-28T10:51:53+00:00\" \/>\n<meta name=\"author\" content=\"admin\" \/>\n<meta name=\"twitter:card\" content=\"summary_large_image\" \/>\n<meta name=\"twitter:label1\" content=\"Scritto da\" \/>\n\t<meta name=\"twitter:data1\" content=\"admin\" \/>\n\t<meta name=\"twitter:label2\" content=\"Tempo di lettura stimato\" \/>\n\t<meta name=\"twitter:data2\" content=\"1 minuto\" \/>\n<script type=\"application\/ld+json\" class=\"yoast-schema-graph\">{\"@context\":\"https:\\\/\\\/schema.org\",\"@graph\":[{\"@type\":\"Article\",\"@id\":\"https:\\\/\\\/archiviocassano.lavocedelpaese.info\\\/index.php\\\/2009\\\/01\\\/28\\\/zullo-qattenti-a-quella-mela-avvelenataq\\\/#article\",\"isPartOf\":{\"@id\":\"https:\\\/\\\/archiviocassano.lavocedelpaese.info\\\/index.php\\\/2009\\\/01\\\/28\\\/zullo-qattenti-a-quella-mela-avvelenataq\\\/\"},\"author\":{\"name\":\"admin\",\"@id\":\"https:\\\/\\\/archiviocassano.lavocedelpaese.info\\\/#\\\/schema\\\/person\\\/df195bc79a9b4c35127cf005f92e041b\"},\"headline\":\"ZULLO: &#8220;ATTENTI A QUELLA MELA AVVELENATA&#8230;&#8221;\",\"datePublished\":\"2009-01-28T10:51:53+00:00\",\"mainEntityOfPage\":{\"@id\":\"https:\\\/\\\/archiviocassano.lavocedelpaese.info\\\/index.php\\\/2009\\\/01\\\/28\\\/zullo-qattenti-a-quella-mela-avvelenataq\\\/\"},\"wordCount\":137,\"commentCount\":0,\"publisher\":{\"@id\":\"https:\\\/\\\/archiviocassano.lavocedelpaese.info\\\/#organization\"},\"articleSection\":[\"La voce del paese\"],\"inLanguage\":\"it-IT\",\"potentialAction\":[{\"@type\":\"CommentAction\",\"name\":\"Comment\",\"target\":[\"https:\\\/\\\/archiviocassano.lavocedelpaese.info\\\/index.php\\\/2009\\\/01\\\/28\\\/zullo-qattenti-a-quella-mela-avvelenataq\\\/#respond\"]}]},{\"@type\":\"WebPage\",\"@id\":\"https:\\\/\\\/archiviocassano.lavocedelpaese.info\\\/index.php\\\/2009\\\/01\\\/28\\\/zullo-qattenti-a-quella-mela-avvelenataq\\\/\",\"url\":\"https:\\\/\\\/archiviocassano.lavocedelpaese.info\\\/index.php\\\/2009\\\/01\\\/28\\\/zullo-qattenti-a-quella-mela-avvelenataq\\\/\",\"name\":\"ZULLO: \\\"ATTENTI A QUELLA MELA AVVELENATA...\\\" - Archivio CassanoWeb\",\"isPartOf\":{\"@id\":\"https:\\\/\\\/archiviocassano.lavocedelpaese.info\\\/#website\"},\"datePublished\":\"2009-01-28T10:51:53+00:00\",\"breadcrumb\":{\"@id\":\"https:\\\/\\\/archiviocassano.lavocedelpaese.info\\\/index.php\\\/2009\\\/01\\\/28\\\/zullo-qattenti-a-quella-mela-avvelenataq\\\/#breadcrumb\"},\"inLanguage\":\"it-IT\",\"potentialAction\":[{\"@type\":\"ReadAction\",\"target\":[\"https:\\\/\\\/archiviocassano.lavocedelpaese.info\\\/index.php\\\/2009\\\/01\\\/28\\\/zullo-qattenti-a-quella-mela-avvelenataq\\\/\"]}]},{\"@type\":\"BreadcrumbList\",\"@id\":\"https:\\\/\\\/archiviocassano.lavocedelpaese.info\\\/index.php\\\/2009\\\/01\\\/28\\\/zullo-qattenti-a-quella-mela-avvelenataq\\\/#breadcrumb\",\"itemListElement\":[{\"@type\":\"ListItem\",\"position\":1,\"name\":\"Home\",\"item\":\"https:\\\/\\\/archiviocassano.lavocedelpaese.info\\\/\"},{\"@type\":\"ListItem\",\"position\":2,\"name\":\"ZULLO: &#8220;ATTENTI A QUELLA MELA AVVELENATA&#8230;&#8221;\"}]},{\"@type\":\"WebSite\",\"@id\":\"https:\\\/\\\/archiviocassano.lavocedelpaese.info\\\/#website\",\"url\":\"https:\\\/\\\/archiviocassano.lavocedelpaese.info\\\/\",\"name\":\"Archivio CassanoWeb\",\"description\":\"La Voce del Paese - un network di idee\",\"publisher\":{\"@id\":\"https:\\\/\\\/archiviocassano.lavocedelpaese.info\\\/#organization\"},\"potentialAction\":[{\"@type\":\"SearchAction\",\"target\":{\"@type\":\"EntryPoint\",\"urlTemplate\":\"https:\\\/\\\/archiviocassano.lavocedelpaese.info\\\/?s={search_term_string}\"},\"query-input\":{\"@type\":\"PropertyValueSpecification\",\"valueRequired\":true,\"valueName\":\"search_term_string\"}}],\"inLanguage\":\"it-IT\"},{\"@type\":\"Organization\",\"@id\":\"https:\\\/\\\/archiviocassano.lavocedelpaese.info\\\/#organization\",\"name\":\"Archivio CassanoWeb\",\"url\":\"https:\\\/\\\/archiviocassano.lavocedelpaese.info\\\/\",\"logo\":{\"@type\":\"ImageObject\",\"inLanguage\":\"it-IT\",\"@id\":\"https:\\\/\\\/archiviocassano.lavocedelpaese.info\\\/#\\\/schema\\\/logo\\\/image\\\/\",\"url\":\"https:\\\/\\\/archiviocassano.lavocedelpaese.info\\\/wp-content\\\/uploads\\\/2024\\\/08\\\/logo-rosso-2.png\",\"contentUrl\":\"https:\\\/\\\/archiviocassano.lavocedelpaese.info\\\/wp-content\\\/uploads\\\/2024\\\/08\\\/logo-rosso-2.png\",\"width\":491,\"height\":432,\"caption\":\"Archivio CassanoWeb\"},\"image\":{\"@id\":\"https:\\\/\\\/archiviocassano.lavocedelpaese.info\\\/#\\\/schema\\\/logo\\\/image\\\/\"},\"sameAs\":[\"https:\\\/\\\/www.facebook.com\\\/redazione.cassanoweb\"]},{\"@type\":\"Person\",\"@id\":\"https:\\\/\\\/archiviocassano.lavocedelpaese.info\\\/#\\\/schema\\\/person\\\/df195bc79a9b4c35127cf005f92e041b\",\"name\":\"admin\",\"image\":{\"@type\":\"ImageObject\",\"inLanguage\":\"it-IT\",\"@id\":\"https:\\\/\\\/secure.gravatar.com\\\/avatar\\\/eabba89a432e8eaa1b0207cc55f7e5340b22712b1ed80677efcf63e02ff5b235?s=96&d=mm&r=g\",\"url\":\"https:\\\/\\\/secure.gravatar.com\\\/avatar\\\/eabba89a432e8eaa1b0207cc55f7e5340b22712b1ed80677efcf63e02ff5b235?s=96&d=mm&r=g\",\"contentUrl\":\"https:\\\/\\\/secure.gravatar.com\\\/avatar\\\/eabba89a432e8eaa1b0207cc55f7e5340b22712b1ed80677efcf63e02ff5b235?s=96&d=mm&r=g\",\"caption\":\"admin\"},\"sameAs\":[\"https:\\\/\\\/archiviocassano.lavocedelpaese.info\"],\"url\":\"https:\\\/\\\/archiviocassano.lavocedelpaese.info\\\/index.php\\\/author\\\/admin_0qgz1xdp\\\/\"}]}<\/script>\n<!-- \/ Yoast SEO plugin. -->","yoast_head_json":{"title":"ZULLO: \"ATTENTI A QUELLA MELA AVVELENATA...\" - Archivio CassanoWeb","robots":{"index":"index","follow":"follow","max-snippet":"max-snippet:-1","max-image-preview":"max-image-preview:large","max-video-preview":"max-video-preview:-1"},"canonical":"https:\/\/archiviocassano.lavocedelpaese.info\/index.php\/2009\/01\/28\/zullo-qattenti-a-quella-mela-avvelenataq\/","og_locale":"it_IT","og_type":"article","og_title":"ZULLO: \"ATTENTI A QUELLA MELA AVVELENATA...\" - Archivio CassanoWeb","og_description":"\u00a0","og_url":"https:\/\/archiviocassano.lavocedelpaese.info\/index.php\/2009\/01\/28\/zullo-qattenti-a-quella-mela-avvelenataq\/","og_site_name":"Archivio CassanoWeb","article_publisher":"https:\/\/www.facebook.com\/redazione.cassanoweb","article_published_time":"2009-01-28T10:51:53+00:00","author":"admin","twitter_card":"summary_large_image","twitter_misc":{"Scritto da":"admin","Tempo di lettura stimato":"1 minuto"},"schema":{"@context":"https:\/\/schema.org","@graph":[{"@type":"Article","@id":"https:\/\/archiviocassano.lavocedelpaese.info\/index.php\/2009\/01\/28\/zullo-qattenti-a-quella-mela-avvelenataq\/#article","isPartOf":{"@id":"https:\/\/archiviocassano.lavocedelpaese.info\/index.php\/2009\/01\/28\/zullo-qattenti-a-quella-mela-avvelenataq\/"},"author":{"name":"admin","@id":"https:\/\/archiviocassano.lavocedelpaese.info\/#\/schema\/person\/df195bc79a9b4c35127cf005f92e041b"},"headline":"ZULLO: &#8220;ATTENTI A QUELLA MELA AVVELENATA&#8230;&#8221;","datePublished":"2009-01-28T10:51:53+00:00","mainEntityOfPage":{"@id":"https:\/\/archiviocassano.lavocedelpaese.info\/index.php\/2009\/01\/28\/zullo-qattenti-a-quella-mela-avvelenataq\/"},"wordCount":137,"commentCount":0,"publisher":{"@id":"https:\/\/archiviocassano.lavocedelpaese.info\/#organization"},"articleSection":["La voce del paese"],"inLanguage":"it-IT","potentialAction":[{"@type":"CommentAction","name":"Comment","target":["https:\/\/archiviocassano.lavocedelpaese.info\/index.php\/2009\/01\/28\/zullo-qattenti-a-quella-mela-avvelenataq\/#respond"]}]},{"@type":"WebPage","@id":"https:\/\/archiviocassano.lavocedelpaese.info\/index.php\/2009\/01\/28\/zullo-qattenti-a-quella-mela-avvelenataq\/","url":"https:\/\/archiviocassano.lavocedelpaese.info\/index.php\/2009\/01\/28\/zullo-qattenti-a-quella-mela-avvelenataq\/","name":"ZULLO: \"ATTENTI A QUELLA MELA AVVELENATA...\" - Archivio CassanoWeb","isPartOf":{"@id":"https:\/\/archiviocassano.lavocedelpaese.info\/#website"},"datePublished":"2009-01-28T10:51:53+00:00","breadcrumb":{"@id":"https:\/\/archiviocassano.lavocedelpaese.info\/index.php\/2009\/01\/28\/zullo-qattenti-a-quella-mela-avvelenataq\/#breadcrumb"},"inLanguage":"it-IT","potentialAction":[{"@type":"ReadAction","target":["https:\/\/archiviocassano.lavocedelpaese.info\/index.php\/2009\/01\/28\/zullo-qattenti-a-quella-mela-avvelenataq\/"]}]},{"@type":"BreadcrumbList","@id":"https:\/\/archiviocassano.lavocedelpaese.info\/index.php\/2009\/01\/28\/zullo-qattenti-a-quella-mela-avvelenataq\/#breadcrumb","itemListElement":[{"@type":"ListItem","position":1,"name":"Home","item":"https:\/\/archiviocassano.lavocedelpaese.info\/"},{"@type":"ListItem","position":2,"name":"ZULLO: &#8220;ATTENTI A QUELLA MELA AVVELENATA&#8230;&#8221;"}]},{"@type":"WebSite","@id":"https:\/\/archiviocassano.lavocedelpaese.info\/#website","url":"https:\/\/archiviocassano.lavocedelpaese.info\/","name":"Archivio CassanoWeb","description":"La Voce del Paese - un network di idee","publisher":{"@id":"https:\/\/archiviocassano.lavocedelpaese.info\/#organization"},"potentialAction":[{"@type":"SearchAction","target":{"@type":"EntryPoint","urlTemplate":"https:\/\/archiviocassano.lavocedelpaese.info\/?s={search_term_string}"},"query-input":{"@type":"PropertyValueSpecification","valueRequired":true,"valueName":"search_term_string"}}],"inLanguage":"it-IT"},{"@type":"Organization","@id":"https:\/\/archiviocassano.lavocedelpaese.info\/#organization","name":"Archivio CassanoWeb","url":"https:\/\/archiviocassano.lavocedelpaese.info\/","logo":{"@type":"ImageObject","inLanguage":"it-IT","@id":"https:\/\/archiviocassano.lavocedelpaese.info\/#\/schema\/logo\/image\/","url":"https:\/\/archiviocassano.lavocedelpaese.info\/wp-content\/uploads\/2024\/08\/logo-rosso-2.png","contentUrl":"https:\/\/archiviocassano.lavocedelpaese.info\/wp-content\/uploads\/2024\/08\/logo-rosso-2.png","width":491,"height":432,"caption":"Archivio CassanoWeb"},"image":{"@id":"https:\/\/archiviocassano.lavocedelpaese.info\/#\/schema\/logo\/image\/"},"sameAs":["https:\/\/www.facebook.com\/redazione.cassanoweb"]},{"@type":"Person","@id":"https:\/\/archiviocassano.lavocedelpaese.info\/#\/schema\/person\/df195bc79a9b4c35127cf005f92e041b","name":"admin","image":{"@type":"ImageObject","inLanguage":"it-IT","@id":"https:\/\/secure.gravatar.com\/avatar\/eabba89a432e8eaa1b0207cc55f7e5340b22712b1ed80677efcf63e02ff5b235?s=96&d=mm&r=g","url":"https:\/\/secure.gravatar.com\/avatar\/eabba89a432e8eaa1b0207cc55f7e5340b22712b1ed80677efcf63e02ff5b235?s=96&d=mm&r=g","contentUrl":"https:\/\/secure.gravatar.com\/avatar\/eabba89a432e8eaa1b0207cc55f7e5340b22712b1ed80677efcf63e02ff5b235?s=96&d=mm&r=g","caption":"admin"},"sameAs":["https:\/\/archiviocassano.lavocedelpaese.info"],"url":"https:\/\/archiviocassano.lavocedelpaese.info\/index.php\/author\/admin_0qgz1xdp\/"}]}},"_links":{"self":[{"href":"https:\/\/archiviocassano.lavocedelpaese.info\/index.php\/wp-json\/wp\/v2\/posts\/2600","targetHints":{"allow":["GET"]}}],"collection":[{"href":"https:\/\/archiviocassano.lavocedelpaese.info\/index.php\/wp-json\/wp\/v2\/posts"}],"about":[{"href":"https:\/\/archiviocassano.lavocedelpaese.info\/index.php\/wp-json\/wp\/v2\/types\/post"}],"author":[{"embeddable":true,"href":"https:\/\/archiviocassano.lavocedelpaese.info\/index.php\/wp-json\/wp\/v2\/users\/1"}],"replies":[{"embeddable":true,"href":"https:\/\/archiviocassano.lavocedelpaese.info\/index.php\/wp-json\/wp\/v2\/comments?post=2600"}],"version-history":[{"count":0,"href":"https:\/\/archiviocassano.lavocedelpaese.info\/index.php\/wp-json\/wp\/v2\/posts\/2600\/revisions"}],"wp:attachment":[{"href":"https:\/\/archiviocassano.lavocedelpaese.info\/index.php\/wp-json\/wp\/v2\/media?parent=2600"}],"wp:term":[{"taxonomy":"category","embeddable":true,"href":"https:\/\/archiviocassano.lavocedelpaese.info\/index.php\/wp-json\/wp\/v2\/categories?post=2600"},{"taxonomy":"post_tag","embeddable":true,"href":"https:\/\/archiviocassano.lavocedelpaese.info\/index.php\/wp-json\/wp\/v2\/tags?post=2600"}],"curies":[{"name":"wp","href":"https:\/\/api.w.org\/{rel}","templated":true}]}}