{"id":2602,"date":"2009-01-28T12:40:33","date_gmt":"2009-01-28T12:40:33","guid":{"rendered":"https:\/\/archiviocassano.lavocedelpaese.info\/index.php\/2009\/01\/28\/gentile-una-riflessione-in-vista-della-prossima-campagna-elettorale\/"},"modified":"2009-01-28T12:40:33","modified_gmt":"2009-01-28T12:40:33","slug":"gentile-una-riflessione-in-vista-della-prossima-campagna-elettorale","status":"publish","type":"post","link":"https:\/\/archiviocassano.lavocedelpaese.info\/index.php\/2009\/01\/28\/gentile-una-riflessione-in-vista-della-prossima-campagna-elettorale\/","title":{"rendered":"GENTILE: \u201cUNA RIFLESSIONE IN VISTA DELLA PROSSIMA CAMPAGNA ELETTORALE\u201d"},"content":{"rendered":"<p><img loading=\"lazy\" decoding=\"async\" src=\"images\/stories\/archiviofoto\/sindaco_copia.jpg\" alt=\"sindaco_copia.jpg\" style=\"margin: 5px; float: left; width: 188px; height: 250px\" title=\"sindaco_copia.jpg\" width=\"188\" height=\"250\" \/> <\/p>\n<p><!--more--><br \/>\n<meta name=\"ProgId\" content=\"Word.Document\" \/><br \/>\n<meta name=\"Generator\" content=\"Microsoft Word 10\" \/><br \/>\n<meta name=\"Originator\" content=\"Microsoft Word 10\" \/>\n<link href=\"file:\/\/\/C:%5CDOCUME%7E1%5CATIPIC%7E1%5CIMPOST%7E1%5CTemp%5Cmsohtml1%5C01%5Cclip_filelist.xml\" rel=\"File-List\" \/>\n<style>\n@font-face {\nfont-family: Verdana;\n}\n@page Section1 {size: 612.0pt 792.0pt; margin: 70.85pt 2.0cm 2.0cm 2.0cm; mso-header-margin: 36.0pt; mso-footer-margin: 36.0pt; mso-paper-source: 0; }\nP.MsoNormal {\nFONT-SIZE: 12pt; MARGIN: 0cm 0cm 0pt; FONT-FAMILY: \"Times New Roman\"; mso-style-parent: \"\"; mso-pagination: widow-orphan; mso-fareast-font-family: \"Times New Roman\"\n}\nLI.MsoNormal {\nFONT-SIZE: 12pt; MARGIN: 0cm 0cm 0pt; FONT-FAMILY: \"Times New Roman\"; mso-style-parent: \"\"; mso-pagination: widow-orphan; mso-fareast-font-family: \"Times New Roman\"\n}\nDIV.MsoNormal {\nFONT-SIZE: 12pt; MARGIN: 0cm 0cm 0pt; FONT-FAMILY: \"Times New Roman\"; mso-style-parent: \"\"; mso-pagination: widow-orphan; mso-fareast-font-family: \"Times New Roman\"\n}\nP {\nFONT-SIZE: 12pt; MARGIN-LEFT: 0cm; MARGIN-RIGHT: 0cm; FONT-FAMILY: \"Times New Roman\"; mso-pagination: widow-orphan; mso-fareast-font-family: \"Times New Roman\"; mso-margin-top-alt: auto; mso-margin-bottom-alt: auto\n}\nDIV.Section1 {\npage: Section1\n}<\/style>\n<p><i><span style=\"font-size: 10pt; font-family: Verdana\">Il sindaco di Cassano, Giuseppe Gentile, ha diffuso un comunicato attraverso il sito internet del Comune che pubblichiamo di seguito.<o:p><\/o:p><\/span><\/i> <span style=\"font-size: 10pt; font-family: Verdana\"><o:p>\u00a0<\/o:p><\/span> <\/p>\n<p style=\"text-align: justify\">\n<span style=\"font-size: 10pt; font-family: Verdana\">Non posso esimermi, ancora una volta, atteso il rincorrersi di voci e notizie sulla prossima campagna elettorale, dall\u2019intervenire per preservare l\u2019Istituzione che rappresento da ogni forma di inquinamento. <\/span>\n<\/p>\n<p style=\"text-align: justify\">\n<span style=\"font-size: 10pt; font-family: Verdana\"><br \/>\nUna cosa, infatti, \u00e8 il legittimo spazio che l\u2019informazione politica deve avere in contesti di tale natura, altra \u00e8, invece, la necessaria impermeabilit\u00e0 che si deve garantire ad una Pubblica Amministrazione, soprattutto nella imminenza di competizioni elettorali. <br \/>\nPer quanto ci riguarda, noi siamo impegnati, come \u00e8 stato detto pi\u00f9 volte, a portare a termine, nel migliore dei modi, il mandato ricevuto e, naturalmente, a porci, sulla base dell\u2019esperienza di questi anni, come interlocutori essenziali della dialettica politica in atto e che si svilupper\u00e0 nei prossimi giorni e mesi. <\/span>\n<\/p>\n<p style=\"text-align: justify\">\n<span style=\"font-size: 10pt; font-family: Verdana\"><br \/>\nNon v\u2019\u00e8 dubbio che una squadra che ha profuso un cos\u00ec massiccio impegno, in tutti questi anni, abbia maturato al suo interno competenze, esperienze e passioni tali da lasciare agevolmente delineare profili di candidati adeguati al difficile compito di guida della citt\u00e0.\u00a0 <br \/>\nMa questo lo si vedr\u00e0 nel tempo e lo si definir\u00e0 nelle forme e secondo le scansioni temporali che si riterranno pi\u00f9 convenienti. <\/span>\n<\/p>\n<p style=\"text-align: justify\">\n<span style=\"font-size: 10pt; font-family: Verdana\"><br \/>\nCerto \u00e8 che tutti insieme, nella totalit\u00e0 dei componenti l\u2019attuale maggioranza, siamo assolutamente pronti alla nuova sfida e, guardiamo, come sempre con rispetto, a quanto \u00e8 in evoluzione nel campo avversario con la consapevolezza di doverci misurare sul terreno dei programmi, delle idee e del riscontro di quanto \u00e8 emerso dal lavoro svolto in questi anni che ci lasciamo alle spalle. <\/span>\n<\/p>\n<p style=\"text-align: justify\">\n<span style=\"font-size: 10pt; font-family: Verdana\"><br \/>\nQuesta \u00e8 la misura del nostro impegno e siamo convinti, gi\u00e0 dai prossimi appuntamenti, come la presentazione del bilancio, che la citt\u00e0 possa disporre, come nella tradizione di questi anni, di uno spazio e di un luogo dove confrontarsi liberamente su ci\u00f2 che si \u00e8 fatto e su ci\u00f2 che saranno le prospettive del nostro paese. <\/span>\n<\/p>\n<p style=\"text-align: justify\">\n<span style=\"font-size: 10pt; font-family: Verdana\"><br \/>\n\u00c8 quella anche, tra le altre, l\u2019occasione per configurare livelli di responsabilit\u00e0 e di coinvolgimento civico nella prospettiva di raccogliere anche indicazioni utili a disegnare, nel segno della continuit\u00e0, orizzonti sempre migliori per la nostra Cassano. <\/span>\n<\/p>\n<p style=\"text-align: justify\">\n<span style=\"font-size: 10pt; font-family: Verdana\"><br \/>\nIl cambiamento, da altri propalato solo a parole, \u00e8, infatti, la stantia riproposizione del vecchio, come a ciascuno non mancher\u00e0 di facilmente cogliere anche nelle dichiarazioni fallaci che, in questi giorni, si stanno registrando da parte di protagonisti o di controfigure di una politica locale che la storia ha messo in archivio; a tutti saranno chiare, infatti, le vere ragioni di talune scelte. <\/span>\n<\/p>\n<p><span style=\"font-size: 10pt; font-family: Verdana\"><br \/>\nChe non ci si metta, per\u00f2, in bocca nulla che non sia espressione della voce ufficiale dell\u2019Amministrazione e ci\u00f2 perch\u00e9, pur essendo tutti evidentemente pronti, star\u00e0 a noi e soltanto a noi, per rispetto della Istituzione che rappresentiamo, scegliere il tempo e il modo in cui tutto sar\u00e0 reso ufficiale.<\/span>\u00a0<\/p>\n","protected":false},"excerpt":{"rendered":"","protected":false},"author":1,"featured_media":0,"comment_status":"open","ping_status":"closed","sticky":false,"template":"","format":"standard","meta":{"colormag_page_container_layout":"default_layout","colormag_page_sidebar_layout":"default_layout","footnotes":""},"categories":[9],"tags":[],"class_list":["post-2602","post","type-post","status-publish","format-standard","hentry","category-la-voce-del-paese"],"yoast_head":"<!-- This site is optimized with the Yoast SEO plugin v27.5 - https:\/\/yoast.com\/product\/yoast-seo-wordpress\/ -->\n<title>GENTILE: \u201cUNA RIFLESSIONE IN VISTA DELLA PROSSIMA CAMPAGNA ELETTORALE\u201d - Archivio CassanoWeb<\/title>\n<meta name=\"robots\" content=\"index, follow, max-snippet:-1, max-image-preview:large, max-video-preview:-1\" \/>\n<link rel=\"canonical\" href=\"https:\/\/archiviocassano.lavocedelpaese.info\/index.php\/2009\/01\/28\/gentile-una-riflessione-in-vista-della-prossima-campagna-elettorale\/\" \/>\n<meta property=\"og:locale\" content=\"it_IT\" \/>\n<meta property=\"og:type\" content=\"article\" \/>\n<meta property=\"og:title\" content=\"GENTILE: \u201cUNA RIFLESSIONE IN VISTA DELLA PROSSIMA CAMPAGNA ELETTORALE\u201d - Archivio CassanoWeb\" \/>\n<meta property=\"og:url\" content=\"https:\/\/archiviocassano.lavocedelpaese.info\/index.php\/2009\/01\/28\/gentile-una-riflessione-in-vista-della-prossima-campagna-elettorale\/\" \/>\n<meta property=\"og:site_name\" content=\"Archivio CassanoWeb\" \/>\n<meta property=\"article:publisher\" content=\"https:\/\/www.facebook.com\/redazione.cassanoweb\" \/>\n<meta property=\"article:published_time\" content=\"2009-01-28T12:40:33+00:00\" \/>\n<meta name=\"author\" content=\"admin\" \/>\n<meta name=\"twitter:card\" content=\"summary_large_image\" \/>\n<meta name=\"twitter:label1\" content=\"Scritto da\" \/>\n\t<meta name=\"twitter:data1\" content=\"admin\" \/>\n\t<meta name=\"twitter:label2\" content=\"Tempo di lettura stimato\" \/>\n\t<meta name=\"twitter:data2\" content=\"2 minuti\" \/>\n<script type=\"application\/ld+json\" class=\"yoast-schema-graph\">{\"@context\":\"https:\\\/\\\/schema.org\",\"@graph\":[{\"@type\":\"Article\",\"@id\":\"https:\\\/\\\/archiviocassano.lavocedelpaese.info\\\/index.php\\\/2009\\\/01\\\/28\\\/gentile-una-riflessione-in-vista-della-prossima-campagna-elettorale\\\/#article\",\"isPartOf\":{\"@id\":\"https:\\\/\\\/archiviocassano.lavocedelpaese.info\\\/index.php\\\/2009\\\/01\\\/28\\\/gentile-una-riflessione-in-vista-della-prossima-campagna-elettorale\\\/\"},\"author\":{\"name\":\"admin\",\"@id\":\"https:\\\/\\\/archiviocassano.lavocedelpaese.info\\\/#\\\/schema\\\/person\\\/df195bc79a9b4c35127cf005f92e041b\"},\"headline\":\"GENTILE: \u201cUNA RIFLESSIONE IN VISTA DELLA PROSSIMA CAMPAGNA ELETTORALE\u201d\",\"datePublished\":\"2009-01-28T12:40:33+00:00\",\"mainEntityOfPage\":{\"@id\":\"https:\\\/\\\/archiviocassano.lavocedelpaese.info\\\/index.php\\\/2009\\\/01\\\/28\\\/gentile-una-riflessione-in-vista-della-prossima-campagna-elettorale\\\/\"},\"wordCount\":473,\"commentCount\":0,\"publisher\":{\"@id\":\"https:\\\/\\\/archiviocassano.lavocedelpaese.info\\\/#organization\"},\"articleSection\":[\"La voce del paese\"],\"inLanguage\":\"it-IT\",\"potentialAction\":[{\"@type\":\"CommentAction\",\"name\":\"Comment\",\"target\":[\"https:\\\/\\\/archiviocassano.lavocedelpaese.info\\\/index.php\\\/2009\\\/01\\\/28\\\/gentile-una-riflessione-in-vista-della-prossima-campagna-elettorale\\\/#respond\"]}]},{\"@type\":\"WebPage\",\"@id\":\"https:\\\/\\\/archiviocassano.lavocedelpaese.info\\\/index.php\\\/2009\\\/01\\\/28\\\/gentile-una-riflessione-in-vista-della-prossima-campagna-elettorale\\\/\",\"url\":\"https:\\\/\\\/archiviocassano.lavocedelpaese.info\\\/index.php\\\/2009\\\/01\\\/28\\\/gentile-una-riflessione-in-vista-della-prossima-campagna-elettorale\\\/\",\"name\":\"GENTILE: \u201cUNA RIFLESSIONE IN VISTA DELLA PROSSIMA CAMPAGNA ELETTORALE\u201d - Archivio CassanoWeb\",\"isPartOf\":{\"@id\":\"https:\\\/\\\/archiviocassano.lavocedelpaese.info\\\/#website\"},\"datePublished\":\"2009-01-28T12:40:33+00:00\",\"breadcrumb\":{\"@id\":\"https:\\\/\\\/archiviocassano.lavocedelpaese.info\\\/index.php\\\/2009\\\/01\\\/28\\\/gentile-una-riflessione-in-vista-della-prossima-campagna-elettorale\\\/#breadcrumb\"},\"inLanguage\":\"it-IT\",\"potentialAction\":[{\"@type\":\"ReadAction\",\"target\":[\"https:\\\/\\\/archiviocassano.lavocedelpaese.info\\\/index.php\\\/2009\\\/01\\\/28\\\/gentile-una-riflessione-in-vista-della-prossima-campagna-elettorale\\\/\"]}]},{\"@type\":\"BreadcrumbList\",\"@id\":\"https:\\\/\\\/archiviocassano.lavocedelpaese.info\\\/index.php\\\/2009\\\/01\\\/28\\\/gentile-una-riflessione-in-vista-della-prossima-campagna-elettorale\\\/#breadcrumb\",\"itemListElement\":[{\"@type\":\"ListItem\",\"position\":1,\"name\":\"Home\",\"item\":\"https:\\\/\\\/archiviocassano.lavocedelpaese.info\\\/\"},{\"@type\":\"ListItem\",\"position\":2,\"name\":\"GENTILE: \u201cUNA RIFLESSIONE IN VISTA DELLA PROSSIMA CAMPAGNA ELETTORALE\u201d\"}]},{\"@type\":\"WebSite\",\"@id\":\"https:\\\/\\\/archiviocassano.lavocedelpaese.info\\\/#website\",\"url\":\"https:\\\/\\\/archiviocassano.lavocedelpaese.info\\\/\",\"name\":\"Archivio CassanoWeb\",\"description\":\"La Voce del Paese - un network di idee\",\"publisher\":{\"@id\":\"https:\\\/\\\/archiviocassano.lavocedelpaese.info\\\/#organization\"},\"potentialAction\":[{\"@type\":\"SearchAction\",\"target\":{\"@type\":\"EntryPoint\",\"urlTemplate\":\"https:\\\/\\\/archiviocassano.lavocedelpaese.info\\\/?s={search_term_string}\"},\"query-input\":{\"@type\":\"PropertyValueSpecification\",\"valueRequired\":true,\"valueName\":\"search_term_string\"}}],\"inLanguage\":\"it-IT\"},{\"@type\":\"Organization\",\"@id\":\"https:\\\/\\\/archiviocassano.lavocedelpaese.info\\\/#organization\",\"name\":\"Archivio CassanoWeb\",\"url\":\"https:\\\/\\\/archiviocassano.lavocedelpaese.info\\\/\",\"logo\":{\"@type\":\"ImageObject\",\"inLanguage\":\"it-IT\",\"@id\":\"https:\\\/\\\/archiviocassano.lavocedelpaese.info\\\/#\\\/schema\\\/logo\\\/image\\\/\",\"url\":\"https:\\\/\\\/archiviocassano.lavocedelpaese.info\\\/wp-content\\\/uploads\\\/2024\\\/08\\\/logo-rosso-2.png\",\"contentUrl\":\"https:\\\/\\\/archiviocassano.lavocedelpaese.info\\\/wp-content\\\/uploads\\\/2024\\\/08\\\/logo-rosso-2.png\",\"width\":491,\"height\":432,\"caption\":\"Archivio CassanoWeb\"},\"image\":{\"@id\":\"https:\\\/\\\/archiviocassano.lavocedelpaese.info\\\/#\\\/schema\\\/logo\\\/image\\\/\"},\"sameAs\":[\"https:\\\/\\\/www.facebook.com\\\/redazione.cassanoweb\"]},{\"@type\":\"Person\",\"@id\":\"https:\\\/\\\/archiviocassano.lavocedelpaese.info\\\/#\\\/schema\\\/person\\\/df195bc79a9b4c35127cf005f92e041b\",\"name\":\"admin\",\"image\":{\"@type\":\"ImageObject\",\"inLanguage\":\"it-IT\",\"@id\":\"https:\\\/\\\/secure.gravatar.com\\\/avatar\\\/eabba89a432e8eaa1b0207cc55f7e5340b22712b1ed80677efcf63e02ff5b235?s=96&d=mm&r=g\",\"url\":\"https:\\\/\\\/secure.gravatar.com\\\/avatar\\\/eabba89a432e8eaa1b0207cc55f7e5340b22712b1ed80677efcf63e02ff5b235?s=96&d=mm&r=g\",\"contentUrl\":\"https:\\\/\\\/secure.gravatar.com\\\/avatar\\\/eabba89a432e8eaa1b0207cc55f7e5340b22712b1ed80677efcf63e02ff5b235?s=96&d=mm&r=g\",\"caption\":\"admin\"},\"sameAs\":[\"https:\\\/\\\/archiviocassano.lavocedelpaese.info\"],\"url\":\"https:\\\/\\\/archiviocassano.lavocedelpaese.info\\\/index.php\\\/author\\\/admin_0qgz1xdp\\\/\"}]}<\/script>\n<!-- \/ Yoast SEO plugin. -->","yoast_head_json":{"title":"GENTILE: \u201cUNA RIFLESSIONE IN VISTA DELLA PROSSIMA CAMPAGNA ELETTORALE\u201d - Archivio CassanoWeb","robots":{"index":"index","follow":"follow","max-snippet":"max-snippet:-1","max-image-preview":"max-image-preview:large","max-video-preview":"max-video-preview:-1"},"canonical":"https:\/\/archiviocassano.lavocedelpaese.info\/index.php\/2009\/01\/28\/gentile-una-riflessione-in-vista-della-prossima-campagna-elettorale\/","og_locale":"it_IT","og_type":"article","og_title":"GENTILE: \u201cUNA RIFLESSIONE IN VISTA DELLA PROSSIMA CAMPAGNA ELETTORALE\u201d - Archivio CassanoWeb","og_url":"https:\/\/archiviocassano.lavocedelpaese.info\/index.php\/2009\/01\/28\/gentile-una-riflessione-in-vista-della-prossima-campagna-elettorale\/","og_site_name":"Archivio CassanoWeb","article_publisher":"https:\/\/www.facebook.com\/redazione.cassanoweb","article_published_time":"2009-01-28T12:40:33+00:00","author":"admin","twitter_card":"summary_large_image","twitter_misc":{"Scritto da":"admin","Tempo di lettura stimato":"2 minuti"},"schema":{"@context":"https:\/\/schema.org","@graph":[{"@type":"Article","@id":"https:\/\/archiviocassano.lavocedelpaese.info\/index.php\/2009\/01\/28\/gentile-una-riflessione-in-vista-della-prossima-campagna-elettorale\/#article","isPartOf":{"@id":"https:\/\/archiviocassano.lavocedelpaese.info\/index.php\/2009\/01\/28\/gentile-una-riflessione-in-vista-della-prossima-campagna-elettorale\/"},"author":{"name":"admin","@id":"https:\/\/archiviocassano.lavocedelpaese.info\/#\/schema\/person\/df195bc79a9b4c35127cf005f92e041b"},"headline":"GENTILE: \u201cUNA RIFLESSIONE IN VISTA DELLA PROSSIMA CAMPAGNA ELETTORALE\u201d","datePublished":"2009-01-28T12:40:33+00:00","mainEntityOfPage":{"@id":"https:\/\/archiviocassano.lavocedelpaese.info\/index.php\/2009\/01\/28\/gentile-una-riflessione-in-vista-della-prossima-campagna-elettorale\/"},"wordCount":473,"commentCount":0,"publisher":{"@id":"https:\/\/archiviocassano.lavocedelpaese.info\/#organization"},"articleSection":["La voce del paese"],"inLanguage":"it-IT","potentialAction":[{"@type":"CommentAction","name":"Comment","target":["https:\/\/archiviocassano.lavocedelpaese.info\/index.php\/2009\/01\/28\/gentile-una-riflessione-in-vista-della-prossima-campagna-elettorale\/#respond"]}]},{"@type":"WebPage","@id":"https:\/\/archiviocassano.lavocedelpaese.info\/index.php\/2009\/01\/28\/gentile-una-riflessione-in-vista-della-prossima-campagna-elettorale\/","url":"https:\/\/archiviocassano.lavocedelpaese.info\/index.php\/2009\/01\/28\/gentile-una-riflessione-in-vista-della-prossima-campagna-elettorale\/","name":"GENTILE: \u201cUNA RIFLESSIONE IN VISTA DELLA PROSSIMA CAMPAGNA ELETTORALE\u201d - Archivio CassanoWeb","isPartOf":{"@id":"https:\/\/archiviocassano.lavocedelpaese.info\/#website"},"datePublished":"2009-01-28T12:40:33+00:00","breadcrumb":{"@id":"https:\/\/archiviocassano.lavocedelpaese.info\/index.php\/2009\/01\/28\/gentile-una-riflessione-in-vista-della-prossima-campagna-elettorale\/#breadcrumb"},"inLanguage":"it-IT","potentialAction":[{"@type":"ReadAction","target":["https:\/\/archiviocassano.lavocedelpaese.info\/index.php\/2009\/01\/28\/gentile-una-riflessione-in-vista-della-prossima-campagna-elettorale\/"]}]},{"@type":"BreadcrumbList","@id":"https:\/\/archiviocassano.lavocedelpaese.info\/index.php\/2009\/01\/28\/gentile-una-riflessione-in-vista-della-prossima-campagna-elettorale\/#breadcrumb","itemListElement":[{"@type":"ListItem","position":1,"name":"Home","item":"https:\/\/archiviocassano.lavocedelpaese.info\/"},{"@type":"ListItem","position":2,"name":"GENTILE: \u201cUNA RIFLESSIONE IN VISTA DELLA PROSSIMA CAMPAGNA ELETTORALE\u201d"}]},{"@type":"WebSite","@id":"https:\/\/archiviocassano.lavocedelpaese.info\/#website","url":"https:\/\/archiviocassano.lavocedelpaese.info\/","name":"Archivio CassanoWeb","description":"La Voce del Paese - un network di idee","publisher":{"@id":"https:\/\/archiviocassano.lavocedelpaese.info\/#organization"},"potentialAction":[{"@type":"SearchAction","target":{"@type":"EntryPoint","urlTemplate":"https:\/\/archiviocassano.lavocedelpaese.info\/?s={search_term_string}"},"query-input":{"@type":"PropertyValueSpecification","valueRequired":true,"valueName":"search_term_string"}}],"inLanguage":"it-IT"},{"@type":"Organization","@id":"https:\/\/archiviocassano.lavocedelpaese.info\/#organization","name":"Archivio CassanoWeb","url":"https:\/\/archiviocassano.lavocedelpaese.info\/","logo":{"@type":"ImageObject","inLanguage":"it-IT","@id":"https:\/\/archiviocassano.lavocedelpaese.info\/#\/schema\/logo\/image\/","url":"https:\/\/archiviocassano.lavocedelpaese.info\/wp-content\/uploads\/2024\/08\/logo-rosso-2.png","contentUrl":"https:\/\/archiviocassano.lavocedelpaese.info\/wp-content\/uploads\/2024\/08\/logo-rosso-2.png","width":491,"height":432,"caption":"Archivio CassanoWeb"},"image":{"@id":"https:\/\/archiviocassano.lavocedelpaese.info\/#\/schema\/logo\/image\/"},"sameAs":["https:\/\/www.facebook.com\/redazione.cassanoweb"]},{"@type":"Person","@id":"https:\/\/archiviocassano.lavocedelpaese.info\/#\/schema\/person\/df195bc79a9b4c35127cf005f92e041b","name":"admin","image":{"@type":"ImageObject","inLanguage":"it-IT","@id":"https:\/\/secure.gravatar.com\/avatar\/eabba89a432e8eaa1b0207cc55f7e5340b22712b1ed80677efcf63e02ff5b235?s=96&d=mm&r=g","url":"https:\/\/secure.gravatar.com\/avatar\/eabba89a432e8eaa1b0207cc55f7e5340b22712b1ed80677efcf63e02ff5b235?s=96&d=mm&r=g","contentUrl":"https:\/\/secure.gravatar.com\/avatar\/eabba89a432e8eaa1b0207cc55f7e5340b22712b1ed80677efcf63e02ff5b235?s=96&d=mm&r=g","caption":"admin"},"sameAs":["https:\/\/archiviocassano.lavocedelpaese.info"],"url":"https:\/\/archiviocassano.lavocedelpaese.info\/index.php\/author\/admin_0qgz1xdp\/"}]}},"_links":{"self":[{"href":"https:\/\/archiviocassano.lavocedelpaese.info\/index.php\/wp-json\/wp\/v2\/posts\/2602","targetHints":{"allow":["GET"]}}],"collection":[{"href":"https:\/\/archiviocassano.lavocedelpaese.info\/index.php\/wp-json\/wp\/v2\/posts"}],"about":[{"href":"https:\/\/archiviocassano.lavocedelpaese.info\/index.php\/wp-json\/wp\/v2\/types\/post"}],"author":[{"embeddable":true,"href":"https:\/\/archiviocassano.lavocedelpaese.info\/index.php\/wp-json\/wp\/v2\/users\/1"}],"replies":[{"embeddable":true,"href":"https:\/\/archiviocassano.lavocedelpaese.info\/index.php\/wp-json\/wp\/v2\/comments?post=2602"}],"version-history":[{"count":0,"href":"https:\/\/archiviocassano.lavocedelpaese.info\/index.php\/wp-json\/wp\/v2\/posts\/2602\/revisions"}],"wp:attachment":[{"href":"https:\/\/archiviocassano.lavocedelpaese.info\/index.php\/wp-json\/wp\/v2\/media?parent=2602"}],"wp:term":[{"taxonomy":"category","embeddable":true,"href":"https:\/\/archiviocassano.lavocedelpaese.info\/index.php\/wp-json\/wp\/v2\/categories?post=2602"},{"taxonomy":"post_tag","embeddable":true,"href":"https:\/\/archiviocassano.lavocedelpaese.info\/index.php\/wp-json\/wp\/v2\/tags?post=2602"}],"curies":[{"name":"wp","href":"https:\/\/api.w.org\/{rel}","templated":true}]}}