{"id":2625,"date":"2009-02-03T08:58:59","date_gmt":"2009-02-03T08:58:59","guid":{"rendered":"https:\/\/archiviocassano.lavocedelpaese.info\/index.php\/2009\/02\/03\/zullo-forza-popolo-di-cassano-il-bene-vincera\/"},"modified":"2009-02-03T08:58:59","modified_gmt":"2009-02-03T08:58:59","slug":"zullo-forza-popolo-di-cassano-il-bene-vincera","status":"publish","type":"post","link":"https:\/\/archiviocassano.lavocedelpaese.info\/index.php\/2009\/02\/03\/zullo-forza-popolo-di-cassano-il-bene-vincera\/","title":{"rendered":"ZULLO: FORZA POPOLO DI CASSANO: IL BENE VINCERA&#8217;"},"content":{"rendered":"<p><img loading=\"lazy\" decoding=\"async\" src=\"images\/stories\/archiviofoto\/zullo20igrazio.jpg\" alt=\"zullo20igrazio.jpg\" title=\"zullo20igrazio.jpg\" style=\"margin: 5px; float: left; width: 120px; height: 150px\" width=\"120\" height=\"150\" \/><\/p>\n<p><!--more--><br \/>\n<meta name=\"ProgId\" content=\"Word.Document\" \/><br \/>\n<meta name=\"Generator\" content=\"Microsoft Word 10\" \/><br \/>\n<meta name=\"Originator\" content=\"Microsoft Word 10\" \/>\n<link href=\"file:\/\/\/C:%5CDOCUME%7E1%5CATIPIC%7E1%5CIMPOST%7E1%5CTemp%5Cmsohtml1%5C01%5Cclip_filelist.xml\" rel=\"File-List\" \/>\n<style>\n@font-face {\nfont-family: Helvetica;\n}\n@font-face {\nfont-family: Times;\n}\n@font-face {\nfont-family: Verdana;\n}\n@page Section1 {size: 595.0pt 842.0pt; margin: 72.0pt 72.0pt 72.0pt 72.0pt; mso-header-margin: 36.0pt; mso-footer-margin: 36.0pt; mso-paper-source: 0; }\nP.MsoNormal {\nFONT-SIZE: 12pt; MARGIN: 0cm 0cm 0pt; FONT-FAMILY: \"Times New Roman\"; mso-style-parent: \"\"; mso-pagination: widow-orphan; mso-fareast-font-family: \"Times New Roman\"; mso-fareast-language: EN-US\n}\nLI.MsoNormal {\nFONT-SIZE: 12pt; MARGIN: 0cm 0cm 0pt; FONT-FAMILY: \"Times New Roman\"; mso-style-parent: \"\"; mso-pagination: widow-orphan; mso-fareast-font-family: \"Times New Roman\"; mso-fareast-language: EN-US\n}\nDIV.MsoNormal {\nFONT-SIZE: 12pt; MARGIN: 0cm 0cm 0pt; FONT-FAMILY: \"Times New Roman\"; mso-style-parent: \"\"; mso-pagination: widow-orphan; mso-fareast-font-family: \"Times New Roman\"; mso-fareast-language: EN-US\n}\nDIV.Section1 {\npage: Section1\n}<\/style>\n<p><span style=\"font-size: 10pt; font-family: Verdana\">Le favole insegnano quanto sia seduttivo il male che viene incarnato sempre da chi, di sangue blu, \u00e8 molto potente ed usa i suoi poteri in modo subdolo, manipolatorio ed inquinante. Con fare dispotico, incutendo terrore, servendosi del capo delle guardie nominato da s\u00e8 stesso e del proprio sanguinario braccio destro lascia intendere che chi \u00e8 contro la sua idea di legalit\u00e0 \u00e8 un usurpatore pur di restare avvinghiato al potere.<o:p><\/o:p><\/span> <\/p>\n<div align=\"justify\">\n<\/div>\n<p style=\"text-align: justify\" class=\"MsoNormal\" align=\"justify\">\n<span style=\"font-size: 10pt; font-family: Verdana\">Le tirann\u00ece ne sono un esempio: benefici per chi adula e carcere, lager, gulag e foibe per chi chiede democrazia. E lo fanno lasciando intendere al popolo di essere nella legalit\u00e0 facendosi scudo di falsi pretesti.<\/span>\n<\/p>\n<p style=\"text-align: justify\" class=\"MsoNormal\">\n&nbsp;\n<\/p>\n<p style=\"text-align: justify\" class=\"MsoNormal\">\n<span style=\"font-size: 10pt; font-family: Verdana\">Pensate ad una delle pi\u00f9 significative favole di Fedro: il lupo e l\u2019agnello. <\/span>\n<\/p>\n<p style=\"text-align: justify\" class=\"MsoNormal\" align=\"justify\">\n&nbsp;\n<\/p>\n<div align=\"justify\">\n<\/div>\n<p><i><span style=\"font-size: 10pt; font-family: Verdana\">Un lupo e un agnello, spinti dalla sete, si ritrovarono a bere nello stesso ruscello. Il lupo era pi\u00f9 a monte, mentre l&#8217;agnello beveva a una certa distanza, verso valle. La fame per\u00f2 spinse il lupo ad attaccar briga e allora disse: &quot;Perch\u00e9 osi intorbidarmi l&#8217;acqua?&quot; <o:p><\/o:p><\/span><\/i><\/p>\n<div align=\"justify\">\n<\/div>\n<p><i><span style=\"font-size: 10pt; font-family: Verdana\">L&#8217;agnello tremando rispose: &quot;Come posso fare questo se l&#8217;acqua scorre da te a me?&quot;<o:p><\/o:p><\/span><\/i> <\/p>\n<div align=\"justify\">\n<\/div>\n<p><i><span style=\"font-size: 10pt; font-family: Verdana\">&quot;E&#8217; vero, ma tu sei mesi fa mi hai insultato con brutte parole&quot;.<o:p><\/o:p><\/span><\/i> <\/p>\n<div align=\"justify\">\n<\/div>\n<p><i><span style=\"font-size: 10pt; font-family: Verdana\">&quot;Impossibile, sei mesi fa non ero ancora nato&quot;.<o:p><\/o:p><\/span><\/i> <\/p>\n<div align=\"justify\">\n<\/div>\n<p style=\"text-align: justify\" class=\"MsoNormal\" align=\"justify\">\n<i><span style=\"font-size: 10pt; font-family: Verdana\">&quot;Allora&quot; riprese il lupo &quot;fu certamente tuo padre a rivolgermi tutte quelle villanie&quot;. Quindi salt\u00f2 addosso all&#8217;agnello e se lo mangi\u00f2.<\/span><\/i>\n<\/p>\n<p style=\"text-align: justify\" class=\"MsoNormal\">\n&nbsp;\n<\/p>\n<p><span style=\"font-size: 10pt; font-family: Verdana\">Qual\u2019\u00e8 la morale? Questo racconto \u00e8 rivolto a tutti coloro che opprimono i giusti nascondendosi dietro falsi pretesti. <o:p><\/o:p><\/span><span style=\"font-size: 10pt; font-family: Verdana\">E\u2019 rivolto ai nostri \u201cforti, onesti e gentili\u201d.<o:p><\/o:p><\/span> <span style=\"font-size: 10pt; font-family: Verdana\">E\u2019 il loro fare: trovare falsi pretesti per discreditare chi potrebbe avversarli in quanto stimati dalla gente. <o:p><\/o:p><\/span><span style=\"font-size: 10pt; font-family: Verdana\">Quanti pretesti trovati in questi ultimi nove anni, gli anni pi\u00f9 bui per la vita della nostra Cassano, caduta nell\u2019oscurantismo del declino morale, economico, sociale e politico.<o:p><\/o:p><\/span> <\/p>\n<p style=\"text-align: justify\" class=\"MsoNormal\">\n<span style=\"font-size: 10pt; font-family: Verdana\">Gli unici a star bene sono loro e i loro<span>\u00a0 <\/span>secondini che salgono e scendono dal Comune per abbeverarsi alla fonte del becero microclientelismo installata da ultimo nella stanza del vicesindaco.<\/span>\n<\/p>\n<p style=\"text-align: justify\" class=\"MsoNormal\">\n&nbsp;\n<\/p>\n<p><span style=\"font-size: 10pt; font-family: Verdana\">I pretesti? Li hanno utilizzati tutti, senza remissione di peccato ma, su un pretesto si rifletta acutamente: il pretesto di dover combattere la delinquenza. Pur di giustificare la loro alleanza innaturale hanno dipinto e portato all\u2019esterno un\u2019immagine di Cassano come paese di delinquenti, per poi santificare quei delinquenti quando passano dalla loro parte come uccelli migratori per aiutarli a conquistare ancor maggiori fette di potere.<o:p><\/o:p><\/span> <span style=\"font-size: 10pt; font-family: Verdana\">C\u2019\u00e8 di peggio: lo fanno con i soldi della collettivit\u00e0 e, qundi, anche dei loro avversari costruendosi palchi, manifestazioni e, guarda caso sempre in prossimit\u00e0 delle elezioni con il giornalino \u201cPellicano\u201d pre-elettorale.<o:p><\/o:p><\/span> <\/p>\n<p style=\"text-align: justify\" class=\"MsoNormal\">\n<span style=\"font-size: 10pt; font-family: Verdana\">E\u2019 immorale, ma tipico delle tirann\u00ece, utilizzare i soldi pubblici per denigrare i propri avversari politici che compartecipano con le loro tasse alla formazione di quei soldi pubblici.<\/span>\n<\/p>\n<p style=\"text-align: justify\" class=\"MsoNormal\">\n&nbsp;\n<\/p>\n<p><span style=\"font-size: 10pt; font-family: Verdana\">Capiamo che il Pellicano \u00e8 il pretesto per farsi campagna elettorale a spese dei cittadini, forse anche pagando fin d\u2019ora chi cura quel giornale che, vedrete, curer\u00e0 la loro campagna elettorale cos\u00ec come \u00e8 avvenuto nel 2004, ma almeno risparmino le spese postali che spendono inutilmente per farlo recapitare nelle case di chi non li ha votati e, conoscendoli per come veramente sono, non li voter\u00e0 mai.<o:p><\/o:p><\/span> <\/p>\n<p style=\"text-align: justify\" class=\"MsoNormal\">\n<span style=\"font-size: 10pt; font-family: Verdana\">Tanto colui che si vanta del sangue blu li conosce tutti avendoli, come da sua stessa ammissione fatta dai palchi all\u2019indomani dell\u2019elezione, schedati ed invitati a trasferirsi ad altro paese.<\/span>\n<\/p>\n<p style=\"text-align: justify\" class=\"MsoNormal\">\n&nbsp;\n<\/p>\n<p style=\"text-align: justify\" class=\"MsoNormal\">\n<span style=\"font-size: 10pt; font-family: Verdana\">Non \u00e8 l\u2019unico esempio di immoralit\u00e0! Ce ne sono ben altri.<\/span>\n<\/p>\n<p style=\"text-align: justify\" class=\"MsoNormal\">\n&nbsp;\n<\/p>\n<p><span style=\"font-size: 10pt; font-family: Verdana\">Ci conforta la conclusione che \u00e8 nelle favole: non la punizione dei fautori del male ma sopratutto la morale sempre chiara che il \u201ccrimine\u201d non paga perch\u00e8 alla lunga chi interpreta il male \u00e8 perdente e chi interpreta il bene risulter\u00e0 sempre pi\u00f9 attraente perch\u00e8 infonde uno spirito eroico che porta tutto il popolo ad identificarsi con la capacit\u00e0, il coraggio e la forza di lottare. <o:p><\/o:p><\/span><span style=\"font-size: 10pt; font-family: Verdana\">Ognuno trovi capacit\u00e0, coraggio e forza di lottare perch\u00e8 questo paese appartiene non ad una ristretta cerchia di lobbistici persecutori ma a tutti.<o:p><\/o:p><\/span> <\/p>\n<p style=\"text-align: justify\" class=\"MsoNormal\">\n<span style=\"font-size: 10pt; font-family: Verdana\">A tutti quelli che si identificano nel bene, nell\u2019aiuto reciproco, nello spendersi per l\u2019altro, nella crescita, nello sviluppo, nella pace, nella giustizia, nei valori, nella solidariet\u00e0, nella sussidiariet\u00e0 e nell\u2019accoglienza.<\/span>\n<\/p>\n<p style=\"text-align: justify\" class=\"MsoNormal\">\n&nbsp;\n<\/p>\n<p><span style=\"font-size: 10pt; font-family: Verdana\">E, statene certi, la nostra non sar\u00e0 una favola ma una felice realt\u00e0 che rialzer\u00e0 la nostra Cassano!<o:p><\/o:p><\/span> <b><span style=\"font-family: Helvetica\"><o:p>\u00a0<\/o:p><\/span><\/b> <\/p>\n","protected":false},"excerpt":{"rendered":"","protected":false},"author":1,"featured_media":0,"comment_status":"open","ping_status":"closed","sticky":false,"template":"","format":"standard","meta":{"colormag_page_container_layout":"default_layout","colormag_page_sidebar_layout":"default_layout","footnotes":""},"categories":[9],"tags":[],"class_list":["post-2625","post","type-post","status-publish","format-standard","hentry","category-la-voce-del-paese"],"yoast_head":"<!-- This site is optimized with the Yoast SEO plugin v27.5 - https:\/\/yoast.com\/product\/yoast-seo-wordpress\/ -->\n<title>ZULLO: FORZA POPOLO DI CASSANO: IL BENE VINCERA&#039; - Archivio CassanoWeb<\/title>\n<meta name=\"robots\" content=\"index, follow, max-snippet:-1, max-image-preview:large, max-video-preview:-1\" \/>\n<link rel=\"canonical\" href=\"https:\/\/archiviocassano.lavocedelpaese.info\/index.php\/2009\/02\/03\/zullo-forza-popolo-di-cassano-il-bene-vincera\/\" \/>\n<meta property=\"og:locale\" content=\"it_IT\" \/>\n<meta property=\"og:type\" content=\"article\" \/>\n<meta property=\"og:title\" content=\"ZULLO: FORZA POPOLO DI CASSANO: IL BENE VINCERA&#039; - Archivio CassanoWeb\" \/>\n<meta property=\"og:url\" content=\"https:\/\/archiviocassano.lavocedelpaese.info\/index.php\/2009\/02\/03\/zullo-forza-popolo-di-cassano-il-bene-vincera\/\" \/>\n<meta property=\"og:site_name\" content=\"Archivio CassanoWeb\" \/>\n<meta property=\"article:publisher\" content=\"https:\/\/www.facebook.com\/redazione.cassanoweb\" \/>\n<meta property=\"article:published_time\" content=\"2009-02-03T08:58:59+00:00\" \/>\n<meta name=\"author\" content=\"admin\" \/>\n<meta name=\"twitter:card\" content=\"summary_large_image\" \/>\n<meta name=\"twitter:label1\" content=\"Scritto da\" \/>\n\t<meta name=\"twitter:data1\" content=\"admin\" \/>\n\t<meta name=\"twitter:label2\" content=\"Tempo di lettura stimato\" \/>\n\t<meta name=\"twitter:data2\" content=\"4 minuti\" \/>\n<script type=\"application\/ld+json\" class=\"yoast-schema-graph\">{\"@context\":\"https:\\\/\\\/schema.org\",\"@graph\":[{\"@type\":\"Article\",\"@id\":\"https:\\\/\\\/archiviocassano.lavocedelpaese.info\\\/index.php\\\/2009\\\/02\\\/03\\\/zullo-forza-popolo-di-cassano-il-bene-vincera\\\/#article\",\"isPartOf\":{\"@id\":\"https:\\\/\\\/archiviocassano.lavocedelpaese.info\\\/index.php\\\/2009\\\/02\\\/03\\\/zullo-forza-popolo-di-cassano-il-bene-vincera\\\/\"},\"author\":{\"name\":\"admin\",\"@id\":\"https:\\\/\\\/archiviocassano.lavocedelpaese.info\\\/#\\\/schema\\\/person\\\/df195bc79a9b4c35127cf005f92e041b\"},\"headline\":\"ZULLO: FORZA POPOLO DI CASSANO: IL BENE VINCERA&#8217;\",\"datePublished\":\"2009-02-03T08:58:59+00:00\",\"mainEntityOfPage\":{\"@id\":\"https:\\\/\\\/archiviocassano.lavocedelpaese.info\\\/index.php\\\/2009\\\/02\\\/03\\\/zullo-forza-popolo-di-cassano-il-bene-vincera\\\/\"},\"wordCount\":729,\"commentCount\":0,\"publisher\":{\"@id\":\"https:\\\/\\\/archiviocassano.lavocedelpaese.info\\\/#organization\"},\"articleSection\":[\"La voce del paese\"],\"inLanguage\":\"it-IT\",\"potentialAction\":[{\"@type\":\"CommentAction\",\"name\":\"Comment\",\"target\":[\"https:\\\/\\\/archiviocassano.lavocedelpaese.info\\\/index.php\\\/2009\\\/02\\\/03\\\/zullo-forza-popolo-di-cassano-il-bene-vincera\\\/#respond\"]}]},{\"@type\":\"WebPage\",\"@id\":\"https:\\\/\\\/archiviocassano.lavocedelpaese.info\\\/index.php\\\/2009\\\/02\\\/03\\\/zullo-forza-popolo-di-cassano-il-bene-vincera\\\/\",\"url\":\"https:\\\/\\\/archiviocassano.lavocedelpaese.info\\\/index.php\\\/2009\\\/02\\\/03\\\/zullo-forza-popolo-di-cassano-il-bene-vincera\\\/\",\"name\":\"ZULLO: FORZA POPOLO DI CASSANO: IL BENE VINCERA' - Archivio CassanoWeb\",\"isPartOf\":{\"@id\":\"https:\\\/\\\/archiviocassano.lavocedelpaese.info\\\/#website\"},\"datePublished\":\"2009-02-03T08:58:59+00:00\",\"breadcrumb\":{\"@id\":\"https:\\\/\\\/archiviocassano.lavocedelpaese.info\\\/index.php\\\/2009\\\/02\\\/03\\\/zullo-forza-popolo-di-cassano-il-bene-vincera\\\/#breadcrumb\"},\"inLanguage\":\"it-IT\",\"potentialAction\":[{\"@type\":\"ReadAction\",\"target\":[\"https:\\\/\\\/archiviocassano.lavocedelpaese.info\\\/index.php\\\/2009\\\/02\\\/03\\\/zullo-forza-popolo-di-cassano-il-bene-vincera\\\/\"]}]},{\"@type\":\"BreadcrumbList\",\"@id\":\"https:\\\/\\\/archiviocassano.lavocedelpaese.info\\\/index.php\\\/2009\\\/02\\\/03\\\/zullo-forza-popolo-di-cassano-il-bene-vincera\\\/#breadcrumb\",\"itemListElement\":[{\"@type\":\"ListItem\",\"position\":1,\"name\":\"Home\",\"item\":\"https:\\\/\\\/archiviocassano.lavocedelpaese.info\\\/\"},{\"@type\":\"ListItem\",\"position\":2,\"name\":\"ZULLO: FORZA POPOLO DI CASSANO: IL BENE VINCERA&#8217;\"}]},{\"@type\":\"WebSite\",\"@id\":\"https:\\\/\\\/archiviocassano.lavocedelpaese.info\\\/#website\",\"url\":\"https:\\\/\\\/archiviocassano.lavocedelpaese.info\\\/\",\"name\":\"Archivio CassanoWeb\",\"description\":\"La Voce del Paese - un network di idee\",\"publisher\":{\"@id\":\"https:\\\/\\\/archiviocassano.lavocedelpaese.info\\\/#organization\"},\"potentialAction\":[{\"@type\":\"SearchAction\",\"target\":{\"@type\":\"EntryPoint\",\"urlTemplate\":\"https:\\\/\\\/archiviocassano.lavocedelpaese.info\\\/?s={search_term_string}\"},\"query-input\":{\"@type\":\"PropertyValueSpecification\",\"valueRequired\":true,\"valueName\":\"search_term_string\"}}],\"inLanguage\":\"it-IT\"},{\"@type\":\"Organization\",\"@id\":\"https:\\\/\\\/archiviocassano.lavocedelpaese.info\\\/#organization\",\"name\":\"Archivio CassanoWeb\",\"url\":\"https:\\\/\\\/archiviocassano.lavocedelpaese.info\\\/\",\"logo\":{\"@type\":\"ImageObject\",\"inLanguage\":\"it-IT\",\"@id\":\"https:\\\/\\\/archiviocassano.lavocedelpaese.info\\\/#\\\/schema\\\/logo\\\/image\\\/\",\"url\":\"https:\\\/\\\/archiviocassano.lavocedelpaese.info\\\/wp-content\\\/uploads\\\/2024\\\/08\\\/logo-rosso-2.png\",\"contentUrl\":\"https:\\\/\\\/archiviocassano.lavocedelpaese.info\\\/wp-content\\\/uploads\\\/2024\\\/08\\\/logo-rosso-2.png\",\"width\":491,\"height\":432,\"caption\":\"Archivio CassanoWeb\"},\"image\":{\"@id\":\"https:\\\/\\\/archiviocassano.lavocedelpaese.info\\\/#\\\/schema\\\/logo\\\/image\\\/\"},\"sameAs\":[\"https:\\\/\\\/www.facebook.com\\\/redazione.cassanoweb\"]},{\"@type\":\"Person\",\"@id\":\"https:\\\/\\\/archiviocassano.lavocedelpaese.info\\\/#\\\/schema\\\/person\\\/df195bc79a9b4c35127cf005f92e041b\",\"name\":\"admin\",\"image\":{\"@type\":\"ImageObject\",\"inLanguage\":\"it-IT\",\"@id\":\"https:\\\/\\\/secure.gravatar.com\\\/avatar\\\/eabba89a432e8eaa1b0207cc55f7e5340b22712b1ed80677efcf63e02ff5b235?s=96&d=mm&r=g\",\"url\":\"https:\\\/\\\/secure.gravatar.com\\\/avatar\\\/eabba89a432e8eaa1b0207cc55f7e5340b22712b1ed80677efcf63e02ff5b235?s=96&d=mm&r=g\",\"contentUrl\":\"https:\\\/\\\/secure.gravatar.com\\\/avatar\\\/eabba89a432e8eaa1b0207cc55f7e5340b22712b1ed80677efcf63e02ff5b235?s=96&d=mm&r=g\",\"caption\":\"admin\"},\"sameAs\":[\"https:\\\/\\\/archiviocassano.lavocedelpaese.info\"],\"url\":\"https:\\\/\\\/archiviocassano.lavocedelpaese.info\\\/index.php\\\/author\\\/admin_0qgz1xdp\\\/\"}]}<\/script>\n<!-- \/ Yoast SEO plugin. -->","yoast_head_json":{"title":"ZULLO: FORZA POPOLO DI CASSANO: IL BENE VINCERA' - Archivio CassanoWeb","robots":{"index":"index","follow":"follow","max-snippet":"max-snippet:-1","max-image-preview":"max-image-preview:large","max-video-preview":"max-video-preview:-1"},"canonical":"https:\/\/archiviocassano.lavocedelpaese.info\/index.php\/2009\/02\/03\/zullo-forza-popolo-di-cassano-il-bene-vincera\/","og_locale":"it_IT","og_type":"article","og_title":"ZULLO: FORZA POPOLO DI CASSANO: IL BENE VINCERA' - Archivio CassanoWeb","og_url":"https:\/\/archiviocassano.lavocedelpaese.info\/index.php\/2009\/02\/03\/zullo-forza-popolo-di-cassano-il-bene-vincera\/","og_site_name":"Archivio CassanoWeb","article_publisher":"https:\/\/www.facebook.com\/redazione.cassanoweb","article_published_time":"2009-02-03T08:58:59+00:00","author":"admin","twitter_card":"summary_large_image","twitter_misc":{"Scritto da":"admin","Tempo di lettura stimato":"4 minuti"},"schema":{"@context":"https:\/\/schema.org","@graph":[{"@type":"Article","@id":"https:\/\/archiviocassano.lavocedelpaese.info\/index.php\/2009\/02\/03\/zullo-forza-popolo-di-cassano-il-bene-vincera\/#article","isPartOf":{"@id":"https:\/\/archiviocassano.lavocedelpaese.info\/index.php\/2009\/02\/03\/zullo-forza-popolo-di-cassano-il-bene-vincera\/"},"author":{"name":"admin","@id":"https:\/\/archiviocassano.lavocedelpaese.info\/#\/schema\/person\/df195bc79a9b4c35127cf005f92e041b"},"headline":"ZULLO: FORZA POPOLO DI CASSANO: IL BENE VINCERA&#8217;","datePublished":"2009-02-03T08:58:59+00:00","mainEntityOfPage":{"@id":"https:\/\/archiviocassano.lavocedelpaese.info\/index.php\/2009\/02\/03\/zullo-forza-popolo-di-cassano-il-bene-vincera\/"},"wordCount":729,"commentCount":0,"publisher":{"@id":"https:\/\/archiviocassano.lavocedelpaese.info\/#organization"},"articleSection":["La voce del paese"],"inLanguage":"it-IT","potentialAction":[{"@type":"CommentAction","name":"Comment","target":["https:\/\/archiviocassano.lavocedelpaese.info\/index.php\/2009\/02\/03\/zullo-forza-popolo-di-cassano-il-bene-vincera\/#respond"]}]},{"@type":"WebPage","@id":"https:\/\/archiviocassano.lavocedelpaese.info\/index.php\/2009\/02\/03\/zullo-forza-popolo-di-cassano-il-bene-vincera\/","url":"https:\/\/archiviocassano.lavocedelpaese.info\/index.php\/2009\/02\/03\/zullo-forza-popolo-di-cassano-il-bene-vincera\/","name":"ZULLO: FORZA POPOLO DI CASSANO: IL BENE VINCERA' - Archivio CassanoWeb","isPartOf":{"@id":"https:\/\/archiviocassano.lavocedelpaese.info\/#website"},"datePublished":"2009-02-03T08:58:59+00:00","breadcrumb":{"@id":"https:\/\/archiviocassano.lavocedelpaese.info\/index.php\/2009\/02\/03\/zullo-forza-popolo-di-cassano-il-bene-vincera\/#breadcrumb"},"inLanguage":"it-IT","potentialAction":[{"@type":"ReadAction","target":["https:\/\/archiviocassano.lavocedelpaese.info\/index.php\/2009\/02\/03\/zullo-forza-popolo-di-cassano-il-bene-vincera\/"]}]},{"@type":"BreadcrumbList","@id":"https:\/\/archiviocassano.lavocedelpaese.info\/index.php\/2009\/02\/03\/zullo-forza-popolo-di-cassano-il-bene-vincera\/#breadcrumb","itemListElement":[{"@type":"ListItem","position":1,"name":"Home","item":"https:\/\/archiviocassano.lavocedelpaese.info\/"},{"@type":"ListItem","position":2,"name":"ZULLO: FORZA POPOLO DI CASSANO: IL BENE VINCERA&#8217;"}]},{"@type":"WebSite","@id":"https:\/\/archiviocassano.lavocedelpaese.info\/#website","url":"https:\/\/archiviocassano.lavocedelpaese.info\/","name":"Archivio CassanoWeb","description":"La Voce del Paese - un network di idee","publisher":{"@id":"https:\/\/archiviocassano.lavocedelpaese.info\/#organization"},"potentialAction":[{"@type":"SearchAction","target":{"@type":"EntryPoint","urlTemplate":"https:\/\/archiviocassano.lavocedelpaese.info\/?s={search_term_string}"},"query-input":{"@type":"PropertyValueSpecification","valueRequired":true,"valueName":"search_term_string"}}],"inLanguage":"it-IT"},{"@type":"Organization","@id":"https:\/\/archiviocassano.lavocedelpaese.info\/#organization","name":"Archivio CassanoWeb","url":"https:\/\/archiviocassano.lavocedelpaese.info\/","logo":{"@type":"ImageObject","inLanguage":"it-IT","@id":"https:\/\/archiviocassano.lavocedelpaese.info\/#\/schema\/logo\/image\/","url":"https:\/\/archiviocassano.lavocedelpaese.info\/wp-content\/uploads\/2024\/08\/logo-rosso-2.png","contentUrl":"https:\/\/archiviocassano.lavocedelpaese.info\/wp-content\/uploads\/2024\/08\/logo-rosso-2.png","width":491,"height":432,"caption":"Archivio CassanoWeb"},"image":{"@id":"https:\/\/archiviocassano.lavocedelpaese.info\/#\/schema\/logo\/image\/"},"sameAs":["https:\/\/www.facebook.com\/redazione.cassanoweb"]},{"@type":"Person","@id":"https:\/\/archiviocassano.lavocedelpaese.info\/#\/schema\/person\/df195bc79a9b4c35127cf005f92e041b","name":"admin","image":{"@type":"ImageObject","inLanguage":"it-IT","@id":"https:\/\/secure.gravatar.com\/avatar\/eabba89a432e8eaa1b0207cc55f7e5340b22712b1ed80677efcf63e02ff5b235?s=96&d=mm&r=g","url":"https:\/\/secure.gravatar.com\/avatar\/eabba89a432e8eaa1b0207cc55f7e5340b22712b1ed80677efcf63e02ff5b235?s=96&d=mm&r=g","contentUrl":"https:\/\/secure.gravatar.com\/avatar\/eabba89a432e8eaa1b0207cc55f7e5340b22712b1ed80677efcf63e02ff5b235?s=96&d=mm&r=g","caption":"admin"},"sameAs":["https:\/\/archiviocassano.lavocedelpaese.info"],"url":"https:\/\/archiviocassano.lavocedelpaese.info\/index.php\/author\/admin_0qgz1xdp\/"}]}},"_links":{"self":[{"href":"https:\/\/archiviocassano.lavocedelpaese.info\/index.php\/wp-json\/wp\/v2\/posts\/2625","targetHints":{"allow":["GET"]}}],"collection":[{"href":"https:\/\/archiviocassano.lavocedelpaese.info\/index.php\/wp-json\/wp\/v2\/posts"}],"about":[{"href":"https:\/\/archiviocassano.lavocedelpaese.info\/index.php\/wp-json\/wp\/v2\/types\/post"}],"author":[{"embeddable":true,"href":"https:\/\/archiviocassano.lavocedelpaese.info\/index.php\/wp-json\/wp\/v2\/users\/1"}],"replies":[{"embeddable":true,"href":"https:\/\/archiviocassano.lavocedelpaese.info\/index.php\/wp-json\/wp\/v2\/comments?post=2625"}],"version-history":[{"count":0,"href":"https:\/\/archiviocassano.lavocedelpaese.info\/index.php\/wp-json\/wp\/v2\/posts\/2625\/revisions"}],"wp:attachment":[{"href":"https:\/\/archiviocassano.lavocedelpaese.info\/index.php\/wp-json\/wp\/v2\/media?parent=2625"}],"wp:term":[{"taxonomy":"category","embeddable":true,"href":"https:\/\/archiviocassano.lavocedelpaese.info\/index.php\/wp-json\/wp\/v2\/categories?post=2625"},{"taxonomy":"post_tag","embeddable":true,"href":"https:\/\/archiviocassano.lavocedelpaese.info\/index.php\/wp-json\/wp\/v2\/tags?post=2625"}],"curies":[{"name":"wp","href":"https:\/\/api.w.org\/{rel}","templated":true}]}}