{"id":2642,"date":"2009-02-08T14:39:39","date_gmt":"2009-02-08T14:39:39","guid":{"rendered":"https:\/\/archiviocassano.lavocedelpaese.info\/index.php\/2009\/02\/08\/azione-giovani-10-febbraio-giorno-del-ricordo\/"},"modified":"2009-02-08T14:39:39","modified_gmt":"2009-02-08T14:39:39","slug":"azione-giovani-10-febbraio-giorno-del-ricordo","status":"publish","type":"post","link":"https:\/\/archiviocassano.lavocedelpaese.info\/index.php\/2009\/02\/08\/azione-giovani-10-febbraio-giorno-del-ricordo\/","title":{"rendered":"AZIONE GIOVANI: 10 FEBBRAIO, GIORNO DEL RICORDO"},"content":{"rendered":"<p><img loading=\"lazy\" decoding=\"async\" width=\"130\" src=\"images\/stories\/azione_giovani.jpg\" alt=\"azione_giovani.jpg\" height=\"130\" style=\"float: left; margin: 5px; width: 130px; height: 130px\" title=\"azione_giovani.jpg\" \/> <\/p>\n<p><!--more--><br \/>\n<meta name=\"ProgId\" content=\"Word.Document\" \/><br \/>\n<meta name=\"Generator\" content=\"Microsoft Word 10\" \/><br \/>\n<meta name=\"Originator\" content=\"Microsoft Word 10\" \/>\n<link rel=\"File-List\" href=\"file:\/\/\/C:%5CDOCUME%7E1%5CATIPIC%7E1%5CIMPOST%7E1%5CTemp%5Cmsohtml1%5C01%5Cclip_filelist.xml\" \/>\n<o:smarttagtype namespaceuri=\"urn:schemas-microsoft-com:office:smarttags\" name=\"metricconverter\"><\/o:smarttagtype><br \/>\n<object classid=\"clsid:38481807-CA0E-42D2-BF39-B33AF135CC4D\" id=\"ieooui\"><\/object><\/p>\n<style>\nst1\\:* {\nBEHAVIOR: url(#ieooui)\n}<\/style>\n<style>\n@font-face {\nfont-family: Verdana;\n}\n@page Section1 {size: 612.0pt 792.0pt; margin: 70.85pt 2.0cm 2.0cm 2.0cm; mso-header-margin: 36.0pt; mso-footer-margin: 36.0pt; mso-paper-source: 0; }\nP.MsoNormal {\nFONT-SIZE: 12pt; MARGIN: 0cm 0cm 0pt; FONT-FAMILY: \"Times New Roman\"; mso-style-parent: \"\"; mso-pagination: widow-orphan; mso-fareast-font-family: \"Times New Roman\"\n}\nLI.MsoNormal {\nFONT-SIZE: 12pt; MARGIN: 0cm 0cm 0pt; FONT-FAMILY: \"Times New Roman\"; mso-style-parent: \"\"; mso-pagination: widow-orphan; mso-fareast-font-family: \"Times New Roman\"\n}\nDIV.MsoNormal {\nFONT-SIZE: 12pt; MARGIN: 0cm 0cm 0pt; FONT-FAMILY: \"Times New Roman\"; mso-style-parent: \"\"; mso-pagination: widow-orphan; mso-fareast-font-family: \"Times New Roman\"\n}\nP.MsoBodyTextIndent {\nFONT-WEIGHT: bold; FONT-SIZE: 12pt; MARGIN: 0cm 0cm 0pt; TEXT-INDENT: 35.4pt; FONT-FAMILY: Arial; TEXT-ALIGN: justify; mso-pagination: widow-orphan; mso-fareast-font-family: \"Times New Roman\"; mso-bidi-font-weight: normal\n}\nLI.MsoBodyTextIndent {\nFONT-WEIGHT: bold; FONT-SIZE: 12pt; MARGIN: 0cm 0cm 0pt; TEXT-INDENT: 35.4pt; FONT-FAMILY: Arial; TEXT-ALIGN: justify; mso-pagination: widow-orphan; mso-fareast-font-family: \"Times New Roman\"; mso-bidi-font-weight: normal\n}\nDIV.MsoBodyTextIndent {\nFONT-WEIGHT: bold; FONT-SIZE: 12pt; MARGIN: 0cm 0cm 0pt; TEXT-INDENT: 35.4pt; FONT-FAMILY: Arial; TEXT-ALIGN: justify; mso-pagination: widow-orphan; mso-fareast-font-family: \"Times New Roman\"; mso-bidi-font-weight: normal\n}\nP.stile12 {\nFONT-SIZE: 9pt; MARGIN: 7.5pt; COLOR: black; LINE-HEIGHT: 13.5pt; FONT-FAMILY: Verdana; mso-pagination: widow-orphan; mso-fareast-font-family: \"Times New Roman\"; mso-style-name: stile12; mso-bidi-font-family: \"Times New Roman\"\n}\nLI.stile12 {\nFONT-SIZE: 9pt; MARGIN: 7.5pt; COLOR: black; LINE-HEIGHT: 13.5pt; FONT-FAMILY: Verdana; mso-pagination: widow-orphan; mso-fareast-font-family: \"Times New Roman\"; mso-style-name: stile12; mso-bidi-font-family: \"Times New Roman\"\n}\nDIV.stile12 {\nFONT-SIZE: 9pt; MARGIN: 7.5pt; COLOR: black; LINE-HEIGHT: 13.5pt; FONT-FAMILY: Verdana; mso-pagination: widow-orphan; mso-fareast-font-family: \"Times New Roman\"; mso-style-name: stile12; mso-bidi-font-family: \"Times New Roman\"\n}\nDIV.Section1 {\npage: Section1\n}<\/style>\n<div align=\"justify\">\n<span style=\"font-weight: normal; font-size: 10pt; font-family: Verdana\">Il prossimo 10 febbraio, in Italia, sar\u00e0 celebrata<span>\u00a0 <\/span>in memoria delle vittime delle foibe( cavit\u00e0 carsiche nelle quali furono scaraventati vivi, dall\u2019esercito jugoslavo del maresciallo Tito, migliaia di italiani ) e dell\u2019esodo istriano, giuliano e dalmata,<span>\u00a0 <\/span>il <u>\u201cGiorno del Ricordo\u201d<\/u> istituito con Legge 30 marzo 2004 n.92<\/span><span style=\"font-size: 10pt; font-family: Verdana\">.<o:p><\/o:p><\/span>\n<\/div>\n<p style=\"text-indent: 0cm\" class=\"MsoBodyTextIndent\">\n&nbsp;\n<\/p>\n<p><span style=\"font-size: 10pt\">Anche<span>\u00a0 <\/span>quest\u2019anno il circolo di <b>Azione Giovani<\/b> di Cassano delle Murge insieme al <b>Comitato 10 Febbraio<\/b>, celebrer\u00e0 questo giorno con estremo rispetto, simbolicamente portando il fiocco tricolore e osservando un minuto di silenzio alle ore 12,00.<o:p><\/o:p><\/span> <span style=\"font-size: 10pt\">Inoltre \u00e8 stata organizzata una fiaccolata a Bari che partir\u00e0 da Piazza Umberto, attraversando via Sparano e si concluder\u00e0 a Piazza Prefettura; il raduno \u00e8 previsto alle ore <\/span><st1:metricconverter productid=\"18,00 in\"><span style=\"font-size: 10pt\">18,00 in<\/span><\/st1:metricconverter><span style=\"font-size: 10pt\"> Piazza Umberto. Saranno sventolati unicamente i tricolori.<o:p><\/o:p><\/span> <span style=\"font-size: 10pt\">Ricordiamo che il 10 Febbraio \u00e8 stato istituito non di certo per alimentare odi e polemiche, perch\u00e9 la storia e le sue vittime non devono mai essere<span>\u00a0 <\/span>strumento di lotta politica. Il 10 Febbraio \u00e8 un giorno che raccoglie i sussurri e le voci di quel pezzo di Italia che non c\u2019\u00e8 pi\u00f9, eppure cos\u00ec viva nella memoria dei sopravissuti.<o:p><\/o:p><\/span> <span style=\"font-size: 10pt\"><span>\u00a0<\/span>Questo scritto deve servire a ricordare ed \u00e8 dedicato ai 350.000 connazionali che dopo aver lasciato la loro casa ed i loro averi, furono costretti da vigliacche logiche politiche ad affrontare in silenzio la loro tragedia. E\u2019 dedicato a quegli uomini, maestri, preti,soldati, operai che brutalmente venivano malmenati e poi gettati ancora vivi, nudi e legati tra loro nelle foibe, seppelliti vivi tra i morti; \u00e8 dedicato a quelle donne che venivano ripetutamente violentate e anch\u2019 esse gettate in queste fosse a tutti quei bambini uccisi solo perch\u00e9 figli di soldati italiani. E ricordiamo anche la cara Norma Cossetto, una ragazza di 24 anni, laureanda in lettere e filosofia presso l\u2019Universit\u00e0 di Padova che in quel periodo girava in bicicletta \u201cL\u2019Istria Rossa\u201d per scrivere la sua tesi. Il 25 Settembre 1943 un gruppo di Partigiani titini irruppe in casa Cossetto razziando ogni cosa e rapirono la povera Norma che fu dapprima derisa, poi tormentata per giorni, fissata ad un tavolo con delle corde, violentata da 17 partigiani e poi gettata nuda nella foiba con i seni pugnalati. Lei \u00e8 una vera eroina e meriterebbe una Camera del senato intitolata a s\u00e9.<o:p><\/o:p><\/span> <i><u><span style=\"font-size: 10pt; font-variant: small-caps\">Per tributare il nostro riconoscimento a questi Figli d&#8217;Italia troppo a lungo dimenticati.<o:p><\/o:p><\/span><\/u><\/i> <span style=\"font-size: 10pt\"><span>\u00a0<\/span><b><span style=\"font-family: Verdana\">Noi RICORDIAMO\u2026 E tu?<o:p><\/o:p><\/span><\/b><\/span> <\/p>\n","protected":false},"excerpt":{"rendered":"","protected":false},"author":1,"featured_media":0,"comment_status":"open","ping_status":"closed","sticky":false,"template":"","format":"standard","meta":{"colormag_page_container_layout":"default_layout","colormag_page_sidebar_layout":"default_layout","footnotes":""},"categories":[9],"tags":[],"class_list":["post-2642","post","type-post","status-publish","format-standard","hentry","category-la-voce-del-paese"],"yoast_head":"<!-- This site is optimized with the Yoast SEO plugin v27.5 - https:\/\/yoast.com\/product\/yoast-seo-wordpress\/ -->\n<title>AZIONE GIOVANI: 10 FEBBRAIO, GIORNO DEL RICORDO - Archivio CassanoWeb<\/title>\n<meta name=\"robots\" content=\"index, follow, max-snippet:-1, max-image-preview:large, max-video-preview:-1\" \/>\n<link rel=\"canonical\" href=\"https:\/\/archiviocassano.lavocedelpaese.info\/index.php\/2009\/02\/08\/azione-giovani-10-febbraio-giorno-del-ricordo\/\" \/>\n<meta property=\"og:locale\" content=\"it_IT\" \/>\n<meta property=\"og:type\" content=\"article\" \/>\n<meta property=\"og:title\" content=\"AZIONE GIOVANI: 10 FEBBRAIO, GIORNO DEL RICORDO - Archivio CassanoWeb\" \/>\n<meta property=\"og:url\" content=\"https:\/\/archiviocassano.lavocedelpaese.info\/index.php\/2009\/02\/08\/azione-giovani-10-febbraio-giorno-del-ricordo\/\" \/>\n<meta property=\"og:site_name\" content=\"Archivio CassanoWeb\" \/>\n<meta property=\"article:publisher\" content=\"https:\/\/www.facebook.com\/redazione.cassanoweb\" \/>\n<meta property=\"article:published_time\" content=\"2009-02-08T14:39:39+00:00\" \/>\n<meta name=\"author\" content=\"admin\" \/>\n<meta name=\"twitter:card\" content=\"summary_large_image\" \/>\n<meta name=\"twitter:label1\" content=\"Scritto da\" \/>\n\t<meta name=\"twitter:data1\" content=\"admin\" \/>\n\t<meta name=\"twitter:label2\" content=\"Tempo di lettura stimato\" \/>\n\t<meta name=\"twitter:data2\" content=\"2 minuti\" \/>\n<script type=\"application\/ld+json\" class=\"yoast-schema-graph\">{\"@context\":\"https:\\\/\\\/schema.org\",\"@graph\":[{\"@type\":\"Article\",\"@id\":\"https:\\\/\\\/archiviocassano.lavocedelpaese.info\\\/index.php\\\/2009\\\/02\\\/08\\\/azione-giovani-10-febbraio-giorno-del-ricordo\\\/#article\",\"isPartOf\":{\"@id\":\"https:\\\/\\\/archiviocassano.lavocedelpaese.info\\\/index.php\\\/2009\\\/02\\\/08\\\/azione-giovani-10-febbraio-giorno-del-ricordo\\\/\"},\"author\":{\"name\":\"admin\",\"@id\":\"https:\\\/\\\/archiviocassano.lavocedelpaese.info\\\/#\\\/schema\\\/person\\\/df195bc79a9b4c35127cf005f92e041b\"},\"headline\":\"AZIONE GIOVANI: 10 FEBBRAIO, GIORNO DEL RICORDO\",\"datePublished\":\"2009-02-08T14:39:39+00:00\",\"mainEntityOfPage\":{\"@id\":\"https:\\\/\\\/archiviocassano.lavocedelpaese.info\\\/index.php\\\/2009\\\/02\\\/08\\\/azione-giovani-10-febbraio-giorno-del-ricordo\\\/\"},\"wordCount\":381,\"commentCount\":0,\"publisher\":{\"@id\":\"https:\\\/\\\/archiviocassano.lavocedelpaese.info\\\/#organization\"},\"articleSection\":[\"La voce del paese\"],\"inLanguage\":\"it-IT\",\"potentialAction\":[{\"@type\":\"CommentAction\",\"name\":\"Comment\",\"target\":[\"https:\\\/\\\/archiviocassano.lavocedelpaese.info\\\/index.php\\\/2009\\\/02\\\/08\\\/azione-giovani-10-febbraio-giorno-del-ricordo\\\/#respond\"]}]},{\"@type\":\"WebPage\",\"@id\":\"https:\\\/\\\/archiviocassano.lavocedelpaese.info\\\/index.php\\\/2009\\\/02\\\/08\\\/azione-giovani-10-febbraio-giorno-del-ricordo\\\/\",\"url\":\"https:\\\/\\\/archiviocassano.lavocedelpaese.info\\\/index.php\\\/2009\\\/02\\\/08\\\/azione-giovani-10-febbraio-giorno-del-ricordo\\\/\",\"name\":\"AZIONE GIOVANI: 10 FEBBRAIO, GIORNO DEL RICORDO - Archivio CassanoWeb\",\"isPartOf\":{\"@id\":\"https:\\\/\\\/archiviocassano.lavocedelpaese.info\\\/#website\"},\"datePublished\":\"2009-02-08T14:39:39+00:00\",\"breadcrumb\":{\"@id\":\"https:\\\/\\\/archiviocassano.lavocedelpaese.info\\\/index.php\\\/2009\\\/02\\\/08\\\/azione-giovani-10-febbraio-giorno-del-ricordo\\\/#breadcrumb\"},\"inLanguage\":\"it-IT\",\"potentialAction\":[{\"@type\":\"ReadAction\",\"target\":[\"https:\\\/\\\/archiviocassano.lavocedelpaese.info\\\/index.php\\\/2009\\\/02\\\/08\\\/azione-giovani-10-febbraio-giorno-del-ricordo\\\/\"]}]},{\"@type\":\"BreadcrumbList\",\"@id\":\"https:\\\/\\\/archiviocassano.lavocedelpaese.info\\\/index.php\\\/2009\\\/02\\\/08\\\/azione-giovani-10-febbraio-giorno-del-ricordo\\\/#breadcrumb\",\"itemListElement\":[{\"@type\":\"ListItem\",\"position\":1,\"name\":\"Home\",\"item\":\"https:\\\/\\\/archiviocassano.lavocedelpaese.info\\\/\"},{\"@type\":\"ListItem\",\"position\":2,\"name\":\"AZIONE GIOVANI: 10 FEBBRAIO, GIORNO DEL RICORDO\"}]},{\"@type\":\"WebSite\",\"@id\":\"https:\\\/\\\/archiviocassano.lavocedelpaese.info\\\/#website\",\"url\":\"https:\\\/\\\/archiviocassano.lavocedelpaese.info\\\/\",\"name\":\"Archivio CassanoWeb\",\"description\":\"La Voce del Paese - un network di idee\",\"publisher\":{\"@id\":\"https:\\\/\\\/archiviocassano.lavocedelpaese.info\\\/#organization\"},\"potentialAction\":[{\"@type\":\"SearchAction\",\"target\":{\"@type\":\"EntryPoint\",\"urlTemplate\":\"https:\\\/\\\/archiviocassano.lavocedelpaese.info\\\/?s={search_term_string}\"},\"query-input\":{\"@type\":\"PropertyValueSpecification\",\"valueRequired\":true,\"valueName\":\"search_term_string\"}}],\"inLanguage\":\"it-IT\"},{\"@type\":\"Organization\",\"@id\":\"https:\\\/\\\/archiviocassano.lavocedelpaese.info\\\/#organization\",\"name\":\"Archivio CassanoWeb\",\"url\":\"https:\\\/\\\/archiviocassano.lavocedelpaese.info\\\/\",\"logo\":{\"@type\":\"ImageObject\",\"inLanguage\":\"it-IT\",\"@id\":\"https:\\\/\\\/archiviocassano.lavocedelpaese.info\\\/#\\\/schema\\\/logo\\\/image\\\/\",\"url\":\"https:\\\/\\\/archiviocassano.lavocedelpaese.info\\\/wp-content\\\/uploads\\\/2024\\\/08\\\/logo-rosso-2.png\",\"contentUrl\":\"https:\\\/\\\/archiviocassano.lavocedelpaese.info\\\/wp-content\\\/uploads\\\/2024\\\/08\\\/logo-rosso-2.png\",\"width\":491,\"height\":432,\"caption\":\"Archivio CassanoWeb\"},\"image\":{\"@id\":\"https:\\\/\\\/archiviocassano.lavocedelpaese.info\\\/#\\\/schema\\\/logo\\\/image\\\/\"},\"sameAs\":[\"https:\\\/\\\/www.facebook.com\\\/redazione.cassanoweb\"]},{\"@type\":\"Person\",\"@id\":\"https:\\\/\\\/archiviocassano.lavocedelpaese.info\\\/#\\\/schema\\\/person\\\/df195bc79a9b4c35127cf005f92e041b\",\"name\":\"admin\",\"image\":{\"@type\":\"ImageObject\",\"inLanguage\":\"it-IT\",\"@id\":\"https:\\\/\\\/secure.gravatar.com\\\/avatar\\\/eabba89a432e8eaa1b0207cc55f7e5340b22712b1ed80677efcf63e02ff5b235?s=96&d=mm&r=g\",\"url\":\"https:\\\/\\\/secure.gravatar.com\\\/avatar\\\/eabba89a432e8eaa1b0207cc55f7e5340b22712b1ed80677efcf63e02ff5b235?s=96&d=mm&r=g\",\"contentUrl\":\"https:\\\/\\\/secure.gravatar.com\\\/avatar\\\/eabba89a432e8eaa1b0207cc55f7e5340b22712b1ed80677efcf63e02ff5b235?s=96&d=mm&r=g\",\"caption\":\"admin\"},\"sameAs\":[\"https:\\\/\\\/archiviocassano.lavocedelpaese.info\"],\"url\":\"https:\\\/\\\/archiviocassano.lavocedelpaese.info\\\/index.php\\\/author\\\/admin_0qgz1xdp\\\/\"}]}<\/script>\n<!-- \/ Yoast SEO plugin. -->","yoast_head_json":{"title":"AZIONE GIOVANI: 10 FEBBRAIO, GIORNO DEL RICORDO - Archivio CassanoWeb","robots":{"index":"index","follow":"follow","max-snippet":"max-snippet:-1","max-image-preview":"max-image-preview:large","max-video-preview":"max-video-preview:-1"},"canonical":"https:\/\/archiviocassano.lavocedelpaese.info\/index.php\/2009\/02\/08\/azione-giovani-10-febbraio-giorno-del-ricordo\/","og_locale":"it_IT","og_type":"article","og_title":"AZIONE GIOVANI: 10 FEBBRAIO, GIORNO DEL RICORDO - Archivio CassanoWeb","og_url":"https:\/\/archiviocassano.lavocedelpaese.info\/index.php\/2009\/02\/08\/azione-giovani-10-febbraio-giorno-del-ricordo\/","og_site_name":"Archivio CassanoWeb","article_publisher":"https:\/\/www.facebook.com\/redazione.cassanoweb","article_published_time":"2009-02-08T14:39:39+00:00","author":"admin","twitter_card":"summary_large_image","twitter_misc":{"Scritto da":"admin","Tempo di lettura stimato":"2 minuti"},"schema":{"@context":"https:\/\/schema.org","@graph":[{"@type":"Article","@id":"https:\/\/archiviocassano.lavocedelpaese.info\/index.php\/2009\/02\/08\/azione-giovani-10-febbraio-giorno-del-ricordo\/#article","isPartOf":{"@id":"https:\/\/archiviocassano.lavocedelpaese.info\/index.php\/2009\/02\/08\/azione-giovani-10-febbraio-giorno-del-ricordo\/"},"author":{"name":"admin","@id":"https:\/\/archiviocassano.lavocedelpaese.info\/#\/schema\/person\/df195bc79a9b4c35127cf005f92e041b"},"headline":"AZIONE GIOVANI: 10 FEBBRAIO, GIORNO DEL RICORDO","datePublished":"2009-02-08T14:39:39+00:00","mainEntityOfPage":{"@id":"https:\/\/archiviocassano.lavocedelpaese.info\/index.php\/2009\/02\/08\/azione-giovani-10-febbraio-giorno-del-ricordo\/"},"wordCount":381,"commentCount":0,"publisher":{"@id":"https:\/\/archiviocassano.lavocedelpaese.info\/#organization"},"articleSection":["La voce del paese"],"inLanguage":"it-IT","potentialAction":[{"@type":"CommentAction","name":"Comment","target":["https:\/\/archiviocassano.lavocedelpaese.info\/index.php\/2009\/02\/08\/azione-giovani-10-febbraio-giorno-del-ricordo\/#respond"]}]},{"@type":"WebPage","@id":"https:\/\/archiviocassano.lavocedelpaese.info\/index.php\/2009\/02\/08\/azione-giovani-10-febbraio-giorno-del-ricordo\/","url":"https:\/\/archiviocassano.lavocedelpaese.info\/index.php\/2009\/02\/08\/azione-giovani-10-febbraio-giorno-del-ricordo\/","name":"AZIONE GIOVANI: 10 FEBBRAIO, GIORNO DEL RICORDO - Archivio CassanoWeb","isPartOf":{"@id":"https:\/\/archiviocassano.lavocedelpaese.info\/#website"},"datePublished":"2009-02-08T14:39:39+00:00","breadcrumb":{"@id":"https:\/\/archiviocassano.lavocedelpaese.info\/index.php\/2009\/02\/08\/azione-giovani-10-febbraio-giorno-del-ricordo\/#breadcrumb"},"inLanguage":"it-IT","potentialAction":[{"@type":"ReadAction","target":["https:\/\/archiviocassano.lavocedelpaese.info\/index.php\/2009\/02\/08\/azione-giovani-10-febbraio-giorno-del-ricordo\/"]}]},{"@type":"BreadcrumbList","@id":"https:\/\/archiviocassano.lavocedelpaese.info\/index.php\/2009\/02\/08\/azione-giovani-10-febbraio-giorno-del-ricordo\/#breadcrumb","itemListElement":[{"@type":"ListItem","position":1,"name":"Home","item":"https:\/\/archiviocassano.lavocedelpaese.info\/"},{"@type":"ListItem","position":2,"name":"AZIONE GIOVANI: 10 FEBBRAIO, GIORNO DEL RICORDO"}]},{"@type":"WebSite","@id":"https:\/\/archiviocassano.lavocedelpaese.info\/#website","url":"https:\/\/archiviocassano.lavocedelpaese.info\/","name":"Archivio CassanoWeb","description":"La Voce del Paese - un network di idee","publisher":{"@id":"https:\/\/archiviocassano.lavocedelpaese.info\/#organization"},"potentialAction":[{"@type":"SearchAction","target":{"@type":"EntryPoint","urlTemplate":"https:\/\/archiviocassano.lavocedelpaese.info\/?s={search_term_string}"},"query-input":{"@type":"PropertyValueSpecification","valueRequired":true,"valueName":"search_term_string"}}],"inLanguage":"it-IT"},{"@type":"Organization","@id":"https:\/\/archiviocassano.lavocedelpaese.info\/#organization","name":"Archivio CassanoWeb","url":"https:\/\/archiviocassano.lavocedelpaese.info\/","logo":{"@type":"ImageObject","inLanguage":"it-IT","@id":"https:\/\/archiviocassano.lavocedelpaese.info\/#\/schema\/logo\/image\/","url":"https:\/\/archiviocassano.lavocedelpaese.info\/wp-content\/uploads\/2024\/08\/logo-rosso-2.png","contentUrl":"https:\/\/archiviocassano.lavocedelpaese.info\/wp-content\/uploads\/2024\/08\/logo-rosso-2.png","width":491,"height":432,"caption":"Archivio CassanoWeb"},"image":{"@id":"https:\/\/archiviocassano.lavocedelpaese.info\/#\/schema\/logo\/image\/"},"sameAs":["https:\/\/www.facebook.com\/redazione.cassanoweb"]},{"@type":"Person","@id":"https:\/\/archiviocassano.lavocedelpaese.info\/#\/schema\/person\/df195bc79a9b4c35127cf005f92e041b","name":"admin","image":{"@type":"ImageObject","inLanguage":"it-IT","@id":"https:\/\/secure.gravatar.com\/avatar\/eabba89a432e8eaa1b0207cc55f7e5340b22712b1ed80677efcf63e02ff5b235?s=96&d=mm&r=g","url":"https:\/\/secure.gravatar.com\/avatar\/eabba89a432e8eaa1b0207cc55f7e5340b22712b1ed80677efcf63e02ff5b235?s=96&d=mm&r=g","contentUrl":"https:\/\/secure.gravatar.com\/avatar\/eabba89a432e8eaa1b0207cc55f7e5340b22712b1ed80677efcf63e02ff5b235?s=96&d=mm&r=g","caption":"admin"},"sameAs":["https:\/\/archiviocassano.lavocedelpaese.info"],"url":"https:\/\/archiviocassano.lavocedelpaese.info\/index.php\/author\/admin_0qgz1xdp\/"}]}},"_links":{"self":[{"href":"https:\/\/archiviocassano.lavocedelpaese.info\/index.php\/wp-json\/wp\/v2\/posts\/2642","targetHints":{"allow":["GET"]}}],"collection":[{"href":"https:\/\/archiviocassano.lavocedelpaese.info\/index.php\/wp-json\/wp\/v2\/posts"}],"about":[{"href":"https:\/\/archiviocassano.lavocedelpaese.info\/index.php\/wp-json\/wp\/v2\/types\/post"}],"author":[{"embeddable":true,"href":"https:\/\/archiviocassano.lavocedelpaese.info\/index.php\/wp-json\/wp\/v2\/users\/1"}],"replies":[{"embeddable":true,"href":"https:\/\/archiviocassano.lavocedelpaese.info\/index.php\/wp-json\/wp\/v2\/comments?post=2642"}],"version-history":[{"count":0,"href":"https:\/\/archiviocassano.lavocedelpaese.info\/index.php\/wp-json\/wp\/v2\/posts\/2642\/revisions"}],"wp:attachment":[{"href":"https:\/\/archiviocassano.lavocedelpaese.info\/index.php\/wp-json\/wp\/v2\/media?parent=2642"}],"wp:term":[{"taxonomy":"category","embeddable":true,"href":"https:\/\/archiviocassano.lavocedelpaese.info\/index.php\/wp-json\/wp\/v2\/categories?post=2642"},{"taxonomy":"post_tag","embeddable":true,"href":"https:\/\/archiviocassano.lavocedelpaese.info\/index.php\/wp-json\/wp\/v2\/tags?post=2642"}],"curies":[{"name":"wp","href":"https:\/\/api.w.org\/{rel}","templated":true}]}}