{"id":2656,"date":"2009-02-12T13:28:40","date_gmt":"2009-02-12T13:28:40","guid":{"rendered":"https:\/\/archiviocassano.lavocedelpaese.info\/index.php\/2009\/02\/12\/innovamento-e-cambiamento-non-parole-ma-fatti-a-margine-della-conferenza-della-barbanente\/"},"modified":"2009-02-12T13:28:40","modified_gmt":"2009-02-12T13:28:40","slug":"innovamento-e-cambiamento-non-parole-ma-fatti-a-margine-della-conferenza-della-barbanente","status":"publish","type":"post","link":"https:\/\/archiviocassano.lavocedelpaese.info\/index.php\/2009\/02\/12\/innovamento-e-cambiamento-non-parole-ma-fatti-a-margine-della-conferenza-della-barbanente\/","title":{"rendered":"INNOVAMENTO E CAMBIAMENTO: NON PAROLE MA FATTI (A MARGINE DELLA CONFERENZA DELLA BARBANENTE)"},"content":{"rendered":"<p><img loading=\"lazy\" decoding=\"async\" src=\"images\/stories\/archiviofoto\/cambiamento.jpg\" alt=\"cambiamento.jpg\" title=\"cambiamento.jpg\" style=\"margin: 5px; float: left; width: 100px; height: 151px\" width=\"100\" height=\"151\" \/><\/p>\n<p><!--more--><br \/>\n<meta http-equiv=\"Content-Type\" content=\"text\/html; charset=utf-8\" \/><br \/>\n<meta name=\"ProgId\" content=\"Word.Document\" \/><br \/>\n<meta name=\"Generator\" content=\"Microsoft Word 10\" \/><br \/>\n<meta name=\"Originator\" content=\"Microsoft Word 10\" \/>\n<link href=\"file:\/\/\/C:%5CDOCUME%7E1%5CATIPIC%7E1%5CIMPOST%7E1%5CTemp%5Cmsohtml1%5C01%5Cclip_filelist.xml\" rel=\"File-List\" \/>\n<!--[if gte mso 9]><xml>\n<w:WordDocument>\n<w:View>Normal<\/w:View>\n<w:Zoom>0<\/w:Zoom>\n<w:HyphenationZone>14<\/w:HyphenationZone>\n<w:Compatibility>\n<w:BreakWrappedTables\/>\n<w:SnapToGridInCell\/>\n<w:WrapTextWithPunct\/>\n<w:UseAsianBreakRules\/>\n<\/w:Compatibility>\n<w:BrowserLevel>MicrosoftInternetExplorer4<\/w:BrowserLevel>\n<\/w:WordDocument>\n<\/xml><![endif]--><\/p>\n<style>\n<!--\n\/* Font Definitions *\/\n@font-face\n{font-family:Verdana;\npanose-1:2 11 6 4 3 5 4 4 2 4;\nmso-font-charset:0;\nmso-generic-font-family:swiss;\nmso-font-pitch:variable;\nmso-font-signature:536871559 0 0 0 415 0;}\n\/* Style Definitions *\/\np.MsoNormal, li.MsoNormal, div.MsoNormal\n{mso-style-parent:\"\";\nmargin:0cm;\nmargin-bottom:.0001pt;\nmso-pagination:widow-orphan;\nfont-size:12.0pt;\nfont-family:\"Times New Roman\";\nmso-fareast-font-family:\"Times New Roman\";}\n@page Section1\n{size:595.3pt 841.9pt;\nmargin:70.85pt 2.0cm 2.0cm 2.0cm;\nmso-header-margin:35.4pt;\nmso-footer-margin:35.4pt;\nmso-paper-source:0;}\ndiv.Section1\n{page:Section1;}\n-->\n<\/style>\n<p><!--[if gte mso 10]>\n\n\n<style>\n\/* Style Definitions *\/\ntable.MsoNormalTable\n{mso-style-name:\"Tabella normale\";\nmso-tstyle-rowband-size:0;\nmso-tstyle-colband-size:0;\nmso-style-noshow:yes;\nmso-style-parent:\"\";\nmso-padding-alt:0cm 5.4pt 0cm 5.4pt;\nmso-para-margin:0cm;\nmso-para-margin-bottom:.0001pt;\nmso-pagination:widow-orphan;\nfont-size:10.0pt;\nfont-family:\"Times New Roman\";}\n<\/style>\n\n\n<![endif]--><\/p>\n<p class=\"MsoNormal\" style=\"text-align: justify\">\n<span style=\"font-size: 10pt; font-family: Verdana\">\u201cInnovare per cambiare e cambiare per innovare\u201d: il motivo<br \/>\ndominante della \u201cstrategia della riflessione\u201d<span>\u00a0<br \/>\n<\/span>innescata tempo fa da Ignazio Zullo, capogruppo del PdL nel consiglio comunale ha<br \/>\nassunto \u2013 nel corso della conferenza dell\u2019assessore Barbanente, plasticit\u00e0, concretezza,<br \/>\nstato fisico. <o:p><\/o:p><\/span>\n<\/p>\n<p class=\"MsoNormal\" style=\"text-align: justify\">\n<span style=\"font-size: 10pt; font-family: Verdana\"><o:p>\u00a0<\/o:p><\/span>\n<\/p>\n<p class=\"MsoNormal\" style=\"text-align: justify\">\n<span style=\"font-size: 10pt; font-family: Verdana\">Per dirla in altri termini: non chiacchiere ma fatti.<o:p><\/o:p><\/span>\n<\/p>\n<p class=\"MsoNormal\" style=\"text-align: justify\">\n<span style=\"font-size: 10pt; font-family: Verdana\"><o:p>\u00a0<\/o:p><\/span>\n<\/p>\n<p class=\"MsoNormal\" style=\"text-align: justify\">\n<span style=\"font-size: 10pt; font-family: Verdana\">Da una parte Zullo, consigliere regionale del<br \/>\ncentrodestra, eletto nelle fila del movimento ispirato da Fitto \u201cLa Puglia<br \/>\nprima di tutto\u201d e dunque di opposizione; dall\u2019altra la Barbanente, assessore in<br \/>\nuna giunta di centrosinistra, una delle pi\u00f9 fidate alleate di Vendola.<o:p><\/o:p><\/span>\n<\/p>\n<p class=\"MsoNormal\" style=\"text-align: justify\">\n<span style=\"font-size: 10pt; font-family: Verdana\"><o:p>\u00a0<\/o:p><\/span>\n<\/p>\n<p class=\"MsoNormal\" style=\"text-align: justify\">\n<span style=\"font-size: 10pt; font-family: Verdana\">Allo stesso tavolo, l\u2019una invitato dall\u2019altro per<br \/>\ndialogare coi cittadini, proporre soluzioni ai problemi, condividere<br \/>\nprospettive. Capire cosa si \u00e8 fatto \u2013 e che non necessariamente si condivide \u2013<br \/>\ne cosa si vuol fare.<o:p><\/o:p><\/span>\n<\/p>\n<p class=\"MsoNormal\" style=\"text-align: justify\">\n<span style=\"font-size: 10pt; font-family: Verdana\"><o:p>\u00a0<\/o:p><\/span>\n<\/p>\n<p class=\"MsoNormal\" style=\"text-align: justify\">\n<span style=\"font-size: 10pt; font-family: Verdana\">Non \u201cinciuci\u201d o pastette ma un modo nuovo e diverso di<br \/>\nfare politica, soprattutto dalle nostre parti, nel nostro paese. \u201c<i>Possiamo condividere bisogni e idee<\/i> \u2013 ha<br \/>\ndetto il consigliere del centrodestra nell\u2019intervento conclusivo \u2013 <i>quando non c\u2019\u00e8 nei politici la volont\u00e0 di<br \/>\nfare solo battibecco e polemica ma arrivare al cuore dei problemi, cercando la<br \/>\nmigliore soluzione per cercare di risolverli; soprattutto quando ci sono i<br \/>\ncampo persone preparate e appassionate, forti delle proprie idee ma pronte a<br \/>\nsentire le ragioni dell\u2019altro\u201d<\/i> quando, cio\u00e8, \u00e8 possibile avviare un dialogo.<o:p><\/o:p><\/span>\n<\/p>\n<p class=\"MsoNormal\" style=\"text-align: justify\">\n<span style=\"font-size: 10pt; font-family: Verdana\"><o:p>\u00a0<\/o:p><\/span>\n<\/p>\n<p class=\"MsoNormal\" style=\"text-align: justify\">\n<span style=\"font-size: 10pt; font-family: Verdana\">Occorre farlo chiamando i cittadini a raccolta: \u201c<i>la visione strategica del futuro\u201d<\/i>, la<br \/>\nchiamava la Barbanente, applicabile all\u2019Urbanistica ma anche all\u2019Ambiente, alla<br \/>\nscuola, alla sanit\u00e0, al lavoro.<o:p><\/o:p><\/span>\n<\/p>\n<p class=\"MsoNormal\" style=\"text-align: justify\">\n<span style=\"font-size: 10pt; font-family: Verdana\"><o:p>\u00a0<\/o:p><\/span>\n<\/p>\n<p class=\"MsoNormal\" style=\"text-align: justify\">\n<span style=\"font-size: 10pt; font-family: Verdana\">E i cittadini sono arrivati: cassanesi e forestieri,<br \/>\ngiovani e non solo, professionisti, tecnici ma anche chi mai aveva ascoltato n\u00e9<br \/>\nvisto l\u2019assessore regionale. Quasi trecento persone che ponevano domande a non<br \/>\nfinire, interrogativi, proposte. Se non fosse stato per l\u2019ora tarda e per la<br \/>\nscuola che doveva chiudere, sarebbero stati tanto altro tempo ad ascoltare<br \/>\nquesti amministratori e a far sentire loro la propria voce.<o:p><\/o:p><\/span>\n<\/p>\n<p class=\"MsoNormal\" style=\"text-align: justify\">\n<span style=\"font-size: 10pt; font-family: Verdana\"><o:p>\u00a0<\/o:p><\/span>\n<\/p>\n<p class=\"MsoNormal\" style=\"text-align: justify\">\n<span style=\"font-size: 10pt; font-family: Verdana\">Perch\u00e9 <i>\u201csono gli<br \/>\nelettori che fanno la qualit\u00e0 della politica\u201d<\/i> ha aggiunto Zullo. Elettori<br \/>\nconsapevoli e pronti a cambiare, a lasciarsi alle spalle vecchi modi di fare<br \/>\npolitica, fatta non solo di compromessi ma spesso di compromissioni, illuminati<br \/>\nnel riconoscere cosa \u00e8 nuovo e chi \u00e8 capace di costruirlo, faranno il pi\u00f9<br \/>\ngrande servizio alla politica, agli eletti, al paese. <\/span>\n<\/p>\n<p class=\"MsoNormal\" style=\"text-align: justify\">\n&nbsp;\n<\/p>\n<p class=\"MsoNormal\" style=\"text-align: justify\">\n<span style=\"font-size: 10pt; font-family: Verdana\">E, in definitiva, a loro<br \/>\nstessi.<o:p><\/o:p><\/span><\/p>\n","protected":false},"excerpt":{"rendered":"","protected":false},"author":1,"featured_media":0,"comment_status":"open","ping_status":"closed","sticky":false,"template":"","format":"standard","meta":{"colormag_page_container_layout":"default_layout","colormag_page_sidebar_layout":"default_layout","footnotes":""},"categories":[9],"tags":[],"class_list":["post-2656","post","type-post","status-publish","format-standard","hentry","category-la-voce-del-paese"],"yoast_head":"<!-- This site is optimized with the Yoast SEO plugin v27.5 - https:\/\/yoast.com\/product\/yoast-seo-wordpress\/ -->\n<title>INNOVAMENTO E CAMBIAMENTO: NON PAROLE MA FATTI (A MARGINE DELLA CONFERENZA DELLA BARBANENTE) - Archivio CassanoWeb<\/title>\n<meta name=\"robots\" content=\"index, follow, max-snippet:-1, max-image-preview:large, max-video-preview:-1\" \/>\n<link rel=\"canonical\" href=\"https:\/\/archiviocassano.lavocedelpaese.info\/index.php\/2009\/02\/12\/innovamento-e-cambiamento-non-parole-ma-fatti-a-margine-della-conferenza-della-barbanente\/\" \/>\n<meta property=\"og:locale\" content=\"it_IT\" \/>\n<meta property=\"og:type\" content=\"article\" \/>\n<meta property=\"og:title\" content=\"INNOVAMENTO E CAMBIAMENTO: NON PAROLE MA FATTI (A MARGINE DELLA CONFERENZA DELLA BARBANENTE) - Archivio CassanoWeb\" \/>\n<meta property=\"og:url\" content=\"https:\/\/archiviocassano.lavocedelpaese.info\/index.php\/2009\/02\/12\/innovamento-e-cambiamento-non-parole-ma-fatti-a-margine-della-conferenza-della-barbanente\/\" \/>\n<meta property=\"og:site_name\" content=\"Archivio CassanoWeb\" \/>\n<meta property=\"article:publisher\" content=\"https:\/\/www.facebook.com\/redazione.cassanoweb\" \/>\n<meta property=\"article:published_time\" content=\"2009-02-12T13:28:40+00:00\" \/>\n<meta name=\"author\" content=\"admin\" \/>\n<meta name=\"twitter:card\" content=\"summary_large_image\" \/>\n<meta name=\"twitter:label1\" content=\"Scritto da\" \/>\n\t<meta name=\"twitter:data1\" content=\"admin\" \/>\n\t<meta name=\"twitter:label2\" content=\"Tempo di lettura stimato\" \/>\n\t<meta name=\"twitter:data2\" content=\"2 minuti\" \/>\n<script type=\"application\/ld+json\" class=\"yoast-schema-graph\">{\"@context\":\"https:\\\/\\\/schema.org\",\"@graph\":[{\"@type\":\"Article\",\"@id\":\"https:\\\/\\\/archiviocassano.lavocedelpaese.info\\\/index.php\\\/2009\\\/02\\\/12\\\/innovamento-e-cambiamento-non-parole-ma-fatti-a-margine-della-conferenza-della-barbanente\\\/#article\",\"isPartOf\":{\"@id\":\"https:\\\/\\\/archiviocassano.lavocedelpaese.info\\\/index.php\\\/2009\\\/02\\\/12\\\/innovamento-e-cambiamento-non-parole-ma-fatti-a-margine-della-conferenza-della-barbanente\\\/\"},\"author\":{\"name\":\"admin\",\"@id\":\"https:\\\/\\\/archiviocassano.lavocedelpaese.info\\\/#\\\/schema\\\/person\\\/df195bc79a9b4c35127cf005f92e041b\"},\"headline\":\"INNOVAMENTO E CAMBIAMENTO: NON PAROLE MA FATTI (A MARGINE DELLA CONFERENZA DELLA BARBANENTE)\",\"datePublished\":\"2009-02-12T13:28:40+00:00\",\"mainEntityOfPage\":{\"@id\":\"https:\\\/\\\/archiviocassano.lavocedelpaese.info\\\/index.php\\\/2009\\\/02\\\/12\\\/innovamento-e-cambiamento-non-parole-ma-fatti-a-margine-della-conferenza-della-barbanente\\\/\"},\"wordCount\":387,\"commentCount\":0,\"publisher\":{\"@id\":\"https:\\\/\\\/archiviocassano.lavocedelpaese.info\\\/#organization\"},\"articleSection\":[\"La voce del paese\"],\"inLanguage\":\"it-IT\",\"potentialAction\":[{\"@type\":\"CommentAction\",\"name\":\"Comment\",\"target\":[\"https:\\\/\\\/archiviocassano.lavocedelpaese.info\\\/index.php\\\/2009\\\/02\\\/12\\\/innovamento-e-cambiamento-non-parole-ma-fatti-a-margine-della-conferenza-della-barbanente\\\/#respond\"]}]},{\"@type\":\"WebPage\",\"@id\":\"https:\\\/\\\/archiviocassano.lavocedelpaese.info\\\/index.php\\\/2009\\\/02\\\/12\\\/innovamento-e-cambiamento-non-parole-ma-fatti-a-margine-della-conferenza-della-barbanente\\\/\",\"url\":\"https:\\\/\\\/archiviocassano.lavocedelpaese.info\\\/index.php\\\/2009\\\/02\\\/12\\\/innovamento-e-cambiamento-non-parole-ma-fatti-a-margine-della-conferenza-della-barbanente\\\/\",\"name\":\"INNOVAMENTO E CAMBIAMENTO: NON PAROLE MA FATTI (A MARGINE DELLA CONFERENZA DELLA BARBANENTE) - Archivio CassanoWeb\",\"isPartOf\":{\"@id\":\"https:\\\/\\\/archiviocassano.lavocedelpaese.info\\\/#website\"},\"datePublished\":\"2009-02-12T13:28:40+00:00\",\"breadcrumb\":{\"@id\":\"https:\\\/\\\/archiviocassano.lavocedelpaese.info\\\/index.php\\\/2009\\\/02\\\/12\\\/innovamento-e-cambiamento-non-parole-ma-fatti-a-margine-della-conferenza-della-barbanente\\\/#breadcrumb\"},\"inLanguage\":\"it-IT\",\"potentialAction\":[{\"@type\":\"ReadAction\",\"target\":[\"https:\\\/\\\/archiviocassano.lavocedelpaese.info\\\/index.php\\\/2009\\\/02\\\/12\\\/innovamento-e-cambiamento-non-parole-ma-fatti-a-margine-della-conferenza-della-barbanente\\\/\"]}]},{\"@type\":\"BreadcrumbList\",\"@id\":\"https:\\\/\\\/archiviocassano.lavocedelpaese.info\\\/index.php\\\/2009\\\/02\\\/12\\\/innovamento-e-cambiamento-non-parole-ma-fatti-a-margine-della-conferenza-della-barbanente\\\/#breadcrumb\",\"itemListElement\":[{\"@type\":\"ListItem\",\"position\":1,\"name\":\"Home\",\"item\":\"https:\\\/\\\/archiviocassano.lavocedelpaese.info\\\/\"},{\"@type\":\"ListItem\",\"position\":2,\"name\":\"INNOVAMENTO E CAMBIAMENTO: NON PAROLE MA FATTI (A MARGINE DELLA CONFERENZA DELLA BARBANENTE)\"}]},{\"@type\":\"WebSite\",\"@id\":\"https:\\\/\\\/archiviocassano.lavocedelpaese.info\\\/#website\",\"url\":\"https:\\\/\\\/archiviocassano.lavocedelpaese.info\\\/\",\"name\":\"Archivio CassanoWeb\",\"description\":\"La Voce del Paese - un network di idee\",\"publisher\":{\"@id\":\"https:\\\/\\\/archiviocassano.lavocedelpaese.info\\\/#organization\"},\"potentialAction\":[{\"@type\":\"SearchAction\",\"target\":{\"@type\":\"EntryPoint\",\"urlTemplate\":\"https:\\\/\\\/archiviocassano.lavocedelpaese.info\\\/?s={search_term_string}\"},\"query-input\":{\"@type\":\"PropertyValueSpecification\",\"valueRequired\":true,\"valueName\":\"search_term_string\"}}],\"inLanguage\":\"it-IT\"},{\"@type\":\"Organization\",\"@id\":\"https:\\\/\\\/archiviocassano.lavocedelpaese.info\\\/#organization\",\"name\":\"Archivio CassanoWeb\",\"url\":\"https:\\\/\\\/archiviocassano.lavocedelpaese.info\\\/\",\"logo\":{\"@type\":\"ImageObject\",\"inLanguage\":\"it-IT\",\"@id\":\"https:\\\/\\\/archiviocassano.lavocedelpaese.info\\\/#\\\/schema\\\/logo\\\/image\\\/\",\"url\":\"https:\\\/\\\/archiviocassano.lavocedelpaese.info\\\/wp-content\\\/uploads\\\/2024\\\/08\\\/logo-rosso-2.png\",\"contentUrl\":\"https:\\\/\\\/archiviocassano.lavocedelpaese.info\\\/wp-content\\\/uploads\\\/2024\\\/08\\\/logo-rosso-2.png\",\"width\":491,\"height\":432,\"caption\":\"Archivio CassanoWeb\"},\"image\":{\"@id\":\"https:\\\/\\\/archiviocassano.lavocedelpaese.info\\\/#\\\/schema\\\/logo\\\/image\\\/\"},\"sameAs\":[\"https:\\\/\\\/www.facebook.com\\\/redazione.cassanoweb\"]},{\"@type\":\"Person\",\"@id\":\"https:\\\/\\\/archiviocassano.lavocedelpaese.info\\\/#\\\/schema\\\/person\\\/df195bc79a9b4c35127cf005f92e041b\",\"name\":\"admin\",\"image\":{\"@type\":\"ImageObject\",\"inLanguage\":\"it-IT\",\"@id\":\"https:\\\/\\\/secure.gravatar.com\\\/avatar\\\/eabba89a432e8eaa1b0207cc55f7e5340b22712b1ed80677efcf63e02ff5b235?s=96&d=mm&r=g\",\"url\":\"https:\\\/\\\/secure.gravatar.com\\\/avatar\\\/eabba89a432e8eaa1b0207cc55f7e5340b22712b1ed80677efcf63e02ff5b235?s=96&d=mm&r=g\",\"contentUrl\":\"https:\\\/\\\/secure.gravatar.com\\\/avatar\\\/eabba89a432e8eaa1b0207cc55f7e5340b22712b1ed80677efcf63e02ff5b235?s=96&d=mm&r=g\",\"caption\":\"admin\"},\"sameAs\":[\"https:\\\/\\\/archiviocassano.lavocedelpaese.info\"],\"url\":\"https:\\\/\\\/archiviocassano.lavocedelpaese.info\\\/index.php\\\/author\\\/admin_0qgz1xdp\\\/\"}]}<\/script>\n<!-- \/ Yoast SEO plugin. -->","yoast_head_json":{"title":"INNOVAMENTO E CAMBIAMENTO: NON PAROLE MA FATTI (A MARGINE DELLA CONFERENZA DELLA BARBANENTE) - Archivio CassanoWeb","robots":{"index":"index","follow":"follow","max-snippet":"max-snippet:-1","max-image-preview":"max-image-preview:large","max-video-preview":"max-video-preview:-1"},"canonical":"https:\/\/archiviocassano.lavocedelpaese.info\/index.php\/2009\/02\/12\/innovamento-e-cambiamento-non-parole-ma-fatti-a-margine-della-conferenza-della-barbanente\/","og_locale":"it_IT","og_type":"article","og_title":"INNOVAMENTO E CAMBIAMENTO: NON PAROLE MA FATTI (A MARGINE DELLA CONFERENZA DELLA BARBANENTE) - Archivio CassanoWeb","og_url":"https:\/\/archiviocassano.lavocedelpaese.info\/index.php\/2009\/02\/12\/innovamento-e-cambiamento-non-parole-ma-fatti-a-margine-della-conferenza-della-barbanente\/","og_site_name":"Archivio CassanoWeb","article_publisher":"https:\/\/www.facebook.com\/redazione.cassanoweb","article_published_time":"2009-02-12T13:28:40+00:00","author":"admin","twitter_card":"summary_large_image","twitter_misc":{"Scritto da":"admin","Tempo di lettura stimato":"2 minuti"},"schema":{"@context":"https:\/\/schema.org","@graph":[{"@type":"Article","@id":"https:\/\/archiviocassano.lavocedelpaese.info\/index.php\/2009\/02\/12\/innovamento-e-cambiamento-non-parole-ma-fatti-a-margine-della-conferenza-della-barbanente\/#article","isPartOf":{"@id":"https:\/\/archiviocassano.lavocedelpaese.info\/index.php\/2009\/02\/12\/innovamento-e-cambiamento-non-parole-ma-fatti-a-margine-della-conferenza-della-barbanente\/"},"author":{"name":"admin","@id":"https:\/\/archiviocassano.lavocedelpaese.info\/#\/schema\/person\/df195bc79a9b4c35127cf005f92e041b"},"headline":"INNOVAMENTO E CAMBIAMENTO: NON PAROLE MA FATTI (A MARGINE DELLA CONFERENZA DELLA BARBANENTE)","datePublished":"2009-02-12T13:28:40+00:00","mainEntityOfPage":{"@id":"https:\/\/archiviocassano.lavocedelpaese.info\/index.php\/2009\/02\/12\/innovamento-e-cambiamento-non-parole-ma-fatti-a-margine-della-conferenza-della-barbanente\/"},"wordCount":387,"commentCount":0,"publisher":{"@id":"https:\/\/archiviocassano.lavocedelpaese.info\/#organization"},"articleSection":["La voce del paese"],"inLanguage":"it-IT","potentialAction":[{"@type":"CommentAction","name":"Comment","target":["https:\/\/archiviocassano.lavocedelpaese.info\/index.php\/2009\/02\/12\/innovamento-e-cambiamento-non-parole-ma-fatti-a-margine-della-conferenza-della-barbanente\/#respond"]}]},{"@type":"WebPage","@id":"https:\/\/archiviocassano.lavocedelpaese.info\/index.php\/2009\/02\/12\/innovamento-e-cambiamento-non-parole-ma-fatti-a-margine-della-conferenza-della-barbanente\/","url":"https:\/\/archiviocassano.lavocedelpaese.info\/index.php\/2009\/02\/12\/innovamento-e-cambiamento-non-parole-ma-fatti-a-margine-della-conferenza-della-barbanente\/","name":"INNOVAMENTO E CAMBIAMENTO: NON PAROLE MA FATTI (A MARGINE DELLA CONFERENZA DELLA BARBANENTE) - Archivio CassanoWeb","isPartOf":{"@id":"https:\/\/archiviocassano.lavocedelpaese.info\/#website"},"datePublished":"2009-02-12T13:28:40+00:00","breadcrumb":{"@id":"https:\/\/archiviocassano.lavocedelpaese.info\/index.php\/2009\/02\/12\/innovamento-e-cambiamento-non-parole-ma-fatti-a-margine-della-conferenza-della-barbanente\/#breadcrumb"},"inLanguage":"it-IT","potentialAction":[{"@type":"ReadAction","target":["https:\/\/archiviocassano.lavocedelpaese.info\/index.php\/2009\/02\/12\/innovamento-e-cambiamento-non-parole-ma-fatti-a-margine-della-conferenza-della-barbanente\/"]}]},{"@type":"BreadcrumbList","@id":"https:\/\/archiviocassano.lavocedelpaese.info\/index.php\/2009\/02\/12\/innovamento-e-cambiamento-non-parole-ma-fatti-a-margine-della-conferenza-della-barbanente\/#breadcrumb","itemListElement":[{"@type":"ListItem","position":1,"name":"Home","item":"https:\/\/archiviocassano.lavocedelpaese.info\/"},{"@type":"ListItem","position":2,"name":"INNOVAMENTO E CAMBIAMENTO: NON PAROLE MA FATTI (A MARGINE DELLA CONFERENZA DELLA BARBANENTE)"}]},{"@type":"WebSite","@id":"https:\/\/archiviocassano.lavocedelpaese.info\/#website","url":"https:\/\/archiviocassano.lavocedelpaese.info\/","name":"Archivio CassanoWeb","description":"La Voce del Paese - un network di idee","publisher":{"@id":"https:\/\/archiviocassano.lavocedelpaese.info\/#organization"},"potentialAction":[{"@type":"SearchAction","target":{"@type":"EntryPoint","urlTemplate":"https:\/\/archiviocassano.lavocedelpaese.info\/?s={search_term_string}"},"query-input":{"@type":"PropertyValueSpecification","valueRequired":true,"valueName":"search_term_string"}}],"inLanguage":"it-IT"},{"@type":"Organization","@id":"https:\/\/archiviocassano.lavocedelpaese.info\/#organization","name":"Archivio CassanoWeb","url":"https:\/\/archiviocassano.lavocedelpaese.info\/","logo":{"@type":"ImageObject","inLanguage":"it-IT","@id":"https:\/\/archiviocassano.lavocedelpaese.info\/#\/schema\/logo\/image\/","url":"https:\/\/archiviocassano.lavocedelpaese.info\/wp-content\/uploads\/2024\/08\/logo-rosso-2.png","contentUrl":"https:\/\/archiviocassano.lavocedelpaese.info\/wp-content\/uploads\/2024\/08\/logo-rosso-2.png","width":491,"height":432,"caption":"Archivio CassanoWeb"},"image":{"@id":"https:\/\/archiviocassano.lavocedelpaese.info\/#\/schema\/logo\/image\/"},"sameAs":["https:\/\/www.facebook.com\/redazione.cassanoweb"]},{"@type":"Person","@id":"https:\/\/archiviocassano.lavocedelpaese.info\/#\/schema\/person\/df195bc79a9b4c35127cf005f92e041b","name":"admin","image":{"@type":"ImageObject","inLanguage":"it-IT","@id":"https:\/\/secure.gravatar.com\/avatar\/eabba89a432e8eaa1b0207cc55f7e5340b22712b1ed80677efcf63e02ff5b235?s=96&d=mm&r=g","url":"https:\/\/secure.gravatar.com\/avatar\/eabba89a432e8eaa1b0207cc55f7e5340b22712b1ed80677efcf63e02ff5b235?s=96&d=mm&r=g","contentUrl":"https:\/\/secure.gravatar.com\/avatar\/eabba89a432e8eaa1b0207cc55f7e5340b22712b1ed80677efcf63e02ff5b235?s=96&d=mm&r=g","caption":"admin"},"sameAs":["https:\/\/archiviocassano.lavocedelpaese.info"],"url":"https:\/\/archiviocassano.lavocedelpaese.info\/index.php\/author\/admin_0qgz1xdp\/"}]}},"_links":{"self":[{"href":"https:\/\/archiviocassano.lavocedelpaese.info\/index.php\/wp-json\/wp\/v2\/posts\/2656","targetHints":{"allow":["GET"]}}],"collection":[{"href":"https:\/\/archiviocassano.lavocedelpaese.info\/index.php\/wp-json\/wp\/v2\/posts"}],"about":[{"href":"https:\/\/archiviocassano.lavocedelpaese.info\/index.php\/wp-json\/wp\/v2\/types\/post"}],"author":[{"embeddable":true,"href":"https:\/\/archiviocassano.lavocedelpaese.info\/index.php\/wp-json\/wp\/v2\/users\/1"}],"replies":[{"embeddable":true,"href":"https:\/\/archiviocassano.lavocedelpaese.info\/index.php\/wp-json\/wp\/v2\/comments?post=2656"}],"version-history":[{"count":0,"href":"https:\/\/archiviocassano.lavocedelpaese.info\/index.php\/wp-json\/wp\/v2\/posts\/2656\/revisions"}],"wp:attachment":[{"href":"https:\/\/archiviocassano.lavocedelpaese.info\/index.php\/wp-json\/wp\/v2\/media?parent=2656"}],"wp:term":[{"taxonomy":"category","embeddable":true,"href":"https:\/\/archiviocassano.lavocedelpaese.info\/index.php\/wp-json\/wp\/v2\/categories?post=2656"},{"taxonomy":"post_tag","embeddable":true,"href":"https:\/\/archiviocassano.lavocedelpaese.info\/index.php\/wp-json\/wp\/v2\/tags?post=2656"}],"curies":[{"name":"wp","href":"https:\/\/api.w.org\/{rel}","templated":true}]}}