{"id":2657,"date":"2009-02-12T23:33:05","date_gmt":"2009-02-12T23:33:05","guid":{"rendered":"https:\/\/archiviocassano.lavocedelpaese.info\/index.php\/2009\/02\/12\/oggi-il-presidente-del-consiglio-reginale-pepe-agli-incontri-de-qil-faroq\/"},"modified":"2009-02-12T23:33:05","modified_gmt":"2009-02-12T23:33:05","slug":"oggi-il-presidente-del-consiglio-reginale-pepe-agli-incontri-de-qil-faroq","status":"publish","type":"post","link":"https:\/\/archiviocassano.lavocedelpaese.info\/index.php\/2009\/02\/12\/oggi-il-presidente-del-consiglio-reginale-pepe-agli-incontri-de-qil-faroq\/","title":{"rendered":"OGGI IL PRESIDENTE DEL CONSIGLIO REGINALE, PEPE AGLI INCONTRI DE &#8220;IL FARO&#8221;"},"content":{"rendered":"<p><img loading=\"lazy\" decoding=\"async\" width=\"100\" src=\"images\/stories\/pepe.jpg\" alt=\"pepe.jpg\" height=\"164\" style=\"float: left; margin: 5px; width: 100px; height: 164px\" title=\"pepe.jpg\" \/> <\/p>\n<p><!--more--><br \/>\n<meta name=\"ProgId\" content=\"Word.Document\" \/><br \/>\n<meta name=\"Generator\" content=\"Microsoft Word 10\" \/><br \/>\n<meta name=\"Originator\" content=\"Microsoft Word 10\" \/>\n<link rel=\"File-List\" href=\"file:\/\/\/C:%5CDOCUME%7E1%5CATIPIC%7E1%5CIMPOST%7E1%5CTemp%5Cmsohtml1%5C01%5Cclip_filelist.xml\" \/>\n<style>\n@font-face {\nfont-family: Verdana;\n}\n@page Section1 {size: 612.0pt 792.0pt; margin: 70.85pt 2.0cm 2.0cm 2.0cm; mso-header-margin: 36.0pt; mso-footer-margin: 36.0pt; mso-paper-source: 0; }\nP.MsoNormal {\nFONT-SIZE: 12pt; MARGIN: 0cm 0cm 0pt; FONT-FAMILY: \"Times New Roman\"; mso-style-parent: \"\"; mso-pagination: widow-orphan; mso-fareast-font-family: \"Times New Roman\"\n}\nLI.MsoNormal {\nFONT-SIZE: 12pt; MARGIN: 0cm 0cm 0pt; FONT-FAMILY: \"Times New Roman\"; mso-style-parent: \"\"; mso-pagination: widow-orphan; mso-fareast-font-family: \"Times New Roman\"\n}\nDIV.MsoNormal {\nFONT-SIZE: 12pt; MARGIN: 0cm 0cm 0pt; FONT-FAMILY: \"Times New Roman\"; mso-style-parent: \"\"; mso-pagination: widow-orphan; mso-fareast-font-family: \"Times New Roman\"\n}\nP {\nFONT-SIZE: 12pt; MARGIN-LEFT: 0cm; MARGIN-RIGHT: 0cm; FONT-FAMILY: \"Times New Roman\"; mso-pagination: widow-orphan; mso-fareast-font-family: \"Times New Roman\"; mso-margin-top-alt: auto; mso-margin-bottom-alt: auto\n}\nDIV.Section1 {\npage: Section1\n}<\/style>\n<p><span style=\"font-size: 10pt; color: #333333; font-family: Verdana\"><b>\u201cLa Regione nella modifica del Titolo V della Costituzione\u201d <\/b>\u00e8 il tema del terzo appuntamento con gli incontri socio-politici organizzati dall\u2019Associazione culturale \u201cIl faro\u201d, in programma <b>oggi 13 febbraio alle ore 18.00<\/b> presso il Liceo Scientifico \u201cL. Da Vinci\u201d di Cassano.<u1:p><\/u1:p><u1:p>\u00a0<\/u1:p><\/span><u1:p><\/u1:p>\u00a0 <o:p><\/o:p><o:p><\/o:p><span style=\"font-size: 10pt; color: #333333; font-family: Verdana\"><u1:p><\/u1:p>Interverr\u00e0 <b>Pietro Pepe, Presidente del Consiglio della Regione Puglia<\/b>, introdotto dal presidente de \u201cIl faro\u201d Pasquale Di Canosa.<u1:p><\/u1:p><u1:p>\u00a0<\/u1:p>Dopo il dibattito e le domande dei presenti, le conclusioni saranno a cura del consigliere regionale Ignazio Zullo.\u00a0<u1:p><\/u1:p><u1:p>\u00a0<\/u1:p><\/span><u1:p><\/u1:p>\u00a0 <o:p><\/o:p><o:p><\/o:p><span style=\"font-size: 10pt; color: #000000; font-family: Verdana\"><u1:p><\/u1:p>L\u2019iniziativa vuole essere l\u2019occasione per avvicinarsi a realt\u00e0 spesso distanti e poco coinvolgenti ma che pure hanno una notevole incidenza nella nostra vita di tutti i giorni.<u1:p><\/u1:p><u1:p>\u00a0<\/u1:p><\/span><u1:p><\/u1:p>\u00a0 <o:p><\/o:p><o:p><\/o:p><span style=\"font-size: 10pt; color: #000000; font-family: Verdana\"><u1:p><\/u1:p>In merito agli incontri, il Presidente Di Canosa attraverso le pagine di CassanoWeb desidera precisare che la partecipazione \u00e8 aperta a chiunque e di qualunque et\u00e0 mentre chi volesse fotografare o riprendere immagini con videocamera o altro, \u00e8 pregato di chiedere la preventiva autorizzazione allo stesso Di Canosa, onde evitare spiacevoli episodi di mancato rispetto della privacy. \u00a0Senza autorizzazione, dunque, non sar\u00e0 consentito effettuare foto o riprese audio-video nel corso dell\u2019incontro.<\/span> <\/p>\n<p style=\"text-align: justify\" class=\"MsoNormal\">\n&nbsp;\n<\/p>\n<p style=\"text-align: justify\" class=\"MsoNormal\">\n<meta name=\"ProgId\" content=\"Word.Document\" \/><br \/>\n<meta name=\"Generator\" content=\"Microsoft Word 10\" \/><br \/>\n<meta name=\"Originator\" content=\"Microsoft Word 10\" \/>\n<link rel=\"File-List\" href=\"file:\/\/\/C:%5CDOCUME%7E1%5CATIPIC%7E1%5CIMPOST%7E1%5CTemp%5Cmsohtml1%5C01%5Cclip_filelist.xml\" \/>\n<style>\n@font-face {\nfont-family: Verdana;\n}\n@page Section1 {size: 595.3pt 841.9pt; margin: 70.85pt 2.0cm 2.0cm 2.0cm; mso-header-margin: 35.4pt; mso-footer-margin: 35.4pt; mso-paper-source: 0; }\nP.MsoNormal {\nFONT-SIZE: 12pt; MARGIN: 0cm 0cm 0pt; FONT-FAMILY: \"Times New Roman\"; mso-style-parent: \"\"; mso-pagination: widow-orphan; mso-fareast-font-family: \"Times New Roman\"\n}\nLI.MsoNormal {\nFONT-SIZE: 12pt; MARGIN: 0cm 0cm 0pt; FONT-FAMILY: \"Times New Roman\"; mso-style-parent: \"\"; mso-pagination: widow-orphan; mso-fareast-font-family: \"Times New Roman\"\n}\nDIV.MsoNormal {\nFONT-SIZE: 12pt; MARGIN: 0cm 0cm 0pt; FONT-FAMILY: \"Times New Roman\"; mso-style-parent: \"\"; mso-pagination: widow-orphan; mso-fareast-font-family: \"Times New Roman\"\n}\nDIV.Section1 {\npage: Section1\n}<\/style>\n<\/p>\n<p class=\"MsoNormal\">\n<span style=\"font-size: 10pt; color: #000000; font-family: Verdana\">Per il calendario completo degli incontri, <u><b><span style=\"color: #ff0000\"><a target=\"_blank\" href=\"index.php\/POLITICA-%E2%80%9CIL-FARO%E2%80%9D-ORGANIZZA-UNA-SERIE-DI-INCONTRI-DI-FORMAZIONE.html\" rel=\"noopener\">clicca qui.<\/a><\/span><\/b><\/u> <\/span>\n<\/p>\n<p><span style=\"font-size: 10pt; color: #000000; font-family: Verdana\"><u1:p><\/u1:p><\/span><u1:p><\/u1:p>\u00a0 <o:p><\/o:p><\/p>\n<p>\n&nbsp;\n<\/p>\n<p><o:p><\/o:p><u1:p><\/u1:p><\/p>\n","protected":false},"excerpt":{"rendered":"","protected":false},"author":1,"featured_media":0,"comment_status":"open","ping_status":"closed","sticky":false,"template":"","format":"standard","meta":{"colormag_page_container_layout":"default_layout","colormag_page_sidebar_layout":"default_layout","footnotes":""},"categories":[6],"tags":[],"class_list":["post-2657","post","type-post","status-publish","format-standard","hentry","category-cultura"],"yoast_head":"<!-- This site is optimized with the Yoast SEO plugin v27.5 - https:\/\/yoast.com\/product\/yoast-seo-wordpress\/ -->\n<title>OGGI IL PRESIDENTE DEL CONSIGLIO REGINALE, PEPE AGLI INCONTRI DE &quot;IL FARO&quot; - Archivio CassanoWeb<\/title>\n<meta name=\"robots\" content=\"index, follow, max-snippet:-1, max-image-preview:large, max-video-preview:-1\" \/>\n<link rel=\"canonical\" href=\"https:\/\/archiviocassano.lavocedelpaese.info\/index.php\/2009\/02\/12\/oggi-il-presidente-del-consiglio-reginale-pepe-agli-incontri-de-qil-faroq\/\" \/>\n<meta property=\"og:locale\" content=\"it_IT\" \/>\n<meta property=\"og:type\" content=\"article\" \/>\n<meta property=\"og:title\" content=\"OGGI IL PRESIDENTE DEL CONSIGLIO REGINALE, PEPE AGLI INCONTRI DE &quot;IL FARO&quot; - Archivio CassanoWeb\" \/>\n<meta property=\"og:url\" content=\"https:\/\/archiviocassano.lavocedelpaese.info\/index.php\/2009\/02\/12\/oggi-il-presidente-del-consiglio-reginale-pepe-agli-incontri-de-qil-faroq\/\" \/>\n<meta property=\"og:site_name\" content=\"Archivio CassanoWeb\" \/>\n<meta property=\"article:publisher\" content=\"https:\/\/www.facebook.com\/redazione.cassanoweb\" \/>\n<meta property=\"article:published_time\" content=\"2009-02-12T23:33:05+00:00\" \/>\n<meta name=\"author\" content=\"admin\" \/>\n<meta name=\"twitter:card\" content=\"summary_large_image\" \/>\n<meta name=\"twitter:label1\" content=\"Scritto da\" \/>\n\t<meta name=\"twitter:data1\" content=\"admin\" \/>\n\t<meta name=\"twitter:label2\" content=\"Tempo di lettura stimato\" \/>\n\t<meta name=\"twitter:data2\" content=\"1 minuto\" \/>\n<script type=\"application\/ld+json\" class=\"yoast-schema-graph\">{\"@context\":\"https:\\\/\\\/schema.org\",\"@graph\":[{\"@type\":\"Article\",\"@id\":\"https:\\\/\\\/archiviocassano.lavocedelpaese.info\\\/index.php\\\/2009\\\/02\\\/12\\\/oggi-il-presidente-del-consiglio-reginale-pepe-agli-incontri-de-qil-faroq\\\/#article\",\"isPartOf\":{\"@id\":\"https:\\\/\\\/archiviocassano.lavocedelpaese.info\\\/index.php\\\/2009\\\/02\\\/12\\\/oggi-il-presidente-del-consiglio-reginale-pepe-agli-incontri-de-qil-faroq\\\/\"},\"author\":{\"name\":\"admin\",\"@id\":\"https:\\\/\\\/archiviocassano.lavocedelpaese.info\\\/#\\\/schema\\\/person\\\/df195bc79a9b4c35127cf005f92e041b\"},\"headline\":\"OGGI IL PRESIDENTE DEL CONSIGLIO REGINALE, PEPE AGLI INCONTRI DE &#8220;IL FARO&#8221;\",\"datePublished\":\"2009-02-12T23:33:05+00:00\",\"mainEntityOfPage\":{\"@id\":\"https:\\\/\\\/archiviocassano.lavocedelpaese.info\\\/index.php\\\/2009\\\/02\\\/12\\\/oggi-il-presidente-del-consiglio-reginale-pepe-agli-incontri-de-qil-faroq\\\/\"},\"wordCount\":196,\"commentCount\":0,\"publisher\":{\"@id\":\"https:\\\/\\\/archiviocassano.lavocedelpaese.info\\\/#organization\"},\"articleSection\":[\"Cultura\"],\"inLanguage\":\"it-IT\",\"potentialAction\":[{\"@type\":\"CommentAction\",\"name\":\"Comment\",\"target\":[\"https:\\\/\\\/archiviocassano.lavocedelpaese.info\\\/index.php\\\/2009\\\/02\\\/12\\\/oggi-il-presidente-del-consiglio-reginale-pepe-agli-incontri-de-qil-faroq\\\/#respond\"]}]},{\"@type\":\"WebPage\",\"@id\":\"https:\\\/\\\/archiviocassano.lavocedelpaese.info\\\/index.php\\\/2009\\\/02\\\/12\\\/oggi-il-presidente-del-consiglio-reginale-pepe-agli-incontri-de-qil-faroq\\\/\",\"url\":\"https:\\\/\\\/archiviocassano.lavocedelpaese.info\\\/index.php\\\/2009\\\/02\\\/12\\\/oggi-il-presidente-del-consiglio-reginale-pepe-agli-incontri-de-qil-faroq\\\/\",\"name\":\"OGGI IL PRESIDENTE DEL CONSIGLIO REGINALE, PEPE AGLI INCONTRI DE \\\"IL FARO\\\" - Archivio CassanoWeb\",\"isPartOf\":{\"@id\":\"https:\\\/\\\/archiviocassano.lavocedelpaese.info\\\/#website\"},\"datePublished\":\"2009-02-12T23:33:05+00:00\",\"breadcrumb\":{\"@id\":\"https:\\\/\\\/archiviocassano.lavocedelpaese.info\\\/index.php\\\/2009\\\/02\\\/12\\\/oggi-il-presidente-del-consiglio-reginale-pepe-agli-incontri-de-qil-faroq\\\/#breadcrumb\"},\"inLanguage\":\"it-IT\",\"potentialAction\":[{\"@type\":\"ReadAction\",\"target\":[\"https:\\\/\\\/archiviocassano.lavocedelpaese.info\\\/index.php\\\/2009\\\/02\\\/12\\\/oggi-il-presidente-del-consiglio-reginale-pepe-agli-incontri-de-qil-faroq\\\/\"]}]},{\"@type\":\"BreadcrumbList\",\"@id\":\"https:\\\/\\\/archiviocassano.lavocedelpaese.info\\\/index.php\\\/2009\\\/02\\\/12\\\/oggi-il-presidente-del-consiglio-reginale-pepe-agli-incontri-de-qil-faroq\\\/#breadcrumb\",\"itemListElement\":[{\"@type\":\"ListItem\",\"position\":1,\"name\":\"Home\",\"item\":\"https:\\\/\\\/archiviocassano.lavocedelpaese.info\\\/\"},{\"@type\":\"ListItem\",\"position\":2,\"name\":\"OGGI IL PRESIDENTE DEL CONSIGLIO REGINALE, PEPE AGLI INCONTRI DE &#8220;IL FARO&#8221;\"}]},{\"@type\":\"WebSite\",\"@id\":\"https:\\\/\\\/archiviocassano.lavocedelpaese.info\\\/#website\",\"url\":\"https:\\\/\\\/archiviocassano.lavocedelpaese.info\\\/\",\"name\":\"Archivio CassanoWeb\",\"description\":\"La Voce del Paese - un network di idee\",\"publisher\":{\"@id\":\"https:\\\/\\\/archiviocassano.lavocedelpaese.info\\\/#organization\"},\"potentialAction\":[{\"@type\":\"SearchAction\",\"target\":{\"@type\":\"EntryPoint\",\"urlTemplate\":\"https:\\\/\\\/archiviocassano.lavocedelpaese.info\\\/?s={search_term_string}\"},\"query-input\":{\"@type\":\"PropertyValueSpecification\",\"valueRequired\":true,\"valueName\":\"search_term_string\"}}],\"inLanguage\":\"it-IT\"},{\"@type\":\"Organization\",\"@id\":\"https:\\\/\\\/archiviocassano.lavocedelpaese.info\\\/#organization\",\"name\":\"Archivio CassanoWeb\",\"url\":\"https:\\\/\\\/archiviocassano.lavocedelpaese.info\\\/\",\"logo\":{\"@type\":\"ImageObject\",\"inLanguage\":\"it-IT\",\"@id\":\"https:\\\/\\\/archiviocassano.lavocedelpaese.info\\\/#\\\/schema\\\/logo\\\/image\\\/\",\"url\":\"https:\\\/\\\/archiviocassano.lavocedelpaese.info\\\/wp-content\\\/uploads\\\/2024\\\/08\\\/logo-rosso-2.png\",\"contentUrl\":\"https:\\\/\\\/archiviocassano.lavocedelpaese.info\\\/wp-content\\\/uploads\\\/2024\\\/08\\\/logo-rosso-2.png\",\"width\":491,\"height\":432,\"caption\":\"Archivio CassanoWeb\"},\"image\":{\"@id\":\"https:\\\/\\\/archiviocassano.lavocedelpaese.info\\\/#\\\/schema\\\/logo\\\/image\\\/\"},\"sameAs\":[\"https:\\\/\\\/www.facebook.com\\\/redazione.cassanoweb\"]},{\"@type\":\"Person\",\"@id\":\"https:\\\/\\\/archiviocassano.lavocedelpaese.info\\\/#\\\/schema\\\/person\\\/df195bc79a9b4c35127cf005f92e041b\",\"name\":\"admin\",\"image\":{\"@type\":\"ImageObject\",\"inLanguage\":\"it-IT\",\"@id\":\"https:\\\/\\\/secure.gravatar.com\\\/avatar\\\/eabba89a432e8eaa1b0207cc55f7e5340b22712b1ed80677efcf63e02ff5b235?s=96&d=mm&r=g\",\"url\":\"https:\\\/\\\/secure.gravatar.com\\\/avatar\\\/eabba89a432e8eaa1b0207cc55f7e5340b22712b1ed80677efcf63e02ff5b235?s=96&d=mm&r=g\",\"contentUrl\":\"https:\\\/\\\/secure.gravatar.com\\\/avatar\\\/eabba89a432e8eaa1b0207cc55f7e5340b22712b1ed80677efcf63e02ff5b235?s=96&d=mm&r=g\",\"caption\":\"admin\"},\"sameAs\":[\"https:\\\/\\\/archiviocassano.lavocedelpaese.info\"],\"url\":\"https:\\\/\\\/archiviocassano.lavocedelpaese.info\\\/index.php\\\/author\\\/admin_0qgz1xdp\\\/\"}]}<\/script>\n<!-- \/ Yoast SEO plugin. -->","yoast_head_json":{"title":"OGGI IL PRESIDENTE DEL CONSIGLIO REGINALE, PEPE AGLI INCONTRI DE \"IL FARO\" - Archivio CassanoWeb","robots":{"index":"index","follow":"follow","max-snippet":"max-snippet:-1","max-image-preview":"max-image-preview:large","max-video-preview":"max-video-preview:-1"},"canonical":"https:\/\/archiviocassano.lavocedelpaese.info\/index.php\/2009\/02\/12\/oggi-il-presidente-del-consiglio-reginale-pepe-agli-incontri-de-qil-faroq\/","og_locale":"it_IT","og_type":"article","og_title":"OGGI IL PRESIDENTE DEL CONSIGLIO REGINALE, PEPE AGLI INCONTRI DE \"IL FARO\" - Archivio CassanoWeb","og_url":"https:\/\/archiviocassano.lavocedelpaese.info\/index.php\/2009\/02\/12\/oggi-il-presidente-del-consiglio-reginale-pepe-agli-incontri-de-qil-faroq\/","og_site_name":"Archivio CassanoWeb","article_publisher":"https:\/\/www.facebook.com\/redazione.cassanoweb","article_published_time":"2009-02-12T23:33:05+00:00","author":"admin","twitter_card":"summary_large_image","twitter_misc":{"Scritto da":"admin","Tempo di lettura stimato":"1 minuto"},"schema":{"@context":"https:\/\/schema.org","@graph":[{"@type":"Article","@id":"https:\/\/archiviocassano.lavocedelpaese.info\/index.php\/2009\/02\/12\/oggi-il-presidente-del-consiglio-reginale-pepe-agli-incontri-de-qil-faroq\/#article","isPartOf":{"@id":"https:\/\/archiviocassano.lavocedelpaese.info\/index.php\/2009\/02\/12\/oggi-il-presidente-del-consiglio-reginale-pepe-agli-incontri-de-qil-faroq\/"},"author":{"name":"admin","@id":"https:\/\/archiviocassano.lavocedelpaese.info\/#\/schema\/person\/df195bc79a9b4c35127cf005f92e041b"},"headline":"OGGI IL PRESIDENTE DEL CONSIGLIO REGINALE, PEPE AGLI INCONTRI DE &#8220;IL FARO&#8221;","datePublished":"2009-02-12T23:33:05+00:00","mainEntityOfPage":{"@id":"https:\/\/archiviocassano.lavocedelpaese.info\/index.php\/2009\/02\/12\/oggi-il-presidente-del-consiglio-reginale-pepe-agli-incontri-de-qil-faroq\/"},"wordCount":196,"commentCount":0,"publisher":{"@id":"https:\/\/archiviocassano.lavocedelpaese.info\/#organization"},"articleSection":["Cultura"],"inLanguage":"it-IT","potentialAction":[{"@type":"CommentAction","name":"Comment","target":["https:\/\/archiviocassano.lavocedelpaese.info\/index.php\/2009\/02\/12\/oggi-il-presidente-del-consiglio-reginale-pepe-agli-incontri-de-qil-faroq\/#respond"]}]},{"@type":"WebPage","@id":"https:\/\/archiviocassano.lavocedelpaese.info\/index.php\/2009\/02\/12\/oggi-il-presidente-del-consiglio-reginale-pepe-agli-incontri-de-qil-faroq\/","url":"https:\/\/archiviocassano.lavocedelpaese.info\/index.php\/2009\/02\/12\/oggi-il-presidente-del-consiglio-reginale-pepe-agli-incontri-de-qil-faroq\/","name":"OGGI IL PRESIDENTE DEL CONSIGLIO REGINALE, PEPE AGLI INCONTRI DE \"IL FARO\" - Archivio CassanoWeb","isPartOf":{"@id":"https:\/\/archiviocassano.lavocedelpaese.info\/#website"},"datePublished":"2009-02-12T23:33:05+00:00","breadcrumb":{"@id":"https:\/\/archiviocassano.lavocedelpaese.info\/index.php\/2009\/02\/12\/oggi-il-presidente-del-consiglio-reginale-pepe-agli-incontri-de-qil-faroq\/#breadcrumb"},"inLanguage":"it-IT","potentialAction":[{"@type":"ReadAction","target":["https:\/\/archiviocassano.lavocedelpaese.info\/index.php\/2009\/02\/12\/oggi-il-presidente-del-consiglio-reginale-pepe-agli-incontri-de-qil-faroq\/"]}]},{"@type":"BreadcrumbList","@id":"https:\/\/archiviocassano.lavocedelpaese.info\/index.php\/2009\/02\/12\/oggi-il-presidente-del-consiglio-reginale-pepe-agli-incontri-de-qil-faroq\/#breadcrumb","itemListElement":[{"@type":"ListItem","position":1,"name":"Home","item":"https:\/\/archiviocassano.lavocedelpaese.info\/"},{"@type":"ListItem","position":2,"name":"OGGI IL PRESIDENTE DEL CONSIGLIO REGINALE, PEPE AGLI INCONTRI DE &#8220;IL FARO&#8221;"}]},{"@type":"WebSite","@id":"https:\/\/archiviocassano.lavocedelpaese.info\/#website","url":"https:\/\/archiviocassano.lavocedelpaese.info\/","name":"Archivio CassanoWeb","description":"La Voce del Paese - un network di idee","publisher":{"@id":"https:\/\/archiviocassano.lavocedelpaese.info\/#organization"},"potentialAction":[{"@type":"SearchAction","target":{"@type":"EntryPoint","urlTemplate":"https:\/\/archiviocassano.lavocedelpaese.info\/?s={search_term_string}"},"query-input":{"@type":"PropertyValueSpecification","valueRequired":true,"valueName":"search_term_string"}}],"inLanguage":"it-IT"},{"@type":"Organization","@id":"https:\/\/archiviocassano.lavocedelpaese.info\/#organization","name":"Archivio CassanoWeb","url":"https:\/\/archiviocassano.lavocedelpaese.info\/","logo":{"@type":"ImageObject","inLanguage":"it-IT","@id":"https:\/\/archiviocassano.lavocedelpaese.info\/#\/schema\/logo\/image\/","url":"https:\/\/archiviocassano.lavocedelpaese.info\/wp-content\/uploads\/2024\/08\/logo-rosso-2.png","contentUrl":"https:\/\/archiviocassano.lavocedelpaese.info\/wp-content\/uploads\/2024\/08\/logo-rosso-2.png","width":491,"height":432,"caption":"Archivio CassanoWeb"},"image":{"@id":"https:\/\/archiviocassano.lavocedelpaese.info\/#\/schema\/logo\/image\/"},"sameAs":["https:\/\/www.facebook.com\/redazione.cassanoweb"]},{"@type":"Person","@id":"https:\/\/archiviocassano.lavocedelpaese.info\/#\/schema\/person\/df195bc79a9b4c35127cf005f92e041b","name":"admin","image":{"@type":"ImageObject","inLanguage":"it-IT","@id":"https:\/\/secure.gravatar.com\/avatar\/eabba89a432e8eaa1b0207cc55f7e5340b22712b1ed80677efcf63e02ff5b235?s=96&d=mm&r=g","url":"https:\/\/secure.gravatar.com\/avatar\/eabba89a432e8eaa1b0207cc55f7e5340b22712b1ed80677efcf63e02ff5b235?s=96&d=mm&r=g","contentUrl":"https:\/\/secure.gravatar.com\/avatar\/eabba89a432e8eaa1b0207cc55f7e5340b22712b1ed80677efcf63e02ff5b235?s=96&d=mm&r=g","caption":"admin"},"sameAs":["https:\/\/archiviocassano.lavocedelpaese.info"],"url":"https:\/\/archiviocassano.lavocedelpaese.info\/index.php\/author\/admin_0qgz1xdp\/"}]}},"_links":{"self":[{"href":"https:\/\/archiviocassano.lavocedelpaese.info\/index.php\/wp-json\/wp\/v2\/posts\/2657","targetHints":{"allow":["GET"]}}],"collection":[{"href":"https:\/\/archiviocassano.lavocedelpaese.info\/index.php\/wp-json\/wp\/v2\/posts"}],"about":[{"href":"https:\/\/archiviocassano.lavocedelpaese.info\/index.php\/wp-json\/wp\/v2\/types\/post"}],"author":[{"embeddable":true,"href":"https:\/\/archiviocassano.lavocedelpaese.info\/index.php\/wp-json\/wp\/v2\/users\/1"}],"replies":[{"embeddable":true,"href":"https:\/\/archiviocassano.lavocedelpaese.info\/index.php\/wp-json\/wp\/v2\/comments?post=2657"}],"version-history":[{"count":0,"href":"https:\/\/archiviocassano.lavocedelpaese.info\/index.php\/wp-json\/wp\/v2\/posts\/2657\/revisions"}],"wp:attachment":[{"href":"https:\/\/archiviocassano.lavocedelpaese.info\/index.php\/wp-json\/wp\/v2\/media?parent=2657"}],"wp:term":[{"taxonomy":"category","embeddable":true,"href":"https:\/\/archiviocassano.lavocedelpaese.info\/index.php\/wp-json\/wp\/v2\/categories?post=2657"},{"taxonomy":"post_tag","embeddable":true,"href":"https:\/\/archiviocassano.lavocedelpaese.info\/index.php\/wp-json\/wp\/v2\/tags?post=2657"}],"curies":[{"name":"wp","href":"https:\/\/api.w.org\/{rel}","templated":true}]}}