{"id":267,"date":"2009-09-15T21:03:44","date_gmt":"2009-09-15T21:03:44","guid":{"rendered":"https:\/\/archiviocassano.lavocedelpaese.info\/index.php\/2009\/09\/15\/festa-del-crocifisso-occasione-persa\/"},"modified":"2009-09-15T21:03:44","modified_gmt":"2009-09-15T21:03:44","slug":"festa-del-crocifisso-occasione-persa","status":"publish","type":"post","link":"https:\/\/archiviocassano.lavocedelpaese.info\/index.php\/2009\/09\/15\/festa-del-crocifisso-occasione-persa\/","title":{"rendered":"FESTA DEL CROCIFISSO: OCCASIONE PERSA"},"content":{"rendered":"<p><img loading=\"lazy\" decoding=\"async\" height=\"156\" width=\"320\" src=\"images\/stories\/archiviofoto\/crocifisso_1.jpg\" alt=\"crocifisso_1\" \/><\/p>\n<p><!--more--><\/p>\n<p><\/p>\n<p>La Festa dell\u2019Esaltazione della Croce si \u00e8 conclusa ieri sera con la Processione per le vie del paese. Dinanzi a tutti il Cavallo il cui proprietario, Francesco Scarimbolo, si \u00e8 aggiudicato (per 400 euro) l\u2019Asta della Bandiera (nella foto di Giuseppe Ferrante il momento della chiusura della contrattazione).<\/p>\n<p>I soldi, ha promesso il Priore della Confraternita del Crocifisso, Saverio Giustino, andranno in beneficenza: sar\u00e0 rivelato successivamente a chi o per quale causa.<\/p>\n<p>Per il resto, l\u2019edizione 2009 della Cavalcata \u00e8 stata del tutto ridimensionata per diversi motivi: prima la diatriba con la parrocchia per cui la Festa \u00e8 stata scissa in due giorni, determinando problemi nei programmi dell\u2019Estate Cassanese;\u00a0 poi\u00a0 la pioggia e il maltempo, che hanno impedito lo svolgersi del Corteo storico; quindi una generale disorganizzazione e disomogeneit\u00e0 nel rito religioso e in quello civile.<\/p>\n<p>\u00a0<\/p>\n<p><img loading=\"lazy\" decoding=\"async\" height=\"300\" width=\"400\" src=\"images\/stories\/archiviofoto\/crocifisso_3.jpg\" alt=\"crocifisso_3\" \/><\/p>\n<p>Un esempio? &#8220;Dimenticata&#8221; in chiesa la preziosa reliquia della Santa Croce di Ges\u00f9 proveniente da Gerusalemme (la cui autenticit\u00e0 \u00e8 attestata da documenti pontifici e vescovili) \u00e8 stata portata in processione un quadro (di orribile fattura, fra l\u2019altro) del Calvario, cio\u00e8 il supplizio di Cristo sul Golgota, che \u00e8 altro rispetto alla Croce stessa. Forse per qualcuno \u00e8 la stessa cosa e comunque in un paese come Cassano che spesso dimentica la propria storia, va bene anche cos\u00ec.<\/p>\n<p>Chicca finale:\u00a0 lo spettacolo \u201cNicola, Santo uomo\u201d con Nico Salatino non si \u00e8 tenuto. Avrebbe dovuto svolgersi in piazza Moro dopo la processione, invece il palco \u00e8 rimasto desolatamente vuoto.<\/p>\n<p>Perch\u00e9? Per il maltempo? Per un disguido tecnico? Non si sa, nessuno a quanto pare l\u2019ha spiegato.<\/p>\n<p>Andr\u00e0 meglio l\u2019anno prossimo?<\/p>\n<p>\u00a0\u00a0\u00a0\u00a0\u00a0\u00a0\u00a0\u00a0\u00a0\u00a0\u00a0\u00a0\u00a0\u00a0\u00a0\u00a0\u00a0\u00a0\u00a0\u00a0\u00a0\u00a0\u00a0\u00a0\u00a0\u00a0\u00a0\u00a0\u00a0\u00a0\u00a0\u00a0<\/p>\n<p><img loading=\"lazy\" decoding=\"async\" height=\"276\" width=\"374\" src=\"images\/stories\/archiviofoto\/crocifisso_2.jpg\" alt=\"crocifisso_2\" \/><\/p>\n<p>\u00a0\u00a0\u00a0\u00a0\u00a0\u00a0\u00a0\u00a0\u00a0\u00a0\u00a0\u00a0\u00a0\u00a0\u00a0\u00a0\u00a0\u00a0\u00a0\u00a0\u00a0\u00a0\u00a0\u00a0\u00a0\u00a0\u00a0\u00a0\u00a0 <span style=\"font-family: Arial; font-size: x-small;\">Visita http:\/\/picasaweb.google.it\/redazionecassanoweb\/  2009\/cavalcata{\/gallery}<\/span><\/p>\n<p>\u00a0<\/p>\n","protected":false},"excerpt":{"rendered":"","protected":false},"author":1,"featured_media":0,"comment_status":"open","ping_status":"closed","sticky":false,"template":"","format":"standard","meta":{"colormag_page_container_layout":"default_layout","colormag_page_sidebar_layout":"default_layout","footnotes":""},"categories":[7],"tags":[],"class_list":["post-267","post","type-post","status-publish","format-standard","hentry","category-attualita"],"yoast_head":"<!-- This site is optimized with the Yoast SEO plugin v27.5 - https:\/\/yoast.com\/product\/yoast-seo-wordpress\/ -->\n<title>FESTA DEL CROCIFISSO: OCCASIONE PERSA - Archivio CassanoWeb<\/title>\n<meta name=\"robots\" content=\"index, follow, max-snippet:-1, max-image-preview:large, max-video-preview:-1\" \/>\n<link rel=\"canonical\" href=\"https:\/\/archiviocassano.lavocedelpaese.info\/index.php\/2009\/09\/15\/festa-del-crocifisso-occasione-persa\/\" \/>\n<meta property=\"og:locale\" content=\"it_IT\" \/>\n<meta property=\"og:type\" content=\"article\" \/>\n<meta property=\"og:title\" content=\"FESTA DEL CROCIFISSO: OCCASIONE PERSA - Archivio CassanoWeb\" \/>\n<meta property=\"og:url\" content=\"https:\/\/archiviocassano.lavocedelpaese.info\/index.php\/2009\/09\/15\/festa-del-crocifisso-occasione-persa\/\" \/>\n<meta property=\"og:site_name\" content=\"Archivio CassanoWeb\" \/>\n<meta property=\"article:publisher\" content=\"https:\/\/www.facebook.com\/redazione.cassanoweb\" \/>\n<meta property=\"article:published_time\" content=\"2009-09-15T21:03:44+00:00\" \/>\n<meta name=\"author\" content=\"admin\" \/>\n<meta name=\"twitter:card\" content=\"summary_large_image\" \/>\n<meta name=\"twitter:label1\" content=\"Scritto da\" \/>\n\t<meta name=\"twitter:data1\" content=\"admin\" \/>\n\t<meta name=\"twitter:label2\" content=\"Tempo di lettura stimato\" \/>\n\t<meta name=\"twitter:data2\" content=\"1 minuto\" \/>\n<script type=\"application\/ld+json\" class=\"yoast-schema-graph\">{\"@context\":\"https:\\\/\\\/schema.org\",\"@graph\":[{\"@type\":\"Article\",\"@id\":\"https:\\\/\\\/archiviocassano.lavocedelpaese.info\\\/index.php\\\/2009\\\/09\\\/15\\\/festa-del-crocifisso-occasione-persa\\\/#article\",\"isPartOf\":{\"@id\":\"https:\\\/\\\/archiviocassano.lavocedelpaese.info\\\/index.php\\\/2009\\\/09\\\/15\\\/festa-del-crocifisso-occasione-persa\\\/\"},\"author\":{\"name\":\"admin\",\"@id\":\"https:\\\/\\\/archiviocassano.lavocedelpaese.info\\\/#\\\/schema\\\/person\\\/df195bc79a9b4c35127cf005f92e041b\"},\"headline\":\"FESTA DEL CROCIFISSO: OCCASIONE PERSA\",\"datePublished\":\"2009-09-15T21:03:44+00:00\",\"mainEntityOfPage\":{\"@id\":\"https:\\\/\\\/archiviocassano.lavocedelpaese.info\\\/index.php\\\/2009\\\/09\\\/15\\\/festa-del-crocifisso-occasione-persa\\\/\"},\"wordCount\":273,\"commentCount\":0,\"publisher\":{\"@id\":\"https:\\\/\\\/archiviocassano.lavocedelpaese.info\\\/#organization\"},\"articleSection\":[\"Attualit\u00e0\"],\"inLanguage\":\"it-IT\",\"potentialAction\":[{\"@type\":\"CommentAction\",\"name\":\"Comment\",\"target\":[\"https:\\\/\\\/archiviocassano.lavocedelpaese.info\\\/index.php\\\/2009\\\/09\\\/15\\\/festa-del-crocifisso-occasione-persa\\\/#respond\"]}]},{\"@type\":\"WebPage\",\"@id\":\"https:\\\/\\\/archiviocassano.lavocedelpaese.info\\\/index.php\\\/2009\\\/09\\\/15\\\/festa-del-crocifisso-occasione-persa\\\/\",\"url\":\"https:\\\/\\\/archiviocassano.lavocedelpaese.info\\\/index.php\\\/2009\\\/09\\\/15\\\/festa-del-crocifisso-occasione-persa\\\/\",\"name\":\"FESTA DEL CROCIFISSO: OCCASIONE PERSA - Archivio CassanoWeb\",\"isPartOf\":{\"@id\":\"https:\\\/\\\/archiviocassano.lavocedelpaese.info\\\/#website\"},\"datePublished\":\"2009-09-15T21:03:44+00:00\",\"breadcrumb\":{\"@id\":\"https:\\\/\\\/archiviocassano.lavocedelpaese.info\\\/index.php\\\/2009\\\/09\\\/15\\\/festa-del-crocifisso-occasione-persa\\\/#breadcrumb\"},\"inLanguage\":\"it-IT\",\"potentialAction\":[{\"@type\":\"ReadAction\",\"target\":[\"https:\\\/\\\/archiviocassano.lavocedelpaese.info\\\/index.php\\\/2009\\\/09\\\/15\\\/festa-del-crocifisso-occasione-persa\\\/\"]}]},{\"@type\":\"BreadcrumbList\",\"@id\":\"https:\\\/\\\/archiviocassano.lavocedelpaese.info\\\/index.php\\\/2009\\\/09\\\/15\\\/festa-del-crocifisso-occasione-persa\\\/#breadcrumb\",\"itemListElement\":[{\"@type\":\"ListItem\",\"position\":1,\"name\":\"Home\",\"item\":\"https:\\\/\\\/archiviocassano.lavocedelpaese.info\\\/\"},{\"@type\":\"ListItem\",\"position\":2,\"name\":\"FESTA DEL CROCIFISSO: OCCASIONE PERSA\"}]},{\"@type\":\"WebSite\",\"@id\":\"https:\\\/\\\/archiviocassano.lavocedelpaese.info\\\/#website\",\"url\":\"https:\\\/\\\/archiviocassano.lavocedelpaese.info\\\/\",\"name\":\"Archivio CassanoWeb\",\"description\":\"La Voce del Paese - un network di idee\",\"publisher\":{\"@id\":\"https:\\\/\\\/archiviocassano.lavocedelpaese.info\\\/#organization\"},\"potentialAction\":[{\"@type\":\"SearchAction\",\"target\":{\"@type\":\"EntryPoint\",\"urlTemplate\":\"https:\\\/\\\/archiviocassano.lavocedelpaese.info\\\/?s={search_term_string}\"},\"query-input\":{\"@type\":\"PropertyValueSpecification\",\"valueRequired\":true,\"valueName\":\"search_term_string\"}}],\"inLanguage\":\"it-IT\"},{\"@type\":\"Organization\",\"@id\":\"https:\\\/\\\/archiviocassano.lavocedelpaese.info\\\/#organization\",\"name\":\"Archivio CassanoWeb\",\"url\":\"https:\\\/\\\/archiviocassano.lavocedelpaese.info\\\/\",\"logo\":{\"@type\":\"ImageObject\",\"inLanguage\":\"it-IT\",\"@id\":\"https:\\\/\\\/archiviocassano.lavocedelpaese.info\\\/#\\\/schema\\\/logo\\\/image\\\/\",\"url\":\"https:\\\/\\\/archiviocassano.lavocedelpaese.info\\\/wp-content\\\/uploads\\\/2024\\\/08\\\/logo-rosso-2.png\",\"contentUrl\":\"https:\\\/\\\/archiviocassano.lavocedelpaese.info\\\/wp-content\\\/uploads\\\/2024\\\/08\\\/logo-rosso-2.png\",\"width\":491,\"height\":432,\"caption\":\"Archivio CassanoWeb\"},\"image\":{\"@id\":\"https:\\\/\\\/archiviocassano.lavocedelpaese.info\\\/#\\\/schema\\\/logo\\\/image\\\/\"},\"sameAs\":[\"https:\\\/\\\/www.facebook.com\\\/redazione.cassanoweb\"]},{\"@type\":\"Person\",\"@id\":\"https:\\\/\\\/archiviocassano.lavocedelpaese.info\\\/#\\\/schema\\\/person\\\/df195bc79a9b4c35127cf005f92e041b\",\"name\":\"admin\",\"image\":{\"@type\":\"ImageObject\",\"inLanguage\":\"it-IT\",\"@id\":\"https:\\\/\\\/secure.gravatar.com\\\/avatar\\\/eabba89a432e8eaa1b0207cc55f7e5340b22712b1ed80677efcf63e02ff5b235?s=96&d=mm&r=g\",\"url\":\"https:\\\/\\\/secure.gravatar.com\\\/avatar\\\/eabba89a432e8eaa1b0207cc55f7e5340b22712b1ed80677efcf63e02ff5b235?s=96&d=mm&r=g\",\"contentUrl\":\"https:\\\/\\\/secure.gravatar.com\\\/avatar\\\/eabba89a432e8eaa1b0207cc55f7e5340b22712b1ed80677efcf63e02ff5b235?s=96&d=mm&r=g\",\"caption\":\"admin\"},\"sameAs\":[\"https:\\\/\\\/archiviocassano.lavocedelpaese.info\"],\"url\":\"https:\\\/\\\/archiviocassano.lavocedelpaese.info\\\/index.php\\\/author\\\/admin_0qgz1xdp\\\/\"}]}<\/script>\n<!-- \/ Yoast SEO plugin. -->","yoast_head_json":{"title":"FESTA DEL CROCIFISSO: OCCASIONE PERSA - Archivio CassanoWeb","robots":{"index":"index","follow":"follow","max-snippet":"max-snippet:-1","max-image-preview":"max-image-preview:large","max-video-preview":"max-video-preview:-1"},"canonical":"https:\/\/archiviocassano.lavocedelpaese.info\/index.php\/2009\/09\/15\/festa-del-crocifisso-occasione-persa\/","og_locale":"it_IT","og_type":"article","og_title":"FESTA DEL CROCIFISSO: OCCASIONE PERSA - Archivio CassanoWeb","og_url":"https:\/\/archiviocassano.lavocedelpaese.info\/index.php\/2009\/09\/15\/festa-del-crocifisso-occasione-persa\/","og_site_name":"Archivio CassanoWeb","article_publisher":"https:\/\/www.facebook.com\/redazione.cassanoweb","article_published_time":"2009-09-15T21:03:44+00:00","author":"admin","twitter_card":"summary_large_image","twitter_misc":{"Scritto da":"admin","Tempo di lettura stimato":"1 minuto"},"schema":{"@context":"https:\/\/schema.org","@graph":[{"@type":"Article","@id":"https:\/\/archiviocassano.lavocedelpaese.info\/index.php\/2009\/09\/15\/festa-del-crocifisso-occasione-persa\/#article","isPartOf":{"@id":"https:\/\/archiviocassano.lavocedelpaese.info\/index.php\/2009\/09\/15\/festa-del-crocifisso-occasione-persa\/"},"author":{"name":"admin","@id":"https:\/\/archiviocassano.lavocedelpaese.info\/#\/schema\/person\/df195bc79a9b4c35127cf005f92e041b"},"headline":"FESTA DEL CROCIFISSO: OCCASIONE PERSA","datePublished":"2009-09-15T21:03:44+00:00","mainEntityOfPage":{"@id":"https:\/\/archiviocassano.lavocedelpaese.info\/index.php\/2009\/09\/15\/festa-del-crocifisso-occasione-persa\/"},"wordCount":273,"commentCount":0,"publisher":{"@id":"https:\/\/archiviocassano.lavocedelpaese.info\/#organization"},"articleSection":["Attualit\u00e0"],"inLanguage":"it-IT","potentialAction":[{"@type":"CommentAction","name":"Comment","target":["https:\/\/archiviocassano.lavocedelpaese.info\/index.php\/2009\/09\/15\/festa-del-crocifisso-occasione-persa\/#respond"]}]},{"@type":"WebPage","@id":"https:\/\/archiviocassano.lavocedelpaese.info\/index.php\/2009\/09\/15\/festa-del-crocifisso-occasione-persa\/","url":"https:\/\/archiviocassano.lavocedelpaese.info\/index.php\/2009\/09\/15\/festa-del-crocifisso-occasione-persa\/","name":"FESTA DEL CROCIFISSO: OCCASIONE PERSA - Archivio CassanoWeb","isPartOf":{"@id":"https:\/\/archiviocassano.lavocedelpaese.info\/#website"},"datePublished":"2009-09-15T21:03:44+00:00","breadcrumb":{"@id":"https:\/\/archiviocassano.lavocedelpaese.info\/index.php\/2009\/09\/15\/festa-del-crocifisso-occasione-persa\/#breadcrumb"},"inLanguage":"it-IT","potentialAction":[{"@type":"ReadAction","target":["https:\/\/archiviocassano.lavocedelpaese.info\/index.php\/2009\/09\/15\/festa-del-crocifisso-occasione-persa\/"]}]},{"@type":"BreadcrumbList","@id":"https:\/\/archiviocassano.lavocedelpaese.info\/index.php\/2009\/09\/15\/festa-del-crocifisso-occasione-persa\/#breadcrumb","itemListElement":[{"@type":"ListItem","position":1,"name":"Home","item":"https:\/\/archiviocassano.lavocedelpaese.info\/"},{"@type":"ListItem","position":2,"name":"FESTA DEL CROCIFISSO: OCCASIONE PERSA"}]},{"@type":"WebSite","@id":"https:\/\/archiviocassano.lavocedelpaese.info\/#website","url":"https:\/\/archiviocassano.lavocedelpaese.info\/","name":"Archivio CassanoWeb","description":"La Voce del Paese - un network di idee","publisher":{"@id":"https:\/\/archiviocassano.lavocedelpaese.info\/#organization"},"potentialAction":[{"@type":"SearchAction","target":{"@type":"EntryPoint","urlTemplate":"https:\/\/archiviocassano.lavocedelpaese.info\/?s={search_term_string}"},"query-input":{"@type":"PropertyValueSpecification","valueRequired":true,"valueName":"search_term_string"}}],"inLanguage":"it-IT"},{"@type":"Organization","@id":"https:\/\/archiviocassano.lavocedelpaese.info\/#organization","name":"Archivio CassanoWeb","url":"https:\/\/archiviocassano.lavocedelpaese.info\/","logo":{"@type":"ImageObject","inLanguage":"it-IT","@id":"https:\/\/archiviocassano.lavocedelpaese.info\/#\/schema\/logo\/image\/","url":"https:\/\/archiviocassano.lavocedelpaese.info\/wp-content\/uploads\/2024\/08\/logo-rosso-2.png","contentUrl":"https:\/\/archiviocassano.lavocedelpaese.info\/wp-content\/uploads\/2024\/08\/logo-rosso-2.png","width":491,"height":432,"caption":"Archivio CassanoWeb"},"image":{"@id":"https:\/\/archiviocassano.lavocedelpaese.info\/#\/schema\/logo\/image\/"},"sameAs":["https:\/\/www.facebook.com\/redazione.cassanoweb"]},{"@type":"Person","@id":"https:\/\/archiviocassano.lavocedelpaese.info\/#\/schema\/person\/df195bc79a9b4c35127cf005f92e041b","name":"admin","image":{"@type":"ImageObject","inLanguage":"it-IT","@id":"https:\/\/secure.gravatar.com\/avatar\/eabba89a432e8eaa1b0207cc55f7e5340b22712b1ed80677efcf63e02ff5b235?s=96&d=mm&r=g","url":"https:\/\/secure.gravatar.com\/avatar\/eabba89a432e8eaa1b0207cc55f7e5340b22712b1ed80677efcf63e02ff5b235?s=96&d=mm&r=g","contentUrl":"https:\/\/secure.gravatar.com\/avatar\/eabba89a432e8eaa1b0207cc55f7e5340b22712b1ed80677efcf63e02ff5b235?s=96&d=mm&r=g","caption":"admin"},"sameAs":["https:\/\/archiviocassano.lavocedelpaese.info"],"url":"https:\/\/archiviocassano.lavocedelpaese.info\/index.php\/author\/admin_0qgz1xdp\/"}]}},"_links":{"self":[{"href":"https:\/\/archiviocassano.lavocedelpaese.info\/index.php\/wp-json\/wp\/v2\/posts\/267","targetHints":{"allow":["GET"]}}],"collection":[{"href":"https:\/\/archiviocassano.lavocedelpaese.info\/index.php\/wp-json\/wp\/v2\/posts"}],"about":[{"href":"https:\/\/archiviocassano.lavocedelpaese.info\/index.php\/wp-json\/wp\/v2\/types\/post"}],"author":[{"embeddable":true,"href":"https:\/\/archiviocassano.lavocedelpaese.info\/index.php\/wp-json\/wp\/v2\/users\/1"}],"replies":[{"embeddable":true,"href":"https:\/\/archiviocassano.lavocedelpaese.info\/index.php\/wp-json\/wp\/v2\/comments?post=267"}],"version-history":[{"count":0,"href":"https:\/\/archiviocassano.lavocedelpaese.info\/index.php\/wp-json\/wp\/v2\/posts\/267\/revisions"}],"wp:attachment":[{"href":"https:\/\/archiviocassano.lavocedelpaese.info\/index.php\/wp-json\/wp\/v2\/media?parent=267"}],"wp:term":[{"taxonomy":"category","embeddable":true,"href":"https:\/\/archiviocassano.lavocedelpaese.info\/index.php\/wp-json\/wp\/v2\/categories?post=267"},{"taxonomy":"post_tag","embeddable":true,"href":"https:\/\/archiviocassano.lavocedelpaese.info\/index.php\/wp-json\/wp\/v2\/tags?post=267"}],"curies":[{"name":"wp","href":"https:\/\/api.w.org\/{rel}","templated":true}]}}