{"id":2697,"date":"2009-02-23T13:34:03","date_gmt":"2009-02-23T13:34:03","guid":{"rendered":"https:\/\/archiviocassano.lavocedelpaese.info\/index.php\/2009\/02\/23\/bollenti-spiriti-e-andata-deserta-la-gara-per-la-gestione\/"},"modified":"2009-02-23T13:34:03","modified_gmt":"2009-02-23T13:34:03","slug":"bollenti-spiriti-e-andata-deserta-la-gara-per-la-gestione","status":"publish","type":"post","link":"https:\/\/archiviocassano.lavocedelpaese.info\/index.php\/2009\/02\/23\/bollenti-spiriti-e-andata-deserta-la-gara-per-la-gestione\/","title":{"rendered":"BOLLENTI SPIRITI: E\u2019 ANDATA DESERTA LA GARA PER LA GESTIONE"},"content":{"rendered":"<p><img loading=\"lazy\" decoding=\"async\" class=\" alignleft size-full wp-image-2696\" src=\"https:\/\/archiviocassano.lavocedelpaese.info\/wp-content\/uploads\/2009\/02\/bollenti_spiriti.jpg\" alt=\"bollenti_spiriti.jpg\" style=\"margin: 5px; float: left; width: 101px; height: 99px\" title=\"bollenti_spiriti.jpg\" width=\"101\" height=\"99\" \/> <\/p>\n<p><!--more--><br \/>\n<span style=\"font-size: 10pt; font-family: Verdana\">Ancora una gara d\u2019appalto deserta: questa volta \u00e8 quella relativa alla gestione della struttura che dovr\u00e0 ospitare l\u2019iniziativa \u201cBollenti Spiriti\u201d.<o:p><\/o:p><\/span> <span style=\"font-size: 10pt; font-family: Verdana\"><o:p>\u00a0<\/o:p><\/span> <span style=\"font-size: 10pt; font-family: Verdana\">L\u2019amministrazione comunale aveva emesso <u><b><span style=\"color: #0000ff\"><a href=\"http:\/\/www.comune.cassanodellemurge.ba.it\/attachments\/3303_atti%20procedura%20aperta%20affidamento%20gestione%20laboratori%20bollenti%20spiriti..pdf\" target=\"_blank\" rel=\"noopener\">il Bando<\/a><\/span><\/b><\/u> lo scorso 20 gennaio, una mossa del tutto a sorpresa che lasci\u00f2 di sasso diverse associazioni che nei mesi precedenti avevano partecipato all\u2019ideazione ed alla progettazione dell\u2019iniziativa che ha unito i paesi\u00a0 di Cassano e Acquaviva nel rispondere positivamente alla proposta della Regione Puglia. <o:p><\/o:p><\/span><span style=\"font-size: 10pt; font-family: Verdana\"><o:p>\u00a0<\/o:p><\/span> <span style=\"font-size: 10pt; font-family: Verdana\">Il termine ultimo per partecipare al bando era il 20 febbraio ma nessun soggetto (n\u00e8 associazione n\u00e8 cooperativa) ha risposto alla richiesta del Comune di Cassano e dunque adesso tutto ricomincia da capo. Probabilmente, per\u00f2, con modalit\u00e0 diverse: per il <b>prossimo 3 marzo<\/b> \u00e8 stata convocata una riunione di tutte le associazioni di Cassano e Acquaviva (alle ore 16.30 nella sala consiliare di piazza Rossani) proprio per discutere delle modalit\u00e0 di gestione, atteso che la gara d\u2019appalto \u00e8 andata deserta.<o:p><\/o:p><\/span> <span style=\"font-size: 10pt; font-family: Verdana\"><o:p>\u00a0<\/o:p><\/span> <span style=\"font-size: 10pt; font-family: Verdana\">In quella sede verr\u00e0 anche ufficializzato un finanziamento aggiuntivo di 70mila euro che la Regione Puglia ha riconosciuto al progetto cassanese.\u00a0<o:p><\/o:p><\/span><span style=\"font-size: 10pt; font-family: Verdana\"><o:p>\u00a0<\/o:p><\/span><span style=\"font-size: 10pt; font-family: Verdana\"><o:p><\/o:p><\/span>\u00a0<span style=\"font-size: 10pt; font-family: Verdana\"><o:p>Anche la gara d&#8217;appalto per la fornitura di servizi e strumentazioni per i laboratori di Bollenti Spiriti era andata deserta, solo qualche giorno prima ed anche in questo caso occorrer\u00e0 procedere con un nuovo bando di gara.<\/o:p><\/span>\u00a0<span style=\"font-size: 10pt; font-family: Verdana\"><o:p>\u00a0<\/o:p><\/span> <\/p>\n<p>\n&nbsp;\n<\/p>\n<p><span style=\"font-size: 10pt; font-family: Verdana\">Ma che cosa prevedeva il progetto e dunque l\u2019appalto del servizio?<o:p><\/o:p><\/span> <span style=\"font-size: 10pt; font-family: Verdana\"><o:p>\u00a0<\/o:p><\/span> <span style=\"font-size: 10pt; font-family: Verdana\">A fronte della gestione per cinque anni dei Laboratori, il Comune verser\u00e0 la somma di 122mila euro per il primo anno di gestione mentre per gli anni successivi dovr\u00e0 essere il soggetto che si \u00e8 aggiudicata la gestione a far fronte agli impegni economici. Si tenga conto, comunque, che i due comuni potranno versare \u2013 quali spese per la gestione e manutenzione degli immobili messi a disposizione \u2013 fino a 14mila euro. <o:p><\/o:p><\/span><span style=\"font-size: 10pt; font-family: Verdana\">Si trattava di una somma soggetta, per\u00f2, al ribasso nel senso che la gestione poteva essere affidata al soggetto che presentava una offerta migliorativa rispetto a quanto previsto, dunque inferiore ai 122mila euro, stante comunque tutte le altre caratteristiche (capacit\u00e0 di gestione, coerenza del progetto, ecc.). <o:p><\/o:p><\/span><span style=\"font-size: 10pt; font-family: Verdana\">Sei sono i laboratori previsti dal Progetto: <o:p><\/o:p><\/span><span style=\"font-size: 10pt; font-family: Verdana\">ad Acquaviva <o:p><\/o:p><\/span><span style=\"font-size: 10pt; font-family: Verdana\">&#8211; Laboratorio Astronomico <o:p><\/o:p><\/span><span style=\"font-size: 10pt; font-family: Verdana\">&#8211; Laboratorio musicale <o:p><\/o:p><\/span><span style=\"font-size: 10pt; font-family: Verdana\">&#8211; Laboratorio dell\u2019Accademia del serio divertimento; <o:p><\/o:p><\/span><span style=\"font-size: 10pt; font-family: Verdana\">a Cassano: <o:p><\/o:p><\/span><span style=\"font-size: 10pt; font-family: Verdana\">&#8211; Laboratorio di grafica <o:p><\/o:p><\/span><span style=\"font-size: 10pt; font-family: Verdana\">&#8211; Laboratorio di produzione ed elaborazione audio\\video <o:p><\/o:p><\/span><span style=\"font-size: 10pt; font-family: Verdana\">&#8211; Laboratorio multimediale. <o:p><\/o:p><\/span><span style=\"font-size: 10pt; font-family: Verdana\">\u00a0 <o:p><\/o:p><\/span><span style=\"font-size: 10pt; font-family: Verdana\">Il soggetto che doveva gestire i laboratori avrebbe dovuto provvedere a tutta una serie di attivit\u00e0 quali l\u2019orientamento, la formazione, gli stage ma anche il collocamento sul mercato dei progetti e prodotti frutto dei laboratori, la ricerca di commesse e sponsor privati e via di seguito.<o:p><\/o:p><\/span> <\/p>\n","protected":false},"excerpt":{"rendered":"","protected":false},"author":1,"featured_media":2696,"comment_status":"open","ping_status":"closed","sticky":false,"template":"","format":"standard","meta":{"colormag_page_container_layout":"default_layout","colormag_page_sidebar_layout":"default_layout","footnotes":""},"categories":[7],"tags":[],"class_list":["post-2697","post","type-post","status-publish","format-standard","has-post-thumbnail","hentry","category-attualita"],"yoast_head":"<!-- This site is optimized with the Yoast SEO plugin v27.5 - https:\/\/yoast.com\/product\/yoast-seo-wordpress\/ -->\n<title>BOLLENTI SPIRITI: E\u2019 ANDATA DESERTA LA GARA PER LA GESTIONE - Archivio CassanoWeb<\/title>\n<meta name=\"robots\" content=\"index, follow, max-snippet:-1, max-image-preview:large, max-video-preview:-1\" \/>\n<link rel=\"canonical\" href=\"https:\/\/archiviocassano.lavocedelpaese.info\/index.php\/2009\/02\/23\/bollenti-spiriti-e-andata-deserta-la-gara-per-la-gestione\/\" \/>\n<meta property=\"og:locale\" content=\"it_IT\" \/>\n<meta property=\"og:type\" content=\"article\" \/>\n<meta property=\"og:title\" content=\"BOLLENTI SPIRITI: E\u2019 ANDATA DESERTA LA GARA PER LA GESTIONE - Archivio CassanoWeb\" \/>\n<meta property=\"og:url\" content=\"https:\/\/archiviocassano.lavocedelpaese.info\/index.php\/2009\/02\/23\/bollenti-spiriti-e-andata-deserta-la-gara-per-la-gestione\/\" \/>\n<meta property=\"og:site_name\" content=\"Archivio CassanoWeb\" \/>\n<meta property=\"article:publisher\" content=\"https:\/\/www.facebook.com\/redazione.cassanoweb\" \/>\n<meta property=\"article:published_time\" content=\"2009-02-23T13:34:03+00:00\" \/>\n<meta property=\"og:image\" content=\"https:\/\/archiviocassano.lavocedelpaese.info\/wp-content\/uploads\/2009\/02\/bollenti_spiriti.jpg\" \/>\n\t<meta property=\"og:image:width\" content=\"410\" \/>\n\t<meta property=\"og:image:height\" content=\"200\" \/>\n\t<meta property=\"og:image:type\" content=\"image\/jpeg\" \/>\n<meta name=\"author\" content=\"admin\" \/>\n<meta name=\"twitter:card\" content=\"summary_large_image\" \/>\n<meta name=\"twitter:label1\" content=\"Scritto da\" \/>\n\t<meta name=\"twitter:data1\" content=\"admin\" \/>\n\t<meta name=\"twitter:label2\" content=\"Tempo di lettura stimato\" \/>\n\t<meta name=\"twitter:data2\" content=\"2 minuti\" \/>\n<script type=\"application\/ld+json\" class=\"yoast-schema-graph\">{\"@context\":\"https:\\\/\\\/schema.org\",\"@graph\":[{\"@type\":\"Article\",\"@id\":\"https:\\\/\\\/archiviocassano.lavocedelpaese.info\\\/index.php\\\/2009\\\/02\\\/23\\\/bollenti-spiriti-e-andata-deserta-la-gara-per-la-gestione\\\/#article\",\"isPartOf\":{\"@id\":\"https:\\\/\\\/archiviocassano.lavocedelpaese.info\\\/index.php\\\/2009\\\/02\\\/23\\\/bollenti-spiriti-e-andata-deserta-la-gara-per-la-gestione\\\/\"},\"author\":{\"name\":\"admin\",\"@id\":\"https:\\\/\\\/archiviocassano.lavocedelpaese.info\\\/#\\\/schema\\\/person\\\/df195bc79a9b4c35127cf005f92e041b\"},\"headline\":\"BOLLENTI SPIRITI: E\u2019 ANDATA DESERTA LA GARA PER LA GESTIONE\",\"datePublished\":\"2009-02-23T13:34:03+00:00\",\"mainEntityOfPage\":{\"@id\":\"https:\\\/\\\/archiviocassano.lavocedelpaese.info\\\/index.php\\\/2009\\\/02\\\/23\\\/bollenti-spiriti-e-andata-deserta-la-gara-per-la-gestione\\\/\"},\"wordCount\":432,\"commentCount\":0,\"publisher\":{\"@id\":\"https:\\\/\\\/archiviocassano.lavocedelpaese.info\\\/#organization\"},\"image\":{\"@id\":\"https:\\\/\\\/archiviocassano.lavocedelpaese.info\\\/index.php\\\/2009\\\/02\\\/23\\\/bollenti-spiriti-e-andata-deserta-la-gara-per-la-gestione\\\/#primaryimage\"},\"thumbnailUrl\":\"https:\\\/\\\/archiviocassano.lavocedelpaese.info\\\/wp-content\\\/uploads\\\/2009\\\/02\\\/bollenti_spiriti.jpg\",\"articleSection\":[\"Attualit\u00e0\"],\"inLanguage\":\"it-IT\",\"potentialAction\":[{\"@type\":\"CommentAction\",\"name\":\"Comment\",\"target\":[\"https:\\\/\\\/archiviocassano.lavocedelpaese.info\\\/index.php\\\/2009\\\/02\\\/23\\\/bollenti-spiriti-e-andata-deserta-la-gara-per-la-gestione\\\/#respond\"]}]},{\"@type\":\"WebPage\",\"@id\":\"https:\\\/\\\/archiviocassano.lavocedelpaese.info\\\/index.php\\\/2009\\\/02\\\/23\\\/bollenti-spiriti-e-andata-deserta-la-gara-per-la-gestione\\\/\",\"url\":\"https:\\\/\\\/archiviocassano.lavocedelpaese.info\\\/index.php\\\/2009\\\/02\\\/23\\\/bollenti-spiriti-e-andata-deserta-la-gara-per-la-gestione\\\/\",\"name\":\"BOLLENTI SPIRITI: E\u2019 ANDATA DESERTA LA GARA PER LA GESTIONE - Archivio CassanoWeb\",\"isPartOf\":{\"@id\":\"https:\\\/\\\/archiviocassano.lavocedelpaese.info\\\/#website\"},\"primaryImageOfPage\":{\"@id\":\"https:\\\/\\\/archiviocassano.lavocedelpaese.info\\\/index.php\\\/2009\\\/02\\\/23\\\/bollenti-spiriti-e-andata-deserta-la-gara-per-la-gestione\\\/#primaryimage\"},\"image\":{\"@id\":\"https:\\\/\\\/archiviocassano.lavocedelpaese.info\\\/index.php\\\/2009\\\/02\\\/23\\\/bollenti-spiriti-e-andata-deserta-la-gara-per-la-gestione\\\/#primaryimage\"},\"thumbnailUrl\":\"https:\\\/\\\/archiviocassano.lavocedelpaese.info\\\/wp-content\\\/uploads\\\/2009\\\/02\\\/bollenti_spiriti.jpg\",\"datePublished\":\"2009-02-23T13:34:03+00:00\",\"breadcrumb\":{\"@id\":\"https:\\\/\\\/archiviocassano.lavocedelpaese.info\\\/index.php\\\/2009\\\/02\\\/23\\\/bollenti-spiriti-e-andata-deserta-la-gara-per-la-gestione\\\/#breadcrumb\"},\"inLanguage\":\"it-IT\",\"potentialAction\":[{\"@type\":\"ReadAction\",\"target\":[\"https:\\\/\\\/archiviocassano.lavocedelpaese.info\\\/index.php\\\/2009\\\/02\\\/23\\\/bollenti-spiriti-e-andata-deserta-la-gara-per-la-gestione\\\/\"]}]},{\"@type\":\"ImageObject\",\"inLanguage\":\"it-IT\",\"@id\":\"https:\\\/\\\/archiviocassano.lavocedelpaese.info\\\/index.php\\\/2009\\\/02\\\/23\\\/bollenti-spiriti-e-andata-deserta-la-gara-per-la-gestione\\\/#primaryimage\",\"url\":\"https:\\\/\\\/archiviocassano.lavocedelpaese.info\\\/wp-content\\\/uploads\\\/2009\\\/02\\\/bollenti_spiriti.jpg\",\"contentUrl\":\"https:\\\/\\\/archiviocassano.lavocedelpaese.info\\\/wp-content\\\/uploads\\\/2009\\\/02\\\/bollenti_spiriti.jpg\",\"width\":410,\"height\":200,\"caption\":\"bollenti_spiriti.jpg\"},{\"@type\":\"BreadcrumbList\",\"@id\":\"https:\\\/\\\/archiviocassano.lavocedelpaese.info\\\/index.php\\\/2009\\\/02\\\/23\\\/bollenti-spiriti-e-andata-deserta-la-gara-per-la-gestione\\\/#breadcrumb\",\"itemListElement\":[{\"@type\":\"ListItem\",\"position\":1,\"name\":\"Home\",\"item\":\"https:\\\/\\\/archiviocassano.lavocedelpaese.info\\\/\"},{\"@type\":\"ListItem\",\"position\":2,\"name\":\"BOLLENTI SPIRITI: E\u2019 ANDATA DESERTA LA GARA PER LA GESTIONE\"}]},{\"@type\":\"WebSite\",\"@id\":\"https:\\\/\\\/archiviocassano.lavocedelpaese.info\\\/#website\",\"url\":\"https:\\\/\\\/archiviocassano.lavocedelpaese.info\\\/\",\"name\":\"Archivio CassanoWeb\",\"description\":\"La Voce del Paese - un network di idee\",\"publisher\":{\"@id\":\"https:\\\/\\\/archiviocassano.lavocedelpaese.info\\\/#organization\"},\"potentialAction\":[{\"@type\":\"SearchAction\",\"target\":{\"@type\":\"EntryPoint\",\"urlTemplate\":\"https:\\\/\\\/archiviocassano.lavocedelpaese.info\\\/?s={search_term_string}\"},\"query-input\":{\"@type\":\"PropertyValueSpecification\",\"valueRequired\":true,\"valueName\":\"search_term_string\"}}],\"inLanguage\":\"it-IT\"},{\"@type\":\"Organization\",\"@id\":\"https:\\\/\\\/archiviocassano.lavocedelpaese.info\\\/#organization\",\"name\":\"Archivio CassanoWeb\",\"url\":\"https:\\\/\\\/archiviocassano.lavocedelpaese.info\\\/\",\"logo\":{\"@type\":\"ImageObject\",\"inLanguage\":\"it-IT\",\"@id\":\"https:\\\/\\\/archiviocassano.lavocedelpaese.info\\\/#\\\/schema\\\/logo\\\/image\\\/\",\"url\":\"https:\\\/\\\/archiviocassano.lavocedelpaese.info\\\/wp-content\\\/uploads\\\/2024\\\/08\\\/logo-rosso-2.png\",\"contentUrl\":\"https:\\\/\\\/archiviocassano.lavocedelpaese.info\\\/wp-content\\\/uploads\\\/2024\\\/08\\\/logo-rosso-2.png\",\"width\":491,\"height\":432,\"caption\":\"Archivio CassanoWeb\"},\"image\":{\"@id\":\"https:\\\/\\\/archiviocassano.lavocedelpaese.info\\\/#\\\/schema\\\/logo\\\/image\\\/\"},\"sameAs\":[\"https:\\\/\\\/www.facebook.com\\\/redazione.cassanoweb\"]},{\"@type\":\"Person\",\"@id\":\"https:\\\/\\\/archiviocassano.lavocedelpaese.info\\\/#\\\/schema\\\/person\\\/df195bc79a9b4c35127cf005f92e041b\",\"name\":\"admin\",\"image\":{\"@type\":\"ImageObject\",\"inLanguage\":\"it-IT\",\"@id\":\"https:\\\/\\\/secure.gravatar.com\\\/avatar\\\/eabba89a432e8eaa1b0207cc55f7e5340b22712b1ed80677efcf63e02ff5b235?s=96&d=mm&r=g\",\"url\":\"https:\\\/\\\/secure.gravatar.com\\\/avatar\\\/eabba89a432e8eaa1b0207cc55f7e5340b22712b1ed80677efcf63e02ff5b235?s=96&d=mm&r=g\",\"contentUrl\":\"https:\\\/\\\/secure.gravatar.com\\\/avatar\\\/eabba89a432e8eaa1b0207cc55f7e5340b22712b1ed80677efcf63e02ff5b235?s=96&d=mm&r=g\",\"caption\":\"admin\"},\"sameAs\":[\"https:\\\/\\\/archiviocassano.lavocedelpaese.info\"],\"url\":\"https:\\\/\\\/archiviocassano.lavocedelpaese.info\\\/index.php\\\/author\\\/admin_0qgz1xdp\\\/\"}]}<\/script>\n<!-- \/ Yoast SEO plugin. -->","yoast_head_json":{"title":"BOLLENTI SPIRITI: E\u2019 ANDATA DESERTA LA GARA PER LA GESTIONE - Archivio CassanoWeb","robots":{"index":"index","follow":"follow","max-snippet":"max-snippet:-1","max-image-preview":"max-image-preview:large","max-video-preview":"max-video-preview:-1"},"canonical":"https:\/\/archiviocassano.lavocedelpaese.info\/index.php\/2009\/02\/23\/bollenti-spiriti-e-andata-deserta-la-gara-per-la-gestione\/","og_locale":"it_IT","og_type":"article","og_title":"BOLLENTI SPIRITI: E\u2019 ANDATA DESERTA LA GARA PER LA GESTIONE - Archivio CassanoWeb","og_url":"https:\/\/archiviocassano.lavocedelpaese.info\/index.php\/2009\/02\/23\/bollenti-spiriti-e-andata-deserta-la-gara-per-la-gestione\/","og_site_name":"Archivio CassanoWeb","article_publisher":"https:\/\/www.facebook.com\/redazione.cassanoweb","article_published_time":"2009-02-23T13:34:03+00:00","og_image":[{"width":410,"height":200,"url":"https:\/\/archiviocassano.lavocedelpaese.info\/wp-content\/uploads\/2009\/02\/bollenti_spiriti.jpg","type":"image\/jpeg"}],"author":"admin","twitter_card":"summary_large_image","twitter_misc":{"Scritto da":"admin","Tempo di lettura stimato":"2 minuti"},"schema":{"@context":"https:\/\/schema.org","@graph":[{"@type":"Article","@id":"https:\/\/archiviocassano.lavocedelpaese.info\/index.php\/2009\/02\/23\/bollenti-spiriti-e-andata-deserta-la-gara-per-la-gestione\/#article","isPartOf":{"@id":"https:\/\/archiviocassano.lavocedelpaese.info\/index.php\/2009\/02\/23\/bollenti-spiriti-e-andata-deserta-la-gara-per-la-gestione\/"},"author":{"name":"admin","@id":"https:\/\/archiviocassano.lavocedelpaese.info\/#\/schema\/person\/df195bc79a9b4c35127cf005f92e041b"},"headline":"BOLLENTI SPIRITI: E\u2019 ANDATA DESERTA LA GARA PER LA GESTIONE","datePublished":"2009-02-23T13:34:03+00:00","mainEntityOfPage":{"@id":"https:\/\/archiviocassano.lavocedelpaese.info\/index.php\/2009\/02\/23\/bollenti-spiriti-e-andata-deserta-la-gara-per-la-gestione\/"},"wordCount":432,"commentCount":0,"publisher":{"@id":"https:\/\/archiviocassano.lavocedelpaese.info\/#organization"},"image":{"@id":"https:\/\/archiviocassano.lavocedelpaese.info\/index.php\/2009\/02\/23\/bollenti-spiriti-e-andata-deserta-la-gara-per-la-gestione\/#primaryimage"},"thumbnailUrl":"https:\/\/archiviocassano.lavocedelpaese.info\/wp-content\/uploads\/2009\/02\/bollenti_spiriti.jpg","articleSection":["Attualit\u00e0"],"inLanguage":"it-IT","potentialAction":[{"@type":"CommentAction","name":"Comment","target":["https:\/\/archiviocassano.lavocedelpaese.info\/index.php\/2009\/02\/23\/bollenti-spiriti-e-andata-deserta-la-gara-per-la-gestione\/#respond"]}]},{"@type":"WebPage","@id":"https:\/\/archiviocassano.lavocedelpaese.info\/index.php\/2009\/02\/23\/bollenti-spiriti-e-andata-deserta-la-gara-per-la-gestione\/","url":"https:\/\/archiviocassano.lavocedelpaese.info\/index.php\/2009\/02\/23\/bollenti-spiriti-e-andata-deserta-la-gara-per-la-gestione\/","name":"BOLLENTI SPIRITI: E\u2019 ANDATA DESERTA LA GARA PER LA GESTIONE - Archivio CassanoWeb","isPartOf":{"@id":"https:\/\/archiviocassano.lavocedelpaese.info\/#website"},"primaryImageOfPage":{"@id":"https:\/\/archiviocassano.lavocedelpaese.info\/index.php\/2009\/02\/23\/bollenti-spiriti-e-andata-deserta-la-gara-per-la-gestione\/#primaryimage"},"image":{"@id":"https:\/\/archiviocassano.lavocedelpaese.info\/index.php\/2009\/02\/23\/bollenti-spiriti-e-andata-deserta-la-gara-per-la-gestione\/#primaryimage"},"thumbnailUrl":"https:\/\/archiviocassano.lavocedelpaese.info\/wp-content\/uploads\/2009\/02\/bollenti_spiriti.jpg","datePublished":"2009-02-23T13:34:03+00:00","breadcrumb":{"@id":"https:\/\/archiviocassano.lavocedelpaese.info\/index.php\/2009\/02\/23\/bollenti-spiriti-e-andata-deserta-la-gara-per-la-gestione\/#breadcrumb"},"inLanguage":"it-IT","potentialAction":[{"@type":"ReadAction","target":["https:\/\/archiviocassano.lavocedelpaese.info\/index.php\/2009\/02\/23\/bollenti-spiriti-e-andata-deserta-la-gara-per-la-gestione\/"]}]},{"@type":"ImageObject","inLanguage":"it-IT","@id":"https:\/\/archiviocassano.lavocedelpaese.info\/index.php\/2009\/02\/23\/bollenti-spiriti-e-andata-deserta-la-gara-per-la-gestione\/#primaryimage","url":"https:\/\/archiviocassano.lavocedelpaese.info\/wp-content\/uploads\/2009\/02\/bollenti_spiriti.jpg","contentUrl":"https:\/\/archiviocassano.lavocedelpaese.info\/wp-content\/uploads\/2009\/02\/bollenti_spiriti.jpg","width":410,"height":200,"caption":"bollenti_spiriti.jpg"},{"@type":"BreadcrumbList","@id":"https:\/\/archiviocassano.lavocedelpaese.info\/index.php\/2009\/02\/23\/bollenti-spiriti-e-andata-deserta-la-gara-per-la-gestione\/#breadcrumb","itemListElement":[{"@type":"ListItem","position":1,"name":"Home","item":"https:\/\/archiviocassano.lavocedelpaese.info\/"},{"@type":"ListItem","position":2,"name":"BOLLENTI SPIRITI: E\u2019 ANDATA DESERTA LA GARA PER LA GESTIONE"}]},{"@type":"WebSite","@id":"https:\/\/archiviocassano.lavocedelpaese.info\/#website","url":"https:\/\/archiviocassano.lavocedelpaese.info\/","name":"Archivio CassanoWeb","description":"La Voce del Paese - un network di idee","publisher":{"@id":"https:\/\/archiviocassano.lavocedelpaese.info\/#organization"},"potentialAction":[{"@type":"SearchAction","target":{"@type":"EntryPoint","urlTemplate":"https:\/\/archiviocassano.lavocedelpaese.info\/?s={search_term_string}"},"query-input":{"@type":"PropertyValueSpecification","valueRequired":true,"valueName":"search_term_string"}}],"inLanguage":"it-IT"},{"@type":"Organization","@id":"https:\/\/archiviocassano.lavocedelpaese.info\/#organization","name":"Archivio CassanoWeb","url":"https:\/\/archiviocassano.lavocedelpaese.info\/","logo":{"@type":"ImageObject","inLanguage":"it-IT","@id":"https:\/\/archiviocassano.lavocedelpaese.info\/#\/schema\/logo\/image\/","url":"https:\/\/archiviocassano.lavocedelpaese.info\/wp-content\/uploads\/2024\/08\/logo-rosso-2.png","contentUrl":"https:\/\/archiviocassano.lavocedelpaese.info\/wp-content\/uploads\/2024\/08\/logo-rosso-2.png","width":491,"height":432,"caption":"Archivio CassanoWeb"},"image":{"@id":"https:\/\/archiviocassano.lavocedelpaese.info\/#\/schema\/logo\/image\/"},"sameAs":["https:\/\/www.facebook.com\/redazione.cassanoweb"]},{"@type":"Person","@id":"https:\/\/archiviocassano.lavocedelpaese.info\/#\/schema\/person\/df195bc79a9b4c35127cf005f92e041b","name":"admin","image":{"@type":"ImageObject","inLanguage":"it-IT","@id":"https:\/\/secure.gravatar.com\/avatar\/eabba89a432e8eaa1b0207cc55f7e5340b22712b1ed80677efcf63e02ff5b235?s=96&d=mm&r=g","url":"https:\/\/secure.gravatar.com\/avatar\/eabba89a432e8eaa1b0207cc55f7e5340b22712b1ed80677efcf63e02ff5b235?s=96&d=mm&r=g","contentUrl":"https:\/\/secure.gravatar.com\/avatar\/eabba89a432e8eaa1b0207cc55f7e5340b22712b1ed80677efcf63e02ff5b235?s=96&d=mm&r=g","caption":"admin"},"sameAs":["https:\/\/archiviocassano.lavocedelpaese.info"],"url":"https:\/\/archiviocassano.lavocedelpaese.info\/index.php\/author\/admin_0qgz1xdp\/"}]}},"_links":{"self":[{"href":"https:\/\/archiviocassano.lavocedelpaese.info\/index.php\/wp-json\/wp\/v2\/posts\/2697","targetHints":{"allow":["GET"]}}],"collection":[{"href":"https:\/\/archiviocassano.lavocedelpaese.info\/index.php\/wp-json\/wp\/v2\/posts"}],"about":[{"href":"https:\/\/archiviocassano.lavocedelpaese.info\/index.php\/wp-json\/wp\/v2\/types\/post"}],"author":[{"embeddable":true,"href":"https:\/\/archiviocassano.lavocedelpaese.info\/index.php\/wp-json\/wp\/v2\/users\/1"}],"replies":[{"embeddable":true,"href":"https:\/\/archiviocassano.lavocedelpaese.info\/index.php\/wp-json\/wp\/v2\/comments?post=2697"}],"version-history":[{"count":0,"href":"https:\/\/archiviocassano.lavocedelpaese.info\/index.php\/wp-json\/wp\/v2\/posts\/2697\/revisions"}],"wp:featuredmedia":[{"embeddable":true,"href":"https:\/\/archiviocassano.lavocedelpaese.info\/index.php\/wp-json\/wp\/v2\/media\/2696"}],"wp:attachment":[{"href":"https:\/\/archiviocassano.lavocedelpaese.info\/index.php\/wp-json\/wp\/v2\/media?parent=2697"}],"wp:term":[{"taxonomy":"category","embeddable":true,"href":"https:\/\/archiviocassano.lavocedelpaese.info\/index.php\/wp-json\/wp\/v2\/categories?post=2697"},{"taxonomy":"post_tag","embeddable":true,"href":"https:\/\/archiviocassano.lavocedelpaese.info\/index.php\/wp-json\/wp\/v2\/tags?post=2697"}],"curies":[{"name":"wp","href":"https:\/\/api.w.org\/{rel}","templated":true}]}}