{"id":2741,"date":"2009-03-06T18:43:51","date_gmt":"2009-03-06T18:43:51","guid":{"rendered":"https:\/\/archiviocassano.lavocedelpaese.info\/index.php\/2009\/03\/06\/zullo-casa-bianca-e-comune-dove-sono-stati-fino-ad-oggi\/"},"modified":"2009-03-06T18:43:51","modified_gmt":"2009-03-06T18:43:51","slug":"zullo-casa-bianca-e-comune-dove-sono-stati-fino-ad-oggi","status":"publish","type":"post","link":"https:\/\/archiviocassano.lavocedelpaese.info\/index.php\/2009\/03\/06\/zullo-casa-bianca-e-comune-dove-sono-stati-fino-ad-oggi\/","title":{"rendered":"ZULLO, CASA BIANCA E COMUNE DOVE SONO STATI FINO AD OGGI?"},"content":{"rendered":"<p><span style=\"font-size: 10pt; font-family: Verdana\">Apprendo di un convegno pre-elettorale sulla prevenzione in et\u00e0 scolare organizzato dai \u201cforti, onesti e gentili\u201d con \u201cCasa Bianca Hospital\u201d. <o:p><\/o:p><\/span><span style=\"font-size: 10pt; font-family: Verdana\">Facciano pure, tutto \u00e8 utile; ma questo non pu\u00f2 tacitare n\u00e9 le loro coscienze n\u00e9 le loro responsabilit\u00e0 amministrativo-contabili che solleveremo di fronte all\u2019Autorit\u00e0 Giudiziaria competente.<o:p><\/o:p><\/span><span style=\"font-size: 10pt; font-family: Verdana\">A pagina 4 e 5 del contratto \u00e8 riportata la clausola n\u00b0 10 che cos\u00ec recita: <o:p><\/o:p><\/span><i><span style=\"font-size: 10pt; font-family: Verdana\">\u201cLa s.p.a. Casa Bianca si obbliga, a propria cura e spesa, ad effettuare gratuitamente, secondo le modalit\u00e0 concordate con l\u2019Autorit\u00e0 didattica locale, almeno una volta all\u2019anno, uno screening in ordine alla rilevazione e valutazione dei difetti di rifrazione della vista e diagnosi precoce delle patologie della colonna vertebrale nei confronti di tutti gli alunni del Circolo didattico Armando Perotti.\u201d<o:p><\/o:p><\/span><\/i><st1:personname productid=\"La Casa Bianca\" w:st=\"on\"><span style=\"font-size: 10pt; font-family: Verdana\">La Casa Bianca<\/span><\/st1:personname><span style=\"font-size: 10pt; font-family: Verdana\"> non ha mantenuto in nessuna annualit\u00e0 questo impegno.<o:p><\/o:p><\/span><span style=\"font-size: 10pt; font-family: Verdana\">Qual \u00e8 il risparmio ottenuto da Casa Bianca? Lo deve rendere al Comune.<o:p><\/o:p><\/span><span style=\"font-size: 10pt; font-family: Verdana\">Perch\u00e9 i \u201cforti, onesti e gentili\u201d non hanno fatto mai rispettare questa clausola?<o:p><\/o:p><\/span><span style=\"font-size: 10pt; font-family: Verdana\">Devono renderne conto all\u2019A.G. e ai cittadini al momento del voto.<o:p><\/o:p><\/span><span style=\"font-size: 10pt; font-family: Verdana\">A Cassano non ci sono pi\u00f9 cittadini con l\u2019anello al naso.<o:p><\/o:p><\/span> <\/p>\n","protected":false},"excerpt":{"rendered":"<p>Apprendo di un convegno pre-elettorale sulla prevenzione in et\u00e0 scolare organizzato dai \u201cforti, onesti e gentili\u201d con \u201cCasa Bianca Hospital\u201d.<\/p>\n","protected":false},"author":1,"featured_media":0,"comment_status":"open","ping_status":"closed","sticky":false,"template":"","format":"standard","meta":{"colormag_page_container_layout":"default_layout","colormag_page_sidebar_layout":"default_layout","footnotes":""},"categories":[9],"tags":[],"class_list":["post-2741","post","type-post","status-publish","format-standard","hentry","category-la-voce-del-paese"],"yoast_head":"<!-- This site is optimized with the Yoast SEO plugin v27.5 - https:\/\/yoast.com\/product\/yoast-seo-wordpress\/ -->\n<title>ZULLO, CASA BIANCA E COMUNE DOVE SONO STATI FINO AD OGGI? - Archivio CassanoWeb<\/title>\n<meta name=\"robots\" content=\"index, follow, max-snippet:-1, max-image-preview:large, max-video-preview:-1\" \/>\n<link rel=\"canonical\" href=\"https:\/\/archiviocassano.lavocedelpaese.info\/index.php\/2009\/03\/06\/zullo-casa-bianca-e-comune-dove-sono-stati-fino-ad-oggi\/\" \/>\n<meta property=\"og:locale\" content=\"it_IT\" \/>\n<meta property=\"og:type\" content=\"article\" \/>\n<meta property=\"og:title\" content=\"ZULLO, CASA BIANCA E COMUNE DOVE SONO STATI FINO AD OGGI? - Archivio CassanoWeb\" \/>\n<meta property=\"og:description\" content=\"Apprendo di un convegno pre-elettorale sulla prevenzione in et\u00e0 scolare organizzato dai \u201cforti, onesti e gentili\u201d con \u201cCasa Bianca Hospital\u201d.\" \/>\n<meta property=\"og:url\" content=\"https:\/\/archiviocassano.lavocedelpaese.info\/index.php\/2009\/03\/06\/zullo-casa-bianca-e-comune-dove-sono-stati-fino-ad-oggi\/\" \/>\n<meta property=\"og:site_name\" content=\"Archivio CassanoWeb\" \/>\n<meta property=\"article:publisher\" content=\"https:\/\/www.facebook.com\/redazione.cassanoweb\" \/>\n<meta property=\"article:published_time\" content=\"2009-03-06T18:43:51+00:00\" \/>\n<meta name=\"author\" content=\"admin\" \/>\n<meta name=\"twitter:card\" content=\"summary_large_image\" \/>\n<meta name=\"twitter:label1\" content=\"Scritto da\" \/>\n\t<meta name=\"twitter:data1\" content=\"admin\" \/>\n\t<meta name=\"twitter:label2\" content=\"Tempo di lettura stimato\" \/>\n\t<meta name=\"twitter:data2\" content=\"1 minuto\" \/>\n<script type=\"application\/ld+json\" class=\"yoast-schema-graph\">{\"@context\":\"https:\\\/\\\/schema.org\",\"@graph\":[{\"@type\":\"Article\",\"@id\":\"https:\\\/\\\/archiviocassano.lavocedelpaese.info\\\/index.php\\\/2009\\\/03\\\/06\\\/zullo-casa-bianca-e-comune-dove-sono-stati-fino-ad-oggi\\\/#article\",\"isPartOf\":{\"@id\":\"https:\\\/\\\/archiviocassano.lavocedelpaese.info\\\/index.php\\\/2009\\\/03\\\/06\\\/zullo-casa-bianca-e-comune-dove-sono-stati-fino-ad-oggi\\\/\"},\"author\":{\"name\":\"admin\",\"@id\":\"https:\\\/\\\/archiviocassano.lavocedelpaese.info\\\/#\\\/schema\\\/person\\\/df195bc79a9b4c35127cf005f92e041b\"},\"headline\":\"ZULLO, CASA BIANCA E COMUNE DOVE SONO STATI FINO AD OGGI?\",\"datePublished\":\"2009-03-06T18:43:51+00:00\",\"mainEntityOfPage\":{\"@id\":\"https:\\\/\\\/archiviocassano.lavocedelpaese.info\\\/index.php\\\/2009\\\/03\\\/06\\\/zullo-casa-bianca-e-comune-dove-sono-stati-fino-ad-oggi\\\/\"},\"wordCount\":193,\"commentCount\":0,\"publisher\":{\"@id\":\"https:\\\/\\\/archiviocassano.lavocedelpaese.info\\\/#organization\"},\"articleSection\":[\"La voce del paese\"],\"inLanguage\":\"it-IT\",\"potentialAction\":[{\"@type\":\"CommentAction\",\"name\":\"Comment\",\"target\":[\"https:\\\/\\\/archiviocassano.lavocedelpaese.info\\\/index.php\\\/2009\\\/03\\\/06\\\/zullo-casa-bianca-e-comune-dove-sono-stati-fino-ad-oggi\\\/#respond\"]}]},{\"@type\":\"WebPage\",\"@id\":\"https:\\\/\\\/archiviocassano.lavocedelpaese.info\\\/index.php\\\/2009\\\/03\\\/06\\\/zullo-casa-bianca-e-comune-dove-sono-stati-fino-ad-oggi\\\/\",\"url\":\"https:\\\/\\\/archiviocassano.lavocedelpaese.info\\\/index.php\\\/2009\\\/03\\\/06\\\/zullo-casa-bianca-e-comune-dove-sono-stati-fino-ad-oggi\\\/\",\"name\":\"ZULLO, CASA BIANCA E COMUNE DOVE SONO STATI FINO AD OGGI? - Archivio CassanoWeb\",\"isPartOf\":{\"@id\":\"https:\\\/\\\/archiviocassano.lavocedelpaese.info\\\/#website\"},\"datePublished\":\"2009-03-06T18:43:51+00:00\",\"breadcrumb\":{\"@id\":\"https:\\\/\\\/archiviocassano.lavocedelpaese.info\\\/index.php\\\/2009\\\/03\\\/06\\\/zullo-casa-bianca-e-comune-dove-sono-stati-fino-ad-oggi\\\/#breadcrumb\"},\"inLanguage\":\"it-IT\",\"potentialAction\":[{\"@type\":\"ReadAction\",\"target\":[\"https:\\\/\\\/archiviocassano.lavocedelpaese.info\\\/index.php\\\/2009\\\/03\\\/06\\\/zullo-casa-bianca-e-comune-dove-sono-stati-fino-ad-oggi\\\/\"]}]},{\"@type\":\"BreadcrumbList\",\"@id\":\"https:\\\/\\\/archiviocassano.lavocedelpaese.info\\\/index.php\\\/2009\\\/03\\\/06\\\/zullo-casa-bianca-e-comune-dove-sono-stati-fino-ad-oggi\\\/#breadcrumb\",\"itemListElement\":[{\"@type\":\"ListItem\",\"position\":1,\"name\":\"Home\",\"item\":\"https:\\\/\\\/archiviocassano.lavocedelpaese.info\\\/\"},{\"@type\":\"ListItem\",\"position\":2,\"name\":\"ZULLO, CASA BIANCA E COMUNE DOVE SONO STATI FINO AD OGGI?\"}]},{\"@type\":\"WebSite\",\"@id\":\"https:\\\/\\\/archiviocassano.lavocedelpaese.info\\\/#website\",\"url\":\"https:\\\/\\\/archiviocassano.lavocedelpaese.info\\\/\",\"name\":\"Archivio CassanoWeb\",\"description\":\"La Voce del Paese - un network di idee\",\"publisher\":{\"@id\":\"https:\\\/\\\/archiviocassano.lavocedelpaese.info\\\/#organization\"},\"potentialAction\":[{\"@type\":\"SearchAction\",\"target\":{\"@type\":\"EntryPoint\",\"urlTemplate\":\"https:\\\/\\\/archiviocassano.lavocedelpaese.info\\\/?s={search_term_string}\"},\"query-input\":{\"@type\":\"PropertyValueSpecification\",\"valueRequired\":true,\"valueName\":\"search_term_string\"}}],\"inLanguage\":\"it-IT\"},{\"@type\":\"Organization\",\"@id\":\"https:\\\/\\\/archiviocassano.lavocedelpaese.info\\\/#organization\",\"name\":\"Archivio CassanoWeb\",\"url\":\"https:\\\/\\\/archiviocassano.lavocedelpaese.info\\\/\",\"logo\":{\"@type\":\"ImageObject\",\"inLanguage\":\"it-IT\",\"@id\":\"https:\\\/\\\/archiviocassano.lavocedelpaese.info\\\/#\\\/schema\\\/logo\\\/image\\\/\",\"url\":\"https:\\\/\\\/archiviocassano.lavocedelpaese.info\\\/wp-content\\\/uploads\\\/2024\\\/08\\\/logo-rosso-2.png\",\"contentUrl\":\"https:\\\/\\\/archiviocassano.lavocedelpaese.info\\\/wp-content\\\/uploads\\\/2024\\\/08\\\/logo-rosso-2.png\",\"width\":491,\"height\":432,\"caption\":\"Archivio CassanoWeb\"},\"image\":{\"@id\":\"https:\\\/\\\/archiviocassano.lavocedelpaese.info\\\/#\\\/schema\\\/logo\\\/image\\\/\"},\"sameAs\":[\"https:\\\/\\\/www.facebook.com\\\/redazione.cassanoweb\"]},{\"@type\":\"Person\",\"@id\":\"https:\\\/\\\/archiviocassano.lavocedelpaese.info\\\/#\\\/schema\\\/person\\\/df195bc79a9b4c35127cf005f92e041b\",\"name\":\"admin\",\"image\":{\"@type\":\"ImageObject\",\"inLanguage\":\"it-IT\",\"@id\":\"https:\\\/\\\/secure.gravatar.com\\\/avatar\\\/eabba89a432e8eaa1b0207cc55f7e5340b22712b1ed80677efcf63e02ff5b235?s=96&d=mm&r=g\",\"url\":\"https:\\\/\\\/secure.gravatar.com\\\/avatar\\\/eabba89a432e8eaa1b0207cc55f7e5340b22712b1ed80677efcf63e02ff5b235?s=96&d=mm&r=g\",\"contentUrl\":\"https:\\\/\\\/secure.gravatar.com\\\/avatar\\\/eabba89a432e8eaa1b0207cc55f7e5340b22712b1ed80677efcf63e02ff5b235?s=96&d=mm&r=g\",\"caption\":\"admin\"},\"sameAs\":[\"https:\\\/\\\/archiviocassano.lavocedelpaese.info\"],\"url\":\"https:\\\/\\\/archiviocassano.lavocedelpaese.info\\\/index.php\\\/author\\\/admin_0qgz1xdp\\\/\"}]}<\/script>\n<!-- \/ Yoast SEO plugin. -->","yoast_head_json":{"title":"ZULLO, CASA BIANCA E COMUNE DOVE SONO STATI FINO AD OGGI? - Archivio CassanoWeb","robots":{"index":"index","follow":"follow","max-snippet":"max-snippet:-1","max-image-preview":"max-image-preview:large","max-video-preview":"max-video-preview:-1"},"canonical":"https:\/\/archiviocassano.lavocedelpaese.info\/index.php\/2009\/03\/06\/zullo-casa-bianca-e-comune-dove-sono-stati-fino-ad-oggi\/","og_locale":"it_IT","og_type":"article","og_title":"ZULLO, CASA BIANCA E COMUNE DOVE SONO STATI FINO AD OGGI? - Archivio CassanoWeb","og_description":"Apprendo di un convegno pre-elettorale sulla prevenzione in et\u00e0 scolare organizzato dai \u201cforti, onesti e gentili\u201d con \u201cCasa Bianca Hospital\u201d.","og_url":"https:\/\/archiviocassano.lavocedelpaese.info\/index.php\/2009\/03\/06\/zullo-casa-bianca-e-comune-dove-sono-stati-fino-ad-oggi\/","og_site_name":"Archivio CassanoWeb","article_publisher":"https:\/\/www.facebook.com\/redazione.cassanoweb","article_published_time":"2009-03-06T18:43:51+00:00","author":"admin","twitter_card":"summary_large_image","twitter_misc":{"Scritto da":"admin","Tempo di lettura stimato":"1 minuto"},"schema":{"@context":"https:\/\/schema.org","@graph":[{"@type":"Article","@id":"https:\/\/archiviocassano.lavocedelpaese.info\/index.php\/2009\/03\/06\/zullo-casa-bianca-e-comune-dove-sono-stati-fino-ad-oggi\/#article","isPartOf":{"@id":"https:\/\/archiviocassano.lavocedelpaese.info\/index.php\/2009\/03\/06\/zullo-casa-bianca-e-comune-dove-sono-stati-fino-ad-oggi\/"},"author":{"name":"admin","@id":"https:\/\/archiviocassano.lavocedelpaese.info\/#\/schema\/person\/df195bc79a9b4c35127cf005f92e041b"},"headline":"ZULLO, CASA BIANCA E COMUNE DOVE SONO STATI FINO AD OGGI?","datePublished":"2009-03-06T18:43:51+00:00","mainEntityOfPage":{"@id":"https:\/\/archiviocassano.lavocedelpaese.info\/index.php\/2009\/03\/06\/zullo-casa-bianca-e-comune-dove-sono-stati-fino-ad-oggi\/"},"wordCount":193,"commentCount":0,"publisher":{"@id":"https:\/\/archiviocassano.lavocedelpaese.info\/#organization"},"articleSection":["La voce del paese"],"inLanguage":"it-IT","potentialAction":[{"@type":"CommentAction","name":"Comment","target":["https:\/\/archiviocassano.lavocedelpaese.info\/index.php\/2009\/03\/06\/zullo-casa-bianca-e-comune-dove-sono-stati-fino-ad-oggi\/#respond"]}]},{"@type":"WebPage","@id":"https:\/\/archiviocassano.lavocedelpaese.info\/index.php\/2009\/03\/06\/zullo-casa-bianca-e-comune-dove-sono-stati-fino-ad-oggi\/","url":"https:\/\/archiviocassano.lavocedelpaese.info\/index.php\/2009\/03\/06\/zullo-casa-bianca-e-comune-dove-sono-stati-fino-ad-oggi\/","name":"ZULLO, CASA BIANCA E COMUNE DOVE SONO STATI FINO AD OGGI? - Archivio CassanoWeb","isPartOf":{"@id":"https:\/\/archiviocassano.lavocedelpaese.info\/#website"},"datePublished":"2009-03-06T18:43:51+00:00","breadcrumb":{"@id":"https:\/\/archiviocassano.lavocedelpaese.info\/index.php\/2009\/03\/06\/zullo-casa-bianca-e-comune-dove-sono-stati-fino-ad-oggi\/#breadcrumb"},"inLanguage":"it-IT","potentialAction":[{"@type":"ReadAction","target":["https:\/\/archiviocassano.lavocedelpaese.info\/index.php\/2009\/03\/06\/zullo-casa-bianca-e-comune-dove-sono-stati-fino-ad-oggi\/"]}]},{"@type":"BreadcrumbList","@id":"https:\/\/archiviocassano.lavocedelpaese.info\/index.php\/2009\/03\/06\/zullo-casa-bianca-e-comune-dove-sono-stati-fino-ad-oggi\/#breadcrumb","itemListElement":[{"@type":"ListItem","position":1,"name":"Home","item":"https:\/\/archiviocassano.lavocedelpaese.info\/"},{"@type":"ListItem","position":2,"name":"ZULLO, CASA BIANCA E COMUNE DOVE SONO STATI FINO AD OGGI?"}]},{"@type":"WebSite","@id":"https:\/\/archiviocassano.lavocedelpaese.info\/#website","url":"https:\/\/archiviocassano.lavocedelpaese.info\/","name":"Archivio CassanoWeb","description":"La Voce del Paese - un network di idee","publisher":{"@id":"https:\/\/archiviocassano.lavocedelpaese.info\/#organization"},"potentialAction":[{"@type":"SearchAction","target":{"@type":"EntryPoint","urlTemplate":"https:\/\/archiviocassano.lavocedelpaese.info\/?s={search_term_string}"},"query-input":{"@type":"PropertyValueSpecification","valueRequired":true,"valueName":"search_term_string"}}],"inLanguage":"it-IT"},{"@type":"Organization","@id":"https:\/\/archiviocassano.lavocedelpaese.info\/#organization","name":"Archivio CassanoWeb","url":"https:\/\/archiviocassano.lavocedelpaese.info\/","logo":{"@type":"ImageObject","inLanguage":"it-IT","@id":"https:\/\/archiviocassano.lavocedelpaese.info\/#\/schema\/logo\/image\/","url":"https:\/\/archiviocassano.lavocedelpaese.info\/wp-content\/uploads\/2024\/08\/logo-rosso-2.png","contentUrl":"https:\/\/archiviocassano.lavocedelpaese.info\/wp-content\/uploads\/2024\/08\/logo-rosso-2.png","width":491,"height":432,"caption":"Archivio CassanoWeb"},"image":{"@id":"https:\/\/archiviocassano.lavocedelpaese.info\/#\/schema\/logo\/image\/"},"sameAs":["https:\/\/www.facebook.com\/redazione.cassanoweb"]},{"@type":"Person","@id":"https:\/\/archiviocassano.lavocedelpaese.info\/#\/schema\/person\/df195bc79a9b4c35127cf005f92e041b","name":"admin","image":{"@type":"ImageObject","inLanguage":"it-IT","@id":"https:\/\/secure.gravatar.com\/avatar\/eabba89a432e8eaa1b0207cc55f7e5340b22712b1ed80677efcf63e02ff5b235?s=96&d=mm&r=g","url":"https:\/\/secure.gravatar.com\/avatar\/eabba89a432e8eaa1b0207cc55f7e5340b22712b1ed80677efcf63e02ff5b235?s=96&d=mm&r=g","contentUrl":"https:\/\/secure.gravatar.com\/avatar\/eabba89a432e8eaa1b0207cc55f7e5340b22712b1ed80677efcf63e02ff5b235?s=96&d=mm&r=g","caption":"admin"},"sameAs":["https:\/\/archiviocassano.lavocedelpaese.info"],"url":"https:\/\/archiviocassano.lavocedelpaese.info\/index.php\/author\/admin_0qgz1xdp\/"}]}},"_links":{"self":[{"href":"https:\/\/archiviocassano.lavocedelpaese.info\/index.php\/wp-json\/wp\/v2\/posts\/2741","targetHints":{"allow":["GET"]}}],"collection":[{"href":"https:\/\/archiviocassano.lavocedelpaese.info\/index.php\/wp-json\/wp\/v2\/posts"}],"about":[{"href":"https:\/\/archiviocassano.lavocedelpaese.info\/index.php\/wp-json\/wp\/v2\/types\/post"}],"author":[{"embeddable":true,"href":"https:\/\/archiviocassano.lavocedelpaese.info\/index.php\/wp-json\/wp\/v2\/users\/1"}],"replies":[{"embeddable":true,"href":"https:\/\/archiviocassano.lavocedelpaese.info\/index.php\/wp-json\/wp\/v2\/comments?post=2741"}],"version-history":[{"count":0,"href":"https:\/\/archiviocassano.lavocedelpaese.info\/index.php\/wp-json\/wp\/v2\/posts\/2741\/revisions"}],"wp:attachment":[{"href":"https:\/\/archiviocassano.lavocedelpaese.info\/index.php\/wp-json\/wp\/v2\/media?parent=2741"}],"wp:term":[{"taxonomy":"category","embeddable":true,"href":"https:\/\/archiviocassano.lavocedelpaese.info\/index.php\/wp-json\/wp\/v2\/categories?post=2741"},{"taxonomy":"post_tag","embeddable":true,"href":"https:\/\/archiviocassano.lavocedelpaese.info\/index.php\/wp-json\/wp\/v2\/tags?post=2741"}],"curies":[{"name":"wp","href":"https:\/\/api.w.org\/{rel}","templated":true}]}}