{"id":2772,"date":"2009-03-16T12:58:54","date_gmt":"2009-03-16T12:58:54","guid":{"rendered":"https:\/\/archiviocassano.lavocedelpaese.info\/index.php\/2009\/03\/16\/assegno-di-maternita-e-nucleo-familiare-al-via-le-domande-in-comune\/"},"modified":"2009-03-16T12:58:54","modified_gmt":"2009-03-16T12:58:54","slug":"assegno-di-maternita-e-nucleo-familiare-al-via-le-domande-in-comune","status":"publish","type":"post","link":"https:\/\/archiviocassano.lavocedelpaese.info\/index.php\/2009\/03\/16\/assegno-di-maternita-e-nucleo-familiare-al-via-le-domande-in-comune\/","title":{"rendered":"ASSEGNO DI MATERNITA\u2019 E NUCLEO FAMILIARE: AL VIA LE DOMANDE IN COMUNE"},"content":{"rendered":"<p><img loading=\"lazy\" decoding=\"async\" src=\"images\/stories\/archiviofoto\/stemma.jpg\" alt=\"stemma.jpg\" title=\"stemma.jpg\" style=\"margin: 5px; float: left; width: 170px; height: 186px\" width=\"170\" height=\"186\" \/><\/p>\n<p><!--more--><br \/>\n<meta http-equiv=\"Content-Type\" content=\"text\/html; charset=utf-8\" \/><br \/>\n<meta name=\"ProgId\" content=\"Word.Document\" \/><br \/>\n<meta name=\"Generator\" content=\"Microsoft Word 10\" \/><br \/>\n<meta name=\"Originator\" content=\"Microsoft Word 10\" \/>\n<link href=\"file:\/\/\/C:%5CDOCUME%7E1%5CATIPIC%7E1%5CIMPOST%7E1%5CTemp%5Cmsohtml1%5C01%5Cclip_filelist.xml\" rel=\"File-List\" \/>\n<!--[if gte mso 9]><xml>\n<w:WordDocument>\n<w:View>Normal<\/w:View>\n<w:Zoom>0<\/w:Zoom>\n<w:HyphenationZone>14<\/w:HyphenationZone>\n<w:Compatibility>\n<w:BreakWrappedTables\/>\n<w:SnapToGridInCell\/>\n<w:WrapTextWithPunct\/>\n<w:UseAsianBreakRules\/>\n<\/w:Compatibility>\n<w:BrowserLevel>MicrosoftInternetExplorer4<\/w:BrowserLevel>\n<\/w:WordDocument>\n<\/xml><![endif]--><\/p>\n<style>\n<!--\n\/* Font Definitions *\/\n@font-face\n{font-family:Verdana;\npanose-1:2 11 6 4 3 5 4 4 2 4;\nmso-font-charset:0;\nmso-generic-font-family:swiss;\nmso-font-pitch:variable;\nmso-font-signature:536871559 0 0 0 415 0;}\n\/* Style Definitions *\/\np.MsoNormal, li.MsoNormal, div.MsoNormal\n{mso-style-parent:\"\";\nmargin:0cm;\nmargin-bottom:.0001pt;\nmso-pagination:widow-orphan;\nfont-size:12.0pt;\nfont-family:\"Times New Roman\";\nmso-fareast-font-family:\"Times New Roman\";}\np\n{mso-margin-top-alt:auto;\nmargin-right:0cm;\nmso-margin-bottom-alt:auto;\nmargin-left:0cm;\nmso-pagination:widow-orphan;\nfont-size:12.0pt;\nfont-family:\"Times New Roman\";\nmso-fareast-font-family:\"Times New Roman\";}\n@page Section1\n{size:595.3pt 841.9pt;\nmargin:70.85pt 2.0cm 2.0cm 2.0cm;\nmso-header-margin:35.4pt;\nmso-footer-margin:35.4pt;\nmso-paper-source:0;}\ndiv.Section1\n{page:Section1;}\n-->\n<\/style>\n<p><!--[if gte mso 10]>\n\n\n<style>\n\/* Style Definitions *\/\ntable.MsoNormalTable\n{mso-style-name:\"Tabella normale\";\nmso-tstyle-rowband-size:0;\nmso-tstyle-colband-size:0;\nmso-style-noshow:yes;\nmso-style-parent:\"\";\nmso-padding-alt:0cm 5.4pt 0cm 5.4pt;\nmso-para-margin:0cm;\nmso-para-margin-bottom:.0001pt;\nmso-pagination:widow-orphan;\nfont-size:10.0pt;\nfont-family:\"Times New Roman\";}\n<\/style>\n\n\n<![endif]--><\/p>\n<p style=\"text-align: justify\">\n<span style=\"font-size: 10pt; font-family: Verdana\">Anche<br \/>\nper l\u2019anno 2009 potranno essere richiesti i contributi per l\u2019assegno nucleo<br \/>\nfamiliare numeroso e per l\u2019assegno di maternit\u00e0. <o:p><\/o:p><\/span>\n<\/p>\n<p style=\"text-align: justify\">\n<span style=\"font-size: 10pt; font-family: Verdana\">Lo<br \/>\nredne noto il Comune di Cassano \u2013 Assessorato ai Servizi Sociali.<o:p><\/o:p><\/span>\n<\/p>\n<p class=\"MsoNormal\" style=\"text-align: justify\">\n<b><span style=\"font-size: 10pt; font-family: Verdana\"><o:p>\u00a0<\/o:p><\/span><\/b>\n<\/p>\n<p class=\"MsoNormal\" style=\"text-align: justify\">\n<b><span style=\"font-size: 10pt; font-family: Verdana\">L\u2019assegno<br \/>\nper il nucleo familiare<o:p><\/o:p><\/span><\/b>\n<\/p>\n<p class=\"MsoNormal\" style=\"text-align: justify\">\n<span style=\"font-size: 10pt; font-family: Verdana\"><o:p>\u00a0<\/o:p><\/span>\n<\/p>\n<p class=\"MsoNormal\" style=\"text-align: justify\">\n<span style=\"font-size: 10pt; font-family: Verdana\">E\u2019 un<br \/>\ncontributo economico di <b>\u20ac. 128,89<\/b><br \/>\nmensili che viene dato ai nuclei familiari con almeno tre figli minori, per<br \/>\ntredici mensilit\u00e0 annue.<o:p><\/o:p><\/span>\n<\/p>\n<p class=\"MsoNormal\" style=\"text-align: justify\">\n<span style=\"font-size: 10pt; font-family: Verdana\"><o:p>\u00a0<\/o:p><\/span>\n<\/p>\n<p class=\"MsoNormal\" style=\"text-align: justify\">\n<span style=\"font-size: 10pt; font-family: Verdana\">E\u2019<br \/>\nrivolto alle famiglie nel cui nucleo familiare siano presenti almeno tre figli<br \/>\nminori.<o:p><\/o:p><\/span>\n<\/p>\n<p class=\"MsoNormal\" style=\"text-align: justify\">\n<span style=\"font-size: 10pt; font-family: Verdana\">Pu\u00f2<br \/>\npresentare domanda uno dei genitori responsabile delle dichiarazioni<br \/>\nanagrafiche, residente, in possesso di cittadinanza italiana o comunitaria.<o:p><\/o:p><\/span>\n<\/p>\n<p class=\"MsoNormal\" style=\"text-align: justify\">\n<span style=\"font-size: 10pt; font-family: Verdana\"><o:p>\u00a0<\/o:p><\/span>\n<\/p>\n<p class=\"MsoNormal\" style=\"text-align: justify\">\n<span style=\"font-size: 10pt; font-family: Verdana\">Per<br \/>\nrichiedere l\u2019assegno \u00e8 necessario che il nucleo familiare non superi, per<br \/>\nl\u2019anno 2009, <b>\u20ac. 23.200,30 di ISE<\/b><span><br \/>\n<\/span>(Indicatore della Situazione Economica) se formato da cinque componenti.<span><o:p><\/o:p><\/span><\/span>\n<\/p>\n<p class=\"MsoNormal\" style=\"text-align: justify\">\n<span style=\"font-size: 10pt; font-family: Verdana\"><o:p>\u00a0<\/o:p><\/span>\n<\/p>\n<p class=\"MsoNormal\" style=\"text-align: justify\">\n<span style=\"font-size: 10pt; font-family: Verdana\">Per i<br \/>\nnuclei familiari di diversa composizione detto requisito \u00e8 riparametrato sulla<br \/>\nbase di una scala di equivalenza e il calcolo della misura delle prestazioni da<br \/>\nerogare sono effettuate secondo le procedure di cui all\u2019allegato A del Decreto<br \/>\ndel Ministro per la Solidariet\u00e0 sociale 21.12.2000 n. 452 come modificato dal decreto<br \/>\ndel Ministro per la Solidariet\u00e0 sociale 25.05.2001 n.337.<o:p><\/o:p><\/span>\n<\/p>\n<p class=\"MsoNormal\" style=\"text-align: justify\">\n<b><span style=\"font-size: 10pt; font-family: Verdana\"><o:p>\u00a0<\/o:p><\/span><\/b>\n<\/p>\n<p class=\"MsoNormal\" style=\"text-align: justify\">\n<b><span style=\"font-size: 10pt; font-family: Verdana\">L\u2019assegno<br \/>\ndi maternita\u2019<o:p><\/o:p><\/span><\/b>\n<\/p>\n<p class=\"MsoNormal\" style=\"text-align: justify\">\n<span style=\"font-size: 10pt; font-family: Verdana\"><o:p>\u00a0<\/o:p><\/span>\n<\/p>\n<p class=\"MsoNormal\" style=\"text-align: justify\">\n<span style=\"font-size: 10pt; font-family: Verdana\">E\u2019 un<br \/>\ncontributo economico di <b>\u20ac. 1.545,55 <\/b>che viene dato, per cinque mesi,<br \/>\nalle donne che hanno partorito oppure adottato un minore o in caso di<br \/>\naffidamento preadottivo.<o:p><\/o:p><\/span>\n<\/p>\n<p class=\"MsoNormal\" style=\"text-align: justify\">\n<span style=\"font-size: 10pt; font-family: Verdana\"><o:p>\u00a0<\/o:p><\/span>\n<\/p>\n<p class=\"MsoNormal\" style=\"text-align: justify\">\n<span style=\"font-size: 10pt; font-family: Verdana\">E\u2019<br \/>\nrivolto alle madri residenti, cittadine italiane o comunitarie in possesso<br \/>\ndella carta di soggiorno, che non beneficiano del trattamento previdenziale<br \/>\ndell\u2019indennit\u00e0 di maternit\u00e0, o che percepiscano una indennit\u00e0 inferiore ad \u20ac.<br \/>\n309.11 mensili, e il cui nucleo familiare, <span>non superi per l\u2019anno 2009<\/span>, <b>\u20ac. 32.222,66 di ISE<\/b> (Indicatore<br \/>\ndella Situazione Economica) se formato da tre componenti.<o:p><\/o:p><\/span>\n<\/p>\n<p class=\"MsoNormal\" style=\"text-align: justify\">\n<span style=\"font-size: 10pt; font-family: Verdana\"><o:p>\u00a0<\/o:p><\/span>\n<\/p>\n<p class=\"MsoNormal\" style=\"text-align: justify\">\n<span style=\"font-size: 10pt; font-family: Verdana\">Per i<br \/>\nnuclei familiari di diversa composizione detto requisito \u00e8 riparametrato sulla<br \/>\nbase di una scala di equivalenza e il calcolo della misura delle prestazioni da<br \/>\nerogare sono effettuate secondo le procedure di cui all\u2019allegato A del Decreto<br \/>\ndel Ministro per la Solidariet\u00e0 sociale 21.12.2000 n. 452 come modificato dal decreto<br \/>\ndel Ministro per la Solidariet\u00e0 sociale 25.05.2001 n.337.<o:p><\/o:p><\/span>\n<\/p>\n<p class=\"MsoNormal\" style=\"text-align: justify\">\n<span style=\"font-size: 10pt; font-family: Verdana\"><o:p>\u00a0<\/o:p><\/span>\n<\/p>\n<p class=\"MsoNormal\" style=\"text-align: justify\">\n<span style=\"font-size: 10pt; font-family: Verdana; color: black\">Le domande da redigere su appositi modelli sono disponibili presso<br \/>\nl\u2019Ufficio Servizi Sociali \u2013 P.zza A. Moro e <u><b><span style=\"color: #0000ff\"><a href=\"http:\/\/www.comune.cassanodellemurge.ba.it\/index.php?option=com_content&amp;view=frontpage&amp;Itemid=1\" target=\"_blank\" rel=\"noopener\">sul sito <\/a><\/span><\/b><\/u> <\/span><span style=\"font-size: 10pt; font-family: Verdana; color: blue\"><span style=\"color: black\"><u><b><span style=\"color: #0000ff\"><a href=\"http:\/\/www.comune.cassanodellemurge.ba.it\/index.php?option=com_content&amp;view=frontpage&amp;Itemid=1\" target=\"_blank\" rel=\"noopener\">del Comune<\/a><\/span><\/b><\/u> <\/span><\/span><span style=\"font-size: 10pt; font-family: Verdana; color: black\"><o:p><\/o:p><\/span>\n<\/p>\n<p class=\"MsoNormal\" style=\"text-align: justify\">\n<span style=\"font-size: 10pt; font-family: Verdana; color: black\"><o:p>\u00a0<\/o:p><\/span>\n<\/p>\n<p class=\"MsoNormal\" style=\"text-align: justify\">\n<span style=\"font-size: 10pt; font-family: Verdana; color: black\">Per eventuali informazioni rivolgersi alla sig.ra Caradonna Anna<br \/>\nMaria.<o:p><\/o:p><\/span>\n<\/p>\n<p class=\"MsoNormal\" style=\"text-align: justify\">\n<span style=\"font-size: 10pt; font-family: Verdana; color: black\"><o:p>\u00a0<\/o:p><\/span>\n<\/p>\n<p class=\"MsoNormal\" style=\"text-align: justify\">\n<span style=\"font-size: 10pt; font-family: Verdana; color: black\">Questa la Documentazione da allegare:<o:p><\/o:p><\/span>\n<\/p>\n<p class=\"MsoNormal\" style=\"text-align: justify\">\n<span style=\"font-size: 10pt; font-family: Verdana; color: black\">\u00b7 <\/span><span style=\"font-size: 10pt; font-family: Verdana; color: black\">la dichiarazione sostitutiva unica compresa<br \/>\nl\u2019attestazione ISE<o:p><\/o:p><\/span>\n<\/p>\n<p class=\"MsoNormal\" style=\"text-align: justify\">\n<span style=\"font-size: 10pt; font-family: Verdana; color: black\">\u00b7 <\/span><span style=\"font-size: 10pt; font-family: Verdana; color: black\">fotocopia del documento di riconoscimento in<br \/>\ncorso di validit\u00e0.<o:p><\/o:p><\/span>\n<\/p>\n<p class=\"MsoNormal\" style=\"text-align: justify\">\n<o:p>\u00a0<\/o:p><\/p>\n","protected":false},"excerpt":{"rendered":"","protected":false},"author":1,"featured_media":0,"comment_status":"open","ping_status":"closed","sticky":false,"template":"","format":"standard","meta":{"colormag_page_container_layout":"default_layout","colormag_page_sidebar_layout":"default_layout","footnotes":""},"categories":[7],"tags":[],"class_list":["post-2772","post","type-post","status-publish","format-standard","hentry","category-attualita"],"yoast_head":"<!-- This site is optimized with the Yoast SEO plugin v27.5 - https:\/\/yoast.com\/product\/yoast-seo-wordpress\/ -->\n<title>ASSEGNO DI MATERNITA\u2019 E NUCLEO FAMILIARE: AL VIA LE DOMANDE IN COMUNE - Archivio CassanoWeb<\/title>\n<meta name=\"robots\" content=\"index, follow, max-snippet:-1, max-image-preview:large, max-video-preview:-1\" \/>\n<link rel=\"canonical\" href=\"https:\/\/archiviocassano.lavocedelpaese.info\/index.php\/2009\/03\/16\/assegno-di-maternita-e-nucleo-familiare-al-via-le-domande-in-comune\/\" \/>\n<meta property=\"og:locale\" content=\"it_IT\" \/>\n<meta property=\"og:type\" content=\"article\" \/>\n<meta property=\"og:title\" content=\"ASSEGNO DI MATERNITA\u2019 E NUCLEO FAMILIARE: AL VIA LE DOMANDE IN COMUNE - Archivio CassanoWeb\" \/>\n<meta property=\"og:url\" content=\"https:\/\/archiviocassano.lavocedelpaese.info\/index.php\/2009\/03\/16\/assegno-di-maternita-e-nucleo-familiare-al-via-le-domande-in-comune\/\" \/>\n<meta property=\"og:site_name\" content=\"Archivio CassanoWeb\" \/>\n<meta property=\"article:publisher\" content=\"https:\/\/www.facebook.com\/redazione.cassanoweb\" \/>\n<meta property=\"article:published_time\" content=\"2009-03-16T12:58:54+00:00\" \/>\n<meta name=\"author\" content=\"admin\" \/>\n<meta name=\"twitter:card\" content=\"summary_large_image\" \/>\n<meta name=\"twitter:label1\" content=\"Scritto da\" \/>\n\t<meta name=\"twitter:data1\" content=\"admin\" \/>\n\t<meta name=\"twitter:label2\" content=\"Tempo di lettura stimato\" \/>\n\t<meta name=\"twitter:data2\" content=\"2 minuti\" \/>\n<script type=\"application\/ld+json\" class=\"yoast-schema-graph\">{\"@context\":\"https:\\\/\\\/schema.org\",\"@graph\":[{\"@type\":\"Article\",\"@id\":\"https:\\\/\\\/archiviocassano.lavocedelpaese.info\\\/index.php\\\/2009\\\/03\\\/16\\\/assegno-di-maternita-e-nucleo-familiare-al-via-le-domande-in-comune\\\/#article\",\"isPartOf\":{\"@id\":\"https:\\\/\\\/archiviocassano.lavocedelpaese.info\\\/index.php\\\/2009\\\/03\\\/16\\\/assegno-di-maternita-e-nucleo-familiare-al-via-le-domande-in-comune\\\/\"},\"author\":{\"name\":\"admin\",\"@id\":\"https:\\\/\\\/archiviocassano.lavocedelpaese.info\\\/#\\\/schema\\\/person\\\/df195bc79a9b4c35127cf005f92e041b\"},\"headline\":\"ASSEGNO DI MATERNITA\u2019 E NUCLEO FAMILIARE: AL VIA LE DOMANDE IN COMUNE\",\"datePublished\":\"2009-03-16T12:58:54+00:00\",\"mainEntityOfPage\":{\"@id\":\"https:\\\/\\\/archiviocassano.lavocedelpaese.info\\\/index.php\\\/2009\\\/03\\\/16\\\/assegno-di-maternita-e-nucleo-familiare-al-via-le-domande-in-comune\\\/\"},\"wordCount\":379,\"commentCount\":0,\"publisher\":{\"@id\":\"https:\\\/\\\/archiviocassano.lavocedelpaese.info\\\/#organization\"},\"articleSection\":[\"Attualit\u00e0\"],\"inLanguage\":\"it-IT\",\"potentialAction\":[{\"@type\":\"CommentAction\",\"name\":\"Comment\",\"target\":[\"https:\\\/\\\/archiviocassano.lavocedelpaese.info\\\/index.php\\\/2009\\\/03\\\/16\\\/assegno-di-maternita-e-nucleo-familiare-al-via-le-domande-in-comune\\\/#respond\"]}]},{\"@type\":\"WebPage\",\"@id\":\"https:\\\/\\\/archiviocassano.lavocedelpaese.info\\\/index.php\\\/2009\\\/03\\\/16\\\/assegno-di-maternita-e-nucleo-familiare-al-via-le-domande-in-comune\\\/\",\"url\":\"https:\\\/\\\/archiviocassano.lavocedelpaese.info\\\/index.php\\\/2009\\\/03\\\/16\\\/assegno-di-maternita-e-nucleo-familiare-al-via-le-domande-in-comune\\\/\",\"name\":\"ASSEGNO DI MATERNITA\u2019 E NUCLEO FAMILIARE: AL VIA LE DOMANDE IN COMUNE - Archivio CassanoWeb\",\"isPartOf\":{\"@id\":\"https:\\\/\\\/archiviocassano.lavocedelpaese.info\\\/#website\"},\"datePublished\":\"2009-03-16T12:58:54+00:00\",\"breadcrumb\":{\"@id\":\"https:\\\/\\\/archiviocassano.lavocedelpaese.info\\\/index.php\\\/2009\\\/03\\\/16\\\/assegno-di-maternita-e-nucleo-familiare-al-via-le-domande-in-comune\\\/#breadcrumb\"},\"inLanguage\":\"it-IT\",\"potentialAction\":[{\"@type\":\"ReadAction\",\"target\":[\"https:\\\/\\\/archiviocassano.lavocedelpaese.info\\\/index.php\\\/2009\\\/03\\\/16\\\/assegno-di-maternita-e-nucleo-familiare-al-via-le-domande-in-comune\\\/\"]}]},{\"@type\":\"BreadcrumbList\",\"@id\":\"https:\\\/\\\/archiviocassano.lavocedelpaese.info\\\/index.php\\\/2009\\\/03\\\/16\\\/assegno-di-maternita-e-nucleo-familiare-al-via-le-domande-in-comune\\\/#breadcrumb\",\"itemListElement\":[{\"@type\":\"ListItem\",\"position\":1,\"name\":\"Home\",\"item\":\"https:\\\/\\\/archiviocassano.lavocedelpaese.info\\\/\"},{\"@type\":\"ListItem\",\"position\":2,\"name\":\"ASSEGNO DI MATERNITA\u2019 E NUCLEO FAMILIARE: AL VIA LE DOMANDE IN COMUNE\"}]},{\"@type\":\"WebSite\",\"@id\":\"https:\\\/\\\/archiviocassano.lavocedelpaese.info\\\/#website\",\"url\":\"https:\\\/\\\/archiviocassano.lavocedelpaese.info\\\/\",\"name\":\"Archivio CassanoWeb\",\"description\":\"La Voce del Paese - un network di idee\",\"publisher\":{\"@id\":\"https:\\\/\\\/archiviocassano.lavocedelpaese.info\\\/#organization\"},\"potentialAction\":[{\"@type\":\"SearchAction\",\"target\":{\"@type\":\"EntryPoint\",\"urlTemplate\":\"https:\\\/\\\/archiviocassano.lavocedelpaese.info\\\/?s={search_term_string}\"},\"query-input\":{\"@type\":\"PropertyValueSpecification\",\"valueRequired\":true,\"valueName\":\"search_term_string\"}}],\"inLanguage\":\"it-IT\"},{\"@type\":\"Organization\",\"@id\":\"https:\\\/\\\/archiviocassano.lavocedelpaese.info\\\/#organization\",\"name\":\"Archivio CassanoWeb\",\"url\":\"https:\\\/\\\/archiviocassano.lavocedelpaese.info\\\/\",\"logo\":{\"@type\":\"ImageObject\",\"inLanguage\":\"it-IT\",\"@id\":\"https:\\\/\\\/archiviocassano.lavocedelpaese.info\\\/#\\\/schema\\\/logo\\\/image\\\/\",\"url\":\"https:\\\/\\\/archiviocassano.lavocedelpaese.info\\\/wp-content\\\/uploads\\\/2024\\\/08\\\/logo-rosso-2.png\",\"contentUrl\":\"https:\\\/\\\/archiviocassano.lavocedelpaese.info\\\/wp-content\\\/uploads\\\/2024\\\/08\\\/logo-rosso-2.png\",\"width\":491,\"height\":432,\"caption\":\"Archivio CassanoWeb\"},\"image\":{\"@id\":\"https:\\\/\\\/archiviocassano.lavocedelpaese.info\\\/#\\\/schema\\\/logo\\\/image\\\/\"},\"sameAs\":[\"https:\\\/\\\/www.facebook.com\\\/redazione.cassanoweb\"]},{\"@type\":\"Person\",\"@id\":\"https:\\\/\\\/archiviocassano.lavocedelpaese.info\\\/#\\\/schema\\\/person\\\/df195bc79a9b4c35127cf005f92e041b\",\"name\":\"admin\",\"image\":{\"@type\":\"ImageObject\",\"inLanguage\":\"it-IT\",\"@id\":\"https:\\\/\\\/secure.gravatar.com\\\/avatar\\\/eabba89a432e8eaa1b0207cc55f7e5340b22712b1ed80677efcf63e02ff5b235?s=96&d=mm&r=g\",\"url\":\"https:\\\/\\\/secure.gravatar.com\\\/avatar\\\/eabba89a432e8eaa1b0207cc55f7e5340b22712b1ed80677efcf63e02ff5b235?s=96&d=mm&r=g\",\"contentUrl\":\"https:\\\/\\\/secure.gravatar.com\\\/avatar\\\/eabba89a432e8eaa1b0207cc55f7e5340b22712b1ed80677efcf63e02ff5b235?s=96&d=mm&r=g\",\"caption\":\"admin\"},\"sameAs\":[\"https:\\\/\\\/archiviocassano.lavocedelpaese.info\"],\"url\":\"https:\\\/\\\/archiviocassano.lavocedelpaese.info\\\/index.php\\\/author\\\/admin_0qgz1xdp\\\/\"}]}<\/script>\n<!-- \/ Yoast SEO plugin. -->","yoast_head_json":{"title":"ASSEGNO DI MATERNITA\u2019 E NUCLEO FAMILIARE: AL VIA LE DOMANDE IN COMUNE - Archivio CassanoWeb","robots":{"index":"index","follow":"follow","max-snippet":"max-snippet:-1","max-image-preview":"max-image-preview:large","max-video-preview":"max-video-preview:-1"},"canonical":"https:\/\/archiviocassano.lavocedelpaese.info\/index.php\/2009\/03\/16\/assegno-di-maternita-e-nucleo-familiare-al-via-le-domande-in-comune\/","og_locale":"it_IT","og_type":"article","og_title":"ASSEGNO DI MATERNITA\u2019 E NUCLEO FAMILIARE: AL VIA LE DOMANDE IN COMUNE - Archivio CassanoWeb","og_url":"https:\/\/archiviocassano.lavocedelpaese.info\/index.php\/2009\/03\/16\/assegno-di-maternita-e-nucleo-familiare-al-via-le-domande-in-comune\/","og_site_name":"Archivio CassanoWeb","article_publisher":"https:\/\/www.facebook.com\/redazione.cassanoweb","article_published_time":"2009-03-16T12:58:54+00:00","author":"admin","twitter_card":"summary_large_image","twitter_misc":{"Scritto da":"admin","Tempo di lettura stimato":"2 minuti"},"schema":{"@context":"https:\/\/schema.org","@graph":[{"@type":"Article","@id":"https:\/\/archiviocassano.lavocedelpaese.info\/index.php\/2009\/03\/16\/assegno-di-maternita-e-nucleo-familiare-al-via-le-domande-in-comune\/#article","isPartOf":{"@id":"https:\/\/archiviocassano.lavocedelpaese.info\/index.php\/2009\/03\/16\/assegno-di-maternita-e-nucleo-familiare-al-via-le-domande-in-comune\/"},"author":{"name":"admin","@id":"https:\/\/archiviocassano.lavocedelpaese.info\/#\/schema\/person\/df195bc79a9b4c35127cf005f92e041b"},"headline":"ASSEGNO DI MATERNITA\u2019 E NUCLEO FAMILIARE: AL VIA LE DOMANDE IN COMUNE","datePublished":"2009-03-16T12:58:54+00:00","mainEntityOfPage":{"@id":"https:\/\/archiviocassano.lavocedelpaese.info\/index.php\/2009\/03\/16\/assegno-di-maternita-e-nucleo-familiare-al-via-le-domande-in-comune\/"},"wordCount":379,"commentCount":0,"publisher":{"@id":"https:\/\/archiviocassano.lavocedelpaese.info\/#organization"},"articleSection":["Attualit\u00e0"],"inLanguage":"it-IT","potentialAction":[{"@type":"CommentAction","name":"Comment","target":["https:\/\/archiviocassano.lavocedelpaese.info\/index.php\/2009\/03\/16\/assegno-di-maternita-e-nucleo-familiare-al-via-le-domande-in-comune\/#respond"]}]},{"@type":"WebPage","@id":"https:\/\/archiviocassano.lavocedelpaese.info\/index.php\/2009\/03\/16\/assegno-di-maternita-e-nucleo-familiare-al-via-le-domande-in-comune\/","url":"https:\/\/archiviocassano.lavocedelpaese.info\/index.php\/2009\/03\/16\/assegno-di-maternita-e-nucleo-familiare-al-via-le-domande-in-comune\/","name":"ASSEGNO DI MATERNITA\u2019 E NUCLEO FAMILIARE: AL VIA LE DOMANDE IN COMUNE - Archivio CassanoWeb","isPartOf":{"@id":"https:\/\/archiviocassano.lavocedelpaese.info\/#website"},"datePublished":"2009-03-16T12:58:54+00:00","breadcrumb":{"@id":"https:\/\/archiviocassano.lavocedelpaese.info\/index.php\/2009\/03\/16\/assegno-di-maternita-e-nucleo-familiare-al-via-le-domande-in-comune\/#breadcrumb"},"inLanguage":"it-IT","potentialAction":[{"@type":"ReadAction","target":["https:\/\/archiviocassano.lavocedelpaese.info\/index.php\/2009\/03\/16\/assegno-di-maternita-e-nucleo-familiare-al-via-le-domande-in-comune\/"]}]},{"@type":"BreadcrumbList","@id":"https:\/\/archiviocassano.lavocedelpaese.info\/index.php\/2009\/03\/16\/assegno-di-maternita-e-nucleo-familiare-al-via-le-domande-in-comune\/#breadcrumb","itemListElement":[{"@type":"ListItem","position":1,"name":"Home","item":"https:\/\/archiviocassano.lavocedelpaese.info\/"},{"@type":"ListItem","position":2,"name":"ASSEGNO DI MATERNITA\u2019 E NUCLEO FAMILIARE: AL VIA LE DOMANDE IN COMUNE"}]},{"@type":"WebSite","@id":"https:\/\/archiviocassano.lavocedelpaese.info\/#website","url":"https:\/\/archiviocassano.lavocedelpaese.info\/","name":"Archivio CassanoWeb","description":"La Voce del Paese - un network di idee","publisher":{"@id":"https:\/\/archiviocassano.lavocedelpaese.info\/#organization"},"potentialAction":[{"@type":"SearchAction","target":{"@type":"EntryPoint","urlTemplate":"https:\/\/archiviocassano.lavocedelpaese.info\/?s={search_term_string}"},"query-input":{"@type":"PropertyValueSpecification","valueRequired":true,"valueName":"search_term_string"}}],"inLanguage":"it-IT"},{"@type":"Organization","@id":"https:\/\/archiviocassano.lavocedelpaese.info\/#organization","name":"Archivio CassanoWeb","url":"https:\/\/archiviocassano.lavocedelpaese.info\/","logo":{"@type":"ImageObject","inLanguage":"it-IT","@id":"https:\/\/archiviocassano.lavocedelpaese.info\/#\/schema\/logo\/image\/","url":"https:\/\/archiviocassano.lavocedelpaese.info\/wp-content\/uploads\/2024\/08\/logo-rosso-2.png","contentUrl":"https:\/\/archiviocassano.lavocedelpaese.info\/wp-content\/uploads\/2024\/08\/logo-rosso-2.png","width":491,"height":432,"caption":"Archivio CassanoWeb"},"image":{"@id":"https:\/\/archiviocassano.lavocedelpaese.info\/#\/schema\/logo\/image\/"},"sameAs":["https:\/\/www.facebook.com\/redazione.cassanoweb"]},{"@type":"Person","@id":"https:\/\/archiviocassano.lavocedelpaese.info\/#\/schema\/person\/df195bc79a9b4c35127cf005f92e041b","name":"admin","image":{"@type":"ImageObject","inLanguage":"it-IT","@id":"https:\/\/secure.gravatar.com\/avatar\/eabba89a432e8eaa1b0207cc55f7e5340b22712b1ed80677efcf63e02ff5b235?s=96&d=mm&r=g","url":"https:\/\/secure.gravatar.com\/avatar\/eabba89a432e8eaa1b0207cc55f7e5340b22712b1ed80677efcf63e02ff5b235?s=96&d=mm&r=g","contentUrl":"https:\/\/secure.gravatar.com\/avatar\/eabba89a432e8eaa1b0207cc55f7e5340b22712b1ed80677efcf63e02ff5b235?s=96&d=mm&r=g","caption":"admin"},"sameAs":["https:\/\/archiviocassano.lavocedelpaese.info"],"url":"https:\/\/archiviocassano.lavocedelpaese.info\/index.php\/author\/admin_0qgz1xdp\/"}]}},"_links":{"self":[{"href":"https:\/\/archiviocassano.lavocedelpaese.info\/index.php\/wp-json\/wp\/v2\/posts\/2772","targetHints":{"allow":["GET"]}}],"collection":[{"href":"https:\/\/archiviocassano.lavocedelpaese.info\/index.php\/wp-json\/wp\/v2\/posts"}],"about":[{"href":"https:\/\/archiviocassano.lavocedelpaese.info\/index.php\/wp-json\/wp\/v2\/types\/post"}],"author":[{"embeddable":true,"href":"https:\/\/archiviocassano.lavocedelpaese.info\/index.php\/wp-json\/wp\/v2\/users\/1"}],"replies":[{"embeddable":true,"href":"https:\/\/archiviocassano.lavocedelpaese.info\/index.php\/wp-json\/wp\/v2\/comments?post=2772"}],"version-history":[{"count":0,"href":"https:\/\/archiviocassano.lavocedelpaese.info\/index.php\/wp-json\/wp\/v2\/posts\/2772\/revisions"}],"wp:attachment":[{"href":"https:\/\/archiviocassano.lavocedelpaese.info\/index.php\/wp-json\/wp\/v2\/media?parent=2772"}],"wp:term":[{"taxonomy":"category","embeddable":true,"href":"https:\/\/archiviocassano.lavocedelpaese.info\/index.php\/wp-json\/wp\/v2\/categories?post=2772"},{"taxonomy":"post_tag","embeddable":true,"href":"https:\/\/archiviocassano.lavocedelpaese.info\/index.php\/wp-json\/wp\/v2\/tags?post=2772"}],"curies":[{"name":"wp","href":"https:\/\/api.w.org\/{rel}","templated":true}]}}