{"id":2778,"date":"2009-03-17T20:25:16","date_gmt":"2009-03-17T20:25:16","guid":{"rendered":"https:\/\/archiviocassano.lavocedelpaese.info\/index.php\/2009\/03\/17\/un-branco-di-trenta-cani-si-aggira-a-mercadante-la-testimonianza-di-piscazzi-dellufficio-foreste\/"},"modified":"2009-03-17T20:25:16","modified_gmt":"2009-03-17T20:25:16","slug":"un-branco-di-trenta-cani-si-aggira-a-mercadante-la-testimonianza-di-piscazzi-dellufficio-foreste","status":"publish","type":"post","link":"https:\/\/archiviocassano.lavocedelpaese.info\/index.php\/2009\/03\/17\/un-branco-di-trenta-cani-si-aggira-a-mercadante-la-testimonianza-di-piscazzi-dellufficio-foreste\/","title":{"rendered":"UN BRANCO DI TRENTA CANI SI AGGIRA A MERCADANTE"},"content":{"rendered":"<p><img loading=\"lazy\" decoding=\"async\" class=\" alignleft size-full wp-image-2777\" src=\"https:\/\/archiviocassano.lavocedelpaese.info\/wp-content\/uploads\/2009\/03\/cani.jpg\" alt=\"cani.jpg\" style=\"margin: 5px; float: left; width: 117px; height: 100px;\" title=\"cani.jpg\" width=\"117\" height=\"100\" \/> <\/p>\n<p><!--more--><\/p>\n<div align=\"justify\"><span style=\"font-size: 10pt; font-family: Verdana\">Un branco di circa trenta cani randagi si aggira nella Foresta di Mercadante. <o:p><\/o:p><\/span><span style=\"font-size: 10pt; font-family: Verdana\"><o:p> <\/o:p><\/span><span style=\"font-size: 10pt; font-family: Verdana\">Lo dicono a CassanoWeb i responsabili <strong>dell\u2019Ufficio Foreste della Regione Puglia<\/strong>, in particolare il referente su Cassano, sig. <strong>Piscazzi<\/strong>, di stanza a Mercadante.\u00a0<o:p><\/o:p><\/span><span style=\"font-size: 10pt; font-family: Verdana\"><o:p> <\/o:p><\/span><span style=\"font-size: 10pt; font-family: Verdana\"><o:p><\/o:p><\/span><\/div>\n<p align=\"justify\">\u00a0<\/p>\n<div align=\"justify\"><span style=\"font-size: 10pt; font-family: Verdana\"><o:p><\/o:p><\/span><span style=\"font-size: 10pt; font-family: Verdana\">Si tratta di pittbull, meticci, bastardi, pastore belga: affamati e molto pericolosi. Con tutta probabilit\u00e0 sono stati loro ad aver azzannato nella notte tra sabato e domenica scorsi alcuni daini custoditi in una zona recintata della Foresta.<o:p><\/o:p><\/span><span style=\"font-size: 10pt; font-family: Verdana\"><o:p> <\/o:p><\/span><span style=\"font-size: 10pt; font-family: Verdana\"><o:p><\/o:p><\/span><\/div>\n<p align=\"justify\">\u00a0<\/p>\n<div align=\"justify\"><span style=\"font-size: 10pt; font-family: Verdana\"><o:p><\/o:p><\/span><em><span style=\"font-size: 10pt; font-family: Verdana\">\u201cMai visto roba del genere &#8211; <\/span><\/em><span style=\"font-size: 10pt; font-family: Verdana\">ha detto Piscazzi al nostro giornale \u2013 <em>i cani hanno saltato la recinzione, alta due metri e con spuntoni appuntiti all\u2019estremit\u00e0, proprio per salvaguardare al massimo i daini e gli altri animali. Ma evidentemente non \u00e8 bastato\u201d. <\/em>La recinzione, in alcuni punti, era stata da poco rinforzata. <o:p><\/o:p><\/span><span style=\"font-size: 10pt; font-family: Verdana\"><o:p> <\/o:p><\/span><em><span style=\"font-size: 10pt; font-family: Verdana\">\u201cCi sono ancora <\/span><\/em><span style=\"font-size: 10pt; font-family: Verdana\">\u2013 prosegue Piscazzi \u2013 <em>resti di animali, dei daini, sulla recinzione: ci\u00f2 vuol dire che i cani, una volta ammazzato l\u2019animale, l\u2019hanno sbranato, cercando di portarsi via alcuni pezzi di carcassa e forse una parte \u00e8 rimasta impigliata nella rete di protezione.\u201d <\/em>Sembra, appunto incredibile a dirsi ma i controlli attorno all\u2019area recintata non hanno riscontrato alcuna \u201ceffrazione\u201d ovvero la rete di protezione \u00e8 intera, in ogni sua parte. <\/span><\/div>\n<p align=\"justify\">\u00a0<\/p>\n<div align=\"justify\"><span style=\"font-size: 10pt; font-family: Verdana\">Il referente su Mercadante della Regione parla chiaro: \u201c<em>\u00e8 da parecchio tempo che segnaliamo branchi di cani, a volte sette, otto mentre questa volte erano circa trenta e almeno due erano pit-bull. A noi, agli operai che ogni giorno lavorano in Foresta, alla manutenzione, non \u00e8 mai successo nulla ma forse perch\u00e9 lavoriamo in gruppo e di solito i cani attaccano i soggetti isolati\u201d. <\/em><o:p><\/o:p><\/span><span style=\"font-size: 10pt; font-family: Verdana\"><o:p> <\/o:p><\/span><span style=\"font-size: 10pt; font-family: Verdana\"><o:p><\/o:p><\/span><\/div>\n<p align=\"justify\">\u00a0<\/p>\n<div align=\"justify\"><span style=\"font-size: 10pt; font-family: Verdana\"><o:p><\/o:p><\/span><span style=\"font-size: 10pt; font-family: Verdana\">La preoccupazione, comunque, \u00e8 tanta visti i recenti e passati incidenti: <strong>nel luglio del 2007 <\/strong>un branco di cani a<\/span><span style=\"font-size: 10pt; font-family: Verdana\">ttacc\u00f2 alcuni animali (puledri e cuccioli di cinghiali) presso l\u2019agriturismo \u201cTenuta Battista\u201d, provocando la morte di diversi esemplari; <strong>nell\u2019ottobre del 2007<\/strong> fu ritrovato in Foresta il 40enne Cosimo Spadavecchia, senza vita e dilaniato dai cani; il corpo era in localit\u00e0 \u201cFr\u00e0 Diavolo\u201d e la sua morte risaliva ad almeno un anno prima. <o:p><\/o:p><\/span><strong><span style=\"font-size: 10pt; font-family: Verdana\">Nel novembre dello stesso anno<\/span><\/strong><span style=\"font-size: 10pt; font-family: Verdana\">, proprio a Mercadante, il cantante lirico Gerardo Spinelli di Casamassima fu aggredito da un grosso cane mentre raccoglieva funghi e solo per fortuna le sue ferite non sono state mortali. <\/span><\/div>\n<div align=\"justify\"><span style=\"font-size: 10pt; font-family: Verdana\">Non si contano, poi, le segnalazioni e le denunce alle autorit\u00e0: <st1:personname productid=\"la Foresta\" w:st=\"on\">la Foresta<\/st1:personname> \u00e8 costantemente frequentata da persone che a piedi o in bici la percorrono in lungo e in largo e ci\u00f2 potrebbe essere un pericolo di non poco conto.<o:p><\/o:p><\/span><span style=\"font-size: 10pt; font-family: Verdana\"><o:p> <\/o:p><\/span><span style=\"font-size: 10pt; font-family: Verdana\"><o:p><\/o:p><\/span><\/div>\n<p align=\"justify\">\u00a0<\/p>\n<div align=\"justify\"><span style=\"font-size: 10pt; font-family: Verdana\"><o:p><\/o:p><\/span><span style=\"font-size: 10pt; font-family: Verdana\">Dopo la scoperta dei daini massacrati l\u2019Ufficio Foreste della Regione si \u00e8 attivato segnalando l\u2019accaduto all\u2019ASL \u2013 Servizio Veterinario e al Comune di Cassano. Nei prossimi giorni ci sar\u00e0 un <strong>tavolo tecnico<\/strong> per decidere il da farsi, tenuto conto che l\u2019estensione del territorio forestale, oltre <st1:metricconverter productid=\"1200 ettari\" w:st=\"on\">1200 ettari<\/st1:metricconverter>, \u00e8 tale che stanare i cani e custodirli non sar\u00e0 operazione facile.\u00a0<o:p><\/o:p><\/span><span style=\"font-size: 10pt; font-family: Verdana\"><o:p> <\/o:p><\/span><span style=\"font-size: 10pt; font-family: Verdana\"><o:p><\/o:p><\/span><\/div>\n<p align=\"justify\">\u00a0<\/p>\n<div align=\"justify\"><span style=\"font-size: 10pt; font-family: Verdana\"><o:p><\/o:p><\/span><span style=\"font-size: 10pt; font-family: Verdana\">A proposito di Comune: a che punto si \u00e8 con la vicenda-canile? <o:p><\/o:p><\/span><span style=\"font-size: 10pt; font-family: Verdana\"><o:p> <\/o:p><\/span><span style=\"font-size: 10pt; font-family: Verdana\">Nel dicembre scorso \u00e8 stato definitivamente approvato il Progetto per il canile municipale, una spesa di <strong>300mila euro<\/strong> che dovrebbe risolvere almeno in parte i problemi che da anni si trascinano sul territorio comunale, visto che il canile \u00e8 stato promesso e mai realizzato. Sorger\u00e0 in localit\u00e0 \u201cCirritello\u201d (su un terreno confiscato ad un personaggio condannato per associazione a delinquere) e potr\u00e0 ospitare fino a 150 animali. Il canile sar\u00e0 affidato alla sezione cassanese dell\u2019A.N.T.A. onlus a cui, alla fine del mese scorso, il Comune ha riconosciuto un contributo di <strong>5mila euro<\/strong> \u201c<em>per iniziative di contenimento del fenomeno del randagismo\u201d; a fronte di questa somma, cio\u00e8, l\u2019associazione ha avuto il compito di attivare \u201cazioni concrete mirate a mitigare i problemi posti dal randagismo e quindi la cura ed assistenza dei cuccioli, la sterilizzazione dei cani vaganti, azioni di informazione e sensibilizzazione, il tutto con l\u2019impegno di volontari\u201d<\/em> cos\u00ec come si legge nella Delibera con cui <st1:personname productid=\"la Giunta Comunale\" w:st=\"on\"><st1:personname productid=\"la Giunta\" w:st=\"on\">la Giunta<\/st1:personname> Comunale<\/st1:personname> ha deciso lo stanziamento.<o:p><\/o:p><\/span><\/div>\n","protected":false},"excerpt":{"rendered":"","protected":false},"author":1,"featured_media":2777,"comment_status":"open","ping_status":"closed","sticky":false,"template":"","format":"standard","meta":{"colormag_page_container_layout":"default_layout","colormag_page_sidebar_layout":"default_layout","footnotes":""},"categories":[8],"tags":[],"class_list":["post-2778","post","type-post","status-publish","format-standard","has-post-thumbnail","hentry","category-cronaca"],"yoast_head":"<!-- This site is optimized with the Yoast SEO plugin v27.5 - https:\/\/yoast.com\/product\/yoast-seo-wordpress\/ -->\n<title>UN BRANCO DI TRENTA CANI SI AGGIRA A MERCADANTE - Archivio CassanoWeb<\/title>\n<meta name=\"robots\" content=\"index, follow, max-snippet:-1, max-image-preview:large, max-video-preview:-1\" \/>\n<link rel=\"canonical\" href=\"https:\/\/archiviocassano.lavocedelpaese.info\/index.php\/2009\/03\/17\/un-branco-di-trenta-cani-si-aggira-a-mercadante-la-testimonianza-di-piscazzi-dellufficio-foreste\/\" \/>\n<meta property=\"og:locale\" content=\"it_IT\" \/>\n<meta property=\"og:type\" content=\"article\" \/>\n<meta property=\"og:title\" content=\"UN BRANCO DI TRENTA CANI SI AGGIRA A MERCADANTE - Archivio CassanoWeb\" \/>\n<meta property=\"og:url\" content=\"https:\/\/archiviocassano.lavocedelpaese.info\/index.php\/2009\/03\/17\/un-branco-di-trenta-cani-si-aggira-a-mercadante-la-testimonianza-di-piscazzi-dellufficio-foreste\/\" \/>\n<meta property=\"og:site_name\" content=\"Archivio CassanoWeb\" \/>\n<meta property=\"article:publisher\" content=\"https:\/\/www.facebook.com\/redazione.cassanoweb\" \/>\n<meta property=\"article:published_time\" content=\"2009-03-17T20:25:16+00:00\" \/>\n<meta property=\"og:image\" content=\"https:\/\/archiviocassano.lavocedelpaese.info\/wp-content\/uploads\/2009\/03\/cani.jpg\" \/>\n\t<meta property=\"og:image:width\" content=\"410\" \/>\n\t<meta property=\"og:image:height\" content=\"200\" \/>\n\t<meta property=\"og:image:type\" content=\"image\/jpeg\" \/>\n<meta name=\"author\" content=\"admin\" \/>\n<meta name=\"twitter:card\" content=\"summary_large_image\" \/>\n<meta name=\"twitter:label1\" content=\"Scritto da\" \/>\n\t<meta name=\"twitter:data1\" content=\"admin\" \/>\n\t<meta name=\"twitter:label2\" content=\"Tempo di lettura stimato\" \/>\n\t<meta name=\"twitter:data2\" content=\"3 minuti\" \/>\n<script type=\"application\/ld+json\" class=\"yoast-schema-graph\">{\"@context\":\"https:\\\/\\\/schema.org\",\"@graph\":[{\"@type\":\"Article\",\"@id\":\"https:\\\/\\\/archiviocassano.lavocedelpaese.info\\\/index.php\\\/2009\\\/03\\\/17\\\/un-branco-di-trenta-cani-si-aggira-a-mercadante-la-testimonianza-di-piscazzi-dellufficio-foreste\\\/#article\",\"isPartOf\":{\"@id\":\"https:\\\/\\\/archiviocassano.lavocedelpaese.info\\\/index.php\\\/2009\\\/03\\\/17\\\/un-branco-di-trenta-cani-si-aggira-a-mercadante-la-testimonianza-di-piscazzi-dellufficio-foreste\\\/\"},\"author\":{\"name\":\"admin\",\"@id\":\"https:\\\/\\\/archiviocassano.lavocedelpaese.info\\\/#\\\/schema\\\/person\\\/df195bc79a9b4c35127cf005f92e041b\"},\"headline\":\"UN BRANCO DI TRENTA CANI SI AGGIRA A MERCADANTE\",\"datePublished\":\"2009-03-17T20:25:16+00:00\",\"mainEntityOfPage\":{\"@id\":\"https:\\\/\\\/archiviocassano.lavocedelpaese.info\\\/index.php\\\/2009\\\/03\\\/17\\\/un-branco-di-trenta-cani-si-aggira-a-mercadante-la-testimonianza-di-piscazzi-dellufficio-foreste\\\/\"},\"wordCount\":649,\"commentCount\":0,\"publisher\":{\"@id\":\"https:\\\/\\\/archiviocassano.lavocedelpaese.info\\\/#organization\"},\"image\":{\"@id\":\"https:\\\/\\\/archiviocassano.lavocedelpaese.info\\\/index.php\\\/2009\\\/03\\\/17\\\/un-branco-di-trenta-cani-si-aggira-a-mercadante-la-testimonianza-di-piscazzi-dellufficio-foreste\\\/#primaryimage\"},\"thumbnailUrl\":\"https:\\\/\\\/archiviocassano.lavocedelpaese.info\\\/wp-content\\\/uploads\\\/2009\\\/03\\\/cani.jpg\",\"articleSection\":[\"Cronaca\"],\"inLanguage\":\"it-IT\",\"potentialAction\":[{\"@type\":\"CommentAction\",\"name\":\"Comment\",\"target\":[\"https:\\\/\\\/archiviocassano.lavocedelpaese.info\\\/index.php\\\/2009\\\/03\\\/17\\\/un-branco-di-trenta-cani-si-aggira-a-mercadante-la-testimonianza-di-piscazzi-dellufficio-foreste\\\/#respond\"]}]},{\"@type\":\"WebPage\",\"@id\":\"https:\\\/\\\/archiviocassano.lavocedelpaese.info\\\/index.php\\\/2009\\\/03\\\/17\\\/un-branco-di-trenta-cani-si-aggira-a-mercadante-la-testimonianza-di-piscazzi-dellufficio-foreste\\\/\",\"url\":\"https:\\\/\\\/archiviocassano.lavocedelpaese.info\\\/index.php\\\/2009\\\/03\\\/17\\\/un-branco-di-trenta-cani-si-aggira-a-mercadante-la-testimonianza-di-piscazzi-dellufficio-foreste\\\/\",\"name\":\"UN BRANCO DI TRENTA CANI SI AGGIRA A MERCADANTE - Archivio CassanoWeb\",\"isPartOf\":{\"@id\":\"https:\\\/\\\/archiviocassano.lavocedelpaese.info\\\/#website\"},\"primaryImageOfPage\":{\"@id\":\"https:\\\/\\\/archiviocassano.lavocedelpaese.info\\\/index.php\\\/2009\\\/03\\\/17\\\/un-branco-di-trenta-cani-si-aggira-a-mercadante-la-testimonianza-di-piscazzi-dellufficio-foreste\\\/#primaryimage\"},\"image\":{\"@id\":\"https:\\\/\\\/archiviocassano.lavocedelpaese.info\\\/index.php\\\/2009\\\/03\\\/17\\\/un-branco-di-trenta-cani-si-aggira-a-mercadante-la-testimonianza-di-piscazzi-dellufficio-foreste\\\/#primaryimage\"},\"thumbnailUrl\":\"https:\\\/\\\/archiviocassano.lavocedelpaese.info\\\/wp-content\\\/uploads\\\/2009\\\/03\\\/cani.jpg\",\"datePublished\":\"2009-03-17T20:25:16+00:00\",\"breadcrumb\":{\"@id\":\"https:\\\/\\\/archiviocassano.lavocedelpaese.info\\\/index.php\\\/2009\\\/03\\\/17\\\/un-branco-di-trenta-cani-si-aggira-a-mercadante-la-testimonianza-di-piscazzi-dellufficio-foreste\\\/#breadcrumb\"},\"inLanguage\":\"it-IT\",\"potentialAction\":[{\"@type\":\"ReadAction\",\"target\":[\"https:\\\/\\\/archiviocassano.lavocedelpaese.info\\\/index.php\\\/2009\\\/03\\\/17\\\/un-branco-di-trenta-cani-si-aggira-a-mercadante-la-testimonianza-di-piscazzi-dellufficio-foreste\\\/\"]}]},{\"@type\":\"ImageObject\",\"inLanguage\":\"it-IT\",\"@id\":\"https:\\\/\\\/archiviocassano.lavocedelpaese.info\\\/index.php\\\/2009\\\/03\\\/17\\\/un-branco-di-trenta-cani-si-aggira-a-mercadante-la-testimonianza-di-piscazzi-dellufficio-foreste\\\/#primaryimage\",\"url\":\"https:\\\/\\\/archiviocassano.lavocedelpaese.info\\\/wp-content\\\/uploads\\\/2009\\\/03\\\/cani.jpg\",\"contentUrl\":\"https:\\\/\\\/archiviocassano.lavocedelpaese.info\\\/wp-content\\\/uploads\\\/2009\\\/03\\\/cani.jpg\",\"width\":410,\"height\":200,\"caption\":\"cani.jpg\"},{\"@type\":\"BreadcrumbList\",\"@id\":\"https:\\\/\\\/archiviocassano.lavocedelpaese.info\\\/index.php\\\/2009\\\/03\\\/17\\\/un-branco-di-trenta-cani-si-aggira-a-mercadante-la-testimonianza-di-piscazzi-dellufficio-foreste\\\/#breadcrumb\",\"itemListElement\":[{\"@type\":\"ListItem\",\"position\":1,\"name\":\"Home\",\"item\":\"https:\\\/\\\/archiviocassano.lavocedelpaese.info\\\/\"},{\"@type\":\"ListItem\",\"position\":2,\"name\":\"UN BRANCO DI TRENTA CANI SI AGGIRA A MERCADANTE\"}]},{\"@type\":\"WebSite\",\"@id\":\"https:\\\/\\\/archiviocassano.lavocedelpaese.info\\\/#website\",\"url\":\"https:\\\/\\\/archiviocassano.lavocedelpaese.info\\\/\",\"name\":\"Archivio CassanoWeb\",\"description\":\"La Voce del Paese - un network di idee\",\"publisher\":{\"@id\":\"https:\\\/\\\/archiviocassano.lavocedelpaese.info\\\/#organization\"},\"potentialAction\":[{\"@type\":\"SearchAction\",\"target\":{\"@type\":\"EntryPoint\",\"urlTemplate\":\"https:\\\/\\\/archiviocassano.lavocedelpaese.info\\\/?s={search_term_string}\"},\"query-input\":{\"@type\":\"PropertyValueSpecification\",\"valueRequired\":true,\"valueName\":\"search_term_string\"}}],\"inLanguage\":\"it-IT\"},{\"@type\":\"Organization\",\"@id\":\"https:\\\/\\\/archiviocassano.lavocedelpaese.info\\\/#organization\",\"name\":\"Archivio CassanoWeb\",\"url\":\"https:\\\/\\\/archiviocassano.lavocedelpaese.info\\\/\",\"logo\":{\"@type\":\"ImageObject\",\"inLanguage\":\"it-IT\",\"@id\":\"https:\\\/\\\/archiviocassano.lavocedelpaese.info\\\/#\\\/schema\\\/logo\\\/image\\\/\",\"url\":\"https:\\\/\\\/archiviocassano.lavocedelpaese.info\\\/wp-content\\\/uploads\\\/2024\\\/08\\\/logo-rosso-2.png\",\"contentUrl\":\"https:\\\/\\\/archiviocassano.lavocedelpaese.info\\\/wp-content\\\/uploads\\\/2024\\\/08\\\/logo-rosso-2.png\",\"width\":491,\"height\":432,\"caption\":\"Archivio CassanoWeb\"},\"image\":{\"@id\":\"https:\\\/\\\/archiviocassano.lavocedelpaese.info\\\/#\\\/schema\\\/logo\\\/image\\\/\"},\"sameAs\":[\"https:\\\/\\\/www.facebook.com\\\/redazione.cassanoweb\"]},{\"@type\":\"Person\",\"@id\":\"https:\\\/\\\/archiviocassano.lavocedelpaese.info\\\/#\\\/schema\\\/person\\\/df195bc79a9b4c35127cf005f92e041b\",\"name\":\"admin\",\"image\":{\"@type\":\"ImageObject\",\"inLanguage\":\"it-IT\",\"@id\":\"https:\\\/\\\/secure.gravatar.com\\\/avatar\\\/eabba89a432e8eaa1b0207cc55f7e5340b22712b1ed80677efcf63e02ff5b235?s=96&d=mm&r=g\",\"url\":\"https:\\\/\\\/secure.gravatar.com\\\/avatar\\\/eabba89a432e8eaa1b0207cc55f7e5340b22712b1ed80677efcf63e02ff5b235?s=96&d=mm&r=g\",\"contentUrl\":\"https:\\\/\\\/secure.gravatar.com\\\/avatar\\\/eabba89a432e8eaa1b0207cc55f7e5340b22712b1ed80677efcf63e02ff5b235?s=96&d=mm&r=g\",\"caption\":\"admin\"},\"sameAs\":[\"https:\\\/\\\/archiviocassano.lavocedelpaese.info\"],\"url\":\"https:\\\/\\\/archiviocassano.lavocedelpaese.info\\\/index.php\\\/author\\\/admin_0qgz1xdp\\\/\"}]}<\/script>\n<!-- \/ Yoast SEO plugin. -->","yoast_head_json":{"title":"UN BRANCO DI TRENTA CANI SI AGGIRA A MERCADANTE - Archivio CassanoWeb","robots":{"index":"index","follow":"follow","max-snippet":"max-snippet:-1","max-image-preview":"max-image-preview:large","max-video-preview":"max-video-preview:-1"},"canonical":"https:\/\/archiviocassano.lavocedelpaese.info\/index.php\/2009\/03\/17\/un-branco-di-trenta-cani-si-aggira-a-mercadante-la-testimonianza-di-piscazzi-dellufficio-foreste\/","og_locale":"it_IT","og_type":"article","og_title":"UN BRANCO DI TRENTA CANI SI AGGIRA A MERCADANTE - Archivio CassanoWeb","og_url":"https:\/\/archiviocassano.lavocedelpaese.info\/index.php\/2009\/03\/17\/un-branco-di-trenta-cani-si-aggira-a-mercadante-la-testimonianza-di-piscazzi-dellufficio-foreste\/","og_site_name":"Archivio CassanoWeb","article_publisher":"https:\/\/www.facebook.com\/redazione.cassanoweb","article_published_time":"2009-03-17T20:25:16+00:00","og_image":[{"width":410,"height":200,"url":"https:\/\/archiviocassano.lavocedelpaese.info\/wp-content\/uploads\/2009\/03\/cani.jpg","type":"image\/jpeg"}],"author":"admin","twitter_card":"summary_large_image","twitter_misc":{"Scritto da":"admin","Tempo di lettura stimato":"3 minuti"},"schema":{"@context":"https:\/\/schema.org","@graph":[{"@type":"Article","@id":"https:\/\/archiviocassano.lavocedelpaese.info\/index.php\/2009\/03\/17\/un-branco-di-trenta-cani-si-aggira-a-mercadante-la-testimonianza-di-piscazzi-dellufficio-foreste\/#article","isPartOf":{"@id":"https:\/\/archiviocassano.lavocedelpaese.info\/index.php\/2009\/03\/17\/un-branco-di-trenta-cani-si-aggira-a-mercadante-la-testimonianza-di-piscazzi-dellufficio-foreste\/"},"author":{"name":"admin","@id":"https:\/\/archiviocassano.lavocedelpaese.info\/#\/schema\/person\/df195bc79a9b4c35127cf005f92e041b"},"headline":"UN BRANCO DI TRENTA CANI SI AGGIRA A MERCADANTE","datePublished":"2009-03-17T20:25:16+00:00","mainEntityOfPage":{"@id":"https:\/\/archiviocassano.lavocedelpaese.info\/index.php\/2009\/03\/17\/un-branco-di-trenta-cani-si-aggira-a-mercadante-la-testimonianza-di-piscazzi-dellufficio-foreste\/"},"wordCount":649,"commentCount":0,"publisher":{"@id":"https:\/\/archiviocassano.lavocedelpaese.info\/#organization"},"image":{"@id":"https:\/\/archiviocassano.lavocedelpaese.info\/index.php\/2009\/03\/17\/un-branco-di-trenta-cani-si-aggira-a-mercadante-la-testimonianza-di-piscazzi-dellufficio-foreste\/#primaryimage"},"thumbnailUrl":"https:\/\/archiviocassano.lavocedelpaese.info\/wp-content\/uploads\/2009\/03\/cani.jpg","articleSection":["Cronaca"],"inLanguage":"it-IT","potentialAction":[{"@type":"CommentAction","name":"Comment","target":["https:\/\/archiviocassano.lavocedelpaese.info\/index.php\/2009\/03\/17\/un-branco-di-trenta-cani-si-aggira-a-mercadante-la-testimonianza-di-piscazzi-dellufficio-foreste\/#respond"]}]},{"@type":"WebPage","@id":"https:\/\/archiviocassano.lavocedelpaese.info\/index.php\/2009\/03\/17\/un-branco-di-trenta-cani-si-aggira-a-mercadante-la-testimonianza-di-piscazzi-dellufficio-foreste\/","url":"https:\/\/archiviocassano.lavocedelpaese.info\/index.php\/2009\/03\/17\/un-branco-di-trenta-cani-si-aggira-a-mercadante-la-testimonianza-di-piscazzi-dellufficio-foreste\/","name":"UN BRANCO DI TRENTA CANI SI AGGIRA A MERCADANTE - Archivio CassanoWeb","isPartOf":{"@id":"https:\/\/archiviocassano.lavocedelpaese.info\/#website"},"primaryImageOfPage":{"@id":"https:\/\/archiviocassano.lavocedelpaese.info\/index.php\/2009\/03\/17\/un-branco-di-trenta-cani-si-aggira-a-mercadante-la-testimonianza-di-piscazzi-dellufficio-foreste\/#primaryimage"},"image":{"@id":"https:\/\/archiviocassano.lavocedelpaese.info\/index.php\/2009\/03\/17\/un-branco-di-trenta-cani-si-aggira-a-mercadante-la-testimonianza-di-piscazzi-dellufficio-foreste\/#primaryimage"},"thumbnailUrl":"https:\/\/archiviocassano.lavocedelpaese.info\/wp-content\/uploads\/2009\/03\/cani.jpg","datePublished":"2009-03-17T20:25:16+00:00","breadcrumb":{"@id":"https:\/\/archiviocassano.lavocedelpaese.info\/index.php\/2009\/03\/17\/un-branco-di-trenta-cani-si-aggira-a-mercadante-la-testimonianza-di-piscazzi-dellufficio-foreste\/#breadcrumb"},"inLanguage":"it-IT","potentialAction":[{"@type":"ReadAction","target":["https:\/\/archiviocassano.lavocedelpaese.info\/index.php\/2009\/03\/17\/un-branco-di-trenta-cani-si-aggira-a-mercadante-la-testimonianza-di-piscazzi-dellufficio-foreste\/"]}]},{"@type":"ImageObject","inLanguage":"it-IT","@id":"https:\/\/archiviocassano.lavocedelpaese.info\/index.php\/2009\/03\/17\/un-branco-di-trenta-cani-si-aggira-a-mercadante-la-testimonianza-di-piscazzi-dellufficio-foreste\/#primaryimage","url":"https:\/\/archiviocassano.lavocedelpaese.info\/wp-content\/uploads\/2009\/03\/cani.jpg","contentUrl":"https:\/\/archiviocassano.lavocedelpaese.info\/wp-content\/uploads\/2009\/03\/cani.jpg","width":410,"height":200,"caption":"cani.jpg"},{"@type":"BreadcrumbList","@id":"https:\/\/archiviocassano.lavocedelpaese.info\/index.php\/2009\/03\/17\/un-branco-di-trenta-cani-si-aggira-a-mercadante-la-testimonianza-di-piscazzi-dellufficio-foreste\/#breadcrumb","itemListElement":[{"@type":"ListItem","position":1,"name":"Home","item":"https:\/\/archiviocassano.lavocedelpaese.info\/"},{"@type":"ListItem","position":2,"name":"UN BRANCO DI TRENTA CANI SI AGGIRA A MERCADANTE"}]},{"@type":"WebSite","@id":"https:\/\/archiviocassano.lavocedelpaese.info\/#website","url":"https:\/\/archiviocassano.lavocedelpaese.info\/","name":"Archivio CassanoWeb","description":"La Voce del Paese - un network di idee","publisher":{"@id":"https:\/\/archiviocassano.lavocedelpaese.info\/#organization"},"potentialAction":[{"@type":"SearchAction","target":{"@type":"EntryPoint","urlTemplate":"https:\/\/archiviocassano.lavocedelpaese.info\/?s={search_term_string}"},"query-input":{"@type":"PropertyValueSpecification","valueRequired":true,"valueName":"search_term_string"}}],"inLanguage":"it-IT"},{"@type":"Organization","@id":"https:\/\/archiviocassano.lavocedelpaese.info\/#organization","name":"Archivio CassanoWeb","url":"https:\/\/archiviocassano.lavocedelpaese.info\/","logo":{"@type":"ImageObject","inLanguage":"it-IT","@id":"https:\/\/archiviocassano.lavocedelpaese.info\/#\/schema\/logo\/image\/","url":"https:\/\/archiviocassano.lavocedelpaese.info\/wp-content\/uploads\/2024\/08\/logo-rosso-2.png","contentUrl":"https:\/\/archiviocassano.lavocedelpaese.info\/wp-content\/uploads\/2024\/08\/logo-rosso-2.png","width":491,"height":432,"caption":"Archivio CassanoWeb"},"image":{"@id":"https:\/\/archiviocassano.lavocedelpaese.info\/#\/schema\/logo\/image\/"},"sameAs":["https:\/\/www.facebook.com\/redazione.cassanoweb"]},{"@type":"Person","@id":"https:\/\/archiviocassano.lavocedelpaese.info\/#\/schema\/person\/df195bc79a9b4c35127cf005f92e041b","name":"admin","image":{"@type":"ImageObject","inLanguage":"it-IT","@id":"https:\/\/secure.gravatar.com\/avatar\/eabba89a432e8eaa1b0207cc55f7e5340b22712b1ed80677efcf63e02ff5b235?s=96&d=mm&r=g","url":"https:\/\/secure.gravatar.com\/avatar\/eabba89a432e8eaa1b0207cc55f7e5340b22712b1ed80677efcf63e02ff5b235?s=96&d=mm&r=g","contentUrl":"https:\/\/secure.gravatar.com\/avatar\/eabba89a432e8eaa1b0207cc55f7e5340b22712b1ed80677efcf63e02ff5b235?s=96&d=mm&r=g","caption":"admin"},"sameAs":["https:\/\/archiviocassano.lavocedelpaese.info"],"url":"https:\/\/archiviocassano.lavocedelpaese.info\/index.php\/author\/admin_0qgz1xdp\/"}]}},"_links":{"self":[{"href":"https:\/\/archiviocassano.lavocedelpaese.info\/index.php\/wp-json\/wp\/v2\/posts\/2778","targetHints":{"allow":["GET"]}}],"collection":[{"href":"https:\/\/archiviocassano.lavocedelpaese.info\/index.php\/wp-json\/wp\/v2\/posts"}],"about":[{"href":"https:\/\/archiviocassano.lavocedelpaese.info\/index.php\/wp-json\/wp\/v2\/types\/post"}],"author":[{"embeddable":true,"href":"https:\/\/archiviocassano.lavocedelpaese.info\/index.php\/wp-json\/wp\/v2\/users\/1"}],"replies":[{"embeddable":true,"href":"https:\/\/archiviocassano.lavocedelpaese.info\/index.php\/wp-json\/wp\/v2\/comments?post=2778"}],"version-history":[{"count":0,"href":"https:\/\/archiviocassano.lavocedelpaese.info\/index.php\/wp-json\/wp\/v2\/posts\/2778\/revisions"}],"wp:featuredmedia":[{"embeddable":true,"href":"https:\/\/archiviocassano.lavocedelpaese.info\/index.php\/wp-json\/wp\/v2\/media\/2777"}],"wp:attachment":[{"href":"https:\/\/archiviocassano.lavocedelpaese.info\/index.php\/wp-json\/wp\/v2\/media?parent=2778"}],"wp:term":[{"taxonomy":"category","embeddable":true,"href":"https:\/\/archiviocassano.lavocedelpaese.info\/index.php\/wp-json\/wp\/v2\/categories?post=2778"},{"taxonomy":"post_tag","embeddable":true,"href":"https:\/\/archiviocassano.lavocedelpaese.info\/index.php\/wp-json\/wp\/v2\/tags?post=2778"}],"curies":[{"name":"wp","href":"https:\/\/api.w.org\/{rel}","templated":true}]}}