{"id":2809,"date":"2009-03-27T14:35:37","date_gmt":"2009-03-27T14:35:37","guid":{"rendered":"https:\/\/archiviocassano.lavocedelpaese.info\/index.php\/2009\/03\/27\/il-faro-di-canosa-fa-un-bilancio-sugli-incontri-di-formazione-politica\/"},"modified":"2009-03-27T14:35:37","modified_gmt":"2009-03-27T14:35:37","slug":"il-faro-di-canosa-fa-un-bilancio-sugli-incontri-di-formazione-politica","status":"publish","type":"post","link":"https:\/\/archiviocassano.lavocedelpaese.info\/index.php\/2009\/03\/27\/il-faro-di-canosa-fa-un-bilancio-sugli-incontri-di-formazione-politica\/","title":{"rendered":"IL FARO: DI CANOSA FA UN BILANCIO SUGLI INCONTRI DI FORMAZIONE POLITICA"},"content":{"rendered":"<p><img loading=\"lazy\" decoding=\"async\" width=\"300\" src=\"images\/stories\/foto.jpg\" alt=\"foto.jpg\" height=\"201\" style=\"float: left; margin: 5px; width: 300px; height: 201px\" title=\"foto.jpg\" \/> <\/p>\n<p><!--more--><br \/>\n<span style=\"font-size: 10pt; font-family: Verdana\">Al termine della serie di incontri di formazione politica organizzati dall\u2019associazione \u201cil Faro\u201d, abbiamo incontrato il presidente della stessa per tracciare un bilancio sull\u2019esperienza appena conclusa.<o:p><\/o:p><\/span><span style=\"font-size: 10pt; font-family: Verdana\">\u00a0<\/span> <\/p>\n<p align=\"justify\">\n&nbsp;\n<\/p>\n<p><span style=\"font-size: 10pt; font-family: Verdana\"><o:p><\/o:p><\/span><b><i><span style=\"font-size: 10pt; font-family: Verdana\">Presidente Di Canosa, al termine del percorso di incontri che la vostra associazione ha organizzato, possiamo tracciare un bilancio\u2026<o:p><\/o:p><\/span><\/i><\/b><span style=\"font-size: 10pt; font-family: Verdana\"><o:p>\u00a0<\/o:p><\/span><span style=\"font-size: 10pt; font-family: Verdana\"><o:p><\/o:p><\/span>\u00a0 <\/p>\n<p align=\"justify\">\n&nbsp;\n<\/p>\n<p><span style=\"font-size: 10pt; font-family: Verdana\"><o:p><\/o:p><\/span><span style=\"font-size: 10pt; font-family: Verdana\">Bilancio<span>\u00a0 <\/span>senz\u2019altro positivo di questo percorso che l\u2019Associazione Il Faro ha fortemente voluto organizzare. Tanti i temi di assoluta importanza e attualit\u00e0 con il contributo squisito e autorevole dei relatori ha fatto si che gli incontri si siano tramutati in vere e propire lezioni.. Ad ascoltare gli interventi un pubblico capace di interagire con i relatori portando all\u2019attenzione degli stessi problemi di vissuto quotidiano.\u00a0<o:p><\/o:p><\/span><span style=\"font-size: 10pt; font-family: Verdana\"><o:p>\u00a0<\/o:p><\/span><span style=\"font-size: 10pt; font-family: Verdana\"><o:p><\/o:p><\/span><span style=\"font-size: 10pt; font-family: Verdana\"><o:p>\u00a0<\/o:p><\/span><span style=\"font-size: 10pt; font-family: Verdana\"><o:p><\/o:p><\/span>\u00a0 <\/p>\n<p align=\"justify\">\n&nbsp;\n<\/p>\n<p><span style=\"font-size: 10pt; font-family: Verdana\"><o:p><\/o:p><\/span><b><i><span style=\"font-size: 10pt; font-family: Verdana\">La serie di incontri era\u00a0finalizzata all&#8217;informazione ma soprattutto alla sensibilizzazione dei giovani alla politica, come giudica la riuscita dell&#8217;iniziativa in quest&#8217;ottica?<o:p><\/o:p><\/span><\/i><\/b><span style=\"font-size: 10pt; font-family: Verdana\"><o:p>\u00a0<\/o:p><\/span><span style=\"font-size: 10pt; font-family: Verdana\"><o:p><\/o:p><\/span>\u00a0 <\/p>\n<p align=\"justify\">\n&nbsp;\n<\/p>\n<p><span style=\"font-size: 10pt; font-family: Verdana\"><o:p><\/o:p><\/span><span style=\"font-size: 10pt; font-family: Verdana\">Sensibilizzare i giovani e meno giovani alla politica era la finalit\u00e0 che ci eravamo posti, finalit\u00e0 che sicuramente con i temi trattati abbiamo raggiunto , non ci aspettavamo un cos\u00ec alto numero di partecipanti. Infatti circa duemila persone hanno affollato l\u2019auditorium del Liceo nei diversi eventi. A loro e all\u2019autorit\u00e0 scolastica che ci ha ospitato v\u00e0 il mio ringraziamento per la grande disponibilit\u00e0 mostrata verso l\u2019associazione che rappresento.<o:p><\/o:p><\/span><span style=\"font-size: 10pt; font-family: Verdana\">Consentitemi infine di ringraziare i consiglieri comunali del Gruppo PdL e il direttivo del Faro con un grazie particolare a Vito Proscia, Giulia Masiello, Fabio Caselli che hanno sapientemente contribuito alla riuscita di quest\u2019evento che nel prossimo autunno, contando sempre sull\u2019apporto di Ignazio, verr\u00e0 ripetuto con altri temi in parte richiesti dai giovani che hanno partecipato a quella che passatemi la modestia pu\u00f2 definirsi una bellissima iniziativa culturale, sia per temi che per relatori, ma anche per l\u2019organizzazione, sobria ma funzionale ed impeccabile.<span>\u00a0 <\/span>Se ci\u00f2 \u00e8 avvenuto, nostro tramite, lo si deve al preside del Liceo Prof.ssa Tina Gesmundo, che tanto sta adoperandosi per una scuola aperta al confronto con il territorio. <o:p><\/o:p><\/span><span style=\"font-size: 10pt; font-family: Verdana\">Un solo rammarico: leggere alcuni commenti di scherno e di sfott\u00f2 su un autorevole relatore che ha onorato, non il Faro o Zullo o Di Canosa ma l\u2019intera Cassano con la sua presenza, mi ha deluso profondamente. <o:p><\/o:p><\/span><span style=\"font-size: 10pt; font-family: Verdana\">Mi consola il fatto che si \u00e8 trattata di una persona sola e isolata che, purtroppo, non ha ancora compreso che il rispetto per la dignit\u00e0 della persona umana \u00e8 un valore irrinunciabile e, questo, non perch\u00e8 lo dice Berlusconi.<o:p><\/o:p><\/span><span style=\"font-size: 10pt; font-family: Verdana\"><o:p>\u00a0<\/o:p><\/span><span style=\"font-size: 10pt; font-family: Verdana\"><o:p><\/o:p><\/span>\u00a0 <\/p>\n<p align=\"justify\">\n&nbsp;\n<\/p>\n<p><span style=\"font-size: 10pt; font-family: Verdana\"><o:p><\/o:p><\/span><span style=\"font-size: 10pt; font-family: Verdana\"><o:p><\/o:p><\/span><b><i><span style=\"font-size: 10pt; font-family: Verdana\">Il destino dell\u2019Associazione \u201cIl Faro\u201d?<o:p><\/o:p><\/span><\/i><\/b><span style=\"font-size: 10pt; font-family: Verdana\"><o:p>\u00a0<\/o:p><\/span><span style=\"font-size: 10pt; font-family: Verdana\"><o:p><\/o:p><\/span>\u00a0 <\/p>\n<p align=\"justify\">\n&nbsp;\n<\/p>\n<p><span style=\"font-size: 10pt; font-family: Verdana\"><o:p><\/o:p><\/span><span style=\"font-size: 10pt; font-family: Verdana\">Guardi, il Faro nasce dalla lungimiranza di Ignazio ed oggi si riproduce in un esempio di questi giorni. Il simbolo del nobile partito di AN, al quale sapete tutti ho appartenuto come dirigente locale introdotto alla politica dal compianto Pinuccio Tatarella e al quale appartengo tuttora per il mio sentire, continuer\u00e0 a vivere in una Fondazione. <o:p><\/o:p><\/span><span style=\"font-size: 10pt; font-family: Verdana\">Ignazio, conscio della grande crisi dei partiti e della politica a Cassano,<span>\u00a0 <\/span>volle nel 2004 che quel simbolo elettorale continuasse a vivere in un\u2019Associazione capace di coniugare la crescita politica con la crescita culturale, esperenziale, valoriale e relazionale. <o:p><\/o:p><\/span><span style=\"font-size: 10pt; font-family: Verdana\">I fatti, le attivit\u00e0 svolte, la riflessione dei cassanesi, la voglia di libert\u00e0 e cambiamento oggi gli danno ragione e, quindi, il Faro sar\u00e0 sempre pi\u00f9 vitale e sempre pi\u00f9 patrimonio di Cassano come tante altre Associazioni del nostro paese nell\u2019auspicio che chi amministrer\u00e0 la citt\u00e0 possa, attraverso un processo di sussidiariet\u00e0, contribuire fattivamente a rivitalizzare l\u2019associazionismo e il volontariato qui a Cassano. <o:p><\/o:p><\/span><span style=\"font-size: 10pt; font-family: Verdana\">La nostra \u00e8 un\u2019associazione ormai radicata sul territorio conta circa 150 iscritti di tutte le et\u00e0 e ceto sociale.<\/span> <\/p>\n<p align=\"justify\">\n&nbsp;\n<\/p>\n<p><span style=\"font-size: 10pt; font-family: Verdana\"><o:p><\/o:p><\/span><span style=\"font-size: 10pt; font-family: Verdana\">Per chi volesse informazioni pu\u00f2 rivolgersi alla nostra sede in piazza Garibaldi o telefonare allo 080776041. <o:p><\/o:p><\/span><span style=\"font-size: 10pt; font-family: Verdana\">Allo stesso numero ci si pu\u00f2 rivolgere per richiedere copia della Costituzione Italiana, distribuita gratuitamente nell\u2019incontro con il Presidente Pepe.<\/span> <\/p>\n","protected":false},"excerpt":{"rendered":"","protected":false},"author":1,"featured_media":0,"comment_status":"open","ping_status":"closed","sticky":false,"template":"","format":"standard","meta":{"colormag_page_container_layout":"default_layout","colormag_page_sidebar_layout":"default_layout","footnotes":""},"categories":[7],"tags":[],"class_list":["post-2809","post","type-post","status-publish","format-standard","hentry","category-attualita"],"yoast_head":"<!-- This site is optimized with the Yoast SEO plugin v27.5 - https:\/\/yoast.com\/product\/yoast-seo-wordpress\/ -->\n<title>IL FARO: DI CANOSA FA UN BILANCIO SUGLI INCONTRI DI FORMAZIONE POLITICA - Archivio CassanoWeb<\/title>\n<meta name=\"robots\" content=\"index, follow, max-snippet:-1, max-image-preview:large, max-video-preview:-1\" \/>\n<link rel=\"canonical\" href=\"https:\/\/archiviocassano.lavocedelpaese.info\/index.php\/2009\/03\/27\/il-faro-di-canosa-fa-un-bilancio-sugli-incontri-di-formazione-politica\/\" \/>\n<meta property=\"og:locale\" content=\"it_IT\" \/>\n<meta property=\"og:type\" content=\"article\" \/>\n<meta property=\"og:title\" content=\"IL FARO: DI CANOSA FA UN BILANCIO SUGLI INCONTRI DI FORMAZIONE POLITICA - Archivio CassanoWeb\" \/>\n<meta property=\"og:url\" content=\"https:\/\/archiviocassano.lavocedelpaese.info\/index.php\/2009\/03\/27\/il-faro-di-canosa-fa-un-bilancio-sugli-incontri-di-formazione-politica\/\" \/>\n<meta property=\"og:site_name\" content=\"Archivio CassanoWeb\" \/>\n<meta property=\"article:publisher\" content=\"https:\/\/www.facebook.com\/redazione.cassanoweb\" \/>\n<meta property=\"article:published_time\" content=\"2009-03-27T14:35:37+00:00\" \/>\n<meta name=\"author\" content=\"admin\" \/>\n<meta name=\"twitter:card\" content=\"summary_large_image\" \/>\n<meta name=\"twitter:label1\" content=\"Scritto da\" \/>\n\t<meta name=\"twitter:data1\" content=\"admin\" \/>\n\t<meta name=\"twitter:label2\" content=\"Tempo di lettura stimato\" \/>\n\t<meta name=\"twitter:data2\" content=\"3 minuti\" \/>\n<script type=\"application\/ld+json\" class=\"yoast-schema-graph\">{\"@context\":\"https:\\\/\\\/schema.org\",\"@graph\":[{\"@type\":\"Article\",\"@id\":\"https:\\\/\\\/archiviocassano.lavocedelpaese.info\\\/index.php\\\/2009\\\/03\\\/27\\\/il-faro-di-canosa-fa-un-bilancio-sugli-incontri-di-formazione-politica\\\/#article\",\"isPartOf\":{\"@id\":\"https:\\\/\\\/archiviocassano.lavocedelpaese.info\\\/index.php\\\/2009\\\/03\\\/27\\\/il-faro-di-canosa-fa-un-bilancio-sugli-incontri-di-formazione-politica\\\/\"},\"author\":{\"name\":\"admin\",\"@id\":\"https:\\\/\\\/archiviocassano.lavocedelpaese.info\\\/#\\\/schema\\\/person\\\/df195bc79a9b4c35127cf005f92e041b\"},\"headline\":\"IL FARO: DI CANOSA FA UN BILANCIO SUGLI INCONTRI DI FORMAZIONE POLITICA\",\"datePublished\":\"2009-03-27T14:35:37+00:00\",\"mainEntityOfPage\":{\"@id\":\"https:\\\/\\\/archiviocassano.lavocedelpaese.info\\\/index.php\\\/2009\\\/03\\\/27\\\/il-faro-di-canosa-fa-un-bilancio-sugli-incontri-di-formazione-politica\\\/\"},\"wordCount\":638,\"commentCount\":0,\"publisher\":{\"@id\":\"https:\\\/\\\/archiviocassano.lavocedelpaese.info\\\/#organization\"},\"articleSection\":[\"Attualit\u00e0\"],\"inLanguage\":\"it-IT\",\"potentialAction\":[{\"@type\":\"CommentAction\",\"name\":\"Comment\",\"target\":[\"https:\\\/\\\/archiviocassano.lavocedelpaese.info\\\/index.php\\\/2009\\\/03\\\/27\\\/il-faro-di-canosa-fa-un-bilancio-sugli-incontri-di-formazione-politica\\\/#respond\"]}]},{\"@type\":\"WebPage\",\"@id\":\"https:\\\/\\\/archiviocassano.lavocedelpaese.info\\\/index.php\\\/2009\\\/03\\\/27\\\/il-faro-di-canosa-fa-un-bilancio-sugli-incontri-di-formazione-politica\\\/\",\"url\":\"https:\\\/\\\/archiviocassano.lavocedelpaese.info\\\/index.php\\\/2009\\\/03\\\/27\\\/il-faro-di-canosa-fa-un-bilancio-sugli-incontri-di-formazione-politica\\\/\",\"name\":\"IL FARO: DI CANOSA FA UN BILANCIO SUGLI INCONTRI DI FORMAZIONE POLITICA - Archivio CassanoWeb\",\"isPartOf\":{\"@id\":\"https:\\\/\\\/archiviocassano.lavocedelpaese.info\\\/#website\"},\"datePublished\":\"2009-03-27T14:35:37+00:00\",\"breadcrumb\":{\"@id\":\"https:\\\/\\\/archiviocassano.lavocedelpaese.info\\\/index.php\\\/2009\\\/03\\\/27\\\/il-faro-di-canosa-fa-un-bilancio-sugli-incontri-di-formazione-politica\\\/#breadcrumb\"},\"inLanguage\":\"it-IT\",\"potentialAction\":[{\"@type\":\"ReadAction\",\"target\":[\"https:\\\/\\\/archiviocassano.lavocedelpaese.info\\\/index.php\\\/2009\\\/03\\\/27\\\/il-faro-di-canosa-fa-un-bilancio-sugli-incontri-di-formazione-politica\\\/\"]}]},{\"@type\":\"BreadcrumbList\",\"@id\":\"https:\\\/\\\/archiviocassano.lavocedelpaese.info\\\/index.php\\\/2009\\\/03\\\/27\\\/il-faro-di-canosa-fa-un-bilancio-sugli-incontri-di-formazione-politica\\\/#breadcrumb\",\"itemListElement\":[{\"@type\":\"ListItem\",\"position\":1,\"name\":\"Home\",\"item\":\"https:\\\/\\\/archiviocassano.lavocedelpaese.info\\\/\"},{\"@type\":\"ListItem\",\"position\":2,\"name\":\"IL FARO: DI CANOSA FA UN BILANCIO SUGLI INCONTRI DI FORMAZIONE POLITICA\"}]},{\"@type\":\"WebSite\",\"@id\":\"https:\\\/\\\/archiviocassano.lavocedelpaese.info\\\/#website\",\"url\":\"https:\\\/\\\/archiviocassano.lavocedelpaese.info\\\/\",\"name\":\"Archivio CassanoWeb\",\"description\":\"La Voce del Paese - un network di idee\",\"publisher\":{\"@id\":\"https:\\\/\\\/archiviocassano.lavocedelpaese.info\\\/#organization\"},\"potentialAction\":[{\"@type\":\"SearchAction\",\"target\":{\"@type\":\"EntryPoint\",\"urlTemplate\":\"https:\\\/\\\/archiviocassano.lavocedelpaese.info\\\/?s={search_term_string}\"},\"query-input\":{\"@type\":\"PropertyValueSpecification\",\"valueRequired\":true,\"valueName\":\"search_term_string\"}}],\"inLanguage\":\"it-IT\"},{\"@type\":\"Organization\",\"@id\":\"https:\\\/\\\/archiviocassano.lavocedelpaese.info\\\/#organization\",\"name\":\"Archivio CassanoWeb\",\"url\":\"https:\\\/\\\/archiviocassano.lavocedelpaese.info\\\/\",\"logo\":{\"@type\":\"ImageObject\",\"inLanguage\":\"it-IT\",\"@id\":\"https:\\\/\\\/archiviocassano.lavocedelpaese.info\\\/#\\\/schema\\\/logo\\\/image\\\/\",\"url\":\"https:\\\/\\\/archiviocassano.lavocedelpaese.info\\\/wp-content\\\/uploads\\\/2024\\\/08\\\/logo-rosso-2.png\",\"contentUrl\":\"https:\\\/\\\/archiviocassano.lavocedelpaese.info\\\/wp-content\\\/uploads\\\/2024\\\/08\\\/logo-rosso-2.png\",\"width\":491,\"height\":432,\"caption\":\"Archivio CassanoWeb\"},\"image\":{\"@id\":\"https:\\\/\\\/archiviocassano.lavocedelpaese.info\\\/#\\\/schema\\\/logo\\\/image\\\/\"},\"sameAs\":[\"https:\\\/\\\/www.facebook.com\\\/redazione.cassanoweb\"]},{\"@type\":\"Person\",\"@id\":\"https:\\\/\\\/archiviocassano.lavocedelpaese.info\\\/#\\\/schema\\\/person\\\/df195bc79a9b4c35127cf005f92e041b\",\"name\":\"admin\",\"image\":{\"@type\":\"ImageObject\",\"inLanguage\":\"it-IT\",\"@id\":\"https:\\\/\\\/secure.gravatar.com\\\/avatar\\\/eabba89a432e8eaa1b0207cc55f7e5340b22712b1ed80677efcf63e02ff5b235?s=96&d=mm&r=g\",\"url\":\"https:\\\/\\\/secure.gravatar.com\\\/avatar\\\/eabba89a432e8eaa1b0207cc55f7e5340b22712b1ed80677efcf63e02ff5b235?s=96&d=mm&r=g\",\"contentUrl\":\"https:\\\/\\\/secure.gravatar.com\\\/avatar\\\/eabba89a432e8eaa1b0207cc55f7e5340b22712b1ed80677efcf63e02ff5b235?s=96&d=mm&r=g\",\"caption\":\"admin\"},\"sameAs\":[\"https:\\\/\\\/archiviocassano.lavocedelpaese.info\"],\"url\":\"https:\\\/\\\/archiviocassano.lavocedelpaese.info\\\/index.php\\\/author\\\/admin_0qgz1xdp\\\/\"}]}<\/script>\n<!-- \/ Yoast SEO plugin. -->","yoast_head_json":{"title":"IL FARO: DI CANOSA FA UN BILANCIO SUGLI INCONTRI DI FORMAZIONE POLITICA - Archivio CassanoWeb","robots":{"index":"index","follow":"follow","max-snippet":"max-snippet:-1","max-image-preview":"max-image-preview:large","max-video-preview":"max-video-preview:-1"},"canonical":"https:\/\/archiviocassano.lavocedelpaese.info\/index.php\/2009\/03\/27\/il-faro-di-canosa-fa-un-bilancio-sugli-incontri-di-formazione-politica\/","og_locale":"it_IT","og_type":"article","og_title":"IL FARO: DI CANOSA FA UN BILANCIO SUGLI INCONTRI DI FORMAZIONE POLITICA - Archivio CassanoWeb","og_url":"https:\/\/archiviocassano.lavocedelpaese.info\/index.php\/2009\/03\/27\/il-faro-di-canosa-fa-un-bilancio-sugli-incontri-di-formazione-politica\/","og_site_name":"Archivio CassanoWeb","article_publisher":"https:\/\/www.facebook.com\/redazione.cassanoweb","article_published_time":"2009-03-27T14:35:37+00:00","author":"admin","twitter_card":"summary_large_image","twitter_misc":{"Scritto da":"admin","Tempo di lettura stimato":"3 minuti"},"schema":{"@context":"https:\/\/schema.org","@graph":[{"@type":"Article","@id":"https:\/\/archiviocassano.lavocedelpaese.info\/index.php\/2009\/03\/27\/il-faro-di-canosa-fa-un-bilancio-sugli-incontri-di-formazione-politica\/#article","isPartOf":{"@id":"https:\/\/archiviocassano.lavocedelpaese.info\/index.php\/2009\/03\/27\/il-faro-di-canosa-fa-un-bilancio-sugli-incontri-di-formazione-politica\/"},"author":{"name":"admin","@id":"https:\/\/archiviocassano.lavocedelpaese.info\/#\/schema\/person\/df195bc79a9b4c35127cf005f92e041b"},"headline":"IL FARO: DI CANOSA FA UN BILANCIO SUGLI INCONTRI DI FORMAZIONE POLITICA","datePublished":"2009-03-27T14:35:37+00:00","mainEntityOfPage":{"@id":"https:\/\/archiviocassano.lavocedelpaese.info\/index.php\/2009\/03\/27\/il-faro-di-canosa-fa-un-bilancio-sugli-incontri-di-formazione-politica\/"},"wordCount":638,"commentCount":0,"publisher":{"@id":"https:\/\/archiviocassano.lavocedelpaese.info\/#organization"},"articleSection":["Attualit\u00e0"],"inLanguage":"it-IT","potentialAction":[{"@type":"CommentAction","name":"Comment","target":["https:\/\/archiviocassano.lavocedelpaese.info\/index.php\/2009\/03\/27\/il-faro-di-canosa-fa-un-bilancio-sugli-incontri-di-formazione-politica\/#respond"]}]},{"@type":"WebPage","@id":"https:\/\/archiviocassano.lavocedelpaese.info\/index.php\/2009\/03\/27\/il-faro-di-canosa-fa-un-bilancio-sugli-incontri-di-formazione-politica\/","url":"https:\/\/archiviocassano.lavocedelpaese.info\/index.php\/2009\/03\/27\/il-faro-di-canosa-fa-un-bilancio-sugli-incontri-di-formazione-politica\/","name":"IL FARO: DI CANOSA FA UN BILANCIO SUGLI INCONTRI DI FORMAZIONE POLITICA - Archivio CassanoWeb","isPartOf":{"@id":"https:\/\/archiviocassano.lavocedelpaese.info\/#website"},"datePublished":"2009-03-27T14:35:37+00:00","breadcrumb":{"@id":"https:\/\/archiviocassano.lavocedelpaese.info\/index.php\/2009\/03\/27\/il-faro-di-canosa-fa-un-bilancio-sugli-incontri-di-formazione-politica\/#breadcrumb"},"inLanguage":"it-IT","potentialAction":[{"@type":"ReadAction","target":["https:\/\/archiviocassano.lavocedelpaese.info\/index.php\/2009\/03\/27\/il-faro-di-canosa-fa-un-bilancio-sugli-incontri-di-formazione-politica\/"]}]},{"@type":"BreadcrumbList","@id":"https:\/\/archiviocassano.lavocedelpaese.info\/index.php\/2009\/03\/27\/il-faro-di-canosa-fa-un-bilancio-sugli-incontri-di-formazione-politica\/#breadcrumb","itemListElement":[{"@type":"ListItem","position":1,"name":"Home","item":"https:\/\/archiviocassano.lavocedelpaese.info\/"},{"@type":"ListItem","position":2,"name":"IL FARO: DI CANOSA FA UN BILANCIO SUGLI INCONTRI DI FORMAZIONE POLITICA"}]},{"@type":"WebSite","@id":"https:\/\/archiviocassano.lavocedelpaese.info\/#website","url":"https:\/\/archiviocassano.lavocedelpaese.info\/","name":"Archivio CassanoWeb","description":"La Voce del Paese - un network di idee","publisher":{"@id":"https:\/\/archiviocassano.lavocedelpaese.info\/#organization"},"potentialAction":[{"@type":"SearchAction","target":{"@type":"EntryPoint","urlTemplate":"https:\/\/archiviocassano.lavocedelpaese.info\/?s={search_term_string}"},"query-input":{"@type":"PropertyValueSpecification","valueRequired":true,"valueName":"search_term_string"}}],"inLanguage":"it-IT"},{"@type":"Organization","@id":"https:\/\/archiviocassano.lavocedelpaese.info\/#organization","name":"Archivio CassanoWeb","url":"https:\/\/archiviocassano.lavocedelpaese.info\/","logo":{"@type":"ImageObject","inLanguage":"it-IT","@id":"https:\/\/archiviocassano.lavocedelpaese.info\/#\/schema\/logo\/image\/","url":"https:\/\/archiviocassano.lavocedelpaese.info\/wp-content\/uploads\/2024\/08\/logo-rosso-2.png","contentUrl":"https:\/\/archiviocassano.lavocedelpaese.info\/wp-content\/uploads\/2024\/08\/logo-rosso-2.png","width":491,"height":432,"caption":"Archivio CassanoWeb"},"image":{"@id":"https:\/\/archiviocassano.lavocedelpaese.info\/#\/schema\/logo\/image\/"},"sameAs":["https:\/\/www.facebook.com\/redazione.cassanoweb"]},{"@type":"Person","@id":"https:\/\/archiviocassano.lavocedelpaese.info\/#\/schema\/person\/df195bc79a9b4c35127cf005f92e041b","name":"admin","image":{"@type":"ImageObject","inLanguage":"it-IT","@id":"https:\/\/secure.gravatar.com\/avatar\/eabba89a432e8eaa1b0207cc55f7e5340b22712b1ed80677efcf63e02ff5b235?s=96&d=mm&r=g","url":"https:\/\/secure.gravatar.com\/avatar\/eabba89a432e8eaa1b0207cc55f7e5340b22712b1ed80677efcf63e02ff5b235?s=96&d=mm&r=g","contentUrl":"https:\/\/secure.gravatar.com\/avatar\/eabba89a432e8eaa1b0207cc55f7e5340b22712b1ed80677efcf63e02ff5b235?s=96&d=mm&r=g","caption":"admin"},"sameAs":["https:\/\/archiviocassano.lavocedelpaese.info"],"url":"https:\/\/archiviocassano.lavocedelpaese.info\/index.php\/author\/admin_0qgz1xdp\/"}]}},"_links":{"self":[{"href":"https:\/\/archiviocassano.lavocedelpaese.info\/index.php\/wp-json\/wp\/v2\/posts\/2809","targetHints":{"allow":["GET"]}}],"collection":[{"href":"https:\/\/archiviocassano.lavocedelpaese.info\/index.php\/wp-json\/wp\/v2\/posts"}],"about":[{"href":"https:\/\/archiviocassano.lavocedelpaese.info\/index.php\/wp-json\/wp\/v2\/types\/post"}],"author":[{"embeddable":true,"href":"https:\/\/archiviocassano.lavocedelpaese.info\/index.php\/wp-json\/wp\/v2\/users\/1"}],"replies":[{"embeddable":true,"href":"https:\/\/archiviocassano.lavocedelpaese.info\/index.php\/wp-json\/wp\/v2\/comments?post=2809"}],"version-history":[{"count":0,"href":"https:\/\/archiviocassano.lavocedelpaese.info\/index.php\/wp-json\/wp\/v2\/posts\/2809\/revisions"}],"wp:attachment":[{"href":"https:\/\/archiviocassano.lavocedelpaese.info\/index.php\/wp-json\/wp\/v2\/media?parent=2809"}],"wp:term":[{"taxonomy":"category","embeddable":true,"href":"https:\/\/archiviocassano.lavocedelpaese.info\/index.php\/wp-json\/wp\/v2\/categories?post=2809"},{"taxonomy":"post_tag","embeddable":true,"href":"https:\/\/archiviocassano.lavocedelpaese.info\/index.php\/wp-json\/wp\/v2\/tags?post=2809"}],"curies":[{"name":"wp","href":"https:\/\/api.w.org\/{rel}","templated":true}]}}