{"id":2878,"date":"2009-04-15T12:12:59","date_gmt":"2009-04-15T12:12:59","guid":{"rendered":"https:\/\/archiviocassano.lavocedelpaese.info\/index.php\/2009\/04\/15\/pasqua-del-piccolo-tifoso-allinsegna-della-solidarieta\/"},"modified":"2009-04-15T12:12:59","modified_gmt":"2009-04-15T12:12:59","slug":"pasqua-del-piccolo-tifoso-allinsegna-della-solidarieta","status":"publish","type":"post","link":"https:\/\/archiviocassano.lavocedelpaese.info\/index.php\/2009\/04\/15\/pasqua-del-piccolo-tifoso-allinsegna-della-solidarieta\/","title":{"rendered":"PASQUA DEL PICCOLO TIFOSO ALL&#8217;INSEGNA DELLA SOLIDARIETA&#8217;"},"content":{"rendered":"<p><img loading=\"lazy\" decoding=\"async\" width=\"300\" src=\"images\/stories\/pasqua_picc_tif_1.jpg\" alt=\"pasqua_picc_tif_1.jpg\" height=\"225\" style=\"float: left; margin: 5px; width: 300px; height: 225px\" title=\"pasqua_picc_tif_1.jpg\" \/><\/p>\n<p><!--more--><br \/>\n<span style=\"font-size: 10pt; font-family: Verdana\">E\u2019 stata una Pasqua fortemente segnata dagli avvenimenti, quella appena trascorsa. Che si \u00e8 caratterizzata per il tragico evento che ha colpito l\u2019Abruzzo, ma anche per la forte solidariet\u00e0 che ha accomunato molti di noi.<o:p><\/o:p><\/span><span style=\"font-size: 10pt; font-family: Verdana\">Cosi, anche per i nostri concittadini di Inter club e <span>\u00a0<\/span>Juve club cassanesi, la loro manifestazione \u201cPasqua del piccolo tifoso\u201d, prima che un momento di festa per i pi\u00f9 piccoli, \u00e8 diventato un momento di grande solidariet\u00e0.<o:p><\/o:p><\/span><span style=\"font-size: 10pt; font-family: Verdana\">A contribuire al successo della manifestazione, che ha visto la vendita di 500 uova pasquali, una dozzina di colombe e molti gadget, sono stati i tanti che, con il loro piccolo ma fondamentale aiuto, hanno offerto il loro contributo: \u201cvoglio ringraziare, anche a nome di tutto lo staff organizzativo, quanti hanno reso possibile questa manifestazione, ed in particolar modo tutti coloro che hanno contribuito con le loro offerte\u201d sono le parole di Filippo Panzarea, presidente del locale Inter club, a margine della manifestazione.<o:p><\/o:p><\/span><span style=\"font-size: 10pt; font-family: Verdana\">La vendita delle uova di cioccolato quest\u2019anno ha raddoppiato quella del 2008, sancendo il successo della manifestazione.<o:p><\/o:p><\/span> <\/p>\n<p style=\"margin: 0cm 0cm 0pt\" class=\"MsoNormal\">\n<span style=\"font-size: 10pt; font-family: Verdana\">Il ricavato, circa 850 euro, \u00e8 stato in parte donato ai superstiti del terremoto in Abruzzo, mentre la restante parte, dopo essere stata tramutata in buoni acquisto per prodotti di prima necessit\u00e0, verr\u00e0 distribuita alle famiglie locali che vivono in condizioni disagiate.<\/span>\n<\/p>\n<p><span style=\"font-size: 10pt; font-family: Verdana\"><img loading=\"lazy\" decoding=\"async\" width=\"300\" src=\"images\/stories\/pasqua_picc_tif_2.jpg\" alt=\"pasqua_picc_tif_2.jpg\" height=\"225\" style=\"float: left; margin: 5px; width: 300px; height: 225px\" title=\"pasqua_picc_tif_2.jpg\" \/><img loading=\"lazy\" decoding=\"async\" width=\"300\" src=\"images\/stories\/pasqua_picc_tif_3.jpg\" alt=\"pasqua_picc_tif_3.jpg\" height=\"225\" style=\"float: left; margin: 5px; width: 300px; height: 225px\" title=\"pasqua_picc_tif_3.jpg\" \/><o:p><\/o:p><\/span><\/p>\n","protected":false},"excerpt":{"rendered":"","protected":false},"author":1,"featured_media":0,"comment_status":"open","ping_status":"closed","sticky":false,"template":"","format":"standard","meta":{"colormag_page_container_layout":"default_layout","colormag_page_sidebar_layout":"default_layout","footnotes":""},"categories":[7],"tags":[],"class_list":["post-2878","post","type-post","status-publish","format-standard","hentry","category-attualita"],"yoast_head":"<!-- This site is optimized with the Yoast SEO plugin v27.5 - https:\/\/yoast.com\/product\/yoast-seo-wordpress\/ -->\n<title>PASQUA DEL PICCOLO TIFOSO ALL&#039;INSEGNA DELLA SOLIDARIETA&#039; - Archivio CassanoWeb<\/title>\n<meta name=\"robots\" content=\"index, follow, max-snippet:-1, max-image-preview:large, max-video-preview:-1\" \/>\n<link rel=\"canonical\" href=\"https:\/\/archiviocassano.lavocedelpaese.info\/index.php\/2009\/04\/15\/pasqua-del-piccolo-tifoso-allinsegna-della-solidarieta\/\" \/>\n<meta property=\"og:locale\" content=\"it_IT\" \/>\n<meta property=\"og:type\" content=\"article\" \/>\n<meta property=\"og:title\" content=\"PASQUA DEL PICCOLO TIFOSO ALL&#039;INSEGNA DELLA SOLIDARIETA&#039; - Archivio CassanoWeb\" \/>\n<meta property=\"og:url\" content=\"https:\/\/archiviocassano.lavocedelpaese.info\/index.php\/2009\/04\/15\/pasqua-del-piccolo-tifoso-allinsegna-della-solidarieta\/\" \/>\n<meta property=\"og:site_name\" content=\"Archivio CassanoWeb\" \/>\n<meta property=\"article:publisher\" content=\"https:\/\/www.facebook.com\/redazione.cassanoweb\" \/>\n<meta property=\"article:published_time\" content=\"2009-04-15T12:12:59+00:00\" \/>\n<meta name=\"author\" content=\"admin\" \/>\n<meta name=\"twitter:card\" content=\"summary_large_image\" \/>\n<meta name=\"twitter:label1\" content=\"Scritto da\" \/>\n\t<meta name=\"twitter:data1\" content=\"admin\" \/>\n\t<meta name=\"twitter:label2\" content=\"Tempo di lettura stimato\" \/>\n\t<meta name=\"twitter:data2\" content=\"1 minuto\" \/>\n<script type=\"application\/ld+json\" class=\"yoast-schema-graph\">{\"@context\":\"https:\\\/\\\/schema.org\",\"@graph\":[{\"@type\":\"Article\",\"@id\":\"https:\\\/\\\/archiviocassano.lavocedelpaese.info\\\/index.php\\\/2009\\\/04\\\/15\\\/pasqua-del-piccolo-tifoso-allinsegna-della-solidarieta\\\/#article\",\"isPartOf\":{\"@id\":\"https:\\\/\\\/archiviocassano.lavocedelpaese.info\\\/index.php\\\/2009\\\/04\\\/15\\\/pasqua-del-piccolo-tifoso-allinsegna-della-solidarieta\\\/\"},\"author\":{\"name\":\"admin\",\"@id\":\"https:\\\/\\\/archiviocassano.lavocedelpaese.info\\\/#\\\/schema\\\/person\\\/df195bc79a9b4c35127cf005f92e041b\"},\"headline\":\"PASQUA DEL PICCOLO TIFOSO ALL&#8217;INSEGNA DELLA SOLIDARIETA&#8217;\",\"datePublished\":\"2009-04-15T12:12:59+00:00\",\"mainEntityOfPage\":{\"@id\":\"https:\\\/\\\/archiviocassano.lavocedelpaese.info\\\/index.php\\\/2009\\\/04\\\/15\\\/pasqua-del-piccolo-tifoso-allinsegna-della-solidarieta\\\/\"},\"wordCount\":218,\"commentCount\":0,\"publisher\":{\"@id\":\"https:\\\/\\\/archiviocassano.lavocedelpaese.info\\\/#organization\"},\"articleSection\":[\"Attualit\u00e0\"],\"inLanguage\":\"it-IT\",\"potentialAction\":[{\"@type\":\"CommentAction\",\"name\":\"Comment\",\"target\":[\"https:\\\/\\\/archiviocassano.lavocedelpaese.info\\\/index.php\\\/2009\\\/04\\\/15\\\/pasqua-del-piccolo-tifoso-allinsegna-della-solidarieta\\\/#respond\"]}]},{\"@type\":\"WebPage\",\"@id\":\"https:\\\/\\\/archiviocassano.lavocedelpaese.info\\\/index.php\\\/2009\\\/04\\\/15\\\/pasqua-del-piccolo-tifoso-allinsegna-della-solidarieta\\\/\",\"url\":\"https:\\\/\\\/archiviocassano.lavocedelpaese.info\\\/index.php\\\/2009\\\/04\\\/15\\\/pasqua-del-piccolo-tifoso-allinsegna-della-solidarieta\\\/\",\"name\":\"PASQUA DEL PICCOLO TIFOSO ALL'INSEGNA DELLA SOLIDARIETA' - Archivio CassanoWeb\",\"isPartOf\":{\"@id\":\"https:\\\/\\\/archiviocassano.lavocedelpaese.info\\\/#website\"},\"datePublished\":\"2009-04-15T12:12:59+00:00\",\"breadcrumb\":{\"@id\":\"https:\\\/\\\/archiviocassano.lavocedelpaese.info\\\/index.php\\\/2009\\\/04\\\/15\\\/pasqua-del-piccolo-tifoso-allinsegna-della-solidarieta\\\/#breadcrumb\"},\"inLanguage\":\"it-IT\",\"potentialAction\":[{\"@type\":\"ReadAction\",\"target\":[\"https:\\\/\\\/archiviocassano.lavocedelpaese.info\\\/index.php\\\/2009\\\/04\\\/15\\\/pasqua-del-piccolo-tifoso-allinsegna-della-solidarieta\\\/\"]}]},{\"@type\":\"BreadcrumbList\",\"@id\":\"https:\\\/\\\/archiviocassano.lavocedelpaese.info\\\/index.php\\\/2009\\\/04\\\/15\\\/pasqua-del-piccolo-tifoso-allinsegna-della-solidarieta\\\/#breadcrumb\",\"itemListElement\":[{\"@type\":\"ListItem\",\"position\":1,\"name\":\"Home\",\"item\":\"https:\\\/\\\/archiviocassano.lavocedelpaese.info\\\/\"},{\"@type\":\"ListItem\",\"position\":2,\"name\":\"PASQUA DEL PICCOLO TIFOSO ALL&#8217;INSEGNA DELLA SOLIDARIETA&#8217;\"}]},{\"@type\":\"WebSite\",\"@id\":\"https:\\\/\\\/archiviocassano.lavocedelpaese.info\\\/#website\",\"url\":\"https:\\\/\\\/archiviocassano.lavocedelpaese.info\\\/\",\"name\":\"Archivio CassanoWeb\",\"description\":\"La Voce del Paese - un network di idee\",\"publisher\":{\"@id\":\"https:\\\/\\\/archiviocassano.lavocedelpaese.info\\\/#organization\"},\"potentialAction\":[{\"@type\":\"SearchAction\",\"target\":{\"@type\":\"EntryPoint\",\"urlTemplate\":\"https:\\\/\\\/archiviocassano.lavocedelpaese.info\\\/?s={search_term_string}\"},\"query-input\":{\"@type\":\"PropertyValueSpecification\",\"valueRequired\":true,\"valueName\":\"search_term_string\"}}],\"inLanguage\":\"it-IT\"},{\"@type\":\"Organization\",\"@id\":\"https:\\\/\\\/archiviocassano.lavocedelpaese.info\\\/#organization\",\"name\":\"Archivio CassanoWeb\",\"url\":\"https:\\\/\\\/archiviocassano.lavocedelpaese.info\\\/\",\"logo\":{\"@type\":\"ImageObject\",\"inLanguage\":\"it-IT\",\"@id\":\"https:\\\/\\\/archiviocassano.lavocedelpaese.info\\\/#\\\/schema\\\/logo\\\/image\\\/\",\"url\":\"https:\\\/\\\/archiviocassano.lavocedelpaese.info\\\/wp-content\\\/uploads\\\/2024\\\/08\\\/logo-rosso-2.png\",\"contentUrl\":\"https:\\\/\\\/archiviocassano.lavocedelpaese.info\\\/wp-content\\\/uploads\\\/2024\\\/08\\\/logo-rosso-2.png\",\"width\":491,\"height\":432,\"caption\":\"Archivio CassanoWeb\"},\"image\":{\"@id\":\"https:\\\/\\\/archiviocassano.lavocedelpaese.info\\\/#\\\/schema\\\/logo\\\/image\\\/\"},\"sameAs\":[\"https:\\\/\\\/www.facebook.com\\\/redazione.cassanoweb\"]},{\"@type\":\"Person\",\"@id\":\"https:\\\/\\\/archiviocassano.lavocedelpaese.info\\\/#\\\/schema\\\/person\\\/df195bc79a9b4c35127cf005f92e041b\",\"name\":\"admin\",\"image\":{\"@type\":\"ImageObject\",\"inLanguage\":\"it-IT\",\"@id\":\"https:\\\/\\\/secure.gravatar.com\\\/avatar\\\/eabba89a432e8eaa1b0207cc55f7e5340b22712b1ed80677efcf63e02ff5b235?s=96&d=mm&r=g\",\"url\":\"https:\\\/\\\/secure.gravatar.com\\\/avatar\\\/eabba89a432e8eaa1b0207cc55f7e5340b22712b1ed80677efcf63e02ff5b235?s=96&d=mm&r=g\",\"contentUrl\":\"https:\\\/\\\/secure.gravatar.com\\\/avatar\\\/eabba89a432e8eaa1b0207cc55f7e5340b22712b1ed80677efcf63e02ff5b235?s=96&d=mm&r=g\",\"caption\":\"admin\"},\"sameAs\":[\"https:\\\/\\\/archiviocassano.lavocedelpaese.info\"],\"url\":\"https:\\\/\\\/archiviocassano.lavocedelpaese.info\\\/index.php\\\/author\\\/admin_0qgz1xdp\\\/\"}]}<\/script>\n<!-- \/ Yoast SEO plugin. -->","yoast_head_json":{"title":"PASQUA DEL PICCOLO TIFOSO ALL'INSEGNA DELLA SOLIDARIETA' - Archivio CassanoWeb","robots":{"index":"index","follow":"follow","max-snippet":"max-snippet:-1","max-image-preview":"max-image-preview:large","max-video-preview":"max-video-preview:-1"},"canonical":"https:\/\/archiviocassano.lavocedelpaese.info\/index.php\/2009\/04\/15\/pasqua-del-piccolo-tifoso-allinsegna-della-solidarieta\/","og_locale":"it_IT","og_type":"article","og_title":"PASQUA DEL PICCOLO TIFOSO ALL'INSEGNA DELLA SOLIDARIETA' - Archivio CassanoWeb","og_url":"https:\/\/archiviocassano.lavocedelpaese.info\/index.php\/2009\/04\/15\/pasqua-del-piccolo-tifoso-allinsegna-della-solidarieta\/","og_site_name":"Archivio CassanoWeb","article_publisher":"https:\/\/www.facebook.com\/redazione.cassanoweb","article_published_time":"2009-04-15T12:12:59+00:00","author":"admin","twitter_card":"summary_large_image","twitter_misc":{"Scritto da":"admin","Tempo di lettura stimato":"1 minuto"},"schema":{"@context":"https:\/\/schema.org","@graph":[{"@type":"Article","@id":"https:\/\/archiviocassano.lavocedelpaese.info\/index.php\/2009\/04\/15\/pasqua-del-piccolo-tifoso-allinsegna-della-solidarieta\/#article","isPartOf":{"@id":"https:\/\/archiviocassano.lavocedelpaese.info\/index.php\/2009\/04\/15\/pasqua-del-piccolo-tifoso-allinsegna-della-solidarieta\/"},"author":{"name":"admin","@id":"https:\/\/archiviocassano.lavocedelpaese.info\/#\/schema\/person\/df195bc79a9b4c35127cf005f92e041b"},"headline":"PASQUA DEL PICCOLO TIFOSO ALL&#8217;INSEGNA DELLA SOLIDARIETA&#8217;","datePublished":"2009-04-15T12:12:59+00:00","mainEntityOfPage":{"@id":"https:\/\/archiviocassano.lavocedelpaese.info\/index.php\/2009\/04\/15\/pasqua-del-piccolo-tifoso-allinsegna-della-solidarieta\/"},"wordCount":218,"commentCount":0,"publisher":{"@id":"https:\/\/archiviocassano.lavocedelpaese.info\/#organization"},"articleSection":["Attualit\u00e0"],"inLanguage":"it-IT","potentialAction":[{"@type":"CommentAction","name":"Comment","target":["https:\/\/archiviocassano.lavocedelpaese.info\/index.php\/2009\/04\/15\/pasqua-del-piccolo-tifoso-allinsegna-della-solidarieta\/#respond"]}]},{"@type":"WebPage","@id":"https:\/\/archiviocassano.lavocedelpaese.info\/index.php\/2009\/04\/15\/pasqua-del-piccolo-tifoso-allinsegna-della-solidarieta\/","url":"https:\/\/archiviocassano.lavocedelpaese.info\/index.php\/2009\/04\/15\/pasqua-del-piccolo-tifoso-allinsegna-della-solidarieta\/","name":"PASQUA DEL PICCOLO TIFOSO ALL'INSEGNA DELLA SOLIDARIETA' - Archivio CassanoWeb","isPartOf":{"@id":"https:\/\/archiviocassano.lavocedelpaese.info\/#website"},"datePublished":"2009-04-15T12:12:59+00:00","breadcrumb":{"@id":"https:\/\/archiviocassano.lavocedelpaese.info\/index.php\/2009\/04\/15\/pasqua-del-piccolo-tifoso-allinsegna-della-solidarieta\/#breadcrumb"},"inLanguage":"it-IT","potentialAction":[{"@type":"ReadAction","target":["https:\/\/archiviocassano.lavocedelpaese.info\/index.php\/2009\/04\/15\/pasqua-del-piccolo-tifoso-allinsegna-della-solidarieta\/"]}]},{"@type":"BreadcrumbList","@id":"https:\/\/archiviocassano.lavocedelpaese.info\/index.php\/2009\/04\/15\/pasqua-del-piccolo-tifoso-allinsegna-della-solidarieta\/#breadcrumb","itemListElement":[{"@type":"ListItem","position":1,"name":"Home","item":"https:\/\/archiviocassano.lavocedelpaese.info\/"},{"@type":"ListItem","position":2,"name":"PASQUA DEL PICCOLO TIFOSO ALL&#8217;INSEGNA DELLA SOLIDARIETA&#8217;"}]},{"@type":"WebSite","@id":"https:\/\/archiviocassano.lavocedelpaese.info\/#website","url":"https:\/\/archiviocassano.lavocedelpaese.info\/","name":"Archivio CassanoWeb","description":"La Voce del Paese - un network di idee","publisher":{"@id":"https:\/\/archiviocassano.lavocedelpaese.info\/#organization"},"potentialAction":[{"@type":"SearchAction","target":{"@type":"EntryPoint","urlTemplate":"https:\/\/archiviocassano.lavocedelpaese.info\/?s={search_term_string}"},"query-input":{"@type":"PropertyValueSpecification","valueRequired":true,"valueName":"search_term_string"}}],"inLanguage":"it-IT"},{"@type":"Organization","@id":"https:\/\/archiviocassano.lavocedelpaese.info\/#organization","name":"Archivio CassanoWeb","url":"https:\/\/archiviocassano.lavocedelpaese.info\/","logo":{"@type":"ImageObject","inLanguage":"it-IT","@id":"https:\/\/archiviocassano.lavocedelpaese.info\/#\/schema\/logo\/image\/","url":"https:\/\/archiviocassano.lavocedelpaese.info\/wp-content\/uploads\/2024\/08\/logo-rosso-2.png","contentUrl":"https:\/\/archiviocassano.lavocedelpaese.info\/wp-content\/uploads\/2024\/08\/logo-rosso-2.png","width":491,"height":432,"caption":"Archivio CassanoWeb"},"image":{"@id":"https:\/\/archiviocassano.lavocedelpaese.info\/#\/schema\/logo\/image\/"},"sameAs":["https:\/\/www.facebook.com\/redazione.cassanoweb"]},{"@type":"Person","@id":"https:\/\/archiviocassano.lavocedelpaese.info\/#\/schema\/person\/df195bc79a9b4c35127cf005f92e041b","name":"admin","image":{"@type":"ImageObject","inLanguage":"it-IT","@id":"https:\/\/secure.gravatar.com\/avatar\/eabba89a432e8eaa1b0207cc55f7e5340b22712b1ed80677efcf63e02ff5b235?s=96&d=mm&r=g","url":"https:\/\/secure.gravatar.com\/avatar\/eabba89a432e8eaa1b0207cc55f7e5340b22712b1ed80677efcf63e02ff5b235?s=96&d=mm&r=g","contentUrl":"https:\/\/secure.gravatar.com\/avatar\/eabba89a432e8eaa1b0207cc55f7e5340b22712b1ed80677efcf63e02ff5b235?s=96&d=mm&r=g","caption":"admin"},"sameAs":["https:\/\/archiviocassano.lavocedelpaese.info"],"url":"https:\/\/archiviocassano.lavocedelpaese.info\/index.php\/author\/admin_0qgz1xdp\/"}]}},"_links":{"self":[{"href":"https:\/\/archiviocassano.lavocedelpaese.info\/index.php\/wp-json\/wp\/v2\/posts\/2878","targetHints":{"allow":["GET"]}}],"collection":[{"href":"https:\/\/archiviocassano.lavocedelpaese.info\/index.php\/wp-json\/wp\/v2\/posts"}],"about":[{"href":"https:\/\/archiviocassano.lavocedelpaese.info\/index.php\/wp-json\/wp\/v2\/types\/post"}],"author":[{"embeddable":true,"href":"https:\/\/archiviocassano.lavocedelpaese.info\/index.php\/wp-json\/wp\/v2\/users\/1"}],"replies":[{"embeddable":true,"href":"https:\/\/archiviocassano.lavocedelpaese.info\/index.php\/wp-json\/wp\/v2\/comments?post=2878"}],"version-history":[{"count":0,"href":"https:\/\/archiviocassano.lavocedelpaese.info\/index.php\/wp-json\/wp\/v2\/posts\/2878\/revisions"}],"wp:attachment":[{"href":"https:\/\/archiviocassano.lavocedelpaese.info\/index.php\/wp-json\/wp\/v2\/media?parent=2878"}],"wp:term":[{"taxonomy":"category","embeddable":true,"href":"https:\/\/archiviocassano.lavocedelpaese.info\/index.php\/wp-json\/wp\/v2\/categories?post=2878"},{"taxonomy":"post_tag","embeddable":true,"href":"https:\/\/archiviocassano.lavocedelpaese.info\/index.php\/wp-json\/wp\/v2\/tags?post=2878"}],"curies":[{"name":"wp","href":"https:\/\/api.w.org\/{rel}","templated":true}]}}