{"id":2918,"date":"2009-04-28T16:58:29","date_gmt":"2009-04-28T16:58:29","guid":{"rendered":"https:\/\/archiviocassano.lavocedelpaese.info\/index.php\/2009\/04\/28\/provinciali-schittulli-presenta-la-sua-squadra-fra-i-36-il-cassanese-p-guglielmo\/"},"modified":"2009-04-28T16:58:29","modified_gmt":"2009-04-28T16:58:29","slug":"provinciali-schittulli-presenta-la-sua-squadra-fra-i-36-il-cassanese-p-guglielmo","status":"publish","type":"post","link":"https:\/\/archiviocassano.lavocedelpaese.info\/index.php\/2009\/04\/28\/provinciali-schittulli-presenta-la-sua-squadra-fra-i-36-il-cassanese-p-guglielmo\/","title":{"rendered":"PROVINCIALI: SCHITTULLI PRESENTA LA SUA SQUADRA.  FRA I 36, IL  CASSANESE P. GUGLIELMO"},"content":{"rendered":"<p><img loading=\"lazy\" decoding=\"async\" width=\"197\" src=\"images\/stories\/schittulli.jpg\" alt=\"schittulli.jpg\" height=\"250\" style=\"float: left; margin: 5px; width: 197px; height: 250px\" title=\"schittulli.jpg\" \/>\u00a0<\/p>\n<p><!--more--><br \/>\n<span style=\"font-size: 10pt; font-family: Verdana\"><o:p>\u00a0<\/o:p><\/span><span style=\"font-size: 10pt; color: #000000; font-family: Verdana\">Il candidato del Partito delle Libert\u00e0 alla carica di Presidente della Provincia di Bari, Francesco Schittulli, ha presentato il suo programma e la sua lista: priorit\u00e0 del programma di Schittulli\u00a0\u00e8 rilanciare la terra di Bari. <\/span><\/p>\n<p>\n<span style=\"font-size: 10pt; color: #000000; font-family: Verdana\"><\/span>\n<\/p>\n<p>\n<span style=\"font-size: 10pt; color: #000000; font-family: Verdana\"><\/span>\n<\/p>\n<p><span style=\"font-size: 10pt; color: #000000; font-family: Verdana\">Per spiegarlo ha citato dei dati.<o:p><\/o:p><\/span><span style=\"font-size: 10pt; color: #000000; font-family: Verdana\">&quot;<i>La provincia di Bari \u00e8 al quart&#8217;ultimo posto tra le 12 province maggiori d&#8217;Italia per tasso di occupazione, con il 49,7% di persone occupate su una media nazionale di 58,7: ecco perch\u00e9 c&#8217;\u00e8 bisogno di un cambiamento che restituisca opportunit\u00e0 concrete ai cittadini della terra di Bari&quot;, ha detto\u00a0l&#8217;antagonista del presidente uscente Vincenzo Divella,\u00a0commentando i dati relativi al 2008, diffusi oggi dall&#8217;Istat.<o:p><\/o:p><\/i><\/span><span style=\"font-size: 10pt; color: #000000; font-family: Verdana\"><br \/>\n&quot;<i>Il quadro complessivo rappresentato nelle statistiche<\/i> &#8211; spiega Schittulli &#8211; <i>disegna una provincia\u00a0 in coda rispetto alle province maggiori: il fatto che Bari primeggi rispetto a Catania o Palermo \u00e8 soltanto una magra consolazione. Negli anni scorsi, &#8211; aggiunge &#8211; ci saremmo aspettati auspicabili sinergie in favore delle nostre realt\u00e0 territoriali pi\u00f9 in crisi, e invece <st1:personname ProductID=\"la Provincia\" w:st=\"on\">la Provincia<\/st1:personname> di Bari ha saputo soltanto litigare con Comune e Regione facendoci perdere opportunit\u00e0 di sviluppo&quot;. Secondo Schittulli\u00a0&quot;la debolezza pi\u00f9 grande riguarda la occupazione femminile, ferma al 33% contro una media nazionale che supera il 47<\/i>&quot;.<\/span> <\/p>\n<p>\n<span style=\"font-size: 10pt; color: #000000; font-family: Verdana\"><\/span>\n<\/p>\n<p>\n<span style=\"font-size: 10pt; color: #000000; font-family: Verdana\"><\/span>\n<\/p>\n<p><span style=\"font-size: 10pt; color: #000000; font-family: Verdana\"><i><o:p><\/o:p><\/i><\/span><span style=\"font-size: 10pt; color: #000000; font-family: Verdana\">Schittulli sar\u00e0 sostenuto da una lista che porta il suo nome (&quot;Lista Schittulli&quot;). Questi i 36 candidati (in parentesi il collegio): Eustachio Claudio Solazzo avvocato (<strong><span style=\"font-family: Verdana\">Acquaviva<\/span><\/strong>); Antonio Baccellieri avvocato (<strong><span style=\"font-family: Verdana\">Adelfia<\/span><\/strong>); Filippo Berloco imprenditore (n. 3, <strong><span style=\"font-family: Verdana\">ALTAMURA I<\/span><\/strong>); Angela Aliani avvocato (n.4, <strong><span style=\"font-family: Verdana\">ALTAMURA 2<\/span><\/strong>, comprendente anche alcuni quartieri di <strong><span style=\"font-family: Verdana\">GRAVINA<\/span><\/strong>); Donato Radogna dottore commercialista (<strong><span style=\"font-family: Verdana\">Bari I<\/span><\/strong>); Francesco Grimaldi medico (<strong><span style=\"font-family: Verdana\">Bari II<\/span><\/strong>); Maria Orlando direttore aziendale (<strong><span style=\"font-family: Verdana\">Bari III<\/span><\/strong>); Nicola De Matteo impiegato (<strong><span style=\"font-family: Verdana\">Bari IV<\/span><\/strong>); Amedeo Nardi perito industriale, consulente (<strong><span style=\"font-family: Verdana\">Bari V<\/span><\/strong>); Letizia Bucaria in Coppolecchia avvocato (<strong><span style=\"font-family: Verdana\">Bari VI<\/span><\/strong>); Gaetano Falco medico (<strong><span style=\"font-family: Verdana\">Bari VII<\/span><\/strong>); Anna Maria Di Pinto in Argentiero laureata in Scienze politiche, bancaria (<strong><span style=\"font-family: Verdana\">Bari VIII<\/span><\/strong>); Annamaria Amodio biologa (<strong><span style=\"font-family: Verdana\">Bari IX<\/span><\/strong>); Marcello Amodio dirigente Inps (<strong><span style=\"font-family: Verdana\">Bari X<\/span><\/strong>); Michele Labianca docente (<strong><span style=\"font-family: Verdana\">Bitonto 1 e Bitonto 2<\/span><\/strong>); Vitantonio Laruccia pensionato, ex dirigente della Provincia (<strong><span style=\"font-family: Verdana\">Conversano<\/span><\/strong>); Maurizio Vernice dipendente Amgas (<strong><span style=\"font-family: Verdana\">Corato<\/span><\/strong>); Domenico Capano agente assicurativo (<strong><span style=\"font-family: Verdana\">Gioia del Colle<\/span><\/strong>); Domenico Franco <span class=\"htmlhitcurrent\"><span id=\"hit0\">Ro<\/span><span id=\"hit0\"><\/span><span id=\"hit0\">mita<\/span><\/span> medico (<strong><span style=\"font-family: Verdana\">Gravina-Poggiorsini<\/span><\/strong>); Claudio Antonelli studente universitario (<strong><span style=\"font-family: Verdana\">Locorotondo<\/span><\/strong>); Raffaele Nerotti ingegnere (<strong><span style=\"font-family: Verdana\">Modugno<\/span><\/strong>); Vito Zaccaria dirigente aziendale (<strong><span style=\"font-family: Verdana\">Mola<\/span><\/strong>); Giovanni Gadaleta medico (<strong><span style=\"font-family: Verdana\">Molfetta I<\/span><\/strong>); Adele Maria Serena Claudio in Baldassarre avvocato (<strong><span style=\"font-family: Verdana\">Molfetta II<\/span><\/strong>); Serafino Mitrotti medico (<strong><span style=\"font-family: Verdana\">Monopoli<\/span><\/strong>); Giovanni Marino Gentile bancario (<strong><span style=\"font-family: Verdana\">Noci<\/span><\/strong>); Nicola Sicolo manager aziendale (<strong><span style=\"font-family: Verdana\">Noicattaro<\/span><\/strong>); Lucia Maria Antonietta Grieco in Siciliani imprenditrice (<strong><span style=\"font-family: Verdana\">Palo del Colle<\/span><\/strong>); Paolo Tundo tecnico di radiologia della Asl (<strong><span style=\"font-family: Verdana\">Putignano<\/span><\/strong>); Beniamino Doro ingegnere (<strong><span style=\"font-family: Verdana\">Rutigliano<\/span><\/strong>); Luciano Lorusso medico (<strong><span style=\"font-family: Verdana\">Ruvo<\/span><\/strong>); Pietro Guglielmo geometra (<strong><span style=\"font-family: Verdana\">Santeramo-Cassano<\/span><\/strong>); Renato Brucoli editore, giornalista (<strong><span style=\"font-family: Verdana\">Terlizzi-Giovinazzo<\/span><\/strong>); Anna Maurodinoia in Cataldo imprenditore (<strong><span style=\"font-family: Verdana\">Triggiano<\/span><\/strong>); Natale Catella medico (<strong><span style=\"font-family: Verdana\">Valenzano<\/span><\/strong>). <o:p><\/o:p><\/span><\/p>\n","protected":false},"excerpt":{"rendered":"<p>\u00a0<\/p>\n","protected":false},"author":1,"featured_media":0,"comment_status":"open","ping_status":"closed","sticky":false,"template":"","format":"standard","meta":{"colormag_page_container_layout":"default_layout","colormag_page_sidebar_layout":"default_layout","footnotes":""},"categories":[4],"tags":[],"class_list":["post-2918","post","type-post","status-publish","format-standard","hentry","category-politica"],"yoast_head":"<!-- This site is optimized with the Yoast SEO plugin v27.5 - https:\/\/yoast.com\/product\/yoast-seo-wordpress\/ -->\n<title>PROVINCIALI: SCHITTULLI PRESENTA LA SUA SQUADRA. FRA I 36, IL CASSANESE P. GUGLIELMO - Archivio CassanoWeb<\/title>\n<meta name=\"robots\" content=\"index, follow, max-snippet:-1, max-image-preview:large, max-video-preview:-1\" \/>\n<link rel=\"canonical\" href=\"https:\/\/archiviocassano.lavocedelpaese.info\/index.php\/2009\/04\/28\/provinciali-schittulli-presenta-la-sua-squadra-fra-i-36-il-cassanese-p-guglielmo\/\" \/>\n<meta property=\"og:locale\" content=\"it_IT\" \/>\n<meta property=\"og:type\" content=\"article\" \/>\n<meta property=\"og:title\" content=\"PROVINCIALI: SCHITTULLI PRESENTA LA SUA SQUADRA. FRA I 36, IL CASSANESE P. GUGLIELMO - Archivio CassanoWeb\" \/>\n<meta property=\"og:description\" content=\"\u00a0\" \/>\n<meta property=\"og:url\" content=\"https:\/\/archiviocassano.lavocedelpaese.info\/index.php\/2009\/04\/28\/provinciali-schittulli-presenta-la-sua-squadra-fra-i-36-il-cassanese-p-guglielmo\/\" \/>\n<meta property=\"og:site_name\" content=\"Archivio CassanoWeb\" \/>\n<meta property=\"article:publisher\" content=\"https:\/\/www.facebook.com\/redazione.cassanoweb\" \/>\n<meta property=\"article:published_time\" content=\"2009-04-28T16:58:29+00:00\" \/>\n<meta name=\"author\" content=\"admin\" \/>\n<meta name=\"twitter:card\" content=\"summary_large_image\" \/>\n<meta name=\"twitter:label1\" content=\"Scritto da\" \/>\n\t<meta name=\"twitter:data1\" content=\"admin\" \/>\n\t<meta name=\"twitter:label2\" content=\"Tempo di lettura stimato\" \/>\n\t<meta name=\"twitter:data2\" content=\"2 minuti\" \/>\n<script type=\"application\/ld+json\" class=\"yoast-schema-graph\">{\"@context\":\"https:\\\/\\\/schema.org\",\"@graph\":[{\"@type\":\"Article\",\"@id\":\"https:\\\/\\\/archiviocassano.lavocedelpaese.info\\\/index.php\\\/2009\\\/04\\\/28\\\/provinciali-schittulli-presenta-la-sua-squadra-fra-i-36-il-cassanese-p-guglielmo\\\/#article\",\"isPartOf\":{\"@id\":\"https:\\\/\\\/archiviocassano.lavocedelpaese.info\\\/index.php\\\/2009\\\/04\\\/28\\\/provinciali-schittulli-presenta-la-sua-squadra-fra-i-36-il-cassanese-p-guglielmo\\\/\"},\"author\":{\"name\":\"admin\",\"@id\":\"https:\\\/\\\/archiviocassano.lavocedelpaese.info\\\/#\\\/schema\\\/person\\\/df195bc79a9b4c35127cf005f92e041b\"},\"headline\":\"PROVINCIALI: SCHITTULLI PRESENTA LA SUA SQUADRA. FRA I 36, IL CASSANESE P. GUGLIELMO\",\"datePublished\":\"2009-04-28T16:58:29+00:00\",\"mainEntityOfPage\":{\"@id\":\"https:\\\/\\\/archiviocassano.lavocedelpaese.info\\\/index.php\\\/2009\\\/04\\\/28\\\/provinciali-schittulli-presenta-la-sua-squadra-fra-i-36-il-cassanese-p-guglielmo\\\/\"},\"wordCount\":446,\"commentCount\":0,\"publisher\":{\"@id\":\"https:\\\/\\\/archiviocassano.lavocedelpaese.info\\\/#organization\"},\"articleSection\":[\"Politica\"],\"inLanguage\":\"it-IT\",\"potentialAction\":[{\"@type\":\"CommentAction\",\"name\":\"Comment\",\"target\":[\"https:\\\/\\\/archiviocassano.lavocedelpaese.info\\\/index.php\\\/2009\\\/04\\\/28\\\/provinciali-schittulli-presenta-la-sua-squadra-fra-i-36-il-cassanese-p-guglielmo\\\/#respond\"]}]},{\"@type\":\"WebPage\",\"@id\":\"https:\\\/\\\/archiviocassano.lavocedelpaese.info\\\/index.php\\\/2009\\\/04\\\/28\\\/provinciali-schittulli-presenta-la-sua-squadra-fra-i-36-il-cassanese-p-guglielmo\\\/\",\"url\":\"https:\\\/\\\/archiviocassano.lavocedelpaese.info\\\/index.php\\\/2009\\\/04\\\/28\\\/provinciali-schittulli-presenta-la-sua-squadra-fra-i-36-il-cassanese-p-guglielmo\\\/\",\"name\":\"PROVINCIALI: SCHITTULLI PRESENTA LA SUA SQUADRA. FRA I 36, IL CASSANESE P. GUGLIELMO - Archivio CassanoWeb\",\"isPartOf\":{\"@id\":\"https:\\\/\\\/archiviocassano.lavocedelpaese.info\\\/#website\"},\"datePublished\":\"2009-04-28T16:58:29+00:00\",\"breadcrumb\":{\"@id\":\"https:\\\/\\\/archiviocassano.lavocedelpaese.info\\\/index.php\\\/2009\\\/04\\\/28\\\/provinciali-schittulli-presenta-la-sua-squadra-fra-i-36-il-cassanese-p-guglielmo\\\/#breadcrumb\"},\"inLanguage\":\"it-IT\",\"potentialAction\":[{\"@type\":\"ReadAction\",\"target\":[\"https:\\\/\\\/archiviocassano.lavocedelpaese.info\\\/index.php\\\/2009\\\/04\\\/28\\\/provinciali-schittulli-presenta-la-sua-squadra-fra-i-36-il-cassanese-p-guglielmo\\\/\"]}]},{\"@type\":\"BreadcrumbList\",\"@id\":\"https:\\\/\\\/archiviocassano.lavocedelpaese.info\\\/index.php\\\/2009\\\/04\\\/28\\\/provinciali-schittulli-presenta-la-sua-squadra-fra-i-36-il-cassanese-p-guglielmo\\\/#breadcrumb\",\"itemListElement\":[{\"@type\":\"ListItem\",\"position\":1,\"name\":\"Home\",\"item\":\"https:\\\/\\\/archiviocassano.lavocedelpaese.info\\\/\"},{\"@type\":\"ListItem\",\"position\":2,\"name\":\"PROVINCIALI: SCHITTULLI PRESENTA LA SUA SQUADRA. FRA I 36, IL CASSANESE P. GUGLIELMO\"}]},{\"@type\":\"WebSite\",\"@id\":\"https:\\\/\\\/archiviocassano.lavocedelpaese.info\\\/#website\",\"url\":\"https:\\\/\\\/archiviocassano.lavocedelpaese.info\\\/\",\"name\":\"Archivio CassanoWeb\",\"description\":\"La Voce del Paese - un network di idee\",\"publisher\":{\"@id\":\"https:\\\/\\\/archiviocassano.lavocedelpaese.info\\\/#organization\"},\"potentialAction\":[{\"@type\":\"SearchAction\",\"target\":{\"@type\":\"EntryPoint\",\"urlTemplate\":\"https:\\\/\\\/archiviocassano.lavocedelpaese.info\\\/?s={search_term_string}\"},\"query-input\":{\"@type\":\"PropertyValueSpecification\",\"valueRequired\":true,\"valueName\":\"search_term_string\"}}],\"inLanguage\":\"it-IT\"},{\"@type\":\"Organization\",\"@id\":\"https:\\\/\\\/archiviocassano.lavocedelpaese.info\\\/#organization\",\"name\":\"Archivio CassanoWeb\",\"url\":\"https:\\\/\\\/archiviocassano.lavocedelpaese.info\\\/\",\"logo\":{\"@type\":\"ImageObject\",\"inLanguage\":\"it-IT\",\"@id\":\"https:\\\/\\\/archiviocassano.lavocedelpaese.info\\\/#\\\/schema\\\/logo\\\/image\\\/\",\"url\":\"https:\\\/\\\/archiviocassano.lavocedelpaese.info\\\/wp-content\\\/uploads\\\/2024\\\/08\\\/logo-rosso-2.png\",\"contentUrl\":\"https:\\\/\\\/archiviocassano.lavocedelpaese.info\\\/wp-content\\\/uploads\\\/2024\\\/08\\\/logo-rosso-2.png\",\"width\":491,\"height\":432,\"caption\":\"Archivio CassanoWeb\"},\"image\":{\"@id\":\"https:\\\/\\\/archiviocassano.lavocedelpaese.info\\\/#\\\/schema\\\/logo\\\/image\\\/\"},\"sameAs\":[\"https:\\\/\\\/www.facebook.com\\\/redazione.cassanoweb\"]},{\"@type\":\"Person\",\"@id\":\"https:\\\/\\\/archiviocassano.lavocedelpaese.info\\\/#\\\/schema\\\/person\\\/df195bc79a9b4c35127cf005f92e041b\",\"name\":\"admin\",\"image\":{\"@type\":\"ImageObject\",\"inLanguage\":\"it-IT\",\"@id\":\"https:\\\/\\\/secure.gravatar.com\\\/avatar\\\/eabba89a432e8eaa1b0207cc55f7e5340b22712b1ed80677efcf63e02ff5b235?s=96&d=mm&r=g\",\"url\":\"https:\\\/\\\/secure.gravatar.com\\\/avatar\\\/eabba89a432e8eaa1b0207cc55f7e5340b22712b1ed80677efcf63e02ff5b235?s=96&d=mm&r=g\",\"contentUrl\":\"https:\\\/\\\/secure.gravatar.com\\\/avatar\\\/eabba89a432e8eaa1b0207cc55f7e5340b22712b1ed80677efcf63e02ff5b235?s=96&d=mm&r=g\",\"caption\":\"admin\"},\"sameAs\":[\"https:\\\/\\\/archiviocassano.lavocedelpaese.info\"],\"url\":\"https:\\\/\\\/archiviocassano.lavocedelpaese.info\\\/index.php\\\/author\\\/admin_0qgz1xdp\\\/\"}]}<\/script>\n<!-- \/ Yoast SEO plugin. -->","yoast_head_json":{"title":"PROVINCIALI: SCHITTULLI PRESENTA LA SUA SQUADRA. FRA I 36, IL CASSANESE P. GUGLIELMO - Archivio CassanoWeb","robots":{"index":"index","follow":"follow","max-snippet":"max-snippet:-1","max-image-preview":"max-image-preview:large","max-video-preview":"max-video-preview:-1"},"canonical":"https:\/\/archiviocassano.lavocedelpaese.info\/index.php\/2009\/04\/28\/provinciali-schittulli-presenta-la-sua-squadra-fra-i-36-il-cassanese-p-guglielmo\/","og_locale":"it_IT","og_type":"article","og_title":"PROVINCIALI: SCHITTULLI PRESENTA LA SUA SQUADRA. FRA I 36, IL CASSANESE P. GUGLIELMO - Archivio CassanoWeb","og_description":"\u00a0","og_url":"https:\/\/archiviocassano.lavocedelpaese.info\/index.php\/2009\/04\/28\/provinciali-schittulli-presenta-la-sua-squadra-fra-i-36-il-cassanese-p-guglielmo\/","og_site_name":"Archivio CassanoWeb","article_publisher":"https:\/\/www.facebook.com\/redazione.cassanoweb","article_published_time":"2009-04-28T16:58:29+00:00","author":"admin","twitter_card":"summary_large_image","twitter_misc":{"Scritto da":"admin","Tempo di lettura stimato":"2 minuti"},"schema":{"@context":"https:\/\/schema.org","@graph":[{"@type":"Article","@id":"https:\/\/archiviocassano.lavocedelpaese.info\/index.php\/2009\/04\/28\/provinciali-schittulli-presenta-la-sua-squadra-fra-i-36-il-cassanese-p-guglielmo\/#article","isPartOf":{"@id":"https:\/\/archiviocassano.lavocedelpaese.info\/index.php\/2009\/04\/28\/provinciali-schittulli-presenta-la-sua-squadra-fra-i-36-il-cassanese-p-guglielmo\/"},"author":{"name":"admin","@id":"https:\/\/archiviocassano.lavocedelpaese.info\/#\/schema\/person\/df195bc79a9b4c35127cf005f92e041b"},"headline":"PROVINCIALI: SCHITTULLI PRESENTA LA SUA SQUADRA. FRA I 36, IL CASSANESE P. GUGLIELMO","datePublished":"2009-04-28T16:58:29+00:00","mainEntityOfPage":{"@id":"https:\/\/archiviocassano.lavocedelpaese.info\/index.php\/2009\/04\/28\/provinciali-schittulli-presenta-la-sua-squadra-fra-i-36-il-cassanese-p-guglielmo\/"},"wordCount":446,"commentCount":0,"publisher":{"@id":"https:\/\/archiviocassano.lavocedelpaese.info\/#organization"},"articleSection":["Politica"],"inLanguage":"it-IT","potentialAction":[{"@type":"CommentAction","name":"Comment","target":["https:\/\/archiviocassano.lavocedelpaese.info\/index.php\/2009\/04\/28\/provinciali-schittulli-presenta-la-sua-squadra-fra-i-36-il-cassanese-p-guglielmo\/#respond"]}]},{"@type":"WebPage","@id":"https:\/\/archiviocassano.lavocedelpaese.info\/index.php\/2009\/04\/28\/provinciali-schittulli-presenta-la-sua-squadra-fra-i-36-il-cassanese-p-guglielmo\/","url":"https:\/\/archiviocassano.lavocedelpaese.info\/index.php\/2009\/04\/28\/provinciali-schittulli-presenta-la-sua-squadra-fra-i-36-il-cassanese-p-guglielmo\/","name":"PROVINCIALI: SCHITTULLI PRESENTA LA SUA SQUADRA. FRA I 36, IL CASSANESE P. GUGLIELMO - Archivio CassanoWeb","isPartOf":{"@id":"https:\/\/archiviocassano.lavocedelpaese.info\/#website"},"datePublished":"2009-04-28T16:58:29+00:00","breadcrumb":{"@id":"https:\/\/archiviocassano.lavocedelpaese.info\/index.php\/2009\/04\/28\/provinciali-schittulli-presenta-la-sua-squadra-fra-i-36-il-cassanese-p-guglielmo\/#breadcrumb"},"inLanguage":"it-IT","potentialAction":[{"@type":"ReadAction","target":["https:\/\/archiviocassano.lavocedelpaese.info\/index.php\/2009\/04\/28\/provinciali-schittulli-presenta-la-sua-squadra-fra-i-36-il-cassanese-p-guglielmo\/"]}]},{"@type":"BreadcrumbList","@id":"https:\/\/archiviocassano.lavocedelpaese.info\/index.php\/2009\/04\/28\/provinciali-schittulli-presenta-la-sua-squadra-fra-i-36-il-cassanese-p-guglielmo\/#breadcrumb","itemListElement":[{"@type":"ListItem","position":1,"name":"Home","item":"https:\/\/archiviocassano.lavocedelpaese.info\/"},{"@type":"ListItem","position":2,"name":"PROVINCIALI: SCHITTULLI PRESENTA LA SUA SQUADRA. FRA I 36, IL CASSANESE P. GUGLIELMO"}]},{"@type":"WebSite","@id":"https:\/\/archiviocassano.lavocedelpaese.info\/#website","url":"https:\/\/archiviocassano.lavocedelpaese.info\/","name":"Archivio CassanoWeb","description":"La Voce del Paese - un network di idee","publisher":{"@id":"https:\/\/archiviocassano.lavocedelpaese.info\/#organization"},"potentialAction":[{"@type":"SearchAction","target":{"@type":"EntryPoint","urlTemplate":"https:\/\/archiviocassano.lavocedelpaese.info\/?s={search_term_string}"},"query-input":{"@type":"PropertyValueSpecification","valueRequired":true,"valueName":"search_term_string"}}],"inLanguage":"it-IT"},{"@type":"Organization","@id":"https:\/\/archiviocassano.lavocedelpaese.info\/#organization","name":"Archivio CassanoWeb","url":"https:\/\/archiviocassano.lavocedelpaese.info\/","logo":{"@type":"ImageObject","inLanguage":"it-IT","@id":"https:\/\/archiviocassano.lavocedelpaese.info\/#\/schema\/logo\/image\/","url":"https:\/\/archiviocassano.lavocedelpaese.info\/wp-content\/uploads\/2024\/08\/logo-rosso-2.png","contentUrl":"https:\/\/archiviocassano.lavocedelpaese.info\/wp-content\/uploads\/2024\/08\/logo-rosso-2.png","width":491,"height":432,"caption":"Archivio CassanoWeb"},"image":{"@id":"https:\/\/archiviocassano.lavocedelpaese.info\/#\/schema\/logo\/image\/"},"sameAs":["https:\/\/www.facebook.com\/redazione.cassanoweb"]},{"@type":"Person","@id":"https:\/\/archiviocassano.lavocedelpaese.info\/#\/schema\/person\/df195bc79a9b4c35127cf005f92e041b","name":"admin","image":{"@type":"ImageObject","inLanguage":"it-IT","@id":"https:\/\/secure.gravatar.com\/avatar\/eabba89a432e8eaa1b0207cc55f7e5340b22712b1ed80677efcf63e02ff5b235?s=96&d=mm&r=g","url":"https:\/\/secure.gravatar.com\/avatar\/eabba89a432e8eaa1b0207cc55f7e5340b22712b1ed80677efcf63e02ff5b235?s=96&d=mm&r=g","contentUrl":"https:\/\/secure.gravatar.com\/avatar\/eabba89a432e8eaa1b0207cc55f7e5340b22712b1ed80677efcf63e02ff5b235?s=96&d=mm&r=g","caption":"admin"},"sameAs":["https:\/\/archiviocassano.lavocedelpaese.info"],"url":"https:\/\/archiviocassano.lavocedelpaese.info\/index.php\/author\/admin_0qgz1xdp\/"}]}},"_links":{"self":[{"href":"https:\/\/archiviocassano.lavocedelpaese.info\/index.php\/wp-json\/wp\/v2\/posts\/2918","targetHints":{"allow":["GET"]}}],"collection":[{"href":"https:\/\/archiviocassano.lavocedelpaese.info\/index.php\/wp-json\/wp\/v2\/posts"}],"about":[{"href":"https:\/\/archiviocassano.lavocedelpaese.info\/index.php\/wp-json\/wp\/v2\/types\/post"}],"author":[{"embeddable":true,"href":"https:\/\/archiviocassano.lavocedelpaese.info\/index.php\/wp-json\/wp\/v2\/users\/1"}],"replies":[{"embeddable":true,"href":"https:\/\/archiviocassano.lavocedelpaese.info\/index.php\/wp-json\/wp\/v2\/comments?post=2918"}],"version-history":[{"count":0,"href":"https:\/\/archiviocassano.lavocedelpaese.info\/index.php\/wp-json\/wp\/v2\/posts\/2918\/revisions"}],"wp:attachment":[{"href":"https:\/\/archiviocassano.lavocedelpaese.info\/index.php\/wp-json\/wp\/v2\/media?parent=2918"}],"wp:term":[{"taxonomy":"category","embeddable":true,"href":"https:\/\/archiviocassano.lavocedelpaese.info\/index.php\/wp-json\/wp\/v2\/categories?post=2918"},{"taxonomy":"post_tag","embeddable":true,"href":"https:\/\/archiviocassano.lavocedelpaese.info\/index.php\/wp-json\/wp\/v2\/tags?post=2918"}],"curies":[{"name":"wp","href":"https:\/\/api.w.org\/{rel}","templated":true}]}}