{"id":3044,"date":"2009-05-25T23:49:42","date_gmt":"2009-05-25T23:49:42","guid":{"rendered":"https:\/\/archiviocassano.lavocedelpaese.info\/index.php\/2009\/05\/25\/silvestris-chi-e-del-pdl-sta-con-la-di-medio-volgarissimo-su-vendola\/"},"modified":"2009-05-25T23:49:42","modified_gmt":"2009-05-25T23:49:42","slug":"silvestris-chi-e-del-pdl-sta-con-la-di-medio-volgarissimo-su-vendola","status":"publish","type":"post","link":"https:\/\/archiviocassano.lavocedelpaese.info\/index.php\/2009\/05\/25\/silvestris-chi-e-del-pdl-sta-con-la-di-medio-volgarissimo-su-vendola\/","title":{"rendered":"SILVESTRIS, \u201cCHI E\u2019 DEL PDL STA CON LA DI MEDIO\u201d. VOLGARISSIMO SU VENDOLA"},"content":{"rendered":"<p><img loading=\"lazy\" decoding=\"async\" src=\"images\/stories\/archiviofoto\/silvestris.jpg\" alt=\"silvestris.jpg\" style=\"margin: 5px; width: 120px; float: left; height: 171px\" title=\"silvestris.jpg\" height=\"171\" width=\"120\" \/> <\/p>\n<p><!--more--><\/p>\n<p>\n\u201cMi sembrano cose dell\u2019altro mondo: un candidato sindaco che si proclama del PdL che sostiene e si mette in lista un candidato alla provincia con l\u2019Italia dei Valori\u201d.\n<\/p>\n<p>\nSergio Silvestris non \u00e8 uno che le manda a dire e attacca subito \u2013 nel suo comizio di stasera in piazza Merloni quale candidato alle Europee con il Popolo delle Libert\u00e0 \u2013 Santorsola e la sua \u201cNuova Idea Domani\u201d.\n<\/p>\n<p>\nRipete, come gi\u00e0 avevano fatto il senatore Amoruso e il Ministro Fitto che \u201cchi \u00e8 del PdL, a Cassano, sta con Maria Pia Di Medio e non con altri\u201d perch\u00e9 \u201cun grande maestro della politica italiana, Pinuccio Tatarella, ci ha insegnato che solo guardando avanti si cresce; solo avendo prospettive dinanzi a s\u00e9, si progredisce, senza stare a polemizzare rispetto al passato, chiedersi da dove si arriva: ci si chieda dove si vuole andare, piuttosto e si faccia la strada insieme\u201d.\n<\/p>\n<p>\nL\u2019invito del consigliere regionale alle circa duecento persone radunatesi per ascoltarlo \u00e8 di non pensare che isolandosi si resti integri e puri: \u201cuna barca che resta ormeggiata nel molo- ha spiegato \u2013 \u00e8 la pi\u00f9 sicura; ma a che servirebbe? A nulla, visto che ogni barca \u00e8 costruita per prendere il largo, affrontare il mare\u201d. Come potrebbe, quindi, la piccola Cassano restare isolata, costruirsi un recinto, pensare di essere autosufficiente invece di prender il largo e utilizzare i rappresentanti di quel PdL che oggi governa lo Stato e domani (si augura Silvestris) governer\u00e0 la Puglia?\n<\/p>\n<p>\nIl consigliere era stato introdotto dalla candidata al Consiglio Comunale con la lista \u201cCassano per la Libert\u00e0\u201d, Pierpaola Sapienza che ha sottolineato come qualcuno le abbia rivolto accuse come \u201ctradimento\u201d: \u201cla presenza qui di Sergio \u2013 ha detto la presidente di AG \u2013 mi conferma sulla bont\u00e0 delle scelte compiute ed io sono oggi pi\u00f9 che mai orgogliosa di essere la presidente di Azione Giovani e porteremo il PdL alla vittoria\u201d.\n<\/p>\n<p>\nNel corso del lungo incontro, Silvestris ha toccato argomenti di caratura nazionale (i rifiuti di Napoli come problema risolto da Berlusconi, ad esempio) e regionale (le contraddizioni del Pd che candida all\u2019Europa De Castro per permettere all\u2019indagato Tedesco di ottenere una poltrona al Senato e godere dell\u2019immunit\u00e0 parlamentare, cos\u00ec come detto dagli stessi alleati del Pd) lanciandosi poi in dure accuse al Presidente della Regione, Vendola di inefficienza, incompetenza, pressappochismo, volgarit\u00e0 e persino \u201cdi essersi fatto un partito, Sinistra e Libert\u00e0, la sua creatura, come la chiama\u2026perch\u00e9 Vendola quando vuole mettere al mondo una creatura si fa un partito, visto che non sa fare altro\u2026\u201d. Come al solito, insomma, si predica bene (no agli attacchi personali) e si razzola male.\n<\/p>\n<p>\nIn chiusura Silvestris ha letto una filastrocca (l\u2019ha definita poesia ma, almeno in questo, avrebbe potuto prendere qualche ripetizione da Vendola) incentrata sull\u2019aumento delle tasse in Puglia in particolare sul gas, per mettere una pezza sul buco di Bilancio causato dagli sprechi della Giunta Regionale.\u00a0<\/p>\n","protected":false},"excerpt":{"rendered":"","protected":false},"author":1,"featured_media":0,"comment_status":"open","ping_status":"closed","sticky":false,"template":"","format":"standard","meta":{"colormag_page_container_layout":"default_layout","colormag_page_sidebar_layout":"default_layout","footnotes":""},"categories":[4],"tags":[],"class_list":["post-3044","post","type-post","status-publish","format-standard","hentry","category-politica"],"yoast_head":"<!-- This site is optimized with the Yoast SEO plugin v27.5 - https:\/\/yoast.com\/product\/yoast-seo-wordpress\/ -->\n<title>SILVESTRIS, \u201cCHI E\u2019 DEL PDL STA CON LA DI MEDIO\u201d. VOLGARISSIMO SU VENDOLA - Archivio CassanoWeb<\/title>\n<meta name=\"robots\" content=\"index, follow, max-snippet:-1, max-image-preview:large, max-video-preview:-1\" \/>\n<link rel=\"canonical\" href=\"https:\/\/archiviocassano.lavocedelpaese.info\/index.php\/2009\/05\/25\/silvestris-chi-e-del-pdl-sta-con-la-di-medio-volgarissimo-su-vendola\/\" \/>\n<meta property=\"og:locale\" content=\"it_IT\" \/>\n<meta property=\"og:type\" content=\"article\" \/>\n<meta property=\"og:title\" content=\"SILVESTRIS, \u201cCHI E\u2019 DEL PDL STA CON LA DI MEDIO\u201d. VOLGARISSIMO SU VENDOLA - Archivio CassanoWeb\" \/>\n<meta property=\"og:url\" content=\"https:\/\/archiviocassano.lavocedelpaese.info\/index.php\/2009\/05\/25\/silvestris-chi-e-del-pdl-sta-con-la-di-medio-volgarissimo-su-vendola\/\" \/>\n<meta property=\"og:site_name\" content=\"Archivio CassanoWeb\" \/>\n<meta property=\"article:publisher\" content=\"https:\/\/www.facebook.com\/redazione.cassanoweb\" \/>\n<meta property=\"article:published_time\" content=\"2009-05-25T23:49:42+00:00\" \/>\n<meta name=\"author\" content=\"admin\" \/>\n<meta name=\"twitter:card\" content=\"summary_large_image\" \/>\n<meta name=\"twitter:label1\" content=\"Scritto da\" \/>\n\t<meta name=\"twitter:data1\" content=\"admin\" \/>\n\t<meta name=\"twitter:label2\" content=\"Tempo di lettura stimato\" \/>\n\t<meta name=\"twitter:data2\" content=\"2 minuti\" \/>\n<script type=\"application\/ld+json\" class=\"yoast-schema-graph\">{\"@context\":\"https:\\\/\\\/schema.org\",\"@graph\":[{\"@type\":\"Article\",\"@id\":\"https:\\\/\\\/archiviocassano.lavocedelpaese.info\\\/index.php\\\/2009\\\/05\\\/25\\\/silvestris-chi-e-del-pdl-sta-con-la-di-medio-volgarissimo-su-vendola\\\/#article\",\"isPartOf\":{\"@id\":\"https:\\\/\\\/archiviocassano.lavocedelpaese.info\\\/index.php\\\/2009\\\/05\\\/25\\\/silvestris-chi-e-del-pdl-sta-con-la-di-medio-volgarissimo-su-vendola\\\/\"},\"author\":{\"name\":\"admin\",\"@id\":\"https:\\\/\\\/archiviocassano.lavocedelpaese.info\\\/#\\\/schema\\\/person\\\/df195bc79a9b4c35127cf005f92e041b\"},\"headline\":\"SILVESTRIS, \u201cCHI E\u2019 DEL PDL STA CON LA DI MEDIO\u201d. VOLGARISSIMO SU VENDOLA\",\"datePublished\":\"2009-05-25T23:49:42+00:00\",\"mainEntityOfPage\":{\"@id\":\"https:\\\/\\\/archiviocassano.lavocedelpaese.info\\\/index.php\\\/2009\\\/05\\\/25\\\/silvestris-chi-e-del-pdl-sta-con-la-di-medio-volgarissimo-su-vendola\\\/\"},\"wordCount\":491,\"commentCount\":0,\"publisher\":{\"@id\":\"https:\\\/\\\/archiviocassano.lavocedelpaese.info\\\/#organization\"},\"articleSection\":[\"Politica\"],\"inLanguage\":\"it-IT\",\"potentialAction\":[{\"@type\":\"CommentAction\",\"name\":\"Comment\",\"target\":[\"https:\\\/\\\/archiviocassano.lavocedelpaese.info\\\/index.php\\\/2009\\\/05\\\/25\\\/silvestris-chi-e-del-pdl-sta-con-la-di-medio-volgarissimo-su-vendola\\\/#respond\"]}]},{\"@type\":\"WebPage\",\"@id\":\"https:\\\/\\\/archiviocassano.lavocedelpaese.info\\\/index.php\\\/2009\\\/05\\\/25\\\/silvestris-chi-e-del-pdl-sta-con-la-di-medio-volgarissimo-su-vendola\\\/\",\"url\":\"https:\\\/\\\/archiviocassano.lavocedelpaese.info\\\/index.php\\\/2009\\\/05\\\/25\\\/silvestris-chi-e-del-pdl-sta-con-la-di-medio-volgarissimo-su-vendola\\\/\",\"name\":\"SILVESTRIS, \u201cCHI E\u2019 DEL PDL STA CON LA DI MEDIO\u201d. VOLGARISSIMO SU VENDOLA - Archivio CassanoWeb\",\"isPartOf\":{\"@id\":\"https:\\\/\\\/archiviocassano.lavocedelpaese.info\\\/#website\"},\"datePublished\":\"2009-05-25T23:49:42+00:00\",\"breadcrumb\":{\"@id\":\"https:\\\/\\\/archiviocassano.lavocedelpaese.info\\\/index.php\\\/2009\\\/05\\\/25\\\/silvestris-chi-e-del-pdl-sta-con-la-di-medio-volgarissimo-su-vendola\\\/#breadcrumb\"},\"inLanguage\":\"it-IT\",\"potentialAction\":[{\"@type\":\"ReadAction\",\"target\":[\"https:\\\/\\\/archiviocassano.lavocedelpaese.info\\\/index.php\\\/2009\\\/05\\\/25\\\/silvestris-chi-e-del-pdl-sta-con-la-di-medio-volgarissimo-su-vendola\\\/\"]}]},{\"@type\":\"BreadcrumbList\",\"@id\":\"https:\\\/\\\/archiviocassano.lavocedelpaese.info\\\/index.php\\\/2009\\\/05\\\/25\\\/silvestris-chi-e-del-pdl-sta-con-la-di-medio-volgarissimo-su-vendola\\\/#breadcrumb\",\"itemListElement\":[{\"@type\":\"ListItem\",\"position\":1,\"name\":\"Home\",\"item\":\"https:\\\/\\\/archiviocassano.lavocedelpaese.info\\\/\"},{\"@type\":\"ListItem\",\"position\":2,\"name\":\"SILVESTRIS, \u201cCHI E\u2019 DEL PDL STA CON LA DI MEDIO\u201d. VOLGARISSIMO SU VENDOLA\"}]},{\"@type\":\"WebSite\",\"@id\":\"https:\\\/\\\/archiviocassano.lavocedelpaese.info\\\/#website\",\"url\":\"https:\\\/\\\/archiviocassano.lavocedelpaese.info\\\/\",\"name\":\"Archivio CassanoWeb\",\"description\":\"La Voce del Paese - un network di idee\",\"publisher\":{\"@id\":\"https:\\\/\\\/archiviocassano.lavocedelpaese.info\\\/#organization\"},\"potentialAction\":[{\"@type\":\"SearchAction\",\"target\":{\"@type\":\"EntryPoint\",\"urlTemplate\":\"https:\\\/\\\/archiviocassano.lavocedelpaese.info\\\/?s={search_term_string}\"},\"query-input\":{\"@type\":\"PropertyValueSpecification\",\"valueRequired\":true,\"valueName\":\"search_term_string\"}}],\"inLanguage\":\"it-IT\"},{\"@type\":\"Organization\",\"@id\":\"https:\\\/\\\/archiviocassano.lavocedelpaese.info\\\/#organization\",\"name\":\"Archivio CassanoWeb\",\"url\":\"https:\\\/\\\/archiviocassano.lavocedelpaese.info\\\/\",\"logo\":{\"@type\":\"ImageObject\",\"inLanguage\":\"it-IT\",\"@id\":\"https:\\\/\\\/archiviocassano.lavocedelpaese.info\\\/#\\\/schema\\\/logo\\\/image\\\/\",\"url\":\"https:\\\/\\\/archiviocassano.lavocedelpaese.info\\\/wp-content\\\/uploads\\\/2024\\\/08\\\/logo-rosso-2.png\",\"contentUrl\":\"https:\\\/\\\/archiviocassano.lavocedelpaese.info\\\/wp-content\\\/uploads\\\/2024\\\/08\\\/logo-rosso-2.png\",\"width\":491,\"height\":432,\"caption\":\"Archivio CassanoWeb\"},\"image\":{\"@id\":\"https:\\\/\\\/archiviocassano.lavocedelpaese.info\\\/#\\\/schema\\\/logo\\\/image\\\/\"},\"sameAs\":[\"https:\\\/\\\/www.facebook.com\\\/redazione.cassanoweb\"]},{\"@type\":\"Person\",\"@id\":\"https:\\\/\\\/archiviocassano.lavocedelpaese.info\\\/#\\\/schema\\\/person\\\/df195bc79a9b4c35127cf005f92e041b\",\"name\":\"admin\",\"image\":{\"@type\":\"ImageObject\",\"inLanguage\":\"it-IT\",\"@id\":\"https:\\\/\\\/secure.gravatar.com\\\/avatar\\\/eabba89a432e8eaa1b0207cc55f7e5340b22712b1ed80677efcf63e02ff5b235?s=96&d=mm&r=g\",\"url\":\"https:\\\/\\\/secure.gravatar.com\\\/avatar\\\/eabba89a432e8eaa1b0207cc55f7e5340b22712b1ed80677efcf63e02ff5b235?s=96&d=mm&r=g\",\"contentUrl\":\"https:\\\/\\\/secure.gravatar.com\\\/avatar\\\/eabba89a432e8eaa1b0207cc55f7e5340b22712b1ed80677efcf63e02ff5b235?s=96&d=mm&r=g\",\"caption\":\"admin\"},\"sameAs\":[\"https:\\\/\\\/archiviocassano.lavocedelpaese.info\"],\"url\":\"https:\\\/\\\/archiviocassano.lavocedelpaese.info\\\/index.php\\\/author\\\/admin_0qgz1xdp\\\/\"}]}<\/script>\n<!-- \/ Yoast SEO plugin. -->","yoast_head_json":{"title":"SILVESTRIS, \u201cCHI E\u2019 DEL PDL STA CON LA DI MEDIO\u201d. VOLGARISSIMO SU VENDOLA - Archivio CassanoWeb","robots":{"index":"index","follow":"follow","max-snippet":"max-snippet:-1","max-image-preview":"max-image-preview:large","max-video-preview":"max-video-preview:-1"},"canonical":"https:\/\/archiviocassano.lavocedelpaese.info\/index.php\/2009\/05\/25\/silvestris-chi-e-del-pdl-sta-con-la-di-medio-volgarissimo-su-vendola\/","og_locale":"it_IT","og_type":"article","og_title":"SILVESTRIS, \u201cCHI E\u2019 DEL PDL STA CON LA DI MEDIO\u201d. VOLGARISSIMO SU VENDOLA - Archivio CassanoWeb","og_url":"https:\/\/archiviocassano.lavocedelpaese.info\/index.php\/2009\/05\/25\/silvestris-chi-e-del-pdl-sta-con-la-di-medio-volgarissimo-su-vendola\/","og_site_name":"Archivio CassanoWeb","article_publisher":"https:\/\/www.facebook.com\/redazione.cassanoweb","article_published_time":"2009-05-25T23:49:42+00:00","author":"admin","twitter_card":"summary_large_image","twitter_misc":{"Scritto da":"admin","Tempo di lettura stimato":"2 minuti"},"schema":{"@context":"https:\/\/schema.org","@graph":[{"@type":"Article","@id":"https:\/\/archiviocassano.lavocedelpaese.info\/index.php\/2009\/05\/25\/silvestris-chi-e-del-pdl-sta-con-la-di-medio-volgarissimo-su-vendola\/#article","isPartOf":{"@id":"https:\/\/archiviocassano.lavocedelpaese.info\/index.php\/2009\/05\/25\/silvestris-chi-e-del-pdl-sta-con-la-di-medio-volgarissimo-su-vendola\/"},"author":{"name":"admin","@id":"https:\/\/archiviocassano.lavocedelpaese.info\/#\/schema\/person\/df195bc79a9b4c35127cf005f92e041b"},"headline":"SILVESTRIS, \u201cCHI E\u2019 DEL PDL STA CON LA DI MEDIO\u201d. VOLGARISSIMO SU VENDOLA","datePublished":"2009-05-25T23:49:42+00:00","mainEntityOfPage":{"@id":"https:\/\/archiviocassano.lavocedelpaese.info\/index.php\/2009\/05\/25\/silvestris-chi-e-del-pdl-sta-con-la-di-medio-volgarissimo-su-vendola\/"},"wordCount":491,"commentCount":0,"publisher":{"@id":"https:\/\/archiviocassano.lavocedelpaese.info\/#organization"},"articleSection":["Politica"],"inLanguage":"it-IT","potentialAction":[{"@type":"CommentAction","name":"Comment","target":["https:\/\/archiviocassano.lavocedelpaese.info\/index.php\/2009\/05\/25\/silvestris-chi-e-del-pdl-sta-con-la-di-medio-volgarissimo-su-vendola\/#respond"]}]},{"@type":"WebPage","@id":"https:\/\/archiviocassano.lavocedelpaese.info\/index.php\/2009\/05\/25\/silvestris-chi-e-del-pdl-sta-con-la-di-medio-volgarissimo-su-vendola\/","url":"https:\/\/archiviocassano.lavocedelpaese.info\/index.php\/2009\/05\/25\/silvestris-chi-e-del-pdl-sta-con-la-di-medio-volgarissimo-su-vendola\/","name":"SILVESTRIS, \u201cCHI E\u2019 DEL PDL STA CON LA DI MEDIO\u201d. VOLGARISSIMO SU VENDOLA - Archivio CassanoWeb","isPartOf":{"@id":"https:\/\/archiviocassano.lavocedelpaese.info\/#website"},"datePublished":"2009-05-25T23:49:42+00:00","breadcrumb":{"@id":"https:\/\/archiviocassano.lavocedelpaese.info\/index.php\/2009\/05\/25\/silvestris-chi-e-del-pdl-sta-con-la-di-medio-volgarissimo-su-vendola\/#breadcrumb"},"inLanguage":"it-IT","potentialAction":[{"@type":"ReadAction","target":["https:\/\/archiviocassano.lavocedelpaese.info\/index.php\/2009\/05\/25\/silvestris-chi-e-del-pdl-sta-con-la-di-medio-volgarissimo-su-vendola\/"]}]},{"@type":"BreadcrumbList","@id":"https:\/\/archiviocassano.lavocedelpaese.info\/index.php\/2009\/05\/25\/silvestris-chi-e-del-pdl-sta-con-la-di-medio-volgarissimo-su-vendola\/#breadcrumb","itemListElement":[{"@type":"ListItem","position":1,"name":"Home","item":"https:\/\/archiviocassano.lavocedelpaese.info\/"},{"@type":"ListItem","position":2,"name":"SILVESTRIS, \u201cCHI E\u2019 DEL PDL STA CON LA DI MEDIO\u201d. VOLGARISSIMO SU VENDOLA"}]},{"@type":"WebSite","@id":"https:\/\/archiviocassano.lavocedelpaese.info\/#website","url":"https:\/\/archiviocassano.lavocedelpaese.info\/","name":"Archivio CassanoWeb","description":"La Voce del Paese - un network di idee","publisher":{"@id":"https:\/\/archiviocassano.lavocedelpaese.info\/#organization"},"potentialAction":[{"@type":"SearchAction","target":{"@type":"EntryPoint","urlTemplate":"https:\/\/archiviocassano.lavocedelpaese.info\/?s={search_term_string}"},"query-input":{"@type":"PropertyValueSpecification","valueRequired":true,"valueName":"search_term_string"}}],"inLanguage":"it-IT"},{"@type":"Organization","@id":"https:\/\/archiviocassano.lavocedelpaese.info\/#organization","name":"Archivio CassanoWeb","url":"https:\/\/archiviocassano.lavocedelpaese.info\/","logo":{"@type":"ImageObject","inLanguage":"it-IT","@id":"https:\/\/archiviocassano.lavocedelpaese.info\/#\/schema\/logo\/image\/","url":"https:\/\/archiviocassano.lavocedelpaese.info\/wp-content\/uploads\/2024\/08\/logo-rosso-2.png","contentUrl":"https:\/\/archiviocassano.lavocedelpaese.info\/wp-content\/uploads\/2024\/08\/logo-rosso-2.png","width":491,"height":432,"caption":"Archivio CassanoWeb"},"image":{"@id":"https:\/\/archiviocassano.lavocedelpaese.info\/#\/schema\/logo\/image\/"},"sameAs":["https:\/\/www.facebook.com\/redazione.cassanoweb"]},{"@type":"Person","@id":"https:\/\/archiviocassano.lavocedelpaese.info\/#\/schema\/person\/df195bc79a9b4c35127cf005f92e041b","name":"admin","image":{"@type":"ImageObject","inLanguage":"it-IT","@id":"https:\/\/secure.gravatar.com\/avatar\/eabba89a432e8eaa1b0207cc55f7e5340b22712b1ed80677efcf63e02ff5b235?s=96&d=mm&r=g","url":"https:\/\/secure.gravatar.com\/avatar\/eabba89a432e8eaa1b0207cc55f7e5340b22712b1ed80677efcf63e02ff5b235?s=96&d=mm&r=g","contentUrl":"https:\/\/secure.gravatar.com\/avatar\/eabba89a432e8eaa1b0207cc55f7e5340b22712b1ed80677efcf63e02ff5b235?s=96&d=mm&r=g","caption":"admin"},"sameAs":["https:\/\/archiviocassano.lavocedelpaese.info"],"url":"https:\/\/archiviocassano.lavocedelpaese.info\/index.php\/author\/admin_0qgz1xdp\/"}]}},"_links":{"self":[{"href":"https:\/\/archiviocassano.lavocedelpaese.info\/index.php\/wp-json\/wp\/v2\/posts\/3044","targetHints":{"allow":["GET"]}}],"collection":[{"href":"https:\/\/archiviocassano.lavocedelpaese.info\/index.php\/wp-json\/wp\/v2\/posts"}],"about":[{"href":"https:\/\/archiviocassano.lavocedelpaese.info\/index.php\/wp-json\/wp\/v2\/types\/post"}],"author":[{"embeddable":true,"href":"https:\/\/archiviocassano.lavocedelpaese.info\/index.php\/wp-json\/wp\/v2\/users\/1"}],"replies":[{"embeddable":true,"href":"https:\/\/archiviocassano.lavocedelpaese.info\/index.php\/wp-json\/wp\/v2\/comments?post=3044"}],"version-history":[{"count":0,"href":"https:\/\/archiviocassano.lavocedelpaese.info\/index.php\/wp-json\/wp\/v2\/posts\/3044\/revisions"}],"wp:attachment":[{"href":"https:\/\/archiviocassano.lavocedelpaese.info\/index.php\/wp-json\/wp\/v2\/media?parent=3044"}],"wp:term":[{"taxonomy":"category","embeddable":true,"href":"https:\/\/archiviocassano.lavocedelpaese.info\/index.php\/wp-json\/wp\/v2\/categories?post=3044"},{"taxonomy":"post_tag","embeddable":true,"href":"https:\/\/archiviocassano.lavocedelpaese.info\/index.php\/wp-json\/wp\/v2\/tags?post=3044"}],"curies":[{"name":"wp","href":"https:\/\/api.w.org\/{rel}","templated":true}]}}