{"id":3047,"date":"2009-05-26T17:51:07","date_gmt":"2009-05-26T17:51:07","guid":{"rendered":"https:\/\/archiviocassano.lavocedelpaese.info\/index.php\/2009\/05\/26\/paolo-racano-spiega-perche-e-stato-beccato\/"},"modified":"2009-05-26T17:51:07","modified_gmt":"2009-05-26T17:51:07","slug":"paolo-racano-spiega-perche-e-stato-beccato","status":"publish","type":"post","link":"https:\/\/archiviocassano.lavocedelpaese.info\/index.php\/2009\/05\/26\/paolo-racano-spiega-perche-e-stato-beccato\/","title":{"rendered":"PAOLO RACANO SPIEGA PERCHE\u2019 E\u2019 STATO \u201cBECCATO\u201d"},"content":{"rendered":"<p><img loading=\"lazy\" decoding=\"async\" height=\"286\" width=\"300\" src=\"images\/stories\/paolo_racano_coi_soldi.jpg\" alt=\"paolo_racano_coi_soldi.jpg\" title=\"paolo_racano_coi_soldi.jpg\" style=\"margin: 5px; width: 300px; float: left; height: 286px\" \/>\u00a0<\/p>\n<p><!--more--><\/p>\n<p>\nIl bel volto biondo, una espressione tra il meravigliato e il voluttuoso. E due mazzi enormi di banconote.\n<\/p>\n<p>\nEra la foto di Paolo Racano che quasi nascosta si infilava tra le pagine del sito \u201cNuova Idea Domani\u201d. Titolo: \u201cBeccato!\u201d.\n<\/p>\n<p>\n&nbsp;\n<\/p>\n<p>\nPurtroppo la foto \u00e8 stata rimossa dal sito e non possiamo farvela vedere ma per saperne di pi\u00f9 abbiamo fatto qualche domanda al comunicatore cassanese che collabora con la lista di Santorsola organizzandone la comunicazione. <em>(NdR.: in realt\u00e0 la foto \u00e8 ancora presente sul sito. Basta cliccare sul link GiovaniIdee di <\/em><a href=\"http:\/\/www.nuovaideadomani.it\/\"><em>www.nuovaideadomani.it<\/em><\/a><em>).<\/em>\n<\/p>\n<p>\n&nbsp;\n<\/p>\n<p>\n<strong>Paolo, che significano quella foto e quel titolo? Che cosa volevi comunicare?<\/strong>\n<\/p>\n<p>\n<br \/>\nSono molto divertito da questo interesse per quella che io considero una intelligente \u201cboutade\u201d prodotta dai ragazzi di \u201cGiovanidee\u201d. Essa, doveva essere la goliardica risposta alla lettera che avete e pubblicato dal titolo \u201cNoi andiamo avanti\u201d. Mi sono prestato a questa cosa perch\u00e8 ho trovato molto divertente la voglia di ridare il giusto tono ad un articolo che sembrava aver prodotto lo scoop del secolo.<br \/>\n\u00a0<br \/>\nNessuna strategia di comunicazione quindi, nessuna alchimia o criptica makumba ma, la sana voglia di arginare con un p\u00f2 di ironia a dei piccoli e teneri eccessi\u00a0 di auto accreditamento. La voglia di sorridersi un po\u2019 addosso.\n<\/p>\n<p>\n&nbsp;\n<\/p>\n<p>\n<strong>Perch\u00e8 la foto \u00e8 stata inserita quasi nascosta e adesso pare addirittura sparita?<\/strong>\n<\/p>\n<p align=\"justify\">\n<br \/>\nNessuna disegno strategico neanche dietro questo dettaglio che cos\u00ec puntualmente hai rilevato&#8230; La cosa \u00e8 stata buttata l\u00ec come meritava di essere fatto e, francamente, non so se \u201cfisiologicamente&quot; tende a sparire dietro la pressione di nuovi articoli o forse qualcuno dei ragazzi, visto l\u2019esaurimento dell\u2019argomento abbia deciso giustamente di toglierla non saprei proprio dirtelo. Attribuire anche a questo un sottile piano di comunicazione mi sembra davvero eccessivo e divertente.<br \/>\n\u00a0\n<\/p>\n<p>\n<strong>E\u2019 stata una tua decisione o condivisa dal candidato sindaco e dalla lista?<\/strong>\n<\/p>\n<p align=\"justify\">\n<br \/>\nTi sembra che il candidato Sindaco o, con grande modestia io stesso, abbia il tempo e la volont\u00e0 di sedersi a tavolino per decidere, valutare o seppur disquisire di cose come queste? ma daiiiii. Altre sono, credimi, i percorsi, gli accadimenti e le prospettive che ci prendono in questo momento e che ci fanno elaborare strategie di comportamento e di comunicazione. Come sai, e come tutti sanno, mi occupo di questo, e per questa compagine da ormai 15 anni (comprendendo anche l\u2019esperienza di \u201dVentiNuovi\u201d). Nulla di nascosto, nulla di celato, nessun guadagno mega galattico se non la SOLA voglia di partecipare con il giusto spirito, con la dovuta riservatezza, con la consueta professionalit\u00e0 ad una competizione che mi coinvolge per spirito etico e ormai sedimentato impegno politico e perch\u00e8 no con l\u2019illusione di contribuire nel mio piccolo al progresso del nostro territorio.\n<\/p>\n<p>\nConfidando nella tua schietta volont\u00e0 di non travisare le mie parole, ti ringrazio del tempo e del credito che hai voluto concedermi. Che vinca il migliore.\n<\/p>\n<p>\n<strong><\/strong><\/p>\n","protected":false},"excerpt":{"rendered":"<p>\u00a0<\/p>\n","protected":false},"author":1,"featured_media":0,"comment_status":"open","ping_status":"closed","sticky":false,"template":"","format":"standard","meta":{"colormag_page_container_layout":"default_layout","colormag_page_sidebar_layout":"default_layout","footnotes":""},"categories":[7],"tags":[],"class_list":["post-3047","post","type-post","status-publish","format-standard","hentry","category-attualita"],"yoast_head":"<!-- This site is optimized with the Yoast SEO plugin v27.5 - https:\/\/yoast.com\/product\/yoast-seo-wordpress\/ -->\n<title>PAOLO RACANO SPIEGA PERCHE\u2019 E\u2019 STATO \u201cBECCATO\u201d - Archivio CassanoWeb<\/title>\n<meta name=\"robots\" content=\"index, follow, max-snippet:-1, max-image-preview:large, max-video-preview:-1\" \/>\n<link rel=\"canonical\" href=\"https:\/\/archiviocassano.lavocedelpaese.info\/index.php\/2009\/05\/26\/paolo-racano-spiega-perche-e-stato-beccato\/\" \/>\n<meta property=\"og:locale\" content=\"it_IT\" \/>\n<meta property=\"og:type\" content=\"article\" \/>\n<meta property=\"og:title\" content=\"PAOLO RACANO SPIEGA PERCHE\u2019 E\u2019 STATO \u201cBECCATO\u201d - Archivio CassanoWeb\" \/>\n<meta property=\"og:description\" content=\"\u00a0\" \/>\n<meta property=\"og:url\" content=\"https:\/\/archiviocassano.lavocedelpaese.info\/index.php\/2009\/05\/26\/paolo-racano-spiega-perche-e-stato-beccato\/\" \/>\n<meta property=\"og:site_name\" content=\"Archivio CassanoWeb\" \/>\n<meta property=\"article:publisher\" content=\"https:\/\/www.facebook.com\/redazione.cassanoweb\" \/>\n<meta property=\"article:published_time\" content=\"2009-05-26T17:51:07+00:00\" \/>\n<meta name=\"author\" content=\"admin\" \/>\n<meta name=\"twitter:card\" content=\"summary_large_image\" \/>\n<meta name=\"twitter:label1\" content=\"Scritto da\" \/>\n\t<meta name=\"twitter:data1\" content=\"admin\" \/>\n\t<meta name=\"twitter:label2\" content=\"Tempo di lettura stimato\" \/>\n\t<meta name=\"twitter:data2\" content=\"2 minuti\" \/>\n<script type=\"application\/ld+json\" class=\"yoast-schema-graph\">{\"@context\":\"https:\\\/\\\/schema.org\",\"@graph\":[{\"@type\":\"Article\",\"@id\":\"https:\\\/\\\/archiviocassano.lavocedelpaese.info\\\/index.php\\\/2009\\\/05\\\/26\\\/paolo-racano-spiega-perche-e-stato-beccato\\\/#article\",\"isPartOf\":{\"@id\":\"https:\\\/\\\/archiviocassano.lavocedelpaese.info\\\/index.php\\\/2009\\\/05\\\/26\\\/paolo-racano-spiega-perche-e-stato-beccato\\\/\"},\"author\":{\"name\":\"admin\",\"@id\":\"https:\\\/\\\/archiviocassano.lavocedelpaese.info\\\/#\\\/schema\\\/person\\\/df195bc79a9b4c35127cf005f92e041b\"},\"headline\":\"PAOLO RACANO SPIEGA PERCHE\u2019 E\u2019 STATO \u201cBECCATO\u201d\",\"datePublished\":\"2009-05-26T17:51:07+00:00\",\"mainEntityOfPage\":{\"@id\":\"https:\\\/\\\/archiviocassano.lavocedelpaese.info\\\/index.php\\\/2009\\\/05\\\/26\\\/paolo-racano-spiega-perche-e-stato-beccato\\\/\"},\"wordCount\":481,\"commentCount\":0,\"publisher\":{\"@id\":\"https:\\\/\\\/archiviocassano.lavocedelpaese.info\\\/#organization\"},\"articleSection\":[\"Attualit\u00e0\"],\"inLanguage\":\"it-IT\",\"potentialAction\":[{\"@type\":\"CommentAction\",\"name\":\"Comment\",\"target\":[\"https:\\\/\\\/archiviocassano.lavocedelpaese.info\\\/index.php\\\/2009\\\/05\\\/26\\\/paolo-racano-spiega-perche-e-stato-beccato\\\/#respond\"]}]},{\"@type\":\"WebPage\",\"@id\":\"https:\\\/\\\/archiviocassano.lavocedelpaese.info\\\/index.php\\\/2009\\\/05\\\/26\\\/paolo-racano-spiega-perche-e-stato-beccato\\\/\",\"url\":\"https:\\\/\\\/archiviocassano.lavocedelpaese.info\\\/index.php\\\/2009\\\/05\\\/26\\\/paolo-racano-spiega-perche-e-stato-beccato\\\/\",\"name\":\"PAOLO RACANO SPIEGA PERCHE\u2019 E\u2019 STATO \u201cBECCATO\u201d - Archivio CassanoWeb\",\"isPartOf\":{\"@id\":\"https:\\\/\\\/archiviocassano.lavocedelpaese.info\\\/#website\"},\"datePublished\":\"2009-05-26T17:51:07+00:00\",\"breadcrumb\":{\"@id\":\"https:\\\/\\\/archiviocassano.lavocedelpaese.info\\\/index.php\\\/2009\\\/05\\\/26\\\/paolo-racano-spiega-perche-e-stato-beccato\\\/#breadcrumb\"},\"inLanguage\":\"it-IT\",\"potentialAction\":[{\"@type\":\"ReadAction\",\"target\":[\"https:\\\/\\\/archiviocassano.lavocedelpaese.info\\\/index.php\\\/2009\\\/05\\\/26\\\/paolo-racano-spiega-perche-e-stato-beccato\\\/\"]}]},{\"@type\":\"BreadcrumbList\",\"@id\":\"https:\\\/\\\/archiviocassano.lavocedelpaese.info\\\/index.php\\\/2009\\\/05\\\/26\\\/paolo-racano-spiega-perche-e-stato-beccato\\\/#breadcrumb\",\"itemListElement\":[{\"@type\":\"ListItem\",\"position\":1,\"name\":\"Home\",\"item\":\"https:\\\/\\\/archiviocassano.lavocedelpaese.info\\\/\"},{\"@type\":\"ListItem\",\"position\":2,\"name\":\"PAOLO RACANO SPIEGA PERCHE\u2019 E\u2019 STATO \u201cBECCATO\u201d\"}]},{\"@type\":\"WebSite\",\"@id\":\"https:\\\/\\\/archiviocassano.lavocedelpaese.info\\\/#website\",\"url\":\"https:\\\/\\\/archiviocassano.lavocedelpaese.info\\\/\",\"name\":\"Archivio CassanoWeb\",\"description\":\"La Voce del Paese - un network di idee\",\"publisher\":{\"@id\":\"https:\\\/\\\/archiviocassano.lavocedelpaese.info\\\/#organization\"},\"potentialAction\":[{\"@type\":\"SearchAction\",\"target\":{\"@type\":\"EntryPoint\",\"urlTemplate\":\"https:\\\/\\\/archiviocassano.lavocedelpaese.info\\\/?s={search_term_string}\"},\"query-input\":{\"@type\":\"PropertyValueSpecification\",\"valueRequired\":true,\"valueName\":\"search_term_string\"}}],\"inLanguage\":\"it-IT\"},{\"@type\":\"Organization\",\"@id\":\"https:\\\/\\\/archiviocassano.lavocedelpaese.info\\\/#organization\",\"name\":\"Archivio CassanoWeb\",\"url\":\"https:\\\/\\\/archiviocassano.lavocedelpaese.info\\\/\",\"logo\":{\"@type\":\"ImageObject\",\"inLanguage\":\"it-IT\",\"@id\":\"https:\\\/\\\/archiviocassano.lavocedelpaese.info\\\/#\\\/schema\\\/logo\\\/image\\\/\",\"url\":\"https:\\\/\\\/archiviocassano.lavocedelpaese.info\\\/wp-content\\\/uploads\\\/2024\\\/08\\\/logo-rosso-2.png\",\"contentUrl\":\"https:\\\/\\\/archiviocassano.lavocedelpaese.info\\\/wp-content\\\/uploads\\\/2024\\\/08\\\/logo-rosso-2.png\",\"width\":491,\"height\":432,\"caption\":\"Archivio CassanoWeb\"},\"image\":{\"@id\":\"https:\\\/\\\/archiviocassano.lavocedelpaese.info\\\/#\\\/schema\\\/logo\\\/image\\\/\"},\"sameAs\":[\"https:\\\/\\\/www.facebook.com\\\/redazione.cassanoweb\"]},{\"@type\":\"Person\",\"@id\":\"https:\\\/\\\/archiviocassano.lavocedelpaese.info\\\/#\\\/schema\\\/person\\\/df195bc79a9b4c35127cf005f92e041b\",\"name\":\"admin\",\"image\":{\"@type\":\"ImageObject\",\"inLanguage\":\"it-IT\",\"@id\":\"https:\\\/\\\/secure.gravatar.com\\\/avatar\\\/eabba89a432e8eaa1b0207cc55f7e5340b22712b1ed80677efcf63e02ff5b235?s=96&d=mm&r=g\",\"url\":\"https:\\\/\\\/secure.gravatar.com\\\/avatar\\\/eabba89a432e8eaa1b0207cc55f7e5340b22712b1ed80677efcf63e02ff5b235?s=96&d=mm&r=g\",\"contentUrl\":\"https:\\\/\\\/secure.gravatar.com\\\/avatar\\\/eabba89a432e8eaa1b0207cc55f7e5340b22712b1ed80677efcf63e02ff5b235?s=96&d=mm&r=g\",\"caption\":\"admin\"},\"sameAs\":[\"https:\\\/\\\/archiviocassano.lavocedelpaese.info\"],\"url\":\"https:\\\/\\\/archiviocassano.lavocedelpaese.info\\\/index.php\\\/author\\\/admin_0qgz1xdp\\\/\"}]}<\/script>\n<!-- \/ Yoast SEO plugin. -->","yoast_head_json":{"title":"PAOLO RACANO SPIEGA PERCHE\u2019 E\u2019 STATO \u201cBECCATO\u201d - Archivio CassanoWeb","robots":{"index":"index","follow":"follow","max-snippet":"max-snippet:-1","max-image-preview":"max-image-preview:large","max-video-preview":"max-video-preview:-1"},"canonical":"https:\/\/archiviocassano.lavocedelpaese.info\/index.php\/2009\/05\/26\/paolo-racano-spiega-perche-e-stato-beccato\/","og_locale":"it_IT","og_type":"article","og_title":"PAOLO RACANO SPIEGA PERCHE\u2019 E\u2019 STATO \u201cBECCATO\u201d - Archivio CassanoWeb","og_description":"\u00a0","og_url":"https:\/\/archiviocassano.lavocedelpaese.info\/index.php\/2009\/05\/26\/paolo-racano-spiega-perche-e-stato-beccato\/","og_site_name":"Archivio CassanoWeb","article_publisher":"https:\/\/www.facebook.com\/redazione.cassanoweb","article_published_time":"2009-05-26T17:51:07+00:00","author":"admin","twitter_card":"summary_large_image","twitter_misc":{"Scritto da":"admin","Tempo di lettura stimato":"2 minuti"},"schema":{"@context":"https:\/\/schema.org","@graph":[{"@type":"Article","@id":"https:\/\/archiviocassano.lavocedelpaese.info\/index.php\/2009\/05\/26\/paolo-racano-spiega-perche-e-stato-beccato\/#article","isPartOf":{"@id":"https:\/\/archiviocassano.lavocedelpaese.info\/index.php\/2009\/05\/26\/paolo-racano-spiega-perche-e-stato-beccato\/"},"author":{"name":"admin","@id":"https:\/\/archiviocassano.lavocedelpaese.info\/#\/schema\/person\/df195bc79a9b4c35127cf005f92e041b"},"headline":"PAOLO RACANO SPIEGA PERCHE\u2019 E\u2019 STATO \u201cBECCATO\u201d","datePublished":"2009-05-26T17:51:07+00:00","mainEntityOfPage":{"@id":"https:\/\/archiviocassano.lavocedelpaese.info\/index.php\/2009\/05\/26\/paolo-racano-spiega-perche-e-stato-beccato\/"},"wordCount":481,"commentCount":0,"publisher":{"@id":"https:\/\/archiviocassano.lavocedelpaese.info\/#organization"},"articleSection":["Attualit\u00e0"],"inLanguage":"it-IT","potentialAction":[{"@type":"CommentAction","name":"Comment","target":["https:\/\/archiviocassano.lavocedelpaese.info\/index.php\/2009\/05\/26\/paolo-racano-spiega-perche-e-stato-beccato\/#respond"]}]},{"@type":"WebPage","@id":"https:\/\/archiviocassano.lavocedelpaese.info\/index.php\/2009\/05\/26\/paolo-racano-spiega-perche-e-stato-beccato\/","url":"https:\/\/archiviocassano.lavocedelpaese.info\/index.php\/2009\/05\/26\/paolo-racano-spiega-perche-e-stato-beccato\/","name":"PAOLO RACANO SPIEGA PERCHE\u2019 E\u2019 STATO \u201cBECCATO\u201d - Archivio CassanoWeb","isPartOf":{"@id":"https:\/\/archiviocassano.lavocedelpaese.info\/#website"},"datePublished":"2009-05-26T17:51:07+00:00","breadcrumb":{"@id":"https:\/\/archiviocassano.lavocedelpaese.info\/index.php\/2009\/05\/26\/paolo-racano-spiega-perche-e-stato-beccato\/#breadcrumb"},"inLanguage":"it-IT","potentialAction":[{"@type":"ReadAction","target":["https:\/\/archiviocassano.lavocedelpaese.info\/index.php\/2009\/05\/26\/paolo-racano-spiega-perche-e-stato-beccato\/"]}]},{"@type":"BreadcrumbList","@id":"https:\/\/archiviocassano.lavocedelpaese.info\/index.php\/2009\/05\/26\/paolo-racano-spiega-perche-e-stato-beccato\/#breadcrumb","itemListElement":[{"@type":"ListItem","position":1,"name":"Home","item":"https:\/\/archiviocassano.lavocedelpaese.info\/"},{"@type":"ListItem","position":2,"name":"PAOLO RACANO SPIEGA PERCHE\u2019 E\u2019 STATO \u201cBECCATO\u201d"}]},{"@type":"WebSite","@id":"https:\/\/archiviocassano.lavocedelpaese.info\/#website","url":"https:\/\/archiviocassano.lavocedelpaese.info\/","name":"Archivio CassanoWeb","description":"La Voce del Paese - un network di idee","publisher":{"@id":"https:\/\/archiviocassano.lavocedelpaese.info\/#organization"},"potentialAction":[{"@type":"SearchAction","target":{"@type":"EntryPoint","urlTemplate":"https:\/\/archiviocassano.lavocedelpaese.info\/?s={search_term_string}"},"query-input":{"@type":"PropertyValueSpecification","valueRequired":true,"valueName":"search_term_string"}}],"inLanguage":"it-IT"},{"@type":"Organization","@id":"https:\/\/archiviocassano.lavocedelpaese.info\/#organization","name":"Archivio CassanoWeb","url":"https:\/\/archiviocassano.lavocedelpaese.info\/","logo":{"@type":"ImageObject","inLanguage":"it-IT","@id":"https:\/\/archiviocassano.lavocedelpaese.info\/#\/schema\/logo\/image\/","url":"https:\/\/archiviocassano.lavocedelpaese.info\/wp-content\/uploads\/2024\/08\/logo-rosso-2.png","contentUrl":"https:\/\/archiviocassano.lavocedelpaese.info\/wp-content\/uploads\/2024\/08\/logo-rosso-2.png","width":491,"height":432,"caption":"Archivio CassanoWeb"},"image":{"@id":"https:\/\/archiviocassano.lavocedelpaese.info\/#\/schema\/logo\/image\/"},"sameAs":["https:\/\/www.facebook.com\/redazione.cassanoweb"]},{"@type":"Person","@id":"https:\/\/archiviocassano.lavocedelpaese.info\/#\/schema\/person\/df195bc79a9b4c35127cf005f92e041b","name":"admin","image":{"@type":"ImageObject","inLanguage":"it-IT","@id":"https:\/\/secure.gravatar.com\/avatar\/eabba89a432e8eaa1b0207cc55f7e5340b22712b1ed80677efcf63e02ff5b235?s=96&d=mm&r=g","url":"https:\/\/secure.gravatar.com\/avatar\/eabba89a432e8eaa1b0207cc55f7e5340b22712b1ed80677efcf63e02ff5b235?s=96&d=mm&r=g","contentUrl":"https:\/\/secure.gravatar.com\/avatar\/eabba89a432e8eaa1b0207cc55f7e5340b22712b1ed80677efcf63e02ff5b235?s=96&d=mm&r=g","caption":"admin"},"sameAs":["https:\/\/archiviocassano.lavocedelpaese.info"],"url":"https:\/\/archiviocassano.lavocedelpaese.info\/index.php\/author\/admin_0qgz1xdp\/"}]}},"_links":{"self":[{"href":"https:\/\/archiviocassano.lavocedelpaese.info\/index.php\/wp-json\/wp\/v2\/posts\/3047","targetHints":{"allow":["GET"]}}],"collection":[{"href":"https:\/\/archiviocassano.lavocedelpaese.info\/index.php\/wp-json\/wp\/v2\/posts"}],"about":[{"href":"https:\/\/archiviocassano.lavocedelpaese.info\/index.php\/wp-json\/wp\/v2\/types\/post"}],"author":[{"embeddable":true,"href":"https:\/\/archiviocassano.lavocedelpaese.info\/index.php\/wp-json\/wp\/v2\/users\/1"}],"replies":[{"embeddable":true,"href":"https:\/\/archiviocassano.lavocedelpaese.info\/index.php\/wp-json\/wp\/v2\/comments?post=3047"}],"version-history":[{"count":0,"href":"https:\/\/archiviocassano.lavocedelpaese.info\/index.php\/wp-json\/wp\/v2\/posts\/3047\/revisions"}],"wp:attachment":[{"href":"https:\/\/archiviocassano.lavocedelpaese.info\/index.php\/wp-json\/wp\/v2\/media?parent=3047"}],"wp:term":[{"taxonomy":"category","embeddable":true,"href":"https:\/\/archiviocassano.lavocedelpaese.info\/index.php\/wp-json\/wp\/v2\/categories?post=3047"},{"taxonomy":"post_tag","embeddable":true,"href":"https:\/\/archiviocassano.lavocedelpaese.info\/index.php\/wp-json\/wp\/v2\/tags?post=3047"}],"curies":[{"name":"wp","href":"https:\/\/api.w.org\/{rel}","templated":true}]}}