{"id":3049,"date":"2009-05-27T11:16:35","date_gmt":"2009-05-27T11:16:35","guid":{"rendered":"https:\/\/archiviocassano.lavocedelpaese.info\/index.php\/2009\/05\/27\/incendiata-lauto-di-giampetruzzi-pdl-candidato-alla-provincia-nel-nostro-collegio\/"},"modified":"2009-05-27T11:16:35","modified_gmt":"2009-05-27T11:16:35","slug":"incendiata-lauto-di-giampetruzzi-pdl-candidato-alla-provincia-nel-nostro-collegio","status":"publish","type":"post","link":"https:\/\/archiviocassano.lavocedelpaese.info\/index.php\/2009\/05\/27\/incendiata-lauto-di-giampetruzzi-pdl-candidato-alla-provincia-nel-nostro-collegio\/","title":{"rendered":"INCENDIATA L\u2019AUTO DI GIAMPETRUZZI (PDL), CANDIDATO ALLA PROVINCIA NEL NOSTRO COLLEGIO"},"content":{"rendered":"<p><img loading=\"lazy\" decoding=\"async\" height=\"300\" width=\"208\" src=\"images\/stories\/giampetruzzi.jpg\" alt=\"giampetruzzi.jpg\" title=\"giampetruzzi.jpg\" style=\"margin: 5px; width: 208px; float: left; height: 300px\" \/> <\/p>\n<p><!--more--><\/p>\n<p>\nNella notte a cavallo tra marted\u00ec 26 e mercoled\u00ec 27 maggio, \u00e8 stataincendiata in Piazza Municipio a Santeramo la Fiat Stilo, in uso Vito Giampetruzzi, vicesindaco di Santeramo e candidato alla Provincia per il PdL nel collegio Santeramo-Cassano.\n<\/p>\n<p>\n\u201cSi tratta di un gesto intimidatorio \u2013 afferma un comunicato del partito &#8211;\u00a0 messo a segno nel cuore della campagna elettorale da parte di chi, volutamente, intravede nella solare persona del nostro amico Vito non un avversario politico, bens\u00ec un nemico pericoloso. Complici morali di questo insano gesto, sono quelle persone che, anche in questa campagna elettorale, invece di parlare di problemi delle gente strettamente attinenti alla campagna elettorale provinciale, senza ragione<br \/>\ne senza argomentazioni, sanno solo iniettare veleno politico contro Vito Giampetruzzi\u201d.\n<\/p>\n<p>\n\u201cComplici morali \u2013 dice ancora il Comunicato &#8211; sono anche taluni siti web \u2013 pattumiera che quotidianamente, pubblicando commenti sciacalleschi di persone che si firmano con fantomatiche sigle, quindi anonime, vomitano ogni sorta di veleno solo ed esclusivamente contro Vito Giampetruzzi. La notte scorsa, la mente bacata e topata di uno o pi\u00f9 irresponsabili, con un cerino acceso, ha fatto il resto, perch\u00e9 si \u00e8 \u201csentito legittimato\u201d a proseguire l\u2019odio politico contro il nostro amico Vito, seminato in lungo ed in largo sinora in questa campagna elettorale\u201d.\n<\/p>\n<p>\nQuesta sera, alle 21.30, Giampetruzzi terr\u00e0 un pubblico comizio in piazza Garibaldi a Santeramo in Colle.<\/p>\n","protected":false},"excerpt":{"rendered":"","protected":false},"author":1,"featured_media":0,"comment_status":"open","ping_status":"closed","sticky":false,"template":"","format":"standard","meta":{"colormag_page_container_layout":"default_layout","colormag_page_sidebar_layout":"default_layout","footnotes":""},"categories":[8],"tags":[],"class_list":["post-3049","post","type-post","status-publish","format-standard","hentry","category-cronaca"],"yoast_head":"<!-- This site is optimized with the Yoast SEO plugin v27.5 - https:\/\/yoast.com\/product\/yoast-seo-wordpress\/ -->\n<title>INCENDIATA L\u2019AUTO DI GIAMPETRUZZI (PDL), CANDIDATO ALLA PROVINCIA NEL NOSTRO COLLEGIO - Archivio CassanoWeb<\/title>\n<meta name=\"robots\" content=\"index, follow, max-snippet:-1, max-image-preview:large, max-video-preview:-1\" \/>\n<link rel=\"canonical\" href=\"https:\/\/archiviocassano.lavocedelpaese.info\/index.php\/2009\/05\/27\/incendiata-lauto-di-giampetruzzi-pdl-candidato-alla-provincia-nel-nostro-collegio\/\" \/>\n<meta property=\"og:locale\" content=\"it_IT\" \/>\n<meta property=\"og:type\" content=\"article\" \/>\n<meta property=\"og:title\" content=\"INCENDIATA L\u2019AUTO DI GIAMPETRUZZI (PDL), CANDIDATO ALLA PROVINCIA NEL NOSTRO COLLEGIO - Archivio CassanoWeb\" \/>\n<meta property=\"og:url\" content=\"https:\/\/archiviocassano.lavocedelpaese.info\/index.php\/2009\/05\/27\/incendiata-lauto-di-giampetruzzi-pdl-candidato-alla-provincia-nel-nostro-collegio\/\" \/>\n<meta property=\"og:site_name\" content=\"Archivio CassanoWeb\" \/>\n<meta property=\"article:publisher\" content=\"https:\/\/www.facebook.com\/redazione.cassanoweb\" \/>\n<meta property=\"article:published_time\" content=\"2009-05-27T11:16:35+00:00\" \/>\n<meta name=\"author\" content=\"admin\" \/>\n<meta name=\"twitter:card\" content=\"summary_large_image\" \/>\n<meta name=\"twitter:label1\" content=\"Scritto da\" \/>\n\t<meta name=\"twitter:data1\" content=\"admin\" \/>\n\t<meta name=\"twitter:label2\" content=\"Tempo di lettura stimato\" \/>\n\t<meta name=\"twitter:data2\" content=\"1 minuto\" \/>\n<script type=\"application\/ld+json\" class=\"yoast-schema-graph\">{\"@context\":\"https:\\\/\\\/schema.org\",\"@graph\":[{\"@type\":\"Article\",\"@id\":\"https:\\\/\\\/archiviocassano.lavocedelpaese.info\\\/index.php\\\/2009\\\/05\\\/27\\\/incendiata-lauto-di-giampetruzzi-pdl-candidato-alla-provincia-nel-nostro-collegio\\\/#article\",\"isPartOf\":{\"@id\":\"https:\\\/\\\/archiviocassano.lavocedelpaese.info\\\/index.php\\\/2009\\\/05\\\/27\\\/incendiata-lauto-di-giampetruzzi-pdl-candidato-alla-provincia-nel-nostro-collegio\\\/\"},\"author\":{\"name\":\"admin\",\"@id\":\"https:\\\/\\\/archiviocassano.lavocedelpaese.info\\\/#\\\/schema\\\/person\\\/df195bc79a9b4c35127cf005f92e041b\"},\"headline\":\"INCENDIATA L\u2019AUTO DI GIAMPETRUZZI (PDL), CANDIDATO ALLA PROVINCIA NEL NOSTRO COLLEGIO\",\"datePublished\":\"2009-05-27T11:16:35+00:00\",\"mainEntityOfPage\":{\"@id\":\"https:\\\/\\\/archiviocassano.lavocedelpaese.info\\\/index.php\\\/2009\\\/05\\\/27\\\/incendiata-lauto-di-giampetruzzi-pdl-candidato-alla-provincia-nel-nostro-collegio\\\/\"},\"wordCount\":229,\"commentCount\":0,\"publisher\":{\"@id\":\"https:\\\/\\\/archiviocassano.lavocedelpaese.info\\\/#organization\"},\"articleSection\":[\"Cronaca\"],\"inLanguage\":\"it-IT\",\"potentialAction\":[{\"@type\":\"CommentAction\",\"name\":\"Comment\",\"target\":[\"https:\\\/\\\/archiviocassano.lavocedelpaese.info\\\/index.php\\\/2009\\\/05\\\/27\\\/incendiata-lauto-di-giampetruzzi-pdl-candidato-alla-provincia-nel-nostro-collegio\\\/#respond\"]}]},{\"@type\":\"WebPage\",\"@id\":\"https:\\\/\\\/archiviocassano.lavocedelpaese.info\\\/index.php\\\/2009\\\/05\\\/27\\\/incendiata-lauto-di-giampetruzzi-pdl-candidato-alla-provincia-nel-nostro-collegio\\\/\",\"url\":\"https:\\\/\\\/archiviocassano.lavocedelpaese.info\\\/index.php\\\/2009\\\/05\\\/27\\\/incendiata-lauto-di-giampetruzzi-pdl-candidato-alla-provincia-nel-nostro-collegio\\\/\",\"name\":\"INCENDIATA L\u2019AUTO DI GIAMPETRUZZI (PDL), CANDIDATO ALLA PROVINCIA NEL NOSTRO COLLEGIO - Archivio CassanoWeb\",\"isPartOf\":{\"@id\":\"https:\\\/\\\/archiviocassano.lavocedelpaese.info\\\/#website\"},\"datePublished\":\"2009-05-27T11:16:35+00:00\",\"breadcrumb\":{\"@id\":\"https:\\\/\\\/archiviocassano.lavocedelpaese.info\\\/index.php\\\/2009\\\/05\\\/27\\\/incendiata-lauto-di-giampetruzzi-pdl-candidato-alla-provincia-nel-nostro-collegio\\\/#breadcrumb\"},\"inLanguage\":\"it-IT\",\"potentialAction\":[{\"@type\":\"ReadAction\",\"target\":[\"https:\\\/\\\/archiviocassano.lavocedelpaese.info\\\/index.php\\\/2009\\\/05\\\/27\\\/incendiata-lauto-di-giampetruzzi-pdl-candidato-alla-provincia-nel-nostro-collegio\\\/\"]}]},{\"@type\":\"BreadcrumbList\",\"@id\":\"https:\\\/\\\/archiviocassano.lavocedelpaese.info\\\/index.php\\\/2009\\\/05\\\/27\\\/incendiata-lauto-di-giampetruzzi-pdl-candidato-alla-provincia-nel-nostro-collegio\\\/#breadcrumb\",\"itemListElement\":[{\"@type\":\"ListItem\",\"position\":1,\"name\":\"Home\",\"item\":\"https:\\\/\\\/archiviocassano.lavocedelpaese.info\\\/\"},{\"@type\":\"ListItem\",\"position\":2,\"name\":\"INCENDIATA L\u2019AUTO DI GIAMPETRUZZI (PDL), CANDIDATO ALLA PROVINCIA NEL NOSTRO COLLEGIO\"}]},{\"@type\":\"WebSite\",\"@id\":\"https:\\\/\\\/archiviocassano.lavocedelpaese.info\\\/#website\",\"url\":\"https:\\\/\\\/archiviocassano.lavocedelpaese.info\\\/\",\"name\":\"Archivio CassanoWeb\",\"description\":\"La Voce del Paese - un network di idee\",\"publisher\":{\"@id\":\"https:\\\/\\\/archiviocassano.lavocedelpaese.info\\\/#organization\"},\"potentialAction\":[{\"@type\":\"SearchAction\",\"target\":{\"@type\":\"EntryPoint\",\"urlTemplate\":\"https:\\\/\\\/archiviocassano.lavocedelpaese.info\\\/?s={search_term_string}\"},\"query-input\":{\"@type\":\"PropertyValueSpecification\",\"valueRequired\":true,\"valueName\":\"search_term_string\"}}],\"inLanguage\":\"it-IT\"},{\"@type\":\"Organization\",\"@id\":\"https:\\\/\\\/archiviocassano.lavocedelpaese.info\\\/#organization\",\"name\":\"Archivio CassanoWeb\",\"url\":\"https:\\\/\\\/archiviocassano.lavocedelpaese.info\\\/\",\"logo\":{\"@type\":\"ImageObject\",\"inLanguage\":\"it-IT\",\"@id\":\"https:\\\/\\\/archiviocassano.lavocedelpaese.info\\\/#\\\/schema\\\/logo\\\/image\\\/\",\"url\":\"https:\\\/\\\/archiviocassano.lavocedelpaese.info\\\/wp-content\\\/uploads\\\/2024\\\/08\\\/logo-rosso-2.png\",\"contentUrl\":\"https:\\\/\\\/archiviocassano.lavocedelpaese.info\\\/wp-content\\\/uploads\\\/2024\\\/08\\\/logo-rosso-2.png\",\"width\":491,\"height\":432,\"caption\":\"Archivio CassanoWeb\"},\"image\":{\"@id\":\"https:\\\/\\\/archiviocassano.lavocedelpaese.info\\\/#\\\/schema\\\/logo\\\/image\\\/\"},\"sameAs\":[\"https:\\\/\\\/www.facebook.com\\\/redazione.cassanoweb\"]},{\"@type\":\"Person\",\"@id\":\"https:\\\/\\\/archiviocassano.lavocedelpaese.info\\\/#\\\/schema\\\/person\\\/df195bc79a9b4c35127cf005f92e041b\",\"name\":\"admin\",\"image\":{\"@type\":\"ImageObject\",\"inLanguage\":\"it-IT\",\"@id\":\"https:\\\/\\\/secure.gravatar.com\\\/avatar\\\/eabba89a432e8eaa1b0207cc55f7e5340b22712b1ed80677efcf63e02ff5b235?s=96&d=mm&r=g\",\"url\":\"https:\\\/\\\/secure.gravatar.com\\\/avatar\\\/eabba89a432e8eaa1b0207cc55f7e5340b22712b1ed80677efcf63e02ff5b235?s=96&d=mm&r=g\",\"contentUrl\":\"https:\\\/\\\/secure.gravatar.com\\\/avatar\\\/eabba89a432e8eaa1b0207cc55f7e5340b22712b1ed80677efcf63e02ff5b235?s=96&d=mm&r=g\",\"caption\":\"admin\"},\"sameAs\":[\"https:\\\/\\\/archiviocassano.lavocedelpaese.info\"],\"url\":\"https:\\\/\\\/archiviocassano.lavocedelpaese.info\\\/index.php\\\/author\\\/admin_0qgz1xdp\\\/\"}]}<\/script>\n<!-- \/ Yoast SEO plugin. -->","yoast_head_json":{"title":"INCENDIATA L\u2019AUTO DI GIAMPETRUZZI (PDL), CANDIDATO ALLA PROVINCIA NEL NOSTRO COLLEGIO - Archivio CassanoWeb","robots":{"index":"index","follow":"follow","max-snippet":"max-snippet:-1","max-image-preview":"max-image-preview:large","max-video-preview":"max-video-preview:-1"},"canonical":"https:\/\/archiviocassano.lavocedelpaese.info\/index.php\/2009\/05\/27\/incendiata-lauto-di-giampetruzzi-pdl-candidato-alla-provincia-nel-nostro-collegio\/","og_locale":"it_IT","og_type":"article","og_title":"INCENDIATA L\u2019AUTO DI GIAMPETRUZZI (PDL), CANDIDATO ALLA PROVINCIA NEL NOSTRO COLLEGIO - Archivio CassanoWeb","og_url":"https:\/\/archiviocassano.lavocedelpaese.info\/index.php\/2009\/05\/27\/incendiata-lauto-di-giampetruzzi-pdl-candidato-alla-provincia-nel-nostro-collegio\/","og_site_name":"Archivio CassanoWeb","article_publisher":"https:\/\/www.facebook.com\/redazione.cassanoweb","article_published_time":"2009-05-27T11:16:35+00:00","author":"admin","twitter_card":"summary_large_image","twitter_misc":{"Scritto da":"admin","Tempo di lettura stimato":"1 minuto"},"schema":{"@context":"https:\/\/schema.org","@graph":[{"@type":"Article","@id":"https:\/\/archiviocassano.lavocedelpaese.info\/index.php\/2009\/05\/27\/incendiata-lauto-di-giampetruzzi-pdl-candidato-alla-provincia-nel-nostro-collegio\/#article","isPartOf":{"@id":"https:\/\/archiviocassano.lavocedelpaese.info\/index.php\/2009\/05\/27\/incendiata-lauto-di-giampetruzzi-pdl-candidato-alla-provincia-nel-nostro-collegio\/"},"author":{"name":"admin","@id":"https:\/\/archiviocassano.lavocedelpaese.info\/#\/schema\/person\/df195bc79a9b4c35127cf005f92e041b"},"headline":"INCENDIATA L\u2019AUTO DI GIAMPETRUZZI (PDL), CANDIDATO ALLA PROVINCIA NEL NOSTRO COLLEGIO","datePublished":"2009-05-27T11:16:35+00:00","mainEntityOfPage":{"@id":"https:\/\/archiviocassano.lavocedelpaese.info\/index.php\/2009\/05\/27\/incendiata-lauto-di-giampetruzzi-pdl-candidato-alla-provincia-nel-nostro-collegio\/"},"wordCount":229,"commentCount":0,"publisher":{"@id":"https:\/\/archiviocassano.lavocedelpaese.info\/#organization"},"articleSection":["Cronaca"],"inLanguage":"it-IT","potentialAction":[{"@type":"CommentAction","name":"Comment","target":["https:\/\/archiviocassano.lavocedelpaese.info\/index.php\/2009\/05\/27\/incendiata-lauto-di-giampetruzzi-pdl-candidato-alla-provincia-nel-nostro-collegio\/#respond"]}]},{"@type":"WebPage","@id":"https:\/\/archiviocassano.lavocedelpaese.info\/index.php\/2009\/05\/27\/incendiata-lauto-di-giampetruzzi-pdl-candidato-alla-provincia-nel-nostro-collegio\/","url":"https:\/\/archiviocassano.lavocedelpaese.info\/index.php\/2009\/05\/27\/incendiata-lauto-di-giampetruzzi-pdl-candidato-alla-provincia-nel-nostro-collegio\/","name":"INCENDIATA L\u2019AUTO DI GIAMPETRUZZI (PDL), CANDIDATO ALLA PROVINCIA NEL NOSTRO COLLEGIO - Archivio CassanoWeb","isPartOf":{"@id":"https:\/\/archiviocassano.lavocedelpaese.info\/#website"},"datePublished":"2009-05-27T11:16:35+00:00","breadcrumb":{"@id":"https:\/\/archiviocassano.lavocedelpaese.info\/index.php\/2009\/05\/27\/incendiata-lauto-di-giampetruzzi-pdl-candidato-alla-provincia-nel-nostro-collegio\/#breadcrumb"},"inLanguage":"it-IT","potentialAction":[{"@type":"ReadAction","target":["https:\/\/archiviocassano.lavocedelpaese.info\/index.php\/2009\/05\/27\/incendiata-lauto-di-giampetruzzi-pdl-candidato-alla-provincia-nel-nostro-collegio\/"]}]},{"@type":"BreadcrumbList","@id":"https:\/\/archiviocassano.lavocedelpaese.info\/index.php\/2009\/05\/27\/incendiata-lauto-di-giampetruzzi-pdl-candidato-alla-provincia-nel-nostro-collegio\/#breadcrumb","itemListElement":[{"@type":"ListItem","position":1,"name":"Home","item":"https:\/\/archiviocassano.lavocedelpaese.info\/"},{"@type":"ListItem","position":2,"name":"INCENDIATA L\u2019AUTO DI GIAMPETRUZZI (PDL), CANDIDATO ALLA PROVINCIA NEL NOSTRO COLLEGIO"}]},{"@type":"WebSite","@id":"https:\/\/archiviocassano.lavocedelpaese.info\/#website","url":"https:\/\/archiviocassano.lavocedelpaese.info\/","name":"Archivio CassanoWeb","description":"La Voce del Paese - un network di idee","publisher":{"@id":"https:\/\/archiviocassano.lavocedelpaese.info\/#organization"},"potentialAction":[{"@type":"SearchAction","target":{"@type":"EntryPoint","urlTemplate":"https:\/\/archiviocassano.lavocedelpaese.info\/?s={search_term_string}"},"query-input":{"@type":"PropertyValueSpecification","valueRequired":true,"valueName":"search_term_string"}}],"inLanguage":"it-IT"},{"@type":"Organization","@id":"https:\/\/archiviocassano.lavocedelpaese.info\/#organization","name":"Archivio CassanoWeb","url":"https:\/\/archiviocassano.lavocedelpaese.info\/","logo":{"@type":"ImageObject","inLanguage":"it-IT","@id":"https:\/\/archiviocassano.lavocedelpaese.info\/#\/schema\/logo\/image\/","url":"https:\/\/archiviocassano.lavocedelpaese.info\/wp-content\/uploads\/2024\/08\/logo-rosso-2.png","contentUrl":"https:\/\/archiviocassano.lavocedelpaese.info\/wp-content\/uploads\/2024\/08\/logo-rosso-2.png","width":491,"height":432,"caption":"Archivio CassanoWeb"},"image":{"@id":"https:\/\/archiviocassano.lavocedelpaese.info\/#\/schema\/logo\/image\/"},"sameAs":["https:\/\/www.facebook.com\/redazione.cassanoweb"]},{"@type":"Person","@id":"https:\/\/archiviocassano.lavocedelpaese.info\/#\/schema\/person\/df195bc79a9b4c35127cf005f92e041b","name":"admin","image":{"@type":"ImageObject","inLanguage":"it-IT","@id":"https:\/\/secure.gravatar.com\/avatar\/eabba89a432e8eaa1b0207cc55f7e5340b22712b1ed80677efcf63e02ff5b235?s=96&d=mm&r=g","url":"https:\/\/secure.gravatar.com\/avatar\/eabba89a432e8eaa1b0207cc55f7e5340b22712b1ed80677efcf63e02ff5b235?s=96&d=mm&r=g","contentUrl":"https:\/\/secure.gravatar.com\/avatar\/eabba89a432e8eaa1b0207cc55f7e5340b22712b1ed80677efcf63e02ff5b235?s=96&d=mm&r=g","caption":"admin"},"sameAs":["https:\/\/archiviocassano.lavocedelpaese.info"],"url":"https:\/\/archiviocassano.lavocedelpaese.info\/index.php\/author\/admin_0qgz1xdp\/"}]}},"_links":{"self":[{"href":"https:\/\/archiviocassano.lavocedelpaese.info\/index.php\/wp-json\/wp\/v2\/posts\/3049","targetHints":{"allow":["GET"]}}],"collection":[{"href":"https:\/\/archiviocassano.lavocedelpaese.info\/index.php\/wp-json\/wp\/v2\/posts"}],"about":[{"href":"https:\/\/archiviocassano.lavocedelpaese.info\/index.php\/wp-json\/wp\/v2\/types\/post"}],"author":[{"embeddable":true,"href":"https:\/\/archiviocassano.lavocedelpaese.info\/index.php\/wp-json\/wp\/v2\/users\/1"}],"replies":[{"embeddable":true,"href":"https:\/\/archiviocassano.lavocedelpaese.info\/index.php\/wp-json\/wp\/v2\/comments?post=3049"}],"version-history":[{"count":0,"href":"https:\/\/archiviocassano.lavocedelpaese.info\/index.php\/wp-json\/wp\/v2\/posts\/3049\/revisions"}],"wp:attachment":[{"href":"https:\/\/archiviocassano.lavocedelpaese.info\/index.php\/wp-json\/wp\/v2\/media?parent=3049"}],"wp:term":[{"taxonomy":"category","embeddable":true,"href":"https:\/\/archiviocassano.lavocedelpaese.info\/index.php\/wp-json\/wp\/v2\/categories?post=3049"},{"taxonomy":"post_tag","embeddable":true,"href":"https:\/\/archiviocassano.lavocedelpaese.info\/index.php\/wp-json\/wp\/v2\/tags?post=3049"}],"curies":[{"name":"wp","href":"https:\/\/api.w.org\/{rel}","templated":true}]}}