{"id":3058,"date":"2009-05-29T18:28:28","date_gmt":"2009-05-29T18:28:28","guid":{"rendered":"https:\/\/archiviocassano.lavocedelpaese.info\/index.php\/2009\/05\/29\/elena-gentile-ovvero-il-piu-bel-comizio-degli-ultimi-anni\/"},"modified":"2009-05-29T18:28:28","modified_gmt":"2009-05-29T18:28:28","slug":"elena-gentile-ovvero-il-piu-bel-comizio-degli-ultimi-anni","status":"publish","type":"post","link":"https:\/\/archiviocassano.lavocedelpaese.info\/index.php\/2009\/05\/29\/elena-gentile-ovvero-il-piu-bel-comizio-degli-ultimi-anni\/","title":{"rendered":"ELENA GENTILE, OVVERO: IL PIU\u2019 BEL COMIZIO DEGLI ULTIMI ANNI!"},"content":{"rendered":"<p><img loading=\"lazy\" decoding=\"async\" width=\"150\" src=\"images\/stories\/gentile_elena.jpg\" alt=\"gentile_elena.jpg\" height=\"188\" style=\"float: left; margin: 5px; width: 150px; height: 188px\" title=\"gentile_elena.jpg\" \/> <\/p>\n<p><!--more--><\/p>\n<p>\n<em>Qualcuno fra il pubblico, in quella magica serata di mercoled\u00ec, l\u2019ha definito \u201cil pi\u00f9 bel comizio degli ultimi anni\u201d! Che sia vero o no, ognuno potr\u00e0 dirlo. Certo \u00e8 che l\u2019intervento di Elena Gentile, assessore regionale alle politiche sociali, ha dato uno scossone a questa sonnacchiosa e cattiva campagna elettorale. <\/em>\n<\/p>\n<p>\n<em>Abbiamo pensato, cos\u00ec, di pubblicare il testo integrale dell\u2019intervento (trascritto dalla nostra registrazione audio) e dare la possibilit\u00e0 a chi non c\u2019era di sapere quel che \u00e8 stato detto. Certo: lo scritto non trasmette la passionalit\u00e0 e la forza con le quali la Gentile ha detto queste cose, ma leggendole bene si assapora il gusto di una politica che Cassano da troppo tempo non ricordava.<\/em>\n<\/p>\n<p>\n&nbsp;\n<\/p>\n<p>\nStiamo attraversando un periodo difficile, controverso, un periodo nel quale la politica ha smarrito il senso del suo ruolo, delle istituzioni, tra la gente, tra i cittadini e tra le cittadine.\u00a0 La politica che cos\u2019\u00e8 se non quello strumento assai importante per cambiare la vita delle donne e degli uomini, per offrire un sogno, una speranza, un futuro soprattutto alle ragazze, ai ragazzi, alle giovani generazioni.<br \/>\nE io questa sera a loro voglio rivolgere il mio caloroso appello al voto, un appello al voto per questa lista, per questo sindaco, per questa coalizione che si presenta all\u2019opinione pubblica di questa citt\u00e0 con un\u2019altissimo profilo di coerenza e di qualit\u00e0 del suo progetto. <br \/>\nE parlo alle ragazze e ai ragazzi che questa sera finalmente vedo numerosi nella piazza di una citt\u00e0, non capita molto spesso, purtroppo non capita pi\u00f9.\n<\/p>\n<p>\nA queste ragazze e questi ragazzi noi dobbiamo trasmettere un segnale importante, un segnale che restituisca a loro la fiducia nella politica, la fiducia in quelle donne e in quegli uomini che intendono appunto rappresentare con rigore, con coerenza, con trasparenza gli interessi legittimi di una comunit\u00e0 che vuole costruire per davvero il suo futuro. Non c\u2019\u00e8, non ci pu\u00f2 essere futuro se i destini di una citt\u00e0, piccola o grande, vengono affidati a coloro i quali tradendo la propria appartenenza, la propria militanza, cercano\u00a0 collocazioni in altre liste in altri schieramenti pur di salvaguardare il proprio ruolo e la propria poltrona: non \u00e8 questa la politica, non \u00e8 questo il messaggio che noi dobbiamo lanciare il messaggio che dobbiamo lanciare alle nostre figlie e ai nostri figli. E\u2019 a loro che dobbiamo affidare questo messaggio: sappiate riconoscere gli schieramenti politici che si presentano con coerenza, con trasparenza e che vi rappresentano un programma politico che parla dei problemi, delle aspettative, delle speranze, anche con il rigore di una scelta politica di fondo.\n<\/p>\n<p>\nA noi non piacciono i personaggi in cerca d\u2019autore, tutti coloro i quali migrano da un partito all\u2019altro, da uno schieramento all\u2019altro e nella stessa competizione politica si presentano in uno schieramento e poi, magari per le elezioni provinciali, per un altro partito\u2026.per un altro schieramento: questa non \u00e8 la politica! Questa \u00e8 una scelta che privilegia interessi personali e di parte e noi per la nostra storia, per la nostra cultura, per la nostra tradizione rispediamo al mittente anche le provocazioni, le menzogne, le falsit\u00e0 che questi personaggi continuano a raccontare.\n<\/p>\n<p>\nSi, menzogne, falsit\u00e0!\n<\/p>\n<p>\nQuesta citt\u00e0 non \u00e8 mai stata rappresentata l\u00ec dove si decidono le politiche, quelle politiche che interessano i cittadini e le cittadine, soprattutto coloro i quali vivono in una situazione di difficolt\u00e0 e di emarginazione; non la rappresentano perch\u00e9 sono distanti dai problemi della gente, interessati a coltivare il proprio orticello ed i propri interessi personali.\n<\/p>\n<p>\nNoi, invece, stiamo da un\u2019altra parte. Noi vogliamo declinare una politica nuova a tutela dei diritti, nel rispetto della dignit\u00e0 delle persone e non possiamo svendere la nostra storia di fronte a queste menzogne.\n<\/p>\n<p>\nCassano e il suo assessore sono sempre stati assenti l\u00ec, dove si decidono le politiche.\n<\/p>\n<p>\nBugiardo\u2026bugiardo, assessore Lionetti! Tu non hai avuto la capacit\u00e0 di rappresentare Cassano in un momento cos\u00ec importante per questa citt\u00e0, per questo Piano di Zona e per l\u2019intera Regione Puglia!\n<\/p>\n<p>\nDove eri quando i tuoi colleghi assessori sono scesi in campo ed hanno presentato tanti progetti, anche di grande qualit\u00e0, per costruire gli asili nido, per costruire le infrastrutture per i diversamente abili, per realizzare i servizi per le persone non autosufficienti?\n<\/p>\n<p>\nDov\u2019eri? Dov\u2019eri?\n<\/p>\n<p>\nInsieme agli altri amministratori di questo Piano di Zona hai fatto in modo che questa citt\u00e0 fosse\u00a0 il fanalino di coda tra tutti i Piani di Zona della Regione Puglia.\n<\/p>\n<p>\nE questo Piano di Zona, se malauguratamente questa citt\u00e0 dovesse assicurare il suo consenso a quella lista, verr\u00e0 commissariato dalla Regione Puglia perch\u00e9 non \u00e8 concesso a nessuno impedire che si costruiscano i servizi per le famiglie e per i bambini.\n<\/p>\n<p>\nDov\u2019eri? Dove sei stato? Chi ti ha mai visto in questi anni? Assente, lontano\u2026.mentre da tutta la regione c\u2019\u00e8 stata una sorta di gara per acquisire finanziamenti e realizzare servizi.\n<\/p>\n<p>\n125 asili nido abbiamo finanziato in questa regione, tanti asili nido; 58 milioni di euro a disposizione dei Comuni: dei comuni piccoli, dei comuni grandi, delle citt\u00e0 capoluogo, servizi ai bambini e alle bambine e alle famiglie ma soprattutto nuova e buona occupazione\n<\/p>\n<p>\n\u2026e tu\u2026 ricordi la vecchia 285: non esiste pi\u00f9 la 285!\n<\/p>\n<p>\nVergogna! Studia! Aggiornati!\n<\/p>\n<p>\nNon puoi rappresentare gli interessi dei cittadini. Non puoi arrogarti il diritto di mettere in discussione il buongoverno della Regione Puglia\u2026\n<\/p>\n<p>\nS\u00ec, di questa regione che si \u00e8 rimboccata le maniche e dal 2005 ha messo in campo buone leggi, buoni interventi, buone azioni. Non siamo pi\u00f9 il fanalino di coda dell\u2019Italia e lo dico con orgoglio di essere un\u2019amministratrice del centrosinistra\u2026non siamo pi\u00f9 il fanalino di coda\u2026abbiamo risalito la china, oggi parliamo a testa alta con le regioni del centronord, quelle regioni da sempre amministrate dal centrosinistra, quelle regioni che hanno fatto del \u201cwelfare\u201d non un fatto residuale ma una risorsa, un pezzo dell\u2019economia civile e sociale: Oggi al Puglia \u00e8 questo, una grande regione che si \u00e8 imposta e ha detto alla Comunit\u00e0 Europea \u201cnoi dobbiamo avere le opportunit\u00e0 per risalire la china, per garantire i servizi, per restituire il sorriso alle persone in difficolt\u00e0, per sostenere le famiglie, soprattutto quelle che vivono momenti drammatici, per costruire anche nel \u201cwelfare\u201d un posto importante per i nostri ragazzi e le nostre ragazze: questa \u00e8 la Puglia di oggi!\n<\/p>\n<p>\nE noi non consentiamo a nessuno di offendere il lavoro, il buon lavoro del governo regionale.\n<\/p>\n<p>\nOggi noi siamo nelle condizioni, votando questo sindaco, con questa faccia sbarazzina, pulita, giovane, fresca, questo sindaco capace, che ha gi\u00e0 capito\u2026ha gi\u00e0 capito in campagna elettorale che cosa fare per questa citt\u00e0. Vieni qua, vieni qua, vicino a me. Noi dobbiamo consentire a questo sindaco di prendere in mano il timone di questo comune e per consentire anche agli altri comuni di svolgere un ruolo importante per utilizzare le risorse che qui arrivano e non vengono spese\u2026\n<\/p>\n<p>\nMa voi pensate: in un periodo di crisi finanziaria, in un periodo in cui il Governo Berlusconi taglia i fondi per le politiche sociali, ha tagliato del 40% il Fondo Sociale Nazionale, ha cancellato il fondo per la non-autosufficienza, ha azzerato il fondo per le politiche di integrazione per le persone immigrate, ha cancellato il fondo per la lotta ai maltrattamenti alle donne e ai minori\u2026.oggi a fronte di questo governo che vi fa l\u2019elemosina, vi da la social-card: vergogna!\n<\/p>\n<p>\nNoi, invece, abbiamo costruito un sistema che consente alle persone di essere protagonisti, cittadini attivi\u2026di pensare che nonostante le difficolt\u00e0 si possa ancora avere una vita normale, perch\u00e9 noi \u00e8 questo che sogniamo: offrire a tutte e a tutti una vita normale, essere un po\u2019 felici\u2026In questa regione noi abbiamo previsto autonomamente il fondo per la non-autosufficienza, per i malati di Sla, per i pazienti in coma vegetativo, per le persone affette da malattie neurovegetative\u2026noi abbiamo previsto la prima dote, per aiutare le giovani coppie ad affrontare quell\u2019esperienza straordinaria che \u00e8 la nascita di un figlio\u2026noi lo abbiamo fatto\u2026il governo Berlusconi taglia le risorse ma noi continueremo, continueremo perch\u00e9 crediamo nella politica vera, che \u00e8 quella attenta alle cittadini e ai cittadini e ai loro bisogni.\n<\/p>\n<p>\nQuesto \u00e8 il messaggio e concludo\u2026guardo in faccia i ragazzi, soprattutto loro\u2026guarda quanti ragazzi: Forza Ragazzi! La politica \u00e8 una cosa bella e deve essere pulita\u2026forza ragazzi.<\/p>\n","protected":false},"excerpt":{"rendered":"","protected":false},"author":1,"featured_media":0,"comment_status":"open","ping_status":"closed","sticky":false,"template":"","format":"standard","meta":{"colormag_page_container_layout":"default_layout","colormag_page_sidebar_layout":"default_layout","footnotes":""},"categories":[4],"tags":[],"class_list":["post-3058","post","type-post","status-publish","format-standard","hentry","category-politica"],"yoast_head":"<!-- This site is optimized with the Yoast SEO plugin v27.5 - https:\/\/yoast.com\/product\/yoast-seo-wordpress\/ -->\n<title>ELENA GENTILE, OVVERO: IL PIU\u2019 BEL COMIZIO DEGLI ULTIMI ANNI! - Archivio CassanoWeb<\/title>\n<meta name=\"robots\" content=\"index, follow, max-snippet:-1, max-image-preview:large, max-video-preview:-1\" \/>\n<link rel=\"canonical\" href=\"https:\/\/archiviocassano.lavocedelpaese.info\/index.php\/2009\/05\/29\/elena-gentile-ovvero-il-piu-bel-comizio-degli-ultimi-anni\/\" \/>\n<meta property=\"og:locale\" content=\"it_IT\" \/>\n<meta property=\"og:type\" content=\"article\" \/>\n<meta property=\"og:title\" content=\"ELENA GENTILE, OVVERO: IL PIU\u2019 BEL COMIZIO DEGLI ULTIMI ANNI! - Archivio CassanoWeb\" \/>\n<meta property=\"og:url\" content=\"https:\/\/archiviocassano.lavocedelpaese.info\/index.php\/2009\/05\/29\/elena-gentile-ovvero-il-piu-bel-comizio-degli-ultimi-anni\/\" \/>\n<meta property=\"og:site_name\" content=\"Archivio CassanoWeb\" \/>\n<meta property=\"article:publisher\" content=\"https:\/\/www.facebook.com\/redazione.cassanoweb\" \/>\n<meta property=\"article:published_time\" content=\"2009-05-29T18:28:28+00:00\" \/>\n<meta name=\"author\" content=\"admin\" \/>\n<meta name=\"twitter:card\" content=\"summary_large_image\" \/>\n<meta name=\"twitter:label1\" content=\"Scritto da\" \/>\n\t<meta name=\"twitter:data1\" content=\"admin\" \/>\n\t<meta name=\"twitter:label2\" content=\"Tempo di lettura stimato\" \/>\n\t<meta name=\"twitter:data2\" content=\"7 minuti\" \/>\n<script type=\"application\/ld+json\" class=\"yoast-schema-graph\">{\"@context\":\"https:\\\/\\\/schema.org\",\"@graph\":[{\"@type\":\"Article\",\"@id\":\"https:\\\/\\\/archiviocassano.lavocedelpaese.info\\\/index.php\\\/2009\\\/05\\\/29\\\/elena-gentile-ovvero-il-piu-bel-comizio-degli-ultimi-anni\\\/#article\",\"isPartOf\":{\"@id\":\"https:\\\/\\\/archiviocassano.lavocedelpaese.info\\\/index.php\\\/2009\\\/05\\\/29\\\/elena-gentile-ovvero-il-piu-bel-comizio-degli-ultimi-anni\\\/\"},\"author\":{\"name\":\"admin\",\"@id\":\"https:\\\/\\\/archiviocassano.lavocedelpaese.info\\\/#\\\/schema\\\/person\\\/df195bc79a9b4c35127cf005f92e041b\"},\"headline\":\"ELENA GENTILE, OVVERO: IL PIU\u2019 BEL COMIZIO DEGLI ULTIMI ANNI!\",\"datePublished\":\"2009-05-29T18:28:28+00:00\",\"mainEntityOfPage\":{\"@id\":\"https:\\\/\\\/archiviocassano.lavocedelpaese.info\\\/index.php\\\/2009\\\/05\\\/29\\\/elena-gentile-ovvero-il-piu-bel-comizio-degli-ultimi-anni\\\/\"},\"wordCount\":1386,\"commentCount\":0,\"publisher\":{\"@id\":\"https:\\\/\\\/archiviocassano.lavocedelpaese.info\\\/#organization\"},\"articleSection\":[\"Politica\"],\"inLanguage\":\"it-IT\",\"potentialAction\":[{\"@type\":\"CommentAction\",\"name\":\"Comment\",\"target\":[\"https:\\\/\\\/archiviocassano.lavocedelpaese.info\\\/index.php\\\/2009\\\/05\\\/29\\\/elena-gentile-ovvero-il-piu-bel-comizio-degli-ultimi-anni\\\/#respond\"]}]},{\"@type\":\"WebPage\",\"@id\":\"https:\\\/\\\/archiviocassano.lavocedelpaese.info\\\/index.php\\\/2009\\\/05\\\/29\\\/elena-gentile-ovvero-il-piu-bel-comizio-degli-ultimi-anni\\\/\",\"url\":\"https:\\\/\\\/archiviocassano.lavocedelpaese.info\\\/index.php\\\/2009\\\/05\\\/29\\\/elena-gentile-ovvero-il-piu-bel-comizio-degli-ultimi-anni\\\/\",\"name\":\"ELENA GENTILE, OVVERO: IL PIU\u2019 BEL COMIZIO DEGLI ULTIMI ANNI! - Archivio CassanoWeb\",\"isPartOf\":{\"@id\":\"https:\\\/\\\/archiviocassano.lavocedelpaese.info\\\/#website\"},\"datePublished\":\"2009-05-29T18:28:28+00:00\",\"breadcrumb\":{\"@id\":\"https:\\\/\\\/archiviocassano.lavocedelpaese.info\\\/index.php\\\/2009\\\/05\\\/29\\\/elena-gentile-ovvero-il-piu-bel-comizio-degli-ultimi-anni\\\/#breadcrumb\"},\"inLanguage\":\"it-IT\",\"potentialAction\":[{\"@type\":\"ReadAction\",\"target\":[\"https:\\\/\\\/archiviocassano.lavocedelpaese.info\\\/index.php\\\/2009\\\/05\\\/29\\\/elena-gentile-ovvero-il-piu-bel-comizio-degli-ultimi-anni\\\/\"]}]},{\"@type\":\"BreadcrumbList\",\"@id\":\"https:\\\/\\\/archiviocassano.lavocedelpaese.info\\\/index.php\\\/2009\\\/05\\\/29\\\/elena-gentile-ovvero-il-piu-bel-comizio-degli-ultimi-anni\\\/#breadcrumb\",\"itemListElement\":[{\"@type\":\"ListItem\",\"position\":1,\"name\":\"Home\",\"item\":\"https:\\\/\\\/archiviocassano.lavocedelpaese.info\\\/\"},{\"@type\":\"ListItem\",\"position\":2,\"name\":\"ELENA GENTILE, OVVERO: IL PIU\u2019 BEL COMIZIO DEGLI ULTIMI ANNI!\"}]},{\"@type\":\"WebSite\",\"@id\":\"https:\\\/\\\/archiviocassano.lavocedelpaese.info\\\/#website\",\"url\":\"https:\\\/\\\/archiviocassano.lavocedelpaese.info\\\/\",\"name\":\"Archivio CassanoWeb\",\"description\":\"La Voce del Paese - un network di idee\",\"publisher\":{\"@id\":\"https:\\\/\\\/archiviocassano.lavocedelpaese.info\\\/#organization\"},\"potentialAction\":[{\"@type\":\"SearchAction\",\"target\":{\"@type\":\"EntryPoint\",\"urlTemplate\":\"https:\\\/\\\/archiviocassano.lavocedelpaese.info\\\/?s={search_term_string}\"},\"query-input\":{\"@type\":\"PropertyValueSpecification\",\"valueRequired\":true,\"valueName\":\"search_term_string\"}}],\"inLanguage\":\"it-IT\"},{\"@type\":\"Organization\",\"@id\":\"https:\\\/\\\/archiviocassano.lavocedelpaese.info\\\/#organization\",\"name\":\"Archivio CassanoWeb\",\"url\":\"https:\\\/\\\/archiviocassano.lavocedelpaese.info\\\/\",\"logo\":{\"@type\":\"ImageObject\",\"inLanguage\":\"it-IT\",\"@id\":\"https:\\\/\\\/archiviocassano.lavocedelpaese.info\\\/#\\\/schema\\\/logo\\\/image\\\/\",\"url\":\"https:\\\/\\\/archiviocassano.lavocedelpaese.info\\\/wp-content\\\/uploads\\\/2024\\\/08\\\/logo-rosso-2.png\",\"contentUrl\":\"https:\\\/\\\/archiviocassano.lavocedelpaese.info\\\/wp-content\\\/uploads\\\/2024\\\/08\\\/logo-rosso-2.png\",\"width\":491,\"height\":432,\"caption\":\"Archivio CassanoWeb\"},\"image\":{\"@id\":\"https:\\\/\\\/archiviocassano.lavocedelpaese.info\\\/#\\\/schema\\\/logo\\\/image\\\/\"},\"sameAs\":[\"https:\\\/\\\/www.facebook.com\\\/redazione.cassanoweb\"]},{\"@type\":\"Person\",\"@id\":\"https:\\\/\\\/archiviocassano.lavocedelpaese.info\\\/#\\\/schema\\\/person\\\/df195bc79a9b4c35127cf005f92e041b\",\"name\":\"admin\",\"image\":{\"@type\":\"ImageObject\",\"inLanguage\":\"it-IT\",\"@id\":\"https:\\\/\\\/secure.gravatar.com\\\/avatar\\\/eabba89a432e8eaa1b0207cc55f7e5340b22712b1ed80677efcf63e02ff5b235?s=96&d=mm&r=g\",\"url\":\"https:\\\/\\\/secure.gravatar.com\\\/avatar\\\/eabba89a432e8eaa1b0207cc55f7e5340b22712b1ed80677efcf63e02ff5b235?s=96&d=mm&r=g\",\"contentUrl\":\"https:\\\/\\\/secure.gravatar.com\\\/avatar\\\/eabba89a432e8eaa1b0207cc55f7e5340b22712b1ed80677efcf63e02ff5b235?s=96&d=mm&r=g\",\"caption\":\"admin\"},\"sameAs\":[\"https:\\\/\\\/archiviocassano.lavocedelpaese.info\"],\"url\":\"https:\\\/\\\/archiviocassano.lavocedelpaese.info\\\/index.php\\\/author\\\/admin_0qgz1xdp\\\/\"}]}<\/script>\n<!-- \/ Yoast SEO plugin. -->","yoast_head_json":{"title":"ELENA GENTILE, OVVERO: IL PIU\u2019 BEL COMIZIO DEGLI ULTIMI ANNI! - Archivio CassanoWeb","robots":{"index":"index","follow":"follow","max-snippet":"max-snippet:-1","max-image-preview":"max-image-preview:large","max-video-preview":"max-video-preview:-1"},"canonical":"https:\/\/archiviocassano.lavocedelpaese.info\/index.php\/2009\/05\/29\/elena-gentile-ovvero-il-piu-bel-comizio-degli-ultimi-anni\/","og_locale":"it_IT","og_type":"article","og_title":"ELENA GENTILE, OVVERO: IL PIU\u2019 BEL COMIZIO DEGLI ULTIMI ANNI! - Archivio CassanoWeb","og_url":"https:\/\/archiviocassano.lavocedelpaese.info\/index.php\/2009\/05\/29\/elena-gentile-ovvero-il-piu-bel-comizio-degli-ultimi-anni\/","og_site_name":"Archivio CassanoWeb","article_publisher":"https:\/\/www.facebook.com\/redazione.cassanoweb","article_published_time":"2009-05-29T18:28:28+00:00","author":"admin","twitter_card":"summary_large_image","twitter_misc":{"Scritto da":"admin","Tempo di lettura stimato":"7 minuti"},"schema":{"@context":"https:\/\/schema.org","@graph":[{"@type":"Article","@id":"https:\/\/archiviocassano.lavocedelpaese.info\/index.php\/2009\/05\/29\/elena-gentile-ovvero-il-piu-bel-comizio-degli-ultimi-anni\/#article","isPartOf":{"@id":"https:\/\/archiviocassano.lavocedelpaese.info\/index.php\/2009\/05\/29\/elena-gentile-ovvero-il-piu-bel-comizio-degli-ultimi-anni\/"},"author":{"name":"admin","@id":"https:\/\/archiviocassano.lavocedelpaese.info\/#\/schema\/person\/df195bc79a9b4c35127cf005f92e041b"},"headline":"ELENA GENTILE, OVVERO: IL PIU\u2019 BEL COMIZIO DEGLI ULTIMI ANNI!","datePublished":"2009-05-29T18:28:28+00:00","mainEntityOfPage":{"@id":"https:\/\/archiviocassano.lavocedelpaese.info\/index.php\/2009\/05\/29\/elena-gentile-ovvero-il-piu-bel-comizio-degli-ultimi-anni\/"},"wordCount":1386,"commentCount":0,"publisher":{"@id":"https:\/\/archiviocassano.lavocedelpaese.info\/#organization"},"articleSection":["Politica"],"inLanguage":"it-IT","potentialAction":[{"@type":"CommentAction","name":"Comment","target":["https:\/\/archiviocassano.lavocedelpaese.info\/index.php\/2009\/05\/29\/elena-gentile-ovvero-il-piu-bel-comizio-degli-ultimi-anni\/#respond"]}]},{"@type":"WebPage","@id":"https:\/\/archiviocassano.lavocedelpaese.info\/index.php\/2009\/05\/29\/elena-gentile-ovvero-il-piu-bel-comizio-degli-ultimi-anni\/","url":"https:\/\/archiviocassano.lavocedelpaese.info\/index.php\/2009\/05\/29\/elena-gentile-ovvero-il-piu-bel-comizio-degli-ultimi-anni\/","name":"ELENA GENTILE, OVVERO: IL PIU\u2019 BEL COMIZIO DEGLI ULTIMI ANNI! - Archivio CassanoWeb","isPartOf":{"@id":"https:\/\/archiviocassano.lavocedelpaese.info\/#website"},"datePublished":"2009-05-29T18:28:28+00:00","breadcrumb":{"@id":"https:\/\/archiviocassano.lavocedelpaese.info\/index.php\/2009\/05\/29\/elena-gentile-ovvero-il-piu-bel-comizio-degli-ultimi-anni\/#breadcrumb"},"inLanguage":"it-IT","potentialAction":[{"@type":"ReadAction","target":["https:\/\/archiviocassano.lavocedelpaese.info\/index.php\/2009\/05\/29\/elena-gentile-ovvero-il-piu-bel-comizio-degli-ultimi-anni\/"]}]},{"@type":"BreadcrumbList","@id":"https:\/\/archiviocassano.lavocedelpaese.info\/index.php\/2009\/05\/29\/elena-gentile-ovvero-il-piu-bel-comizio-degli-ultimi-anni\/#breadcrumb","itemListElement":[{"@type":"ListItem","position":1,"name":"Home","item":"https:\/\/archiviocassano.lavocedelpaese.info\/"},{"@type":"ListItem","position":2,"name":"ELENA GENTILE, OVVERO: IL PIU\u2019 BEL COMIZIO DEGLI ULTIMI ANNI!"}]},{"@type":"WebSite","@id":"https:\/\/archiviocassano.lavocedelpaese.info\/#website","url":"https:\/\/archiviocassano.lavocedelpaese.info\/","name":"Archivio CassanoWeb","description":"La Voce del Paese - un network di idee","publisher":{"@id":"https:\/\/archiviocassano.lavocedelpaese.info\/#organization"},"potentialAction":[{"@type":"SearchAction","target":{"@type":"EntryPoint","urlTemplate":"https:\/\/archiviocassano.lavocedelpaese.info\/?s={search_term_string}"},"query-input":{"@type":"PropertyValueSpecification","valueRequired":true,"valueName":"search_term_string"}}],"inLanguage":"it-IT"},{"@type":"Organization","@id":"https:\/\/archiviocassano.lavocedelpaese.info\/#organization","name":"Archivio CassanoWeb","url":"https:\/\/archiviocassano.lavocedelpaese.info\/","logo":{"@type":"ImageObject","inLanguage":"it-IT","@id":"https:\/\/archiviocassano.lavocedelpaese.info\/#\/schema\/logo\/image\/","url":"https:\/\/archiviocassano.lavocedelpaese.info\/wp-content\/uploads\/2024\/08\/logo-rosso-2.png","contentUrl":"https:\/\/archiviocassano.lavocedelpaese.info\/wp-content\/uploads\/2024\/08\/logo-rosso-2.png","width":491,"height":432,"caption":"Archivio CassanoWeb"},"image":{"@id":"https:\/\/archiviocassano.lavocedelpaese.info\/#\/schema\/logo\/image\/"},"sameAs":["https:\/\/www.facebook.com\/redazione.cassanoweb"]},{"@type":"Person","@id":"https:\/\/archiviocassano.lavocedelpaese.info\/#\/schema\/person\/df195bc79a9b4c35127cf005f92e041b","name":"admin","image":{"@type":"ImageObject","inLanguage":"it-IT","@id":"https:\/\/secure.gravatar.com\/avatar\/eabba89a432e8eaa1b0207cc55f7e5340b22712b1ed80677efcf63e02ff5b235?s=96&d=mm&r=g","url":"https:\/\/secure.gravatar.com\/avatar\/eabba89a432e8eaa1b0207cc55f7e5340b22712b1ed80677efcf63e02ff5b235?s=96&d=mm&r=g","contentUrl":"https:\/\/secure.gravatar.com\/avatar\/eabba89a432e8eaa1b0207cc55f7e5340b22712b1ed80677efcf63e02ff5b235?s=96&d=mm&r=g","caption":"admin"},"sameAs":["https:\/\/archiviocassano.lavocedelpaese.info"],"url":"https:\/\/archiviocassano.lavocedelpaese.info\/index.php\/author\/admin_0qgz1xdp\/"}]}},"_links":{"self":[{"href":"https:\/\/archiviocassano.lavocedelpaese.info\/index.php\/wp-json\/wp\/v2\/posts\/3058","targetHints":{"allow":["GET"]}}],"collection":[{"href":"https:\/\/archiviocassano.lavocedelpaese.info\/index.php\/wp-json\/wp\/v2\/posts"}],"about":[{"href":"https:\/\/archiviocassano.lavocedelpaese.info\/index.php\/wp-json\/wp\/v2\/types\/post"}],"author":[{"embeddable":true,"href":"https:\/\/archiviocassano.lavocedelpaese.info\/index.php\/wp-json\/wp\/v2\/users\/1"}],"replies":[{"embeddable":true,"href":"https:\/\/archiviocassano.lavocedelpaese.info\/index.php\/wp-json\/wp\/v2\/comments?post=3058"}],"version-history":[{"count":0,"href":"https:\/\/archiviocassano.lavocedelpaese.info\/index.php\/wp-json\/wp\/v2\/posts\/3058\/revisions"}],"wp:attachment":[{"href":"https:\/\/archiviocassano.lavocedelpaese.info\/index.php\/wp-json\/wp\/v2\/media?parent=3058"}],"wp:term":[{"taxonomy":"category","embeddable":true,"href":"https:\/\/archiviocassano.lavocedelpaese.info\/index.php\/wp-json\/wp\/v2\/categories?post=3058"},{"taxonomy":"post_tag","embeddable":true,"href":"https:\/\/archiviocassano.lavocedelpaese.info\/index.php\/wp-json\/wp\/v2\/tags?post=3058"}],"curies":[{"name":"wp","href":"https:\/\/api.w.org\/{rel}","templated":true}]}}