{"id":3139,"date":"2009-06-15T16:04:56","date_gmt":"2009-06-15T16:04:56","guid":{"rendered":"https:\/\/archiviocassano.lavocedelpaese.info\/index.php\/2009\/06\/15\/questa-sera-ce-progetta-lincontro-delle-associazioni-con-lassessore-sapienza\/"},"modified":"2009-06-15T16:04:56","modified_gmt":"2009-06-15T16:04:56","slug":"questa-sera-ce-progetta-lincontro-delle-associazioni-con-lassessore-sapienza","status":"publish","type":"post","link":"https:\/\/archiviocassano.lavocedelpaese.info\/index.php\/2009\/06\/15\/questa-sera-ce-progetta-lincontro-delle-associazioni-con-lassessore-sapienza\/","title":{"rendered":"QUESTA SERA C&#8217;E&#8217; \u201cPROGETTA!\u201d: L&#8217;INCONTRO DELLE ASSOCIAZIONI CON L&#8217;ASSESSORE SAPIENZA"},"content":{"rendered":"<p><img loading=\"lazy\" decoding=\"async\" class=\" alignleft size-full wp-image-2719\" src=\"https:\/\/archiviocassano.lavocedelpaese.info\/wp-content\/uploads\/2009\/03\/pierpaola_sapienza.jpg\" alt=\"pierpaola_sapienza.jpg\" style=\"margin: 5px; width: 300px; float: left; height: 225px\" title=\"pierpaola_sapienza.jpg\" height=\"225\" width=\"300\" \/> <\/p>\n<p><!--more--><\/p>\n<p>\nSi chiama \u201cProgetta!\u201d la prima iniziativa dell\u2019Assessore designato alla Cultura e alla Giovent\u00f9, Pierpaola Sapienza, che gioved\u00ec ricever\u00e0 la piena delega da parte del sindaco Maria Pia Di Medio.\n<\/p>\n<p>\nL\u2019idea \u00e8 mettere assieme associazioni, gruppi ma anche singole personalit\u00e0 che si occupano nel nostro paese di cultura e tempo libero per \u201cprogettare\u201d e programmare interventi sul territorio che siano il pi\u00f9 possibile \u201cin rete\u201d ovvero concordati fra di loro e con l\u2019ente comunale che potr\u00e0 cos\u00ec mettere a disposizione risorse e strumenti.\n<\/p>\n<p>\n\u201cMa \u201cProgetta!\u201d \u2013 spiega l\u2019Assessore Sapienza in una nota &#8211; vuole essere molto di pi\u00f9: vuole essere una sorta di laboratorio per l\u2019autopromozione dei gruppi\u00a0 artistico-culturali che, con il contributo del Comune, renda possibile operare da protagonisti del proprio tempo, comunicare e fare cultura attraverso l&#8217;aggregazione, la creativit\u00e0 e la ricerca dell&#8217;uso pi\u00f9 idoneo degli spazi cittadini; vuole realizzare una capillare attivit\u00e0 di formazione e di orientamento sui Programmi e sulle possibilit\u00e0 di finanziamento possibili , promossi\u00a0 e attingibili ad ogni\u00a0 livello (Comune, Provincia, Regione, Europa)\u201d.\n<\/p>\n<p>\n<strong>L\u2019incontro \u00e8 stato programmato per venerd\u00ec 26 giugno alle ore 18.00 presso la Biblioteca Comunale<\/strong> e vi prender\u00e0 parte, oltre che all\u2019Assessore designato, anche il Sindaco Maria Pia Di Medio.\n<\/p>\n<p>\nPer maggiori informazioni:\u00a0 Ufficio Informagiovani \u2013 Via Miani &#8211;\u00a0 Tel. 080\/3072339<br \/>\ne-mail: <a href=\"mailto:utenticomune@libero.it\">utenticomune@libero.it<\/a><\/p>\n","protected":false},"excerpt":{"rendered":"","protected":false},"author":1,"featured_media":2719,"comment_status":"open","ping_status":"closed","sticky":false,"template":"","format":"standard","meta":{"colormag_page_container_layout":"default_layout","colormag_page_sidebar_layout":"default_layout","footnotes":""},"categories":[7],"tags":[],"class_list":["post-3139","post","type-post","status-publish","format-standard","has-post-thumbnail","hentry","category-attualita"],"yoast_head":"<!-- This site is optimized with the Yoast SEO plugin v27.5 - https:\/\/yoast.com\/product\/yoast-seo-wordpress\/ -->\n<title>QUESTA SERA C&#039;E&#039; \u201cPROGETTA!\u201d: L&#039;INCONTRO DELLE ASSOCIAZIONI CON L&#039;ASSESSORE SAPIENZA - Archivio CassanoWeb<\/title>\n<meta name=\"robots\" content=\"index, follow, max-snippet:-1, max-image-preview:large, max-video-preview:-1\" \/>\n<link rel=\"canonical\" href=\"https:\/\/archiviocassano.lavocedelpaese.info\/index.php\/2009\/06\/15\/questa-sera-ce-progetta-lincontro-delle-associazioni-con-lassessore-sapienza\/\" \/>\n<meta property=\"og:locale\" content=\"it_IT\" \/>\n<meta property=\"og:type\" content=\"article\" \/>\n<meta property=\"og:title\" content=\"QUESTA SERA C&#039;E&#039; \u201cPROGETTA!\u201d: L&#039;INCONTRO DELLE ASSOCIAZIONI CON L&#039;ASSESSORE SAPIENZA - Archivio CassanoWeb\" \/>\n<meta property=\"og:url\" content=\"https:\/\/archiviocassano.lavocedelpaese.info\/index.php\/2009\/06\/15\/questa-sera-ce-progetta-lincontro-delle-associazioni-con-lassessore-sapienza\/\" \/>\n<meta property=\"og:site_name\" content=\"Archivio CassanoWeb\" \/>\n<meta property=\"article:publisher\" content=\"https:\/\/www.facebook.com\/redazione.cassanoweb\" \/>\n<meta property=\"article:published_time\" content=\"2009-06-15T16:04:56+00:00\" \/>\n<meta property=\"og:image\" content=\"https:\/\/archiviocassano.lavocedelpaese.info\/wp-content\/uploads\/2009\/03\/pierpaola_sapienza.jpg\" \/>\n\t<meta property=\"og:image:width\" content=\"320\" \/>\n\t<meta property=\"og:image:height\" content=\"150\" \/>\n\t<meta property=\"og:image:type\" content=\"image\/jpeg\" \/>\n<meta name=\"author\" content=\"admin\" \/>\n<meta name=\"twitter:card\" content=\"summary_large_image\" \/>\n<meta name=\"twitter:label1\" content=\"Scritto da\" \/>\n\t<meta name=\"twitter:data1\" content=\"admin\" \/>\n\t<meta name=\"twitter:label2\" content=\"Tempo di lettura stimato\" \/>\n\t<meta name=\"twitter:data2\" content=\"1 minuto\" \/>\n<script type=\"application\/ld+json\" class=\"yoast-schema-graph\">{\"@context\":\"https:\\\/\\\/schema.org\",\"@graph\":[{\"@type\":\"Article\",\"@id\":\"https:\\\/\\\/archiviocassano.lavocedelpaese.info\\\/index.php\\\/2009\\\/06\\\/15\\\/questa-sera-ce-progetta-lincontro-delle-associazioni-con-lassessore-sapienza\\\/#article\",\"isPartOf\":{\"@id\":\"https:\\\/\\\/archiviocassano.lavocedelpaese.info\\\/index.php\\\/2009\\\/06\\\/15\\\/questa-sera-ce-progetta-lincontro-delle-associazioni-con-lassessore-sapienza\\\/\"},\"author\":{\"name\":\"admin\",\"@id\":\"https:\\\/\\\/archiviocassano.lavocedelpaese.info\\\/#\\\/schema\\\/person\\\/df195bc79a9b4c35127cf005f92e041b\"},\"headline\":\"QUESTA SERA C&#8217;E&#8217; \u201cPROGETTA!\u201d: L&#8217;INCONTRO DELLE ASSOCIAZIONI CON L&#8217;ASSESSORE SAPIENZA\",\"datePublished\":\"2009-06-15T16:04:56+00:00\",\"mainEntityOfPage\":{\"@id\":\"https:\\\/\\\/archiviocassano.lavocedelpaese.info\\\/index.php\\\/2009\\\/06\\\/15\\\/questa-sera-ce-progetta-lincontro-delle-associazioni-con-lassessore-sapienza\\\/\"},\"wordCount\":227,\"commentCount\":0,\"publisher\":{\"@id\":\"https:\\\/\\\/archiviocassano.lavocedelpaese.info\\\/#organization\"},\"image\":{\"@id\":\"https:\\\/\\\/archiviocassano.lavocedelpaese.info\\\/index.php\\\/2009\\\/06\\\/15\\\/questa-sera-ce-progetta-lincontro-delle-associazioni-con-lassessore-sapienza\\\/#primaryimage\"},\"thumbnailUrl\":\"https:\\\/\\\/archiviocassano.lavocedelpaese.info\\\/wp-content\\\/uploads\\\/2009\\\/03\\\/pierpaola_sapienza.jpg\",\"articleSection\":[\"Attualit\u00e0\"],\"inLanguage\":\"it-IT\",\"potentialAction\":[{\"@type\":\"CommentAction\",\"name\":\"Comment\",\"target\":[\"https:\\\/\\\/archiviocassano.lavocedelpaese.info\\\/index.php\\\/2009\\\/06\\\/15\\\/questa-sera-ce-progetta-lincontro-delle-associazioni-con-lassessore-sapienza\\\/#respond\"]}]},{\"@type\":\"WebPage\",\"@id\":\"https:\\\/\\\/archiviocassano.lavocedelpaese.info\\\/index.php\\\/2009\\\/06\\\/15\\\/questa-sera-ce-progetta-lincontro-delle-associazioni-con-lassessore-sapienza\\\/\",\"url\":\"https:\\\/\\\/archiviocassano.lavocedelpaese.info\\\/index.php\\\/2009\\\/06\\\/15\\\/questa-sera-ce-progetta-lincontro-delle-associazioni-con-lassessore-sapienza\\\/\",\"name\":\"QUESTA SERA C'E' \u201cPROGETTA!\u201d: L'INCONTRO DELLE ASSOCIAZIONI CON L'ASSESSORE SAPIENZA - Archivio CassanoWeb\",\"isPartOf\":{\"@id\":\"https:\\\/\\\/archiviocassano.lavocedelpaese.info\\\/#website\"},\"primaryImageOfPage\":{\"@id\":\"https:\\\/\\\/archiviocassano.lavocedelpaese.info\\\/index.php\\\/2009\\\/06\\\/15\\\/questa-sera-ce-progetta-lincontro-delle-associazioni-con-lassessore-sapienza\\\/#primaryimage\"},\"image\":{\"@id\":\"https:\\\/\\\/archiviocassano.lavocedelpaese.info\\\/index.php\\\/2009\\\/06\\\/15\\\/questa-sera-ce-progetta-lincontro-delle-associazioni-con-lassessore-sapienza\\\/#primaryimage\"},\"thumbnailUrl\":\"https:\\\/\\\/archiviocassano.lavocedelpaese.info\\\/wp-content\\\/uploads\\\/2009\\\/03\\\/pierpaola_sapienza.jpg\",\"datePublished\":\"2009-06-15T16:04:56+00:00\",\"breadcrumb\":{\"@id\":\"https:\\\/\\\/archiviocassano.lavocedelpaese.info\\\/index.php\\\/2009\\\/06\\\/15\\\/questa-sera-ce-progetta-lincontro-delle-associazioni-con-lassessore-sapienza\\\/#breadcrumb\"},\"inLanguage\":\"it-IT\",\"potentialAction\":[{\"@type\":\"ReadAction\",\"target\":[\"https:\\\/\\\/archiviocassano.lavocedelpaese.info\\\/index.php\\\/2009\\\/06\\\/15\\\/questa-sera-ce-progetta-lincontro-delle-associazioni-con-lassessore-sapienza\\\/\"]}]},{\"@type\":\"ImageObject\",\"inLanguage\":\"it-IT\",\"@id\":\"https:\\\/\\\/archiviocassano.lavocedelpaese.info\\\/index.php\\\/2009\\\/06\\\/15\\\/questa-sera-ce-progetta-lincontro-delle-associazioni-con-lassessore-sapienza\\\/#primaryimage\",\"url\":\"https:\\\/\\\/archiviocassano.lavocedelpaese.info\\\/wp-content\\\/uploads\\\/2009\\\/03\\\/pierpaola_sapienza.jpg\",\"contentUrl\":\"https:\\\/\\\/archiviocassano.lavocedelpaese.info\\\/wp-content\\\/uploads\\\/2009\\\/03\\\/pierpaola_sapienza.jpg\",\"width\":320,\"height\":150,\"caption\":\"pierpaola_sapienza.jpg\"},{\"@type\":\"BreadcrumbList\",\"@id\":\"https:\\\/\\\/archiviocassano.lavocedelpaese.info\\\/index.php\\\/2009\\\/06\\\/15\\\/questa-sera-ce-progetta-lincontro-delle-associazioni-con-lassessore-sapienza\\\/#breadcrumb\",\"itemListElement\":[{\"@type\":\"ListItem\",\"position\":1,\"name\":\"Home\",\"item\":\"https:\\\/\\\/archiviocassano.lavocedelpaese.info\\\/\"},{\"@type\":\"ListItem\",\"position\":2,\"name\":\"QUESTA SERA C&#8217;E&#8217; \u201cPROGETTA!\u201d: L&#8217;INCONTRO DELLE ASSOCIAZIONI CON L&#8217;ASSESSORE SAPIENZA\"}]},{\"@type\":\"WebSite\",\"@id\":\"https:\\\/\\\/archiviocassano.lavocedelpaese.info\\\/#website\",\"url\":\"https:\\\/\\\/archiviocassano.lavocedelpaese.info\\\/\",\"name\":\"Archivio CassanoWeb\",\"description\":\"La Voce del Paese - un network di idee\",\"publisher\":{\"@id\":\"https:\\\/\\\/archiviocassano.lavocedelpaese.info\\\/#organization\"},\"potentialAction\":[{\"@type\":\"SearchAction\",\"target\":{\"@type\":\"EntryPoint\",\"urlTemplate\":\"https:\\\/\\\/archiviocassano.lavocedelpaese.info\\\/?s={search_term_string}\"},\"query-input\":{\"@type\":\"PropertyValueSpecification\",\"valueRequired\":true,\"valueName\":\"search_term_string\"}}],\"inLanguage\":\"it-IT\"},{\"@type\":\"Organization\",\"@id\":\"https:\\\/\\\/archiviocassano.lavocedelpaese.info\\\/#organization\",\"name\":\"Archivio CassanoWeb\",\"url\":\"https:\\\/\\\/archiviocassano.lavocedelpaese.info\\\/\",\"logo\":{\"@type\":\"ImageObject\",\"inLanguage\":\"it-IT\",\"@id\":\"https:\\\/\\\/archiviocassano.lavocedelpaese.info\\\/#\\\/schema\\\/logo\\\/image\\\/\",\"url\":\"https:\\\/\\\/archiviocassano.lavocedelpaese.info\\\/wp-content\\\/uploads\\\/2024\\\/08\\\/logo-rosso-2.png\",\"contentUrl\":\"https:\\\/\\\/archiviocassano.lavocedelpaese.info\\\/wp-content\\\/uploads\\\/2024\\\/08\\\/logo-rosso-2.png\",\"width\":491,\"height\":432,\"caption\":\"Archivio CassanoWeb\"},\"image\":{\"@id\":\"https:\\\/\\\/archiviocassano.lavocedelpaese.info\\\/#\\\/schema\\\/logo\\\/image\\\/\"},\"sameAs\":[\"https:\\\/\\\/www.facebook.com\\\/redazione.cassanoweb\"]},{\"@type\":\"Person\",\"@id\":\"https:\\\/\\\/archiviocassano.lavocedelpaese.info\\\/#\\\/schema\\\/person\\\/df195bc79a9b4c35127cf005f92e041b\",\"name\":\"admin\",\"image\":{\"@type\":\"ImageObject\",\"inLanguage\":\"it-IT\",\"@id\":\"https:\\\/\\\/secure.gravatar.com\\\/avatar\\\/eabba89a432e8eaa1b0207cc55f7e5340b22712b1ed80677efcf63e02ff5b235?s=96&d=mm&r=g\",\"url\":\"https:\\\/\\\/secure.gravatar.com\\\/avatar\\\/eabba89a432e8eaa1b0207cc55f7e5340b22712b1ed80677efcf63e02ff5b235?s=96&d=mm&r=g\",\"contentUrl\":\"https:\\\/\\\/secure.gravatar.com\\\/avatar\\\/eabba89a432e8eaa1b0207cc55f7e5340b22712b1ed80677efcf63e02ff5b235?s=96&d=mm&r=g\",\"caption\":\"admin\"},\"sameAs\":[\"https:\\\/\\\/archiviocassano.lavocedelpaese.info\"],\"url\":\"https:\\\/\\\/archiviocassano.lavocedelpaese.info\\\/index.php\\\/author\\\/admin_0qgz1xdp\\\/\"}]}<\/script>\n<!-- \/ Yoast SEO plugin. -->","yoast_head_json":{"title":"QUESTA SERA C'E' \u201cPROGETTA!\u201d: L'INCONTRO DELLE ASSOCIAZIONI CON L'ASSESSORE SAPIENZA - Archivio CassanoWeb","robots":{"index":"index","follow":"follow","max-snippet":"max-snippet:-1","max-image-preview":"max-image-preview:large","max-video-preview":"max-video-preview:-1"},"canonical":"https:\/\/archiviocassano.lavocedelpaese.info\/index.php\/2009\/06\/15\/questa-sera-ce-progetta-lincontro-delle-associazioni-con-lassessore-sapienza\/","og_locale":"it_IT","og_type":"article","og_title":"QUESTA SERA C'E' \u201cPROGETTA!\u201d: L'INCONTRO DELLE ASSOCIAZIONI CON L'ASSESSORE SAPIENZA - Archivio CassanoWeb","og_url":"https:\/\/archiviocassano.lavocedelpaese.info\/index.php\/2009\/06\/15\/questa-sera-ce-progetta-lincontro-delle-associazioni-con-lassessore-sapienza\/","og_site_name":"Archivio CassanoWeb","article_publisher":"https:\/\/www.facebook.com\/redazione.cassanoweb","article_published_time":"2009-06-15T16:04:56+00:00","og_image":[{"width":320,"height":150,"url":"https:\/\/archiviocassano.lavocedelpaese.info\/wp-content\/uploads\/2009\/03\/pierpaola_sapienza.jpg","type":"image\/jpeg"}],"author":"admin","twitter_card":"summary_large_image","twitter_misc":{"Scritto da":"admin","Tempo di lettura stimato":"1 minuto"},"schema":{"@context":"https:\/\/schema.org","@graph":[{"@type":"Article","@id":"https:\/\/archiviocassano.lavocedelpaese.info\/index.php\/2009\/06\/15\/questa-sera-ce-progetta-lincontro-delle-associazioni-con-lassessore-sapienza\/#article","isPartOf":{"@id":"https:\/\/archiviocassano.lavocedelpaese.info\/index.php\/2009\/06\/15\/questa-sera-ce-progetta-lincontro-delle-associazioni-con-lassessore-sapienza\/"},"author":{"name":"admin","@id":"https:\/\/archiviocassano.lavocedelpaese.info\/#\/schema\/person\/df195bc79a9b4c35127cf005f92e041b"},"headline":"QUESTA SERA C&#8217;E&#8217; \u201cPROGETTA!\u201d: L&#8217;INCONTRO DELLE ASSOCIAZIONI CON L&#8217;ASSESSORE SAPIENZA","datePublished":"2009-06-15T16:04:56+00:00","mainEntityOfPage":{"@id":"https:\/\/archiviocassano.lavocedelpaese.info\/index.php\/2009\/06\/15\/questa-sera-ce-progetta-lincontro-delle-associazioni-con-lassessore-sapienza\/"},"wordCount":227,"commentCount":0,"publisher":{"@id":"https:\/\/archiviocassano.lavocedelpaese.info\/#organization"},"image":{"@id":"https:\/\/archiviocassano.lavocedelpaese.info\/index.php\/2009\/06\/15\/questa-sera-ce-progetta-lincontro-delle-associazioni-con-lassessore-sapienza\/#primaryimage"},"thumbnailUrl":"https:\/\/archiviocassano.lavocedelpaese.info\/wp-content\/uploads\/2009\/03\/pierpaola_sapienza.jpg","articleSection":["Attualit\u00e0"],"inLanguage":"it-IT","potentialAction":[{"@type":"CommentAction","name":"Comment","target":["https:\/\/archiviocassano.lavocedelpaese.info\/index.php\/2009\/06\/15\/questa-sera-ce-progetta-lincontro-delle-associazioni-con-lassessore-sapienza\/#respond"]}]},{"@type":"WebPage","@id":"https:\/\/archiviocassano.lavocedelpaese.info\/index.php\/2009\/06\/15\/questa-sera-ce-progetta-lincontro-delle-associazioni-con-lassessore-sapienza\/","url":"https:\/\/archiviocassano.lavocedelpaese.info\/index.php\/2009\/06\/15\/questa-sera-ce-progetta-lincontro-delle-associazioni-con-lassessore-sapienza\/","name":"QUESTA SERA C'E' \u201cPROGETTA!\u201d: L'INCONTRO DELLE ASSOCIAZIONI CON L'ASSESSORE SAPIENZA - Archivio CassanoWeb","isPartOf":{"@id":"https:\/\/archiviocassano.lavocedelpaese.info\/#website"},"primaryImageOfPage":{"@id":"https:\/\/archiviocassano.lavocedelpaese.info\/index.php\/2009\/06\/15\/questa-sera-ce-progetta-lincontro-delle-associazioni-con-lassessore-sapienza\/#primaryimage"},"image":{"@id":"https:\/\/archiviocassano.lavocedelpaese.info\/index.php\/2009\/06\/15\/questa-sera-ce-progetta-lincontro-delle-associazioni-con-lassessore-sapienza\/#primaryimage"},"thumbnailUrl":"https:\/\/archiviocassano.lavocedelpaese.info\/wp-content\/uploads\/2009\/03\/pierpaola_sapienza.jpg","datePublished":"2009-06-15T16:04:56+00:00","breadcrumb":{"@id":"https:\/\/archiviocassano.lavocedelpaese.info\/index.php\/2009\/06\/15\/questa-sera-ce-progetta-lincontro-delle-associazioni-con-lassessore-sapienza\/#breadcrumb"},"inLanguage":"it-IT","potentialAction":[{"@type":"ReadAction","target":["https:\/\/archiviocassano.lavocedelpaese.info\/index.php\/2009\/06\/15\/questa-sera-ce-progetta-lincontro-delle-associazioni-con-lassessore-sapienza\/"]}]},{"@type":"ImageObject","inLanguage":"it-IT","@id":"https:\/\/archiviocassano.lavocedelpaese.info\/index.php\/2009\/06\/15\/questa-sera-ce-progetta-lincontro-delle-associazioni-con-lassessore-sapienza\/#primaryimage","url":"https:\/\/archiviocassano.lavocedelpaese.info\/wp-content\/uploads\/2009\/03\/pierpaola_sapienza.jpg","contentUrl":"https:\/\/archiviocassano.lavocedelpaese.info\/wp-content\/uploads\/2009\/03\/pierpaola_sapienza.jpg","width":320,"height":150,"caption":"pierpaola_sapienza.jpg"},{"@type":"BreadcrumbList","@id":"https:\/\/archiviocassano.lavocedelpaese.info\/index.php\/2009\/06\/15\/questa-sera-ce-progetta-lincontro-delle-associazioni-con-lassessore-sapienza\/#breadcrumb","itemListElement":[{"@type":"ListItem","position":1,"name":"Home","item":"https:\/\/archiviocassano.lavocedelpaese.info\/"},{"@type":"ListItem","position":2,"name":"QUESTA SERA C&#8217;E&#8217; \u201cPROGETTA!\u201d: L&#8217;INCONTRO DELLE ASSOCIAZIONI CON L&#8217;ASSESSORE SAPIENZA"}]},{"@type":"WebSite","@id":"https:\/\/archiviocassano.lavocedelpaese.info\/#website","url":"https:\/\/archiviocassano.lavocedelpaese.info\/","name":"Archivio CassanoWeb","description":"La Voce del Paese - un network di idee","publisher":{"@id":"https:\/\/archiviocassano.lavocedelpaese.info\/#organization"},"potentialAction":[{"@type":"SearchAction","target":{"@type":"EntryPoint","urlTemplate":"https:\/\/archiviocassano.lavocedelpaese.info\/?s={search_term_string}"},"query-input":{"@type":"PropertyValueSpecification","valueRequired":true,"valueName":"search_term_string"}}],"inLanguage":"it-IT"},{"@type":"Organization","@id":"https:\/\/archiviocassano.lavocedelpaese.info\/#organization","name":"Archivio CassanoWeb","url":"https:\/\/archiviocassano.lavocedelpaese.info\/","logo":{"@type":"ImageObject","inLanguage":"it-IT","@id":"https:\/\/archiviocassano.lavocedelpaese.info\/#\/schema\/logo\/image\/","url":"https:\/\/archiviocassano.lavocedelpaese.info\/wp-content\/uploads\/2024\/08\/logo-rosso-2.png","contentUrl":"https:\/\/archiviocassano.lavocedelpaese.info\/wp-content\/uploads\/2024\/08\/logo-rosso-2.png","width":491,"height":432,"caption":"Archivio CassanoWeb"},"image":{"@id":"https:\/\/archiviocassano.lavocedelpaese.info\/#\/schema\/logo\/image\/"},"sameAs":["https:\/\/www.facebook.com\/redazione.cassanoweb"]},{"@type":"Person","@id":"https:\/\/archiviocassano.lavocedelpaese.info\/#\/schema\/person\/df195bc79a9b4c35127cf005f92e041b","name":"admin","image":{"@type":"ImageObject","inLanguage":"it-IT","@id":"https:\/\/secure.gravatar.com\/avatar\/eabba89a432e8eaa1b0207cc55f7e5340b22712b1ed80677efcf63e02ff5b235?s=96&d=mm&r=g","url":"https:\/\/secure.gravatar.com\/avatar\/eabba89a432e8eaa1b0207cc55f7e5340b22712b1ed80677efcf63e02ff5b235?s=96&d=mm&r=g","contentUrl":"https:\/\/secure.gravatar.com\/avatar\/eabba89a432e8eaa1b0207cc55f7e5340b22712b1ed80677efcf63e02ff5b235?s=96&d=mm&r=g","caption":"admin"},"sameAs":["https:\/\/archiviocassano.lavocedelpaese.info"],"url":"https:\/\/archiviocassano.lavocedelpaese.info\/index.php\/author\/admin_0qgz1xdp\/"}]}},"_links":{"self":[{"href":"https:\/\/archiviocassano.lavocedelpaese.info\/index.php\/wp-json\/wp\/v2\/posts\/3139","targetHints":{"allow":["GET"]}}],"collection":[{"href":"https:\/\/archiviocassano.lavocedelpaese.info\/index.php\/wp-json\/wp\/v2\/posts"}],"about":[{"href":"https:\/\/archiviocassano.lavocedelpaese.info\/index.php\/wp-json\/wp\/v2\/types\/post"}],"author":[{"embeddable":true,"href":"https:\/\/archiviocassano.lavocedelpaese.info\/index.php\/wp-json\/wp\/v2\/users\/1"}],"replies":[{"embeddable":true,"href":"https:\/\/archiviocassano.lavocedelpaese.info\/index.php\/wp-json\/wp\/v2\/comments?post=3139"}],"version-history":[{"count":0,"href":"https:\/\/archiviocassano.lavocedelpaese.info\/index.php\/wp-json\/wp\/v2\/posts\/3139\/revisions"}],"wp:featuredmedia":[{"embeddable":true,"href":"https:\/\/archiviocassano.lavocedelpaese.info\/index.php\/wp-json\/wp\/v2\/media\/2719"}],"wp:attachment":[{"href":"https:\/\/archiviocassano.lavocedelpaese.info\/index.php\/wp-json\/wp\/v2\/media?parent=3139"}],"wp:term":[{"taxonomy":"category","embeddable":true,"href":"https:\/\/archiviocassano.lavocedelpaese.info\/index.php\/wp-json\/wp\/v2\/categories?post=3139"},{"taxonomy":"post_tag","embeddable":true,"href":"https:\/\/archiviocassano.lavocedelpaese.info\/index.php\/wp-json\/wp\/v2\/tags?post=3139"}],"curies":[{"name":"wp","href":"https:\/\/api.w.org\/{rel}","templated":true}]}}