{"id":3140,"date":"2009-06-16T08:27:23","date_gmt":"2009-06-16T08:27:23","guid":{"rendered":"https:\/\/archiviocassano.lavocedelpaese.info\/index.php\/2009\/06\/16\/sinistra-e-liberta-facciamo-politica-o-la-faranno-gli-altri\/"},"modified":"2009-06-16T08:27:23","modified_gmt":"2009-06-16T08:27:23","slug":"sinistra-e-liberta-facciamo-politica-o-la-faranno-gli-altri","status":"publish","type":"post","link":"https:\/\/archiviocassano.lavocedelpaese.info\/index.php\/2009\/06\/16\/sinistra-e-liberta-facciamo-politica-o-la-faranno-gli-altri\/","title":{"rendered":"SINISTRA E LIBERTA:  FACCIAMO POLITICA O LA FARANNO GLI ALTRI"},"content":{"rendered":"<p><span style=\"font-family: Verdana; font-size: 10pt\"><o:p>Il coordinamento locale di Sinistra e Libert\u00e0 invia un sentito ringraziamento agli elettori della lista ViviCassano ed a tutti componenti della lista che hanno supportato il dott. Arganese.<br \/>\nIn particolar modo vogliamo ringraziare quei 54 elettori che hanno dato fiducia al nostro coordinatore locale, Gianni Spina. Noi tutti, con Gianni, avremo cura di queste voti perch\u00e9 saranno la semina nel terreno fertile della sinistra di Cassano, la cui cifra \u00e8 misurabile nelle 596 preferenza date al nuovo progetto politico Sinistra e Libert\u00e0, pari al 7.5% dato locale cassanese per le elezioni europee.<\/o:p><\/span><span style=\"font-family: Verdana; font-size: 10pt\"><o:p> <\/p>\n<p style=\"text-align: justify; margin: 0cm 0cm 0pt\" class=\"MsoNormal\">\n<br \/>\nVogliamo da subito continuare da subito ad essere voce critica e propositiva in questa comunit\u00e0 murgiana, abbiamo gi\u00e0 iniziato a farlo in questo paese da circa un anno. In questi pochi mesi abbiamo provato a rappresentare la voglia di una nuova sinistra manifestando il nostro interesse rispetto alle tematiche locali come nei casi dell&#8217;incendio dell&#8217;agosto del 2008; quando se ne discuteva, abbiamo espresso proposte in merito alla vicenda Garden Village; abbiamo noi proposto l&#8217;introduzione del Bilancio partecipativo nello statuto comunale. Abbiamo fatto tutto questo in pochi mesi e con poche risorse. In vista delle elezioni abbiamo anche tentato di trovare l&#8217;alchimia giusta per riunire le tante sinistre diffuse in questa citt\u00e0, ma abbiamo trovato di fronte una rete di posizioni ancora troppo rigide nella quale abbiamo preferito non restare impigliati dentro.\n<\/p>\n<p style=\"text-align: justify; margin: 0cm 0cm 0pt\" class=\"MsoNormal\">\n<br \/>\nOra, nella nostra agenda vogliamo inserire presto tante iniziative e vogliamo farlo con i cittadini cassanesi, perch\u00e9 senza la loro partecipazione questo non avrebbe senso. Noi vogliamo aprire subito questo cantiere della sinistra riprendendo la nostra attivit\u00e0 politica sul territorio sostenendo e partecipando allo sciopero dei lavoratori della Natuzzi, che ricordiamo essere domani, 16 giugno, in tutti gli stabilimenti del gruppo.\n<\/p>\n<p style=\"text-align: justify; margin: 0cm 0cm 0pt\" class=\"MsoNormal\">\n<br \/>\nIn particolar modo vogliamo fare un appello ai ragazzi riprendendo le parole di Enrico Berlinguer che diceva: <em>&quot;La prima, essenziale, semplice verit\u00e0 che va ricordata a tutti i giovani \u00e8 che se la politica non la faranno loro, essa rimarr\u00e0 appannaggio degli altri, mentre sono loro, i giovani, i quali hanno l&#8217;interesse fondamentale a costruire il proprio futuro e innanzitutto a garantire che un futuro vi sia&quot;. &quot;Se i giovani si organizzano, si impadroniscono di ogni ramo del sapere e lottano con i lavoratori e gli oppressi, non c&#8217;\u00e8 scampo per un vecchio ordine fondato sul privilegio e sull&#8217;ingiustizia&quot;.<\/em>\n<\/p>\n<p style=\"text-align: justify; margin: 0cm 0cm 0pt\" class=\"MsoNormal\">\n<em><br \/>\n<\/em>Infine alla dott.ssa Di Medio, quale neo Sindaco di Cassano, rivolgiamo l&#8217;augurio di buon lavoro e, inoltre, le rivolgiamo l&#8217;invito ad agire nel rispetto del bene comune, a comporre una giunta degna del compito che i cittadini le hanno conferito, ed a non dimenticare che la partecipazione \u00e8 il sale della democrazia. Noi ci saremo.\n<\/p>\n<p><\/o:p><\/span><\/p>\n","protected":false},"excerpt":{"rendered":"<p>Il coordinamento locale di Sinistra e Libert\u00e0 invia un sentito ringraziamento agli elettori della lista ViviCassano ed a tutti componenti<\/p>\n","protected":false},"author":1,"featured_media":0,"comment_status":"open","ping_status":"closed","sticky":false,"template":"","format":"standard","meta":{"colormag_page_container_layout":"default_layout","colormag_page_sidebar_layout":"default_layout","footnotes":""},"categories":[9],"tags":[],"class_list":["post-3140","post","type-post","status-publish","format-standard","hentry","category-la-voce-del-paese"],"yoast_head":"<!-- This site is optimized with the Yoast SEO plugin v27.5 - https:\/\/yoast.com\/product\/yoast-seo-wordpress\/ -->\n<title>SINISTRA E LIBERTA: FACCIAMO POLITICA O LA FARANNO GLI ALTRI - Archivio CassanoWeb<\/title>\n<meta name=\"robots\" content=\"index, follow, max-snippet:-1, max-image-preview:large, max-video-preview:-1\" \/>\n<link rel=\"canonical\" href=\"https:\/\/archiviocassano.lavocedelpaese.info\/index.php\/2009\/06\/16\/sinistra-e-liberta-facciamo-politica-o-la-faranno-gli-altri\/\" \/>\n<meta property=\"og:locale\" content=\"it_IT\" \/>\n<meta property=\"og:type\" content=\"article\" \/>\n<meta property=\"og:title\" content=\"SINISTRA E LIBERTA: FACCIAMO POLITICA O LA FARANNO GLI ALTRI - Archivio CassanoWeb\" \/>\n<meta property=\"og:description\" content=\"Il coordinamento locale di Sinistra e Libert\u00e0 invia un sentito ringraziamento agli elettori della lista ViviCassano ed a tutti componenti\" \/>\n<meta property=\"og:url\" content=\"https:\/\/archiviocassano.lavocedelpaese.info\/index.php\/2009\/06\/16\/sinistra-e-liberta-facciamo-politica-o-la-faranno-gli-altri\/\" \/>\n<meta property=\"og:site_name\" content=\"Archivio CassanoWeb\" \/>\n<meta property=\"article:publisher\" content=\"https:\/\/www.facebook.com\/redazione.cassanoweb\" \/>\n<meta property=\"article:published_time\" content=\"2009-06-16T08:27:23+00:00\" \/>\n<meta name=\"author\" content=\"admin\" \/>\n<meta name=\"twitter:card\" content=\"summary_large_image\" \/>\n<meta name=\"twitter:label1\" content=\"Scritto da\" \/>\n\t<meta name=\"twitter:data1\" content=\"admin\" \/>\n\t<meta name=\"twitter:label2\" content=\"Tempo di lettura stimato\" \/>\n\t<meta name=\"twitter:data2\" content=\"2 minuti\" \/>\n<script type=\"application\/ld+json\" class=\"yoast-schema-graph\">{\"@context\":\"https:\\\/\\\/schema.org\",\"@graph\":[{\"@type\":\"Article\",\"@id\":\"https:\\\/\\\/archiviocassano.lavocedelpaese.info\\\/index.php\\\/2009\\\/06\\\/16\\\/sinistra-e-liberta-facciamo-politica-o-la-faranno-gli-altri\\\/#article\",\"isPartOf\":{\"@id\":\"https:\\\/\\\/archiviocassano.lavocedelpaese.info\\\/index.php\\\/2009\\\/06\\\/16\\\/sinistra-e-liberta-facciamo-politica-o-la-faranno-gli-altri\\\/\"},\"author\":{\"name\":\"admin\",\"@id\":\"https:\\\/\\\/archiviocassano.lavocedelpaese.info\\\/#\\\/schema\\\/person\\\/df195bc79a9b4c35127cf005f92e041b\"},\"headline\":\"SINISTRA E LIBERTA: FACCIAMO POLITICA O LA FARANNO GLI ALTRI\",\"datePublished\":\"2009-06-16T08:27:23+00:00\",\"mainEntityOfPage\":{\"@id\":\"https:\\\/\\\/archiviocassano.lavocedelpaese.info\\\/index.php\\\/2009\\\/06\\\/16\\\/sinistra-e-liberta-facciamo-politica-o-la-faranno-gli-altri\\\/\"},\"wordCount\":453,\"commentCount\":0,\"publisher\":{\"@id\":\"https:\\\/\\\/archiviocassano.lavocedelpaese.info\\\/#organization\"},\"articleSection\":[\"La voce del paese\"],\"inLanguage\":\"it-IT\",\"potentialAction\":[{\"@type\":\"CommentAction\",\"name\":\"Comment\",\"target\":[\"https:\\\/\\\/archiviocassano.lavocedelpaese.info\\\/index.php\\\/2009\\\/06\\\/16\\\/sinistra-e-liberta-facciamo-politica-o-la-faranno-gli-altri\\\/#respond\"]}]},{\"@type\":\"WebPage\",\"@id\":\"https:\\\/\\\/archiviocassano.lavocedelpaese.info\\\/index.php\\\/2009\\\/06\\\/16\\\/sinistra-e-liberta-facciamo-politica-o-la-faranno-gli-altri\\\/\",\"url\":\"https:\\\/\\\/archiviocassano.lavocedelpaese.info\\\/index.php\\\/2009\\\/06\\\/16\\\/sinistra-e-liberta-facciamo-politica-o-la-faranno-gli-altri\\\/\",\"name\":\"SINISTRA E LIBERTA: FACCIAMO POLITICA O LA FARANNO GLI ALTRI - Archivio CassanoWeb\",\"isPartOf\":{\"@id\":\"https:\\\/\\\/archiviocassano.lavocedelpaese.info\\\/#website\"},\"datePublished\":\"2009-06-16T08:27:23+00:00\",\"breadcrumb\":{\"@id\":\"https:\\\/\\\/archiviocassano.lavocedelpaese.info\\\/index.php\\\/2009\\\/06\\\/16\\\/sinistra-e-liberta-facciamo-politica-o-la-faranno-gli-altri\\\/#breadcrumb\"},\"inLanguage\":\"it-IT\",\"potentialAction\":[{\"@type\":\"ReadAction\",\"target\":[\"https:\\\/\\\/archiviocassano.lavocedelpaese.info\\\/index.php\\\/2009\\\/06\\\/16\\\/sinistra-e-liberta-facciamo-politica-o-la-faranno-gli-altri\\\/\"]}]},{\"@type\":\"BreadcrumbList\",\"@id\":\"https:\\\/\\\/archiviocassano.lavocedelpaese.info\\\/index.php\\\/2009\\\/06\\\/16\\\/sinistra-e-liberta-facciamo-politica-o-la-faranno-gli-altri\\\/#breadcrumb\",\"itemListElement\":[{\"@type\":\"ListItem\",\"position\":1,\"name\":\"Home\",\"item\":\"https:\\\/\\\/archiviocassano.lavocedelpaese.info\\\/\"},{\"@type\":\"ListItem\",\"position\":2,\"name\":\"SINISTRA E LIBERTA: FACCIAMO POLITICA O LA FARANNO GLI ALTRI\"}]},{\"@type\":\"WebSite\",\"@id\":\"https:\\\/\\\/archiviocassano.lavocedelpaese.info\\\/#website\",\"url\":\"https:\\\/\\\/archiviocassano.lavocedelpaese.info\\\/\",\"name\":\"Archivio CassanoWeb\",\"description\":\"La Voce del Paese - un network di idee\",\"publisher\":{\"@id\":\"https:\\\/\\\/archiviocassano.lavocedelpaese.info\\\/#organization\"},\"potentialAction\":[{\"@type\":\"SearchAction\",\"target\":{\"@type\":\"EntryPoint\",\"urlTemplate\":\"https:\\\/\\\/archiviocassano.lavocedelpaese.info\\\/?s={search_term_string}\"},\"query-input\":{\"@type\":\"PropertyValueSpecification\",\"valueRequired\":true,\"valueName\":\"search_term_string\"}}],\"inLanguage\":\"it-IT\"},{\"@type\":\"Organization\",\"@id\":\"https:\\\/\\\/archiviocassano.lavocedelpaese.info\\\/#organization\",\"name\":\"Archivio CassanoWeb\",\"url\":\"https:\\\/\\\/archiviocassano.lavocedelpaese.info\\\/\",\"logo\":{\"@type\":\"ImageObject\",\"inLanguage\":\"it-IT\",\"@id\":\"https:\\\/\\\/archiviocassano.lavocedelpaese.info\\\/#\\\/schema\\\/logo\\\/image\\\/\",\"url\":\"https:\\\/\\\/archiviocassano.lavocedelpaese.info\\\/wp-content\\\/uploads\\\/2024\\\/08\\\/logo-rosso-2.png\",\"contentUrl\":\"https:\\\/\\\/archiviocassano.lavocedelpaese.info\\\/wp-content\\\/uploads\\\/2024\\\/08\\\/logo-rosso-2.png\",\"width\":491,\"height\":432,\"caption\":\"Archivio CassanoWeb\"},\"image\":{\"@id\":\"https:\\\/\\\/archiviocassano.lavocedelpaese.info\\\/#\\\/schema\\\/logo\\\/image\\\/\"},\"sameAs\":[\"https:\\\/\\\/www.facebook.com\\\/redazione.cassanoweb\"]},{\"@type\":\"Person\",\"@id\":\"https:\\\/\\\/archiviocassano.lavocedelpaese.info\\\/#\\\/schema\\\/person\\\/df195bc79a9b4c35127cf005f92e041b\",\"name\":\"admin\",\"image\":{\"@type\":\"ImageObject\",\"inLanguage\":\"it-IT\",\"@id\":\"https:\\\/\\\/secure.gravatar.com\\\/avatar\\\/eabba89a432e8eaa1b0207cc55f7e5340b22712b1ed80677efcf63e02ff5b235?s=96&d=mm&r=g\",\"url\":\"https:\\\/\\\/secure.gravatar.com\\\/avatar\\\/eabba89a432e8eaa1b0207cc55f7e5340b22712b1ed80677efcf63e02ff5b235?s=96&d=mm&r=g\",\"contentUrl\":\"https:\\\/\\\/secure.gravatar.com\\\/avatar\\\/eabba89a432e8eaa1b0207cc55f7e5340b22712b1ed80677efcf63e02ff5b235?s=96&d=mm&r=g\",\"caption\":\"admin\"},\"sameAs\":[\"https:\\\/\\\/archiviocassano.lavocedelpaese.info\"],\"url\":\"https:\\\/\\\/archiviocassano.lavocedelpaese.info\\\/index.php\\\/author\\\/admin_0qgz1xdp\\\/\"}]}<\/script>\n<!-- \/ Yoast SEO plugin. -->","yoast_head_json":{"title":"SINISTRA E LIBERTA: FACCIAMO POLITICA O LA FARANNO GLI ALTRI - Archivio CassanoWeb","robots":{"index":"index","follow":"follow","max-snippet":"max-snippet:-1","max-image-preview":"max-image-preview:large","max-video-preview":"max-video-preview:-1"},"canonical":"https:\/\/archiviocassano.lavocedelpaese.info\/index.php\/2009\/06\/16\/sinistra-e-liberta-facciamo-politica-o-la-faranno-gli-altri\/","og_locale":"it_IT","og_type":"article","og_title":"SINISTRA E LIBERTA: FACCIAMO POLITICA O LA FARANNO GLI ALTRI - Archivio CassanoWeb","og_description":"Il coordinamento locale di Sinistra e Libert\u00e0 invia un sentito ringraziamento agli elettori della lista ViviCassano ed a tutti componenti","og_url":"https:\/\/archiviocassano.lavocedelpaese.info\/index.php\/2009\/06\/16\/sinistra-e-liberta-facciamo-politica-o-la-faranno-gli-altri\/","og_site_name":"Archivio CassanoWeb","article_publisher":"https:\/\/www.facebook.com\/redazione.cassanoweb","article_published_time":"2009-06-16T08:27:23+00:00","author":"admin","twitter_card":"summary_large_image","twitter_misc":{"Scritto da":"admin","Tempo di lettura stimato":"2 minuti"},"schema":{"@context":"https:\/\/schema.org","@graph":[{"@type":"Article","@id":"https:\/\/archiviocassano.lavocedelpaese.info\/index.php\/2009\/06\/16\/sinistra-e-liberta-facciamo-politica-o-la-faranno-gli-altri\/#article","isPartOf":{"@id":"https:\/\/archiviocassano.lavocedelpaese.info\/index.php\/2009\/06\/16\/sinistra-e-liberta-facciamo-politica-o-la-faranno-gli-altri\/"},"author":{"name":"admin","@id":"https:\/\/archiviocassano.lavocedelpaese.info\/#\/schema\/person\/df195bc79a9b4c35127cf005f92e041b"},"headline":"SINISTRA E LIBERTA: FACCIAMO POLITICA O LA FARANNO GLI ALTRI","datePublished":"2009-06-16T08:27:23+00:00","mainEntityOfPage":{"@id":"https:\/\/archiviocassano.lavocedelpaese.info\/index.php\/2009\/06\/16\/sinistra-e-liberta-facciamo-politica-o-la-faranno-gli-altri\/"},"wordCount":453,"commentCount":0,"publisher":{"@id":"https:\/\/archiviocassano.lavocedelpaese.info\/#organization"},"articleSection":["La voce del paese"],"inLanguage":"it-IT","potentialAction":[{"@type":"CommentAction","name":"Comment","target":["https:\/\/archiviocassano.lavocedelpaese.info\/index.php\/2009\/06\/16\/sinistra-e-liberta-facciamo-politica-o-la-faranno-gli-altri\/#respond"]}]},{"@type":"WebPage","@id":"https:\/\/archiviocassano.lavocedelpaese.info\/index.php\/2009\/06\/16\/sinistra-e-liberta-facciamo-politica-o-la-faranno-gli-altri\/","url":"https:\/\/archiviocassano.lavocedelpaese.info\/index.php\/2009\/06\/16\/sinistra-e-liberta-facciamo-politica-o-la-faranno-gli-altri\/","name":"SINISTRA E LIBERTA: FACCIAMO POLITICA O LA FARANNO GLI ALTRI - Archivio CassanoWeb","isPartOf":{"@id":"https:\/\/archiviocassano.lavocedelpaese.info\/#website"},"datePublished":"2009-06-16T08:27:23+00:00","breadcrumb":{"@id":"https:\/\/archiviocassano.lavocedelpaese.info\/index.php\/2009\/06\/16\/sinistra-e-liberta-facciamo-politica-o-la-faranno-gli-altri\/#breadcrumb"},"inLanguage":"it-IT","potentialAction":[{"@type":"ReadAction","target":["https:\/\/archiviocassano.lavocedelpaese.info\/index.php\/2009\/06\/16\/sinistra-e-liberta-facciamo-politica-o-la-faranno-gli-altri\/"]}]},{"@type":"BreadcrumbList","@id":"https:\/\/archiviocassano.lavocedelpaese.info\/index.php\/2009\/06\/16\/sinistra-e-liberta-facciamo-politica-o-la-faranno-gli-altri\/#breadcrumb","itemListElement":[{"@type":"ListItem","position":1,"name":"Home","item":"https:\/\/archiviocassano.lavocedelpaese.info\/"},{"@type":"ListItem","position":2,"name":"SINISTRA E LIBERTA: FACCIAMO POLITICA O LA FARANNO GLI ALTRI"}]},{"@type":"WebSite","@id":"https:\/\/archiviocassano.lavocedelpaese.info\/#website","url":"https:\/\/archiviocassano.lavocedelpaese.info\/","name":"Archivio CassanoWeb","description":"La Voce del Paese - un network di idee","publisher":{"@id":"https:\/\/archiviocassano.lavocedelpaese.info\/#organization"},"potentialAction":[{"@type":"SearchAction","target":{"@type":"EntryPoint","urlTemplate":"https:\/\/archiviocassano.lavocedelpaese.info\/?s={search_term_string}"},"query-input":{"@type":"PropertyValueSpecification","valueRequired":true,"valueName":"search_term_string"}}],"inLanguage":"it-IT"},{"@type":"Organization","@id":"https:\/\/archiviocassano.lavocedelpaese.info\/#organization","name":"Archivio CassanoWeb","url":"https:\/\/archiviocassano.lavocedelpaese.info\/","logo":{"@type":"ImageObject","inLanguage":"it-IT","@id":"https:\/\/archiviocassano.lavocedelpaese.info\/#\/schema\/logo\/image\/","url":"https:\/\/archiviocassano.lavocedelpaese.info\/wp-content\/uploads\/2024\/08\/logo-rosso-2.png","contentUrl":"https:\/\/archiviocassano.lavocedelpaese.info\/wp-content\/uploads\/2024\/08\/logo-rosso-2.png","width":491,"height":432,"caption":"Archivio CassanoWeb"},"image":{"@id":"https:\/\/archiviocassano.lavocedelpaese.info\/#\/schema\/logo\/image\/"},"sameAs":["https:\/\/www.facebook.com\/redazione.cassanoweb"]},{"@type":"Person","@id":"https:\/\/archiviocassano.lavocedelpaese.info\/#\/schema\/person\/df195bc79a9b4c35127cf005f92e041b","name":"admin","image":{"@type":"ImageObject","inLanguage":"it-IT","@id":"https:\/\/secure.gravatar.com\/avatar\/eabba89a432e8eaa1b0207cc55f7e5340b22712b1ed80677efcf63e02ff5b235?s=96&d=mm&r=g","url":"https:\/\/secure.gravatar.com\/avatar\/eabba89a432e8eaa1b0207cc55f7e5340b22712b1ed80677efcf63e02ff5b235?s=96&d=mm&r=g","contentUrl":"https:\/\/secure.gravatar.com\/avatar\/eabba89a432e8eaa1b0207cc55f7e5340b22712b1ed80677efcf63e02ff5b235?s=96&d=mm&r=g","caption":"admin"},"sameAs":["https:\/\/archiviocassano.lavocedelpaese.info"],"url":"https:\/\/archiviocassano.lavocedelpaese.info\/index.php\/author\/admin_0qgz1xdp\/"}]}},"_links":{"self":[{"href":"https:\/\/archiviocassano.lavocedelpaese.info\/index.php\/wp-json\/wp\/v2\/posts\/3140","targetHints":{"allow":["GET"]}}],"collection":[{"href":"https:\/\/archiviocassano.lavocedelpaese.info\/index.php\/wp-json\/wp\/v2\/posts"}],"about":[{"href":"https:\/\/archiviocassano.lavocedelpaese.info\/index.php\/wp-json\/wp\/v2\/types\/post"}],"author":[{"embeddable":true,"href":"https:\/\/archiviocassano.lavocedelpaese.info\/index.php\/wp-json\/wp\/v2\/users\/1"}],"replies":[{"embeddable":true,"href":"https:\/\/archiviocassano.lavocedelpaese.info\/index.php\/wp-json\/wp\/v2\/comments?post=3140"}],"version-history":[{"count":0,"href":"https:\/\/archiviocassano.lavocedelpaese.info\/index.php\/wp-json\/wp\/v2\/posts\/3140\/revisions"}],"wp:attachment":[{"href":"https:\/\/archiviocassano.lavocedelpaese.info\/index.php\/wp-json\/wp\/v2\/media?parent=3140"}],"wp:term":[{"taxonomy":"category","embeddable":true,"href":"https:\/\/archiviocassano.lavocedelpaese.info\/index.php\/wp-json\/wp\/v2\/categories?post=3140"},{"taxonomy":"post_tag","embeddable":true,"href":"https:\/\/archiviocassano.lavocedelpaese.info\/index.php\/wp-json\/wp\/v2\/tags?post=3140"}],"curies":[{"name":"wp","href":"https:\/\/api.w.org\/{rel}","templated":true}]}}