{"id":3145,"date":"2009-06-17T18:49:14","date_gmt":"2009-06-17T18:49:14","guid":{"rendered":"https:\/\/archiviocassano.lavocedelpaese.info\/index.php\/2009\/06\/17\/natuzzi-e-accordo-fu\/"},"modified":"2009-06-17T18:49:14","modified_gmt":"2009-06-17T18:49:14","slug":"natuzzi-e-accordo-fu","status":"publish","type":"post","link":"https:\/\/archiviocassano.lavocedelpaese.info\/index.php\/2009\/06\/17\/natuzzi-e-accordo-fu\/","title":{"rendered":"NATUZZI: E ACCORDO FU"},"content":{"rendered":"<p><img loading=\"lazy\" decoding=\"async\" src=\"images\/stories\/archiviofoto\/presidio_laterza_operai_natuzzi_090.jpg\" alt=\"presidio_laterza_operai_natuzzi_090.jpg\" style=\"margin: 5px; width: 300px; float: left; height: 200px\" title=\"presidio_laterza_operai_natuzzi_090.jpg\" height=\"200\" width=\"300\" \/><\/p>\n<p><!--more--><\/p>\n<p align=\"justify\">\nUn accordo \u00e8 stato raggiunto ieri, in tarda serata, al ministero del Lavoro a Roma tra il Gruppo Natuzzi e i sindacati sulla Cassa Integrazione Straordinaria di 1 anno per 1.540 dipendenti.\n<\/p>\n<p align=\"justify\">\nAll&#8217;incontro, tenutosi proprio nello stesso giorno dello sciopero dei lavoratori del gruppo, hanno partecipato le rappresentanze sindacali nazionali, regionali e territoriali e anche una rappresentante del ministero dello Sviluppo Economico.\n<\/p>\n<p align=\"justify\">\nIl tema in discussione era il Piano Industriale 2009-2011 e la relativa dichiarazione di esuberi di 1.540 posizioni negli stabilimenti in Puglia e Basilicata, comunicati il 31 marzo scorso in un incontro tra azienda e organizzazioni sindacali nella sede di Confindustria della capitale. Dopo la rottura delle trattative del 9 giugno, il Gruppo Natuzzi e le rappresentanze sindacali hanno raggiunto un&#8217;intesa che li ha portati a richiedere unitariamente un periodo di Cassa Integrazione Straordinaria (Cigs) per la durata di 1 anno. Il ministero ha accolto la richiesta e, pertanto, \u00e8 stato siglato l&#8217;accordo.\n<\/p>\n<p align=\"justify\">\nCon riferimento alle modalit\u00e0 di gestione della Cassa integrazione guadagni, l&#8217;azienda effettuer\u00e0 la rotazione compatibilmente con le esigenze tecniche produttive e organizzative, verificate trimestralmente tra l&#8217;azienda e le rappresentanze sindacali.L\u2019accordo \u00e8 stato raggiunto senza rilevanti cambiamenti, poich\u00e9 la frase \u201cl&#8217;azienda effettuer\u00e0 la rotazione compatibilmente con le esigenze tecniche produttive e organizzative, verificate trimestralmente tra l&#8217;azienda e le rappresentanze sindacali\u201d lascia alla azienda ampie possibilit\u00e0 di manovra, ed \u00e8 la frase che tutti si aspettavano per risolvere la situazione, e a cui diversi avevano detto di volersi opporre.\n<\/p>\n<p align=\"justify\">\nImportante sar\u00e0 non lasciare gente fuori dal ciclo ingiustamente. Infatti, nessuno vuole negare alla azienda la possibilit\u00e0 di selezionare secondo un ordine meritocratico i propri operai, ma \u00e8 importante anche riconoscere a chi ha dato alla azienda, come direbbe Renato Zero, i migliori anni della propria vita, e che, per normale selezione, tra tendinite e altri acciacchi vari, spesso dovuti proprio al lavoro in fabbrica, adesso sono i pi\u00f9 a rischio, e forse meno utili per l\u2019azienda. Quindi importante adesso sar\u00e0 che i rappresentanti degli operai tengano presente queste situazioni e altre di particolari difficolt\u00e0, e adoperarsi proprio in difesa dei diritti di chi non ha colpe su tutto e tutti, considerando ogni persona per il suo modo di essere, e prendendosi responsabilit\u00e0 soprattutto su chi va difeso ad oltranza.&#8221;Entrambe le parti, inoltre &#8211; scrive l&#8217;azienda in una nota &#8211; sono fondamentalmente convinte della necessit\u00e0 che il solo prolungamento della Cassa Integrazione Straordinaria non sia condizione sufficiente e sia necessario un accordo di programma con gli enti istituzionali competenti&#8221;.\n<\/p>\n<p>\nIl Gruppo Natuzzi e le organizzazioni sindacali si sono impegnate ad attivarsi presso le istituzioni locali e nazionali per il raggiungimento di un accordo di programma finalizzato alla costruzione di percorsi alternativi per la ricollocazione dei lavoratori in esubero. Francesco Basile, direttore Risorse Umane e Organizzazione e referente del Gruppo Natuzzi nei rapporti sindacali, ha detto che &quot;l\u2019azienda \u00e8 soddisfatta per l\u2019accordo che \u00e8 stato trovato, anche e soprattutto perch\u00e9 si \u00e8 definito un percorso, che durer\u00e0 i prossimi 12 mesi, durante i quali saremo impegnati alla ricerca di soluzioni di tutela sia per il\u00a0 territorio che per il contesto sociale. Abbiamo anche condiviso la necessit\u00e0 di impegnarci nel recupero di competitivit\u00e0. Oggi &#8211; ha concluso &#8211; siamo di fronte ad una necessit\u00e0 effettiva, quella di trovare un accordo di programma con le istituzioni e di fare sistema per finanziare politiche attive per il mercato del lavoro&quot;.<br \/>\nQuanto allo sciopero di 8 ore attuato ieri in tutti gli stabilimenti, Felice Dileo delle Rappresentanze sindacali unitarie Cgil-Rete 28 aprile, sottolinea che &quot;\u00e8 riuscito pressoch\u00e9 al 100%. La protesta \u00e8 stata consequenziale alla rottura verificatesi lo scorso 9 giugno tra le organizzazioni sindacali e i vertici aziendali, per responsabilit\u00e0 dell&#8217;azienda che voleva imporre alle controparti 700 unit\u00e0 da porre in Cigs a zero ore come esuberi strutturali.\u00a0<\/p>\n","protected":false},"excerpt":{"rendered":"","protected":false},"author":1,"featured_media":0,"comment_status":"open","ping_status":"closed","sticky":false,"template":"","format":"standard","meta":{"colormag_page_container_layout":"default_layout","colormag_page_sidebar_layout":"default_layout","footnotes":""},"categories":[7],"tags":[],"class_list":["post-3145","post","type-post","status-publish","format-standard","hentry","category-attualita"],"yoast_head":"<!-- This site is optimized with the Yoast SEO plugin v27.5 - https:\/\/yoast.com\/product\/yoast-seo-wordpress\/ -->\n<title>NATUZZI: E ACCORDO FU - Archivio CassanoWeb<\/title>\n<meta name=\"robots\" content=\"index, follow, max-snippet:-1, max-image-preview:large, max-video-preview:-1\" \/>\n<link rel=\"canonical\" href=\"https:\/\/archiviocassano.lavocedelpaese.info\/index.php\/2009\/06\/17\/natuzzi-e-accordo-fu\/\" \/>\n<meta property=\"og:locale\" content=\"it_IT\" \/>\n<meta property=\"og:type\" content=\"article\" \/>\n<meta property=\"og:title\" content=\"NATUZZI: E ACCORDO FU - Archivio CassanoWeb\" \/>\n<meta property=\"og:url\" content=\"https:\/\/archiviocassano.lavocedelpaese.info\/index.php\/2009\/06\/17\/natuzzi-e-accordo-fu\/\" \/>\n<meta property=\"og:site_name\" content=\"Archivio CassanoWeb\" \/>\n<meta property=\"article:publisher\" content=\"https:\/\/www.facebook.com\/redazione.cassanoweb\" \/>\n<meta property=\"article:published_time\" content=\"2009-06-17T18:49:14+00:00\" \/>\n<meta name=\"author\" content=\"admin\" \/>\n<meta name=\"twitter:card\" content=\"summary_large_image\" \/>\n<meta name=\"twitter:label1\" content=\"Scritto da\" \/>\n\t<meta name=\"twitter:data1\" content=\"admin\" \/>\n\t<meta name=\"twitter:label2\" content=\"Tempo di lettura stimato\" \/>\n\t<meta name=\"twitter:data2\" content=\"3 minuti\" \/>\n<script type=\"application\/ld+json\" class=\"yoast-schema-graph\">{\"@context\":\"https:\\\/\\\/schema.org\",\"@graph\":[{\"@type\":\"Article\",\"@id\":\"https:\\\/\\\/archiviocassano.lavocedelpaese.info\\\/index.php\\\/2009\\\/06\\\/17\\\/natuzzi-e-accordo-fu\\\/#article\",\"isPartOf\":{\"@id\":\"https:\\\/\\\/archiviocassano.lavocedelpaese.info\\\/index.php\\\/2009\\\/06\\\/17\\\/natuzzi-e-accordo-fu\\\/\"},\"author\":{\"name\":\"admin\",\"@id\":\"https:\\\/\\\/archiviocassano.lavocedelpaese.info\\\/#\\\/schema\\\/person\\\/df195bc79a9b4c35127cf005f92e041b\"},\"headline\":\"NATUZZI: E ACCORDO FU\",\"datePublished\":\"2009-06-17T18:49:14+00:00\",\"mainEntityOfPage\":{\"@id\":\"https:\\\/\\\/archiviocassano.lavocedelpaese.info\\\/index.php\\\/2009\\\/06\\\/17\\\/natuzzi-e-accordo-fu\\\/\"},\"wordCount\":626,\"commentCount\":0,\"publisher\":{\"@id\":\"https:\\\/\\\/archiviocassano.lavocedelpaese.info\\\/#organization\"},\"articleSection\":[\"Attualit\u00e0\"],\"inLanguage\":\"it-IT\",\"potentialAction\":[{\"@type\":\"CommentAction\",\"name\":\"Comment\",\"target\":[\"https:\\\/\\\/archiviocassano.lavocedelpaese.info\\\/index.php\\\/2009\\\/06\\\/17\\\/natuzzi-e-accordo-fu\\\/#respond\"]}]},{\"@type\":\"WebPage\",\"@id\":\"https:\\\/\\\/archiviocassano.lavocedelpaese.info\\\/index.php\\\/2009\\\/06\\\/17\\\/natuzzi-e-accordo-fu\\\/\",\"url\":\"https:\\\/\\\/archiviocassano.lavocedelpaese.info\\\/index.php\\\/2009\\\/06\\\/17\\\/natuzzi-e-accordo-fu\\\/\",\"name\":\"NATUZZI: E ACCORDO FU - Archivio CassanoWeb\",\"isPartOf\":{\"@id\":\"https:\\\/\\\/archiviocassano.lavocedelpaese.info\\\/#website\"},\"datePublished\":\"2009-06-17T18:49:14+00:00\",\"breadcrumb\":{\"@id\":\"https:\\\/\\\/archiviocassano.lavocedelpaese.info\\\/index.php\\\/2009\\\/06\\\/17\\\/natuzzi-e-accordo-fu\\\/#breadcrumb\"},\"inLanguage\":\"it-IT\",\"potentialAction\":[{\"@type\":\"ReadAction\",\"target\":[\"https:\\\/\\\/archiviocassano.lavocedelpaese.info\\\/index.php\\\/2009\\\/06\\\/17\\\/natuzzi-e-accordo-fu\\\/\"]}]},{\"@type\":\"BreadcrumbList\",\"@id\":\"https:\\\/\\\/archiviocassano.lavocedelpaese.info\\\/index.php\\\/2009\\\/06\\\/17\\\/natuzzi-e-accordo-fu\\\/#breadcrumb\",\"itemListElement\":[{\"@type\":\"ListItem\",\"position\":1,\"name\":\"Home\",\"item\":\"https:\\\/\\\/archiviocassano.lavocedelpaese.info\\\/\"},{\"@type\":\"ListItem\",\"position\":2,\"name\":\"NATUZZI: E ACCORDO FU\"}]},{\"@type\":\"WebSite\",\"@id\":\"https:\\\/\\\/archiviocassano.lavocedelpaese.info\\\/#website\",\"url\":\"https:\\\/\\\/archiviocassano.lavocedelpaese.info\\\/\",\"name\":\"Archivio CassanoWeb\",\"description\":\"La Voce del Paese - un network di idee\",\"publisher\":{\"@id\":\"https:\\\/\\\/archiviocassano.lavocedelpaese.info\\\/#organization\"},\"potentialAction\":[{\"@type\":\"SearchAction\",\"target\":{\"@type\":\"EntryPoint\",\"urlTemplate\":\"https:\\\/\\\/archiviocassano.lavocedelpaese.info\\\/?s={search_term_string}\"},\"query-input\":{\"@type\":\"PropertyValueSpecification\",\"valueRequired\":true,\"valueName\":\"search_term_string\"}}],\"inLanguage\":\"it-IT\"},{\"@type\":\"Organization\",\"@id\":\"https:\\\/\\\/archiviocassano.lavocedelpaese.info\\\/#organization\",\"name\":\"Archivio CassanoWeb\",\"url\":\"https:\\\/\\\/archiviocassano.lavocedelpaese.info\\\/\",\"logo\":{\"@type\":\"ImageObject\",\"inLanguage\":\"it-IT\",\"@id\":\"https:\\\/\\\/archiviocassano.lavocedelpaese.info\\\/#\\\/schema\\\/logo\\\/image\\\/\",\"url\":\"https:\\\/\\\/archiviocassano.lavocedelpaese.info\\\/wp-content\\\/uploads\\\/2024\\\/08\\\/logo-rosso-2.png\",\"contentUrl\":\"https:\\\/\\\/archiviocassano.lavocedelpaese.info\\\/wp-content\\\/uploads\\\/2024\\\/08\\\/logo-rosso-2.png\",\"width\":491,\"height\":432,\"caption\":\"Archivio CassanoWeb\"},\"image\":{\"@id\":\"https:\\\/\\\/archiviocassano.lavocedelpaese.info\\\/#\\\/schema\\\/logo\\\/image\\\/\"},\"sameAs\":[\"https:\\\/\\\/www.facebook.com\\\/redazione.cassanoweb\"]},{\"@type\":\"Person\",\"@id\":\"https:\\\/\\\/archiviocassano.lavocedelpaese.info\\\/#\\\/schema\\\/person\\\/df195bc79a9b4c35127cf005f92e041b\",\"name\":\"admin\",\"image\":{\"@type\":\"ImageObject\",\"inLanguage\":\"it-IT\",\"@id\":\"https:\\\/\\\/secure.gravatar.com\\\/avatar\\\/eabba89a432e8eaa1b0207cc55f7e5340b22712b1ed80677efcf63e02ff5b235?s=96&d=mm&r=g\",\"url\":\"https:\\\/\\\/secure.gravatar.com\\\/avatar\\\/eabba89a432e8eaa1b0207cc55f7e5340b22712b1ed80677efcf63e02ff5b235?s=96&d=mm&r=g\",\"contentUrl\":\"https:\\\/\\\/secure.gravatar.com\\\/avatar\\\/eabba89a432e8eaa1b0207cc55f7e5340b22712b1ed80677efcf63e02ff5b235?s=96&d=mm&r=g\",\"caption\":\"admin\"},\"sameAs\":[\"https:\\\/\\\/archiviocassano.lavocedelpaese.info\"],\"url\":\"https:\\\/\\\/archiviocassano.lavocedelpaese.info\\\/index.php\\\/author\\\/admin_0qgz1xdp\\\/\"}]}<\/script>\n<!-- \/ Yoast SEO plugin. -->","yoast_head_json":{"title":"NATUZZI: E ACCORDO FU - Archivio CassanoWeb","robots":{"index":"index","follow":"follow","max-snippet":"max-snippet:-1","max-image-preview":"max-image-preview:large","max-video-preview":"max-video-preview:-1"},"canonical":"https:\/\/archiviocassano.lavocedelpaese.info\/index.php\/2009\/06\/17\/natuzzi-e-accordo-fu\/","og_locale":"it_IT","og_type":"article","og_title":"NATUZZI: E ACCORDO FU - Archivio CassanoWeb","og_url":"https:\/\/archiviocassano.lavocedelpaese.info\/index.php\/2009\/06\/17\/natuzzi-e-accordo-fu\/","og_site_name":"Archivio CassanoWeb","article_publisher":"https:\/\/www.facebook.com\/redazione.cassanoweb","article_published_time":"2009-06-17T18:49:14+00:00","author":"admin","twitter_card":"summary_large_image","twitter_misc":{"Scritto da":"admin","Tempo di lettura stimato":"3 minuti"},"schema":{"@context":"https:\/\/schema.org","@graph":[{"@type":"Article","@id":"https:\/\/archiviocassano.lavocedelpaese.info\/index.php\/2009\/06\/17\/natuzzi-e-accordo-fu\/#article","isPartOf":{"@id":"https:\/\/archiviocassano.lavocedelpaese.info\/index.php\/2009\/06\/17\/natuzzi-e-accordo-fu\/"},"author":{"name":"admin","@id":"https:\/\/archiviocassano.lavocedelpaese.info\/#\/schema\/person\/df195bc79a9b4c35127cf005f92e041b"},"headline":"NATUZZI: E ACCORDO FU","datePublished":"2009-06-17T18:49:14+00:00","mainEntityOfPage":{"@id":"https:\/\/archiviocassano.lavocedelpaese.info\/index.php\/2009\/06\/17\/natuzzi-e-accordo-fu\/"},"wordCount":626,"commentCount":0,"publisher":{"@id":"https:\/\/archiviocassano.lavocedelpaese.info\/#organization"},"articleSection":["Attualit\u00e0"],"inLanguage":"it-IT","potentialAction":[{"@type":"CommentAction","name":"Comment","target":["https:\/\/archiviocassano.lavocedelpaese.info\/index.php\/2009\/06\/17\/natuzzi-e-accordo-fu\/#respond"]}]},{"@type":"WebPage","@id":"https:\/\/archiviocassano.lavocedelpaese.info\/index.php\/2009\/06\/17\/natuzzi-e-accordo-fu\/","url":"https:\/\/archiviocassano.lavocedelpaese.info\/index.php\/2009\/06\/17\/natuzzi-e-accordo-fu\/","name":"NATUZZI: E ACCORDO FU - Archivio CassanoWeb","isPartOf":{"@id":"https:\/\/archiviocassano.lavocedelpaese.info\/#website"},"datePublished":"2009-06-17T18:49:14+00:00","breadcrumb":{"@id":"https:\/\/archiviocassano.lavocedelpaese.info\/index.php\/2009\/06\/17\/natuzzi-e-accordo-fu\/#breadcrumb"},"inLanguage":"it-IT","potentialAction":[{"@type":"ReadAction","target":["https:\/\/archiviocassano.lavocedelpaese.info\/index.php\/2009\/06\/17\/natuzzi-e-accordo-fu\/"]}]},{"@type":"BreadcrumbList","@id":"https:\/\/archiviocassano.lavocedelpaese.info\/index.php\/2009\/06\/17\/natuzzi-e-accordo-fu\/#breadcrumb","itemListElement":[{"@type":"ListItem","position":1,"name":"Home","item":"https:\/\/archiviocassano.lavocedelpaese.info\/"},{"@type":"ListItem","position":2,"name":"NATUZZI: E ACCORDO FU"}]},{"@type":"WebSite","@id":"https:\/\/archiviocassano.lavocedelpaese.info\/#website","url":"https:\/\/archiviocassano.lavocedelpaese.info\/","name":"Archivio CassanoWeb","description":"La Voce del Paese - un network di idee","publisher":{"@id":"https:\/\/archiviocassano.lavocedelpaese.info\/#organization"},"potentialAction":[{"@type":"SearchAction","target":{"@type":"EntryPoint","urlTemplate":"https:\/\/archiviocassano.lavocedelpaese.info\/?s={search_term_string}"},"query-input":{"@type":"PropertyValueSpecification","valueRequired":true,"valueName":"search_term_string"}}],"inLanguage":"it-IT"},{"@type":"Organization","@id":"https:\/\/archiviocassano.lavocedelpaese.info\/#organization","name":"Archivio CassanoWeb","url":"https:\/\/archiviocassano.lavocedelpaese.info\/","logo":{"@type":"ImageObject","inLanguage":"it-IT","@id":"https:\/\/archiviocassano.lavocedelpaese.info\/#\/schema\/logo\/image\/","url":"https:\/\/archiviocassano.lavocedelpaese.info\/wp-content\/uploads\/2024\/08\/logo-rosso-2.png","contentUrl":"https:\/\/archiviocassano.lavocedelpaese.info\/wp-content\/uploads\/2024\/08\/logo-rosso-2.png","width":491,"height":432,"caption":"Archivio CassanoWeb"},"image":{"@id":"https:\/\/archiviocassano.lavocedelpaese.info\/#\/schema\/logo\/image\/"},"sameAs":["https:\/\/www.facebook.com\/redazione.cassanoweb"]},{"@type":"Person","@id":"https:\/\/archiviocassano.lavocedelpaese.info\/#\/schema\/person\/df195bc79a9b4c35127cf005f92e041b","name":"admin","image":{"@type":"ImageObject","inLanguage":"it-IT","@id":"https:\/\/secure.gravatar.com\/avatar\/eabba89a432e8eaa1b0207cc55f7e5340b22712b1ed80677efcf63e02ff5b235?s=96&d=mm&r=g","url":"https:\/\/secure.gravatar.com\/avatar\/eabba89a432e8eaa1b0207cc55f7e5340b22712b1ed80677efcf63e02ff5b235?s=96&d=mm&r=g","contentUrl":"https:\/\/secure.gravatar.com\/avatar\/eabba89a432e8eaa1b0207cc55f7e5340b22712b1ed80677efcf63e02ff5b235?s=96&d=mm&r=g","caption":"admin"},"sameAs":["https:\/\/archiviocassano.lavocedelpaese.info"],"url":"https:\/\/archiviocassano.lavocedelpaese.info\/index.php\/author\/admin_0qgz1xdp\/"}]}},"_links":{"self":[{"href":"https:\/\/archiviocassano.lavocedelpaese.info\/index.php\/wp-json\/wp\/v2\/posts\/3145","targetHints":{"allow":["GET"]}}],"collection":[{"href":"https:\/\/archiviocassano.lavocedelpaese.info\/index.php\/wp-json\/wp\/v2\/posts"}],"about":[{"href":"https:\/\/archiviocassano.lavocedelpaese.info\/index.php\/wp-json\/wp\/v2\/types\/post"}],"author":[{"embeddable":true,"href":"https:\/\/archiviocassano.lavocedelpaese.info\/index.php\/wp-json\/wp\/v2\/users\/1"}],"replies":[{"embeddable":true,"href":"https:\/\/archiviocassano.lavocedelpaese.info\/index.php\/wp-json\/wp\/v2\/comments?post=3145"}],"version-history":[{"count":0,"href":"https:\/\/archiviocassano.lavocedelpaese.info\/index.php\/wp-json\/wp\/v2\/posts\/3145\/revisions"}],"wp:attachment":[{"href":"https:\/\/archiviocassano.lavocedelpaese.info\/index.php\/wp-json\/wp\/v2\/media?parent=3145"}],"wp:term":[{"taxonomy":"category","embeddable":true,"href":"https:\/\/archiviocassano.lavocedelpaese.info\/index.php\/wp-json\/wp\/v2\/categories?post=3145"},{"taxonomy":"post_tag","embeddable":true,"href":"https:\/\/archiviocassano.lavocedelpaese.info\/index.php\/wp-json\/wp\/v2\/tags?post=3145"}],"curies":[{"name":"wp","href":"https:\/\/api.w.org\/{rel}","templated":true}]}}