{"id":3161,"date":"2009-06-22T14:56:39","date_gmt":"2009-06-22T14:56:39","guid":{"rendered":"https:\/\/archiviocassano.lavocedelpaese.info\/index.php\/2009\/06\/22\/zullo-la-informazione-in-campagna-elettorale-e-le-parole-del-sindaco\/"},"modified":"2009-06-22T14:56:39","modified_gmt":"2009-06-22T14:56:39","slug":"zullo-la-informazione-in-campagna-elettorale-e-le-parole-del-sindaco","status":"publish","type":"post","link":"https:\/\/archiviocassano.lavocedelpaese.info\/index.php\/2009\/06\/22\/zullo-la-informazione-in-campagna-elettorale-e-le-parole-del-sindaco\/","title":{"rendered":"ZULLO: LA INFORMAZIONE IN CAMPAGNA ELETTORALE E LE PAROLE DEL SINDACO"},"content":{"rendered":"<p>\u00a0 <\/p>\n<p><!--more--><\/p>\n<p align=\"justify\" class=\"MsoNormal\" style=\"text-align: justify; margin: 0cm 0cm 0pt\">\n<span style=\"font-family: Verdana; font-size: 10pt\">Ho visto che ci si sta avvitando su un tema, quello dell\u2019imparzialit\u00e0 dell\u2019informazione in campagna elettorale, che rischia di scivolare in una sterile ed inutile polemica a seguito di un giudizio che non poteva essere altrimenti per un Sindaco che vorrebbe improntare il proprio mandato alla pacificazione e alla distensione.<\/span>\n<\/p>\n<p><span style=\"font-family: Verdana; font-size: 10pt\"><o:p><\/o:p><\/span>\u00a0 <\/p>\n<p align=\"justify\" class=\"MsoNormal\" style=\"text-align: justify; margin: 0cm 0cm 0pt\">\n<span style=\"font-family: Verdana; font-size: 10pt\">Nessuno, soprattutto se sorretto da intelligenza, pu\u00f2 e deve sentirsi escluso da questo giudizio n\u00e9, addirittura, punito.<\/span>\n<\/p>\n<p><span style=\"font-family: Verdana; font-size: 10pt\"><o:p><\/o:p><\/span>\u00a0 <\/p>\n<p align=\"justify\" class=\"MsoNormal\" style=\"text-align: justify; margin: 0cm 0cm 0pt\">\n<span style=\"font-family: Verdana; font-size: 10pt\">Gli imbecilli sono solo quelli che pensano che i diretti interessati alla campagna elettorale ed il popolo elettore, al di l\u00e0 delle parole di circostanza, non sappiano distinguere l\u2019informazione libera da quella a pagamento, quella imparziale da quella prezzolata, quella fatta di sudore da quella che chiede prebende ed \u00e8 perci\u00f2 pronta a salire sul carro dei vincitori.<\/span>\n<\/p>\n<p><span style=\"font-family: Verdana; font-size: 10pt\"><o:p><\/o:p><\/span>\u00a0 <\/p>\n<p align=\"justify\" class=\"MsoNormal\" style=\"text-align: justify; margin: 0cm 0cm 0pt\">\n<span style=\"font-family: Verdana; font-size: 10pt\">Ma lo sanno anche i lettori perch\u00e9 tra loro la maggioranza \u00e8 fatta di persone intelligenti!<\/span>\n<\/p>\n<p><span style=\"font-family: Verdana; font-size: 10pt\"><o:p><\/o:p><\/span>\u00a0 <\/p>\n<p align=\"justify\" class=\"MsoNormal\" style=\"text-align: justify; margin: 0cm 0cm 0pt\">\n<span style=\"font-family: Verdana; font-size: 10pt\">Quanto alle nefandezze e al fango del sig. G.S., preannuncio che nella mia qualit\u00e0 di Presidente del Consiglio mi preoccuper\u00f2 di investire le competenti Commissioni Permanenti, composte da elementi di maggioranza e minoranza, sui temi trattati dall\u2019opposizione in questi ultimi cinque anni affinch\u00e9 si possa costruire un percorso di dialogo su basi solide e trasparenti.<\/span>\n<\/p>\n<p><span style=\"font-family: Verdana; font-size: 10pt\"><o:p><\/o:p><\/span>\u00a0 <\/p>\n<p align=\"justify\" class=\"MsoNormal\" style=\"text-align: justify; margin: 0cm 0cm 0pt\">\n<span style=\"font-family: Verdana; font-size: 10pt\">Non per fare dietrologia ma semplicemente perch\u00e9 non pu\u00f2 esserci libert\u00e0 senza verit\u00e0. <\/span>\n<\/p>\n<p><span style=\"font-family: Verdana; font-size: 10pt\"><o:p><\/o:p><\/span>\u00a0 <\/p>\n<p align=\"justify\" class=\"MsoNormal\" style=\"text-align: justify; margin: 0cm 0cm 0pt\">\n<span style=\"font-family: Verdana; font-size: 10pt\">E, la verit\u00e0 vera \u00e8 nell\u2019interesse della collettivit\u00e0 e non pu\u00f2 essere inquinata n\u00e9 dagli organi di informazione n\u00e9 dalle esternazioni delle parti. <\/span>\n<\/p>\n<p><span style=\"font-family: Verdana; font-size: 10pt\"><o:p><\/o:p><\/span>\u00a0<span style=\"font-family: Verdana; font-size: 10pt\">La verit\u00e0 vera \u00e8 negli atti e negli effetti che questi han prodotto e potranno ancora produrre.<o:p><\/o:p><\/span> <\/p>\n","protected":false},"excerpt":{"rendered":"<p>\u00a0<\/p>\n","protected":false},"author":1,"featured_media":0,"comment_status":"open","ping_status":"closed","sticky":false,"template":"","format":"standard","meta":{"colormag_page_container_layout":"default_layout","colormag_page_sidebar_layout":"default_layout","footnotes":""},"categories":[9],"tags":[],"class_list":["post-3161","post","type-post","status-publish","format-standard","hentry","category-la-voce-del-paese"],"yoast_head":"<!-- This site is optimized with the Yoast SEO plugin v27.5 - https:\/\/yoast.com\/product\/yoast-seo-wordpress\/ -->\n<title>ZULLO: LA INFORMAZIONE IN CAMPAGNA ELETTORALE E LE PAROLE DEL SINDACO - Archivio CassanoWeb<\/title>\n<meta name=\"robots\" content=\"index, follow, max-snippet:-1, max-image-preview:large, max-video-preview:-1\" \/>\n<link rel=\"canonical\" href=\"https:\/\/archiviocassano.lavocedelpaese.info\/index.php\/2009\/06\/22\/zullo-la-informazione-in-campagna-elettorale-e-le-parole-del-sindaco\/\" \/>\n<meta property=\"og:locale\" content=\"it_IT\" \/>\n<meta property=\"og:type\" content=\"article\" \/>\n<meta property=\"og:title\" content=\"ZULLO: LA INFORMAZIONE IN CAMPAGNA ELETTORALE E LE PAROLE DEL SINDACO - Archivio CassanoWeb\" \/>\n<meta property=\"og:description\" content=\"\u00a0\" \/>\n<meta property=\"og:url\" content=\"https:\/\/archiviocassano.lavocedelpaese.info\/index.php\/2009\/06\/22\/zullo-la-informazione-in-campagna-elettorale-e-le-parole-del-sindaco\/\" \/>\n<meta property=\"og:site_name\" content=\"Archivio CassanoWeb\" \/>\n<meta property=\"article:publisher\" content=\"https:\/\/www.facebook.com\/redazione.cassanoweb\" \/>\n<meta property=\"article:published_time\" content=\"2009-06-22T14:56:39+00:00\" \/>\n<meta name=\"author\" content=\"admin\" \/>\n<meta name=\"twitter:card\" content=\"summary_large_image\" \/>\n<meta name=\"twitter:label1\" content=\"Scritto da\" \/>\n\t<meta name=\"twitter:data1\" content=\"admin\" \/>\n\t<meta name=\"twitter:label2\" content=\"Tempo di lettura stimato\" \/>\n\t<meta name=\"twitter:data2\" content=\"1 minuto\" \/>\n<script type=\"application\/ld+json\" class=\"yoast-schema-graph\">{\"@context\":\"https:\\\/\\\/schema.org\",\"@graph\":[{\"@type\":\"Article\",\"@id\":\"https:\\\/\\\/archiviocassano.lavocedelpaese.info\\\/index.php\\\/2009\\\/06\\\/22\\\/zullo-la-informazione-in-campagna-elettorale-e-le-parole-del-sindaco\\\/#article\",\"isPartOf\":{\"@id\":\"https:\\\/\\\/archiviocassano.lavocedelpaese.info\\\/index.php\\\/2009\\\/06\\\/22\\\/zullo-la-informazione-in-campagna-elettorale-e-le-parole-del-sindaco\\\/\"},\"author\":{\"name\":\"admin\",\"@id\":\"https:\\\/\\\/archiviocassano.lavocedelpaese.info\\\/#\\\/schema\\\/person\\\/df195bc79a9b4c35127cf005f92e041b\"},\"headline\":\"ZULLO: LA INFORMAZIONE IN CAMPAGNA ELETTORALE E LE PAROLE DEL SINDACO\",\"datePublished\":\"2009-06-22T14:56:39+00:00\",\"mainEntityOfPage\":{\"@id\":\"https:\\\/\\\/archiviocassano.lavocedelpaese.info\\\/index.php\\\/2009\\\/06\\\/22\\\/zullo-la-informazione-in-campagna-elettorale-e-le-parole-del-sindaco\\\/\"},\"wordCount\":262,\"commentCount\":0,\"publisher\":{\"@id\":\"https:\\\/\\\/archiviocassano.lavocedelpaese.info\\\/#organization\"},\"articleSection\":[\"La voce del paese\"],\"inLanguage\":\"it-IT\",\"potentialAction\":[{\"@type\":\"CommentAction\",\"name\":\"Comment\",\"target\":[\"https:\\\/\\\/archiviocassano.lavocedelpaese.info\\\/index.php\\\/2009\\\/06\\\/22\\\/zullo-la-informazione-in-campagna-elettorale-e-le-parole-del-sindaco\\\/#respond\"]}]},{\"@type\":\"WebPage\",\"@id\":\"https:\\\/\\\/archiviocassano.lavocedelpaese.info\\\/index.php\\\/2009\\\/06\\\/22\\\/zullo-la-informazione-in-campagna-elettorale-e-le-parole-del-sindaco\\\/\",\"url\":\"https:\\\/\\\/archiviocassano.lavocedelpaese.info\\\/index.php\\\/2009\\\/06\\\/22\\\/zullo-la-informazione-in-campagna-elettorale-e-le-parole-del-sindaco\\\/\",\"name\":\"ZULLO: LA INFORMAZIONE IN CAMPAGNA ELETTORALE E LE PAROLE DEL SINDACO - Archivio CassanoWeb\",\"isPartOf\":{\"@id\":\"https:\\\/\\\/archiviocassano.lavocedelpaese.info\\\/#website\"},\"datePublished\":\"2009-06-22T14:56:39+00:00\",\"breadcrumb\":{\"@id\":\"https:\\\/\\\/archiviocassano.lavocedelpaese.info\\\/index.php\\\/2009\\\/06\\\/22\\\/zullo-la-informazione-in-campagna-elettorale-e-le-parole-del-sindaco\\\/#breadcrumb\"},\"inLanguage\":\"it-IT\",\"potentialAction\":[{\"@type\":\"ReadAction\",\"target\":[\"https:\\\/\\\/archiviocassano.lavocedelpaese.info\\\/index.php\\\/2009\\\/06\\\/22\\\/zullo-la-informazione-in-campagna-elettorale-e-le-parole-del-sindaco\\\/\"]}]},{\"@type\":\"BreadcrumbList\",\"@id\":\"https:\\\/\\\/archiviocassano.lavocedelpaese.info\\\/index.php\\\/2009\\\/06\\\/22\\\/zullo-la-informazione-in-campagna-elettorale-e-le-parole-del-sindaco\\\/#breadcrumb\",\"itemListElement\":[{\"@type\":\"ListItem\",\"position\":1,\"name\":\"Home\",\"item\":\"https:\\\/\\\/archiviocassano.lavocedelpaese.info\\\/\"},{\"@type\":\"ListItem\",\"position\":2,\"name\":\"ZULLO: LA INFORMAZIONE IN CAMPAGNA ELETTORALE E LE PAROLE DEL SINDACO\"}]},{\"@type\":\"WebSite\",\"@id\":\"https:\\\/\\\/archiviocassano.lavocedelpaese.info\\\/#website\",\"url\":\"https:\\\/\\\/archiviocassano.lavocedelpaese.info\\\/\",\"name\":\"Archivio CassanoWeb\",\"description\":\"La Voce del Paese - un network di idee\",\"publisher\":{\"@id\":\"https:\\\/\\\/archiviocassano.lavocedelpaese.info\\\/#organization\"},\"potentialAction\":[{\"@type\":\"SearchAction\",\"target\":{\"@type\":\"EntryPoint\",\"urlTemplate\":\"https:\\\/\\\/archiviocassano.lavocedelpaese.info\\\/?s={search_term_string}\"},\"query-input\":{\"@type\":\"PropertyValueSpecification\",\"valueRequired\":true,\"valueName\":\"search_term_string\"}}],\"inLanguage\":\"it-IT\"},{\"@type\":\"Organization\",\"@id\":\"https:\\\/\\\/archiviocassano.lavocedelpaese.info\\\/#organization\",\"name\":\"Archivio CassanoWeb\",\"url\":\"https:\\\/\\\/archiviocassano.lavocedelpaese.info\\\/\",\"logo\":{\"@type\":\"ImageObject\",\"inLanguage\":\"it-IT\",\"@id\":\"https:\\\/\\\/archiviocassano.lavocedelpaese.info\\\/#\\\/schema\\\/logo\\\/image\\\/\",\"url\":\"https:\\\/\\\/archiviocassano.lavocedelpaese.info\\\/wp-content\\\/uploads\\\/2024\\\/08\\\/logo-rosso-2.png\",\"contentUrl\":\"https:\\\/\\\/archiviocassano.lavocedelpaese.info\\\/wp-content\\\/uploads\\\/2024\\\/08\\\/logo-rosso-2.png\",\"width\":491,\"height\":432,\"caption\":\"Archivio CassanoWeb\"},\"image\":{\"@id\":\"https:\\\/\\\/archiviocassano.lavocedelpaese.info\\\/#\\\/schema\\\/logo\\\/image\\\/\"},\"sameAs\":[\"https:\\\/\\\/www.facebook.com\\\/redazione.cassanoweb\"]},{\"@type\":\"Person\",\"@id\":\"https:\\\/\\\/archiviocassano.lavocedelpaese.info\\\/#\\\/schema\\\/person\\\/df195bc79a9b4c35127cf005f92e041b\",\"name\":\"admin\",\"image\":{\"@type\":\"ImageObject\",\"inLanguage\":\"it-IT\",\"@id\":\"https:\\\/\\\/secure.gravatar.com\\\/avatar\\\/eabba89a432e8eaa1b0207cc55f7e5340b22712b1ed80677efcf63e02ff5b235?s=96&d=mm&r=g\",\"url\":\"https:\\\/\\\/secure.gravatar.com\\\/avatar\\\/eabba89a432e8eaa1b0207cc55f7e5340b22712b1ed80677efcf63e02ff5b235?s=96&d=mm&r=g\",\"contentUrl\":\"https:\\\/\\\/secure.gravatar.com\\\/avatar\\\/eabba89a432e8eaa1b0207cc55f7e5340b22712b1ed80677efcf63e02ff5b235?s=96&d=mm&r=g\",\"caption\":\"admin\"},\"sameAs\":[\"https:\\\/\\\/archiviocassano.lavocedelpaese.info\"],\"url\":\"https:\\\/\\\/archiviocassano.lavocedelpaese.info\\\/index.php\\\/author\\\/admin_0qgz1xdp\\\/\"}]}<\/script>\n<!-- \/ Yoast SEO plugin. -->","yoast_head_json":{"title":"ZULLO: LA INFORMAZIONE IN CAMPAGNA ELETTORALE E LE PAROLE DEL SINDACO - Archivio CassanoWeb","robots":{"index":"index","follow":"follow","max-snippet":"max-snippet:-1","max-image-preview":"max-image-preview:large","max-video-preview":"max-video-preview:-1"},"canonical":"https:\/\/archiviocassano.lavocedelpaese.info\/index.php\/2009\/06\/22\/zullo-la-informazione-in-campagna-elettorale-e-le-parole-del-sindaco\/","og_locale":"it_IT","og_type":"article","og_title":"ZULLO: LA INFORMAZIONE IN CAMPAGNA ELETTORALE E LE PAROLE DEL SINDACO - Archivio CassanoWeb","og_description":"\u00a0","og_url":"https:\/\/archiviocassano.lavocedelpaese.info\/index.php\/2009\/06\/22\/zullo-la-informazione-in-campagna-elettorale-e-le-parole-del-sindaco\/","og_site_name":"Archivio CassanoWeb","article_publisher":"https:\/\/www.facebook.com\/redazione.cassanoweb","article_published_time":"2009-06-22T14:56:39+00:00","author":"admin","twitter_card":"summary_large_image","twitter_misc":{"Scritto da":"admin","Tempo di lettura stimato":"1 minuto"},"schema":{"@context":"https:\/\/schema.org","@graph":[{"@type":"Article","@id":"https:\/\/archiviocassano.lavocedelpaese.info\/index.php\/2009\/06\/22\/zullo-la-informazione-in-campagna-elettorale-e-le-parole-del-sindaco\/#article","isPartOf":{"@id":"https:\/\/archiviocassano.lavocedelpaese.info\/index.php\/2009\/06\/22\/zullo-la-informazione-in-campagna-elettorale-e-le-parole-del-sindaco\/"},"author":{"name":"admin","@id":"https:\/\/archiviocassano.lavocedelpaese.info\/#\/schema\/person\/df195bc79a9b4c35127cf005f92e041b"},"headline":"ZULLO: LA INFORMAZIONE IN CAMPAGNA ELETTORALE E LE PAROLE DEL SINDACO","datePublished":"2009-06-22T14:56:39+00:00","mainEntityOfPage":{"@id":"https:\/\/archiviocassano.lavocedelpaese.info\/index.php\/2009\/06\/22\/zullo-la-informazione-in-campagna-elettorale-e-le-parole-del-sindaco\/"},"wordCount":262,"commentCount":0,"publisher":{"@id":"https:\/\/archiviocassano.lavocedelpaese.info\/#organization"},"articleSection":["La voce del paese"],"inLanguage":"it-IT","potentialAction":[{"@type":"CommentAction","name":"Comment","target":["https:\/\/archiviocassano.lavocedelpaese.info\/index.php\/2009\/06\/22\/zullo-la-informazione-in-campagna-elettorale-e-le-parole-del-sindaco\/#respond"]}]},{"@type":"WebPage","@id":"https:\/\/archiviocassano.lavocedelpaese.info\/index.php\/2009\/06\/22\/zullo-la-informazione-in-campagna-elettorale-e-le-parole-del-sindaco\/","url":"https:\/\/archiviocassano.lavocedelpaese.info\/index.php\/2009\/06\/22\/zullo-la-informazione-in-campagna-elettorale-e-le-parole-del-sindaco\/","name":"ZULLO: LA INFORMAZIONE IN CAMPAGNA ELETTORALE E LE PAROLE DEL SINDACO - Archivio CassanoWeb","isPartOf":{"@id":"https:\/\/archiviocassano.lavocedelpaese.info\/#website"},"datePublished":"2009-06-22T14:56:39+00:00","breadcrumb":{"@id":"https:\/\/archiviocassano.lavocedelpaese.info\/index.php\/2009\/06\/22\/zullo-la-informazione-in-campagna-elettorale-e-le-parole-del-sindaco\/#breadcrumb"},"inLanguage":"it-IT","potentialAction":[{"@type":"ReadAction","target":["https:\/\/archiviocassano.lavocedelpaese.info\/index.php\/2009\/06\/22\/zullo-la-informazione-in-campagna-elettorale-e-le-parole-del-sindaco\/"]}]},{"@type":"BreadcrumbList","@id":"https:\/\/archiviocassano.lavocedelpaese.info\/index.php\/2009\/06\/22\/zullo-la-informazione-in-campagna-elettorale-e-le-parole-del-sindaco\/#breadcrumb","itemListElement":[{"@type":"ListItem","position":1,"name":"Home","item":"https:\/\/archiviocassano.lavocedelpaese.info\/"},{"@type":"ListItem","position":2,"name":"ZULLO: LA INFORMAZIONE IN CAMPAGNA ELETTORALE E LE PAROLE DEL SINDACO"}]},{"@type":"WebSite","@id":"https:\/\/archiviocassano.lavocedelpaese.info\/#website","url":"https:\/\/archiviocassano.lavocedelpaese.info\/","name":"Archivio CassanoWeb","description":"La Voce del Paese - un network di idee","publisher":{"@id":"https:\/\/archiviocassano.lavocedelpaese.info\/#organization"},"potentialAction":[{"@type":"SearchAction","target":{"@type":"EntryPoint","urlTemplate":"https:\/\/archiviocassano.lavocedelpaese.info\/?s={search_term_string}"},"query-input":{"@type":"PropertyValueSpecification","valueRequired":true,"valueName":"search_term_string"}}],"inLanguage":"it-IT"},{"@type":"Organization","@id":"https:\/\/archiviocassano.lavocedelpaese.info\/#organization","name":"Archivio CassanoWeb","url":"https:\/\/archiviocassano.lavocedelpaese.info\/","logo":{"@type":"ImageObject","inLanguage":"it-IT","@id":"https:\/\/archiviocassano.lavocedelpaese.info\/#\/schema\/logo\/image\/","url":"https:\/\/archiviocassano.lavocedelpaese.info\/wp-content\/uploads\/2024\/08\/logo-rosso-2.png","contentUrl":"https:\/\/archiviocassano.lavocedelpaese.info\/wp-content\/uploads\/2024\/08\/logo-rosso-2.png","width":491,"height":432,"caption":"Archivio CassanoWeb"},"image":{"@id":"https:\/\/archiviocassano.lavocedelpaese.info\/#\/schema\/logo\/image\/"},"sameAs":["https:\/\/www.facebook.com\/redazione.cassanoweb"]},{"@type":"Person","@id":"https:\/\/archiviocassano.lavocedelpaese.info\/#\/schema\/person\/df195bc79a9b4c35127cf005f92e041b","name":"admin","image":{"@type":"ImageObject","inLanguage":"it-IT","@id":"https:\/\/secure.gravatar.com\/avatar\/eabba89a432e8eaa1b0207cc55f7e5340b22712b1ed80677efcf63e02ff5b235?s=96&d=mm&r=g","url":"https:\/\/secure.gravatar.com\/avatar\/eabba89a432e8eaa1b0207cc55f7e5340b22712b1ed80677efcf63e02ff5b235?s=96&d=mm&r=g","contentUrl":"https:\/\/secure.gravatar.com\/avatar\/eabba89a432e8eaa1b0207cc55f7e5340b22712b1ed80677efcf63e02ff5b235?s=96&d=mm&r=g","caption":"admin"},"sameAs":["https:\/\/archiviocassano.lavocedelpaese.info"],"url":"https:\/\/archiviocassano.lavocedelpaese.info\/index.php\/author\/admin_0qgz1xdp\/"}]}},"_links":{"self":[{"href":"https:\/\/archiviocassano.lavocedelpaese.info\/index.php\/wp-json\/wp\/v2\/posts\/3161","targetHints":{"allow":["GET"]}}],"collection":[{"href":"https:\/\/archiviocassano.lavocedelpaese.info\/index.php\/wp-json\/wp\/v2\/posts"}],"about":[{"href":"https:\/\/archiviocassano.lavocedelpaese.info\/index.php\/wp-json\/wp\/v2\/types\/post"}],"author":[{"embeddable":true,"href":"https:\/\/archiviocassano.lavocedelpaese.info\/index.php\/wp-json\/wp\/v2\/users\/1"}],"replies":[{"embeddable":true,"href":"https:\/\/archiviocassano.lavocedelpaese.info\/index.php\/wp-json\/wp\/v2\/comments?post=3161"}],"version-history":[{"count":0,"href":"https:\/\/archiviocassano.lavocedelpaese.info\/index.php\/wp-json\/wp\/v2\/posts\/3161\/revisions"}],"wp:attachment":[{"href":"https:\/\/archiviocassano.lavocedelpaese.info\/index.php\/wp-json\/wp\/v2\/media?parent=3161"}],"wp:term":[{"taxonomy":"category","embeddable":true,"href":"https:\/\/archiviocassano.lavocedelpaese.info\/index.php\/wp-json\/wp\/v2\/categories?post=3161"},{"taxonomy":"post_tag","embeddable":true,"href":"https:\/\/archiviocassano.lavocedelpaese.info\/index.php\/wp-json\/wp\/v2\/tags?post=3161"}],"curies":[{"name":"wp","href":"https:\/\/api.w.org\/{rel}","templated":true}]}}