{"id":3183,"date":"2009-07-01T08:04:35","date_gmt":"2009-07-01T08:04:35","guid":{"rendered":"https:\/\/archiviocassano.lavocedelpaese.info\/index.php\/2009\/07\/01\/nel-giorno-del-suo-51d-compleanno-il-comandante-dei-vigili-urbani-saluta-cassano-e-va-via\/"},"modified":"2009-07-01T08:04:35","modified_gmt":"2009-07-01T08:04:35","slug":"nel-giorno-del-suo-51d-compleanno-il-comandante-dei-vigili-urbani-saluta-cassano-e-va-via","status":"publish","type":"post","link":"https:\/\/archiviocassano.lavocedelpaese.info\/index.php\/2009\/07\/01\/nel-giorno-del-suo-51d-compleanno-il-comandante-dei-vigili-urbani-saluta-cassano-e-va-via\/","title":{"rendered":"VIGILI URBANI, D&#8217;INGEO LASCIA IL COMANDO"},"content":{"rendered":"<p><img loading=\"lazy\" decoding=\"async\" class=\" alignleft size-full wp-image-19\" src=\"https:\/\/archiviocassano.lavocedelpaese.info\/wp-content\/uploads\/2009\/07\/vigili_urbani.jpg\" alt=\"vigili_urbani.jpg\" style=\"margin: 5px; width: 300px; float: left; height: 225px;\" title=\"vigili_urbani.jpg\" width=\"300\" height=\"225\" \/> <\/p>\n<p><!--more--><\/p>\n<p><em>Il Comandante dei Vigili Urbani di Cassano, cap. Francesco d\u2019Ingeo, &#8211; che ieri ha concluso il suo incarico nel nostro paese \u2013 ha diffuso una lettera di saluto che pubblichiamo<\/em><\/p>\n<p align=\"justify\"> Saluto la comunit\u00e0 cassanese poich\u00e9 rientro, dopo un incarico di oltre due anni in qualit\u00e0 di Comandante del Corpo di Polizia Municipale di Cassano delle Murge, al mio Ente di appartenenza, il Comune di Bari.<\/p>\n<p> Un sincero in bocca al lupo ai valenti e instancabili dipendenti comunali, al benemerito Segretario Generale dott. Francesco Angelo Lazzaro, alla nuova amministrazione e al nuovo Sindaco, dott.ssa Maria Pia Di Medio (cui relazioner\u00f2 a parte su ci\u00f2 che ho trovato e lasciato), al cui fianco esorto la cittadinanza attiva e il mondo dell\u2019associazionismo a dialogare e collaborare, giacch\u00e9 il benessere e il grado di civilt\u00e0 di una comunit\u00e0 sono un interesse e un impegno di tutti giammai una responsabilit\u00e0 di pochi.<\/p>\n<p align=\"justify\">Un ringraziamento sentito ai miei uomini, alle Forze di Polizia del territorio, in particolare all\u2019Arma dei Carabinieri, al Corpo Forestale dello Stato e alla Guardia di Finanza, con i loro uomini e Comandanti, di cui ho avuto modo di apprezzare l\u2019impegno costante e lo spirito collaborativo. <br \/> Ringrazio inoltre i mezzi di comunicazione, sottolineando la rilevanza sociale del loro ruolo, giacch\u00e9 l\u2019attivit\u00e0 di informazione \u00e8 anche formazione\u2026 quando si nutre di contenuti etici e di verit\u00e0.<\/p>\n<p align=\"justify\">Saluto inoltre Cassano, i suoi abitanti e le istituzioni con la consapevolezza di aver perlomeno tentato di portare, con le risorse umane e materiali disponibili, un piccolo contributo al miglioramento della vivibilit\u00e0 sul territorio cassanese e, se questo non mi \u00e8 riconosciuto, comunque con la serenit\u00e0 di chi ha servito esclusivamente la Legge e il Cittadino. <br \/> Forse non \u00e8 facile per me far comprendere quest\u2019ultimo concetto quando taluni inveterati banditori, in modo surrettizio e oscurantista, tentano invece di far credere che il Comandante della Polizia Municipale, essendo selezionato dal Sindaco di turno, sia una specie di longa manus al suo servizio privato.<\/p>\n<p> In verit\u00e0 cos\u00ec non \u00e8, anzi, non \u00e8 stato tra lo scrivente e l\u2019amministrazione Gentile, poich\u00e9 il rispetto e la considerazione degli ex Sindaco, Vice-Sindaco e Assessori verso la dignit\u00e0 e l\u2019autonomia del mio ruolo, unitamente alla condivisione di determinati valori e finalit\u00e0, non sono mai venuti meno, permettendomi di svolgere il mandato assegnato al servizio dell\u2019Amministrazione e non dell\u2019amministratore: di tutto ci\u00f2 consentitemi di essere profondamente grato alla sensibile intelligenza dell\u2019Avv. Giuseppe Gentile. <br \/> Per il bene di questo bel paese e della bella gente che ho conosciuto auspico che questa forma moderna e illuminata di intendere il rapporto tra gli amministratori e la Polizia Municipale (e tutti i dipendenti municipali) si conservi e consolidi, affinch\u00e9 anche il pi\u00f9 caparbio tra cittadini, vigili e amministratori comprenda nitidamente che gli uomini della Polizia Municipale (e, in generale, tutti i pubblici dipendenti) sono unicamente al servizio del Cittadino e delle Leggi, non del potente di turno. Se cos\u00ec non fosse gli spiacevoli effetti sarebbero ben presto visibili!<\/p>\n<p align=\"justify\">Saluto infine, svelando, a tutti quello che me lo chiedevano, il significato del busto in bronzo sulla scrivania del mio ufficio, raffigurante Platone con la fisionomia di Aristotele. <br \/> Durante la mia attivit\u00e0 istituzionale, infatti, quel piccolo busto mi stava di fronte, fissandomi, quasi a intimarmi qualcosa; non c\u2019era giorno che tra me e quel volto non scorresse uno sguardo d\u2019intesa.<\/p>\n<p> Il filosofo di Atene mi raccomandava di seguire \u201cle cose di lass\u00f9\u201d: i grandi valori, le idee del Bene, del Bello e della Giustizia; quello di Stagira mi indicava invece le \u201ccose di quaggi\u00f9\u201d: l\u2019uomo e le faccende umane.<\/p>\n<p> I messaggi erano chiari: portare le \u201ccose nobili del cielo\u201d sulla terra e tra gli uomini, o, al contrario, elevare questi ultimi alle cose belle di lass\u00f9.<\/p>\n<p> Nel mio incarico di comando qui a Cassano ho sempre seguito quelle tracce incancellabili, instradando energie, impegno ed equit\u00e0 nel cammino di ogni giorno, con maggiore tenacia se la strada diventava pi\u00f9 impervia\u2026<\/p>\n<p align=\"justify\">\u00a0<\/p>\n","protected":false},"excerpt":{"rendered":"","protected":false},"author":1,"featured_media":19,"comment_status":"open","ping_status":"closed","sticky":false,"template":"","format":"standard","meta":{"colormag_page_container_layout":"default_layout","colormag_page_sidebar_layout":"default_layout","footnotes":""},"categories":[9],"tags":[],"class_list":["post-3183","post","type-post","status-publish","format-standard","has-post-thumbnail","hentry","category-la-voce-del-paese"],"yoast_head":"<!-- This site is optimized with the Yoast SEO plugin v27.5 - https:\/\/yoast.com\/product\/yoast-seo-wordpress\/ -->\n<title>VIGILI URBANI, D&#039;INGEO LASCIA IL COMANDO - Archivio CassanoWeb<\/title>\n<meta name=\"robots\" content=\"index, follow, max-snippet:-1, max-image-preview:large, max-video-preview:-1\" \/>\n<link rel=\"canonical\" href=\"https:\/\/archiviocassano.lavocedelpaese.info\/index.php\/2009\/07\/01\/nel-giorno-del-suo-51d-compleanno-il-comandante-dei-vigili-urbani-saluta-cassano-e-va-via\/\" \/>\n<meta property=\"og:locale\" content=\"it_IT\" \/>\n<meta property=\"og:type\" content=\"article\" \/>\n<meta property=\"og:title\" content=\"VIGILI URBANI, D&#039;INGEO LASCIA IL COMANDO - Archivio CassanoWeb\" \/>\n<meta property=\"og:url\" content=\"https:\/\/archiviocassano.lavocedelpaese.info\/index.php\/2009\/07\/01\/nel-giorno-del-suo-51d-compleanno-il-comandante-dei-vigili-urbani-saluta-cassano-e-va-via\/\" \/>\n<meta property=\"og:site_name\" content=\"Archivio CassanoWeb\" \/>\n<meta property=\"article:publisher\" content=\"https:\/\/www.facebook.com\/redazione.cassanoweb\" \/>\n<meta property=\"article:published_time\" content=\"2009-07-01T08:04:35+00:00\" \/>\n<meta property=\"og:image\" content=\"https:\/\/archiviocassano.lavocedelpaese.info\/wp-content\/uploads\/2009\/07\/vigili_urbani.jpg\" \/>\n\t<meta property=\"og:image:width\" content=\"410\" \/>\n\t<meta property=\"og:image:height\" content=\"200\" \/>\n\t<meta property=\"og:image:type\" content=\"image\/jpeg\" \/>\n<meta name=\"author\" content=\"admin\" \/>\n<meta name=\"twitter:card\" content=\"summary_large_image\" \/>\n<meta name=\"twitter:label1\" content=\"Scritto da\" \/>\n\t<meta name=\"twitter:data1\" content=\"admin\" \/>\n\t<meta name=\"twitter:label2\" content=\"Tempo di lettura stimato\" \/>\n\t<meta name=\"twitter:data2\" content=\"3 minuti\" \/>\n<script type=\"application\/ld+json\" class=\"yoast-schema-graph\">{\"@context\":\"https:\\\/\\\/schema.org\",\"@graph\":[{\"@type\":\"Article\",\"@id\":\"https:\\\/\\\/archiviocassano.lavocedelpaese.info\\\/index.php\\\/2009\\\/07\\\/01\\\/nel-giorno-del-suo-51d-compleanno-il-comandante-dei-vigili-urbani-saluta-cassano-e-va-via\\\/#article\",\"isPartOf\":{\"@id\":\"https:\\\/\\\/archiviocassano.lavocedelpaese.info\\\/index.php\\\/2009\\\/07\\\/01\\\/nel-giorno-del-suo-51d-compleanno-il-comandante-dei-vigili-urbani-saluta-cassano-e-va-via\\\/\"},\"author\":{\"name\":\"admin\",\"@id\":\"https:\\\/\\\/archiviocassano.lavocedelpaese.info\\\/#\\\/schema\\\/person\\\/df195bc79a9b4c35127cf005f92e041b\"},\"headline\":\"VIGILI URBANI, D&#8217;INGEO LASCIA IL COMANDO\",\"datePublished\":\"2009-07-01T08:04:35+00:00\",\"mainEntityOfPage\":{\"@id\":\"https:\\\/\\\/archiviocassano.lavocedelpaese.info\\\/index.php\\\/2009\\\/07\\\/01\\\/nel-giorno-del-suo-51d-compleanno-il-comandante-dei-vigili-urbani-saluta-cassano-e-va-via\\\/\"},\"wordCount\":664,\"commentCount\":0,\"publisher\":{\"@id\":\"https:\\\/\\\/archiviocassano.lavocedelpaese.info\\\/#organization\"},\"image\":{\"@id\":\"https:\\\/\\\/archiviocassano.lavocedelpaese.info\\\/index.php\\\/2009\\\/07\\\/01\\\/nel-giorno-del-suo-51d-compleanno-il-comandante-dei-vigili-urbani-saluta-cassano-e-va-via\\\/#primaryimage\"},\"thumbnailUrl\":\"https:\\\/\\\/archiviocassano.lavocedelpaese.info\\\/wp-content\\\/uploads\\\/2009\\\/07\\\/vigili_urbani.jpg\",\"articleSection\":[\"La voce del paese\"],\"inLanguage\":\"it-IT\",\"potentialAction\":[{\"@type\":\"CommentAction\",\"name\":\"Comment\",\"target\":[\"https:\\\/\\\/archiviocassano.lavocedelpaese.info\\\/index.php\\\/2009\\\/07\\\/01\\\/nel-giorno-del-suo-51d-compleanno-il-comandante-dei-vigili-urbani-saluta-cassano-e-va-via\\\/#respond\"]}]},{\"@type\":\"WebPage\",\"@id\":\"https:\\\/\\\/archiviocassano.lavocedelpaese.info\\\/index.php\\\/2009\\\/07\\\/01\\\/nel-giorno-del-suo-51d-compleanno-il-comandante-dei-vigili-urbani-saluta-cassano-e-va-via\\\/\",\"url\":\"https:\\\/\\\/archiviocassano.lavocedelpaese.info\\\/index.php\\\/2009\\\/07\\\/01\\\/nel-giorno-del-suo-51d-compleanno-il-comandante-dei-vigili-urbani-saluta-cassano-e-va-via\\\/\",\"name\":\"VIGILI URBANI, D'INGEO LASCIA IL COMANDO - Archivio CassanoWeb\",\"isPartOf\":{\"@id\":\"https:\\\/\\\/archiviocassano.lavocedelpaese.info\\\/#website\"},\"primaryImageOfPage\":{\"@id\":\"https:\\\/\\\/archiviocassano.lavocedelpaese.info\\\/index.php\\\/2009\\\/07\\\/01\\\/nel-giorno-del-suo-51d-compleanno-il-comandante-dei-vigili-urbani-saluta-cassano-e-va-via\\\/#primaryimage\"},\"image\":{\"@id\":\"https:\\\/\\\/archiviocassano.lavocedelpaese.info\\\/index.php\\\/2009\\\/07\\\/01\\\/nel-giorno-del-suo-51d-compleanno-il-comandante-dei-vigili-urbani-saluta-cassano-e-va-via\\\/#primaryimage\"},\"thumbnailUrl\":\"https:\\\/\\\/archiviocassano.lavocedelpaese.info\\\/wp-content\\\/uploads\\\/2009\\\/07\\\/vigili_urbani.jpg\",\"datePublished\":\"2009-07-01T08:04:35+00:00\",\"breadcrumb\":{\"@id\":\"https:\\\/\\\/archiviocassano.lavocedelpaese.info\\\/index.php\\\/2009\\\/07\\\/01\\\/nel-giorno-del-suo-51d-compleanno-il-comandante-dei-vigili-urbani-saluta-cassano-e-va-via\\\/#breadcrumb\"},\"inLanguage\":\"it-IT\",\"potentialAction\":[{\"@type\":\"ReadAction\",\"target\":[\"https:\\\/\\\/archiviocassano.lavocedelpaese.info\\\/index.php\\\/2009\\\/07\\\/01\\\/nel-giorno-del-suo-51d-compleanno-il-comandante-dei-vigili-urbani-saluta-cassano-e-va-via\\\/\"]}]},{\"@type\":\"ImageObject\",\"inLanguage\":\"it-IT\",\"@id\":\"https:\\\/\\\/archiviocassano.lavocedelpaese.info\\\/index.php\\\/2009\\\/07\\\/01\\\/nel-giorno-del-suo-51d-compleanno-il-comandante-dei-vigili-urbani-saluta-cassano-e-va-via\\\/#primaryimage\",\"url\":\"https:\\\/\\\/archiviocassano.lavocedelpaese.info\\\/wp-content\\\/uploads\\\/2009\\\/07\\\/vigili_urbani.jpg\",\"contentUrl\":\"https:\\\/\\\/archiviocassano.lavocedelpaese.info\\\/wp-content\\\/uploads\\\/2009\\\/07\\\/vigili_urbani.jpg\",\"width\":410,\"height\":200,\"caption\":\"vigili_urbani\"},{\"@type\":\"BreadcrumbList\",\"@id\":\"https:\\\/\\\/archiviocassano.lavocedelpaese.info\\\/index.php\\\/2009\\\/07\\\/01\\\/nel-giorno-del-suo-51d-compleanno-il-comandante-dei-vigili-urbani-saluta-cassano-e-va-via\\\/#breadcrumb\",\"itemListElement\":[{\"@type\":\"ListItem\",\"position\":1,\"name\":\"Home\",\"item\":\"https:\\\/\\\/archiviocassano.lavocedelpaese.info\\\/\"},{\"@type\":\"ListItem\",\"position\":2,\"name\":\"VIGILI URBANI, D&#8217;INGEO LASCIA IL COMANDO\"}]},{\"@type\":\"WebSite\",\"@id\":\"https:\\\/\\\/archiviocassano.lavocedelpaese.info\\\/#website\",\"url\":\"https:\\\/\\\/archiviocassano.lavocedelpaese.info\\\/\",\"name\":\"Archivio CassanoWeb\",\"description\":\"La Voce del Paese - un network di idee\",\"publisher\":{\"@id\":\"https:\\\/\\\/archiviocassano.lavocedelpaese.info\\\/#organization\"},\"potentialAction\":[{\"@type\":\"SearchAction\",\"target\":{\"@type\":\"EntryPoint\",\"urlTemplate\":\"https:\\\/\\\/archiviocassano.lavocedelpaese.info\\\/?s={search_term_string}\"},\"query-input\":{\"@type\":\"PropertyValueSpecification\",\"valueRequired\":true,\"valueName\":\"search_term_string\"}}],\"inLanguage\":\"it-IT\"},{\"@type\":\"Organization\",\"@id\":\"https:\\\/\\\/archiviocassano.lavocedelpaese.info\\\/#organization\",\"name\":\"Archivio CassanoWeb\",\"url\":\"https:\\\/\\\/archiviocassano.lavocedelpaese.info\\\/\",\"logo\":{\"@type\":\"ImageObject\",\"inLanguage\":\"it-IT\",\"@id\":\"https:\\\/\\\/archiviocassano.lavocedelpaese.info\\\/#\\\/schema\\\/logo\\\/image\\\/\",\"url\":\"https:\\\/\\\/archiviocassano.lavocedelpaese.info\\\/wp-content\\\/uploads\\\/2024\\\/08\\\/logo-rosso-2.png\",\"contentUrl\":\"https:\\\/\\\/archiviocassano.lavocedelpaese.info\\\/wp-content\\\/uploads\\\/2024\\\/08\\\/logo-rosso-2.png\",\"width\":491,\"height\":432,\"caption\":\"Archivio CassanoWeb\"},\"image\":{\"@id\":\"https:\\\/\\\/archiviocassano.lavocedelpaese.info\\\/#\\\/schema\\\/logo\\\/image\\\/\"},\"sameAs\":[\"https:\\\/\\\/www.facebook.com\\\/redazione.cassanoweb\"]},{\"@type\":\"Person\",\"@id\":\"https:\\\/\\\/archiviocassano.lavocedelpaese.info\\\/#\\\/schema\\\/person\\\/df195bc79a9b4c35127cf005f92e041b\",\"name\":\"admin\",\"image\":{\"@type\":\"ImageObject\",\"inLanguage\":\"it-IT\",\"@id\":\"https:\\\/\\\/secure.gravatar.com\\\/avatar\\\/eabba89a432e8eaa1b0207cc55f7e5340b22712b1ed80677efcf63e02ff5b235?s=96&d=mm&r=g\",\"url\":\"https:\\\/\\\/secure.gravatar.com\\\/avatar\\\/eabba89a432e8eaa1b0207cc55f7e5340b22712b1ed80677efcf63e02ff5b235?s=96&d=mm&r=g\",\"contentUrl\":\"https:\\\/\\\/secure.gravatar.com\\\/avatar\\\/eabba89a432e8eaa1b0207cc55f7e5340b22712b1ed80677efcf63e02ff5b235?s=96&d=mm&r=g\",\"caption\":\"admin\"},\"sameAs\":[\"https:\\\/\\\/archiviocassano.lavocedelpaese.info\"],\"url\":\"https:\\\/\\\/archiviocassano.lavocedelpaese.info\\\/index.php\\\/author\\\/admin_0qgz1xdp\\\/\"}]}<\/script>\n<!-- \/ Yoast SEO plugin. -->","yoast_head_json":{"title":"VIGILI URBANI, D'INGEO LASCIA IL COMANDO - Archivio CassanoWeb","robots":{"index":"index","follow":"follow","max-snippet":"max-snippet:-1","max-image-preview":"max-image-preview:large","max-video-preview":"max-video-preview:-1"},"canonical":"https:\/\/archiviocassano.lavocedelpaese.info\/index.php\/2009\/07\/01\/nel-giorno-del-suo-51d-compleanno-il-comandante-dei-vigili-urbani-saluta-cassano-e-va-via\/","og_locale":"it_IT","og_type":"article","og_title":"VIGILI URBANI, D'INGEO LASCIA IL COMANDO - Archivio CassanoWeb","og_url":"https:\/\/archiviocassano.lavocedelpaese.info\/index.php\/2009\/07\/01\/nel-giorno-del-suo-51d-compleanno-il-comandante-dei-vigili-urbani-saluta-cassano-e-va-via\/","og_site_name":"Archivio CassanoWeb","article_publisher":"https:\/\/www.facebook.com\/redazione.cassanoweb","article_published_time":"2009-07-01T08:04:35+00:00","og_image":[{"width":410,"height":200,"url":"https:\/\/archiviocassano.lavocedelpaese.info\/wp-content\/uploads\/2009\/07\/vigili_urbani.jpg","type":"image\/jpeg"}],"author":"admin","twitter_card":"summary_large_image","twitter_misc":{"Scritto da":"admin","Tempo di lettura stimato":"3 minuti"},"schema":{"@context":"https:\/\/schema.org","@graph":[{"@type":"Article","@id":"https:\/\/archiviocassano.lavocedelpaese.info\/index.php\/2009\/07\/01\/nel-giorno-del-suo-51d-compleanno-il-comandante-dei-vigili-urbani-saluta-cassano-e-va-via\/#article","isPartOf":{"@id":"https:\/\/archiviocassano.lavocedelpaese.info\/index.php\/2009\/07\/01\/nel-giorno-del-suo-51d-compleanno-il-comandante-dei-vigili-urbani-saluta-cassano-e-va-via\/"},"author":{"name":"admin","@id":"https:\/\/archiviocassano.lavocedelpaese.info\/#\/schema\/person\/df195bc79a9b4c35127cf005f92e041b"},"headline":"VIGILI URBANI, D&#8217;INGEO LASCIA IL COMANDO","datePublished":"2009-07-01T08:04:35+00:00","mainEntityOfPage":{"@id":"https:\/\/archiviocassano.lavocedelpaese.info\/index.php\/2009\/07\/01\/nel-giorno-del-suo-51d-compleanno-il-comandante-dei-vigili-urbani-saluta-cassano-e-va-via\/"},"wordCount":664,"commentCount":0,"publisher":{"@id":"https:\/\/archiviocassano.lavocedelpaese.info\/#organization"},"image":{"@id":"https:\/\/archiviocassano.lavocedelpaese.info\/index.php\/2009\/07\/01\/nel-giorno-del-suo-51d-compleanno-il-comandante-dei-vigili-urbani-saluta-cassano-e-va-via\/#primaryimage"},"thumbnailUrl":"https:\/\/archiviocassano.lavocedelpaese.info\/wp-content\/uploads\/2009\/07\/vigili_urbani.jpg","articleSection":["La voce del paese"],"inLanguage":"it-IT","potentialAction":[{"@type":"CommentAction","name":"Comment","target":["https:\/\/archiviocassano.lavocedelpaese.info\/index.php\/2009\/07\/01\/nel-giorno-del-suo-51d-compleanno-il-comandante-dei-vigili-urbani-saluta-cassano-e-va-via\/#respond"]}]},{"@type":"WebPage","@id":"https:\/\/archiviocassano.lavocedelpaese.info\/index.php\/2009\/07\/01\/nel-giorno-del-suo-51d-compleanno-il-comandante-dei-vigili-urbani-saluta-cassano-e-va-via\/","url":"https:\/\/archiviocassano.lavocedelpaese.info\/index.php\/2009\/07\/01\/nel-giorno-del-suo-51d-compleanno-il-comandante-dei-vigili-urbani-saluta-cassano-e-va-via\/","name":"VIGILI URBANI, D'INGEO LASCIA IL COMANDO - Archivio CassanoWeb","isPartOf":{"@id":"https:\/\/archiviocassano.lavocedelpaese.info\/#website"},"primaryImageOfPage":{"@id":"https:\/\/archiviocassano.lavocedelpaese.info\/index.php\/2009\/07\/01\/nel-giorno-del-suo-51d-compleanno-il-comandante-dei-vigili-urbani-saluta-cassano-e-va-via\/#primaryimage"},"image":{"@id":"https:\/\/archiviocassano.lavocedelpaese.info\/index.php\/2009\/07\/01\/nel-giorno-del-suo-51d-compleanno-il-comandante-dei-vigili-urbani-saluta-cassano-e-va-via\/#primaryimage"},"thumbnailUrl":"https:\/\/archiviocassano.lavocedelpaese.info\/wp-content\/uploads\/2009\/07\/vigili_urbani.jpg","datePublished":"2009-07-01T08:04:35+00:00","breadcrumb":{"@id":"https:\/\/archiviocassano.lavocedelpaese.info\/index.php\/2009\/07\/01\/nel-giorno-del-suo-51d-compleanno-il-comandante-dei-vigili-urbani-saluta-cassano-e-va-via\/#breadcrumb"},"inLanguage":"it-IT","potentialAction":[{"@type":"ReadAction","target":["https:\/\/archiviocassano.lavocedelpaese.info\/index.php\/2009\/07\/01\/nel-giorno-del-suo-51d-compleanno-il-comandante-dei-vigili-urbani-saluta-cassano-e-va-via\/"]}]},{"@type":"ImageObject","inLanguage":"it-IT","@id":"https:\/\/archiviocassano.lavocedelpaese.info\/index.php\/2009\/07\/01\/nel-giorno-del-suo-51d-compleanno-il-comandante-dei-vigili-urbani-saluta-cassano-e-va-via\/#primaryimage","url":"https:\/\/archiviocassano.lavocedelpaese.info\/wp-content\/uploads\/2009\/07\/vigili_urbani.jpg","contentUrl":"https:\/\/archiviocassano.lavocedelpaese.info\/wp-content\/uploads\/2009\/07\/vigili_urbani.jpg","width":410,"height":200,"caption":"vigili_urbani"},{"@type":"BreadcrumbList","@id":"https:\/\/archiviocassano.lavocedelpaese.info\/index.php\/2009\/07\/01\/nel-giorno-del-suo-51d-compleanno-il-comandante-dei-vigili-urbani-saluta-cassano-e-va-via\/#breadcrumb","itemListElement":[{"@type":"ListItem","position":1,"name":"Home","item":"https:\/\/archiviocassano.lavocedelpaese.info\/"},{"@type":"ListItem","position":2,"name":"VIGILI URBANI, D&#8217;INGEO LASCIA IL COMANDO"}]},{"@type":"WebSite","@id":"https:\/\/archiviocassano.lavocedelpaese.info\/#website","url":"https:\/\/archiviocassano.lavocedelpaese.info\/","name":"Archivio CassanoWeb","description":"La Voce del Paese - un network di idee","publisher":{"@id":"https:\/\/archiviocassano.lavocedelpaese.info\/#organization"},"potentialAction":[{"@type":"SearchAction","target":{"@type":"EntryPoint","urlTemplate":"https:\/\/archiviocassano.lavocedelpaese.info\/?s={search_term_string}"},"query-input":{"@type":"PropertyValueSpecification","valueRequired":true,"valueName":"search_term_string"}}],"inLanguage":"it-IT"},{"@type":"Organization","@id":"https:\/\/archiviocassano.lavocedelpaese.info\/#organization","name":"Archivio CassanoWeb","url":"https:\/\/archiviocassano.lavocedelpaese.info\/","logo":{"@type":"ImageObject","inLanguage":"it-IT","@id":"https:\/\/archiviocassano.lavocedelpaese.info\/#\/schema\/logo\/image\/","url":"https:\/\/archiviocassano.lavocedelpaese.info\/wp-content\/uploads\/2024\/08\/logo-rosso-2.png","contentUrl":"https:\/\/archiviocassano.lavocedelpaese.info\/wp-content\/uploads\/2024\/08\/logo-rosso-2.png","width":491,"height":432,"caption":"Archivio CassanoWeb"},"image":{"@id":"https:\/\/archiviocassano.lavocedelpaese.info\/#\/schema\/logo\/image\/"},"sameAs":["https:\/\/www.facebook.com\/redazione.cassanoweb"]},{"@type":"Person","@id":"https:\/\/archiviocassano.lavocedelpaese.info\/#\/schema\/person\/df195bc79a9b4c35127cf005f92e041b","name":"admin","image":{"@type":"ImageObject","inLanguage":"it-IT","@id":"https:\/\/secure.gravatar.com\/avatar\/eabba89a432e8eaa1b0207cc55f7e5340b22712b1ed80677efcf63e02ff5b235?s=96&d=mm&r=g","url":"https:\/\/secure.gravatar.com\/avatar\/eabba89a432e8eaa1b0207cc55f7e5340b22712b1ed80677efcf63e02ff5b235?s=96&d=mm&r=g","contentUrl":"https:\/\/secure.gravatar.com\/avatar\/eabba89a432e8eaa1b0207cc55f7e5340b22712b1ed80677efcf63e02ff5b235?s=96&d=mm&r=g","caption":"admin"},"sameAs":["https:\/\/archiviocassano.lavocedelpaese.info"],"url":"https:\/\/archiviocassano.lavocedelpaese.info\/index.php\/author\/admin_0qgz1xdp\/"}]}},"_links":{"self":[{"href":"https:\/\/archiviocassano.lavocedelpaese.info\/index.php\/wp-json\/wp\/v2\/posts\/3183","targetHints":{"allow":["GET"]}}],"collection":[{"href":"https:\/\/archiviocassano.lavocedelpaese.info\/index.php\/wp-json\/wp\/v2\/posts"}],"about":[{"href":"https:\/\/archiviocassano.lavocedelpaese.info\/index.php\/wp-json\/wp\/v2\/types\/post"}],"author":[{"embeddable":true,"href":"https:\/\/archiviocassano.lavocedelpaese.info\/index.php\/wp-json\/wp\/v2\/users\/1"}],"replies":[{"embeddable":true,"href":"https:\/\/archiviocassano.lavocedelpaese.info\/index.php\/wp-json\/wp\/v2\/comments?post=3183"}],"version-history":[{"count":0,"href":"https:\/\/archiviocassano.lavocedelpaese.info\/index.php\/wp-json\/wp\/v2\/posts\/3183\/revisions"}],"wp:featuredmedia":[{"embeddable":true,"href":"https:\/\/archiviocassano.lavocedelpaese.info\/index.php\/wp-json\/wp\/v2\/media\/19"}],"wp:attachment":[{"href":"https:\/\/archiviocassano.lavocedelpaese.info\/index.php\/wp-json\/wp\/v2\/media?parent=3183"}],"wp:term":[{"taxonomy":"category","embeddable":true,"href":"https:\/\/archiviocassano.lavocedelpaese.info\/index.php\/wp-json\/wp\/v2\/categories?post=3183"},{"taxonomy":"post_tag","embeddable":true,"href":"https:\/\/archiviocassano.lavocedelpaese.info\/index.php\/wp-json\/wp\/v2\/tags?post=3183"}],"curies":[{"name":"wp","href":"https:\/\/api.w.org\/{rel}","templated":true}]}}