{"id":32,"date":"2009-07-04T12:40:12","date_gmt":"2009-07-04T12:40:12","guid":{"rendered":"https:\/\/archiviocassano.lavocedelpaese.info\/index.php\/2009\/07\/04\/immigrazione-rifondazione-critica-legge\/"},"modified":"2009-07-04T12:40:12","modified_gmt":"2009-07-04T12:40:12","slug":"immigrazione-rifondazione-critica-legge","status":"publish","type":"post","link":"https:\/\/archiviocassano.lavocedelpaese.info\/index.php\/2009\/07\/04\/immigrazione-rifondazione-critica-legge\/","title":{"rendered":"IMMIGRAZIONE, RC CRITICA LA LEGGE"},"content":{"rendered":"<p><img loading=\"lazy\" decoding=\"async\" height=\"156\" width=\"320\" src=\"images\/stories\/archiviofoto\/gallery\/2009\/logo_rifondazione.jpg\" alt=\"logo_rifondazione\" style=\"margin: 5px; float: left;\" \/> <\/p>\n<p><!--more--><\/p>\n<p>La sezione cassanese di Rifondazione Comunista \u201cesprime profonda disapprovazione per la legge razzista approvata ieri mascherata da \u201clegge per la sicurezza\u201d. <\/p>\n<p>Lo si legge in una nota diffusa dal partito guidato da Giuseppe Battista nella quale si fa riferimento al Decreto del Governo Berlusconi varato ieri, \u201cuna legge che calpesta i principi costituzionali di libert\u00e0 e di uguaglianza, si accanisce su coloro che gi\u00e0 sono stati calpestati e umiliati, prima dalla sorte e poi da un sistema mondiale fondato sul dominio del mercato. E\u2019 una legge incostituzionale, che si basa su veri e propri orrori giuridici. Dalle \u2018ronde\u2019, che demoliscono lo Stato di diritto per tutti i cittadini, al reato di immigrazione clandestina che rompe il principio di eguaglianza previsto dall\u2019articolo 3 della Costituzione\u201d.<\/p>\n<p>Continua la nota: \u201cil pacchetto sicurezza peggiora la legge Bossi-Fini, accentuando il perseguimento di una politica contraria non solo all&#8217;immigrazione cosiddetta irregolare, ma anche all&#8217;integrazione dello straniero che soggiorna regolarmente in Italia.<br \/>Questa legge colpisce tutti: chi entra nel territorio via mare o via terra a rischio della propria vita,\u00a0 chi ha perso il lavoro e quindi il permesso di soggiorno,\u00a0 chi vive e lavora senza alcun riconoscimento e senza alcun diritto perch\u00e9 straniero irregolare,\u00a0 chi \u00e8 nato in Italia qui \u00e8 sempre vissuto ma non ha presentato la richiesta di cittadinanza nell\u2019anno successivo al compimento dei diciotto anni di et\u00e0 e in questo modo ha perso il diritto a essere riconosciuto per quello che \u00e8, cio\u00e8 cittadina. Con il pacchetto sicurezza arriva quella che qualcuno ha chiamato senza tanti giri di parole la \u201ctassa sul negro\u201d. Fino a duecento euro per pagare il permesso di soggiorno (ogni volta che viene rinnovato) e l\u2019acquisizione della cittadinanza. Non \u00e8 una tassa, dicono i sostenitori del provvedimento, ma un contributo. Sar\u00e0, ma i contributi obbligatori in Italia si chiamano tasse. Saranno devoluti alle politiche per l\u2019immigrazione. In altre parole, saranno gli stessi immigrati a pagare gli interventi statali a loro favore. Compresi forse i costi dei CIE, i Centri di identificazione ed espulsione che prendono il posto dei CPT, centri di permanenza temporanea, dove gli immigrati clandestini potranno essere rinchiusi anche per sei mesi senza processo in attesa di essere rispediti a casa. Dei luoghi di privazione della libert\u00e0, come le carceri, con mura di cinta e filo spinato.<br \/>Anche dalla chiesa giudizi critici: &#8220;I migranti hanno il diritto di bussare alle nostre porte \u2013 scrive il presidente del Pontificio consiglio della pastorale per i migranti, monsignor Antonio Maria Veglio. Basta demonizzare e criminalizzare il forestiero. L&#8217;arrivo dei migranti non \u00e8 certo un pericolo&#8221;. Mentre per\u00a0 il segretario del pontificio Consiglio, monsignor Agostino Marchetto la nuova legge porter\u00e0 &#8220;molti dolori e difficolt\u00e0 agli immigrati&#8221;.<\/p>\n<p>\u201cCi chiediamo \u2013 scrive infine la sezione cassanese di RC dedicata ad Antonio Gramsci &#8211; se questa legge \u201cper la sicurezza\u201d non finir\u00e0 per acuire i conflitti sociali, se invece di crescere come paese, in linea con gli altri paesi europei, non ci faccia, piuttosto, tornare indietro di anni. Ci chiediamo, inoltre, quali saranno le politiche nei confronti dei migranti a Cassano dove l\u2019amministrazione appena insediatasi non ha previsto una delega assessorile per le politiche migratorie\u2026\u201d<\/p>\n","protected":false},"excerpt":{"rendered":"","protected":false},"author":1,"featured_media":0,"comment_status":"open","ping_status":"closed","sticky":false,"template":"","format":"standard","meta":{"colormag_page_container_layout":"default_layout","colormag_page_sidebar_layout":"default_layout","footnotes":""},"categories":[4],"tags":[],"class_list":["post-32","post","type-post","status-publish","format-standard","hentry","category-politica"],"yoast_head":"<!-- This site is optimized with the Yoast SEO plugin v27.5 - https:\/\/yoast.com\/product\/yoast-seo-wordpress\/ -->\n<title>IMMIGRAZIONE, RC CRITICA LA LEGGE - Archivio CassanoWeb<\/title>\n<meta name=\"robots\" content=\"index, follow, max-snippet:-1, max-image-preview:large, max-video-preview:-1\" \/>\n<link rel=\"canonical\" href=\"https:\/\/archiviocassano.lavocedelpaese.info\/index.php\/2009\/07\/04\/immigrazione-rifondazione-critica-legge\/\" \/>\n<meta property=\"og:locale\" content=\"it_IT\" \/>\n<meta property=\"og:type\" content=\"article\" \/>\n<meta property=\"og:title\" content=\"IMMIGRAZIONE, RC CRITICA LA LEGGE - Archivio CassanoWeb\" \/>\n<meta property=\"og:url\" content=\"https:\/\/archiviocassano.lavocedelpaese.info\/index.php\/2009\/07\/04\/immigrazione-rifondazione-critica-legge\/\" \/>\n<meta property=\"og:site_name\" content=\"Archivio CassanoWeb\" \/>\n<meta property=\"article:publisher\" content=\"https:\/\/www.facebook.com\/redazione.cassanoweb\" \/>\n<meta property=\"article:published_time\" content=\"2009-07-04T12:40:12+00:00\" \/>\n<meta name=\"author\" content=\"admin\" \/>\n<meta name=\"twitter:card\" content=\"summary_large_image\" \/>\n<meta name=\"twitter:label1\" content=\"Scritto da\" \/>\n\t<meta name=\"twitter:data1\" content=\"admin\" \/>\n\t<meta name=\"twitter:label2\" content=\"Tempo di lettura stimato\" \/>\n\t<meta name=\"twitter:data2\" content=\"3 minuti\" \/>\n<script type=\"application\/ld+json\" class=\"yoast-schema-graph\">{\"@context\":\"https:\\\/\\\/schema.org\",\"@graph\":[{\"@type\":\"Article\",\"@id\":\"https:\\\/\\\/archiviocassano.lavocedelpaese.info\\\/index.php\\\/2009\\\/07\\\/04\\\/immigrazione-rifondazione-critica-legge\\\/#article\",\"isPartOf\":{\"@id\":\"https:\\\/\\\/archiviocassano.lavocedelpaese.info\\\/index.php\\\/2009\\\/07\\\/04\\\/immigrazione-rifondazione-critica-legge\\\/\"},\"author\":{\"name\":\"admin\",\"@id\":\"https:\\\/\\\/archiviocassano.lavocedelpaese.info\\\/#\\\/schema\\\/person\\\/df195bc79a9b4c35127cf005f92e041b\"},\"headline\":\"IMMIGRAZIONE, RC CRITICA LA LEGGE\",\"datePublished\":\"2009-07-04T12:40:12+00:00\",\"mainEntityOfPage\":{\"@id\":\"https:\\\/\\\/archiviocassano.lavocedelpaese.info\\\/index.php\\\/2009\\\/07\\\/04\\\/immigrazione-rifondazione-critica-legge\\\/\"},\"wordCount\":527,\"commentCount\":0,\"publisher\":{\"@id\":\"https:\\\/\\\/archiviocassano.lavocedelpaese.info\\\/#organization\"},\"articleSection\":[\"Politica\"],\"inLanguage\":\"it-IT\",\"potentialAction\":[{\"@type\":\"CommentAction\",\"name\":\"Comment\",\"target\":[\"https:\\\/\\\/archiviocassano.lavocedelpaese.info\\\/index.php\\\/2009\\\/07\\\/04\\\/immigrazione-rifondazione-critica-legge\\\/#respond\"]}]},{\"@type\":\"WebPage\",\"@id\":\"https:\\\/\\\/archiviocassano.lavocedelpaese.info\\\/index.php\\\/2009\\\/07\\\/04\\\/immigrazione-rifondazione-critica-legge\\\/\",\"url\":\"https:\\\/\\\/archiviocassano.lavocedelpaese.info\\\/index.php\\\/2009\\\/07\\\/04\\\/immigrazione-rifondazione-critica-legge\\\/\",\"name\":\"IMMIGRAZIONE, RC CRITICA LA LEGGE - Archivio CassanoWeb\",\"isPartOf\":{\"@id\":\"https:\\\/\\\/archiviocassano.lavocedelpaese.info\\\/#website\"},\"datePublished\":\"2009-07-04T12:40:12+00:00\",\"breadcrumb\":{\"@id\":\"https:\\\/\\\/archiviocassano.lavocedelpaese.info\\\/index.php\\\/2009\\\/07\\\/04\\\/immigrazione-rifondazione-critica-legge\\\/#breadcrumb\"},\"inLanguage\":\"it-IT\",\"potentialAction\":[{\"@type\":\"ReadAction\",\"target\":[\"https:\\\/\\\/archiviocassano.lavocedelpaese.info\\\/index.php\\\/2009\\\/07\\\/04\\\/immigrazione-rifondazione-critica-legge\\\/\"]}]},{\"@type\":\"BreadcrumbList\",\"@id\":\"https:\\\/\\\/archiviocassano.lavocedelpaese.info\\\/index.php\\\/2009\\\/07\\\/04\\\/immigrazione-rifondazione-critica-legge\\\/#breadcrumb\",\"itemListElement\":[{\"@type\":\"ListItem\",\"position\":1,\"name\":\"Home\",\"item\":\"https:\\\/\\\/archiviocassano.lavocedelpaese.info\\\/\"},{\"@type\":\"ListItem\",\"position\":2,\"name\":\"IMMIGRAZIONE, RC CRITICA LA LEGGE\"}]},{\"@type\":\"WebSite\",\"@id\":\"https:\\\/\\\/archiviocassano.lavocedelpaese.info\\\/#website\",\"url\":\"https:\\\/\\\/archiviocassano.lavocedelpaese.info\\\/\",\"name\":\"Archivio CassanoWeb\",\"description\":\"La Voce del Paese - un network di idee\",\"publisher\":{\"@id\":\"https:\\\/\\\/archiviocassano.lavocedelpaese.info\\\/#organization\"},\"potentialAction\":[{\"@type\":\"SearchAction\",\"target\":{\"@type\":\"EntryPoint\",\"urlTemplate\":\"https:\\\/\\\/archiviocassano.lavocedelpaese.info\\\/?s={search_term_string}\"},\"query-input\":{\"@type\":\"PropertyValueSpecification\",\"valueRequired\":true,\"valueName\":\"search_term_string\"}}],\"inLanguage\":\"it-IT\"},{\"@type\":\"Organization\",\"@id\":\"https:\\\/\\\/archiviocassano.lavocedelpaese.info\\\/#organization\",\"name\":\"Archivio CassanoWeb\",\"url\":\"https:\\\/\\\/archiviocassano.lavocedelpaese.info\\\/\",\"logo\":{\"@type\":\"ImageObject\",\"inLanguage\":\"it-IT\",\"@id\":\"https:\\\/\\\/archiviocassano.lavocedelpaese.info\\\/#\\\/schema\\\/logo\\\/image\\\/\",\"url\":\"https:\\\/\\\/archiviocassano.lavocedelpaese.info\\\/wp-content\\\/uploads\\\/2024\\\/08\\\/logo-rosso-2.png\",\"contentUrl\":\"https:\\\/\\\/archiviocassano.lavocedelpaese.info\\\/wp-content\\\/uploads\\\/2024\\\/08\\\/logo-rosso-2.png\",\"width\":491,\"height\":432,\"caption\":\"Archivio CassanoWeb\"},\"image\":{\"@id\":\"https:\\\/\\\/archiviocassano.lavocedelpaese.info\\\/#\\\/schema\\\/logo\\\/image\\\/\"},\"sameAs\":[\"https:\\\/\\\/www.facebook.com\\\/redazione.cassanoweb\"]},{\"@type\":\"Person\",\"@id\":\"https:\\\/\\\/archiviocassano.lavocedelpaese.info\\\/#\\\/schema\\\/person\\\/df195bc79a9b4c35127cf005f92e041b\",\"name\":\"admin\",\"image\":{\"@type\":\"ImageObject\",\"inLanguage\":\"it-IT\",\"@id\":\"https:\\\/\\\/secure.gravatar.com\\\/avatar\\\/eabba89a432e8eaa1b0207cc55f7e5340b22712b1ed80677efcf63e02ff5b235?s=96&d=mm&r=g\",\"url\":\"https:\\\/\\\/secure.gravatar.com\\\/avatar\\\/eabba89a432e8eaa1b0207cc55f7e5340b22712b1ed80677efcf63e02ff5b235?s=96&d=mm&r=g\",\"contentUrl\":\"https:\\\/\\\/secure.gravatar.com\\\/avatar\\\/eabba89a432e8eaa1b0207cc55f7e5340b22712b1ed80677efcf63e02ff5b235?s=96&d=mm&r=g\",\"caption\":\"admin\"},\"sameAs\":[\"https:\\\/\\\/archiviocassano.lavocedelpaese.info\"],\"url\":\"https:\\\/\\\/archiviocassano.lavocedelpaese.info\\\/index.php\\\/author\\\/admin_0qgz1xdp\\\/\"}]}<\/script>\n<!-- \/ Yoast SEO plugin. -->","yoast_head_json":{"title":"IMMIGRAZIONE, RC CRITICA LA LEGGE - Archivio CassanoWeb","robots":{"index":"index","follow":"follow","max-snippet":"max-snippet:-1","max-image-preview":"max-image-preview:large","max-video-preview":"max-video-preview:-1"},"canonical":"https:\/\/archiviocassano.lavocedelpaese.info\/index.php\/2009\/07\/04\/immigrazione-rifondazione-critica-legge\/","og_locale":"it_IT","og_type":"article","og_title":"IMMIGRAZIONE, RC CRITICA LA LEGGE - Archivio CassanoWeb","og_url":"https:\/\/archiviocassano.lavocedelpaese.info\/index.php\/2009\/07\/04\/immigrazione-rifondazione-critica-legge\/","og_site_name":"Archivio CassanoWeb","article_publisher":"https:\/\/www.facebook.com\/redazione.cassanoweb","article_published_time":"2009-07-04T12:40:12+00:00","author":"admin","twitter_card":"summary_large_image","twitter_misc":{"Scritto da":"admin","Tempo di lettura stimato":"3 minuti"},"schema":{"@context":"https:\/\/schema.org","@graph":[{"@type":"Article","@id":"https:\/\/archiviocassano.lavocedelpaese.info\/index.php\/2009\/07\/04\/immigrazione-rifondazione-critica-legge\/#article","isPartOf":{"@id":"https:\/\/archiviocassano.lavocedelpaese.info\/index.php\/2009\/07\/04\/immigrazione-rifondazione-critica-legge\/"},"author":{"name":"admin","@id":"https:\/\/archiviocassano.lavocedelpaese.info\/#\/schema\/person\/df195bc79a9b4c35127cf005f92e041b"},"headline":"IMMIGRAZIONE, RC CRITICA LA LEGGE","datePublished":"2009-07-04T12:40:12+00:00","mainEntityOfPage":{"@id":"https:\/\/archiviocassano.lavocedelpaese.info\/index.php\/2009\/07\/04\/immigrazione-rifondazione-critica-legge\/"},"wordCount":527,"commentCount":0,"publisher":{"@id":"https:\/\/archiviocassano.lavocedelpaese.info\/#organization"},"articleSection":["Politica"],"inLanguage":"it-IT","potentialAction":[{"@type":"CommentAction","name":"Comment","target":["https:\/\/archiviocassano.lavocedelpaese.info\/index.php\/2009\/07\/04\/immigrazione-rifondazione-critica-legge\/#respond"]}]},{"@type":"WebPage","@id":"https:\/\/archiviocassano.lavocedelpaese.info\/index.php\/2009\/07\/04\/immigrazione-rifondazione-critica-legge\/","url":"https:\/\/archiviocassano.lavocedelpaese.info\/index.php\/2009\/07\/04\/immigrazione-rifondazione-critica-legge\/","name":"IMMIGRAZIONE, RC CRITICA LA LEGGE - Archivio CassanoWeb","isPartOf":{"@id":"https:\/\/archiviocassano.lavocedelpaese.info\/#website"},"datePublished":"2009-07-04T12:40:12+00:00","breadcrumb":{"@id":"https:\/\/archiviocassano.lavocedelpaese.info\/index.php\/2009\/07\/04\/immigrazione-rifondazione-critica-legge\/#breadcrumb"},"inLanguage":"it-IT","potentialAction":[{"@type":"ReadAction","target":["https:\/\/archiviocassano.lavocedelpaese.info\/index.php\/2009\/07\/04\/immigrazione-rifondazione-critica-legge\/"]}]},{"@type":"BreadcrumbList","@id":"https:\/\/archiviocassano.lavocedelpaese.info\/index.php\/2009\/07\/04\/immigrazione-rifondazione-critica-legge\/#breadcrumb","itemListElement":[{"@type":"ListItem","position":1,"name":"Home","item":"https:\/\/archiviocassano.lavocedelpaese.info\/"},{"@type":"ListItem","position":2,"name":"IMMIGRAZIONE, RC CRITICA LA LEGGE"}]},{"@type":"WebSite","@id":"https:\/\/archiviocassano.lavocedelpaese.info\/#website","url":"https:\/\/archiviocassano.lavocedelpaese.info\/","name":"Archivio CassanoWeb","description":"La Voce del Paese - un network di idee","publisher":{"@id":"https:\/\/archiviocassano.lavocedelpaese.info\/#organization"},"potentialAction":[{"@type":"SearchAction","target":{"@type":"EntryPoint","urlTemplate":"https:\/\/archiviocassano.lavocedelpaese.info\/?s={search_term_string}"},"query-input":{"@type":"PropertyValueSpecification","valueRequired":true,"valueName":"search_term_string"}}],"inLanguage":"it-IT"},{"@type":"Organization","@id":"https:\/\/archiviocassano.lavocedelpaese.info\/#organization","name":"Archivio CassanoWeb","url":"https:\/\/archiviocassano.lavocedelpaese.info\/","logo":{"@type":"ImageObject","inLanguage":"it-IT","@id":"https:\/\/archiviocassano.lavocedelpaese.info\/#\/schema\/logo\/image\/","url":"https:\/\/archiviocassano.lavocedelpaese.info\/wp-content\/uploads\/2024\/08\/logo-rosso-2.png","contentUrl":"https:\/\/archiviocassano.lavocedelpaese.info\/wp-content\/uploads\/2024\/08\/logo-rosso-2.png","width":491,"height":432,"caption":"Archivio CassanoWeb"},"image":{"@id":"https:\/\/archiviocassano.lavocedelpaese.info\/#\/schema\/logo\/image\/"},"sameAs":["https:\/\/www.facebook.com\/redazione.cassanoweb"]},{"@type":"Person","@id":"https:\/\/archiviocassano.lavocedelpaese.info\/#\/schema\/person\/df195bc79a9b4c35127cf005f92e041b","name":"admin","image":{"@type":"ImageObject","inLanguage":"it-IT","@id":"https:\/\/secure.gravatar.com\/avatar\/eabba89a432e8eaa1b0207cc55f7e5340b22712b1ed80677efcf63e02ff5b235?s=96&d=mm&r=g","url":"https:\/\/secure.gravatar.com\/avatar\/eabba89a432e8eaa1b0207cc55f7e5340b22712b1ed80677efcf63e02ff5b235?s=96&d=mm&r=g","contentUrl":"https:\/\/secure.gravatar.com\/avatar\/eabba89a432e8eaa1b0207cc55f7e5340b22712b1ed80677efcf63e02ff5b235?s=96&d=mm&r=g","caption":"admin"},"sameAs":["https:\/\/archiviocassano.lavocedelpaese.info"],"url":"https:\/\/archiviocassano.lavocedelpaese.info\/index.php\/author\/admin_0qgz1xdp\/"}]}},"_links":{"self":[{"href":"https:\/\/archiviocassano.lavocedelpaese.info\/index.php\/wp-json\/wp\/v2\/posts\/32","targetHints":{"allow":["GET"]}}],"collection":[{"href":"https:\/\/archiviocassano.lavocedelpaese.info\/index.php\/wp-json\/wp\/v2\/posts"}],"about":[{"href":"https:\/\/archiviocassano.lavocedelpaese.info\/index.php\/wp-json\/wp\/v2\/types\/post"}],"author":[{"embeddable":true,"href":"https:\/\/archiviocassano.lavocedelpaese.info\/index.php\/wp-json\/wp\/v2\/users\/1"}],"replies":[{"embeddable":true,"href":"https:\/\/archiviocassano.lavocedelpaese.info\/index.php\/wp-json\/wp\/v2\/comments?post=32"}],"version-history":[{"count":0,"href":"https:\/\/archiviocassano.lavocedelpaese.info\/index.php\/wp-json\/wp\/v2\/posts\/32\/revisions"}],"wp:attachment":[{"href":"https:\/\/archiviocassano.lavocedelpaese.info\/index.php\/wp-json\/wp\/v2\/media?parent=32"}],"wp:term":[{"taxonomy":"category","embeddable":true,"href":"https:\/\/archiviocassano.lavocedelpaese.info\/index.php\/wp-json\/wp\/v2\/categories?post=32"},{"taxonomy":"post_tag","embeddable":true,"href":"https:\/\/archiviocassano.lavocedelpaese.info\/index.php\/wp-json\/wp\/v2\/tags?post=32"}],"curies":[{"name":"wp","href":"https:\/\/api.w.org\/{rel}","templated":true}]}}