{"id":329,"date":"2009-09-27T08:09:04","date_gmt":"2009-09-27T08:09:04","guid":{"rendered":"https:\/\/archiviocassano.lavocedelpaese.info\/index.php\/2009\/09\/27\/pubblica-assistenza-uno-sforzo-continuo-per-il-nostro-territorio\/"},"modified":"2009-09-27T08:09:04","modified_gmt":"2009-09-27T08:09:04","slug":"pubblica-assistenza-uno-sforzo-continuo-per-il-nostro-territorio","status":"publish","type":"post","link":"https:\/\/archiviocassano.lavocedelpaese.info\/index.php\/2009\/09\/27\/pubblica-assistenza-uno-sforzo-continuo-per-il-nostro-territorio\/","title":{"rendered":"PUBBLICA ASSISTENZA, PARLA IACOVELLI"},"content":{"rendered":"<p><img loading=\"lazy\" decoding=\"async\" class=\" size-full wp-image-328\" alt=\"raffaele_iacovelli\" src=\"https:\/\/archiviocassano.lavocedelpaese.info\/wp-content\/uploads\/2009\/09\/raffaele_iacovelli.jpg\" width=\"320\" height=\"156\" srcset=\"https:\/\/archiviocassano.lavocedelpaese.info\/wp-content\/uploads\/2009\/09\/raffaele_iacovelli.jpg 410w, https:\/\/archiviocassano.lavocedelpaese.info\/wp-content\/uploads\/2009\/09\/raffaele_iacovelli-300x146.jpg 300w\" sizes=\"auto, (max-width: 320px) 100vw, 320px\" \/> <\/p>\n<p><!--more--><\/p>\n<p><\/p>\n<p style=\"text-align: justify;\">Al termine della stagione estiva, abbiamo intervistato il <strong>Presidente della Associazione \u201cPubblica Assistenza Cassano Murge\u201d,<\/strong> <strong>Raffaele Iacovelli<\/strong> <em>(nella foto<\/em>) per fare un bilancio della situazione e conoscere meglio l\u2019impegno che questo gruppo di volontari ha impiegato in questo campo.<\/p>\n<div style=\"text-align: justify;\"><\/div>\n<p style=\"text-align: justify;\">\u00a0<\/p>\n<div style=\"text-align: justify;\"><\/div>\n<p style=\"text-align: justify;\"><strong>Ad estate finita si pu\u00f2 fare un bilancio sulla stagione degli incendi?<\/strong><\/p>\n<div style=\"text-align: justify;\"><\/div>\n<p style=\"text-align: justify;\">Facendo un bilancio a stagione quasi finita (la stagione \u00e8 stata prorogata al 30 settembre per ragioni di sicurezza) possiamo affermare che rispetto l\u2019anno scorso ci sono stati meno ettari di superficie bruciata su Cassano ( considerando il maxirogo del 15 agosto 2008) ma molti pi\u00f9 interventi antincendio.<\/p>\n<div style=\"text-align: justify;\"><\/div>\n<p style=\"text-align: justify;\">La Pubblica Assistenza ha fattivamente collaborato all\u2019avvistamento e allo spegnimento di 23 roghi di varia natura: boschivo, terreni incolti, pascolo, strutture abbandonate, ciglio stradale, autovetture soprattutto nel mese di agosto. Abbiamo operato con una squadra di volontari di a volte 2, a volte 3 unit\u00e0 di volontari cassanesi con l\u2019ausilio della nostra Fiat Panda 4&#215;4 attrezzata al primo intervento antincendio. Per \u201cattrezzata\u201d si intende che l\u2019automezzo non dispone di un carrello pompa antincendio ma solamente di attrezzi quali flabelli, rastri, zappe ed estintori, attrezzi per primo intervento.\u00a0 \u00a0<\/p>\n<p> <strong>Quest&#8217;anno avete collaborato attivamente alle operazioni, in accordo con altri enti: con chi avete collaborato e com&#8217;\u00e8 andata questa collaborazione?<\/strong><\/p>\n<div style=\"text-align: justify;\"><\/div>\n<p style=\"text-align: justify;\">Quest\u2019anno abbiamo collaborato, in accordo con il Comune, con il Comando di polizia municipale di Cassano, con il Corpo Forestale della Stato &#8211; \u00a0locale stazione di Cassano, e con gli operatori addetti all\u2019antincendio O.T.D. della Regione Puglia.<\/p>\n<div style=\"text-align: justify;\"><\/div>\n<p style=\"text-align: justify;\">Questa collaborazione non ha fatto altro che accrescere in noi la voglia di formarci perch\u00e9 in questa lotta agli incendi estiva una delle priorit\u00e0 assolute \u00e8 quella della conoscenza approfondita del nostro territorio che \u00e8 molto vasto e difficile da gestire. Avendo affiancato gli operatori che da anni conoscono le nostre Murge abbiamo imparato molto e nel nostro piccolo abbiamo cercato di dare il nostro contributo da volontari. In conclusione siamo convinti che questa collaborazione sia utilissima per l\u2019associazione e per tutto il nostro territorio.<\/p>\n<div style=\"text-align: justify;\"><\/div>\n<p style=\"text-align: justify;\"><strong>Rispetto agli altri anni, dunque, c\u2019\u00e8 stata pi\u00f9 prevenzione, ad esempio con l\u2019operazione di avvistamento?<\/strong><\/p>\n<div style=\"text-align: justify;\"><\/div>\n<p style=\"text-align: justify;\">L\u2019avvistamento degli incendi \u00e8 una cosa molto complessa da fare sul nostro territorio in quanto molto vasto e le postazioni di vedetta attuali non danno una visibilit\u00e0 totale in quanto coperte in parte dalle murge quindi la nostra associazione ha dato un contributo agli avvistamenti spostandosi in auto effettuando periodici controlli delle zone pi\u00f9 a rischio del nostro territorio riuscendo effettivamente a fare dei veri e propri avvistamenti. Avvistare in tempo un incendio boschivo \u00e8 vitale per le operazioni di soccorso ogni minuto se il vento \u00e8 a favore del rogo in pochissimo tempo diventa un grosso incendio a quel punto c\u2019\u00e8 bisogno di chiamare rinforzi e la macchina dell\u2019emergenza funziona ma il prezzo da pagare sappiamo tutti qual \u00e8 (mi riferisco all\u2019incendio alla grande quercia e all\u2019incendio del 15 agosto 2008).<\/p>\n<div style=\"text-align: justify;\"><\/div>\n<p style=\"text-align: justify;\"><strong>Che altri tipi di intervento avete fatto, al di l\u00e0 dell&#8217;antincendio?<\/strong><\/p>\n<div style=\"text-align: justify;\"><\/div>\n<p style=\"text-align: justify;\">La nostra Associazione ha iniziato un programma di tutela ambientale che cammina insieme al discorso dell\u2019antincendio infatti la nostra opera di volontariato prevede anche un discorso di monitoraggio ambientale e avvistamento. Questa operazione ci ha portato nel corso dell\u2019estate a segnalare al comando di Polizia Municipale decine di segnalazioni di discariche abusive di vario genere: eternit che come ben sappiamo \u00e8 un materiale molto pericoloso ma che purtroppo continua a distruggere il nostro territorio con la sua massiccia presenza, scarti edili (evidentemente per qualcuno \u00e8 troppo costoso lo smaltimento a norma quindi pi\u00f9 semplice ed economico lasciare tutto sulla murgia) rifiuti ingombranti, autovetture spesso rubate e chi ne ha pi\u00f9 ne metta!! Questo programma di monitoraggio ambientale dar\u00e0 la possibilit\u00e0 agli operatori addetti di provvedere immediatamente allo sgombero di questi rifiuti e si spera che in un futuro tutti i cittadini segnalino ogni abuso alle autorit\u00e0 competenti.<\/p>\n<div style=\"text-align: justify;\"><\/div>\n<p style=\"text-align: justify;\"><strong>Per un p\u00f2 di tempo non si \u00e8 sentito pi\u00f9 parlare di Pubblica Assistenza Cassano e poi siete ricomparsi con altri mezzi e volontari: cos&#8217;era successo e come sta andando con questi &#8220;rinforzi&#8221;?<\/strong><\/p>\n<p> La Pubblica Assistenza ha sempre operato nel territorio\u00a0 ma\u00a0 non ha mai pubblicizzato gli interventi effettuati ,soltanto ora sta rendendo pubblico il suo operato grazie a tutti Voi che divulgate\u00a0 le informazioni in tempo reale. Gli anni precedenti abbiamo collaborato quasi sempre fuori del territorio comunale con altri Enti quali la Protezione Civile regionale ed il 118 ed in alcune manifestazioni importanti come la visita del Papa a Bari. \u00a0Con alcune associazioni come la Pubblica Assistenza EMERVOL di Bitetto per i corsi\u00a0 di Primo Pronto Soccorso \u201c <st1:metricconverter productid=\"118\u201d\" w:st=\"on\">118\u201d<\/st1:metricconverter> riconosciuti dalla Regione Puglia, abbiamo partecipato alle simulazioni di soccorso con il 118 di Bari con l\u2019associazione PAVERS di Sannicandro e l\u2019associazione PAMS di Santeramo in Colle con le quali continuiamo\u00a0 ad avere dei buoni rapporti .<\/p>\n<div style=\"text-align: justify;\"><\/div>\n<p style=\"text-align: justify;\">Con\u00a0 il Comune di Cassano, con la precedente\u00a0 amministrazione abbiamo cercato di collaborare e siamo stati presenti in tutte le calamit\u00e0 e per gli eventi meteorologici come la caduta della neve \u00a0ma il Comune si \u00e8 mostrato sempre indifferente nei nostri confronti e qualche volta ha cercato anche di metterci in difficolt\u00e0 non ascoltando le nostre richieste, quali una sede, dei rimborsi per i servizi resi ed altro.<\/p>\n<div style=\"text-align: justify;\"><\/div>\n<p style=\"text-align: justify;\">A riprova quando si verific\u00f2 l\u2019incendio a FRA&#8217; DIAVOLO mentre la Regione Puglia alla manifestazione della chiusura dell\u2019Antincendio Boschivo avvenuta a Bari il presidente Vendola si congratul\u00f2 con la nostra Associazione per il servizio reso ed anche le Suore dell\u2019Oasi S.Maria inviarono una lettera di ringraziamento, l\u2019ex Sindaco di Cassano Giuseppe Gentile neanche menzion\u00f2 i volontari che intervennero all\u2019incendio di Ferragosto, durante quell\u2019incontro pubblico in piazza Moro.<\/p>\n<div style=\"text-align: justify;\"><\/div>\n<p style=\"text-align: justify;\">Sono anni che chiediamo una sistemazione per noi e per\u00a0 i nostri mezzi che sono un\u2019autoambulanza e negli ultimi anni di una vecchia \u201cPanda\u201d dataci\u00a0 dal Comune stesso ed a prova di ci\u00f2 per un certo periodo l\u2019autoambulanza \u00e8 stata parcheggiata a Santeramo perch\u00e9 i rappresentanti di quel Comune sono stati ben disposti\u00a0 a dare\u00a0 una sistemazione idonea , mentre a Cassano le richieste\u00a0 inoltrate sia al Comune che agli Istituti scolastici per parcheggiare l\u2019ambulanza sono state sempre negative con la motivazione che non vi era posto sufficiente o per problemi di responsabilit\u00e0.<\/p>\n<div style=\"text-align: justify;\"><\/div>\n<p style=\"text-align: justify;\">Negli ultimi tempi si sono avvicinati alcuni giovani i quali hanno dato una nuova spinta di entusiasmo all\u2019associazione con nuove idee . Specialmente <strong>Alessandro Giustino<\/strong> <em>(nella foto, assieme ad Erasmo Natuzzi, volontario \u201cstorico\u201d della PA cassanese, ndr) <\/em>, che voglio ringraziare in questa occasione, si \u00e8 molto prodigato a dare questa nuova spinta al volontariato motivato anche dal fatto che Cassano essendo un paese immerso nella natura viene deturpato con incendi e discariche a cielo aperto.<\/p>\n<div style=\"text-align: justify;\"><\/div>\n<p style=\"text-align: justify;\">Il progetto che vogliamo portare avanti \u00e8 di organizzare un servizio permanente di protezione civile sul territorio con un mezzo antincendio e formazione di volontari come del resto lo prevede il piano comunale di protezione civile.<\/p>\n<div style=\"text-align: justify;\"><\/div>\n<p style=\"text-align: justify;\"><strong>L\u2019Associazione invita tutti ad aiutarci aderendo al nostro progetto, ci trovate\u00a0 tutti i luned\u00ec, mercoled\u00ec, venerd\u00ec dalle 19,30 alle <st1:metricconverter productid=\"21,30 in\" w:st=\"on\">21,30 in<\/st1:metricconverter> piazza Mercatale<\/strong> (ex Sesit) dove fra l\u2019altro \u00e8 aperto un servizio di \u201cInternetPoint\u201d libero per tutti coloro che ne vogliono usufruire.<\/p>\n<p>\u00a0<\/p>\n<p>\u00a0<\/p>\n<p style=\"text-align: center;\"><img loading=\"lazy\" decoding=\"async\" alt=\"volontari_cassanesi\" src=\"images\/stories\/archiviofoto\/volontari_cassanesi.jpg\" width=\"500\" height=\"346\" \/><\/p>\n<p>\u00a0<\/p>\n","protected":false},"excerpt":{"rendered":"","protected":false},"author":1,"featured_media":328,"comment_status":"open","ping_status":"closed","sticky":false,"template":"","format":"standard","meta":{"colormag_page_container_layout":"default_layout","colormag_page_sidebar_layout":"default_layout","footnotes":""},"categories":[7],"tags":[],"class_list":["post-329","post","type-post","status-publish","format-standard","has-post-thumbnail","hentry","category-attualita"],"yoast_head":"<!-- This site is optimized with the Yoast SEO plugin v27.5 - https:\/\/yoast.com\/product\/yoast-seo-wordpress\/ -->\n<title>PUBBLICA ASSISTENZA, PARLA IACOVELLI - Archivio CassanoWeb<\/title>\n<meta name=\"robots\" content=\"index, follow, max-snippet:-1, max-image-preview:large, max-video-preview:-1\" \/>\n<link rel=\"canonical\" href=\"https:\/\/archiviocassano.lavocedelpaese.info\/index.php\/2009\/09\/27\/pubblica-assistenza-uno-sforzo-continuo-per-il-nostro-territorio\/\" \/>\n<meta property=\"og:locale\" content=\"it_IT\" \/>\n<meta property=\"og:type\" content=\"article\" \/>\n<meta property=\"og:title\" content=\"PUBBLICA ASSISTENZA, PARLA IACOVELLI - Archivio CassanoWeb\" \/>\n<meta property=\"og:url\" content=\"https:\/\/archiviocassano.lavocedelpaese.info\/index.php\/2009\/09\/27\/pubblica-assistenza-uno-sforzo-continuo-per-il-nostro-territorio\/\" \/>\n<meta property=\"og:site_name\" content=\"Archivio CassanoWeb\" \/>\n<meta property=\"article:publisher\" content=\"https:\/\/www.facebook.com\/redazione.cassanoweb\" \/>\n<meta property=\"article:published_time\" content=\"2009-09-27T08:09:04+00:00\" \/>\n<meta property=\"og:image\" content=\"https:\/\/archiviocassano.lavocedelpaese.info\/wp-content\/uploads\/2009\/09\/raffaele_iacovelli.jpg\" \/>\n\t<meta property=\"og:image:width\" content=\"410\" \/>\n\t<meta property=\"og:image:height\" content=\"200\" \/>\n\t<meta property=\"og:image:type\" content=\"image\/jpeg\" \/>\n<meta name=\"author\" content=\"admin\" \/>\n<meta name=\"twitter:card\" content=\"summary_large_image\" \/>\n<meta name=\"twitter:label1\" content=\"Scritto da\" \/>\n\t<meta name=\"twitter:data1\" content=\"admin\" \/>\n\t<meta name=\"twitter:label2\" content=\"Tempo di lettura stimato\" \/>\n\t<meta name=\"twitter:data2\" content=\"6 minuti\" \/>\n<script type=\"application\/ld+json\" class=\"yoast-schema-graph\">{\"@context\":\"https:\\\/\\\/schema.org\",\"@graph\":[{\"@type\":\"Article\",\"@id\":\"https:\\\/\\\/archiviocassano.lavocedelpaese.info\\\/index.php\\\/2009\\\/09\\\/27\\\/pubblica-assistenza-uno-sforzo-continuo-per-il-nostro-territorio\\\/#article\",\"isPartOf\":{\"@id\":\"https:\\\/\\\/archiviocassano.lavocedelpaese.info\\\/index.php\\\/2009\\\/09\\\/27\\\/pubblica-assistenza-uno-sforzo-continuo-per-il-nostro-territorio\\\/\"},\"author\":{\"name\":\"admin\",\"@id\":\"https:\\\/\\\/archiviocassano.lavocedelpaese.info\\\/#\\\/schema\\\/person\\\/df195bc79a9b4c35127cf005f92e041b\"},\"headline\":\"PUBBLICA ASSISTENZA, PARLA IACOVELLI\",\"datePublished\":\"2009-09-27T08:09:04+00:00\",\"mainEntityOfPage\":{\"@id\":\"https:\\\/\\\/archiviocassano.lavocedelpaese.info\\\/index.php\\\/2009\\\/09\\\/27\\\/pubblica-assistenza-uno-sforzo-continuo-per-il-nostro-territorio\\\/\"},\"wordCount\":1178,\"commentCount\":0,\"publisher\":{\"@id\":\"https:\\\/\\\/archiviocassano.lavocedelpaese.info\\\/#organization\"},\"image\":{\"@id\":\"https:\\\/\\\/archiviocassano.lavocedelpaese.info\\\/index.php\\\/2009\\\/09\\\/27\\\/pubblica-assistenza-uno-sforzo-continuo-per-il-nostro-territorio\\\/#primaryimage\"},\"thumbnailUrl\":\"https:\\\/\\\/archiviocassano.lavocedelpaese.info\\\/wp-content\\\/uploads\\\/2009\\\/09\\\/raffaele_iacovelli.jpg\",\"articleSection\":[\"Attualit\u00e0\"],\"inLanguage\":\"it-IT\",\"potentialAction\":[{\"@type\":\"CommentAction\",\"name\":\"Comment\",\"target\":[\"https:\\\/\\\/archiviocassano.lavocedelpaese.info\\\/index.php\\\/2009\\\/09\\\/27\\\/pubblica-assistenza-uno-sforzo-continuo-per-il-nostro-territorio\\\/#respond\"]}]},{\"@type\":\"WebPage\",\"@id\":\"https:\\\/\\\/archiviocassano.lavocedelpaese.info\\\/index.php\\\/2009\\\/09\\\/27\\\/pubblica-assistenza-uno-sforzo-continuo-per-il-nostro-territorio\\\/\",\"url\":\"https:\\\/\\\/archiviocassano.lavocedelpaese.info\\\/index.php\\\/2009\\\/09\\\/27\\\/pubblica-assistenza-uno-sforzo-continuo-per-il-nostro-territorio\\\/\",\"name\":\"PUBBLICA ASSISTENZA, PARLA IACOVELLI - Archivio CassanoWeb\",\"isPartOf\":{\"@id\":\"https:\\\/\\\/archiviocassano.lavocedelpaese.info\\\/#website\"},\"primaryImageOfPage\":{\"@id\":\"https:\\\/\\\/archiviocassano.lavocedelpaese.info\\\/index.php\\\/2009\\\/09\\\/27\\\/pubblica-assistenza-uno-sforzo-continuo-per-il-nostro-territorio\\\/#primaryimage\"},\"image\":{\"@id\":\"https:\\\/\\\/archiviocassano.lavocedelpaese.info\\\/index.php\\\/2009\\\/09\\\/27\\\/pubblica-assistenza-uno-sforzo-continuo-per-il-nostro-territorio\\\/#primaryimage\"},\"thumbnailUrl\":\"https:\\\/\\\/archiviocassano.lavocedelpaese.info\\\/wp-content\\\/uploads\\\/2009\\\/09\\\/raffaele_iacovelli.jpg\",\"datePublished\":\"2009-09-27T08:09:04+00:00\",\"breadcrumb\":{\"@id\":\"https:\\\/\\\/archiviocassano.lavocedelpaese.info\\\/index.php\\\/2009\\\/09\\\/27\\\/pubblica-assistenza-uno-sforzo-continuo-per-il-nostro-territorio\\\/#breadcrumb\"},\"inLanguage\":\"it-IT\",\"potentialAction\":[{\"@type\":\"ReadAction\",\"target\":[\"https:\\\/\\\/archiviocassano.lavocedelpaese.info\\\/index.php\\\/2009\\\/09\\\/27\\\/pubblica-assistenza-uno-sforzo-continuo-per-il-nostro-territorio\\\/\"]}]},{\"@type\":\"ImageObject\",\"inLanguage\":\"it-IT\",\"@id\":\"https:\\\/\\\/archiviocassano.lavocedelpaese.info\\\/index.php\\\/2009\\\/09\\\/27\\\/pubblica-assistenza-uno-sforzo-continuo-per-il-nostro-territorio\\\/#primaryimage\",\"url\":\"https:\\\/\\\/archiviocassano.lavocedelpaese.info\\\/wp-content\\\/uploads\\\/2009\\\/09\\\/raffaele_iacovelli.jpg\",\"contentUrl\":\"https:\\\/\\\/archiviocassano.lavocedelpaese.info\\\/wp-content\\\/uploads\\\/2009\\\/09\\\/raffaele_iacovelli.jpg\",\"width\":410,\"height\":200,\"caption\":\"raffaele_iacovelli\"},{\"@type\":\"BreadcrumbList\",\"@id\":\"https:\\\/\\\/archiviocassano.lavocedelpaese.info\\\/index.php\\\/2009\\\/09\\\/27\\\/pubblica-assistenza-uno-sforzo-continuo-per-il-nostro-territorio\\\/#breadcrumb\",\"itemListElement\":[{\"@type\":\"ListItem\",\"position\":1,\"name\":\"Home\",\"item\":\"https:\\\/\\\/archiviocassano.lavocedelpaese.info\\\/\"},{\"@type\":\"ListItem\",\"position\":2,\"name\":\"PUBBLICA ASSISTENZA, PARLA IACOVELLI\"}]},{\"@type\":\"WebSite\",\"@id\":\"https:\\\/\\\/archiviocassano.lavocedelpaese.info\\\/#website\",\"url\":\"https:\\\/\\\/archiviocassano.lavocedelpaese.info\\\/\",\"name\":\"Archivio CassanoWeb\",\"description\":\"La Voce del Paese - un network di idee\",\"publisher\":{\"@id\":\"https:\\\/\\\/archiviocassano.lavocedelpaese.info\\\/#organization\"},\"potentialAction\":[{\"@type\":\"SearchAction\",\"target\":{\"@type\":\"EntryPoint\",\"urlTemplate\":\"https:\\\/\\\/archiviocassano.lavocedelpaese.info\\\/?s={search_term_string}\"},\"query-input\":{\"@type\":\"PropertyValueSpecification\",\"valueRequired\":true,\"valueName\":\"search_term_string\"}}],\"inLanguage\":\"it-IT\"},{\"@type\":\"Organization\",\"@id\":\"https:\\\/\\\/archiviocassano.lavocedelpaese.info\\\/#organization\",\"name\":\"Archivio CassanoWeb\",\"url\":\"https:\\\/\\\/archiviocassano.lavocedelpaese.info\\\/\",\"logo\":{\"@type\":\"ImageObject\",\"inLanguage\":\"it-IT\",\"@id\":\"https:\\\/\\\/archiviocassano.lavocedelpaese.info\\\/#\\\/schema\\\/logo\\\/image\\\/\",\"url\":\"https:\\\/\\\/archiviocassano.lavocedelpaese.info\\\/wp-content\\\/uploads\\\/2024\\\/08\\\/logo-rosso-2.png\",\"contentUrl\":\"https:\\\/\\\/archiviocassano.lavocedelpaese.info\\\/wp-content\\\/uploads\\\/2024\\\/08\\\/logo-rosso-2.png\",\"width\":491,\"height\":432,\"caption\":\"Archivio CassanoWeb\"},\"image\":{\"@id\":\"https:\\\/\\\/archiviocassano.lavocedelpaese.info\\\/#\\\/schema\\\/logo\\\/image\\\/\"},\"sameAs\":[\"https:\\\/\\\/www.facebook.com\\\/redazione.cassanoweb\"]},{\"@type\":\"Person\",\"@id\":\"https:\\\/\\\/archiviocassano.lavocedelpaese.info\\\/#\\\/schema\\\/person\\\/df195bc79a9b4c35127cf005f92e041b\",\"name\":\"admin\",\"image\":{\"@type\":\"ImageObject\",\"inLanguage\":\"it-IT\",\"@id\":\"https:\\\/\\\/secure.gravatar.com\\\/avatar\\\/eabba89a432e8eaa1b0207cc55f7e5340b22712b1ed80677efcf63e02ff5b235?s=96&d=mm&r=g\",\"url\":\"https:\\\/\\\/secure.gravatar.com\\\/avatar\\\/eabba89a432e8eaa1b0207cc55f7e5340b22712b1ed80677efcf63e02ff5b235?s=96&d=mm&r=g\",\"contentUrl\":\"https:\\\/\\\/secure.gravatar.com\\\/avatar\\\/eabba89a432e8eaa1b0207cc55f7e5340b22712b1ed80677efcf63e02ff5b235?s=96&d=mm&r=g\",\"caption\":\"admin\"},\"sameAs\":[\"https:\\\/\\\/archiviocassano.lavocedelpaese.info\"],\"url\":\"https:\\\/\\\/archiviocassano.lavocedelpaese.info\\\/index.php\\\/author\\\/admin_0qgz1xdp\\\/\"}]}<\/script>\n<!-- \/ Yoast SEO plugin. -->","yoast_head_json":{"title":"PUBBLICA ASSISTENZA, PARLA IACOVELLI - Archivio CassanoWeb","robots":{"index":"index","follow":"follow","max-snippet":"max-snippet:-1","max-image-preview":"max-image-preview:large","max-video-preview":"max-video-preview:-1"},"canonical":"https:\/\/archiviocassano.lavocedelpaese.info\/index.php\/2009\/09\/27\/pubblica-assistenza-uno-sforzo-continuo-per-il-nostro-territorio\/","og_locale":"it_IT","og_type":"article","og_title":"PUBBLICA ASSISTENZA, PARLA IACOVELLI - Archivio CassanoWeb","og_url":"https:\/\/archiviocassano.lavocedelpaese.info\/index.php\/2009\/09\/27\/pubblica-assistenza-uno-sforzo-continuo-per-il-nostro-territorio\/","og_site_name":"Archivio CassanoWeb","article_publisher":"https:\/\/www.facebook.com\/redazione.cassanoweb","article_published_time":"2009-09-27T08:09:04+00:00","og_image":[{"width":410,"height":200,"url":"https:\/\/archiviocassano.lavocedelpaese.info\/wp-content\/uploads\/2009\/09\/raffaele_iacovelli.jpg","type":"image\/jpeg"}],"author":"admin","twitter_card":"summary_large_image","twitter_misc":{"Scritto da":"admin","Tempo di lettura stimato":"6 minuti"},"schema":{"@context":"https:\/\/schema.org","@graph":[{"@type":"Article","@id":"https:\/\/archiviocassano.lavocedelpaese.info\/index.php\/2009\/09\/27\/pubblica-assistenza-uno-sforzo-continuo-per-il-nostro-territorio\/#article","isPartOf":{"@id":"https:\/\/archiviocassano.lavocedelpaese.info\/index.php\/2009\/09\/27\/pubblica-assistenza-uno-sforzo-continuo-per-il-nostro-territorio\/"},"author":{"name":"admin","@id":"https:\/\/archiviocassano.lavocedelpaese.info\/#\/schema\/person\/df195bc79a9b4c35127cf005f92e041b"},"headline":"PUBBLICA ASSISTENZA, PARLA IACOVELLI","datePublished":"2009-09-27T08:09:04+00:00","mainEntityOfPage":{"@id":"https:\/\/archiviocassano.lavocedelpaese.info\/index.php\/2009\/09\/27\/pubblica-assistenza-uno-sforzo-continuo-per-il-nostro-territorio\/"},"wordCount":1178,"commentCount":0,"publisher":{"@id":"https:\/\/archiviocassano.lavocedelpaese.info\/#organization"},"image":{"@id":"https:\/\/archiviocassano.lavocedelpaese.info\/index.php\/2009\/09\/27\/pubblica-assistenza-uno-sforzo-continuo-per-il-nostro-territorio\/#primaryimage"},"thumbnailUrl":"https:\/\/archiviocassano.lavocedelpaese.info\/wp-content\/uploads\/2009\/09\/raffaele_iacovelli.jpg","articleSection":["Attualit\u00e0"],"inLanguage":"it-IT","potentialAction":[{"@type":"CommentAction","name":"Comment","target":["https:\/\/archiviocassano.lavocedelpaese.info\/index.php\/2009\/09\/27\/pubblica-assistenza-uno-sforzo-continuo-per-il-nostro-territorio\/#respond"]}]},{"@type":"WebPage","@id":"https:\/\/archiviocassano.lavocedelpaese.info\/index.php\/2009\/09\/27\/pubblica-assistenza-uno-sforzo-continuo-per-il-nostro-territorio\/","url":"https:\/\/archiviocassano.lavocedelpaese.info\/index.php\/2009\/09\/27\/pubblica-assistenza-uno-sforzo-continuo-per-il-nostro-territorio\/","name":"PUBBLICA ASSISTENZA, PARLA IACOVELLI - Archivio CassanoWeb","isPartOf":{"@id":"https:\/\/archiviocassano.lavocedelpaese.info\/#website"},"primaryImageOfPage":{"@id":"https:\/\/archiviocassano.lavocedelpaese.info\/index.php\/2009\/09\/27\/pubblica-assistenza-uno-sforzo-continuo-per-il-nostro-territorio\/#primaryimage"},"image":{"@id":"https:\/\/archiviocassano.lavocedelpaese.info\/index.php\/2009\/09\/27\/pubblica-assistenza-uno-sforzo-continuo-per-il-nostro-territorio\/#primaryimage"},"thumbnailUrl":"https:\/\/archiviocassano.lavocedelpaese.info\/wp-content\/uploads\/2009\/09\/raffaele_iacovelli.jpg","datePublished":"2009-09-27T08:09:04+00:00","breadcrumb":{"@id":"https:\/\/archiviocassano.lavocedelpaese.info\/index.php\/2009\/09\/27\/pubblica-assistenza-uno-sforzo-continuo-per-il-nostro-territorio\/#breadcrumb"},"inLanguage":"it-IT","potentialAction":[{"@type":"ReadAction","target":["https:\/\/archiviocassano.lavocedelpaese.info\/index.php\/2009\/09\/27\/pubblica-assistenza-uno-sforzo-continuo-per-il-nostro-territorio\/"]}]},{"@type":"ImageObject","inLanguage":"it-IT","@id":"https:\/\/archiviocassano.lavocedelpaese.info\/index.php\/2009\/09\/27\/pubblica-assistenza-uno-sforzo-continuo-per-il-nostro-territorio\/#primaryimage","url":"https:\/\/archiviocassano.lavocedelpaese.info\/wp-content\/uploads\/2009\/09\/raffaele_iacovelli.jpg","contentUrl":"https:\/\/archiviocassano.lavocedelpaese.info\/wp-content\/uploads\/2009\/09\/raffaele_iacovelli.jpg","width":410,"height":200,"caption":"raffaele_iacovelli"},{"@type":"BreadcrumbList","@id":"https:\/\/archiviocassano.lavocedelpaese.info\/index.php\/2009\/09\/27\/pubblica-assistenza-uno-sforzo-continuo-per-il-nostro-territorio\/#breadcrumb","itemListElement":[{"@type":"ListItem","position":1,"name":"Home","item":"https:\/\/archiviocassano.lavocedelpaese.info\/"},{"@type":"ListItem","position":2,"name":"PUBBLICA ASSISTENZA, PARLA IACOVELLI"}]},{"@type":"WebSite","@id":"https:\/\/archiviocassano.lavocedelpaese.info\/#website","url":"https:\/\/archiviocassano.lavocedelpaese.info\/","name":"Archivio CassanoWeb","description":"La Voce del Paese - un network di idee","publisher":{"@id":"https:\/\/archiviocassano.lavocedelpaese.info\/#organization"},"potentialAction":[{"@type":"SearchAction","target":{"@type":"EntryPoint","urlTemplate":"https:\/\/archiviocassano.lavocedelpaese.info\/?s={search_term_string}"},"query-input":{"@type":"PropertyValueSpecification","valueRequired":true,"valueName":"search_term_string"}}],"inLanguage":"it-IT"},{"@type":"Organization","@id":"https:\/\/archiviocassano.lavocedelpaese.info\/#organization","name":"Archivio CassanoWeb","url":"https:\/\/archiviocassano.lavocedelpaese.info\/","logo":{"@type":"ImageObject","inLanguage":"it-IT","@id":"https:\/\/archiviocassano.lavocedelpaese.info\/#\/schema\/logo\/image\/","url":"https:\/\/archiviocassano.lavocedelpaese.info\/wp-content\/uploads\/2024\/08\/logo-rosso-2.png","contentUrl":"https:\/\/archiviocassano.lavocedelpaese.info\/wp-content\/uploads\/2024\/08\/logo-rosso-2.png","width":491,"height":432,"caption":"Archivio CassanoWeb"},"image":{"@id":"https:\/\/archiviocassano.lavocedelpaese.info\/#\/schema\/logo\/image\/"},"sameAs":["https:\/\/www.facebook.com\/redazione.cassanoweb"]},{"@type":"Person","@id":"https:\/\/archiviocassano.lavocedelpaese.info\/#\/schema\/person\/df195bc79a9b4c35127cf005f92e041b","name":"admin","image":{"@type":"ImageObject","inLanguage":"it-IT","@id":"https:\/\/secure.gravatar.com\/avatar\/eabba89a432e8eaa1b0207cc55f7e5340b22712b1ed80677efcf63e02ff5b235?s=96&d=mm&r=g","url":"https:\/\/secure.gravatar.com\/avatar\/eabba89a432e8eaa1b0207cc55f7e5340b22712b1ed80677efcf63e02ff5b235?s=96&d=mm&r=g","contentUrl":"https:\/\/secure.gravatar.com\/avatar\/eabba89a432e8eaa1b0207cc55f7e5340b22712b1ed80677efcf63e02ff5b235?s=96&d=mm&r=g","caption":"admin"},"sameAs":["https:\/\/archiviocassano.lavocedelpaese.info"],"url":"https:\/\/archiviocassano.lavocedelpaese.info\/index.php\/author\/admin_0qgz1xdp\/"}]}},"_links":{"self":[{"href":"https:\/\/archiviocassano.lavocedelpaese.info\/index.php\/wp-json\/wp\/v2\/posts\/329","targetHints":{"allow":["GET"]}}],"collection":[{"href":"https:\/\/archiviocassano.lavocedelpaese.info\/index.php\/wp-json\/wp\/v2\/posts"}],"about":[{"href":"https:\/\/archiviocassano.lavocedelpaese.info\/index.php\/wp-json\/wp\/v2\/types\/post"}],"author":[{"embeddable":true,"href":"https:\/\/archiviocassano.lavocedelpaese.info\/index.php\/wp-json\/wp\/v2\/users\/1"}],"replies":[{"embeddable":true,"href":"https:\/\/archiviocassano.lavocedelpaese.info\/index.php\/wp-json\/wp\/v2\/comments?post=329"}],"version-history":[{"count":0,"href":"https:\/\/archiviocassano.lavocedelpaese.info\/index.php\/wp-json\/wp\/v2\/posts\/329\/revisions"}],"wp:featuredmedia":[{"embeddable":true,"href":"https:\/\/archiviocassano.lavocedelpaese.info\/index.php\/wp-json\/wp\/v2\/media\/328"}],"wp:attachment":[{"href":"https:\/\/archiviocassano.lavocedelpaese.info\/index.php\/wp-json\/wp\/v2\/media?parent=329"}],"wp:term":[{"taxonomy":"category","embeddable":true,"href":"https:\/\/archiviocassano.lavocedelpaese.info\/index.php\/wp-json\/wp\/v2\/categories?post=329"},{"taxonomy":"post_tag","embeddable":true,"href":"https:\/\/archiviocassano.lavocedelpaese.info\/index.php\/wp-json\/wp\/v2\/tags?post=329"}],"curies":[{"name":"wp","href":"https:\/\/api.w.org\/{rel}","templated":true}]}}