{"id":3310,"date":"2011-01-25T20:03:58","date_gmt":"2011-01-25T20:03:58","guid":{"rendered":"https:\/\/archiviocassano.lavocedelpaese.info\/index.php\/2011\/01\/25\/assemblea-de-qla-ginestraq-la-relazione-della-presidente\/"},"modified":"2011-01-25T20:03:58","modified_gmt":"2011-01-25T20:03:58","slug":"assemblea-de-qla-ginestraq-la-relazione-della-presidente","status":"publish","type":"post","link":"https:\/\/archiviocassano.lavocedelpaese.info\/index.php\/2011\/01\/25\/assemblea-de-qla-ginestraq-la-relazione-della-presidente\/","title":{"rendered":"&#8220;LA GINESTRA&#8221;: RELAZIONE DELLA PRESIDENTE"},"content":{"rendered":"<p><img loading=\"lazy\" decoding=\"async\" alt=\"assemblea_la_ginestra\" src=\"images\/stories\/archiviofoto\/assemblea_la_ginestra.jpg\" width=\"320\" height=\"150\" \/> <\/p>\n<p><!--more--><\/p>\n<div style=\"text-align: justify;\"><em>Importante assemblea, quella de &#8220;La Ginestra &#8211; Clelia Nuzzaco onlus&#8221;, che sabato scorso ha riunito i soci per il consueto appuntamento annuale che traccia il bilancio dell&#8217;anno trascorso per rilanciare le attivit\u00e0 del nuovo.<\/em><\/div>\n<p style=\"text-align: justify;\"><em>Abbiamo quindi ritenuto utile e opportuno pubblicare la Relazione Morale della presidente Anna Maria Centrulli che delinea i cinque anni di attivit\u00e0 de &#8220;La Ginestra&#8221; e le future prospettive.<\/em><\/p>\n<p style=\"text-align: justify;\">\u00a0<\/p>\n<p style=\"text-align: justify;\">Benvenuti carissimi soci,<\/p>\n<div style=\"text-align: justify;\"><\/div>\n<p style=\"text-align: justify;\">l\u2019assemblea di oggi \u00e8 particolare, pi\u00f9 di quelle degli anni passati, perch\u00e9 il 2010 \u00e8 stato un anno molto impegnativo e denso di avvenimenti. Il \u00a02010\u00a0 (quinto anno di vita ), segna per la  Ginestra una tappa importante e storica, indice che il nostro sodalizio sta crescendo quantitativamente ma soprattutto qualitativamente .<\/p>\n<div style=\"text-align: justify;\"><\/div>\n<p style=\"text-align: justify;\">Siamo stati capaci, grazie a voi soci solidali attenti e pronti, di fronteggiare alcune emergenze del Policlinico di Bari, organizzando in pochissimi giorni\u00a0 , 4 o 5, le raccolte del 14 marzo e del 13 giugno, con esiti molto soddisfacenti e accorrendo a donare in aferesi, quando\u00a0 nel cuore dell\u2019estate avevano estremo bisogno di plasma e piastrine (15 luglio e 20 agosto. ) \u00a0Nell\u2019arco di 6 giorni, 15 di noi sono accorsi al Policlinico per donare in aferesi e tengo a dire che i medici del Centro a lungo hanno ringraziato per la nostra rapidissima risposta all\u2019appello, che, invece, le grandi \u00a0associazioni hanno ignorato ,sebbene pressante\u00a0 e drammatico perch\u00e9 giungeva nel cuore dell\u2019estate .<\/p>\n<div style=\"text-align: justify;\"><\/div>\n<p style=\"text-align: justify;\">Il nostro fiore all\u2019occhiello sono le donazioni estive ( periodo di grande criticit\u00e0 ), che non subiscono alcun calo, si mantengono elevate ed anzi sono in aumento : nei mesi di giugno, luglio ed agosto abbiamo donato 150 unit\u00e0 \u00a0. E permettetemi di dire che l\u2019associazione \u00e8 stata sempre attiva e presente\u00a0 nel periodo estivo e nelle emergenze,perch\u00e9 i componenti del C.D. a turno si sono assentati , assicurando cos\u00ec costanti presenza e attivit\u00e0 nel territorio, pensate che abbiamo \u00a0fatto una riunione di consiglio il 13 agosto!!!<\/p>\n<div style=\"text-align: justify;\"><\/div>\n<p style=\"text-align: justify;\">Nell\u2019arco dell\u2019anno 9 raccolte tra ordinarie e straordinarie diurne e serali hanno portato ad una costante e quasi mensile affissione di locandine, rendendo molto visibile la Ginestra. Da giugno ad ottobre abbiamo fatto 5 raccolte , una mensile. Credo che abbiamo dedicato molta attenzione ai donatori e spero che siamo riusciti a soddisfare le esigenze e le aspettative di chi si \u00e8 rivolto al Consiglio direttivo ; con il contributo dei soci abbiamo fatto fronte alle necessit\u00e0 di sangue segnalate dai donatori per i propri parenti \u00a0e non, in taluni casi i problemi erano molto seri. e difficili da gestire solo in famiglia . E ancor pi\u00f9 ci impegneremo a fare nel futuro.<\/p>\n<div style=\"text-align: justify;\"><\/div>\n<p style=\"text-align: justify;\">Costante \u00e8 stata la preoccupazione e l\u2019attenzione ad essere sempre informati ed aggiornati su leggi regolamenti nazionali e regionali che vengono modificati ed aggiornati con molta frequenza , e sul mondo del volontariato che si muove e si evolve rapidamente .Leggi ,regolamenti , loro interpretazione , scadenze, adempimenti sono spesso un labirinto nel quale \u00e8 facile perdersi ,se non si ha tempo, attenzione e pazienza.<\/p>\n<div style=\"text-align: justify;\"><\/div>\n<p style=\"text-align: justify;\">Non \u00e8 mia intenzione tediarvi con i numeri,tuttavia voglio darvene alcuni,perch\u00e9 rappresentano pi\u00f9 concretamente e visibilmente la crescita e la positivit\u00e0 dell\u2019anno appena concluso :<\/p>\n<div style=\"text-align: justify;\"><\/div>\n<p style=\"text-align: justify;\">\u00a0<\/p>\n<div style=\"text-align: justify;\"><\/div>\n<p style=\"text-align: justify;\">&#8212; Anno 2010 : 447 donazioni e \u00a0546 presenze ossia donatori presentati per donare,<\/p>\n<div style=\"text-align: justify;\"><\/div>\n<p style=\"text-align: justify;\">di cui 30 aferesi<\/p>\n<div style=\"text-align: justify;\"><\/div>\n<p style=\"text-align: justify;\">&#8212; nel\u00a0 2009\u00a0 \u00a0\u00a0\u00a0338 donazioni e 388 presenze . Aferesi 17 .\u00a0 \u00a0UN INCREMENTO DI 112 UNIT\u00c0<\/p>\n<div style=\"text-align: justify;\"><\/div>\n<p style=\"text-align: justify;\">&#8212; nel\u00a0 2008\u00a0\u00a0\u00a0\u00a0 351 donazioni\u00a0 e 410 presenze<\/p>\n<div style=\"text-align: justify;\"><\/div>\n<p style=\"text-align: justify;\">&#8212; nel\u00a0 2007\u00a0\u00a0\u00a0\u00a0 303 donazioni contro\u00a0 356 presenze<\/p>\n<div style=\"text-align: justify;\"><\/div>\n<p style=\"text-align: justify;\">&#8212; nel\u00a0 2006\u00a0\u00a0\u00a0\u00a0 290 donazioni\u00a0 e\u00a0 336 presenze<\/p>\n<div style=\"text-align: justify;\"><\/div>\n<p style=\"text-align: justify;\">&#8212; nel\u00a0 2005\u00a0\u00a0\u00a0\u00a0 239 donazioni \u00a0e 334 presenze<\/p>\n<div style=\"text-align: justify;\"><\/div>\n<p style=\"text-align: justify;\">Donatori nuovi 60 ( di cui 20 non idonei ) \u00a026 donne e 34 uomini , cos\u00ec suddivisi per et\u00e0 :<\/p>\n<div style=\"text-align: justify;\"><\/div>\n<p style=\"text-align: justify;\">&#8212; 18 &#8212; 20 anni\u00a0\u00a0\u00a0\u00a0\u00a0 n\u00a0\u00a0 5<\/p>\n<div style=\"text-align: justify;\"><\/div>\n<p style=\"text-align: justify;\">&#8212; 21 &#8212; 30 anni\u00a0\u00a0\u00a0\u00a0\u00a0 n\u00a0 18<\/p>\n<div style=\"text-align: justify;\"><\/div>\n<p style=\"text-align: justify;\">&#8212; 31 &#8212; 40 anni\u00a0\u00a0\u00a0\u00a0\u00a0 n\u00a0\u00a0 15<\/p>\n<div style=\"text-align: justify;\"><\/div>\n<p style=\"text-align: justify;\">&#8212; 41 &#8212; 50 anni\u00a0\u00a0\u00a0\u00a0\u00a0 n\u00a0\u00a0 15<\/p>\n<div style=\"text-align: justify;\"><\/div>\n<p style=\"text-align: justify;\">&#8212; oltre i 50 anni\u00a0\u00a0\u00a0\u00a0\u00a0 n\u00a0\u00a0\u00a0 7<\/p>\n<div style=\"text-align: justify;\">Nel 2009 i donatori nuovi furono , invece, 28<\/div>\n<p style=\"text-align: justify;\">Tessere nuove emesse nel 2010\u00a0 n 50 contro le 42 dell\u2019anno precedente. Dei nuovi tesserati 21 sono donne e 29 uomini .<\/p>\n<div style=\"text-align: justify;\"><\/div>\n<p style=\"text-align: justify;\">Come annunciato nell\u2019assemblea 2010 volevamo offrire servizi ai soci ed abbiamo avviato le visite cardiologiche. Ben 80 soci l\u2019hanno gi\u00e0 fatta, purtroppo, per\u00f2, questa attivit\u00e0 ha subito un rallentamento per la difficolt\u00e0 di trovare una struttura ospitante in coincidenza della disponibilit\u00e0 del cardiologo e dell\u2019infermiere (che effettua gli elettrocardiogrammi ). Quest\u2019anno sicuramente potremo proseguire speditamente l\u2019attivit\u00e0 non dovendo pi\u00f9 andare raminghi,alla ricerca di ospitalit\u00e0.<\/p>\n<div style=\"text-align: justify;\"><\/div>\n<p style=\"text-align: justify;\">Dopo una lunga ed estenuante trattativa, durata un anno, abbiamo ottenuto dall\u2019attuale Amministrazione, in comodato d\u2019uso gratuito e per 4 anni l\u2019appartamento a livello della strada nel complesso della scuola media. Sar\u00e0 il CENTRO FISSO DI RACCOLTA dove svolgeremo le raccolte di sangue che quest\u2019anno saranno 6, una ogni due mesi e 3 serali. L\u00ec ospiteremo il cardiologo per le visite e tutte le altre iniziative che metteremo in atto. Il CENTRO FISSO DI RACCOLTA, che nasce nel primo lustro di vita dell\u2019associazione, \u00e8 una tappa storica per tutti noi, \u00e8 il SALTO DI QUALITA\u2019 che la Ginestra\u00a0 ha potuto e saputo fare grazie alla maturit\u00e0, la generosit\u00e0 e la prontezza dei suoi SOCI<\/p>\n<div style=\"text-align: justify;\"><\/div>\n<p style=\"text-align: justify;\">Si \u00e8 realizzato un sogno che il consiglio direttivo ed io inseguivamo da tempo. GRAZIE; GRAZIE A VOI \u00a0TUTTI per quello che siete in grado di realizzare. Non voglio essere retorica, ma sono convinta che questa realizzazione rappresenti una svolta per la vitalit\u00e0 della Ginestra ed un vanto per l\u2019associazionismo di Cassano, perch\u00e9 sebbene le leggi\u00a0 e i regolamenti nazionali e regionali in materia di medicina trasfusionale,stanno invogliando alla realizzazione dei Centri fissi di Raccolta, le associazioni pi\u00f9 grandi, pi\u00f9 antiche e potenti e di paesi pi\u00f9 grandi di Cassano non si sono ancora dotate di questo genere di strutture . La Ginestra \u00e8 tra le prime ad averla . Il Centro Fisso di Raccolta rappresenta un impegno economico di rilievo, ma soprattutto associativo ed umano e sono sicurissima che, con l\u2019impegno ed il contributo di tutti noi soci, saremo in grado di gestirlo a lungo e di farlo prosperare.<\/p>\n<div style=\"text-align: justify;\"><\/div>\n<p style=\"text-align: justify;\">Per il programma dell\u2019anno in corso, ho gi\u00e0 anticipato la ripresa delle visite cardiologiche che vogliamo dare al maggior numero di soci possibile, e l\u2019attivazione di altri servizi.. Raccolte\u00a0 programmate 9 di cui 6 domenicali o festive presso il Centro fisso ossia ogni due mesi e 3 serali presso il Miulli , sin d\u2019ora vi dico che cercheremo di dirottarle sulla nostra struttura. L\u2019incremento delle raccolte \u00e8 stato pensato per rendere pi\u00f9 agevole e facile la donazione ai soci che non possono recarsi in ospedale. 6 raccolte sono a cadenza bimestrale e questo si tradurr\u00e0 in un maggior impegno del C.D. .e in una riorganizzazione dei sistemi e mezzi di informazione dei donatori .<\/p>\n<div style=\"text-align: justify;\"><\/div>\n<p style=\"text-align: justify;\">L\u2019allestimento del Centro fisso di raccolta \u00e8 la prima tappa di una storia appena iniziata, che scriveremo giorno per giorno e sar\u00e0 impegno del C.D. rendere questa struttura una realt\u00e0 viva, efficiente, attiva e, per cos\u00ec dire INALIENABILE, affinch\u00e9 alla scadenza del comodato d\u2019uso, fissata dall\u2019attuale Amministrazione in 4 anni, qualunque amministrazione governer\u00e0 il nostro paese\u00a0 non potr\u00e0 avere alcun motivo per revocare il comodato ed anzi ce lo renda pi\u00f9 vantaggioso.<\/p>\n<div style=\"text-align: justify;\"><\/div>\n<p style=\"text-align: justify;\">Nell\u2019immediato futuro dovremo concludere la pratica di accreditamento del Centro fisso, che non abbiamo potuto portare a compimento per problemi alla struttura e per l\u2019aggiornamento del regolamento regionale in materia di medicina trasfusionale, sulla base di nuove normative nazionali ed europee,<\/p>\n<div style=\"text-align: justify;\"><\/div>\n<p style=\"text-align: justify;\">Nei giorni precedenti Natale, l\u2019Agenzia delle Entrate ci ha accreditato una bella sommetta relativa al 5 per mille del 2007 \/2008. Mi preme ringraziare\u00a0 i donatori\u00a0 e quanti hanno voluto assegnare alla nostra Associazione il\u00a0 5 per mille del loro reddito .<\/p>\n<p style=\"text-align: justify;\">.E\u2019 motivo di orgoglio questo attestato di fiducia, per il Consiglio Direttivo che, allo stesso tempo, sente una grande responsabilit\u00e0 a gestire questo denaro come anche quello del contributo regionale. Senza esitazione\u00a0 mi sento e mi permetto di garantire a tutti i soci ed i donatori de \u201cLa Ginestra \u201cche il C.D. si impegner\u00e0 \u00a0ad utilizzare al meglio\u00a0 queste risorse<\/p>\n<div style=\"text-align: justify;\"><\/div>\n<p style=\"text-align: justify;\">Se errori abbiamo commesso, sono stati involontari, e a voi soci spetta esaminarci .<\/p>\n<div style=\"text-align: justify;\"><\/div>\n<p style=\"text-align: justify;\">Prima di cedere la parola al Tesoriere, permettetemi di rivolgere pubblicamente \u00a0il mio personale ringraziamento e quello dell\u2019associazione a tutti i membri del C.D. che, compatto, ha lavorato e non si \u00e8 risparmiato in tutte le occasioni per assolvere a tutti gli impegni.<\/p>\n<p>\u00a0<\/p>\n","protected":false},"excerpt":{"rendered":"","protected":false},"author":1,"featured_media":0,"comment_status":"open","ping_status":"closed","sticky":false,"template":"","format":"standard","meta":{"colormag_page_container_layout":"default_layout","colormag_page_sidebar_layout":"default_layout","footnotes":""},"categories":[7],"tags":[],"class_list":["post-3310","post","type-post","status-publish","format-standard","hentry","category-attualita"],"yoast_head":"<!-- This site is optimized with the Yoast SEO plugin v27.5 - https:\/\/yoast.com\/product\/yoast-seo-wordpress\/ -->\n<title>&quot;LA GINESTRA&quot;: RELAZIONE DELLA PRESIDENTE - Archivio CassanoWeb<\/title>\n<meta name=\"robots\" content=\"index, follow, max-snippet:-1, max-image-preview:large, max-video-preview:-1\" \/>\n<link rel=\"canonical\" href=\"https:\/\/archiviocassano.lavocedelpaese.info\/index.php\/2011\/01\/25\/assemblea-de-qla-ginestraq-la-relazione-della-presidente\/\" \/>\n<meta property=\"og:locale\" content=\"it_IT\" \/>\n<meta property=\"og:type\" content=\"article\" \/>\n<meta property=\"og:title\" content=\"&quot;LA GINESTRA&quot;: RELAZIONE DELLA PRESIDENTE - Archivio CassanoWeb\" \/>\n<meta property=\"og:url\" content=\"https:\/\/archiviocassano.lavocedelpaese.info\/index.php\/2011\/01\/25\/assemblea-de-qla-ginestraq-la-relazione-della-presidente\/\" \/>\n<meta property=\"og:site_name\" content=\"Archivio CassanoWeb\" \/>\n<meta property=\"article:publisher\" content=\"https:\/\/www.facebook.com\/redazione.cassanoweb\" \/>\n<meta property=\"article:published_time\" content=\"2011-01-25T20:03:58+00:00\" \/>\n<meta name=\"author\" content=\"admin\" \/>\n<meta name=\"twitter:card\" content=\"summary_large_image\" \/>\n<meta name=\"twitter:label1\" content=\"Scritto da\" \/>\n\t<meta name=\"twitter:data1\" content=\"admin\" \/>\n\t<meta name=\"twitter:label2\" content=\"Tempo di lettura stimato\" \/>\n\t<meta name=\"twitter:data2\" content=\"7 minuti\" \/>\n<script type=\"application\/ld+json\" class=\"yoast-schema-graph\">{\"@context\":\"https:\\\/\\\/schema.org\",\"@graph\":[{\"@type\":\"Article\",\"@id\":\"https:\\\/\\\/archiviocassano.lavocedelpaese.info\\\/index.php\\\/2011\\\/01\\\/25\\\/assemblea-de-qla-ginestraq-la-relazione-della-presidente\\\/#article\",\"isPartOf\":{\"@id\":\"https:\\\/\\\/archiviocassano.lavocedelpaese.info\\\/index.php\\\/2011\\\/01\\\/25\\\/assemblea-de-qla-ginestraq-la-relazione-della-presidente\\\/\"},\"author\":{\"name\":\"admin\",\"@id\":\"https:\\\/\\\/archiviocassano.lavocedelpaese.info\\\/#\\\/schema\\\/person\\\/df195bc79a9b4c35127cf005f92e041b\"},\"headline\":\"&#8220;LA GINESTRA&#8221;: RELAZIONE DELLA PRESIDENTE\",\"datePublished\":\"2011-01-25T20:03:58+00:00\",\"mainEntityOfPage\":{\"@id\":\"https:\\\/\\\/archiviocassano.lavocedelpaese.info\\\/index.php\\\/2011\\\/01\\\/25\\\/assemblea-de-qla-ginestraq-la-relazione-della-presidente\\\/\"},\"wordCount\":1320,\"commentCount\":0,\"publisher\":{\"@id\":\"https:\\\/\\\/archiviocassano.lavocedelpaese.info\\\/#organization\"},\"articleSection\":[\"Attualit\u00e0\"],\"inLanguage\":\"it-IT\",\"potentialAction\":[{\"@type\":\"CommentAction\",\"name\":\"Comment\",\"target\":[\"https:\\\/\\\/archiviocassano.lavocedelpaese.info\\\/index.php\\\/2011\\\/01\\\/25\\\/assemblea-de-qla-ginestraq-la-relazione-della-presidente\\\/#respond\"]}]},{\"@type\":\"WebPage\",\"@id\":\"https:\\\/\\\/archiviocassano.lavocedelpaese.info\\\/index.php\\\/2011\\\/01\\\/25\\\/assemblea-de-qla-ginestraq-la-relazione-della-presidente\\\/\",\"url\":\"https:\\\/\\\/archiviocassano.lavocedelpaese.info\\\/index.php\\\/2011\\\/01\\\/25\\\/assemblea-de-qla-ginestraq-la-relazione-della-presidente\\\/\",\"name\":\"\\\"LA GINESTRA\\\": RELAZIONE DELLA PRESIDENTE - Archivio CassanoWeb\",\"isPartOf\":{\"@id\":\"https:\\\/\\\/archiviocassano.lavocedelpaese.info\\\/#website\"},\"datePublished\":\"2011-01-25T20:03:58+00:00\",\"breadcrumb\":{\"@id\":\"https:\\\/\\\/archiviocassano.lavocedelpaese.info\\\/index.php\\\/2011\\\/01\\\/25\\\/assemblea-de-qla-ginestraq-la-relazione-della-presidente\\\/#breadcrumb\"},\"inLanguage\":\"it-IT\",\"potentialAction\":[{\"@type\":\"ReadAction\",\"target\":[\"https:\\\/\\\/archiviocassano.lavocedelpaese.info\\\/index.php\\\/2011\\\/01\\\/25\\\/assemblea-de-qla-ginestraq-la-relazione-della-presidente\\\/\"]}]},{\"@type\":\"BreadcrumbList\",\"@id\":\"https:\\\/\\\/archiviocassano.lavocedelpaese.info\\\/index.php\\\/2011\\\/01\\\/25\\\/assemblea-de-qla-ginestraq-la-relazione-della-presidente\\\/#breadcrumb\",\"itemListElement\":[{\"@type\":\"ListItem\",\"position\":1,\"name\":\"Home\",\"item\":\"https:\\\/\\\/archiviocassano.lavocedelpaese.info\\\/\"},{\"@type\":\"ListItem\",\"position\":2,\"name\":\"&#8220;LA GINESTRA&#8221;: RELAZIONE DELLA PRESIDENTE\"}]},{\"@type\":\"WebSite\",\"@id\":\"https:\\\/\\\/archiviocassano.lavocedelpaese.info\\\/#website\",\"url\":\"https:\\\/\\\/archiviocassano.lavocedelpaese.info\\\/\",\"name\":\"Archivio CassanoWeb\",\"description\":\"La Voce del Paese - un network di idee\",\"publisher\":{\"@id\":\"https:\\\/\\\/archiviocassano.lavocedelpaese.info\\\/#organization\"},\"potentialAction\":[{\"@type\":\"SearchAction\",\"target\":{\"@type\":\"EntryPoint\",\"urlTemplate\":\"https:\\\/\\\/archiviocassano.lavocedelpaese.info\\\/?s={search_term_string}\"},\"query-input\":{\"@type\":\"PropertyValueSpecification\",\"valueRequired\":true,\"valueName\":\"search_term_string\"}}],\"inLanguage\":\"it-IT\"},{\"@type\":\"Organization\",\"@id\":\"https:\\\/\\\/archiviocassano.lavocedelpaese.info\\\/#organization\",\"name\":\"Archivio CassanoWeb\",\"url\":\"https:\\\/\\\/archiviocassano.lavocedelpaese.info\\\/\",\"logo\":{\"@type\":\"ImageObject\",\"inLanguage\":\"it-IT\",\"@id\":\"https:\\\/\\\/archiviocassano.lavocedelpaese.info\\\/#\\\/schema\\\/logo\\\/image\\\/\",\"url\":\"https:\\\/\\\/archiviocassano.lavocedelpaese.info\\\/wp-content\\\/uploads\\\/2024\\\/08\\\/logo-rosso-2.png\",\"contentUrl\":\"https:\\\/\\\/archiviocassano.lavocedelpaese.info\\\/wp-content\\\/uploads\\\/2024\\\/08\\\/logo-rosso-2.png\",\"width\":491,\"height\":432,\"caption\":\"Archivio CassanoWeb\"},\"image\":{\"@id\":\"https:\\\/\\\/archiviocassano.lavocedelpaese.info\\\/#\\\/schema\\\/logo\\\/image\\\/\"},\"sameAs\":[\"https:\\\/\\\/www.facebook.com\\\/redazione.cassanoweb\"]},{\"@type\":\"Person\",\"@id\":\"https:\\\/\\\/archiviocassano.lavocedelpaese.info\\\/#\\\/schema\\\/person\\\/df195bc79a9b4c35127cf005f92e041b\",\"name\":\"admin\",\"image\":{\"@type\":\"ImageObject\",\"inLanguage\":\"it-IT\",\"@id\":\"https:\\\/\\\/secure.gravatar.com\\\/avatar\\\/eabba89a432e8eaa1b0207cc55f7e5340b22712b1ed80677efcf63e02ff5b235?s=96&d=mm&r=g\",\"url\":\"https:\\\/\\\/secure.gravatar.com\\\/avatar\\\/eabba89a432e8eaa1b0207cc55f7e5340b22712b1ed80677efcf63e02ff5b235?s=96&d=mm&r=g\",\"contentUrl\":\"https:\\\/\\\/secure.gravatar.com\\\/avatar\\\/eabba89a432e8eaa1b0207cc55f7e5340b22712b1ed80677efcf63e02ff5b235?s=96&d=mm&r=g\",\"caption\":\"admin\"},\"sameAs\":[\"https:\\\/\\\/archiviocassano.lavocedelpaese.info\"],\"url\":\"https:\\\/\\\/archiviocassano.lavocedelpaese.info\\\/index.php\\\/author\\\/admin_0qgz1xdp\\\/\"}]}<\/script>\n<!-- \/ Yoast SEO plugin. -->","yoast_head_json":{"title":"\"LA GINESTRA\": RELAZIONE DELLA PRESIDENTE - Archivio CassanoWeb","robots":{"index":"index","follow":"follow","max-snippet":"max-snippet:-1","max-image-preview":"max-image-preview:large","max-video-preview":"max-video-preview:-1"},"canonical":"https:\/\/archiviocassano.lavocedelpaese.info\/index.php\/2011\/01\/25\/assemblea-de-qla-ginestraq-la-relazione-della-presidente\/","og_locale":"it_IT","og_type":"article","og_title":"\"LA GINESTRA\": RELAZIONE DELLA PRESIDENTE - Archivio CassanoWeb","og_url":"https:\/\/archiviocassano.lavocedelpaese.info\/index.php\/2011\/01\/25\/assemblea-de-qla-ginestraq-la-relazione-della-presidente\/","og_site_name":"Archivio CassanoWeb","article_publisher":"https:\/\/www.facebook.com\/redazione.cassanoweb","article_published_time":"2011-01-25T20:03:58+00:00","author":"admin","twitter_card":"summary_large_image","twitter_misc":{"Scritto da":"admin","Tempo di lettura stimato":"7 minuti"},"schema":{"@context":"https:\/\/schema.org","@graph":[{"@type":"Article","@id":"https:\/\/archiviocassano.lavocedelpaese.info\/index.php\/2011\/01\/25\/assemblea-de-qla-ginestraq-la-relazione-della-presidente\/#article","isPartOf":{"@id":"https:\/\/archiviocassano.lavocedelpaese.info\/index.php\/2011\/01\/25\/assemblea-de-qla-ginestraq-la-relazione-della-presidente\/"},"author":{"name":"admin","@id":"https:\/\/archiviocassano.lavocedelpaese.info\/#\/schema\/person\/df195bc79a9b4c35127cf005f92e041b"},"headline":"&#8220;LA GINESTRA&#8221;: RELAZIONE DELLA PRESIDENTE","datePublished":"2011-01-25T20:03:58+00:00","mainEntityOfPage":{"@id":"https:\/\/archiviocassano.lavocedelpaese.info\/index.php\/2011\/01\/25\/assemblea-de-qla-ginestraq-la-relazione-della-presidente\/"},"wordCount":1320,"commentCount":0,"publisher":{"@id":"https:\/\/archiviocassano.lavocedelpaese.info\/#organization"},"articleSection":["Attualit\u00e0"],"inLanguage":"it-IT","potentialAction":[{"@type":"CommentAction","name":"Comment","target":["https:\/\/archiviocassano.lavocedelpaese.info\/index.php\/2011\/01\/25\/assemblea-de-qla-ginestraq-la-relazione-della-presidente\/#respond"]}]},{"@type":"WebPage","@id":"https:\/\/archiviocassano.lavocedelpaese.info\/index.php\/2011\/01\/25\/assemblea-de-qla-ginestraq-la-relazione-della-presidente\/","url":"https:\/\/archiviocassano.lavocedelpaese.info\/index.php\/2011\/01\/25\/assemblea-de-qla-ginestraq-la-relazione-della-presidente\/","name":"\"LA GINESTRA\": RELAZIONE DELLA PRESIDENTE - Archivio CassanoWeb","isPartOf":{"@id":"https:\/\/archiviocassano.lavocedelpaese.info\/#website"},"datePublished":"2011-01-25T20:03:58+00:00","breadcrumb":{"@id":"https:\/\/archiviocassano.lavocedelpaese.info\/index.php\/2011\/01\/25\/assemblea-de-qla-ginestraq-la-relazione-della-presidente\/#breadcrumb"},"inLanguage":"it-IT","potentialAction":[{"@type":"ReadAction","target":["https:\/\/archiviocassano.lavocedelpaese.info\/index.php\/2011\/01\/25\/assemblea-de-qla-ginestraq-la-relazione-della-presidente\/"]}]},{"@type":"BreadcrumbList","@id":"https:\/\/archiviocassano.lavocedelpaese.info\/index.php\/2011\/01\/25\/assemblea-de-qla-ginestraq-la-relazione-della-presidente\/#breadcrumb","itemListElement":[{"@type":"ListItem","position":1,"name":"Home","item":"https:\/\/archiviocassano.lavocedelpaese.info\/"},{"@type":"ListItem","position":2,"name":"&#8220;LA GINESTRA&#8221;: RELAZIONE DELLA PRESIDENTE"}]},{"@type":"WebSite","@id":"https:\/\/archiviocassano.lavocedelpaese.info\/#website","url":"https:\/\/archiviocassano.lavocedelpaese.info\/","name":"Archivio CassanoWeb","description":"La Voce del Paese - un network di idee","publisher":{"@id":"https:\/\/archiviocassano.lavocedelpaese.info\/#organization"},"potentialAction":[{"@type":"SearchAction","target":{"@type":"EntryPoint","urlTemplate":"https:\/\/archiviocassano.lavocedelpaese.info\/?s={search_term_string}"},"query-input":{"@type":"PropertyValueSpecification","valueRequired":true,"valueName":"search_term_string"}}],"inLanguage":"it-IT"},{"@type":"Organization","@id":"https:\/\/archiviocassano.lavocedelpaese.info\/#organization","name":"Archivio CassanoWeb","url":"https:\/\/archiviocassano.lavocedelpaese.info\/","logo":{"@type":"ImageObject","inLanguage":"it-IT","@id":"https:\/\/archiviocassano.lavocedelpaese.info\/#\/schema\/logo\/image\/","url":"https:\/\/archiviocassano.lavocedelpaese.info\/wp-content\/uploads\/2024\/08\/logo-rosso-2.png","contentUrl":"https:\/\/archiviocassano.lavocedelpaese.info\/wp-content\/uploads\/2024\/08\/logo-rosso-2.png","width":491,"height":432,"caption":"Archivio CassanoWeb"},"image":{"@id":"https:\/\/archiviocassano.lavocedelpaese.info\/#\/schema\/logo\/image\/"},"sameAs":["https:\/\/www.facebook.com\/redazione.cassanoweb"]},{"@type":"Person","@id":"https:\/\/archiviocassano.lavocedelpaese.info\/#\/schema\/person\/df195bc79a9b4c35127cf005f92e041b","name":"admin","image":{"@type":"ImageObject","inLanguage":"it-IT","@id":"https:\/\/secure.gravatar.com\/avatar\/eabba89a432e8eaa1b0207cc55f7e5340b22712b1ed80677efcf63e02ff5b235?s=96&d=mm&r=g","url":"https:\/\/secure.gravatar.com\/avatar\/eabba89a432e8eaa1b0207cc55f7e5340b22712b1ed80677efcf63e02ff5b235?s=96&d=mm&r=g","contentUrl":"https:\/\/secure.gravatar.com\/avatar\/eabba89a432e8eaa1b0207cc55f7e5340b22712b1ed80677efcf63e02ff5b235?s=96&d=mm&r=g","caption":"admin"},"sameAs":["https:\/\/archiviocassano.lavocedelpaese.info"],"url":"https:\/\/archiviocassano.lavocedelpaese.info\/index.php\/author\/admin_0qgz1xdp\/"}]}},"_links":{"self":[{"href":"https:\/\/archiviocassano.lavocedelpaese.info\/index.php\/wp-json\/wp\/v2\/posts\/3310","targetHints":{"allow":["GET"]}}],"collection":[{"href":"https:\/\/archiviocassano.lavocedelpaese.info\/index.php\/wp-json\/wp\/v2\/posts"}],"about":[{"href":"https:\/\/archiviocassano.lavocedelpaese.info\/index.php\/wp-json\/wp\/v2\/types\/post"}],"author":[{"embeddable":true,"href":"https:\/\/archiviocassano.lavocedelpaese.info\/index.php\/wp-json\/wp\/v2\/users\/1"}],"replies":[{"embeddable":true,"href":"https:\/\/archiviocassano.lavocedelpaese.info\/index.php\/wp-json\/wp\/v2\/comments?post=3310"}],"version-history":[{"count":0,"href":"https:\/\/archiviocassano.lavocedelpaese.info\/index.php\/wp-json\/wp\/v2\/posts\/3310\/revisions"}],"wp:attachment":[{"href":"https:\/\/archiviocassano.lavocedelpaese.info\/index.php\/wp-json\/wp\/v2\/media?parent=3310"}],"wp:term":[{"taxonomy":"category","embeddable":true,"href":"https:\/\/archiviocassano.lavocedelpaese.info\/index.php\/wp-json\/wp\/v2\/categories?post=3310"},{"taxonomy":"post_tag","embeddable":true,"href":"https:\/\/archiviocassano.lavocedelpaese.info\/index.php\/wp-json\/wp\/v2\/tags?post=3310"}],"curies":[{"name":"wp","href":"https:\/\/api.w.org\/{rel}","templated":true}]}}