{"id":3311,"date":"2011-01-26T07:34:21","date_gmt":"2011-01-26T07:34:21","guid":{"rendered":"https:\/\/archiviocassano.lavocedelpaese.info\/index.php\/2011\/01\/26\/fonti-rinnovabili-occorre-accellerare-sulla-commissione-dinchiesta\/"},"modified":"2011-01-26T07:34:21","modified_gmt":"2011-01-26T07:34:21","slug":"fonti-rinnovabili-occorre-accellerare-sulla-commissione-dinchiesta","status":"publish","type":"post","link":"https:\/\/archiviocassano.lavocedelpaese.info\/index.php\/2011\/01\/26\/fonti-rinnovabili-occorre-accellerare-sulla-commissione-dinchiesta\/","title":{"rendered":"RINNOVABILI: OCCORRE UNA COMMISSIONE D&#8217;INCHIESTA"},"content":{"rendered":"<p><img loading=\"lazy\" decoding=\"async\" alt=\"zullo_e_dicanosa\" src=\"images\/stories\/zullo_e_dicanosa.jpg\" width=\"320\" height=\"150\" \/> <\/p>\n<p><!--more--><\/p>\n<p><\/p>\n<p>\u00a0<\/p>\n<p style=\"text-align: justify;\">Se addirittura anche il Governo Regionale sente la necessit\u00e0 impellente di allertare il Prefetto di Bari sulle presunte infiltrazioni mafiose nelle energie da fonti rinnovabili nella nostra Regione, non si comprende perch\u00e9 non si acceleri sulla nostra proposta di legge tendente a istituire una Commissione Speciale di Indagine.<\/p>\n<div style=\"text-align: justify;\"><\/div>\n<p style=\"text-align: justify;\">Fin dal 14 dicembre scorso chiediamo che sia istituita detta Commissione al fine di chiarire e comprendere se, nell\u2019ambito del settore dell\u2019energia rinnovabile, ci siano stati o ci sono procedure tecnico-amministrative e prassi politiche di cui possano essersi serviti i mafiosi e se si \u00e8 verificato una penetrazione delle organizzazioni criminali nei procedimenti amministrativi attraverso la complicit\u00e0 di uffici regionali, amministrazioni locali, professionisti ed imprenditori.<\/p>\n<div style=\"text-align: justify;\"><\/div>\n<p style=\"text-align: justify;\"><em>\u201cPer avere la forza di opporci con buone ragioni all\u2019avventura del nucleare ma anche del rigassificatore a Brindisi abbiamo scelto, come opzione strategica, le energie rinnovabili. Non siamo stati la Regione dei no. \u2018<strong>Abbiamo detto si\u2019 all\u2019eolico<\/strong> <strong>e al solare<\/strong>, diventando in questi segmenti di \u2018green economy\u2019 i primi produttori nazionali\u201d.<\/em> Questo diceva il presidente della Regione Puglia, Nichi Vendola, nel suo discorso alla inaugurazione della 74\/esima edizione della Fiera del Levante del settembre scorso\u201d.<\/p>\n<div style=\"text-align: justify;\"><\/div>\n<p style=\"text-align: justify;\">E\u2019 fin troppo evidente che le responsabilit\u00e0 politiche ed amministrative di tutto ci\u00f2 sono del Presidente Vendola e della sua Giunta la cui azione ha trasformato l\u2019ideale Puglia Migliore in un territorio tappezzato di pannelli solari e pale eoliche che non solo deturpano il paesaggio e l\u2019ambiente ma addirittura non hanno ridotto l\u2019emissione di CO2 n\u00e9 il costo della bolletta Enel per le famiglie e, aspetto ancor pi\u00f9 grave, a sentire la Commissione Nazionale Antimafia e prim\u2019ancora la conduttrice di Report in RAI 3, c\u2019\u00e8 addirittura l\u2019ombra del malaffare e della criminalit\u00e0 organizzata.<\/p>\n<div style=\"text-align: justify;\"><\/div>\n<p style=\"text-align: justify;\">Se ora lancia l\u2019allarme anche il vicepresidente della Giunta Regionale assessore Loredana Capone, non si pu\u00f2 pi\u00f9 indugiare anche nelle attivit\u00e0 di controllo consiliare. C\u2019\u00e8 quella Puglia, ritenuta a torto peggiore, che chiede che si affronti e si discuta con ogni urgenza la nostra proposta di legge.<\/p>\n","protected":false},"excerpt":{"rendered":"","protected":false},"author":1,"featured_media":0,"comment_status":"open","ping_status":"closed","sticky":false,"template":"","format":"standard","meta":{"colormag_page_container_layout":"default_layout","colormag_page_sidebar_layout":"default_layout","footnotes":""},"categories":[9],"tags":[],"class_list":["post-3311","post","type-post","status-publish","format-standard","hentry","category-la-voce-del-paese"],"yoast_head":"<!-- This site is optimized with the Yoast SEO plugin v27.5 - https:\/\/yoast.com\/product\/yoast-seo-wordpress\/ -->\n<title>RINNOVABILI: OCCORRE UNA COMMISSIONE D&#039;INCHIESTA - Archivio CassanoWeb<\/title>\n<meta name=\"robots\" content=\"index, follow, max-snippet:-1, max-image-preview:large, max-video-preview:-1\" \/>\n<link rel=\"canonical\" href=\"https:\/\/archiviocassano.lavocedelpaese.info\/index.php\/2011\/01\/26\/fonti-rinnovabili-occorre-accellerare-sulla-commissione-dinchiesta\/\" \/>\n<meta property=\"og:locale\" content=\"it_IT\" \/>\n<meta property=\"og:type\" content=\"article\" \/>\n<meta property=\"og:title\" content=\"RINNOVABILI: OCCORRE UNA COMMISSIONE D&#039;INCHIESTA - Archivio CassanoWeb\" \/>\n<meta property=\"og:url\" content=\"https:\/\/archiviocassano.lavocedelpaese.info\/index.php\/2011\/01\/26\/fonti-rinnovabili-occorre-accellerare-sulla-commissione-dinchiesta\/\" \/>\n<meta property=\"og:site_name\" content=\"Archivio CassanoWeb\" \/>\n<meta property=\"article:publisher\" content=\"https:\/\/www.facebook.com\/redazione.cassanoweb\" \/>\n<meta property=\"article:published_time\" content=\"2011-01-26T07:34:21+00:00\" \/>\n<meta name=\"author\" content=\"admin\" \/>\n<meta name=\"twitter:card\" content=\"summary_large_image\" \/>\n<meta name=\"twitter:label1\" content=\"Scritto da\" \/>\n\t<meta name=\"twitter:data1\" content=\"admin\" \/>\n\t<meta name=\"twitter:label2\" content=\"Tempo di lettura stimato\" \/>\n\t<meta name=\"twitter:data2\" content=\"2 minuti\" \/>\n<script type=\"application\/ld+json\" class=\"yoast-schema-graph\">{\"@context\":\"https:\\\/\\\/schema.org\",\"@graph\":[{\"@type\":\"Article\",\"@id\":\"https:\\\/\\\/archiviocassano.lavocedelpaese.info\\\/index.php\\\/2011\\\/01\\\/26\\\/fonti-rinnovabili-occorre-accellerare-sulla-commissione-dinchiesta\\\/#article\",\"isPartOf\":{\"@id\":\"https:\\\/\\\/archiviocassano.lavocedelpaese.info\\\/index.php\\\/2011\\\/01\\\/26\\\/fonti-rinnovabili-occorre-accellerare-sulla-commissione-dinchiesta\\\/\"},\"author\":{\"name\":\"admin\",\"@id\":\"https:\\\/\\\/archiviocassano.lavocedelpaese.info\\\/#\\\/schema\\\/person\\\/df195bc79a9b4c35127cf005f92e041b\"},\"headline\":\"RINNOVABILI: OCCORRE UNA COMMISSIONE D&#8217;INCHIESTA\",\"datePublished\":\"2011-01-26T07:34:21+00:00\",\"mainEntityOfPage\":{\"@id\":\"https:\\\/\\\/archiviocassano.lavocedelpaese.info\\\/index.php\\\/2011\\\/01\\\/26\\\/fonti-rinnovabili-occorre-accellerare-sulla-commissione-dinchiesta\\\/\"},\"wordCount\":341,\"commentCount\":0,\"publisher\":{\"@id\":\"https:\\\/\\\/archiviocassano.lavocedelpaese.info\\\/#organization\"},\"articleSection\":[\"La voce del paese\"],\"inLanguage\":\"it-IT\",\"potentialAction\":[{\"@type\":\"CommentAction\",\"name\":\"Comment\",\"target\":[\"https:\\\/\\\/archiviocassano.lavocedelpaese.info\\\/index.php\\\/2011\\\/01\\\/26\\\/fonti-rinnovabili-occorre-accellerare-sulla-commissione-dinchiesta\\\/#respond\"]}]},{\"@type\":\"WebPage\",\"@id\":\"https:\\\/\\\/archiviocassano.lavocedelpaese.info\\\/index.php\\\/2011\\\/01\\\/26\\\/fonti-rinnovabili-occorre-accellerare-sulla-commissione-dinchiesta\\\/\",\"url\":\"https:\\\/\\\/archiviocassano.lavocedelpaese.info\\\/index.php\\\/2011\\\/01\\\/26\\\/fonti-rinnovabili-occorre-accellerare-sulla-commissione-dinchiesta\\\/\",\"name\":\"RINNOVABILI: OCCORRE UNA COMMISSIONE D'INCHIESTA - Archivio CassanoWeb\",\"isPartOf\":{\"@id\":\"https:\\\/\\\/archiviocassano.lavocedelpaese.info\\\/#website\"},\"datePublished\":\"2011-01-26T07:34:21+00:00\",\"breadcrumb\":{\"@id\":\"https:\\\/\\\/archiviocassano.lavocedelpaese.info\\\/index.php\\\/2011\\\/01\\\/26\\\/fonti-rinnovabili-occorre-accellerare-sulla-commissione-dinchiesta\\\/#breadcrumb\"},\"inLanguage\":\"it-IT\",\"potentialAction\":[{\"@type\":\"ReadAction\",\"target\":[\"https:\\\/\\\/archiviocassano.lavocedelpaese.info\\\/index.php\\\/2011\\\/01\\\/26\\\/fonti-rinnovabili-occorre-accellerare-sulla-commissione-dinchiesta\\\/\"]}]},{\"@type\":\"BreadcrumbList\",\"@id\":\"https:\\\/\\\/archiviocassano.lavocedelpaese.info\\\/index.php\\\/2011\\\/01\\\/26\\\/fonti-rinnovabili-occorre-accellerare-sulla-commissione-dinchiesta\\\/#breadcrumb\",\"itemListElement\":[{\"@type\":\"ListItem\",\"position\":1,\"name\":\"Home\",\"item\":\"https:\\\/\\\/archiviocassano.lavocedelpaese.info\\\/\"},{\"@type\":\"ListItem\",\"position\":2,\"name\":\"RINNOVABILI: OCCORRE UNA COMMISSIONE D&#8217;INCHIESTA\"}]},{\"@type\":\"WebSite\",\"@id\":\"https:\\\/\\\/archiviocassano.lavocedelpaese.info\\\/#website\",\"url\":\"https:\\\/\\\/archiviocassano.lavocedelpaese.info\\\/\",\"name\":\"Archivio CassanoWeb\",\"description\":\"La Voce del Paese - un network di idee\",\"publisher\":{\"@id\":\"https:\\\/\\\/archiviocassano.lavocedelpaese.info\\\/#organization\"},\"potentialAction\":[{\"@type\":\"SearchAction\",\"target\":{\"@type\":\"EntryPoint\",\"urlTemplate\":\"https:\\\/\\\/archiviocassano.lavocedelpaese.info\\\/?s={search_term_string}\"},\"query-input\":{\"@type\":\"PropertyValueSpecification\",\"valueRequired\":true,\"valueName\":\"search_term_string\"}}],\"inLanguage\":\"it-IT\"},{\"@type\":\"Organization\",\"@id\":\"https:\\\/\\\/archiviocassano.lavocedelpaese.info\\\/#organization\",\"name\":\"Archivio CassanoWeb\",\"url\":\"https:\\\/\\\/archiviocassano.lavocedelpaese.info\\\/\",\"logo\":{\"@type\":\"ImageObject\",\"inLanguage\":\"it-IT\",\"@id\":\"https:\\\/\\\/archiviocassano.lavocedelpaese.info\\\/#\\\/schema\\\/logo\\\/image\\\/\",\"url\":\"https:\\\/\\\/archiviocassano.lavocedelpaese.info\\\/wp-content\\\/uploads\\\/2024\\\/08\\\/logo-rosso-2.png\",\"contentUrl\":\"https:\\\/\\\/archiviocassano.lavocedelpaese.info\\\/wp-content\\\/uploads\\\/2024\\\/08\\\/logo-rosso-2.png\",\"width\":491,\"height\":432,\"caption\":\"Archivio CassanoWeb\"},\"image\":{\"@id\":\"https:\\\/\\\/archiviocassano.lavocedelpaese.info\\\/#\\\/schema\\\/logo\\\/image\\\/\"},\"sameAs\":[\"https:\\\/\\\/www.facebook.com\\\/redazione.cassanoweb\"]},{\"@type\":\"Person\",\"@id\":\"https:\\\/\\\/archiviocassano.lavocedelpaese.info\\\/#\\\/schema\\\/person\\\/df195bc79a9b4c35127cf005f92e041b\",\"name\":\"admin\",\"image\":{\"@type\":\"ImageObject\",\"inLanguage\":\"it-IT\",\"@id\":\"https:\\\/\\\/secure.gravatar.com\\\/avatar\\\/eabba89a432e8eaa1b0207cc55f7e5340b22712b1ed80677efcf63e02ff5b235?s=96&d=mm&r=g\",\"url\":\"https:\\\/\\\/secure.gravatar.com\\\/avatar\\\/eabba89a432e8eaa1b0207cc55f7e5340b22712b1ed80677efcf63e02ff5b235?s=96&d=mm&r=g\",\"contentUrl\":\"https:\\\/\\\/secure.gravatar.com\\\/avatar\\\/eabba89a432e8eaa1b0207cc55f7e5340b22712b1ed80677efcf63e02ff5b235?s=96&d=mm&r=g\",\"caption\":\"admin\"},\"sameAs\":[\"https:\\\/\\\/archiviocassano.lavocedelpaese.info\"],\"url\":\"https:\\\/\\\/archiviocassano.lavocedelpaese.info\\\/index.php\\\/author\\\/admin_0qgz1xdp\\\/\"}]}<\/script>\n<!-- \/ Yoast SEO plugin. -->","yoast_head_json":{"title":"RINNOVABILI: OCCORRE UNA COMMISSIONE D'INCHIESTA - Archivio CassanoWeb","robots":{"index":"index","follow":"follow","max-snippet":"max-snippet:-1","max-image-preview":"max-image-preview:large","max-video-preview":"max-video-preview:-1"},"canonical":"https:\/\/archiviocassano.lavocedelpaese.info\/index.php\/2011\/01\/26\/fonti-rinnovabili-occorre-accellerare-sulla-commissione-dinchiesta\/","og_locale":"it_IT","og_type":"article","og_title":"RINNOVABILI: OCCORRE UNA COMMISSIONE D'INCHIESTA - Archivio CassanoWeb","og_url":"https:\/\/archiviocassano.lavocedelpaese.info\/index.php\/2011\/01\/26\/fonti-rinnovabili-occorre-accellerare-sulla-commissione-dinchiesta\/","og_site_name":"Archivio CassanoWeb","article_publisher":"https:\/\/www.facebook.com\/redazione.cassanoweb","article_published_time":"2011-01-26T07:34:21+00:00","author":"admin","twitter_card":"summary_large_image","twitter_misc":{"Scritto da":"admin","Tempo di lettura stimato":"2 minuti"},"schema":{"@context":"https:\/\/schema.org","@graph":[{"@type":"Article","@id":"https:\/\/archiviocassano.lavocedelpaese.info\/index.php\/2011\/01\/26\/fonti-rinnovabili-occorre-accellerare-sulla-commissione-dinchiesta\/#article","isPartOf":{"@id":"https:\/\/archiviocassano.lavocedelpaese.info\/index.php\/2011\/01\/26\/fonti-rinnovabili-occorre-accellerare-sulla-commissione-dinchiesta\/"},"author":{"name":"admin","@id":"https:\/\/archiviocassano.lavocedelpaese.info\/#\/schema\/person\/df195bc79a9b4c35127cf005f92e041b"},"headline":"RINNOVABILI: OCCORRE UNA COMMISSIONE D&#8217;INCHIESTA","datePublished":"2011-01-26T07:34:21+00:00","mainEntityOfPage":{"@id":"https:\/\/archiviocassano.lavocedelpaese.info\/index.php\/2011\/01\/26\/fonti-rinnovabili-occorre-accellerare-sulla-commissione-dinchiesta\/"},"wordCount":341,"commentCount":0,"publisher":{"@id":"https:\/\/archiviocassano.lavocedelpaese.info\/#organization"},"articleSection":["La voce del paese"],"inLanguage":"it-IT","potentialAction":[{"@type":"CommentAction","name":"Comment","target":["https:\/\/archiviocassano.lavocedelpaese.info\/index.php\/2011\/01\/26\/fonti-rinnovabili-occorre-accellerare-sulla-commissione-dinchiesta\/#respond"]}]},{"@type":"WebPage","@id":"https:\/\/archiviocassano.lavocedelpaese.info\/index.php\/2011\/01\/26\/fonti-rinnovabili-occorre-accellerare-sulla-commissione-dinchiesta\/","url":"https:\/\/archiviocassano.lavocedelpaese.info\/index.php\/2011\/01\/26\/fonti-rinnovabili-occorre-accellerare-sulla-commissione-dinchiesta\/","name":"RINNOVABILI: OCCORRE UNA COMMISSIONE D'INCHIESTA - Archivio CassanoWeb","isPartOf":{"@id":"https:\/\/archiviocassano.lavocedelpaese.info\/#website"},"datePublished":"2011-01-26T07:34:21+00:00","breadcrumb":{"@id":"https:\/\/archiviocassano.lavocedelpaese.info\/index.php\/2011\/01\/26\/fonti-rinnovabili-occorre-accellerare-sulla-commissione-dinchiesta\/#breadcrumb"},"inLanguage":"it-IT","potentialAction":[{"@type":"ReadAction","target":["https:\/\/archiviocassano.lavocedelpaese.info\/index.php\/2011\/01\/26\/fonti-rinnovabili-occorre-accellerare-sulla-commissione-dinchiesta\/"]}]},{"@type":"BreadcrumbList","@id":"https:\/\/archiviocassano.lavocedelpaese.info\/index.php\/2011\/01\/26\/fonti-rinnovabili-occorre-accellerare-sulla-commissione-dinchiesta\/#breadcrumb","itemListElement":[{"@type":"ListItem","position":1,"name":"Home","item":"https:\/\/archiviocassano.lavocedelpaese.info\/"},{"@type":"ListItem","position":2,"name":"RINNOVABILI: OCCORRE UNA COMMISSIONE D&#8217;INCHIESTA"}]},{"@type":"WebSite","@id":"https:\/\/archiviocassano.lavocedelpaese.info\/#website","url":"https:\/\/archiviocassano.lavocedelpaese.info\/","name":"Archivio CassanoWeb","description":"La Voce del Paese - un network di idee","publisher":{"@id":"https:\/\/archiviocassano.lavocedelpaese.info\/#organization"},"potentialAction":[{"@type":"SearchAction","target":{"@type":"EntryPoint","urlTemplate":"https:\/\/archiviocassano.lavocedelpaese.info\/?s={search_term_string}"},"query-input":{"@type":"PropertyValueSpecification","valueRequired":true,"valueName":"search_term_string"}}],"inLanguage":"it-IT"},{"@type":"Organization","@id":"https:\/\/archiviocassano.lavocedelpaese.info\/#organization","name":"Archivio CassanoWeb","url":"https:\/\/archiviocassano.lavocedelpaese.info\/","logo":{"@type":"ImageObject","inLanguage":"it-IT","@id":"https:\/\/archiviocassano.lavocedelpaese.info\/#\/schema\/logo\/image\/","url":"https:\/\/archiviocassano.lavocedelpaese.info\/wp-content\/uploads\/2024\/08\/logo-rosso-2.png","contentUrl":"https:\/\/archiviocassano.lavocedelpaese.info\/wp-content\/uploads\/2024\/08\/logo-rosso-2.png","width":491,"height":432,"caption":"Archivio CassanoWeb"},"image":{"@id":"https:\/\/archiviocassano.lavocedelpaese.info\/#\/schema\/logo\/image\/"},"sameAs":["https:\/\/www.facebook.com\/redazione.cassanoweb"]},{"@type":"Person","@id":"https:\/\/archiviocassano.lavocedelpaese.info\/#\/schema\/person\/df195bc79a9b4c35127cf005f92e041b","name":"admin","image":{"@type":"ImageObject","inLanguage":"it-IT","@id":"https:\/\/secure.gravatar.com\/avatar\/eabba89a432e8eaa1b0207cc55f7e5340b22712b1ed80677efcf63e02ff5b235?s=96&d=mm&r=g","url":"https:\/\/secure.gravatar.com\/avatar\/eabba89a432e8eaa1b0207cc55f7e5340b22712b1ed80677efcf63e02ff5b235?s=96&d=mm&r=g","contentUrl":"https:\/\/secure.gravatar.com\/avatar\/eabba89a432e8eaa1b0207cc55f7e5340b22712b1ed80677efcf63e02ff5b235?s=96&d=mm&r=g","caption":"admin"},"sameAs":["https:\/\/archiviocassano.lavocedelpaese.info"],"url":"https:\/\/archiviocassano.lavocedelpaese.info\/index.php\/author\/admin_0qgz1xdp\/"}]}},"_links":{"self":[{"href":"https:\/\/archiviocassano.lavocedelpaese.info\/index.php\/wp-json\/wp\/v2\/posts\/3311","targetHints":{"allow":["GET"]}}],"collection":[{"href":"https:\/\/archiviocassano.lavocedelpaese.info\/index.php\/wp-json\/wp\/v2\/posts"}],"about":[{"href":"https:\/\/archiviocassano.lavocedelpaese.info\/index.php\/wp-json\/wp\/v2\/types\/post"}],"author":[{"embeddable":true,"href":"https:\/\/archiviocassano.lavocedelpaese.info\/index.php\/wp-json\/wp\/v2\/users\/1"}],"replies":[{"embeddable":true,"href":"https:\/\/archiviocassano.lavocedelpaese.info\/index.php\/wp-json\/wp\/v2\/comments?post=3311"}],"version-history":[{"count":0,"href":"https:\/\/archiviocassano.lavocedelpaese.info\/index.php\/wp-json\/wp\/v2\/posts\/3311\/revisions"}],"wp:attachment":[{"href":"https:\/\/archiviocassano.lavocedelpaese.info\/index.php\/wp-json\/wp\/v2\/media?parent=3311"}],"wp:term":[{"taxonomy":"category","embeddable":true,"href":"https:\/\/archiviocassano.lavocedelpaese.info\/index.php\/wp-json\/wp\/v2\/categories?post=3311"},{"taxonomy":"post_tag","embeddable":true,"href":"https:\/\/archiviocassano.lavocedelpaese.info\/index.php\/wp-json\/wp\/v2\/tags?post=3311"}],"curies":[{"name":"wp","href":"https:\/\/api.w.org\/{rel}","templated":true}]}}