{"id":3322,"date":"2011-01-28T14:34:13","date_gmt":"2011-01-28T14:34:13","guid":{"rendered":"https:\/\/archiviocassano.lavocedelpaese.info\/index.php\/2011\/01\/28\/la-lettura-di-qfrattureq-nella-giornata-della-memoria\/"},"modified":"2011-01-28T14:34:13","modified_gmt":"2011-01-28T14:34:13","slug":"la-lettura-di-qfrattureq-nella-giornata-della-memoria","status":"publish","type":"post","link":"https:\/\/archiviocassano.lavocedelpaese.info\/index.php\/2011\/01\/28\/la-lettura-di-qfrattureq-nella-giornata-della-memoria\/","title":{"rendered":"LA LETTURA DI &#8220;FRATTURE&#8221; NELLA GIORNATA DELLA MEMORIA"},"content":{"rendered":"<p><img loading=\"lazy\" decoding=\"async\" alt=\"giorno_memoria_2011_1\" src=\"images\/stories\/giorno_memoria_2011_1.jpg\" width=\"320\" height=\"150\" \/> <\/p>\n<p><!--more--><\/p>\n<p style=\"text-align: justify;\">L\u2019associazione culturale \u201cLuci a teatro\u201d in collaborazione con l\u2019associazione musicale \u201cAl Bosco Sonoro\u201d, ha organizzato ieri 27 Gennaio una manifestazione per ricordare le vittime delle Shoah , nella sala consiliare.<\/p>\n<div style=\"text-align: justify;\"><\/div>\n<p style=\"text-align: justify;\">Scopo della serata, ricordare il significato della \u201cGiornata della Memoria\u201d che ricorre simbolicamente in questo giorno poich\u00e9 il 27 Gennaio 1945 le truppe sovietiche dell\u2019Armata Rossa si recarono ad Auschwitz scoprendo e liberando i sopravvissuti dai campi di concentramento.<\/p>\n<div style=\"text-align: justify;\"><\/div>\n<p style=\"text-align: justify;\">Gli attori dell\u2019associazione hanno letto con sentimento i racconti di chi \u00e8 riuscito a superare l\u2019esperienza tragica e brutale dei lager, tra cui alcuni passi tratti da \u201cIl diario di Anna Frank\u201d e\u00a0 da \u201cSe questo \u00e8 un uomo\u201d di Primo Levi. L\u2019attenzione, per\u00f2, \u00e8 stata rivolta anche a coloro che sono stati definiti gli \u201cscottati\u201d, persone toccate, ma non divorate dalla distruzione della Shoah. Per esempio, i familiari delle vittime, che hanno sentito l\u2019odore della sofferenza, ma non ne hanno provato il sapore. Sono stati proposti, infatti, alcuni passi del libro autobiografico \u201cFratture\u201d della scrittrice israeliana Irit Amiel, che ha perso la famiglia nei lager.<\/p>\n<div style=\"text-align: justify;\"><\/div>\n<p style=\"text-align: justify;\">Le letture presentate hanno ricordato al pubblico la crudelt\u00e0 dell\u2019Olocausto, che non ha risparmiato nessuno e si \u00e8 impossessato di migliaia di vite umane innocenti. Inoltre, le interpretazioni sono state accompagnate dalle crude immagini che testimoniano questo atto contro l\u2019umanit\u00e0 e dalle musiche di\u00a0 genere \u201cKlezmer\u201d di tradizione ebraica, brillantemente arrangiate dai maestri Roberto Angiulo e Danilo Amato, dell\u2019associazione musicale \u201cAl Bosco Sonoro\u201d.<\/p>\n<div style=\"text-align: justify;\"><\/div>\n<p style=\"text-align: justify;\">La serata si \u00e8 conclusa con una preghiera ebraica, per esprimere la piena accettazione della cultura del popolo perseguitato.<\/p>\n<div style=\"text-align: justify;\"><\/div>\n<p style=\"text-align: justify;\">\u00c8 lecito evidenziare, per\u00f2, che nonostante il valore della manifestazione e l\u2019impegno mostrato nella realizzazione, la popolazione cassanese non ha risposto come avrebbe dovuto. La partecipazione, infatti,\u00a0 non ha raggiunto il livello che ci si sarebbe aspettato per un incontro tanto importante.<\/p>\n<div style=\"text-align: justify;\"><\/div>\n<p style=\"text-align: justify;\">Ci\u00f2 che bisogna evitare \u00e8 che nei nostri animi crescano le radici dell\u2019indifferenza, poich\u00e9 \u00e8 la nostra storia che cerchiamo di negare quando non mostriamo interesse, \u00e8 l\u2019errore e l\u2019orrore creato dall\u2019uomo stesso che tentiamo di nascondere quando non vogliamo ascoltare.<\/p>\n<div style=\"text-align: justify;\"><\/div>\n<p style=\"text-align: justify;\">Aggiungiamo, dunque, un undicesimo comandamento a quelli gi\u00e0 esistenti, come propone un sopravvissuto attraverso uno scritto: \u201cRacconta sempre di noi, sempre!\u201d<\/p>\n<p>\u00a0<\/p>\n<p style=\"text-align: center;\"><img loading=\"lazy\" decoding=\"async\" alt=\"giornata_memoria_2011_2\" src=\"images\/stories\/giornata_memoria_2011_2.jpg\" width=\"500\" height=\"293\" \/><\/p>\n","protected":false},"excerpt":{"rendered":"","protected":false},"author":1,"featured_media":0,"comment_status":"open","ping_status":"closed","sticky":false,"template":"","format":"standard","meta":{"colormag_page_container_layout":"default_layout","colormag_page_sidebar_layout":"default_layout","footnotes":""},"categories":[6],"tags":[],"class_list":["post-3322","post","type-post","status-publish","format-standard","hentry","category-cultura"],"yoast_head":"<!-- This site is optimized with the Yoast SEO plugin v27.5 - https:\/\/yoast.com\/product\/yoast-seo-wordpress\/ -->\n<title>LA LETTURA DI &quot;FRATTURE&quot; NELLA GIORNATA DELLA MEMORIA - Archivio CassanoWeb<\/title>\n<meta name=\"robots\" content=\"index, follow, max-snippet:-1, max-image-preview:large, max-video-preview:-1\" \/>\n<link rel=\"canonical\" href=\"https:\/\/archiviocassano.lavocedelpaese.info\/index.php\/2011\/01\/28\/la-lettura-di-qfrattureq-nella-giornata-della-memoria\/\" \/>\n<meta property=\"og:locale\" content=\"it_IT\" \/>\n<meta property=\"og:type\" content=\"article\" \/>\n<meta property=\"og:title\" content=\"LA LETTURA DI &quot;FRATTURE&quot; NELLA GIORNATA DELLA MEMORIA - Archivio CassanoWeb\" \/>\n<meta property=\"og:url\" content=\"https:\/\/archiviocassano.lavocedelpaese.info\/index.php\/2011\/01\/28\/la-lettura-di-qfrattureq-nella-giornata-della-memoria\/\" \/>\n<meta property=\"og:site_name\" content=\"Archivio CassanoWeb\" \/>\n<meta property=\"article:publisher\" content=\"https:\/\/www.facebook.com\/redazione.cassanoweb\" \/>\n<meta property=\"article:published_time\" content=\"2011-01-28T14:34:13+00:00\" \/>\n<meta name=\"author\" content=\"admin\" \/>\n<meta name=\"twitter:card\" content=\"summary_large_image\" \/>\n<meta name=\"twitter:label1\" content=\"Scritto da\" \/>\n\t<meta name=\"twitter:data1\" content=\"admin\" \/>\n\t<meta name=\"twitter:label2\" content=\"Tempo di lettura stimato\" \/>\n\t<meta name=\"twitter:data2\" content=\"2 minuti\" \/>\n<script type=\"application\/ld+json\" class=\"yoast-schema-graph\">{\"@context\":\"https:\\\/\\\/schema.org\",\"@graph\":[{\"@type\":\"Article\",\"@id\":\"https:\\\/\\\/archiviocassano.lavocedelpaese.info\\\/index.php\\\/2011\\\/01\\\/28\\\/la-lettura-di-qfrattureq-nella-giornata-della-memoria\\\/#article\",\"isPartOf\":{\"@id\":\"https:\\\/\\\/archiviocassano.lavocedelpaese.info\\\/index.php\\\/2011\\\/01\\\/28\\\/la-lettura-di-qfrattureq-nella-giornata-della-memoria\\\/\"},\"author\":{\"name\":\"admin\",\"@id\":\"https:\\\/\\\/archiviocassano.lavocedelpaese.info\\\/#\\\/schema\\\/person\\\/df195bc79a9b4c35127cf005f92e041b\"},\"headline\":\"LA LETTURA DI &#8220;FRATTURE&#8221; NELLA GIORNATA DELLA MEMORIA\",\"datePublished\":\"2011-01-28T14:34:13+00:00\",\"mainEntityOfPage\":{\"@id\":\"https:\\\/\\\/archiviocassano.lavocedelpaese.info\\\/index.php\\\/2011\\\/01\\\/28\\\/la-lettura-di-qfrattureq-nella-giornata-della-memoria\\\/\"},\"wordCount\":371,\"commentCount\":0,\"publisher\":{\"@id\":\"https:\\\/\\\/archiviocassano.lavocedelpaese.info\\\/#organization\"},\"articleSection\":[\"Cultura\"],\"inLanguage\":\"it-IT\",\"potentialAction\":[{\"@type\":\"CommentAction\",\"name\":\"Comment\",\"target\":[\"https:\\\/\\\/archiviocassano.lavocedelpaese.info\\\/index.php\\\/2011\\\/01\\\/28\\\/la-lettura-di-qfrattureq-nella-giornata-della-memoria\\\/#respond\"]}]},{\"@type\":\"WebPage\",\"@id\":\"https:\\\/\\\/archiviocassano.lavocedelpaese.info\\\/index.php\\\/2011\\\/01\\\/28\\\/la-lettura-di-qfrattureq-nella-giornata-della-memoria\\\/\",\"url\":\"https:\\\/\\\/archiviocassano.lavocedelpaese.info\\\/index.php\\\/2011\\\/01\\\/28\\\/la-lettura-di-qfrattureq-nella-giornata-della-memoria\\\/\",\"name\":\"LA LETTURA DI \\\"FRATTURE\\\" NELLA GIORNATA DELLA MEMORIA - Archivio CassanoWeb\",\"isPartOf\":{\"@id\":\"https:\\\/\\\/archiviocassano.lavocedelpaese.info\\\/#website\"},\"datePublished\":\"2011-01-28T14:34:13+00:00\",\"breadcrumb\":{\"@id\":\"https:\\\/\\\/archiviocassano.lavocedelpaese.info\\\/index.php\\\/2011\\\/01\\\/28\\\/la-lettura-di-qfrattureq-nella-giornata-della-memoria\\\/#breadcrumb\"},\"inLanguage\":\"it-IT\",\"potentialAction\":[{\"@type\":\"ReadAction\",\"target\":[\"https:\\\/\\\/archiviocassano.lavocedelpaese.info\\\/index.php\\\/2011\\\/01\\\/28\\\/la-lettura-di-qfrattureq-nella-giornata-della-memoria\\\/\"]}]},{\"@type\":\"BreadcrumbList\",\"@id\":\"https:\\\/\\\/archiviocassano.lavocedelpaese.info\\\/index.php\\\/2011\\\/01\\\/28\\\/la-lettura-di-qfrattureq-nella-giornata-della-memoria\\\/#breadcrumb\",\"itemListElement\":[{\"@type\":\"ListItem\",\"position\":1,\"name\":\"Home\",\"item\":\"https:\\\/\\\/archiviocassano.lavocedelpaese.info\\\/\"},{\"@type\":\"ListItem\",\"position\":2,\"name\":\"LA LETTURA DI &#8220;FRATTURE&#8221; NELLA GIORNATA DELLA MEMORIA\"}]},{\"@type\":\"WebSite\",\"@id\":\"https:\\\/\\\/archiviocassano.lavocedelpaese.info\\\/#website\",\"url\":\"https:\\\/\\\/archiviocassano.lavocedelpaese.info\\\/\",\"name\":\"Archivio CassanoWeb\",\"description\":\"La Voce del Paese - un network di idee\",\"publisher\":{\"@id\":\"https:\\\/\\\/archiviocassano.lavocedelpaese.info\\\/#organization\"},\"potentialAction\":[{\"@type\":\"SearchAction\",\"target\":{\"@type\":\"EntryPoint\",\"urlTemplate\":\"https:\\\/\\\/archiviocassano.lavocedelpaese.info\\\/?s={search_term_string}\"},\"query-input\":{\"@type\":\"PropertyValueSpecification\",\"valueRequired\":true,\"valueName\":\"search_term_string\"}}],\"inLanguage\":\"it-IT\"},{\"@type\":\"Organization\",\"@id\":\"https:\\\/\\\/archiviocassano.lavocedelpaese.info\\\/#organization\",\"name\":\"Archivio CassanoWeb\",\"url\":\"https:\\\/\\\/archiviocassano.lavocedelpaese.info\\\/\",\"logo\":{\"@type\":\"ImageObject\",\"inLanguage\":\"it-IT\",\"@id\":\"https:\\\/\\\/archiviocassano.lavocedelpaese.info\\\/#\\\/schema\\\/logo\\\/image\\\/\",\"url\":\"https:\\\/\\\/archiviocassano.lavocedelpaese.info\\\/wp-content\\\/uploads\\\/2024\\\/08\\\/logo-rosso-2.png\",\"contentUrl\":\"https:\\\/\\\/archiviocassano.lavocedelpaese.info\\\/wp-content\\\/uploads\\\/2024\\\/08\\\/logo-rosso-2.png\",\"width\":491,\"height\":432,\"caption\":\"Archivio CassanoWeb\"},\"image\":{\"@id\":\"https:\\\/\\\/archiviocassano.lavocedelpaese.info\\\/#\\\/schema\\\/logo\\\/image\\\/\"},\"sameAs\":[\"https:\\\/\\\/www.facebook.com\\\/redazione.cassanoweb\"]},{\"@type\":\"Person\",\"@id\":\"https:\\\/\\\/archiviocassano.lavocedelpaese.info\\\/#\\\/schema\\\/person\\\/df195bc79a9b4c35127cf005f92e041b\",\"name\":\"admin\",\"image\":{\"@type\":\"ImageObject\",\"inLanguage\":\"it-IT\",\"@id\":\"https:\\\/\\\/secure.gravatar.com\\\/avatar\\\/eabba89a432e8eaa1b0207cc55f7e5340b22712b1ed80677efcf63e02ff5b235?s=96&d=mm&r=g\",\"url\":\"https:\\\/\\\/secure.gravatar.com\\\/avatar\\\/eabba89a432e8eaa1b0207cc55f7e5340b22712b1ed80677efcf63e02ff5b235?s=96&d=mm&r=g\",\"contentUrl\":\"https:\\\/\\\/secure.gravatar.com\\\/avatar\\\/eabba89a432e8eaa1b0207cc55f7e5340b22712b1ed80677efcf63e02ff5b235?s=96&d=mm&r=g\",\"caption\":\"admin\"},\"sameAs\":[\"https:\\\/\\\/archiviocassano.lavocedelpaese.info\"],\"url\":\"https:\\\/\\\/archiviocassano.lavocedelpaese.info\\\/index.php\\\/author\\\/admin_0qgz1xdp\\\/\"}]}<\/script>\n<!-- \/ Yoast SEO plugin. -->","yoast_head_json":{"title":"LA LETTURA DI \"FRATTURE\" NELLA GIORNATA DELLA MEMORIA - Archivio CassanoWeb","robots":{"index":"index","follow":"follow","max-snippet":"max-snippet:-1","max-image-preview":"max-image-preview:large","max-video-preview":"max-video-preview:-1"},"canonical":"https:\/\/archiviocassano.lavocedelpaese.info\/index.php\/2011\/01\/28\/la-lettura-di-qfrattureq-nella-giornata-della-memoria\/","og_locale":"it_IT","og_type":"article","og_title":"LA LETTURA DI \"FRATTURE\" NELLA GIORNATA DELLA MEMORIA - Archivio CassanoWeb","og_url":"https:\/\/archiviocassano.lavocedelpaese.info\/index.php\/2011\/01\/28\/la-lettura-di-qfrattureq-nella-giornata-della-memoria\/","og_site_name":"Archivio CassanoWeb","article_publisher":"https:\/\/www.facebook.com\/redazione.cassanoweb","article_published_time":"2011-01-28T14:34:13+00:00","author":"admin","twitter_card":"summary_large_image","twitter_misc":{"Scritto da":"admin","Tempo di lettura stimato":"2 minuti"},"schema":{"@context":"https:\/\/schema.org","@graph":[{"@type":"Article","@id":"https:\/\/archiviocassano.lavocedelpaese.info\/index.php\/2011\/01\/28\/la-lettura-di-qfrattureq-nella-giornata-della-memoria\/#article","isPartOf":{"@id":"https:\/\/archiviocassano.lavocedelpaese.info\/index.php\/2011\/01\/28\/la-lettura-di-qfrattureq-nella-giornata-della-memoria\/"},"author":{"name":"admin","@id":"https:\/\/archiviocassano.lavocedelpaese.info\/#\/schema\/person\/df195bc79a9b4c35127cf005f92e041b"},"headline":"LA LETTURA DI &#8220;FRATTURE&#8221; NELLA GIORNATA DELLA MEMORIA","datePublished":"2011-01-28T14:34:13+00:00","mainEntityOfPage":{"@id":"https:\/\/archiviocassano.lavocedelpaese.info\/index.php\/2011\/01\/28\/la-lettura-di-qfrattureq-nella-giornata-della-memoria\/"},"wordCount":371,"commentCount":0,"publisher":{"@id":"https:\/\/archiviocassano.lavocedelpaese.info\/#organization"},"articleSection":["Cultura"],"inLanguage":"it-IT","potentialAction":[{"@type":"CommentAction","name":"Comment","target":["https:\/\/archiviocassano.lavocedelpaese.info\/index.php\/2011\/01\/28\/la-lettura-di-qfrattureq-nella-giornata-della-memoria\/#respond"]}]},{"@type":"WebPage","@id":"https:\/\/archiviocassano.lavocedelpaese.info\/index.php\/2011\/01\/28\/la-lettura-di-qfrattureq-nella-giornata-della-memoria\/","url":"https:\/\/archiviocassano.lavocedelpaese.info\/index.php\/2011\/01\/28\/la-lettura-di-qfrattureq-nella-giornata-della-memoria\/","name":"LA LETTURA DI \"FRATTURE\" NELLA GIORNATA DELLA MEMORIA - Archivio CassanoWeb","isPartOf":{"@id":"https:\/\/archiviocassano.lavocedelpaese.info\/#website"},"datePublished":"2011-01-28T14:34:13+00:00","breadcrumb":{"@id":"https:\/\/archiviocassano.lavocedelpaese.info\/index.php\/2011\/01\/28\/la-lettura-di-qfrattureq-nella-giornata-della-memoria\/#breadcrumb"},"inLanguage":"it-IT","potentialAction":[{"@type":"ReadAction","target":["https:\/\/archiviocassano.lavocedelpaese.info\/index.php\/2011\/01\/28\/la-lettura-di-qfrattureq-nella-giornata-della-memoria\/"]}]},{"@type":"BreadcrumbList","@id":"https:\/\/archiviocassano.lavocedelpaese.info\/index.php\/2011\/01\/28\/la-lettura-di-qfrattureq-nella-giornata-della-memoria\/#breadcrumb","itemListElement":[{"@type":"ListItem","position":1,"name":"Home","item":"https:\/\/archiviocassano.lavocedelpaese.info\/"},{"@type":"ListItem","position":2,"name":"LA LETTURA DI &#8220;FRATTURE&#8221; NELLA GIORNATA DELLA MEMORIA"}]},{"@type":"WebSite","@id":"https:\/\/archiviocassano.lavocedelpaese.info\/#website","url":"https:\/\/archiviocassano.lavocedelpaese.info\/","name":"Archivio CassanoWeb","description":"La Voce del Paese - un network di idee","publisher":{"@id":"https:\/\/archiviocassano.lavocedelpaese.info\/#organization"},"potentialAction":[{"@type":"SearchAction","target":{"@type":"EntryPoint","urlTemplate":"https:\/\/archiviocassano.lavocedelpaese.info\/?s={search_term_string}"},"query-input":{"@type":"PropertyValueSpecification","valueRequired":true,"valueName":"search_term_string"}}],"inLanguage":"it-IT"},{"@type":"Organization","@id":"https:\/\/archiviocassano.lavocedelpaese.info\/#organization","name":"Archivio CassanoWeb","url":"https:\/\/archiviocassano.lavocedelpaese.info\/","logo":{"@type":"ImageObject","inLanguage":"it-IT","@id":"https:\/\/archiviocassano.lavocedelpaese.info\/#\/schema\/logo\/image\/","url":"https:\/\/archiviocassano.lavocedelpaese.info\/wp-content\/uploads\/2024\/08\/logo-rosso-2.png","contentUrl":"https:\/\/archiviocassano.lavocedelpaese.info\/wp-content\/uploads\/2024\/08\/logo-rosso-2.png","width":491,"height":432,"caption":"Archivio CassanoWeb"},"image":{"@id":"https:\/\/archiviocassano.lavocedelpaese.info\/#\/schema\/logo\/image\/"},"sameAs":["https:\/\/www.facebook.com\/redazione.cassanoweb"]},{"@type":"Person","@id":"https:\/\/archiviocassano.lavocedelpaese.info\/#\/schema\/person\/df195bc79a9b4c35127cf005f92e041b","name":"admin","image":{"@type":"ImageObject","inLanguage":"it-IT","@id":"https:\/\/secure.gravatar.com\/avatar\/eabba89a432e8eaa1b0207cc55f7e5340b22712b1ed80677efcf63e02ff5b235?s=96&d=mm&r=g","url":"https:\/\/secure.gravatar.com\/avatar\/eabba89a432e8eaa1b0207cc55f7e5340b22712b1ed80677efcf63e02ff5b235?s=96&d=mm&r=g","contentUrl":"https:\/\/secure.gravatar.com\/avatar\/eabba89a432e8eaa1b0207cc55f7e5340b22712b1ed80677efcf63e02ff5b235?s=96&d=mm&r=g","caption":"admin"},"sameAs":["https:\/\/archiviocassano.lavocedelpaese.info"],"url":"https:\/\/archiviocassano.lavocedelpaese.info\/index.php\/author\/admin_0qgz1xdp\/"}]}},"_links":{"self":[{"href":"https:\/\/archiviocassano.lavocedelpaese.info\/index.php\/wp-json\/wp\/v2\/posts\/3322","targetHints":{"allow":["GET"]}}],"collection":[{"href":"https:\/\/archiviocassano.lavocedelpaese.info\/index.php\/wp-json\/wp\/v2\/posts"}],"about":[{"href":"https:\/\/archiviocassano.lavocedelpaese.info\/index.php\/wp-json\/wp\/v2\/types\/post"}],"author":[{"embeddable":true,"href":"https:\/\/archiviocassano.lavocedelpaese.info\/index.php\/wp-json\/wp\/v2\/users\/1"}],"replies":[{"embeddable":true,"href":"https:\/\/archiviocassano.lavocedelpaese.info\/index.php\/wp-json\/wp\/v2\/comments?post=3322"}],"version-history":[{"count":0,"href":"https:\/\/archiviocassano.lavocedelpaese.info\/index.php\/wp-json\/wp\/v2\/posts\/3322\/revisions"}],"wp:attachment":[{"href":"https:\/\/archiviocassano.lavocedelpaese.info\/index.php\/wp-json\/wp\/v2\/media?parent=3322"}],"wp:term":[{"taxonomy":"category","embeddable":true,"href":"https:\/\/archiviocassano.lavocedelpaese.info\/index.php\/wp-json\/wp\/v2\/categories?post=3322"},{"taxonomy":"post_tag","embeddable":true,"href":"https:\/\/archiviocassano.lavocedelpaese.info\/index.php\/wp-json\/wp\/v2\/tags?post=3322"}],"curies":[{"name":"wp","href":"https:\/\/api.w.org\/{rel}","templated":true}]}}