{"id":3543,"date":"2011-03-11T07:45:50","date_gmt":"2011-03-11T07:45:50","guid":{"rendered":"https:\/\/archiviocassano.lavocedelpaese.info\/index.php\/2011\/03\/11\/la-di-medio-qcassanesi-esponete-il-tricolore-per-festeggiare-lunita-ditaliaq\/"},"modified":"2011-03-11T07:45:50","modified_gmt":"2011-03-11T07:45:50","slug":"la-di-medio-qcassanesi-esponete-il-tricolore-per-festeggiare-lunita-ditaliaq","status":"publish","type":"post","link":"https:\/\/archiviocassano.lavocedelpaese.info\/index.php\/2011\/03\/11\/la-di-medio-qcassanesi-esponete-il-tricolore-per-festeggiare-lunita-ditaliaq\/","title":{"rendered":"LA DI MEDIO: &#8220;CASSANESI, ESPONETE IL TRICOLORE&#8221;"},"content":{"rendered":"<p><img loading=\"lazy\" decoding=\"async\" class=\" size-full wp-image-1379\" src=\"https:\/\/archiviocassano.lavocedelpaese.info\/wp-content\/uploads\/2010\/05\/logo_unit_ditalia.jpg\" alt=\"logo_unit_ditalia\" width=\"320\" height=\"150\" srcset=\"https:\/\/archiviocassano.lavocedelpaese.info\/wp-content\/uploads\/2010\/05\/logo_unit_ditalia.jpg 640w, https:\/\/archiviocassano.lavocedelpaese.info\/wp-content\/uploads\/2010\/05\/logo_unit_ditalia-300x141.jpg 300w\" sizes=\"auto, (max-width: 320px) 100vw, 320px\" \/> <\/p>\n<p><!--more--><\/p>\n<p><\/p>\n<div style=\"text-align: justify;\">L&#8217;invito arriva direttamente dal sindaco Maria Pia Di Medio: <em>&#8220;Invito tutte le famiglie e i commercianti ad esporre  il  tricolore sui balconi e ad allestire le vetrine degli esercizi  seguendo  i colori della nostra Bandiera. Anche cos\u00ec<\/em> <em>avremo dato un senso patriottico a questo meraviglioso evento<\/em>\u201d.<\/div>\n<p style=\"text-align: justify;\">Mercoled\u00ec 16 e Gioved\u00ec 17 marzo, infatti, avranno inizio ufficialmente i festeggiamenti per i 150 anni dell&#8217;Unit\u00e0 d&#8217;Italia e anche Cassano si prepara alla grande festa.<\/p>\n<p style=\"text-align: justify;\"><strong>Mercoled\u00ec 16<\/strong> \u00e8 stato scelto quale giorno per fare festa  con gli studenti. Il programma prevede il raduno delle scolaresche alle  10 in piazza Garibaldi (non si poteva non scegliere un luogo pi\u00f9  rappresentativo) con un brindisi di benvenuto offerto dal bar Garibaldi e  con un\u2019eccezionale \u201csciabolata\u201d dei sommelier.<\/p>\n<p style=\"text-align: justify;\">A seguire, in piazza Moro, il saluto del sindaco Maria Pia Di Medio e  delle istituzioni. La giornata proseguir\u00e0 con cori, danze e letture a  cura degli studenti e delle associazioni locali.<\/p>\n<p style=\"text-align: justify;\">Nella mattinata saranno premiati gli studenti che hanno partecipato al  concorso \u201cUn manifesto per l\u2019Italia\u201d, i cui disegni sono al centro dei  manifesti istituzionali del Comune, realizzati per comunicare le  iniziative sull\u2019Unit\u00e0 d\u2019Italia. In caso di maltempo la manifestazione del 16 marzo si terr\u00e0 nell\u2019auditorium del liceo scientifico.<\/p>\n<p style=\"text-align: justify;\"> <strong>Gioved\u00ec 17 marzo<\/strong>, giornata ufficiale dei festeggiamenti  in tutta Italia, \u00e8 previsto il concerto degli allievi della classe di  chitarra diretta dal professor Francesco Leone del liceo musicale \u201cdon  Lorenzo Milani\u201d di Acquaviva. L\u2019appuntamento \u00e8 per le 18.30 nella  biblioteca comunale \u201cA. Perotti\u201d.<\/p>\n<p style=\"text-align: justify;\">\u00a0<\/p>\n<p style=\"text-align: justify;\">\u00a0<\/p>\n<div><\/div>\n<p style=\"text-align: center;\"><img loading=\"lazy\" decoding=\"async\" class=\" size-full wp-image-3542\" src=\"https:\/\/archiviocassano.lavocedelpaese.info\/wp-content\/uploads\/2011\/03\/bandiere.jpg\" alt=\"bandiere\" width=\"300\" height=\"225\" srcset=\"https:\/\/archiviocassano.lavocedelpaese.info\/wp-content\/uploads\/2011\/03\/bandiere.jpg 400w, https:\/\/archiviocassano.lavocedelpaese.info\/wp-content\/uploads\/2011\/03\/bandiere-300x225.jpg 300w\" sizes=\"auto, (max-width: 300px) 100vw, 300px\" \/><\/p>\n<div><\/div>\n<div><\/div>\n<div><\/div>\n<div><\/div>\n<div><\/div>\n<div><\/div>\n<div><\/div>\n<div><\/div>\n<div><\/div>\n<div><\/div>\n<div><\/div>\n<div><\/div>\n<div><\/div>\n<div><\/div>\n<div><\/div>\n<div>&#8220;<em>Per noi saranno due giorni particolari<\/em> \u2013 spiega il sindaco Maria Pia Di Medio<strong> <\/strong>\u2013 <em>e  vogliamo viverli a stretto contatto. Per questo invito tutti i  cittadini a partecipare alle manifestazioni e a portare in strada i  propri figli. <\/em><\/div>\n<p style=\"text-align: justify;\"> Naturalmente il programma delle iniziative proseguir\u00e0 per tutto l&#8217;anno con incontri, spettacoli e momenti di riflessione sul compleanno della nostra patria.<\/p>\n","protected":false},"excerpt":{"rendered":"","protected":false},"author":1,"featured_media":1379,"comment_status":"open","ping_status":"closed","sticky":false,"template":"","format":"standard","meta":{"colormag_page_container_layout":"default_layout","colormag_page_sidebar_layout":"default_layout","footnotes":""},"categories":[4],"tags":[],"class_list":["post-3543","post","type-post","status-publish","format-standard","has-post-thumbnail","hentry","category-politica"],"yoast_head":"<!-- This site is optimized with the Yoast SEO plugin v27.5 - https:\/\/yoast.com\/product\/yoast-seo-wordpress\/ -->\n<title>LA DI MEDIO: &quot;CASSANESI, ESPONETE IL TRICOLORE&quot; - Archivio CassanoWeb<\/title>\n<meta name=\"robots\" content=\"index, follow, max-snippet:-1, max-image-preview:large, max-video-preview:-1\" \/>\n<link rel=\"canonical\" href=\"https:\/\/archiviocassano.lavocedelpaese.info\/index.php\/2011\/03\/11\/la-di-medio-qcassanesi-esponete-il-tricolore-per-festeggiare-lunita-ditaliaq\/\" \/>\n<meta property=\"og:locale\" content=\"it_IT\" \/>\n<meta property=\"og:type\" content=\"article\" \/>\n<meta property=\"og:title\" content=\"LA DI MEDIO: &quot;CASSANESI, ESPONETE IL TRICOLORE&quot; - Archivio CassanoWeb\" \/>\n<meta property=\"og:url\" content=\"https:\/\/archiviocassano.lavocedelpaese.info\/index.php\/2011\/03\/11\/la-di-medio-qcassanesi-esponete-il-tricolore-per-festeggiare-lunita-ditaliaq\/\" \/>\n<meta property=\"og:site_name\" content=\"Archivio CassanoWeb\" \/>\n<meta property=\"article:publisher\" content=\"https:\/\/www.facebook.com\/redazione.cassanoweb\" \/>\n<meta property=\"article:published_time\" content=\"2011-03-11T07:45:50+00:00\" \/>\n<meta property=\"og:image\" content=\"https:\/\/archiviocassano.lavocedelpaese.info\/wp-content\/uploads\/2010\/05\/logo_unit_ditalia.jpg\" \/>\n\t<meta property=\"og:image:width\" content=\"640\" \/>\n\t<meta property=\"og:image:height\" content=\"300\" \/>\n\t<meta property=\"og:image:type\" content=\"image\/jpeg\" \/>\n<meta name=\"author\" content=\"admin\" \/>\n<meta name=\"twitter:card\" content=\"summary_large_image\" \/>\n<meta name=\"twitter:label1\" content=\"Scritto da\" \/>\n\t<meta name=\"twitter:data1\" content=\"admin\" \/>\n\t<meta name=\"twitter:label2\" content=\"Tempo di lettura stimato\" \/>\n\t<meta name=\"twitter:data2\" content=\"1 minuto\" \/>\n<script type=\"application\/ld+json\" class=\"yoast-schema-graph\">{\"@context\":\"https:\\\/\\\/schema.org\",\"@graph\":[{\"@type\":\"Article\",\"@id\":\"https:\\\/\\\/archiviocassano.lavocedelpaese.info\\\/index.php\\\/2011\\\/03\\\/11\\\/la-di-medio-qcassanesi-esponete-il-tricolore-per-festeggiare-lunita-ditaliaq\\\/#article\",\"isPartOf\":{\"@id\":\"https:\\\/\\\/archiviocassano.lavocedelpaese.info\\\/index.php\\\/2011\\\/03\\\/11\\\/la-di-medio-qcassanesi-esponete-il-tricolore-per-festeggiare-lunita-ditaliaq\\\/\"},\"author\":{\"name\":\"admin\",\"@id\":\"https:\\\/\\\/archiviocassano.lavocedelpaese.info\\\/#\\\/schema\\\/person\\\/df195bc79a9b4c35127cf005f92e041b\"},\"headline\":\"LA DI MEDIO: &#8220;CASSANESI, ESPONETE IL TRICOLORE&#8221;\",\"datePublished\":\"2011-03-11T07:45:50+00:00\",\"mainEntityOfPage\":{\"@id\":\"https:\\\/\\\/archiviocassano.lavocedelpaese.info\\\/index.php\\\/2011\\\/03\\\/11\\\/la-di-medio-qcassanesi-esponete-il-tricolore-per-festeggiare-lunita-ditaliaq\\\/\"},\"wordCount\":308,\"commentCount\":0,\"publisher\":{\"@id\":\"https:\\\/\\\/archiviocassano.lavocedelpaese.info\\\/#organization\"},\"image\":{\"@id\":\"https:\\\/\\\/archiviocassano.lavocedelpaese.info\\\/index.php\\\/2011\\\/03\\\/11\\\/la-di-medio-qcassanesi-esponete-il-tricolore-per-festeggiare-lunita-ditaliaq\\\/#primaryimage\"},\"thumbnailUrl\":\"https:\\\/\\\/archiviocassano.lavocedelpaese.info\\\/wp-content\\\/uploads\\\/2010\\\/05\\\/logo_unit_ditalia.jpg\",\"articleSection\":[\"Politica\"],\"inLanguage\":\"it-IT\",\"potentialAction\":[{\"@type\":\"CommentAction\",\"name\":\"Comment\",\"target\":[\"https:\\\/\\\/archiviocassano.lavocedelpaese.info\\\/index.php\\\/2011\\\/03\\\/11\\\/la-di-medio-qcassanesi-esponete-il-tricolore-per-festeggiare-lunita-ditaliaq\\\/#respond\"]}]},{\"@type\":\"WebPage\",\"@id\":\"https:\\\/\\\/archiviocassano.lavocedelpaese.info\\\/index.php\\\/2011\\\/03\\\/11\\\/la-di-medio-qcassanesi-esponete-il-tricolore-per-festeggiare-lunita-ditaliaq\\\/\",\"url\":\"https:\\\/\\\/archiviocassano.lavocedelpaese.info\\\/index.php\\\/2011\\\/03\\\/11\\\/la-di-medio-qcassanesi-esponete-il-tricolore-per-festeggiare-lunita-ditaliaq\\\/\",\"name\":\"LA DI MEDIO: \\\"CASSANESI, ESPONETE IL TRICOLORE\\\" - Archivio CassanoWeb\",\"isPartOf\":{\"@id\":\"https:\\\/\\\/archiviocassano.lavocedelpaese.info\\\/#website\"},\"primaryImageOfPage\":{\"@id\":\"https:\\\/\\\/archiviocassano.lavocedelpaese.info\\\/index.php\\\/2011\\\/03\\\/11\\\/la-di-medio-qcassanesi-esponete-il-tricolore-per-festeggiare-lunita-ditaliaq\\\/#primaryimage\"},\"image\":{\"@id\":\"https:\\\/\\\/archiviocassano.lavocedelpaese.info\\\/index.php\\\/2011\\\/03\\\/11\\\/la-di-medio-qcassanesi-esponete-il-tricolore-per-festeggiare-lunita-ditaliaq\\\/#primaryimage\"},\"thumbnailUrl\":\"https:\\\/\\\/archiviocassano.lavocedelpaese.info\\\/wp-content\\\/uploads\\\/2010\\\/05\\\/logo_unit_ditalia.jpg\",\"datePublished\":\"2011-03-11T07:45:50+00:00\",\"breadcrumb\":{\"@id\":\"https:\\\/\\\/archiviocassano.lavocedelpaese.info\\\/index.php\\\/2011\\\/03\\\/11\\\/la-di-medio-qcassanesi-esponete-il-tricolore-per-festeggiare-lunita-ditaliaq\\\/#breadcrumb\"},\"inLanguage\":\"it-IT\",\"potentialAction\":[{\"@type\":\"ReadAction\",\"target\":[\"https:\\\/\\\/archiviocassano.lavocedelpaese.info\\\/index.php\\\/2011\\\/03\\\/11\\\/la-di-medio-qcassanesi-esponete-il-tricolore-per-festeggiare-lunita-ditaliaq\\\/\"]}]},{\"@type\":\"ImageObject\",\"inLanguage\":\"it-IT\",\"@id\":\"https:\\\/\\\/archiviocassano.lavocedelpaese.info\\\/index.php\\\/2011\\\/03\\\/11\\\/la-di-medio-qcassanesi-esponete-il-tricolore-per-festeggiare-lunita-ditaliaq\\\/#primaryimage\",\"url\":\"https:\\\/\\\/archiviocassano.lavocedelpaese.info\\\/wp-content\\\/uploads\\\/2010\\\/05\\\/logo_unit_ditalia.jpg\",\"contentUrl\":\"https:\\\/\\\/archiviocassano.lavocedelpaese.info\\\/wp-content\\\/uploads\\\/2010\\\/05\\\/logo_unit_ditalia.jpg\",\"width\":640,\"height\":300,\"caption\":\"logo_unit_ditalia\"},{\"@type\":\"BreadcrumbList\",\"@id\":\"https:\\\/\\\/archiviocassano.lavocedelpaese.info\\\/index.php\\\/2011\\\/03\\\/11\\\/la-di-medio-qcassanesi-esponete-il-tricolore-per-festeggiare-lunita-ditaliaq\\\/#breadcrumb\",\"itemListElement\":[{\"@type\":\"ListItem\",\"position\":1,\"name\":\"Home\",\"item\":\"https:\\\/\\\/archiviocassano.lavocedelpaese.info\\\/\"},{\"@type\":\"ListItem\",\"position\":2,\"name\":\"LA DI MEDIO: &#8220;CASSANESI, ESPONETE IL TRICOLORE&#8221;\"}]},{\"@type\":\"WebSite\",\"@id\":\"https:\\\/\\\/archiviocassano.lavocedelpaese.info\\\/#website\",\"url\":\"https:\\\/\\\/archiviocassano.lavocedelpaese.info\\\/\",\"name\":\"Archivio CassanoWeb\",\"description\":\"La Voce del Paese - un network di idee\",\"publisher\":{\"@id\":\"https:\\\/\\\/archiviocassano.lavocedelpaese.info\\\/#organization\"},\"potentialAction\":[{\"@type\":\"SearchAction\",\"target\":{\"@type\":\"EntryPoint\",\"urlTemplate\":\"https:\\\/\\\/archiviocassano.lavocedelpaese.info\\\/?s={search_term_string}\"},\"query-input\":{\"@type\":\"PropertyValueSpecification\",\"valueRequired\":true,\"valueName\":\"search_term_string\"}}],\"inLanguage\":\"it-IT\"},{\"@type\":\"Organization\",\"@id\":\"https:\\\/\\\/archiviocassano.lavocedelpaese.info\\\/#organization\",\"name\":\"Archivio CassanoWeb\",\"url\":\"https:\\\/\\\/archiviocassano.lavocedelpaese.info\\\/\",\"logo\":{\"@type\":\"ImageObject\",\"inLanguage\":\"it-IT\",\"@id\":\"https:\\\/\\\/archiviocassano.lavocedelpaese.info\\\/#\\\/schema\\\/logo\\\/image\\\/\",\"url\":\"https:\\\/\\\/archiviocassano.lavocedelpaese.info\\\/wp-content\\\/uploads\\\/2024\\\/08\\\/logo-rosso-2.png\",\"contentUrl\":\"https:\\\/\\\/archiviocassano.lavocedelpaese.info\\\/wp-content\\\/uploads\\\/2024\\\/08\\\/logo-rosso-2.png\",\"width\":491,\"height\":432,\"caption\":\"Archivio CassanoWeb\"},\"image\":{\"@id\":\"https:\\\/\\\/archiviocassano.lavocedelpaese.info\\\/#\\\/schema\\\/logo\\\/image\\\/\"},\"sameAs\":[\"https:\\\/\\\/www.facebook.com\\\/redazione.cassanoweb\"]},{\"@type\":\"Person\",\"@id\":\"https:\\\/\\\/archiviocassano.lavocedelpaese.info\\\/#\\\/schema\\\/person\\\/df195bc79a9b4c35127cf005f92e041b\",\"name\":\"admin\",\"image\":{\"@type\":\"ImageObject\",\"inLanguage\":\"it-IT\",\"@id\":\"https:\\\/\\\/secure.gravatar.com\\\/avatar\\\/eabba89a432e8eaa1b0207cc55f7e5340b22712b1ed80677efcf63e02ff5b235?s=96&d=mm&r=g\",\"url\":\"https:\\\/\\\/secure.gravatar.com\\\/avatar\\\/eabba89a432e8eaa1b0207cc55f7e5340b22712b1ed80677efcf63e02ff5b235?s=96&d=mm&r=g\",\"contentUrl\":\"https:\\\/\\\/secure.gravatar.com\\\/avatar\\\/eabba89a432e8eaa1b0207cc55f7e5340b22712b1ed80677efcf63e02ff5b235?s=96&d=mm&r=g\",\"caption\":\"admin\"},\"sameAs\":[\"https:\\\/\\\/archiviocassano.lavocedelpaese.info\"],\"url\":\"https:\\\/\\\/archiviocassano.lavocedelpaese.info\\\/index.php\\\/author\\\/admin_0qgz1xdp\\\/\"}]}<\/script>\n<!-- \/ Yoast SEO plugin. -->","yoast_head_json":{"title":"LA DI MEDIO: \"CASSANESI, ESPONETE IL TRICOLORE\" - Archivio CassanoWeb","robots":{"index":"index","follow":"follow","max-snippet":"max-snippet:-1","max-image-preview":"max-image-preview:large","max-video-preview":"max-video-preview:-1"},"canonical":"https:\/\/archiviocassano.lavocedelpaese.info\/index.php\/2011\/03\/11\/la-di-medio-qcassanesi-esponete-il-tricolore-per-festeggiare-lunita-ditaliaq\/","og_locale":"it_IT","og_type":"article","og_title":"LA DI MEDIO: \"CASSANESI, ESPONETE IL TRICOLORE\" - Archivio CassanoWeb","og_url":"https:\/\/archiviocassano.lavocedelpaese.info\/index.php\/2011\/03\/11\/la-di-medio-qcassanesi-esponete-il-tricolore-per-festeggiare-lunita-ditaliaq\/","og_site_name":"Archivio CassanoWeb","article_publisher":"https:\/\/www.facebook.com\/redazione.cassanoweb","article_published_time":"2011-03-11T07:45:50+00:00","og_image":[{"width":640,"height":300,"url":"https:\/\/archiviocassano.lavocedelpaese.info\/wp-content\/uploads\/2010\/05\/logo_unit_ditalia.jpg","type":"image\/jpeg"}],"author":"admin","twitter_card":"summary_large_image","twitter_misc":{"Scritto da":"admin","Tempo di lettura stimato":"1 minuto"},"schema":{"@context":"https:\/\/schema.org","@graph":[{"@type":"Article","@id":"https:\/\/archiviocassano.lavocedelpaese.info\/index.php\/2011\/03\/11\/la-di-medio-qcassanesi-esponete-il-tricolore-per-festeggiare-lunita-ditaliaq\/#article","isPartOf":{"@id":"https:\/\/archiviocassano.lavocedelpaese.info\/index.php\/2011\/03\/11\/la-di-medio-qcassanesi-esponete-il-tricolore-per-festeggiare-lunita-ditaliaq\/"},"author":{"name":"admin","@id":"https:\/\/archiviocassano.lavocedelpaese.info\/#\/schema\/person\/df195bc79a9b4c35127cf005f92e041b"},"headline":"LA DI MEDIO: &#8220;CASSANESI, ESPONETE IL TRICOLORE&#8221;","datePublished":"2011-03-11T07:45:50+00:00","mainEntityOfPage":{"@id":"https:\/\/archiviocassano.lavocedelpaese.info\/index.php\/2011\/03\/11\/la-di-medio-qcassanesi-esponete-il-tricolore-per-festeggiare-lunita-ditaliaq\/"},"wordCount":308,"commentCount":0,"publisher":{"@id":"https:\/\/archiviocassano.lavocedelpaese.info\/#organization"},"image":{"@id":"https:\/\/archiviocassano.lavocedelpaese.info\/index.php\/2011\/03\/11\/la-di-medio-qcassanesi-esponete-il-tricolore-per-festeggiare-lunita-ditaliaq\/#primaryimage"},"thumbnailUrl":"https:\/\/archiviocassano.lavocedelpaese.info\/wp-content\/uploads\/2010\/05\/logo_unit_ditalia.jpg","articleSection":["Politica"],"inLanguage":"it-IT","potentialAction":[{"@type":"CommentAction","name":"Comment","target":["https:\/\/archiviocassano.lavocedelpaese.info\/index.php\/2011\/03\/11\/la-di-medio-qcassanesi-esponete-il-tricolore-per-festeggiare-lunita-ditaliaq\/#respond"]}]},{"@type":"WebPage","@id":"https:\/\/archiviocassano.lavocedelpaese.info\/index.php\/2011\/03\/11\/la-di-medio-qcassanesi-esponete-il-tricolore-per-festeggiare-lunita-ditaliaq\/","url":"https:\/\/archiviocassano.lavocedelpaese.info\/index.php\/2011\/03\/11\/la-di-medio-qcassanesi-esponete-il-tricolore-per-festeggiare-lunita-ditaliaq\/","name":"LA DI MEDIO: \"CASSANESI, ESPONETE IL TRICOLORE\" - Archivio CassanoWeb","isPartOf":{"@id":"https:\/\/archiviocassano.lavocedelpaese.info\/#website"},"primaryImageOfPage":{"@id":"https:\/\/archiviocassano.lavocedelpaese.info\/index.php\/2011\/03\/11\/la-di-medio-qcassanesi-esponete-il-tricolore-per-festeggiare-lunita-ditaliaq\/#primaryimage"},"image":{"@id":"https:\/\/archiviocassano.lavocedelpaese.info\/index.php\/2011\/03\/11\/la-di-medio-qcassanesi-esponete-il-tricolore-per-festeggiare-lunita-ditaliaq\/#primaryimage"},"thumbnailUrl":"https:\/\/archiviocassano.lavocedelpaese.info\/wp-content\/uploads\/2010\/05\/logo_unit_ditalia.jpg","datePublished":"2011-03-11T07:45:50+00:00","breadcrumb":{"@id":"https:\/\/archiviocassano.lavocedelpaese.info\/index.php\/2011\/03\/11\/la-di-medio-qcassanesi-esponete-il-tricolore-per-festeggiare-lunita-ditaliaq\/#breadcrumb"},"inLanguage":"it-IT","potentialAction":[{"@type":"ReadAction","target":["https:\/\/archiviocassano.lavocedelpaese.info\/index.php\/2011\/03\/11\/la-di-medio-qcassanesi-esponete-il-tricolore-per-festeggiare-lunita-ditaliaq\/"]}]},{"@type":"ImageObject","inLanguage":"it-IT","@id":"https:\/\/archiviocassano.lavocedelpaese.info\/index.php\/2011\/03\/11\/la-di-medio-qcassanesi-esponete-il-tricolore-per-festeggiare-lunita-ditaliaq\/#primaryimage","url":"https:\/\/archiviocassano.lavocedelpaese.info\/wp-content\/uploads\/2010\/05\/logo_unit_ditalia.jpg","contentUrl":"https:\/\/archiviocassano.lavocedelpaese.info\/wp-content\/uploads\/2010\/05\/logo_unit_ditalia.jpg","width":640,"height":300,"caption":"logo_unit_ditalia"},{"@type":"BreadcrumbList","@id":"https:\/\/archiviocassano.lavocedelpaese.info\/index.php\/2011\/03\/11\/la-di-medio-qcassanesi-esponete-il-tricolore-per-festeggiare-lunita-ditaliaq\/#breadcrumb","itemListElement":[{"@type":"ListItem","position":1,"name":"Home","item":"https:\/\/archiviocassano.lavocedelpaese.info\/"},{"@type":"ListItem","position":2,"name":"LA DI MEDIO: &#8220;CASSANESI, ESPONETE IL TRICOLORE&#8221;"}]},{"@type":"WebSite","@id":"https:\/\/archiviocassano.lavocedelpaese.info\/#website","url":"https:\/\/archiviocassano.lavocedelpaese.info\/","name":"Archivio CassanoWeb","description":"La Voce del Paese - un network di idee","publisher":{"@id":"https:\/\/archiviocassano.lavocedelpaese.info\/#organization"},"potentialAction":[{"@type":"SearchAction","target":{"@type":"EntryPoint","urlTemplate":"https:\/\/archiviocassano.lavocedelpaese.info\/?s={search_term_string}"},"query-input":{"@type":"PropertyValueSpecification","valueRequired":true,"valueName":"search_term_string"}}],"inLanguage":"it-IT"},{"@type":"Organization","@id":"https:\/\/archiviocassano.lavocedelpaese.info\/#organization","name":"Archivio CassanoWeb","url":"https:\/\/archiviocassano.lavocedelpaese.info\/","logo":{"@type":"ImageObject","inLanguage":"it-IT","@id":"https:\/\/archiviocassano.lavocedelpaese.info\/#\/schema\/logo\/image\/","url":"https:\/\/archiviocassano.lavocedelpaese.info\/wp-content\/uploads\/2024\/08\/logo-rosso-2.png","contentUrl":"https:\/\/archiviocassano.lavocedelpaese.info\/wp-content\/uploads\/2024\/08\/logo-rosso-2.png","width":491,"height":432,"caption":"Archivio CassanoWeb"},"image":{"@id":"https:\/\/archiviocassano.lavocedelpaese.info\/#\/schema\/logo\/image\/"},"sameAs":["https:\/\/www.facebook.com\/redazione.cassanoweb"]},{"@type":"Person","@id":"https:\/\/archiviocassano.lavocedelpaese.info\/#\/schema\/person\/df195bc79a9b4c35127cf005f92e041b","name":"admin","image":{"@type":"ImageObject","inLanguage":"it-IT","@id":"https:\/\/secure.gravatar.com\/avatar\/eabba89a432e8eaa1b0207cc55f7e5340b22712b1ed80677efcf63e02ff5b235?s=96&d=mm&r=g","url":"https:\/\/secure.gravatar.com\/avatar\/eabba89a432e8eaa1b0207cc55f7e5340b22712b1ed80677efcf63e02ff5b235?s=96&d=mm&r=g","contentUrl":"https:\/\/secure.gravatar.com\/avatar\/eabba89a432e8eaa1b0207cc55f7e5340b22712b1ed80677efcf63e02ff5b235?s=96&d=mm&r=g","caption":"admin"},"sameAs":["https:\/\/archiviocassano.lavocedelpaese.info"],"url":"https:\/\/archiviocassano.lavocedelpaese.info\/index.php\/author\/admin_0qgz1xdp\/"}]}},"_links":{"self":[{"href":"https:\/\/archiviocassano.lavocedelpaese.info\/index.php\/wp-json\/wp\/v2\/posts\/3543","targetHints":{"allow":["GET"]}}],"collection":[{"href":"https:\/\/archiviocassano.lavocedelpaese.info\/index.php\/wp-json\/wp\/v2\/posts"}],"about":[{"href":"https:\/\/archiviocassano.lavocedelpaese.info\/index.php\/wp-json\/wp\/v2\/types\/post"}],"author":[{"embeddable":true,"href":"https:\/\/archiviocassano.lavocedelpaese.info\/index.php\/wp-json\/wp\/v2\/users\/1"}],"replies":[{"embeddable":true,"href":"https:\/\/archiviocassano.lavocedelpaese.info\/index.php\/wp-json\/wp\/v2\/comments?post=3543"}],"version-history":[{"count":0,"href":"https:\/\/archiviocassano.lavocedelpaese.info\/index.php\/wp-json\/wp\/v2\/posts\/3543\/revisions"}],"wp:featuredmedia":[{"embeddable":true,"href":"https:\/\/archiviocassano.lavocedelpaese.info\/index.php\/wp-json\/wp\/v2\/media\/1379"}],"wp:attachment":[{"href":"https:\/\/archiviocassano.lavocedelpaese.info\/index.php\/wp-json\/wp\/v2\/media?parent=3543"}],"wp:term":[{"taxonomy":"category","embeddable":true,"href":"https:\/\/archiviocassano.lavocedelpaese.info\/index.php\/wp-json\/wp\/v2\/categories?post=3543"},{"taxonomy":"post_tag","embeddable":true,"href":"https:\/\/archiviocassano.lavocedelpaese.info\/index.php\/wp-json\/wp\/v2\/tags?post=3543"}],"curies":[{"name":"wp","href":"https:\/\/api.w.org\/{rel}","templated":true}]}}