{"id":3553,"date":"2011-03-13T11:12:35","date_gmt":"2011-03-13T11:12:35","guid":{"rendered":"https:\/\/archiviocassano.lavocedelpaese.info\/index.php\/2011\/03\/13\/i-ragazzi-della-media-allesplorazione-delle-murge\/"},"modified":"2011-03-13T11:12:35","modified_gmt":"2011-03-13T11:12:35","slug":"i-ragazzi-della-media-allesplorazione-delle-murge","status":"publish","type":"post","link":"https:\/\/archiviocassano.lavocedelpaese.info\/index.php\/2011\/03\/13\/i-ragazzi-della-media-allesplorazione-delle-murge\/","title":{"rendered":"I RAGAZZI DELLA MEDIA ALL&#8217;ESPLORAZIONE DELLE MURGE"},"content":{"rendered":"<p><img loading=\"lazy\" decoding=\"async\" class=\" size-full wp-image-2113\" alt=\"scuola_media\" src=\"https:\/\/archiviocassano.lavocedelpaese.info\/wp-content\/uploads\/2010\/10\/scuola_media.jpg\" width=\"320\" height=\"150\" srcset=\"https:\/\/archiviocassano.lavocedelpaese.info\/wp-content\/uploads\/2010\/10\/scuola_media.jpg 640w, https:\/\/archiviocassano.lavocedelpaese.info\/wp-content\/uploads\/2010\/10\/scuola_media-300x141.jpg 300w\" sizes=\"auto, (max-width: 320px) 100vw, 320px\" \/> <\/p>\n<p><!--more--><\/p>\n<p style=\"text-align: justify;\">La Scuola Media Statale \u201cVincenzo Ruffo\u201d di Cassano delle Murge, grazie al patrocinio morale e al sostegno finanziario offerti dall\u2019Ente \u201cParco Nazionale dell\u2019Alta Murgia\u201d, nell\u2019ambito delle attivit\u00e0 di tutela e valorizzazione del Parco, ha avviato un progetto di analisi e conoscenza del territorio rivolto in primo luogo agli alunni di classe I della scuola.<\/p>\n<div style=\"text-align: justify;\"><\/div>\n<p style=\"text-align: justify;\">Tale progetto persegue pienamente l\u2019obiettivo di infondere e accrescere nei ragazzi una \u201ccoscienza territoriale\u201d attraverso una conoscenza approfondita del patrimonio ambientale e culturale dell\u2019Alta Murgia, inteso come un valore e una risorsa da potenziare e da proteggere.<\/p>\n<div style=\"text-align: justify;\"><\/div>\n<p style=\"text-align: justify;\">L\u2019offerta formativa che la Scuola Media \u201cRuffo\u201d propone agli studenti sul tema dell\u2019educazione ambientale \u00e8 molto diversificata e si articola su numerosi progetti. Nell\u2019ambito dei sovvenzionamenti erogati dalla Comunit\u00e0 Europea, \u00e8 gi\u00e0 in corso dallo scorso dicembre \u00a0il progetto PON \u201cAdottiamo un bene culturale\u201d; tale progetto, rivolto agli studenti di I e II media, ha come obiettivo la conoscenza e la rivalutazione di un bene culturale presente nel nostro territorio ma al momento poco fruibile: la Grotta di Santa Candida, ubicata al di sotto dei locali della nostra scuola e gi\u00e0 interessata in passato da interventi di consolidamento e messa in sicurezza. Tale grotta, testimonianza del passato geologico dell\u2019area murgiana, cela al proprio interno un piccolo tesoro:\u00a0 un affresco raffigurante le sembianze della santa da cui la grotta prende il nome.<\/p>\n<div style=\"text-align: justify;\"><\/div>\n<p style=\"text-align: justify;\">Nell\u2019ambito del progetto PON \u201cLeg\u2026ali al Sud\u201d, \u00e8 prossimo ad essere avviato il modulo \u201cInsieme in armonia\u201d. Attraverso un intervento mirato sui temi ambientali e con la collaborazione di personale specializzato del Corpo Forestale dello Stato, viene perseguito l\u2019obiettivo di migliorare i livelli di conoscenza e competenze degli studenti di II media passando attraverso la divulgazione dei valori della democrazia e del rispetto delle regole, per diventare cittadini pi\u00f9 maturi e \u201cportatori\u201d di una cultura della legalit\u00e0.<\/p>\n<div style=\"text-align: justify;\"><\/div>\n<p style=\"text-align: justify;\">L\u2019investimento, da parte della nostra scuola, di energie e risorse sul tema dell\u2019educazione ambientale, riconosce, pertanto, al territorio la valenza di un vero e proprio \u201claboratorio didattico\u201d dove trovare stimoli e motivazioni per la riflessione e l\u2019attuazione di azioni concrete che promuovano cambiamenti nei comportamenti sia a livello personale che collettivo.<\/p>\n<div style=\"text-align: justify;\"><\/div>\n<p style=\"text-align: justify;\"><strong>La<\/strong><strong> <\/strong>realizzazione di esperienze che aiutino i ragazzi a conoscere e a riconoscersi nel proprio territorio come spazio fisico e luogo di aggregazione sociale diventa, di conseguenza,\u00a0 una preziosa e coinvolgente opportunit\u00e0 di crescita nel difficile cammino di educazione ad una cittadinanza consapevole e responsabile.<\/p>\n<div style=\"text-align: justify;\"><\/div>\n<p style=\"text-align: justify;\">Tornando al progetto patrocinato dall\u2019Ente \u201cParco Nazionale dell\u2019Alta Murgia\u201d, esso si articoler\u00e0 partendo da un\u2019analisi complessiva delle peculiari caratteristiche della sub-regione Murgia, dalla sua origine geologica alle attuali caratteristiche geomorfologiche e ambientali. Successivamente l\u2019attenzione si focalizzer\u00e0 su una specifica area situata tra Santeramo in Colle e Altamura, in localit\u00e0 La Guardiola, presso Masseria Luparelli. Questo sito rappresenta uno degli scorci pi\u00f9 suggestivi della Murgia santermana essendo incastonato lungo gli ultimi contrafforti murgiani che degradano repentinamente nella sottostante vallata, in una cornice naturale e paesaggistica di grande pregio.<\/p>\n<div style=\"text-align: justify;\"><\/div>\n<p style=\"text-align: justify;\">L\u2019esperienza che ci si propone di realizzare \u00e8 un\u2019esplorazione sia nello spazio sia nel tempo del nostro territorio, attuata con la collaborazione di specialisti esterni.<\/p>\n<div style=\"text-align: justify;\"><\/div>\n<p style=\"text-align: justify;\">Oltre ad un analisi paesaggistica e naturalistica, comprendente il riconoscimento e la descrizione delle formazioni carsiche dell\u2019altopiano e della vegetazione spontanea, con i suoi tipici colori e profumi, il progetto mira a valorizzare il patrimonio storico-archeologico consegnatoci dalle culture che hanno popolato questo scorcio di Alta Murgia, con particolare riferimento alle tradizioni agricole e contadine.<\/p>\n<div style=\"text-align: justify;\"><\/div>\n<p style=\"text-align: justify;\">Partendo dalle pi\u00f9 antiche comunit\u00e0 agricole, testimoniate dal sito neolitico di Masseria Conte, ubicato ai piedi del contrafforte murgiano su cui si erge Masseria Luparelli, si proceder\u00e0 all\u2019analisi delle dinamiche che hanno portato, con la nascita dell\u2019agricoltura, a un primo stabile rapporto con il nostro territorio da parte delle comunit\u00e0 umane. Dall\u2019analisi archeologica si passer\u00e0 quindi all\u2019indagine storica, focalizzata sulla cultura contadina, patrimonio del nostro pi\u00f9 recente passato, ancora evidente nell\u2019area di Masseria Luparelli.<\/p>\n<div style=\"text-align: justify;\"><\/div>\n<p style=\"text-align: justify;\">A una prima fase di lezioni introduttive in aula, seguiranno una serie di visite sotto la guida di due esperti: gli archeologi Dott. Gianluca Gaio e Dott.ssa Olimpia Matarrese. Contemporaneamente verr\u00e0 prodotta una relazione, pubblicata anche su un apposito sito <em>web<\/em>, in cui confluiranno le tematiche analizzate nel corso degli incontri. L\u2019attivit\u00e0 sar\u00e0 suggellata da una serie di raccolte fotografiche tematiche, realizzate dagli stessi alunni. L\u2019esperienza si concluder\u00e0 con una mostra ed un seminario, aperto alle scuole del territorio e all\u2019intera comunit\u00e0 cassanese, in cui si trarr\u00e0 un bilancio dell\u2019attivit\u00e0 svolta. Il seminario si svolger\u00e0 il giorno 15 aprile 2011 alle ore 17.00 presso la Sala Consiliare del Comune di Cassano delle Murge in Piazza Rossani.<\/p>\n<p>\u00a0<\/p>\n<p style=\"text-align: right;\"><strong>Il Dirigente Scolastico: Dott.ssa Maria Rosaria Annoscia<\/strong><\/p>\n<div style=\"text-align: left;\"><\/div>\n<p style=\"text-align: left;\"><strong>Il Referente del Progetto: Prof. Dario Catella<\/strong><\/p>\n<div style=\"text-align: left;\"><\/div>\n<p style=\"text-align: left;\"><strong>Dott. Gianluca Gaio<\/strong><\/p>\n<div style=\"text-align: left;\"><\/div>\n<p style=\"text-align: left;\"><strong>Dott.ssa Olimpia Matarrese<\/strong><\/p>\n","protected":false},"excerpt":{"rendered":"","protected":false},"author":1,"featured_media":2113,"comment_status":"open","ping_status":"closed","sticky":false,"template":"","format":"standard","meta":{"colormag_page_container_layout":"default_layout","colormag_page_sidebar_layout":"default_layout","footnotes":""},"categories":[7],"tags":[],"class_list":["post-3553","post","type-post","status-publish","format-standard","has-post-thumbnail","hentry","category-attualita"],"yoast_head":"<!-- This site is optimized with the Yoast SEO plugin v27.5 - https:\/\/yoast.com\/product\/yoast-seo-wordpress\/ -->\n<title>I RAGAZZI DELLA MEDIA ALL&#039;ESPLORAZIONE DELLE MURGE - Archivio CassanoWeb<\/title>\n<meta name=\"robots\" content=\"index, follow, max-snippet:-1, max-image-preview:large, max-video-preview:-1\" \/>\n<link rel=\"canonical\" href=\"https:\/\/archiviocassano.lavocedelpaese.info\/index.php\/2011\/03\/13\/i-ragazzi-della-media-allesplorazione-delle-murge\/\" \/>\n<meta property=\"og:locale\" content=\"it_IT\" \/>\n<meta property=\"og:type\" content=\"article\" \/>\n<meta property=\"og:title\" content=\"I RAGAZZI DELLA MEDIA ALL&#039;ESPLORAZIONE DELLE MURGE - Archivio CassanoWeb\" \/>\n<meta property=\"og:url\" content=\"https:\/\/archiviocassano.lavocedelpaese.info\/index.php\/2011\/03\/13\/i-ragazzi-della-media-allesplorazione-delle-murge\/\" \/>\n<meta property=\"og:site_name\" content=\"Archivio CassanoWeb\" \/>\n<meta property=\"article:publisher\" content=\"https:\/\/www.facebook.com\/redazione.cassanoweb\" \/>\n<meta property=\"article:published_time\" content=\"2011-03-13T11:12:35+00:00\" \/>\n<meta property=\"og:image\" content=\"https:\/\/archiviocassano.lavocedelpaese.info\/wp-content\/uploads\/2010\/10\/scuola_media.jpg\" \/>\n\t<meta property=\"og:image:width\" content=\"640\" \/>\n\t<meta property=\"og:image:height\" content=\"300\" \/>\n\t<meta property=\"og:image:type\" content=\"image\/jpeg\" \/>\n<meta name=\"author\" content=\"admin\" \/>\n<meta name=\"twitter:card\" content=\"summary_large_image\" \/>\n<meta name=\"twitter:label1\" content=\"Scritto da\" \/>\n\t<meta name=\"twitter:data1\" content=\"admin\" \/>\n\t<meta name=\"twitter:label2\" content=\"Tempo di lettura stimato\" \/>\n\t<meta name=\"twitter:data2\" content=\"4 minuti\" \/>\n<script type=\"application\/ld+json\" class=\"yoast-schema-graph\">{\"@context\":\"https:\\\/\\\/schema.org\",\"@graph\":[{\"@type\":\"Article\",\"@id\":\"https:\\\/\\\/archiviocassano.lavocedelpaese.info\\\/index.php\\\/2011\\\/03\\\/13\\\/i-ragazzi-della-media-allesplorazione-delle-murge\\\/#article\",\"isPartOf\":{\"@id\":\"https:\\\/\\\/archiviocassano.lavocedelpaese.info\\\/index.php\\\/2011\\\/03\\\/13\\\/i-ragazzi-della-media-allesplorazione-delle-murge\\\/\"},\"author\":{\"name\":\"admin\",\"@id\":\"https:\\\/\\\/archiviocassano.lavocedelpaese.info\\\/#\\\/schema\\\/person\\\/df195bc79a9b4c35127cf005f92e041b\"},\"headline\":\"I RAGAZZI DELLA MEDIA ALL&#8217;ESPLORAZIONE DELLE MURGE\",\"datePublished\":\"2011-03-13T11:12:35+00:00\",\"mainEntityOfPage\":{\"@id\":\"https:\\\/\\\/archiviocassano.lavocedelpaese.info\\\/index.php\\\/2011\\\/03\\\/13\\\/i-ragazzi-della-media-allesplorazione-delle-murge\\\/\"},\"wordCount\":807,\"commentCount\":0,\"publisher\":{\"@id\":\"https:\\\/\\\/archiviocassano.lavocedelpaese.info\\\/#organization\"},\"image\":{\"@id\":\"https:\\\/\\\/archiviocassano.lavocedelpaese.info\\\/index.php\\\/2011\\\/03\\\/13\\\/i-ragazzi-della-media-allesplorazione-delle-murge\\\/#primaryimage\"},\"thumbnailUrl\":\"https:\\\/\\\/archiviocassano.lavocedelpaese.info\\\/wp-content\\\/uploads\\\/2010\\\/10\\\/scuola_media.jpg\",\"articleSection\":[\"Attualit\u00e0\"],\"inLanguage\":\"it-IT\",\"potentialAction\":[{\"@type\":\"CommentAction\",\"name\":\"Comment\",\"target\":[\"https:\\\/\\\/archiviocassano.lavocedelpaese.info\\\/index.php\\\/2011\\\/03\\\/13\\\/i-ragazzi-della-media-allesplorazione-delle-murge\\\/#respond\"]}]},{\"@type\":\"WebPage\",\"@id\":\"https:\\\/\\\/archiviocassano.lavocedelpaese.info\\\/index.php\\\/2011\\\/03\\\/13\\\/i-ragazzi-della-media-allesplorazione-delle-murge\\\/\",\"url\":\"https:\\\/\\\/archiviocassano.lavocedelpaese.info\\\/index.php\\\/2011\\\/03\\\/13\\\/i-ragazzi-della-media-allesplorazione-delle-murge\\\/\",\"name\":\"I RAGAZZI DELLA MEDIA ALL'ESPLORAZIONE DELLE MURGE - Archivio CassanoWeb\",\"isPartOf\":{\"@id\":\"https:\\\/\\\/archiviocassano.lavocedelpaese.info\\\/#website\"},\"primaryImageOfPage\":{\"@id\":\"https:\\\/\\\/archiviocassano.lavocedelpaese.info\\\/index.php\\\/2011\\\/03\\\/13\\\/i-ragazzi-della-media-allesplorazione-delle-murge\\\/#primaryimage\"},\"image\":{\"@id\":\"https:\\\/\\\/archiviocassano.lavocedelpaese.info\\\/index.php\\\/2011\\\/03\\\/13\\\/i-ragazzi-della-media-allesplorazione-delle-murge\\\/#primaryimage\"},\"thumbnailUrl\":\"https:\\\/\\\/archiviocassano.lavocedelpaese.info\\\/wp-content\\\/uploads\\\/2010\\\/10\\\/scuola_media.jpg\",\"datePublished\":\"2011-03-13T11:12:35+00:00\",\"breadcrumb\":{\"@id\":\"https:\\\/\\\/archiviocassano.lavocedelpaese.info\\\/index.php\\\/2011\\\/03\\\/13\\\/i-ragazzi-della-media-allesplorazione-delle-murge\\\/#breadcrumb\"},\"inLanguage\":\"it-IT\",\"potentialAction\":[{\"@type\":\"ReadAction\",\"target\":[\"https:\\\/\\\/archiviocassano.lavocedelpaese.info\\\/index.php\\\/2011\\\/03\\\/13\\\/i-ragazzi-della-media-allesplorazione-delle-murge\\\/\"]}]},{\"@type\":\"ImageObject\",\"inLanguage\":\"it-IT\",\"@id\":\"https:\\\/\\\/archiviocassano.lavocedelpaese.info\\\/index.php\\\/2011\\\/03\\\/13\\\/i-ragazzi-della-media-allesplorazione-delle-murge\\\/#primaryimage\",\"url\":\"https:\\\/\\\/archiviocassano.lavocedelpaese.info\\\/wp-content\\\/uploads\\\/2010\\\/10\\\/scuola_media.jpg\",\"contentUrl\":\"https:\\\/\\\/archiviocassano.lavocedelpaese.info\\\/wp-content\\\/uploads\\\/2010\\\/10\\\/scuola_media.jpg\",\"width\":640,\"height\":300,\"caption\":\"scuola_media\"},{\"@type\":\"BreadcrumbList\",\"@id\":\"https:\\\/\\\/archiviocassano.lavocedelpaese.info\\\/index.php\\\/2011\\\/03\\\/13\\\/i-ragazzi-della-media-allesplorazione-delle-murge\\\/#breadcrumb\",\"itemListElement\":[{\"@type\":\"ListItem\",\"position\":1,\"name\":\"Home\",\"item\":\"https:\\\/\\\/archiviocassano.lavocedelpaese.info\\\/\"},{\"@type\":\"ListItem\",\"position\":2,\"name\":\"I RAGAZZI DELLA MEDIA ALL&#8217;ESPLORAZIONE DELLE MURGE\"}]},{\"@type\":\"WebSite\",\"@id\":\"https:\\\/\\\/archiviocassano.lavocedelpaese.info\\\/#website\",\"url\":\"https:\\\/\\\/archiviocassano.lavocedelpaese.info\\\/\",\"name\":\"Archivio CassanoWeb\",\"description\":\"La Voce del Paese - un network di idee\",\"publisher\":{\"@id\":\"https:\\\/\\\/archiviocassano.lavocedelpaese.info\\\/#organization\"},\"potentialAction\":[{\"@type\":\"SearchAction\",\"target\":{\"@type\":\"EntryPoint\",\"urlTemplate\":\"https:\\\/\\\/archiviocassano.lavocedelpaese.info\\\/?s={search_term_string}\"},\"query-input\":{\"@type\":\"PropertyValueSpecification\",\"valueRequired\":true,\"valueName\":\"search_term_string\"}}],\"inLanguage\":\"it-IT\"},{\"@type\":\"Organization\",\"@id\":\"https:\\\/\\\/archiviocassano.lavocedelpaese.info\\\/#organization\",\"name\":\"Archivio CassanoWeb\",\"url\":\"https:\\\/\\\/archiviocassano.lavocedelpaese.info\\\/\",\"logo\":{\"@type\":\"ImageObject\",\"inLanguage\":\"it-IT\",\"@id\":\"https:\\\/\\\/archiviocassano.lavocedelpaese.info\\\/#\\\/schema\\\/logo\\\/image\\\/\",\"url\":\"https:\\\/\\\/archiviocassano.lavocedelpaese.info\\\/wp-content\\\/uploads\\\/2024\\\/08\\\/logo-rosso-2.png\",\"contentUrl\":\"https:\\\/\\\/archiviocassano.lavocedelpaese.info\\\/wp-content\\\/uploads\\\/2024\\\/08\\\/logo-rosso-2.png\",\"width\":491,\"height\":432,\"caption\":\"Archivio CassanoWeb\"},\"image\":{\"@id\":\"https:\\\/\\\/archiviocassano.lavocedelpaese.info\\\/#\\\/schema\\\/logo\\\/image\\\/\"},\"sameAs\":[\"https:\\\/\\\/www.facebook.com\\\/redazione.cassanoweb\"]},{\"@type\":\"Person\",\"@id\":\"https:\\\/\\\/archiviocassano.lavocedelpaese.info\\\/#\\\/schema\\\/person\\\/df195bc79a9b4c35127cf005f92e041b\",\"name\":\"admin\",\"image\":{\"@type\":\"ImageObject\",\"inLanguage\":\"it-IT\",\"@id\":\"https:\\\/\\\/secure.gravatar.com\\\/avatar\\\/eabba89a432e8eaa1b0207cc55f7e5340b22712b1ed80677efcf63e02ff5b235?s=96&d=mm&r=g\",\"url\":\"https:\\\/\\\/secure.gravatar.com\\\/avatar\\\/eabba89a432e8eaa1b0207cc55f7e5340b22712b1ed80677efcf63e02ff5b235?s=96&d=mm&r=g\",\"contentUrl\":\"https:\\\/\\\/secure.gravatar.com\\\/avatar\\\/eabba89a432e8eaa1b0207cc55f7e5340b22712b1ed80677efcf63e02ff5b235?s=96&d=mm&r=g\",\"caption\":\"admin\"},\"sameAs\":[\"https:\\\/\\\/archiviocassano.lavocedelpaese.info\"],\"url\":\"https:\\\/\\\/archiviocassano.lavocedelpaese.info\\\/index.php\\\/author\\\/admin_0qgz1xdp\\\/\"}]}<\/script>\n<!-- \/ Yoast SEO plugin. -->","yoast_head_json":{"title":"I RAGAZZI DELLA MEDIA ALL'ESPLORAZIONE DELLE MURGE - Archivio CassanoWeb","robots":{"index":"index","follow":"follow","max-snippet":"max-snippet:-1","max-image-preview":"max-image-preview:large","max-video-preview":"max-video-preview:-1"},"canonical":"https:\/\/archiviocassano.lavocedelpaese.info\/index.php\/2011\/03\/13\/i-ragazzi-della-media-allesplorazione-delle-murge\/","og_locale":"it_IT","og_type":"article","og_title":"I RAGAZZI DELLA MEDIA ALL'ESPLORAZIONE DELLE MURGE - Archivio CassanoWeb","og_url":"https:\/\/archiviocassano.lavocedelpaese.info\/index.php\/2011\/03\/13\/i-ragazzi-della-media-allesplorazione-delle-murge\/","og_site_name":"Archivio CassanoWeb","article_publisher":"https:\/\/www.facebook.com\/redazione.cassanoweb","article_published_time":"2011-03-13T11:12:35+00:00","og_image":[{"width":640,"height":300,"url":"https:\/\/archiviocassano.lavocedelpaese.info\/wp-content\/uploads\/2010\/10\/scuola_media.jpg","type":"image\/jpeg"}],"author":"admin","twitter_card":"summary_large_image","twitter_misc":{"Scritto da":"admin","Tempo di lettura stimato":"4 minuti"},"schema":{"@context":"https:\/\/schema.org","@graph":[{"@type":"Article","@id":"https:\/\/archiviocassano.lavocedelpaese.info\/index.php\/2011\/03\/13\/i-ragazzi-della-media-allesplorazione-delle-murge\/#article","isPartOf":{"@id":"https:\/\/archiviocassano.lavocedelpaese.info\/index.php\/2011\/03\/13\/i-ragazzi-della-media-allesplorazione-delle-murge\/"},"author":{"name":"admin","@id":"https:\/\/archiviocassano.lavocedelpaese.info\/#\/schema\/person\/df195bc79a9b4c35127cf005f92e041b"},"headline":"I RAGAZZI DELLA MEDIA ALL&#8217;ESPLORAZIONE DELLE MURGE","datePublished":"2011-03-13T11:12:35+00:00","mainEntityOfPage":{"@id":"https:\/\/archiviocassano.lavocedelpaese.info\/index.php\/2011\/03\/13\/i-ragazzi-della-media-allesplorazione-delle-murge\/"},"wordCount":807,"commentCount":0,"publisher":{"@id":"https:\/\/archiviocassano.lavocedelpaese.info\/#organization"},"image":{"@id":"https:\/\/archiviocassano.lavocedelpaese.info\/index.php\/2011\/03\/13\/i-ragazzi-della-media-allesplorazione-delle-murge\/#primaryimage"},"thumbnailUrl":"https:\/\/archiviocassano.lavocedelpaese.info\/wp-content\/uploads\/2010\/10\/scuola_media.jpg","articleSection":["Attualit\u00e0"],"inLanguage":"it-IT","potentialAction":[{"@type":"CommentAction","name":"Comment","target":["https:\/\/archiviocassano.lavocedelpaese.info\/index.php\/2011\/03\/13\/i-ragazzi-della-media-allesplorazione-delle-murge\/#respond"]}]},{"@type":"WebPage","@id":"https:\/\/archiviocassano.lavocedelpaese.info\/index.php\/2011\/03\/13\/i-ragazzi-della-media-allesplorazione-delle-murge\/","url":"https:\/\/archiviocassano.lavocedelpaese.info\/index.php\/2011\/03\/13\/i-ragazzi-della-media-allesplorazione-delle-murge\/","name":"I RAGAZZI DELLA MEDIA ALL'ESPLORAZIONE DELLE MURGE - Archivio CassanoWeb","isPartOf":{"@id":"https:\/\/archiviocassano.lavocedelpaese.info\/#website"},"primaryImageOfPage":{"@id":"https:\/\/archiviocassano.lavocedelpaese.info\/index.php\/2011\/03\/13\/i-ragazzi-della-media-allesplorazione-delle-murge\/#primaryimage"},"image":{"@id":"https:\/\/archiviocassano.lavocedelpaese.info\/index.php\/2011\/03\/13\/i-ragazzi-della-media-allesplorazione-delle-murge\/#primaryimage"},"thumbnailUrl":"https:\/\/archiviocassano.lavocedelpaese.info\/wp-content\/uploads\/2010\/10\/scuola_media.jpg","datePublished":"2011-03-13T11:12:35+00:00","breadcrumb":{"@id":"https:\/\/archiviocassano.lavocedelpaese.info\/index.php\/2011\/03\/13\/i-ragazzi-della-media-allesplorazione-delle-murge\/#breadcrumb"},"inLanguage":"it-IT","potentialAction":[{"@type":"ReadAction","target":["https:\/\/archiviocassano.lavocedelpaese.info\/index.php\/2011\/03\/13\/i-ragazzi-della-media-allesplorazione-delle-murge\/"]}]},{"@type":"ImageObject","inLanguage":"it-IT","@id":"https:\/\/archiviocassano.lavocedelpaese.info\/index.php\/2011\/03\/13\/i-ragazzi-della-media-allesplorazione-delle-murge\/#primaryimage","url":"https:\/\/archiviocassano.lavocedelpaese.info\/wp-content\/uploads\/2010\/10\/scuola_media.jpg","contentUrl":"https:\/\/archiviocassano.lavocedelpaese.info\/wp-content\/uploads\/2010\/10\/scuola_media.jpg","width":640,"height":300,"caption":"scuola_media"},{"@type":"BreadcrumbList","@id":"https:\/\/archiviocassano.lavocedelpaese.info\/index.php\/2011\/03\/13\/i-ragazzi-della-media-allesplorazione-delle-murge\/#breadcrumb","itemListElement":[{"@type":"ListItem","position":1,"name":"Home","item":"https:\/\/archiviocassano.lavocedelpaese.info\/"},{"@type":"ListItem","position":2,"name":"I RAGAZZI DELLA MEDIA ALL&#8217;ESPLORAZIONE DELLE MURGE"}]},{"@type":"WebSite","@id":"https:\/\/archiviocassano.lavocedelpaese.info\/#website","url":"https:\/\/archiviocassano.lavocedelpaese.info\/","name":"Archivio CassanoWeb","description":"La Voce del Paese - un network di idee","publisher":{"@id":"https:\/\/archiviocassano.lavocedelpaese.info\/#organization"},"potentialAction":[{"@type":"SearchAction","target":{"@type":"EntryPoint","urlTemplate":"https:\/\/archiviocassano.lavocedelpaese.info\/?s={search_term_string}"},"query-input":{"@type":"PropertyValueSpecification","valueRequired":true,"valueName":"search_term_string"}}],"inLanguage":"it-IT"},{"@type":"Organization","@id":"https:\/\/archiviocassano.lavocedelpaese.info\/#organization","name":"Archivio CassanoWeb","url":"https:\/\/archiviocassano.lavocedelpaese.info\/","logo":{"@type":"ImageObject","inLanguage":"it-IT","@id":"https:\/\/archiviocassano.lavocedelpaese.info\/#\/schema\/logo\/image\/","url":"https:\/\/archiviocassano.lavocedelpaese.info\/wp-content\/uploads\/2024\/08\/logo-rosso-2.png","contentUrl":"https:\/\/archiviocassano.lavocedelpaese.info\/wp-content\/uploads\/2024\/08\/logo-rosso-2.png","width":491,"height":432,"caption":"Archivio CassanoWeb"},"image":{"@id":"https:\/\/archiviocassano.lavocedelpaese.info\/#\/schema\/logo\/image\/"},"sameAs":["https:\/\/www.facebook.com\/redazione.cassanoweb"]},{"@type":"Person","@id":"https:\/\/archiviocassano.lavocedelpaese.info\/#\/schema\/person\/df195bc79a9b4c35127cf005f92e041b","name":"admin","image":{"@type":"ImageObject","inLanguage":"it-IT","@id":"https:\/\/secure.gravatar.com\/avatar\/eabba89a432e8eaa1b0207cc55f7e5340b22712b1ed80677efcf63e02ff5b235?s=96&d=mm&r=g","url":"https:\/\/secure.gravatar.com\/avatar\/eabba89a432e8eaa1b0207cc55f7e5340b22712b1ed80677efcf63e02ff5b235?s=96&d=mm&r=g","contentUrl":"https:\/\/secure.gravatar.com\/avatar\/eabba89a432e8eaa1b0207cc55f7e5340b22712b1ed80677efcf63e02ff5b235?s=96&d=mm&r=g","caption":"admin"},"sameAs":["https:\/\/archiviocassano.lavocedelpaese.info"],"url":"https:\/\/archiviocassano.lavocedelpaese.info\/index.php\/author\/admin_0qgz1xdp\/"}]}},"_links":{"self":[{"href":"https:\/\/archiviocassano.lavocedelpaese.info\/index.php\/wp-json\/wp\/v2\/posts\/3553","targetHints":{"allow":["GET"]}}],"collection":[{"href":"https:\/\/archiviocassano.lavocedelpaese.info\/index.php\/wp-json\/wp\/v2\/posts"}],"about":[{"href":"https:\/\/archiviocassano.lavocedelpaese.info\/index.php\/wp-json\/wp\/v2\/types\/post"}],"author":[{"embeddable":true,"href":"https:\/\/archiviocassano.lavocedelpaese.info\/index.php\/wp-json\/wp\/v2\/users\/1"}],"replies":[{"embeddable":true,"href":"https:\/\/archiviocassano.lavocedelpaese.info\/index.php\/wp-json\/wp\/v2\/comments?post=3553"}],"version-history":[{"count":0,"href":"https:\/\/archiviocassano.lavocedelpaese.info\/index.php\/wp-json\/wp\/v2\/posts\/3553\/revisions"}],"wp:featuredmedia":[{"embeddable":true,"href":"https:\/\/archiviocassano.lavocedelpaese.info\/index.php\/wp-json\/wp\/v2\/media\/2113"}],"wp:attachment":[{"href":"https:\/\/archiviocassano.lavocedelpaese.info\/index.php\/wp-json\/wp\/v2\/media?parent=3553"}],"wp:term":[{"taxonomy":"category","embeddable":true,"href":"https:\/\/archiviocassano.lavocedelpaese.info\/index.php\/wp-json\/wp\/v2\/categories?post=3553"},{"taxonomy":"post_tag","embeddable":true,"href":"https:\/\/archiviocassano.lavocedelpaese.info\/index.php\/wp-json\/wp\/v2\/tags?post=3553"}],"curies":[{"name":"wp","href":"https:\/\/api.w.org\/{rel}","templated":true}]}}