{"id":3562,"date":"2011-03-14T22:25:47","date_gmt":"2011-03-14T22:25:47","guid":{"rendered":"https:\/\/archiviocassano.lavocedelpaese.info\/index.php\/2011\/03\/14\/comune-ecco-perche-cassano-festeggia-il-16-lunita-ditalia\/"},"modified":"2011-03-14T22:25:47","modified_gmt":"2011-03-14T22:25:47","slug":"comune-ecco-perche-cassano-festeggia-il-16-lunita-ditalia","status":"publish","type":"post","link":"https:\/\/archiviocassano.lavocedelpaese.info\/index.php\/2011\/03\/14\/comune-ecco-perche-cassano-festeggia-il-16-lunita-ditalia\/","title":{"rendered":"COMUNE: ECCO PERCHE\u2019 SI FESTEGGIA IL 16"},"content":{"rendered":"<p><img loading=\"lazy\" decoding=\"async\" alt=\"municipio\" src=\"images\/stories\/archiviofoto\/municipio.jpg\" width=\"320\" height=\"150\" \/> <\/p>\n<p><!--more--><\/p>\n<p style=\"text-align: justify;\"><em>Dall\u2019Ufficio Stampa del Comune di Cassano, \u00e8 stata diramate questa sera una nota di spiegazioni sul perch\u00e9 le manifestazioni principali per celebrare l\u2019Unit\u00e0 d\u2019Italia, a Cassano si terranno mercoled\u00ec 16 marzo. Tutto ci\u00f2, dopo una lettera di una nostra lettrice indirizzata al sindaco Di Medio, che questo giornale aveva pubblicato ieri.<\/em><\/p>\n<div style=\"text-align: justify;\"><\/div>\n<p style=\"text-align: justify;\">In riferimento alle manifestazioni in onore dei 150 anni dell&#8217;Unit\u00e0 d&#8217;Italia, si precisa che gli eventi si concentreranno maggiormente mercoled\u00ec 16 marzo in quanto gioved\u00ec 17 (giorno di festa in tutta Italia) il sindaco e i rappresentanti delle istituzioni sono convocati a Bari per la cerimonia dell&#8217;alza bandiera. In pi\u00f9, \u00e8 bene ribadire che la giornata di mercoled\u00ec \u00e8 stata espressamente indicata dal ministero della Pubblica Istruzione alle scuole e ai Comuni, essendo l&#8217;unico giorno a ridosso del 17 in cui gli istituti scolastici sono aperti. Solo cos\u00ec sarebbe possibile avere la massima attenzione e partecipazione degli studenti alle attivit\u00e0 previste. Pertanto, come precedentemente indicato dal Comune, il calendario organizzato dall\u2019Amministrazione, dalle scuole e da alcune associazioni, prevede per mercoled\u00ec alle 10 il raduno delle scolaresche e dei cittadini in piazza Garibaldi. In quell\u2019occasione si terr\u00e0 un brindisi di benvenuto offerto dal bar Garibaldi e un\u2019eccezionale \u201csciabolata\u201d dei sommelier.<\/p>\n<div style=\"text-align: justify;\"><\/div>\n<p style=\"text-align: justify;\">A seguire partir\u00e0 il corteo che giunger\u00e0 in piazza Aldo Moro dove saranno eseguiti dei canti in onore dell&#8217;Unit\u00e0 d&#8217;Italia grazie anche alla collaborazione dell\u2019associazione musicale \u201cIl bosco sonoro\u201d e dell&#8217;Universit\u00e0 della terza et\u00e0. Quindi saranno letti alcuni articoli della nostra Costituzione da parte degli studenti del liceo \u201cda Vinci\u201d e del gruppo Lions di Cassano.<\/p>\n<div style=\"text-align: justify;\"><\/div>\n<p style=\"text-align: justify;\">Nella stessa piazza si terr\u00e0 la premiazione degli studenti che hanno partecipato al concorso \u201cUn manifesto per l\u2019Italia\u201d. Si ricorda ancora che, in caso di maltempo, le manifestazioni di mercoled\u00ec si terranno nell\u2019auditorium del liceo scientifico.<\/p>\n<div style=\"text-align: justify;\"><\/div>\n<p style=\"text-align: justify;\">Gioved\u00ec 17, invece, \u00e8 previsto il concerto degli allievi della classe di chitarra diretta dal professor Francesco Leone del liceo musicale \u201cdon Lorenzo Milani\u201d di Acquaviva. Nella stessa circostanza il sindaco, Maria Pia Di Medio, legger\u00e0 il suo discorso ufficiale in rappresentanza del Comune di Cassano.<\/p>\n<div style=\"text-align: justify;\"><\/div>\n<p style=\"text-align: justify;\">L\u2019appuntamento \u00e8 per le 18.30 nella biblioteca comunale \u201cA. Perotti\u201d.<\/p>\n","protected":false},"excerpt":{"rendered":"","protected":false},"author":1,"featured_media":0,"comment_status":"open","ping_status":"closed","sticky":false,"template":"","format":"standard","meta":{"colormag_page_container_layout":"default_layout","colormag_page_sidebar_layout":"default_layout","footnotes":""},"categories":[4],"tags":[],"class_list":["post-3562","post","type-post","status-publish","format-standard","hentry","category-politica"],"yoast_head":"<!-- This site is optimized with the Yoast SEO plugin v27.5 - https:\/\/yoast.com\/product\/yoast-seo-wordpress\/ -->\n<title>COMUNE: ECCO PERCHE\u2019 SI FESTEGGIA IL 16 - Archivio CassanoWeb<\/title>\n<meta name=\"robots\" content=\"index, follow, max-snippet:-1, max-image-preview:large, max-video-preview:-1\" \/>\n<link rel=\"canonical\" href=\"https:\/\/archiviocassano.lavocedelpaese.info\/index.php\/2011\/03\/14\/comune-ecco-perche-cassano-festeggia-il-16-lunita-ditalia\/\" \/>\n<meta property=\"og:locale\" content=\"it_IT\" \/>\n<meta property=\"og:type\" content=\"article\" \/>\n<meta property=\"og:title\" content=\"COMUNE: ECCO PERCHE\u2019 SI FESTEGGIA IL 16 - Archivio CassanoWeb\" \/>\n<meta property=\"og:url\" content=\"https:\/\/archiviocassano.lavocedelpaese.info\/index.php\/2011\/03\/14\/comune-ecco-perche-cassano-festeggia-il-16-lunita-ditalia\/\" \/>\n<meta property=\"og:site_name\" content=\"Archivio CassanoWeb\" \/>\n<meta property=\"article:publisher\" content=\"https:\/\/www.facebook.com\/redazione.cassanoweb\" \/>\n<meta property=\"article:published_time\" content=\"2011-03-14T22:25:47+00:00\" \/>\n<meta name=\"author\" content=\"admin\" \/>\n<meta name=\"twitter:card\" content=\"summary_large_image\" \/>\n<meta name=\"twitter:label1\" content=\"Scritto da\" \/>\n\t<meta name=\"twitter:data1\" content=\"admin\" \/>\n\t<meta name=\"twitter:label2\" content=\"Tempo di lettura stimato\" \/>\n\t<meta name=\"twitter:data2\" content=\"2 minuti\" \/>\n<script type=\"application\/ld+json\" class=\"yoast-schema-graph\">{\"@context\":\"https:\\\/\\\/schema.org\",\"@graph\":[{\"@type\":\"Article\",\"@id\":\"https:\\\/\\\/archiviocassano.lavocedelpaese.info\\\/index.php\\\/2011\\\/03\\\/14\\\/comune-ecco-perche-cassano-festeggia-il-16-lunita-ditalia\\\/#article\",\"isPartOf\":{\"@id\":\"https:\\\/\\\/archiviocassano.lavocedelpaese.info\\\/index.php\\\/2011\\\/03\\\/14\\\/comune-ecco-perche-cassano-festeggia-il-16-lunita-ditalia\\\/\"},\"author\":{\"name\":\"admin\",\"@id\":\"https:\\\/\\\/archiviocassano.lavocedelpaese.info\\\/#\\\/schema\\\/person\\\/df195bc79a9b4c35127cf005f92e041b\"},\"headline\":\"COMUNE: ECCO PERCHE\u2019 SI FESTEGGIA IL 16\",\"datePublished\":\"2011-03-14T22:25:47+00:00\",\"mainEntityOfPage\":{\"@id\":\"https:\\\/\\\/archiviocassano.lavocedelpaese.info\\\/index.php\\\/2011\\\/03\\\/14\\\/comune-ecco-perche-cassano-festeggia-il-16-lunita-ditalia\\\/\"},\"wordCount\":358,\"commentCount\":0,\"publisher\":{\"@id\":\"https:\\\/\\\/archiviocassano.lavocedelpaese.info\\\/#organization\"},\"articleSection\":[\"Politica\"],\"inLanguage\":\"it-IT\",\"potentialAction\":[{\"@type\":\"CommentAction\",\"name\":\"Comment\",\"target\":[\"https:\\\/\\\/archiviocassano.lavocedelpaese.info\\\/index.php\\\/2011\\\/03\\\/14\\\/comune-ecco-perche-cassano-festeggia-il-16-lunita-ditalia\\\/#respond\"]}]},{\"@type\":\"WebPage\",\"@id\":\"https:\\\/\\\/archiviocassano.lavocedelpaese.info\\\/index.php\\\/2011\\\/03\\\/14\\\/comune-ecco-perche-cassano-festeggia-il-16-lunita-ditalia\\\/\",\"url\":\"https:\\\/\\\/archiviocassano.lavocedelpaese.info\\\/index.php\\\/2011\\\/03\\\/14\\\/comune-ecco-perche-cassano-festeggia-il-16-lunita-ditalia\\\/\",\"name\":\"COMUNE: ECCO PERCHE\u2019 SI FESTEGGIA IL 16 - Archivio CassanoWeb\",\"isPartOf\":{\"@id\":\"https:\\\/\\\/archiviocassano.lavocedelpaese.info\\\/#website\"},\"datePublished\":\"2011-03-14T22:25:47+00:00\",\"breadcrumb\":{\"@id\":\"https:\\\/\\\/archiviocassano.lavocedelpaese.info\\\/index.php\\\/2011\\\/03\\\/14\\\/comune-ecco-perche-cassano-festeggia-il-16-lunita-ditalia\\\/#breadcrumb\"},\"inLanguage\":\"it-IT\",\"potentialAction\":[{\"@type\":\"ReadAction\",\"target\":[\"https:\\\/\\\/archiviocassano.lavocedelpaese.info\\\/index.php\\\/2011\\\/03\\\/14\\\/comune-ecco-perche-cassano-festeggia-il-16-lunita-ditalia\\\/\"]}]},{\"@type\":\"BreadcrumbList\",\"@id\":\"https:\\\/\\\/archiviocassano.lavocedelpaese.info\\\/index.php\\\/2011\\\/03\\\/14\\\/comune-ecco-perche-cassano-festeggia-il-16-lunita-ditalia\\\/#breadcrumb\",\"itemListElement\":[{\"@type\":\"ListItem\",\"position\":1,\"name\":\"Home\",\"item\":\"https:\\\/\\\/archiviocassano.lavocedelpaese.info\\\/\"},{\"@type\":\"ListItem\",\"position\":2,\"name\":\"COMUNE: ECCO PERCHE\u2019 SI FESTEGGIA IL 16\"}]},{\"@type\":\"WebSite\",\"@id\":\"https:\\\/\\\/archiviocassano.lavocedelpaese.info\\\/#website\",\"url\":\"https:\\\/\\\/archiviocassano.lavocedelpaese.info\\\/\",\"name\":\"Archivio CassanoWeb\",\"description\":\"La Voce del Paese - un network di idee\",\"publisher\":{\"@id\":\"https:\\\/\\\/archiviocassano.lavocedelpaese.info\\\/#organization\"},\"potentialAction\":[{\"@type\":\"SearchAction\",\"target\":{\"@type\":\"EntryPoint\",\"urlTemplate\":\"https:\\\/\\\/archiviocassano.lavocedelpaese.info\\\/?s={search_term_string}\"},\"query-input\":{\"@type\":\"PropertyValueSpecification\",\"valueRequired\":true,\"valueName\":\"search_term_string\"}}],\"inLanguage\":\"it-IT\"},{\"@type\":\"Organization\",\"@id\":\"https:\\\/\\\/archiviocassano.lavocedelpaese.info\\\/#organization\",\"name\":\"Archivio CassanoWeb\",\"url\":\"https:\\\/\\\/archiviocassano.lavocedelpaese.info\\\/\",\"logo\":{\"@type\":\"ImageObject\",\"inLanguage\":\"it-IT\",\"@id\":\"https:\\\/\\\/archiviocassano.lavocedelpaese.info\\\/#\\\/schema\\\/logo\\\/image\\\/\",\"url\":\"https:\\\/\\\/archiviocassano.lavocedelpaese.info\\\/wp-content\\\/uploads\\\/2024\\\/08\\\/logo-rosso-2.png\",\"contentUrl\":\"https:\\\/\\\/archiviocassano.lavocedelpaese.info\\\/wp-content\\\/uploads\\\/2024\\\/08\\\/logo-rosso-2.png\",\"width\":491,\"height\":432,\"caption\":\"Archivio CassanoWeb\"},\"image\":{\"@id\":\"https:\\\/\\\/archiviocassano.lavocedelpaese.info\\\/#\\\/schema\\\/logo\\\/image\\\/\"},\"sameAs\":[\"https:\\\/\\\/www.facebook.com\\\/redazione.cassanoweb\"]},{\"@type\":\"Person\",\"@id\":\"https:\\\/\\\/archiviocassano.lavocedelpaese.info\\\/#\\\/schema\\\/person\\\/df195bc79a9b4c35127cf005f92e041b\",\"name\":\"admin\",\"image\":{\"@type\":\"ImageObject\",\"inLanguage\":\"it-IT\",\"@id\":\"https:\\\/\\\/secure.gravatar.com\\\/avatar\\\/eabba89a432e8eaa1b0207cc55f7e5340b22712b1ed80677efcf63e02ff5b235?s=96&d=mm&r=g\",\"url\":\"https:\\\/\\\/secure.gravatar.com\\\/avatar\\\/eabba89a432e8eaa1b0207cc55f7e5340b22712b1ed80677efcf63e02ff5b235?s=96&d=mm&r=g\",\"contentUrl\":\"https:\\\/\\\/secure.gravatar.com\\\/avatar\\\/eabba89a432e8eaa1b0207cc55f7e5340b22712b1ed80677efcf63e02ff5b235?s=96&d=mm&r=g\",\"caption\":\"admin\"},\"sameAs\":[\"https:\\\/\\\/archiviocassano.lavocedelpaese.info\"],\"url\":\"https:\\\/\\\/archiviocassano.lavocedelpaese.info\\\/index.php\\\/author\\\/admin_0qgz1xdp\\\/\"}]}<\/script>\n<!-- \/ Yoast SEO plugin. -->","yoast_head_json":{"title":"COMUNE: ECCO PERCHE\u2019 SI FESTEGGIA IL 16 - Archivio CassanoWeb","robots":{"index":"index","follow":"follow","max-snippet":"max-snippet:-1","max-image-preview":"max-image-preview:large","max-video-preview":"max-video-preview:-1"},"canonical":"https:\/\/archiviocassano.lavocedelpaese.info\/index.php\/2011\/03\/14\/comune-ecco-perche-cassano-festeggia-il-16-lunita-ditalia\/","og_locale":"it_IT","og_type":"article","og_title":"COMUNE: ECCO PERCHE\u2019 SI FESTEGGIA IL 16 - Archivio CassanoWeb","og_url":"https:\/\/archiviocassano.lavocedelpaese.info\/index.php\/2011\/03\/14\/comune-ecco-perche-cassano-festeggia-il-16-lunita-ditalia\/","og_site_name":"Archivio CassanoWeb","article_publisher":"https:\/\/www.facebook.com\/redazione.cassanoweb","article_published_time":"2011-03-14T22:25:47+00:00","author":"admin","twitter_card":"summary_large_image","twitter_misc":{"Scritto da":"admin","Tempo di lettura stimato":"2 minuti"},"schema":{"@context":"https:\/\/schema.org","@graph":[{"@type":"Article","@id":"https:\/\/archiviocassano.lavocedelpaese.info\/index.php\/2011\/03\/14\/comune-ecco-perche-cassano-festeggia-il-16-lunita-ditalia\/#article","isPartOf":{"@id":"https:\/\/archiviocassano.lavocedelpaese.info\/index.php\/2011\/03\/14\/comune-ecco-perche-cassano-festeggia-il-16-lunita-ditalia\/"},"author":{"name":"admin","@id":"https:\/\/archiviocassano.lavocedelpaese.info\/#\/schema\/person\/df195bc79a9b4c35127cf005f92e041b"},"headline":"COMUNE: ECCO PERCHE\u2019 SI FESTEGGIA IL 16","datePublished":"2011-03-14T22:25:47+00:00","mainEntityOfPage":{"@id":"https:\/\/archiviocassano.lavocedelpaese.info\/index.php\/2011\/03\/14\/comune-ecco-perche-cassano-festeggia-il-16-lunita-ditalia\/"},"wordCount":358,"commentCount":0,"publisher":{"@id":"https:\/\/archiviocassano.lavocedelpaese.info\/#organization"},"articleSection":["Politica"],"inLanguage":"it-IT","potentialAction":[{"@type":"CommentAction","name":"Comment","target":["https:\/\/archiviocassano.lavocedelpaese.info\/index.php\/2011\/03\/14\/comune-ecco-perche-cassano-festeggia-il-16-lunita-ditalia\/#respond"]}]},{"@type":"WebPage","@id":"https:\/\/archiviocassano.lavocedelpaese.info\/index.php\/2011\/03\/14\/comune-ecco-perche-cassano-festeggia-il-16-lunita-ditalia\/","url":"https:\/\/archiviocassano.lavocedelpaese.info\/index.php\/2011\/03\/14\/comune-ecco-perche-cassano-festeggia-il-16-lunita-ditalia\/","name":"COMUNE: ECCO PERCHE\u2019 SI FESTEGGIA IL 16 - Archivio CassanoWeb","isPartOf":{"@id":"https:\/\/archiviocassano.lavocedelpaese.info\/#website"},"datePublished":"2011-03-14T22:25:47+00:00","breadcrumb":{"@id":"https:\/\/archiviocassano.lavocedelpaese.info\/index.php\/2011\/03\/14\/comune-ecco-perche-cassano-festeggia-il-16-lunita-ditalia\/#breadcrumb"},"inLanguage":"it-IT","potentialAction":[{"@type":"ReadAction","target":["https:\/\/archiviocassano.lavocedelpaese.info\/index.php\/2011\/03\/14\/comune-ecco-perche-cassano-festeggia-il-16-lunita-ditalia\/"]}]},{"@type":"BreadcrumbList","@id":"https:\/\/archiviocassano.lavocedelpaese.info\/index.php\/2011\/03\/14\/comune-ecco-perche-cassano-festeggia-il-16-lunita-ditalia\/#breadcrumb","itemListElement":[{"@type":"ListItem","position":1,"name":"Home","item":"https:\/\/archiviocassano.lavocedelpaese.info\/"},{"@type":"ListItem","position":2,"name":"COMUNE: ECCO PERCHE\u2019 SI FESTEGGIA IL 16"}]},{"@type":"WebSite","@id":"https:\/\/archiviocassano.lavocedelpaese.info\/#website","url":"https:\/\/archiviocassano.lavocedelpaese.info\/","name":"Archivio CassanoWeb","description":"La Voce del Paese - un network di idee","publisher":{"@id":"https:\/\/archiviocassano.lavocedelpaese.info\/#organization"},"potentialAction":[{"@type":"SearchAction","target":{"@type":"EntryPoint","urlTemplate":"https:\/\/archiviocassano.lavocedelpaese.info\/?s={search_term_string}"},"query-input":{"@type":"PropertyValueSpecification","valueRequired":true,"valueName":"search_term_string"}}],"inLanguage":"it-IT"},{"@type":"Organization","@id":"https:\/\/archiviocassano.lavocedelpaese.info\/#organization","name":"Archivio CassanoWeb","url":"https:\/\/archiviocassano.lavocedelpaese.info\/","logo":{"@type":"ImageObject","inLanguage":"it-IT","@id":"https:\/\/archiviocassano.lavocedelpaese.info\/#\/schema\/logo\/image\/","url":"https:\/\/archiviocassano.lavocedelpaese.info\/wp-content\/uploads\/2024\/08\/logo-rosso-2.png","contentUrl":"https:\/\/archiviocassano.lavocedelpaese.info\/wp-content\/uploads\/2024\/08\/logo-rosso-2.png","width":491,"height":432,"caption":"Archivio CassanoWeb"},"image":{"@id":"https:\/\/archiviocassano.lavocedelpaese.info\/#\/schema\/logo\/image\/"},"sameAs":["https:\/\/www.facebook.com\/redazione.cassanoweb"]},{"@type":"Person","@id":"https:\/\/archiviocassano.lavocedelpaese.info\/#\/schema\/person\/df195bc79a9b4c35127cf005f92e041b","name":"admin","image":{"@type":"ImageObject","inLanguage":"it-IT","@id":"https:\/\/secure.gravatar.com\/avatar\/eabba89a432e8eaa1b0207cc55f7e5340b22712b1ed80677efcf63e02ff5b235?s=96&d=mm&r=g","url":"https:\/\/secure.gravatar.com\/avatar\/eabba89a432e8eaa1b0207cc55f7e5340b22712b1ed80677efcf63e02ff5b235?s=96&d=mm&r=g","contentUrl":"https:\/\/secure.gravatar.com\/avatar\/eabba89a432e8eaa1b0207cc55f7e5340b22712b1ed80677efcf63e02ff5b235?s=96&d=mm&r=g","caption":"admin"},"sameAs":["https:\/\/archiviocassano.lavocedelpaese.info"],"url":"https:\/\/archiviocassano.lavocedelpaese.info\/index.php\/author\/admin_0qgz1xdp\/"}]}},"_links":{"self":[{"href":"https:\/\/archiviocassano.lavocedelpaese.info\/index.php\/wp-json\/wp\/v2\/posts\/3562","targetHints":{"allow":["GET"]}}],"collection":[{"href":"https:\/\/archiviocassano.lavocedelpaese.info\/index.php\/wp-json\/wp\/v2\/posts"}],"about":[{"href":"https:\/\/archiviocassano.lavocedelpaese.info\/index.php\/wp-json\/wp\/v2\/types\/post"}],"author":[{"embeddable":true,"href":"https:\/\/archiviocassano.lavocedelpaese.info\/index.php\/wp-json\/wp\/v2\/users\/1"}],"replies":[{"embeddable":true,"href":"https:\/\/archiviocassano.lavocedelpaese.info\/index.php\/wp-json\/wp\/v2\/comments?post=3562"}],"version-history":[{"count":0,"href":"https:\/\/archiviocassano.lavocedelpaese.info\/index.php\/wp-json\/wp\/v2\/posts\/3562\/revisions"}],"wp:attachment":[{"href":"https:\/\/archiviocassano.lavocedelpaese.info\/index.php\/wp-json\/wp\/v2\/media?parent=3562"}],"wp:term":[{"taxonomy":"category","embeddable":true,"href":"https:\/\/archiviocassano.lavocedelpaese.info\/index.php\/wp-json\/wp\/v2\/categories?post=3562"},{"taxonomy":"post_tag","embeddable":true,"href":"https:\/\/archiviocassano.lavocedelpaese.info\/index.php\/wp-json\/wp\/v2\/tags?post=3562"}],"curies":[{"name":"wp","href":"https:\/\/api.w.org\/{rel}","templated":true}]}}