{"id":3930,"date":"2011-06-01T18:44:05","date_gmt":"2011-06-01T18:44:05","guid":{"rendered":"https:\/\/archiviocassano.lavocedelpaese.info\/index.php\/2011\/06\/01\/zullo-bacchetta-la-di-medio-mai-deporre-le-armi\/"},"modified":"2011-06-01T18:44:05","modified_gmt":"2011-06-01T18:44:05","slug":"zullo-bacchetta-la-di-medio-mai-deporre-le-armi","status":"publish","type":"post","link":"https:\/\/archiviocassano.lavocedelpaese.info\/index.php\/2011\/06\/01\/zullo-bacchetta-la-di-medio-mai-deporre-le-armi\/","title":{"rendered":"ZULLO BACCHETTA LA DI MEDIO: \u201cMAI DEPORRE LE ARMI\u201d"},"content":{"rendered":"<p><img loading=\"lazy\" decoding=\"async\" alt=\"zullo_e_dicanosa\" src=\"images\/stories\/zullo_e_dicanosa.jpg\" width=\"320\" height=\"150\" \/> <\/p>\n<p><!--more--><\/p>\n<p style=\"text-align: justify;\">\u201cRispetto il pensiero dell\u2019amico sindaco Maria Pia Di Medio \u2013 replica a stretto giro di dichiarazioni il consigliere regionale Zullo, anch\u2019egli del PdL <a target=\"_blank\" href=\"politica\/21230-di-medio-qberlusconi-e-finito-deponga-le-armiq.html\" rel=\"noopener\">a quanto aveva dichiarato ieri il sindaco a CassanoWeb<\/a> &#8211; ma mi sia consentito di esternare la mia non condivisione. Le armi si depongono quando le si usano per far del male ma non quando si \u00e8 nell\u2019agone politico per affermare le proprie idee e per attuare i propri programmi. E quando si \u00e8 in politica non \u00e8 una sconfitta che pu\u00f2 farci rinnegare esperienze, idee, ideali e simboli che hanno dato tanto a noi stessi e al Paese. Simboli in cui abbiamo creduto e che racchiudono valori e principi nei quali ci riconosciamo e, per molti versi, abbiamo anche agognato per farcene una bandiera da sventolare sui palchi delle nostre campagne elettorali.<\/p>\n<p style=\"text-align: justify;\">\u00a0<\/p>\n<p style=\"text-align: justify;\">Non ho rinnegato \u201cil Faro\u201d quando sono stato sconfitto nella mia candidatura a Sindaco di Cassano ma ho costruito sulla sconfitta facendo valere, pur dall\u2019opposizione, le ragioni che mi animavano e che condividevo con coloro che si riconoscevano in me e in quel simbolo. Non rinnego oggi il PdL, partito in cui mi riconosco e che spero la gente mi riconosca. \u00a0Riconoscersi in un partito non significa condividere totalmente la linea e la politica del partito ma significa partecipare, dibattere, esprimere opinioni anche in dissenso per poter dare il proprio contributo. Se deponessimo le armi ad ogni sconfitta, diventeremmo dei Tarzan attaccati ad una liana per passare da un albero all\u2019altro. L\u2019uomo forte non \u00e8 colui che sta sempre in piedi ma colui che cade e che ha la capacit\u00e0 di rialzarsi e la politica forte non \u00e8 quella che si adatta alle fortune dell\u2019oggi ma quella che sa prevedere le fortune del domani e non \u00e8 nemmeno quella che si adatta alle nostre fortune ma alle fortune della collettivit\u00e0.<\/p>\n<p style=\"text-align: justify;\">\u00a0<\/p>\n<p style=\"text-align: justify;\">Per quanto mi riguarda le fortune del domani e della collettivit\u00e0 passano attraverso l\u2019insegnamento di Aldo Moro dello scomporre per ricomporre. Occorre scompaginare l\u2019attuale quadro bipolare anche superando la contrapposizione centrodestra\/centrosinistra per creare un nuovo quadro bipolare, un polo che raccolga le forze politiche responsabili e riformiste ed un polo che assembli quelle forze politiche conservatrici, reazionarie, oppositrici nelle Istituzioni e nelle piazze delle riforme. Riformare per ridurre indebitamento e spesa pubblica, detassare e rilanciare consumi ed economia. Mi prodigher\u00f2 nel veicolare questo mio pensiero in cui credo tanto ed in questo trovo forza e linfa vitale per continuare lungo la mia strada senza rinnegare nulla di tutto ci\u00f2 che ha attraversato il mio impegno politico.<\/p>\n","protected":false},"excerpt":{"rendered":"","protected":false},"author":1,"featured_media":0,"comment_status":"open","ping_status":"closed","sticky":false,"template":"","format":"standard","meta":{"colormag_page_container_layout":"default_layout","colormag_page_sidebar_layout":"default_layout","footnotes":""},"categories":[4],"tags":[],"class_list":["post-3930","post","type-post","status-publish","format-standard","hentry","category-politica"],"yoast_head":"<!-- This site is optimized with the Yoast SEO plugin v27.5 - https:\/\/yoast.com\/product\/yoast-seo-wordpress\/ -->\n<title>ZULLO BACCHETTA LA DI MEDIO: \u201cMAI DEPORRE LE ARMI\u201d - Archivio CassanoWeb<\/title>\n<meta name=\"robots\" content=\"index, follow, max-snippet:-1, max-image-preview:large, max-video-preview:-1\" \/>\n<link rel=\"canonical\" href=\"https:\/\/archiviocassano.lavocedelpaese.info\/index.php\/2011\/06\/01\/zullo-bacchetta-la-di-medio-mai-deporre-le-armi\/\" \/>\n<meta property=\"og:locale\" content=\"it_IT\" \/>\n<meta property=\"og:type\" content=\"article\" \/>\n<meta property=\"og:title\" content=\"ZULLO BACCHETTA LA DI MEDIO: \u201cMAI DEPORRE LE ARMI\u201d - Archivio CassanoWeb\" \/>\n<meta property=\"og:url\" content=\"https:\/\/archiviocassano.lavocedelpaese.info\/index.php\/2011\/06\/01\/zullo-bacchetta-la-di-medio-mai-deporre-le-armi\/\" \/>\n<meta property=\"og:site_name\" content=\"Archivio CassanoWeb\" \/>\n<meta property=\"article:publisher\" content=\"https:\/\/www.facebook.com\/redazione.cassanoweb\" \/>\n<meta property=\"article:published_time\" content=\"2011-06-01T18:44:05+00:00\" \/>\n<meta name=\"author\" content=\"admin\" \/>\n<meta name=\"twitter:card\" content=\"summary_large_image\" \/>\n<meta name=\"twitter:label1\" content=\"Scritto da\" \/>\n\t<meta name=\"twitter:data1\" content=\"admin\" \/>\n\t<meta name=\"twitter:label2\" content=\"Tempo di lettura stimato\" \/>\n\t<meta name=\"twitter:data2\" content=\"2 minuti\" \/>\n<script type=\"application\/ld+json\" class=\"yoast-schema-graph\">{\"@context\":\"https:\\\/\\\/schema.org\",\"@graph\":[{\"@type\":\"Article\",\"@id\":\"https:\\\/\\\/archiviocassano.lavocedelpaese.info\\\/index.php\\\/2011\\\/06\\\/01\\\/zullo-bacchetta-la-di-medio-mai-deporre-le-armi\\\/#article\",\"isPartOf\":{\"@id\":\"https:\\\/\\\/archiviocassano.lavocedelpaese.info\\\/index.php\\\/2011\\\/06\\\/01\\\/zullo-bacchetta-la-di-medio-mai-deporre-le-armi\\\/\"},\"author\":{\"name\":\"admin\",\"@id\":\"https:\\\/\\\/archiviocassano.lavocedelpaese.info\\\/#\\\/schema\\\/person\\\/df195bc79a9b4c35127cf005f92e041b\"},\"headline\":\"ZULLO BACCHETTA LA DI MEDIO: \u201cMAI DEPORRE LE ARMI\u201d\",\"datePublished\":\"2011-06-01T18:44:05+00:00\",\"mainEntityOfPage\":{\"@id\":\"https:\\\/\\\/archiviocassano.lavocedelpaese.info\\\/index.php\\\/2011\\\/06\\\/01\\\/zullo-bacchetta-la-di-medio-mai-deporre-le-armi\\\/\"},\"wordCount\":434,\"commentCount\":0,\"publisher\":{\"@id\":\"https:\\\/\\\/archiviocassano.lavocedelpaese.info\\\/#organization\"},\"articleSection\":[\"Politica\"],\"inLanguage\":\"it-IT\",\"potentialAction\":[{\"@type\":\"CommentAction\",\"name\":\"Comment\",\"target\":[\"https:\\\/\\\/archiviocassano.lavocedelpaese.info\\\/index.php\\\/2011\\\/06\\\/01\\\/zullo-bacchetta-la-di-medio-mai-deporre-le-armi\\\/#respond\"]}]},{\"@type\":\"WebPage\",\"@id\":\"https:\\\/\\\/archiviocassano.lavocedelpaese.info\\\/index.php\\\/2011\\\/06\\\/01\\\/zullo-bacchetta-la-di-medio-mai-deporre-le-armi\\\/\",\"url\":\"https:\\\/\\\/archiviocassano.lavocedelpaese.info\\\/index.php\\\/2011\\\/06\\\/01\\\/zullo-bacchetta-la-di-medio-mai-deporre-le-armi\\\/\",\"name\":\"ZULLO BACCHETTA LA DI MEDIO: \u201cMAI DEPORRE LE ARMI\u201d - Archivio CassanoWeb\",\"isPartOf\":{\"@id\":\"https:\\\/\\\/archiviocassano.lavocedelpaese.info\\\/#website\"},\"datePublished\":\"2011-06-01T18:44:05+00:00\",\"breadcrumb\":{\"@id\":\"https:\\\/\\\/archiviocassano.lavocedelpaese.info\\\/index.php\\\/2011\\\/06\\\/01\\\/zullo-bacchetta-la-di-medio-mai-deporre-le-armi\\\/#breadcrumb\"},\"inLanguage\":\"it-IT\",\"potentialAction\":[{\"@type\":\"ReadAction\",\"target\":[\"https:\\\/\\\/archiviocassano.lavocedelpaese.info\\\/index.php\\\/2011\\\/06\\\/01\\\/zullo-bacchetta-la-di-medio-mai-deporre-le-armi\\\/\"]}]},{\"@type\":\"BreadcrumbList\",\"@id\":\"https:\\\/\\\/archiviocassano.lavocedelpaese.info\\\/index.php\\\/2011\\\/06\\\/01\\\/zullo-bacchetta-la-di-medio-mai-deporre-le-armi\\\/#breadcrumb\",\"itemListElement\":[{\"@type\":\"ListItem\",\"position\":1,\"name\":\"Home\",\"item\":\"https:\\\/\\\/archiviocassano.lavocedelpaese.info\\\/\"},{\"@type\":\"ListItem\",\"position\":2,\"name\":\"ZULLO BACCHETTA LA DI MEDIO: \u201cMAI DEPORRE LE ARMI\u201d\"}]},{\"@type\":\"WebSite\",\"@id\":\"https:\\\/\\\/archiviocassano.lavocedelpaese.info\\\/#website\",\"url\":\"https:\\\/\\\/archiviocassano.lavocedelpaese.info\\\/\",\"name\":\"Archivio CassanoWeb\",\"description\":\"La Voce del Paese - un network di idee\",\"publisher\":{\"@id\":\"https:\\\/\\\/archiviocassano.lavocedelpaese.info\\\/#organization\"},\"potentialAction\":[{\"@type\":\"SearchAction\",\"target\":{\"@type\":\"EntryPoint\",\"urlTemplate\":\"https:\\\/\\\/archiviocassano.lavocedelpaese.info\\\/?s={search_term_string}\"},\"query-input\":{\"@type\":\"PropertyValueSpecification\",\"valueRequired\":true,\"valueName\":\"search_term_string\"}}],\"inLanguage\":\"it-IT\"},{\"@type\":\"Organization\",\"@id\":\"https:\\\/\\\/archiviocassano.lavocedelpaese.info\\\/#organization\",\"name\":\"Archivio CassanoWeb\",\"url\":\"https:\\\/\\\/archiviocassano.lavocedelpaese.info\\\/\",\"logo\":{\"@type\":\"ImageObject\",\"inLanguage\":\"it-IT\",\"@id\":\"https:\\\/\\\/archiviocassano.lavocedelpaese.info\\\/#\\\/schema\\\/logo\\\/image\\\/\",\"url\":\"https:\\\/\\\/archiviocassano.lavocedelpaese.info\\\/wp-content\\\/uploads\\\/2024\\\/08\\\/logo-rosso-2.png\",\"contentUrl\":\"https:\\\/\\\/archiviocassano.lavocedelpaese.info\\\/wp-content\\\/uploads\\\/2024\\\/08\\\/logo-rosso-2.png\",\"width\":491,\"height\":432,\"caption\":\"Archivio CassanoWeb\"},\"image\":{\"@id\":\"https:\\\/\\\/archiviocassano.lavocedelpaese.info\\\/#\\\/schema\\\/logo\\\/image\\\/\"},\"sameAs\":[\"https:\\\/\\\/www.facebook.com\\\/redazione.cassanoweb\"]},{\"@type\":\"Person\",\"@id\":\"https:\\\/\\\/archiviocassano.lavocedelpaese.info\\\/#\\\/schema\\\/person\\\/df195bc79a9b4c35127cf005f92e041b\",\"name\":\"admin\",\"image\":{\"@type\":\"ImageObject\",\"inLanguage\":\"it-IT\",\"@id\":\"https:\\\/\\\/secure.gravatar.com\\\/avatar\\\/eabba89a432e8eaa1b0207cc55f7e5340b22712b1ed80677efcf63e02ff5b235?s=96&d=mm&r=g\",\"url\":\"https:\\\/\\\/secure.gravatar.com\\\/avatar\\\/eabba89a432e8eaa1b0207cc55f7e5340b22712b1ed80677efcf63e02ff5b235?s=96&d=mm&r=g\",\"contentUrl\":\"https:\\\/\\\/secure.gravatar.com\\\/avatar\\\/eabba89a432e8eaa1b0207cc55f7e5340b22712b1ed80677efcf63e02ff5b235?s=96&d=mm&r=g\",\"caption\":\"admin\"},\"sameAs\":[\"https:\\\/\\\/archiviocassano.lavocedelpaese.info\"],\"url\":\"https:\\\/\\\/archiviocassano.lavocedelpaese.info\\\/index.php\\\/author\\\/admin_0qgz1xdp\\\/\"}]}<\/script>\n<!-- \/ Yoast SEO plugin. -->","yoast_head_json":{"title":"ZULLO BACCHETTA LA DI MEDIO: \u201cMAI DEPORRE LE ARMI\u201d - Archivio CassanoWeb","robots":{"index":"index","follow":"follow","max-snippet":"max-snippet:-1","max-image-preview":"max-image-preview:large","max-video-preview":"max-video-preview:-1"},"canonical":"https:\/\/archiviocassano.lavocedelpaese.info\/index.php\/2011\/06\/01\/zullo-bacchetta-la-di-medio-mai-deporre-le-armi\/","og_locale":"it_IT","og_type":"article","og_title":"ZULLO BACCHETTA LA DI MEDIO: \u201cMAI DEPORRE LE ARMI\u201d - Archivio CassanoWeb","og_url":"https:\/\/archiviocassano.lavocedelpaese.info\/index.php\/2011\/06\/01\/zullo-bacchetta-la-di-medio-mai-deporre-le-armi\/","og_site_name":"Archivio CassanoWeb","article_publisher":"https:\/\/www.facebook.com\/redazione.cassanoweb","article_published_time":"2011-06-01T18:44:05+00:00","author":"admin","twitter_card":"summary_large_image","twitter_misc":{"Scritto da":"admin","Tempo di lettura stimato":"2 minuti"},"schema":{"@context":"https:\/\/schema.org","@graph":[{"@type":"Article","@id":"https:\/\/archiviocassano.lavocedelpaese.info\/index.php\/2011\/06\/01\/zullo-bacchetta-la-di-medio-mai-deporre-le-armi\/#article","isPartOf":{"@id":"https:\/\/archiviocassano.lavocedelpaese.info\/index.php\/2011\/06\/01\/zullo-bacchetta-la-di-medio-mai-deporre-le-armi\/"},"author":{"name":"admin","@id":"https:\/\/archiviocassano.lavocedelpaese.info\/#\/schema\/person\/df195bc79a9b4c35127cf005f92e041b"},"headline":"ZULLO BACCHETTA LA DI MEDIO: \u201cMAI DEPORRE LE ARMI\u201d","datePublished":"2011-06-01T18:44:05+00:00","mainEntityOfPage":{"@id":"https:\/\/archiviocassano.lavocedelpaese.info\/index.php\/2011\/06\/01\/zullo-bacchetta-la-di-medio-mai-deporre-le-armi\/"},"wordCount":434,"commentCount":0,"publisher":{"@id":"https:\/\/archiviocassano.lavocedelpaese.info\/#organization"},"articleSection":["Politica"],"inLanguage":"it-IT","potentialAction":[{"@type":"CommentAction","name":"Comment","target":["https:\/\/archiviocassano.lavocedelpaese.info\/index.php\/2011\/06\/01\/zullo-bacchetta-la-di-medio-mai-deporre-le-armi\/#respond"]}]},{"@type":"WebPage","@id":"https:\/\/archiviocassano.lavocedelpaese.info\/index.php\/2011\/06\/01\/zullo-bacchetta-la-di-medio-mai-deporre-le-armi\/","url":"https:\/\/archiviocassano.lavocedelpaese.info\/index.php\/2011\/06\/01\/zullo-bacchetta-la-di-medio-mai-deporre-le-armi\/","name":"ZULLO BACCHETTA LA DI MEDIO: \u201cMAI DEPORRE LE ARMI\u201d - Archivio CassanoWeb","isPartOf":{"@id":"https:\/\/archiviocassano.lavocedelpaese.info\/#website"},"datePublished":"2011-06-01T18:44:05+00:00","breadcrumb":{"@id":"https:\/\/archiviocassano.lavocedelpaese.info\/index.php\/2011\/06\/01\/zullo-bacchetta-la-di-medio-mai-deporre-le-armi\/#breadcrumb"},"inLanguage":"it-IT","potentialAction":[{"@type":"ReadAction","target":["https:\/\/archiviocassano.lavocedelpaese.info\/index.php\/2011\/06\/01\/zullo-bacchetta-la-di-medio-mai-deporre-le-armi\/"]}]},{"@type":"BreadcrumbList","@id":"https:\/\/archiviocassano.lavocedelpaese.info\/index.php\/2011\/06\/01\/zullo-bacchetta-la-di-medio-mai-deporre-le-armi\/#breadcrumb","itemListElement":[{"@type":"ListItem","position":1,"name":"Home","item":"https:\/\/archiviocassano.lavocedelpaese.info\/"},{"@type":"ListItem","position":2,"name":"ZULLO BACCHETTA LA DI MEDIO: \u201cMAI DEPORRE LE ARMI\u201d"}]},{"@type":"WebSite","@id":"https:\/\/archiviocassano.lavocedelpaese.info\/#website","url":"https:\/\/archiviocassano.lavocedelpaese.info\/","name":"Archivio CassanoWeb","description":"La Voce del Paese - un network di idee","publisher":{"@id":"https:\/\/archiviocassano.lavocedelpaese.info\/#organization"},"potentialAction":[{"@type":"SearchAction","target":{"@type":"EntryPoint","urlTemplate":"https:\/\/archiviocassano.lavocedelpaese.info\/?s={search_term_string}"},"query-input":{"@type":"PropertyValueSpecification","valueRequired":true,"valueName":"search_term_string"}}],"inLanguage":"it-IT"},{"@type":"Organization","@id":"https:\/\/archiviocassano.lavocedelpaese.info\/#organization","name":"Archivio CassanoWeb","url":"https:\/\/archiviocassano.lavocedelpaese.info\/","logo":{"@type":"ImageObject","inLanguage":"it-IT","@id":"https:\/\/archiviocassano.lavocedelpaese.info\/#\/schema\/logo\/image\/","url":"https:\/\/archiviocassano.lavocedelpaese.info\/wp-content\/uploads\/2024\/08\/logo-rosso-2.png","contentUrl":"https:\/\/archiviocassano.lavocedelpaese.info\/wp-content\/uploads\/2024\/08\/logo-rosso-2.png","width":491,"height":432,"caption":"Archivio CassanoWeb"},"image":{"@id":"https:\/\/archiviocassano.lavocedelpaese.info\/#\/schema\/logo\/image\/"},"sameAs":["https:\/\/www.facebook.com\/redazione.cassanoweb"]},{"@type":"Person","@id":"https:\/\/archiviocassano.lavocedelpaese.info\/#\/schema\/person\/df195bc79a9b4c35127cf005f92e041b","name":"admin","image":{"@type":"ImageObject","inLanguage":"it-IT","@id":"https:\/\/secure.gravatar.com\/avatar\/eabba89a432e8eaa1b0207cc55f7e5340b22712b1ed80677efcf63e02ff5b235?s=96&d=mm&r=g","url":"https:\/\/secure.gravatar.com\/avatar\/eabba89a432e8eaa1b0207cc55f7e5340b22712b1ed80677efcf63e02ff5b235?s=96&d=mm&r=g","contentUrl":"https:\/\/secure.gravatar.com\/avatar\/eabba89a432e8eaa1b0207cc55f7e5340b22712b1ed80677efcf63e02ff5b235?s=96&d=mm&r=g","caption":"admin"},"sameAs":["https:\/\/archiviocassano.lavocedelpaese.info"],"url":"https:\/\/archiviocassano.lavocedelpaese.info\/index.php\/author\/admin_0qgz1xdp\/"}]}},"_links":{"self":[{"href":"https:\/\/archiviocassano.lavocedelpaese.info\/index.php\/wp-json\/wp\/v2\/posts\/3930","targetHints":{"allow":["GET"]}}],"collection":[{"href":"https:\/\/archiviocassano.lavocedelpaese.info\/index.php\/wp-json\/wp\/v2\/posts"}],"about":[{"href":"https:\/\/archiviocassano.lavocedelpaese.info\/index.php\/wp-json\/wp\/v2\/types\/post"}],"author":[{"embeddable":true,"href":"https:\/\/archiviocassano.lavocedelpaese.info\/index.php\/wp-json\/wp\/v2\/users\/1"}],"replies":[{"embeddable":true,"href":"https:\/\/archiviocassano.lavocedelpaese.info\/index.php\/wp-json\/wp\/v2\/comments?post=3930"}],"version-history":[{"count":0,"href":"https:\/\/archiviocassano.lavocedelpaese.info\/index.php\/wp-json\/wp\/v2\/posts\/3930\/revisions"}],"wp:attachment":[{"href":"https:\/\/archiviocassano.lavocedelpaese.info\/index.php\/wp-json\/wp\/v2\/media?parent=3930"}],"wp:term":[{"taxonomy":"category","embeddable":true,"href":"https:\/\/archiviocassano.lavocedelpaese.info\/index.php\/wp-json\/wp\/v2\/categories?post=3930"},{"taxonomy":"post_tag","embeddable":true,"href":"https:\/\/archiviocassano.lavocedelpaese.info\/index.php\/wp-json\/wp\/v2\/tags?post=3930"}],"curies":[{"name":"wp","href":"https:\/\/api.w.org\/{rel}","templated":true}]}}