{"id":4009,"date":"2011-06-16T18:12:45","date_gmt":"2011-06-16T18:12:45","guid":{"rendered":"https:\/\/archiviocassano.lavocedelpaese.info\/index.php\/2011\/06\/16\/la-notte-bianca-lascia-il-posto-a-la-notte-del-grillaio\/"},"modified":"2011-06-16T18:12:45","modified_gmt":"2011-06-16T18:12:45","slug":"la-notte-bianca-lascia-il-posto-a-la-notte-del-grillaio","status":"publish","type":"post","link":"https:\/\/archiviocassano.lavocedelpaese.info\/index.php\/2011\/06\/16\/la-notte-bianca-lascia-il-posto-a-la-notte-del-grillaio\/","title":{"rendered":"\u201cLA NOTTE DEL GRILLAIO\u201d AL POSTO DE &#8220;LA NOTTE BIANCA&#8221;?"},"content":{"rendered":"<p><img loading=\"lazy\" decoding=\"async\" class=\" size-full wp-image-67\" src=\"https:\/\/archiviocassano.lavocedelpaese.info\/wp-content\/uploads\/2009\/07\/nottebianca.jpg\" width=\"320\" height=\"150\" alt=\"nottebianca\" \/> <\/p>\n<p><!--more--><\/p>\n<div><\/div>\n<div>\n<p style=\"text-align: justify;\">Dalla \u201cNotte Bianca\u201d a \u201cIl sentiero del Grillaio\u201d, da \u201cTuristicamente\u201d a Germogli di stelle\u201d?<\/p>\n<p style=\"text-align: justify;\">Anche se c&#8217;\u00e8 chi smentisce, potrebbe essere questa la novit\u00e0 dell\u2019Estate Cassanese 2011 che vede chiudersi, dopo tre edizioni, l\u2019esperienza della \u201cNotte Bianca\u201d cassanese, discussa ma suggestiva manifestazione che lo scorso anno port\u00f2 a Cassano un artista di caratura nazionale quale Roy Paci.<\/p>\n<p style=\"text-align: justify;\">Quest\u2019anno tutto cambia e da quel che risulta a CassanoWeb l\u2019associazione che diede vita a quella iniziativa, \u201cTuristicamente\u201d (di cui uno dei soci fondatori fu l\u2019Assessore Comunale al Turismo, Pierpaola Sapienza) lascia il posto a \u201cGermogli di stelle\u201d \u201cil cui scopo primario \u00e8 la valorizzazione del nostro territorio attraverso la promozione, il coordinamento ed il potenziamento dell&#8217;offerta turistica gi\u00e0 presente, favorendo la nascita di nuove realt\u00e0 ed implementando nuovi strumenti che possano offrire ulteriori opportunit\u00e0 di crescita a tutti gli operatori presenti nei territori interessati\u201d.<\/p>\n<p style=\"text-align: justify;\">L\u2019Associazione esordir\u00e0 in pubblico il 16 luglio prossimo con la manifestazione <strong>&#8220;IL SENTIERO DEL GRILLAIO &#8211; FESTA DELL&#8217;ARIA&#8221;<\/strong> all&#8217;interno della quale sar\u00e0 lanciata la sfida\u00a0 fra i comuni membri del Parco Nazionale dell&#8217;Alta Murgia\u00a0 per la conquista del<em> <\/em><em> <\/em>1\u00b0 Palio dell&#8217;Alta Murgia\u00a0che si terr\u00e0 all&#8217;interno della\u00a0 &#8220;NOTTE DEL GRILLAIO&#8221;\u00a0 il 10 settembre 2011 sempre a Cassano delle Murge.<\/p>\n<p style=\"text-align: justify;\">Pi\u00f9 di questo non \u00e8 dato sapere: ogni altra informazione su chi dirige l\u2019associazione, chi \u00a0sono i soci, quali altre iniziative hanno in mente e perch\u00e9 l\u2019esperienza della \u201cNotte Bianca\u201d non viene ripetuta, \u00e8 rinviata a luglio.<\/p>\n<\/div>\n","protected":false},"excerpt":{"rendered":"","protected":false},"author":1,"featured_media":67,"comment_status":"open","ping_status":"closed","sticky":false,"template":"","format":"standard","meta":{"colormag_page_container_layout":"default_layout","colormag_page_sidebar_layout":"default_layout","footnotes":""},"categories":[7],"tags":[],"class_list":["post-4009","post","type-post","status-publish","format-standard","has-post-thumbnail","hentry","category-attualita"],"yoast_head":"<!-- This site is optimized with the Yoast SEO plugin v27.5 - https:\/\/yoast.com\/product\/yoast-seo-wordpress\/ -->\n<title>\u201cLA NOTTE DEL GRILLAIO\u201d AL POSTO DE &quot;LA NOTTE BIANCA&quot;? - Archivio CassanoWeb<\/title>\n<meta name=\"robots\" content=\"index, follow, max-snippet:-1, max-image-preview:large, max-video-preview:-1\" \/>\n<link rel=\"canonical\" href=\"https:\/\/archiviocassano.lavocedelpaese.info\/index.php\/2011\/06\/16\/la-notte-bianca-lascia-il-posto-a-la-notte-del-grillaio\/\" \/>\n<meta property=\"og:locale\" content=\"it_IT\" \/>\n<meta property=\"og:type\" content=\"article\" \/>\n<meta property=\"og:title\" content=\"\u201cLA NOTTE DEL GRILLAIO\u201d AL POSTO DE &quot;LA NOTTE BIANCA&quot;? - Archivio CassanoWeb\" \/>\n<meta property=\"og:url\" content=\"https:\/\/archiviocassano.lavocedelpaese.info\/index.php\/2011\/06\/16\/la-notte-bianca-lascia-il-posto-a-la-notte-del-grillaio\/\" \/>\n<meta property=\"og:site_name\" content=\"Archivio CassanoWeb\" \/>\n<meta property=\"article:publisher\" content=\"https:\/\/www.facebook.com\/redazione.cassanoweb\" \/>\n<meta property=\"article:published_time\" content=\"2011-06-16T18:12:45+00:00\" \/>\n<meta property=\"og:image\" content=\"https:\/\/archiviocassano.lavocedelpaese.info\/wp-content\/uploads\/2009\/07\/nottebianca.jpg\" \/>\n\t<meta property=\"og:image:width\" content=\"410\" \/>\n\t<meta property=\"og:image:height\" content=\"200\" \/>\n\t<meta property=\"og:image:type\" content=\"image\/jpeg\" \/>\n<meta name=\"author\" content=\"admin\" \/>\n<meta name=\"twitter:card\" content=\"summary_large_image\" \/>\n<meta name=\"twitter:label1\" content=\"Scritto da\" \/>\n\t<meta name=\"twitter:data1\" content=\"admin\" \/>\n\t<meta name=\"twitter:label2\" content=\"Tempo di lettura stimato\" \/>\n\t<meta name=\"twitter:data2\" content=\"1 minuto\" \/>\n<script type=\"application\/ld+json\" class=\"yoast-schema-graph\">{\"@context\":\"https:\\\/\\\/schema.org\",\"@graph\":[{\"@type\":\"Article\",\"@id\":\"https:\\\/\\\/archiviocassano.lavocedelpaese.info\\\/index.php\\\/2011\\\/06\\\/16\\\/la-notte-bianca-lascia-il-posto-a-la-notte-del-grillaio\\\/#article\",\"isPartOf\":{\"@id\":\"https:\\\/\\\/archiviocassano.lavocedelpaese.info\\\/index.php\\\/2011\\\/06\\\/16\\\/la-notte-bianca-lascia-il-posto-a-la-notte-del-grillaio\\\/\"},\"author\":{\"name\":\"admin\",\"@id\":\"https:\\\/\\\/archiviocassano.lavocedelpaese.info\\\/#\\\/schema\\\/person\\\/df195bc79a9b4c35127cf005f92e041b\"},\"headline\":\"\u201cLA NOTTE DEL GRILLAIO\u201d AL POSTO DE &#8220;LA NOTTE BIANCA&#8221;?\",\"datePublished\":\"2011-06-16T18:12:45+00:00\",\"mainEntityOfPage\":{\"@id\":\"https:\\\/\\\/archiviocassano.lavocedelpaese.info\\\/index.php\\\/2011\\\/06\\\/16\\\/la-notte-bianca-lascia-il-posto-a-la-notte-del-grillaio\\\/\"},\"wordCount\":254,\"commentCount\":0,\"publisher\":{\"@id\":\"https:\\\/\\\/archiviocassano.lavocedelpaese.info\\\/#organization\"},\"image\":{\"@id\":\"https:\\\/\\\/archiviocassano.lavocedelpaese.info\\\/index.php\\\/2011\\\/06\\\/16\\\/la-notte-bianca-lascia-il-posto-a-la-notte-del-grillaio\\\/#primaryimage\"},\"thumbnailUrl\":\"https:\\\/\\\/archiviocassano.lavocedelpaese.info\\\/wp-content\\\/uploads\\\/2009\\\/07\\\/nottebianca.jpg\",\"articleSection\":[\"Attualit\u00e0\"],\"inLanguage\":\"it-IT\",\"potentialAction\":[{\"@type\":\"CommentAction\",\"name\":\"Comment\",\"target\":[\"https:\\\/\\\/archiviocassano.lavocedelpaese.info\\\/index.php\\\/2011\\\/06\\\/16\\\/la-notte-bianca-lascia-il-posto-a-la-notte-del-grillaio\\\/#respond\"]}]},{\"@type\":\"WebPage\",\"@id\":\"https:\\\/\\\/archiviocassano.lavocedelpaese.info\\\/index.php\\\/2011\\\/06\\\/16\\\/la-notte-bianca-lascia-il-posto-a-la-notte-del-grillaio\\\/\",\"url\":\"https:\\\/\\\/archiviocassano.lavocedelpaese.info\\\/index.php\\\/2011\\\/06\\\/16\\\/la-notte-bianca-lascia-il-posto-a-la-notte-del-grillaio\\\/\",\"name\":\"\u201cLA NOTTE DEL GRILLAIO\u201d AL POSTO DE \\\"LA NOTTE BIANCA\\\"? - Archivio CassanoWeb\",\"isPartOf\":{\"@id\":\"https:\\\/\\\/archiviocassano.lavocedelpaese.info\\\/#website\"},\"primaryImageOfPage\":{\"@id\":\"https:\\\/\\\/archiviocassano.lavocedelpaese.info\\\/index.php\\\/2011\\\/06\\\/16\\\/la-notte-bianca-lascia-il-posto-a-la-notte-del-grillaio\\\/#primaryimage\"},\"image\":{\"@id\":\"https:\\\/\\\/archiviocassano.lavocedelpaese.info\\\/index.php\\\/2011\\\/06\\\/16\\\/la-notte-bianca-lascia-il-posto-a-la-notte-del-grillaio\\\/#primaryimage\"},\"thumbnailUrl\":\"https:\\\/\\\/archiviocassano.lavocedelpaese.info\\\/wp-content\\\/uploads\\\/2009\\\/07\\\/nottebianca.jpg\",\"datePublished\":\"2011-06-16T18:12:45+00:00\",\"breadcrumb\":{\"@id\":\"https:\\\/\\\/archiviocassano.lavocedelpaese.info\\\/index.php\\\/2011\\\/06\\\/16\\\/la-notte-bianca-lascia-il-posto-a-la-notte-del-grillaio\\\/#breadcrumb\"},\"inLanguage\":\"it-IT\",\"potentialAction\":[{\"@type\":\"ReadAction\",\"target\":[\"https:\\\/\\\/archiviocassano.lavocedelpaese.info\\\/index.php\\\/2011\\\/06\\\/16\\\/la-notte-bianca-lascia-il-posto-a-la-notte-del-grillaio\\\/\"]}]},{\"@type\":\"ImageObject\",\"inLanguage\":\"it-IT\",\"@id\":\"https:\\\/\\\/archiviocassano.lavocedelpaese.info\\\/index.php\\\/2011\\\/06\\\/16\\\/la-notte-bianca-lascia-il-posto-a-la-notte-del-grillaio\\\/#primaryimage\",\"url\":\"https:\\\/\\\/archiviocassano.lavocedelpaese.info\\\/wp-content\\\/uploads\\\/2009\\\/07\\\/nottebianca.jpg\",\"contentUrl\":\"https:\\\/\\\/archiviocassano.lavocedelpaese.info\\\/wp-content\\\/uploads\\\/2009\\\/07\\\/nottebianca.jpg\",\"width\":410,\"height\":200,\"caption\":\"nottebianca\"},{\"@type\":\"BreadcrumbList\",\"@id\":\"https:\\\/\\\/archiviocassano.lavocedelpaese.info\\\/index.php\\\/2011\\\/06\\\/16\\\/la-notte-bianca-lascia-il-posto-a-la-notte-del-grillaio\\\/#breadcrumb\",\"itemListElement\":[{\"@type\":\"ListItem\",\"position\":1,\"name\":\"Home\",\"item\":\"https:\\\/\\\/archiviocassano.lavocedelpaese.info\\\/\"},{\"@type\":\"ListItem\",\"position\":2,\"name\":\"\u201cLA NOTTE DEL GRILLAIO\u201d AL POSTO DE &#8220;LA NOTTE BIANCA&#8221;?\"}]},{\"@type\":\"WebSite\",\"@id\":\"https:\\\/\\\/archiviocassano.lavocedelpaese.info\\\/#website\",\"url\":\"https:\\\/\\\/archiviocassano.lavocedelpaese.info\\\/\",\"name\":\"Archivio CassanoWeb\",\"description\":\"La Voce del Paese - un network di idee\",\"publisher\":{\"@id\":\"https:\\\/\\\/archiviocassano.lavocedelpaese.info\\\/#organization\"},\"potentialAction\":[{\"@type\":\"SearchAction\",\"target\":{\"@type\":\"EntryPoint\",\"urlTemplate\":\"https:\\\/\\\/archiviocassano.lavocedelpaese.info\\\/?s={search_term_string}\"},\"query-input\":{\"@type\":\"PropertyValueSpecification\",\"valueRequired\":true,\"valueName\":\"search_term_string\"}}],\"inLanguage\":\"it-IT\"},{\"@type\":\"Organization\",\"@id\":\"https:\\\/\\\/archiviocassano.lavocedelpaese.info\\\/#organization\",\"name\":\"Archivio CassanoWeb\",\"url\":\"https:\\\/\\\/archiviocassano.lavocedelpaese.info\\\/\",\"logo\":{\"@type\":\"ImageObject\",\"inLanguage\":\"it-IT\",\"@id\":\"https:\\\/\\\/archiviocassano.lavocedelpaese.info\\\/#\\\/schema\\\/logo\\\/image\\\/\",\"url\":\"https:\\\/\\\/archiviocassano.lavocedelpaese.info\\\/wp-content\\\/uploads\\\/2024\\\/08\\\/logo-rosso-2.png\",\"contentUrl\":\"https:\\\/\\\/archiviocassano.lavocedelpaese.info\\\/wp-content\\\/uploads\\\/2024\\\/08\\\/logo-rosso-2.png\",\"width\":491,\"height\":432,\"caption\":\"Archivio CassanoWeb\"},\"image\":{\"@id\":\"https:\\\/\\\/archiviocassano.lavocedelpaese.info\\\/#\\\/schema\\\/logo\\\/image\\\/\"},\"sameAs\":[\"https:\\\/\\\/www.facebook.com\\\/redazione.cassanoweb\"]},{\"@type\":\"Person\",\"@id\":\"https:\\\/\\\/archiviocassano.lavocedelpaese.info\\\/#\\\/schema\\\/person\\\/df195bc79a9b4c35127cf005f92e041b\",\"name\":\"admin\",\"image\":{\"@type\":\"ImageObject\",\"inLanguage\":\"it-IT\",\"@id\":\"https:\\\/\\\/secure.gravatar.com\\\/avatar\\\/eabba89a432e8eaa1b0207cc55f7e5340b22712b1ed80677efcf63e02ff5b235?s=96&d=mm&r=g\",\"url\":\"https:\\\/\\\/secure.gravatar.com\\\/avatar\\\/eabba89a432e8eaa1b0207cc55f7e5340b22712b1ed80677efcf63e02ff5b235?s=96&d=mm&r=g\",\"contentUrl\":\"https:\\\/\\\/secure.gravatar.com\\\/avatar\\\/eabba89a432e8eaa1b0207cc55f7e5340b22712b1ed80677efcf63e02ff5b235?s=96&d=mm&r=g\",\"caption\":\"admin\"},\"sameAs\":[\"https:\\\/\\\/archiviocassano.lavocedelpaese.info\"],\"url\":\"https:\\\/\\\/archiviocassano.lavocedelpaese.info\\\/index.php\\\/author\\\/admin_0qgz1xdp\\\/\"}]}<\/script>\n<!-- \/ Yoast SEO plugin. -->","yoast_head_json":{"title":"\u201cLA NOTTE DEL GRILLAIO\u201d AL POSTO DE \"LA NOTTE BIANCA\"? - Archivio CassanoWeb","robots":{"index":"index","follow":"follow","max-snippet":"max-snippet:-1","max-image-preview":"max-image-preview:large","max-video-preview":"max-video-preview:-1"},"canonical":"https:\/\/archiviocassano.lavocedelpaese.info\/index.php\/2011\/06\/16\/la-notte-bianca-lascia-il-posto-a-la-notte-del-grillaio\/","og_locale":"it_IT","og_type":"article","og_title":"\u201cLA NOTTE DEL GRILLAIO\u201d AL POSTO DE \"LA NOTTE BIANCA\"? - Archivio CassanoWeb","og_url":"https:\/\/archiviocassano.lavocedelpaese.info\/index.php\/2011\/06\/16\/la-notte-bianca-lascia-il-posto-a-la-notte-del-grillaio\/","og_site_name":"Archivio CassanoWeb","article_publisher":"https:\/\/www.facebook.com\/redazione.cassanoweb","article_published_time":"2011-06-16T18:12:45+00:00","og_image":[{"width":410,"height":200,"url":"https:\/\/archiviocassano.lavocedelpaese.info\/wp-content\/uploads\/2009\/07\/nottebianca.jpg","type":"image\/jpeg"}],"author":"admin","twitter_card":"summary_large_image","twitter_misc":{"Scritto da":"admin","Tempo di lettura stimato":"1 minuto"},"schema":{"@context":"https:\/\/schema.org","@graph":[{"@type":"Article","@id":"https:\/\/archiviocassano.lavocedelpaese.info\/index.php\/2011\/06\/16\/la-notte-bianca-lascia-il-posto-a-la-notte-del-grillaio\/#article","isPartOf":{"@id":"https:\/\/archiviocassano.lavocedelpaese.info\/index.php\/2011\/06\/16\/la-notte-bianca-lascia-il-posto-a-la-notte-del-grillaio\/"},"author":{"name":"admin","@id":"https:\/\/archiviocassano.lavocedelpaese.info\/#\/schema\/person\/df195bc79a9b4c35127cf005f92e041b"},"headline":"\u201cLA NOTTE DEL GRILLAIO\u201d AL POSTO DE &#8220;LA NOTTE BIANCA&#8221;?","datePublished":"2011-06-16T18:12:45+00:00","mainEntityOfPage":{"@id":"https:\/\/archiviocassano.lavocedelpaese.info\/index.php\/2011\/06\/16\/la-notte-bianca-lascia-il-posto-a-la-notte-del-grillaio\/"},"wordCount":254,"commentCount":0,"publisher":{"@id":"https:\/\/archiviocassano.lavocedelpaese.info\/#organization"},"image":{"@id":"https:\/\/archiviocassano.lavocedelpaese.info\/index.php\/2011\/06\/16\/la-notte-bianca-lascia-il-posto-a-la-notte-del-grillaio\/#primaryimage"},"thumbnailUrl":"https:\/\/archiviocassano.lavocedelpaese.info\/wp-content\/uploads\/2009\/07\/nottebianca.jpg","articleSection":["Attualit\u00e0"],"inLanguage":"it-IT","potentialAction":[{"@type":"CommentAction","name":"Comment","target":["https:\/\/archiviocassano.lavocedelpaese.info\/index.php\/2011\/06\/16\/la-notte-bianca-lascia-il-posto-a-la-notte-del-grillaio\/#respond"]}]},{"@type":"WebPage","@id":"https:\/\/archiviocassano.lavocedelpaese.info\/index.php\/2011\/06\/16\/la-notte-bianca-lascia-il-posto-a-la-notte-del-grillaio\/","url":"https:\/\/archiviocassano.lavocedelpaese.info\/index.php\/2011\/06\/16\/la-notte-bianca-lascia-il-posto-a-la-notte-del-grillaio\/","name":"\u201cLA NOTTE DEL GRILLAIO\u201d AL POSTO DE \"LA NOTTE BIANCA\"? - Archivio CassanoWeb","isPartOf":{"@id":"https:\/\/archiviocassano.lavocedelpaese.info\/#website"},"primaryImageOfPage":{"@id":"https:\/\/archiviocassano.lavocedelpaese.info\/index.php\/2011\/06\/16\/la-notte-bianca-lascia-il-posto-a-la-notte-del-grillaio\/#primaryimage"},"image":{"@id":"https:\/\/archiviocassano.lavocedelpaese.info\/index.php\/2011\/06\/16\/la-notte-bianca-lascia-il-posto-a-la-notte-del-grillaio\/#primaryimage"},"thumbnailUrl":"https:\/\/archiviocassano.lavocedelpaese.info\/wp-content\/uploads\/2009\/07\/nottebianca.jpg","datePublished":"2011-06-16T18:12:45+00:00","breadcrumb":{"@id":"https:\/\/archiviocassano.lavocedelpaese.info\/index.php\/2011\/06\/16\/la-notte-bianca-lascia-il-posto-a-la-notte-del-grillaio\/#breadcrumb"},"inLanguage":"it-IT","potentialAction":[{"@type":"ReadAction","target":["https:\/\/archiviocassano.lavocedelpaese.info\/index.php\/2011\/06\/16\/la-notte-bianca-lascia-il-posto-a-la-notte-del-grillaio\/"]}]},{"@type":"ImageObject","inLanguage":"it-IT","@id":"https:\/\/archiviocassano.lavocedelpaese.info\/index.php\/2011\/06\/16\/la-notte-bianca-lascia-il-posto-a-la-notte-del-grillaio\/#primaryimage","url":"https:\/\/archiviocassano.lavocedelpaese.info\/wp-content\/uploads\/2009\/07\/nottebianca.jpg","contentUrl":"https:\/\/archiviocassano.lavocedelpaese.info\/wp-content\/uploads\/2009\/07\/nottebianca.jpg","width":410,"height":200,"caption":"nottebianca"},{"@type":"BreadcrumbList","@id":"https:\/\/archiviocassano.lavocedelpaese.info\/index.php\/2011\/06\/16\/la-notte-bianca-lascia-il-posto-a-la-notte-del-grillaio\/#breadcrumb","itemListElement":[{"@type":"ListItem","position":1,"name":"Home","item":"https:\/\/archiviocassano.lavocedelpaese.info\/"},{"@type":"ListItem","position":2,"name":"\u201cLA NOTTE DEL GRILLAIO\u201d AL POSTO DE &#8220;LA NOTTE BIANCA&#8221;?"}]},{"@type":"WebSite","@id":"https:\/\/archiviocassano.lavocedelpaese.info\/#website","url":"https:\/\/archiviocassano.lavocedelpaese.info\/","name":"Archivio CassanoWeb","description":"La Voce del Paese - un network di idee","publisher":{"@id":"https:\/\/archiviocassano.lavocedelpaese.info\/#organization"},"potentialAction":[{"@type":"SearchAction","target":{"@type":"EntryPoint","urlTemplate":"https:\/\/archiviocassano.lavocedelpaese.info\/?s={search_term_string}"},"query-input":{"@type":"PropertyValueSpecification","valueRequired":true,"valueName":"search_term_string"}}],"inLanguage":"it-IT"},{"@type":"Organization","@id":"https:\/\/archiviocassano.lavocedelpaese.info\/#organization","name":"Archivio CassanoWeb","url":"https:\/\/archiviocassano.lavocedelpaese.info\/","logo":{"@type":"ImageObject","inLanguage":"it-IT","@id":"https:\/\/archiviocassano.lavocedelpaese.info\/#\/schema\/logo\/image\/","url":"https:\/\/archiviocassano.lavocedelpaese.info\/wp-content\/uploads\/2024\/08\/logo-rosso-2.png","contentUrl":"https:\/\/archiviocassano.lavocedelpaese.info\/wp-content\/uploads\/2024\/08\/logo-rosso-2.png","width":491,"height":432,"caption":"Archivio CassanoWeb"},"image":{"@id":"https:\/\/archiviocassano.lavocedelpaese.info\/#\/schema\/logo\/image\/"},"sameAs":["https:\/\/www.facebook.com\/redazione.cassanoweb"]},{"@type":"Person","@id":"https:\/\/archiviocassano.lavocedelpaese.info\/#\/schema\/person\/df195bc79a9b4c35127cf005f92e041b","name":"admin","image":{"@type":"ImageObject","inLanguage":"it-IT","@id":"https:\/\/secure.gravatar.com\/avatar\/eabba89a432e8eaa1b0207cc55f7e5340b22712b1ed80677efcf63e02ff5b235?s=96&d=mm&r=g","url":"https:\/\/secure.gravatar.com\/avatar\/eabba89a432e8eaa1b0207cc55f7e5340b22712b1ed80677efcf63e02ff5b235?s=96&d=mm&r=g","contentUrl":"https:\/\/secure.gravatar.com\/avatar\/eabba89a432e8eaa1b0207cc55f7e5340b22712b1ed80677efcf63e02ff5b235?s=96&d=mm&r=g","caption":"admin"},"sameAs":["https:\/\/archiviocassano.lavocedelpaese.info"],"url":"https:\/\/archiviocassano.lavocedelpaese.info\/index.php\/author\/admin_0qgz1xdp\/"}]}},"_links":{"self":[{"href":"https:\/\/archiviocassano.lavocedelpaese.info\/index.php\/wp-json\/wp\/v2\/posts\/4009","targetHints":{"allow":["GET"]}}],"collection":[{"href":"https:\/\/archiviocassano.lavocedelpaese.info\/index.php\/wp-json\/wp\/v2\/posts"}],"about":[{"href":"https:\/\/archiviocassano.lavocedelpaese.info\/index.php\/wp-json\/wp\/v2\/types\/post"}],"author":[{"embeddable":true,"href":"https:\/\/archiviocassano.lavocedelpaese.info\/index.php\/wp-json\/wp\/v2\/users\/1"}],"replies":[{"embeddable":true,"href":"https:\/\/archiviocassano.lavocedelpaese.info\/index.php\/wp-json\/wp\/v2\/comments?post=4009"}],"version-history":[{"count":0,"href":"https:\/\/archiviocassano.lavocedelpaese.info\/index.php\/wp-json\/wp\/v2\/posts\/4009\/revisions"}],"wp:featuredmedia":[{"embeddable":true,"href":"https:\/\/archiviocassano.lavocedelpaese.info\/index.php\/wp-json\/wp\/v2\/media\/67"}],"wp:attachment":[{"href":"https:\/\/archiviocassano.lavocedelpaese.info\/index.php\/wp-json\/wp\/v2\/media?parent=4009"}],"wp:term":[{"taxonomy":"category","embeddable":true,"href":"https:\/\/archiviocassano.lavocedelpaese.info\/index.php\/wp-json\/wp\/v2\/categories?post=4009"},{"taxonomy":"post_tag","embeddable":true,"href":"https:\/\/archiviocassano.lavocedelpaese.info\/index.php\/wp-json\/wp\/v2\/tags?post=4009"}],"curies":[{"name":"wp","href":"https:\/\/api.w.org\/{rel}","templated":true}]}}