{"id":4123,"date":"2011-07-09T11:14:28","date_gmt":"2011-07-09T11:14:28","guid":{"rendered":"https:\/\/archiviocassano.lavocedelpaese.info\/index.php\/2011\/07\/09\/e-bufera-sullassessore-sapienza-di-canosa-e-la-maggioranza-fanno-quadrato\/"},"modified":"2011-07-09T11:14:28","modified_gmt":"2011-07-09T11:14:28","slug":"e-bufera-sullassessore-sapienza-di-canosa-e-la-maggioranza-fanno-quadrato","status":"publish","type":"post","link":"https:\/\/archiviocassano.lavocedelpaese.info\/index.php\/2011\/07\/09\/e-bufera-sullassessore-sapienza-di-canosa-e-la-maggioranza-fanno-quadrato\/","title":{"rendered":"SULLA SAPIENZA DI CANOSA FA QUADRATO"},"content":{"rendered":"<p><img loading=\"lazy\" decoding=\"async\" class=\" size-full wp-image-3760\" alt=\"maggioranza_in_consiglio\" src=\"https:\/\/archiviocassano.lavocedelpaese.info\/wp-content\/uploads\/2011\/04\/maggioranza_in_consiglio.jpg\" height=\"150\" width=\"320\" srcset=\"https:\/\/archiviocassano.lavocedelpaese.info\/wp-content\/uploads\/2011\/04\/maggioranza_in_consiglio.jpg 640w, https:\/\/archiviocassano.lavocedelpaese.info\/wp-content\/uploads\/2011\/04\/maggioranza_in_consiglio-300x141.jpg 300w\" sizes=\"auto, (max-width: 320px) 100vw, 320px\" \/> <\/p>\n<p><!--more--><\/p>\n<div style=\"text-align: justify;\">La parola &#8220;dimissioni&#8221; il capogruppo consiliare del PdL, <strong>Pasquale Di Canosa,<\/strong> neppure la pronuncia a proposito della bufera che sta investendo l&#8217;Assessore alla Cultura, Sport e Turismo, Pierpaola Sapienza, dopo che le somme a disposizione dell&#8217;Estate Cassanese sono state rese note (<a target=\"_blank\" href=\"attualita\/21363-estate-cassanese-ecco-le-cifre.html\" rel=\"noopener\">leggi l&#8217;articolo<\/a>). Con tutte le conseguenze.<\/div>\n<p style=\"text-align: justify;\">Ma certo non dimentica che &#8211; fatte le debite proporzioni &#8211; proprio sull&#8217;Estate Cassanese cominci\u00f2 il lento declino dell&#8217;ex amministrazione Gentile: le figuracce rimediate dall&#8217;ex assessore Missoni, le prebende con cui si finanziava la sig.ra Dolores Spinelli e la sua associazione &#8220;I Tipici di Puglia&#8221; (<a target=\"_blank\" href=\"politica\/923-dolores-spinelli-terza-candidata-cassanese-con-io-sud.html\" rel=\"noopener\">leggi l&#8217;articolo<\/a>), la sagra della focaccia senza&#8230;focaccia, sono ricordi ancora vivi nella memoria cassanese. La possibilit\u00e0 di replicare quegli errori, lascia un brivido nella schiena di pi\u00f9 di un consigliere&#8230;<\/p>\n<p style=\"text-align: justify;\">E dunque Di Canosa fa quadrato attorno all&#8217;assessore. <em>&#8220;No, non intorno all&#8217;assessore ma attorno ad una programmazione voluta da tutta la maggioranza e dalla Giunta<\/em>&#8221; specifica il capogruppo.<\/p>\n<p style=\"text-align: justify;\">Almeno ufficialmente.<\/p>\n<p style=\"text-align: justify;\">Ma la scorsa settimana sono state ben due le riunioni di maggioranza convocate in Municipio proprio per discutere del programma estivo e delle modalit\u00e0 con le quali lo stesso \u00e8 stato allestito. Non a tutti gli assessori, infatti, sono piaciute le esclusioni di alcune iniziative, la contradditoriet\u00e0 di essere andati a dire in Consulta delle Associazioni che non si potevano dare soldi a nessuno (anche perch\u00e8, si diceva, non ve ne erano) salvo poi far uscire dalle casse comunali quasi 20mila euro.\u00a0 O il fatto che il calendario degli eventi era noto a ben pochi: qualche consigliere, addirittura, confessa di averlo letto sul settimanale cartaceo di CassanoWeb (&#8220;La voce del paese&#8221;), la scorsa settimana!<\/p>\n<p style=\"text-align: justify;\">&#8220;<em>I tempi ristretti non hanno consentito cambiamenti<\/em> &#8211; confessa Di Canosa &#8211; <em>e dunque abbiamo approvato il programma proposto dall&#8217;assessore. C&#8217;\u00e8 stato, comunque, un fermo invito a tutti gli assessori a far s\u00ec che le programmazioni di qualunque genere, non solo dell&#8217;Estate, vengano portate e discusse in maggioranza con congruo anticipo per poter essere, eventualmente, migliorate o comunque condivise&#8221;.<\/em><\/p>\n<p style=\"text-align: justify;\">Insomma, l&#8217;estate cassanese non \u00e8 ancora cominciata, il cartellone \u00e8 a di l\u00e0 dall&#8217;essere completato (c&#8217;\u00e8 in ballo ancora Juke-box per il quale Di Canosa dice di essersi speso personalmente per cercare una soluzione) ma le polemiche da parte di cittadini e associazioni rende il clima sempre pi\u00f9 rovente attorno al Palazzo di Citt\u00e0.<\/p>\n<p style=\"text-align: justify;\">Basti vedere la quantit\u00e0 di commenti ai nostri articoli (e si tenga conto che la grandissima parte degli stessi sono impubblicabili&#8230;) e di email che giungono in redazione. Davvero troppo per un&#8217;amministrazione in carica da appena due anni.<\/p>\n<p style=\"text-align: justify;\">\u00a0<\/p>\n<p>\u00a0<\/p>\n<p>\u00a0<\/p>\n","protected":false},"excerpt":{"rendered":"","protected":false},"author":1,"featured_media":3760,"comment_status":"open","ping_status":"closed","sticky":false,"template":"","format":"standard","meta":{"colormag_page_container_layout":"default_layout","colormag_page_sidebar_layout":"default_layout","footnotes":""},"categories":[4],"tags":[],"class_list":["post-4123","post","type-post","status-publish","format-standard","has-post-thumbnail","hentry","category-politica"],"yoast_head":"<!-- This site is optimized with the Yoast SEO plugin v27.5 - https:\/\/yoast.com\/product\/yoast-seo-wordpress\/ -->\n<title>SULLA SAPIENZA DI CANOSA FA QUADRATO - Archivio CassanoWeb<\/title>\n<meta name=\"robots\" content=\"index, follow, max-snippet:-1, max-image-preview:large, max-video-preview:-1\" \/>\n<link rel=\"canonical\" href=\"https:\/\/archiviocassano.lavocedelpaese.info\/index.php\/2011\/07\/09\/e-bufera-sullassessore-sapienza-di-canosa-e-la-maggioranza-fanno-quadrato\/\" \/>\n<meta property=\"og:locale\" content=\"it_IT\" \/>\n<meta property=\"og:type\" content=\"article\" \/>\n<meta property=\"og:title\" content=\"SULLA SAPIENZA DI CANOSA FA QUADRATO - Archivio CassanoWeb\" \/>\n<meta property=\"og:url\" content=\"https:\/\/archiviocassano.lavocedelpaese.info\/index.php\/2011\/07\/09\/e-bufera-sullassessore-sapienza-di-canosa-e-la-maggioranza-fanno-quadrato\/\" \/>\n<meta property=\"og:site_name\" content=\"Archivio CassanoWeb\" \/>\n<meta property=\"article:publisher\" content=\"https:\/\/www.facebook.com\/redazione.cassanoweb\" \/>\n<meta property=\"article:published_time\" content=\"2011-07-09T11:14:28+00:00\" \/>\n<meta property=\"og:image\" content=\"https:\/\/archiviocassano.lavocedelpaese.info\/wp-content\/uploads\/2011\/04\/maggioranza_in_consiglio.jpg\" \/>\n\t<meta property=\"og:image:width\" content=\"640\" \/>\n\t<meta property=\"og:image:height\" content=\"300\" \/>\n\t<meta property=\"og:image:type\" content=\"image\/jpeg\" \/>\n<meta name=\"author\" content=\"admin\" \/>\n<meta name=\"twitter:card\" content=\"summary_large_image\" \/>\n<meta name=\"twitter:label1\" content=\"Scritto da\" \/>\n\t<meta name=\"twitter:data1\" content=\"admin\" \/>\n\t<meta name=\"twitter:label2\" content=\"Tempo di lettura stimato\" \/>\n\t<meta name=\"twitter:data2\" content=\"2 minuti\" \/>\n<script type=\"application\/ld+json\" class=\"yoast-schema-graph\">{\"@context\":\"https:\\\/\\\/schema.org\",\"@graph\":[{\"@type\":\"Article\",\"@id\":\"https:\\\/\\\/archiviocassano.lavocedelpaese.info\\\/index.php\\\/2011\\\/07\\\/09\\\/e-bufera-sullassessore-sapienza-di-canosa-e-la-maggioranza-fanno-quadrato\\\/#article\",\"isPartOf\":{\"@id\":\"https:\\\/\\\/archiviocassano.lavocedelpaese.info\\\/index.php\\\/2011\\\/07\\\/09\\\/e-bufera-sullassessore-sapienza-di-canosa-e-la-maggioranza-fanno-quadrato\\\/\"},\"author\":{\"name\":\"admin\",\"@id\":\"https:\\\/\\\/archiviocassano.lavocedelpaese.info\\\/#\\\/schema\\\/person\\\/df195bc79a9b4c35127cf005f92e041b\"},\"headline\":\"SULLA SAPIENZA DI CANOSA FA QUADRATO\",\"datePublished\":\"2011-07-09T11:14:28+00:00\",\"mainEntityOfPage\":{\"@id\":\"https:\\\/\\\/archiviocassano.lavocedelpaese.info\\\/index.php\\\/2011\\\/07\\\/09\\\/e-bufera-sullassessore-sapienza-di-canosa-e-la-maggioranza-fanno-quadrato\\\/\"},\"wordCount\":436,\"commentCount\":0,\"publisher\":{\"@id\":\"https:\\\/\\\/archiviocassano.lavocedelpaese.info\\\/#organization\"},\"image\":{\"@id\":\"https:\\\/\\\/archiviocassano.lavocedelpaese.info\\\/index.php\\\/2011\\\/07\\\/09\\\/e-bufera-sullassessore-sapienza-di-canosa-e-la-maggioranza-fanno-quadrato\\\/#primaryimage\"},\"thumbnailUrl\":\"https:\\\/\\\/archiviocassano.lavocedelpaese.info\\\/wp-content\\\/uploads\\\/2011\\\/04\\\/maggioranza_in_consiglio.jpg\",\"articleSection\":[\"Politica\"],\"inLanguage\":\"it-IT\",\"potentialAction\":[{\"@type\":\"CommentAction\",\"name\":\"Comment\",\"target\":[\"https:\\\/\\\/archiviocassano.lavocedelpaese.info\\\/index.php\\\/2011\\\/07\\\/09\\\/e-bufera-sullassessore-sapienza-di-canosa-e-la-maggioranza-fanno-quadrato\\\/#respond\"]}]},{\"@type\":\"WebPage\",\"@id\":\"https:\\\/\\\/archiviocassano.lavocedelpaese.info\\\/index.php\\\/2011\\\/07\\\/09\\\/e-bufera-sullassessore-sapienza-di-canosa-e-la-maggioranza-fanno-quadrato\\\/\",\"url\":\"https:\\\/\\\/archiviocassano.lavocedelpaese.info\\\/index.php\\\/2011\\\/07\\\/09\\\/e-bufera-sullassessore-sapienza-di-canosa-e-la-maggioranza-fanno-quadrato\\\/\",\"name\":\"SULLA SAPIENZA DI CANOSA FA QUADRATO - Archivio CassanoWeb\",\"isPartOf\":{\"@id\":\"https:\\\/\\\/archiviocassano.lavocedelpaese.info\\\/#website\"},\"primaryImageOfPage\":{\"@id\":\"https:\\\/\\\/archiviocassano.lavocedelpaese.info\\\/index.php\\\/2011\\\/07\\\/09\\\/e-bufera-sullassessore-sapienza-di-canosa-e-la-maggioranza-fanno-quadrato\\\/#primaryimage\"},\"image\":{\"@id\":\"https:\\\/\\\/archiviocassano.lavocedelpaese.info\\\/index.php\\\/2011\\\/07\\\/09\\\/e-bufera-sullassessore-sapienza-di-canosa-e-la-maggioranza-fanno-quadrato\\\/#primaryimage\"},\"thumbnailUrl\":\"https:\\\/\\\/archiviocassano.lavocedelpaese.info\\\/wp-content\\\/uploads\\\/2011\\\/04\\\/maggioranza_in_consiglio.jpg\",\"datePublished\":\"2011-07-09T11:14:28+00:00\",\"breadcrumb\":{\"@id\":\"https:\\\/\\\/archiviocassano.lavocedelpaese.info\\\/index.php\\\/2011\\\/07\\\/09\\\/e-bufera-sullassessore-sapienza-di-canosa-e-la-maggioranza-fanno-quadrato\\\/#breadcrumb\"},\"inLanguage\":\"it-IT\",\"potentialAction\":[{\"@type\":\"ReadAction\",\"target\":[\"https:\\\/\\\/archiviocassano.lavocedelpaese.info\\\/index.php\\\/2011\\\/07\\\/09\\\/e-bufera-sullassessore-sapienza-di-canosa-e-la-maggioranza-fanno-quadrato\\\/\"]}]},{\"@type\":\"ImageObject\",\"inLanguage\":\"it-IT\",\"@id\":\"https:\\\/\\\/archiviocassano.lavocedelpaese.info\\\/index.php\\\/2011\\\/07\\\/09\\\/e-bufera-sullassessore-sapienza-di-canosa-e-la-maggioranza-fanno-quadrato\\\/#primaryimage\",\"url\":\"https:\\\/\\\/archiviocassano.lavocedelpaese.info\\\/wp-content\\\/uploads\\\/2011\\\/04\\\/maggioranza_in_consiglio.jpg\",\"contentUrl\":\"https:\\\/\\\/archiviocassano.lavocedelpaese.info\\\/wp-content\\\/uploads\\\/2011\\\/04\\\/maggioranza_in_consiglio.jpg\",\"width\":640,\"height\":300,\"caption\":\"maggioranza_in_consiglio\"},{\"@type\":\"BreadcrumbList\",\"@id\":\"https:\\\/\\\/archiviocassano.lavocedelpaese.info\\\/index.php\\\/2011\\\/07\\\/09\\\/e-bufera-sullassessore-sapienza-di-canosa-e-la-maggioranza-fanno-quadrato\\\/#breadcrumb\",\"itemListElement\":[{\"@type\":\"ListItem\",\"position\":1,\"name\":\"Home\",\"item\":\"https:\\\/\\\/archiviocassano.lavocedelpaese.info\\\/\"},{\"@type\":\"ListItem\",\"position\":2,\"name\":\"SULLA SAPIENZA DI CANOSA FA QUADRATO\"}]},{\"@type\":\"WebSite\",\"@id\":\"https:\\\/\\\/archiviocassano.lavocedelpaese.info\\\/#website\",\"url\":\"https:\\\/\\\/archiviocassano.lavocedelpaese.info\\\/\",\"name\":\"Archivio CassanoWeb\",\"description\":\"La Voce del Paese - un network di idee\",\"publisher\":{\"@id\":\"https:\\\/\\\/archiviocassano.lavocedelpaese.info\\\/#organization\"},\"potentialAction\":[{\"@type\":\"SearchAction\",\"target\":{\"@type\":\"EntryPoint\",\"urlTemplate\":\"https:\\\/\\\/archiviocassano.lavocedelpaese.info\\\/?s={search_term_string}\"},\"query-input\":{\"@type\":\"PropertyValueSpecification\",\"valueRequired\":true,\"valueName\":\"search_term_string\"}}],\"inLanguage\":\"it-IT\"},{\"@type\":\"Organization\",\"@id\":\"https:\\\/\\\/archiviocassano.lavocedelpaese.info\\\/#organization\",\"name\":\"Archivio CassanoWeb\",\"url\":\"https:\\\/\\\/archiviocassano.lavocedelpaese.info\\\/\",\"logo\":{\"@type\":\"ImageObject\",\"inLanguage\":\"it-IT\",\"@id\":\"https:\\\/\\\/archiviocassano.lavocedelpaese.info\\\/#\\\/schema\\\/logo\\\/image\\\/\",\"url\":\"https:\\\/\\\/archiviocassano.lavocedelpaese.info\\\/wp-content\\\/uploads\\\/2024\\\/08\\\/logo-rosso-2.png\",\"contentUrl\":\"https:\\\/\\\/archiviocassano.lavocedelpaese.info\\\/wp-content\\\/uploads\\\/2024\\\/08\\\/logo-rosso-2.png\",\"width\":491,\"height\":432,\"caption\":\"Archivio CassanoWeb\"},\"image\":{\"@id\":\"https:\\\/\\\/archiviocassano.lavocedelpaese.info\\\/#\\\/schema\\\/logo\\\/image\\\/\"},\"sameAs\":[\"https:\\\/\\\/www.facebook.com\\\/redazione.cassanoweb\"]},{\"@type\":\"Person\",\"@id\":\"https:\\\/\\\/archiviocassano.lavocedelpaese.info\\\/#\\\/schema\\\/person\\\/df195bc79a9b4c35127cf005f92e041b\",\"name\":\"admin\",\"image\":{\"@type\":\"ImageObject\",\"inLanguage\":\"it-IT\",\"@id\":\"https:\\\/\\\/secure.gravatar.com\\\/avatar\\\/eabba89a432e8eaa1b0207cc55f7e5340b22712b1ed80677efcf63e02ff5b235?s=96&d=mm&r=g\",\"url\":\"https:\\\/\\\/secure.gravatar.com\\\/avatar\\\/eabba89a432e8eaa1b0207cc55f7e5340b22712b1ed80677efcf63e02ff5b235?s=96&d=mm&r=g\",\"contentUrl\":\"https:\\\/\\\/secure.gravatar.com\\\/avatar\\\/eabba89a432e8eaa1b0207cc55f7e5340b22712b1ed80677efcf63e02ff5b235?s=96&d=mm&r=g\",\"caption\":\"admin\"},\"sameAs\":[\"https:\\\/\\\/archiviocassano.lavocedelpaese.info\"],\"url\":\"https:\\\/\\\/archiviocassano.lavocedelpaese.info\\\/index.php\\\/author\\\/admin_0qgz1xdp\\\/\"}]}<\/script>\n<!-- \/ Yoast SEO plugin. -->","yoast_head_json":{"title":"SULLA SAPIENZA DI CANOSA FA QUADRATO - Archivio CassanoWeb","robots":{"index":"index","follow":"follow","max-snippet":"max-snippet:-1","max-image-preview":"max-image-preview:large","max-video-preview":"max-video-preview:-1"},"canonical":"https:\/\/archiviocassano.lavocedelpaese.info\/index.php\/2011\/07\/09\/e-bufera-sullassessore-sapienza-di-canosa-e-la-maggioranza-fanno-quadrato\/","og_locale":"it_IT","og_type":"article","og_title":"SULLA SAPIENZA DI CANOSA FA QUADRATO - Archivio CassanoWeb","og_url":"https:\/\/archiviocassano.lavocedelpaese.info\/index.php\/2011\/07\/09\/e-bufera-sullassessore-sapienza-di-canosa-e-la-maggioranza-fanno-quadrato\/","og_site_name":"Archivio CassanoWeb","article_publisher":"https:\/\/www.facebook.com\/redazione.cassanoweb","article_published_time":"2011-07-09T11:14:28+00:00","og_image":[{"width":640,"height":300,"url":"https:\/\/archiviocassano.lavocedelpaese.info\/wp-content\/uploads\/2011\/04\/maggioranza_in_consiglio.jpg","type":"image\/jpeg"}],"author":"admin","twitter_card":"summary_large_image","twitter_misc":{"Scritto da":"admin","Tempo di lettura stimato":"2 minuti"},"schema":{"@context":"https:\/\/schema.org","@graph":[{"@type":"Article","@id":"https:\/\/archiviocassano.lavocedelpaese.info\/index.php\/2011\/07\/09\/e-bufera-sullassessore-sapienza-di-canosa-e-la-maggioranza-fanno-quadrato\/#article","isPartOf":{"@id":"https:\/\/archiviocassano.lavocedelpaese.info\/index.php\/2011\/07\/09\/e-bufera-sullassessore-sapienza-di-canosa-e-la-maggioranza-fanno-quadrato\/"},"author":{"name":"admin","@id":"https:\/\/archiviocassano.lavocedelpaese.info\/#\/schema\/person\/df195bc79a9b4c35127cf005f92e041b"},"headline":"SULLA SAPIENZA DI CANOSA FA QUADRATO","datePublished":"2011-07-09T11:14:28+00:00","mainEntityOfPage":{"@id":"https:\/\/archiviocassano.lavocedelpaese.info\/index.php\/2011\/07\/09\/e-bufera-sullassessore-sapienza-di-canosa-e-la-maggioranza-fanno-quadrato\/"},"wordCount":436,"commentCount":0,"publisher":{"@id":"https:\/\/archiviocassano.lavocedelpaese.info\/#organization"},"image":{"@id":"https:\/\/archiviocassano.lavocedelpaese.info\/index.php\/2011\/07\/09\/e-bufera-sullassessore-sapienza-di-canosa-e-la-maggioranza-fanno-quadrato\/#primaryimage"},"thumbnailUrl":"https:\/\/archiviocassano.lavocedelpaese.info\/wp-content\/uploads\/2011\/04\/maggioranza_in_consiglio.jpg","articleSection":["Politica"],"inLanguage":"it-IT","potentialAction":[{"@type":"CommentAction","name":"Comment","target":["https:\/\/archiviocassano.lavocedelpaese.info\/index.php\/2011\/07\/09\/e-bufera-sullassessore-sapienza-di-canosa-e-la-maggioranza-fanno-quadrato\/#respond"]}]},{"@type":"WebPage","@id":"https:\/\/archiviocassano.lavocedelpaese.info\/index.php\/2011\/07\/09\/e-bufera-sullassessore-sapienza-di-canosa-e-la-maggioranza-fanno-quadrato\/","url":"https:\/\/archiviocassano.lavocedelpaese.info\/index.php\/2011\/07\/09\/e-bufera-sullassessore-sapienza-di-canosa-e-la-maggioranza-fanno-quadrato\/","name":"SULLA SAPIENZA DI CANOSA FA QUADRATO - Archivio CassanoWeb","isPartOf":{"@id":"https:\/\/archiviocassano.lavocedelpaese.info\/#website"},"primaryImageOfPage":{"@id":"https:\/\/archiviocassano.lavocedelpaese.info\/index.php\/2011\/07\/09\/e-bufera-sullassessore-sapienza-di-canosa-e-la-maggioranza-fanno-quadrato\/#primaryimage"},"image":{"@id":"https:\/\/archiviocassano.lavocedelpaese.info\/index.php\/2011\/07\/09\/e-bufera-sullassessore-sapienza-di-canosa-e-la-maggioranza-fanno-quadrato\/#primaryimage"},"thumbnailUrl":"https:\/\/archiviocassano.lavocedelpaese.info\/wp-content\/uploads\/2011\/04\/maggioranza_in_consiglio.jpg","datePublished":"2011-07-09T11:14:28+00:00","breadcrumb":{"@id":"https:\/\/archiviocassano.lavocedelpaese.info\/index.php\/2011\/07\/09\/e-bufera-sullassessore-sapienza-di-canosa-e-la-maggioranza-fanno-quadrato\/#breadcrumb"},"inLanguage":"it-IT","potentialAction":[{"@type":"ReadAction","target":["https:\/\/archiviocassano.lavocedelpaese.info\/index.php\/2011\/07\/09\/e-bufera-sullassessore-sapienza-di-canosa-e-la-maggioranza-fanno-quadrato\/"]}]},{"@type":"ImageObject","inLanguage":"it-IT","@id":"https:\/\/archiviocassano.lavocedelpaese.info\/index.php\/2011\/07\/09\/e-bufera-sullassessore-sapienza-di-canosa-e-la-maggioranza-fanno-quadrato\/#primaryimage","url":"https:\/\/archiviocassano.lavocedelpaese.info\/wp-content\/uploads\/2011\/04\/maggioranza_in_consiglio.jpg","contentUrl":"https:\/\/archiviocassano.lavocedelpaese.info\/wp-content\/uploads\/2011\/04\/maggioranza_in_consiglio.jpg","width":640,"height":300,"caption":"maggioranza_in_consiglio"},{"@type":"BreadcrumbList","@id":"https:\/\/archiviocassano.lavocedelpaese.info\/index.php\/2011\/07\/09\/e-bufera-sullassessore-sapienza-di-canosa-e-la-maggioranza-fanno-quadrato\/#breadcrumb","itemListElement":[{"@type":"ListItem","position":1,"name":"Home","item":"https:\/\/archiviocassano.lavocedelpaese.info\/"},{"@type":"ListItem","position":2,"name":"SULLA SAPIENZA DI CANOSA FA QUADRATO"}]},{"@type":"WebSite","@id":"https:\/\/archiviocassano.lavocedelpaese.info\/#website","url":"https:\/\/archiviocassano.lavocedelpaese.info\/","name":"Archivio CassanoWeb","description":"La Voce del Paese - un network di idee","publisher":{"@id":"https:\/\/archiviocassano.lavocedelpaese.info\/#organization"},"potentialAction":[{"@type":"SearchAction","target":{"@type":"EntryPoint","urlTemplate":"https:\/\/archiviocassano.lavocedelpaese.info\/?s={search_term_string}"},"query-input":{"@type":"PropertyValueSpecification","valueRequired":true,"valueName":"search_term_string"}}],"inLanguage":"it-IT"},{"@type":"Organization","@id":"https:\/\/archiviocassano.lavocedelpaese.info\/#organization","name":"Archivio CassanoWeb","url":"https:\/\/archiviocassano.lavocedelpaese.info\/","logo":{"@type":"ImageObject","inLanguage":"it-IT","@id":"https:\/\/archiviocassano.lavocedelpaese.info\/#\/schema\/logo\/image\/","url":"https:\/\/archiviocassano.lavocedelpaese.info\/wp-content\/uploads\/2024\/08\/logo-rosso-2.png","contentUrl":"https:\/\/archiviocassano.lavocedelpaese.info\/wp-content\/uploads\/2024\/08\/logo-rosso-2.png","width":491,"height":432,"caption":"Archivio CassanoWeb"},"image":{"@id":"https:\/\/archiviocassano.lavocedelpaese.info\/#\/schema\/logo\/image\/"},"sameAs":["https:\/\/www.facebook.com\/redazione.cassanoweb"]},{"@type":"Person","@id":"https:\/\/archiviocassano.lavocedelpaese.info\/#\/schema\/person\/df195bc79a9b4c35127cf005f92e041b","name":"admin","image":{"@type":"ImageObject","inLanguage":"it-IT","@id":"https:\/\/secure.gravatar.com\/avatar\/eabba89a432e8eaa1b0207cc55f7e5340b22712b1ed80677efcf63e02ff5b235?s=96&d=mm&r=g","url":"https:\/\/secure.gravatar.com\/avatar\/eabba89a432e8eaa1b0207cc55f7e5340b22712b1ed80677efcf63e02ff5b235?s=96&d=mm&r=g","contentUrl":"https:\/\/secure.gravatar.com\/avatar\/eabba89a432e8eaa1b0207cc55f7e5340b22712b1ed80677efcf63e02ff5b235?s=96&d=mm&r=g","caption":"admin"},"sameAs":["https:\/\/archiviocassano.lavocedelpaese.info"],"url":"https:\/\/archiviocassano.lavocedelpaese.info\/index.php\/author\/admin_0qgz1xdp\/"}]}},"_links":{"self":[{"href":"https:\/\/archiviocassano.lavocedelpaese.info\/index.php\/wp-json\/wp\/v2\/posts\/4123","targetHints":{"allow":["GET"]}}],"collection":[{"href":"https:\/\/archiviocassano.lavocedelpaese.info\/index.php\/wp-json\/wp\/v2\/posts"}],"about":[{"href":"https:\/\/archiviocassano.lavocedelpaese.info\/index.php\/wp-json\/wp\/v2\/types\/post"}],"author":[{"embeddable":true,"href":"https:\/\/archiviocassano.lavocedelpaese.info\/index.php\/wp-json\/wp\/v2\/users\/1"}],"replies":[{"embeddable":true,"href":"https:\/\/archiviocassano.lavocedelpaese.info\/index.php\/wp-json\/wp\/v2\/comments?post=4123"}],"version-history":[{"count":0,"href":"https:\/\/archiviocassano.lavocedelpaese.info\/index.php\/wp-json\/wp\/v2\/posts\/4123\/revisions"}],"wp:featuredmedia":[{"embeddable":true,"href":"https:\/\/archiviocassano.lavocedelpaese.info\/index.php\/wp-json\/wp\/v2\/media\/3760"}],"wp:attachment":[{"href":"https:\/\/archiviocassano.lavocedelpaese.info\/index.php\/wp-json\/wp\/v2\/media?parent=4123"}],"wp:term":[{"taxonomy":"category","embeddable":true,"href":"https:\/\/archiviocassano.lavocedelpaese.info\/index.php\/wp-json\/wp\/v2\/categories?post=4123"},{"taxonomy":"post_tag","embeddable":true,"href":"https:\/\/archiviocassano.lavocedelpaese.info\/index.php\/wp-json\/wp\/v2\/tags?post=4123"}],"curies":[{"name":"wp","href":"https:\/\/api.w.org\/{rel}","templated":true}]}}