{"id":4173,"date":"2011-07-20T21:48:06","date_gmt":"2011-07-20T21:48:06","guid":{"rendered":"https:\/\/archiviocassano.lavocedelpaese.info\/index.php\/2011\/07\/20\/gentile-sul-prg-qcosi-si-stravolge-un-territorioq\/"},"modified":"2011-07-20T21:48:06","modified_gmt":"2011-07-20T21:48:06","slug":"gentile-sul-prg-qcosi-si-stravolge-un-territorioq","status":"publish","type":"post","link":"https:\/\/archiviocassano.lavocedelpaese.info\/index.php\/2011\/07\/20\/gentile-sul-prg-qcosi-si-stravolge-un-territorioq\/","title":{"rendered":"GENTILE E DEL RE: &#8220;COSI&#8217; STRAVOLGONO UN TERRITORIO&#8221;"},"content":{"rendered":"<p><img loading=\"lazy\" decoding=\"async\" class=\" size-full wp-image-1044\" alt=\"giuseppe_gentile_piccola\" src=\"https:\/\/archiviocassano.lavocedelpaese.info\/wp-content\/uploads\/2010\/02\/giuseppe_gentile_piccola.jpg\" height=\"156\" width=\"320\" srcset=\"https:\/\/archiviocassano.lavocedelpaese.info\/wp-content\/uploads\/2010\/02\/giuseppe_gentile_piccola.jpg 320w, https:\/\/archiviocassano.lavocedelpaese.info\/wp-content\/uploads\/2010\/02\/giuseppe_gentile_piccola-300x146.jpg 300w\" sizes=\"auto, (max-width: 320px) 100vw, 320px\" \/> <\/p>\n<p><!--more--><\/p>\n<div style=\"text-align: justify;\"><em>E&#8217; scontro fra l&#8217;ex sindaco di Cassano, Giuseppe Gentile (IdV) e l&#8217;attuale amministrazione comunale a proposito di alcune varianti alle Norme Tecniche di Attuazione del Piano Regolatore Generale del nostro territorio. Le Norme sono state approvate dal Consiglio Comunale di luned\u00ec a maggioranza, contro il parere del gruppo consiliare a cui appartiene Gentile, &#8220;Nuova Ideadomani&#8221;. Di seguito, pubblichiamo il testo integrale del suo intervento e a seguire, l&#8217;intervento del consigliere Davide Del Re, sempre del gruppo &#8220;Nuova Ideadomani&#8221;&#8221;.<br \/><\/em><\/div>\n<div style=\"text-align: justify;\"><\/div>\n<div style=\"text-align: justify;\"><em><br \/><\/em><\/div>\n<div style=\"text-align: justify;\"><\/div>\n<div style=\"text-align: justify;\"><strong>Un No secco, senza se e senza ma<\/strong>, espresso ieri dal  gruppo consiliare Nuovaideadomani, all\u2019 adozione delle varianti alle  norme tecniche di attuazione del P.R.G. <strong>Le motivazioni della posizione del gruppo sono state illustrate dal consigliere Del Re nel documento che si propone a parte<\/strong>.<\/div>\n<p style=\"text-align: justify;\">Nella sostanza, attraverso il provvedimento varato ieri, <strong>la  maggioranza, in palese spregio delle regole procedimentali poste in  materia dal codice dell\u2019 ambiente, infligge un ulteriore colpo mortale  al P.R.G<\/strong>, introducendo norme che, in ogni area del nostro  territorio, consentiranno mani libere in edilizia sia per quanto attiene  le altezze e le volumetrie dei fabbricati, sia per quanto riguarda le  distanze degli stessi, con conseguenti ammassamenti fra agglomerati  edilizi, sia, ancora, per ci\u00f2 che inerisce le strade la cui sezione  viene ridotta; ma non basta! Questa maggioranza, con l\u2019 astensione,  ancora una volta pi\u00f9 che \u00a0significativa del PD, manda definitivamente in  archivio la logica della progettazione unitaria nelle zone residenziali  esistenti, <strong>infliggendo un ulteriore colpo letale alle prospettive di uno sviluppo edilizio armonico e razionale;<\/strong> ciascuno potr\u00e0, d\u2019 ora in poi, sciolto da vincoli, edificare secondo il  proprio arbitrio: un vero e proprio far west urbanistico. <strong>A ci\u00f2 aggiungasi condoni e sanatorie a gogo:<\/strong> nelle zone residenziali, come nella zona, gi\u00e0 destinata ad attivit\u00e0  produttive che, oggi, viene totalmente trasformata in commerciale, con  immancabili identici vantaggi per il solito COSVIM (prezzemolo ormai in  ogni minestra di questa amministrazione), e finanche nel centro storico  dove insistono individualissime situazioni, a tutti evidenti, di  abusivismo che saranno cos\u00ec sanate.<\/p>\n<div style=\"text-align: justify;\"><\/div>\n<p style=\"text-align: justify;\"><strong>Grazie Sindaco Di Medio per quel che sta facendo per la nostra citt\u00e0! <\/strong><\/p>\n<div style=\"text-align: justify;\"><\/div>\n<p style=\"text-align: justify;\">Su una cosa concordiamo, per\u00f2, con Lei. Ci sono, in alcune aree del  nostro territorio, scempi edilizi; ma questi sono esattamente il frutto  delle scelte di quel\u00a0 P.R.G\u00a0 del \u2018 90 fortemente voluto dai Suoi sodali  di ieri e di oggi, perch\u00e9 l\u2019 Amministrazione Gentile altro non poteva  fare che adeguare quello strumento urbanistico alle prescrizioni della  Regione Puglia; ed \u00e8 un miracolo se, in sede di adeguamento, nonostante i  numerosi ricorsi dei Suoi amici, si sono potuti evitare altri scempi  addirittura sulle dorsali collinari dove, ancor oggi, persone vicine a  chi, ieri, relazion\u00f2 in aula, in patente conflitto d\u2019 interessi, su  questo odiosissimo provvedimento, continuano a coltivare contenziosi  nella speranza di poter un giorno edificare sulla Murgia; forse questa \u00e8  l\u2019 idea di PUG ( Piano Urbanistico Generale) che qualcuno profetizza.<\/p>\n<div style=\"text-align: justify;\"><\/div>\n<p style=\"text-align: justify;\">Naturalmente, sig. Sindaco, <strong>il nostro circolo seguir\u00e0 con  grande attenzione gli sviluppi e il seguito di questo, come di altri,  dissennati provvedimenti e certamente non Le far\u00e0 sconti<\/strong>,  cominciando col denunciare tutto quel che di anomalo si \u00e8 gi\u00e0 consumato e  si sta consumando ai danni del nostro territorio e dell\u2019 ambiente per  la sistemazione di interessi che nulla hanno a che vedere con quelli  della nostra comunit\u00e0.<\/p>\n<div style=\"text-align: justify;\"><\/div>\n<p style=\"text-align: justify;\">P.S. Anche la precedente amministrazione <strong>si fece carico di  una rivisitazione del Regolamento Edilizio, ma trattavasi di una \u201c  rivisitazione critica\u201d e tutta ispirata ai valori di tutela ambientale e  di valorizzazione<\/strong> culturale del nostro territorio, non certo  dettata dagli interessi di pochi e che aveva, come nello stile di quel  governo cittadino, l\u2019 ambizione di parlare a tutta la citt\u00e0 e a tutti i  settori della stessa e non soltanto a dieci tecnici. Per capire quanto  diverso fosse lo spessore, anche nella specifica materia urbanistica, <strong>vi proponiamo a parte le linee programmatiche per un nuovo Regolamento Edilizio dettate dall\u2019 ex Sindaco<\/strong> e che, ancor oggi, costituiscono un documento di straordinaria attualit\u00e0; <strong>un cadeau sicuramente utile anche per Lei<\/strong>,  dott.ssa Di Medio, se avr\u00e0 la bont\u00e0 di accettarlo e non di rifiutarlo  con quei sentimenti di disprezzo e rancorosit\u00e0 verso i Suoi predecessori  dai quali, ahinoi, non riesce purtroppo, ancor oggi, a liberarsi.<\/p>\n<div style=\"width: 477px;\" id=\"__ss_8647781\"><strong style=\"display:block;margin:12px 0 4px\"><a href=\"http:\/\/www.slideshare.net\/cassanoweb\/intervento-prg-del-re\" title=\"Intervento  prg del re\">Intervento  prg del re<\/a><\/strong><br \/>\n<object data=\"http:\/\/static.slidesharecdn.com\/swf\/doc_player.swf?doc=interventoprgdelre-110720170525-phpapp02&amp;stripped_title=intervento-prg-del-re&amp;userName=cassanoweb\" type=\"application\/x-shockwave-flash\" height=\"510\" width=\"477\"><param name=\"allowfullscreen\" value=\"true\" \/><param name=\"allowscriptaccess\" value=\"always\" \/><param name=\"src\" value=\"http:\/\/static.slidesharecdn.com\/swf\/doc_player.swf?doc=interventoprgdelre-110720170525-phpapp02&amp;stripped_title=intervento-prg-del-re&amp;userName=cassanoweb\" \/><\/object><\/p>\n<div style=\"padding:5px 0 12px\">View more <a href=\"http:\/\/www.slideshare.net\/\">documents<\/a> from <a href=\"http:\/\/www.slideshare.net\/cassanoweb\">cassanoweb<\/a>.<\/div>\n<\/div>\n","protected":false},"excerpt":{"rendered":"","protected":false},"author":1,"featured_media":1044,"comment_status":"open","ping_status":"closed","sticky":false,"template":"","format":"standard","meta":{"colormag_page_container_layout":"default_layout","colormag_page_sidebar_layout":"default_layout","footnotes":""},"categories":[4],"tags":[],"class_list":["post-4173","post","type-post","status-publish","format-standard","has-post-thumbnail","hentry","category-politica"],"yoast_head":"<!-- This site is optimized with the Yoast SEO plugin v27.5 - https:\/\/yoast.com\/product\/yoast-seo-wordpress\/ -->\n<title>GENTILE E DEL RE: &quot;COSI&#039; STRAVOLGONO UN TERRITORIO&quot; - Archivio CassanoWeb<\/title>\n<meta name=\"robots\" content=\"index, follow, max-snippet:-1, max-image-preview:large, max-video-preview:-1\" \/>\n<link rel=\"canonical\" href=\"https:\/\/archiviocassano.lavocedelpaese.info\/index.php\/2011\/07\/20\/gentile-sul-prg-qcosi-si-stravolge-un-territorioq\/\" \/>\n<meta property=\"og:locale\" content=\"it_IT\" \/>\n<meta property=\"og:type\" content=\"article\" \/>\n<meta property=\"og:title\" content=\"GENTILE E DEL RE: &quot;COSI&#039; STRAVOLGONO UN TERRITORIO&quot; - Archivio CassanoWeb\" \/>\n<meta property=\"og:url\" content=\"https:\/\/archiviocassano.lavocedelpaese.info\/index.php\/2011\/07\/20\/gentile-sul-prg-qcosi-si-stravolge-un-territorioq\/\" \/>\n<meta property=\"og:site_name\" content=\"Archivio CassanoWeb\" \/>\n<meta property=\"article:publisher\" content=\"https:\/\/www.facebook.com\/redazione.cassanoweb\" \/>\n<meta property=\"article:published_time\" content=\"2011-07-20T21:48:06+00:00\" \/>\n<meta property=\"og:image\" content=\"https:\/\/archiviocassano.lavocedelpaese.info\/wp-content\/uploads\/2010\/02\/giuseppe_gentile_piccola.jpg\" \/>\n\t<meta property=\"og:image:width\" content=\"320\" \/>\n\t<meta property=\"og:image:height\" content=\"156\" \/>\n\t<meta property=\"og:image:type\" content=\"image\/jpeg\" \/>\n<meta name=\"author\" content=\"admin\" \/>\n<meta name=\"twitter:card\" content=\"summary_large_image\" \/>\n<meta name=\"twitter:label1\" content=\"Scritto da\" \/>\n\t<meta name=\"twitter:data1\" content=\"admin\" \/>\n\t<meta name=\"twitter:label2\" content=\"Tempo di lettura stimato\" \/>\n\t<meta name=\"twitter:data2\" content=\"4 minuti\" \/>\n<script type=\"application\/ld+json\" class=\"yoast-schema-graph\">{\"@context\":\"https:\\\/\\\/schema.org\",\"@graph\":[{\"@type\":\"Article\",\"@id\":\"https:\\\/\\\/archiviocassano.lavocedelpaese.info\\\/index.php\\\/2011\\\/07\\\/20\\\/gentile-sul-prg-qcosi-si-stravolge-un-territorioq\\\/#article\",\"isPartOf\":{\"@id\":\"https:\\\/\\\/archiviocassano.lavocedelpaese.info\\\/index.php\\\/2011\\\/07\\\/20\\\/gentile-sul-prg-qcosi-si-stravolge-un-territorioq\\\/\"},\"author\":{\"name\":\"admin\",\"@id\":\"https:\\\/\\\/archiviocassano.lavocedelpaese.info\\\/#\\\/schema\\\/person\\\/df195bc79a9b4c35127cf005f92e041b\"},\"headline\":\"GENTILE E DEL RE: &#8220;COSI&#8217; STRAVOLGONO UN TERRITORIO&#8221;\",\"datePublished\":\"2011-07-20T21:48:06+00:00\",\"mainEntityOfPage\":{\"@id\":\"https:\\\/\\\/archiviocassano.lavocedelpaese.info\\\/index.php\\\/2011\\\/07\\\/20\\\/gentile-sul-prg-qcosi-si-stravolge-un-territorioq\\\/\"},\"wordCount\":715,\"commentCount\":0,\"publisher\":{\"@id\":\"https:\\\/\\\/archiviocassano.lavocedelpaese.info\\\/#organization\"},\"image\":{\"@id\":\"https:\\\/\\\/archiviocassano.lavocedelpaese.info\\\/index.php\\\/2011\\\/07\\\/20\\\/gentile-sul-prg-qcosi-si-stravolge-un-territorioq\\\/#primaryimage\"},\"thumbnailUrl\":\"https:\\\/\\\/archiviocassano.lavocedelpaese.info\\\/wp-content\\\/uploads\\\/2010\\\/02\\\/giuseppe_gentile_piccola.jpg\",\"articleSection\":[\"Politica\"],\"inLanguage\":\"it-IT\",\"potentialAction\":[{\"@type\":\"CommentAction\",\"name\":\"Comment\",\"target\":[\"https:\\\/\\\/archiviocassano.lavocedelpaese.info\\\/index.php\\\/2011\\\/07\\\/20\\\/gentile-sul-prg-qcosi-si-stravolge-un-territorioq\\\/#respond\"]}]},{\"@type\":\"WebPage\",\"@id\":\"https:\\\/\\\/archiviocassano.lavocedelpaese.info\\\/index.php\\\/2011\\\/07\\\/20\\\/gentile-sul-prg-qcosi-si-stravolge-un-territorioq\\\/\",\"url\":\"https:\\\/\\\/archiviocassano.lavocedelpaese.info\\\/index.php\\\/2011\\\/07\\\/20\\\/gentile-sul-prg-qcosi-si-stravolge-un-territorioq\\\/\",\"name\":\"GENTILE E DEL RE: \\\"COSI' STRAVOLGONO UN TERRITORIO\\\" - Archivio CassanoWeb\",\"isPartOf\":{\"@id\":\"https:\\\/\\\/archiviocassano.lavocedelpaese.info\\\/#website\"},\"primaryImageOfPage\":{\"@id\":\"https:\\\/\\\/archiviocassano.lavocedelpaese.info\\\/index.php\\\/2011\\\/07\\\/20\\\/gentile-sul-prg-qcosi-si-stravolge-un-territorioq\\\/#primaryimage\"},\"image\":{\"@id\":\"https:\\\/\\\/archiviocassano.lavocedelpaese.info\\\/index.php\\\/2011\\\/07\\\/20\\\/gentile-sul-prg-qcosi-si-stravolge-un-territorioq\\\/#primaryimage\"},\"thumbnailUrl\":\"https:\\\/\\\/archiviocassano.lavocedelpaese.info\\\/wp-content\\\/uploads\\\/2010\\\/02\\\/giuseppe_gentile_piccola.jpg\",\"datePublished\":\"2011-07-20T21:48:06+00:00\",\"breadcrumb\":{\"@id\":\"https:\\\/\\\/archiviocassano.lavocedelpaese.info\\\/index.php\\\/2011\\\/07\\\/20\\\/gentile-sul-prg-qcosi-si-stravolge-un-territorioq\\\/#breadcrumb\"},\"inLanguage\":\"it-IT\",\"potentialAction\":[{\"@type\":\"ReadAction\",\"target\":[\"https:\\\/\\\/archiviocassano.lavocedelpaese.info\\\/index.php\\\/2011\\\/07\\\/20\\\/gentile-sul-prg-qcosi-si-stravolge-un-territorioq\\\/\"]}]},{\"@type\":\"ImageObject\",\"inLanguage\":\"it-IT\",\"@id\":\"https:\\\/\\\/archiviocassano.lavocedelpaese.info\\\/index.php\\\/2011\\\/07\\\/20\\\/gentile-sul-prg-qcosi-si-stravolge-un-territorioq\\\/#primaryimage\",\"url\":\"https:\\\/\\\/archiviocassano.lavocedelpaese.info\\\/wp-content\\\/uploads\\\/2010\\\/02\\\/giuseppe_gentile_piccola.jpg\",\"contentUrl\":\"https:\\\/\\\/archiviocassano.lavocedelpaese.info\\\/wp-content\\\/uploads\\\/2010\\\/02\\\/giuseppe_gentile_piccola.jpg\",\"width\":320,\"height\":156,\"caption\":\"giuseppe_gentile_piccola\"},{\"@type\":\"BreadcrumbList\",\"@id\":\"https:\\\/\\\/archiviocassano.lavocedelpaese.info\\\/index.php\\\/2011\\\/07\\\/20\\\/gentile-sul-prg-qcosi-si-stravolge-un-territorioq\\\/#breadcrumb\",\"itemListElement\":[{\"@type\":\"ListItem\",\"position\":1,\"name\":\"Home\",\"item\":\"https:\\\/\\\/archiviocassano.lavocedelpaese.info\\\/\"},{\"@type\":\"ListItem\",\"position\":2,\"name\":\"GENTILE E DEL RE: &#8220;COSI&#8217; STRAVOLGONO UN TERRITORIO&#8221;\"}]},{\"@type\":\"WebSite\",\"@id\":\"https:\\\/\\\/archiviocassano.lavocedelpaese.info\\\/#website\",\"url\":\"https:\\\/\\\/archiviocassano.lavocedelpaese.info\\\/\",\"name\":\"Archivio CassanoWeb\",\"description\":\"La Voce del Paese - un network di idee\",\"publisher\":{\"@id\":\"https:\\\/\\\/archiviocassano.lavocedelpaese.info\\\/#organization\"},\"potentialAction\":[{\"@type\":\"SearchAction\",\"target\":{\"@type\":\"EntryPoint\",\"urlTemplate\":\"https:\\\/\\\/archiviocassano.lavocedelpaese.info\\\/?s={search_term_string}\"},\"query-input\":{\"@type\":\"PropertyValueSpecification\",\"valueRequired\":true,\"valueName\":\"search_term_string\"}}],\"inLanguage\":\"it-IT\"},{\"@type\":\"Organization\",\"@id\":\"https:\\\/\\\/archiviocassano.lavocedelpaese.info\\\/#organization\",\"name\":\"Archivio CassanoWeb\",\"url\":\"https:\\\/\\\/archiviocassano.lavocedelpaese.info\\\/\",\"logo\":{\"@type\":\"ImageObject\",\"inLanguage\":\"it-IT\",\"@id\":\"https:\\\/\\\/archiviocassano.lavocedelpaese.info\\\/#\\\/schema\\\/logo\\\/image\\\/\",\"url\":\"https:\\\/\\\/archiviocassano.lavocedelpaese.info\\\/wp-content\\\/uploads\\\/2024\\\/08\\\/logo-rosso-2.png\",\"contentUrl\":\"https:\\\/\\\/archiviocassano.lavocedelpaese.info\\\/wp-content\\\/uploads\\\/2024\\\/08\\\/logo-rosso-2.png\",\"width\":491,\"height\":432,\"caption\":\"Archivio CassanoWeb\"},\"image\":{\"@id\":\"https:\\\/\\\/archiviocassano.lavocedelpaese.info\\\/#\\\/schema\\\/logo\\\/image\\\/\"},\"sameAs\":[\"https:\\\/\\\/www.facebook.com\\\/redazione.cassanoweb\"]},{\"@type\":\"Person\",\"@id\":\"https:\\\/\\\/archiviocassano.lavocedelpaese.info\\\/#\\\/schema\\\/person\\\/df195bc79a9b4c35127cf005f92e041b\",\"name\":\"admin\",\"image\":{\"@type\":\"ImageObject\",\"inLanguage\":\"it-IT\",\"@id\":\"https:\\\/\\\/secure.gravatar.com\\\/avatar\\\/eabba89a432e8eaa1b0207cc55f7e5340b22712b1ed80677efcf63e02ff5b235?s=96&d=mm&r=g\",\"url\":\"https:\\\/\\\/secure.gravatar.com\\\/avatar\\\/eabba89a432e8eaa1b0207cc55f7e5340b22712b1ed80677efcf63e02ff5b235?s=96&d=mm&r=g\",\"contentUrl\":\"https:\\\/\\\/secure.gravatar.com\\\/avatar\\\/eabba89a432e8eaa1b0207cc55f7e5340b22712b1ed80677efcf63e02ff5b235?s=96&d=mm&r=g\",\"caption\":\"admin\"},\"sameAs\":[\"https:\\\/\\\/archiviocassano.lavocedelpaese.info\"],\"url\":\"https:\\\/\\\/archiviocassano.lavocedelpaese.info\\\/index.php\\\/author\\\/admin_0qgz1xdp\\\/\"}]}<\/script>\n<!-- \/ Yoast SEO plugin. -->","yoast_head_json":{"title":"GENTILE E DEL RE: \"COSI' STRAVOLGONO UN TERRITORIO\" - Archivio CassanoWeb","robots":{"index":"index","follow":"follow","max-snippet":"max-snippet:-1","max-image-preview":"max-image-preview:large","max-video-preview":"max-video-preview:-1"},"canonical":"https:\/\/archiviocassano.lavocedelpaese.info\/index.php\/2011\/07\/20\/gentile-sul-prg-qcosi-si-stravolge-un-territorioq\/","og_locale":"it_IT","og_type":"article","og_title":"GENTILE E DEL RE: \"COSI' STRAVOLGONO UN TERRITORIO\" - Archivio CassanoWeb","og_url":"https:\/\/archiviocassano.lavocedelpaese.info\/index.php\/2011\/07\/20\/gentile-sul-prg-qcosi-si-stravolge-un-territorioq\/","og_site_name":"Archivio CassanoWeb","article_publisher":"https:\/\/www.facebook.com\/redazione.cassanoweb","article_published_time":"2011-07-20T21:48:06+00:00","og_image":[{"width":320,"height":156,"url":"https:\/\/archiviocassano.lavocedelpaese.info\/wp-content\/uploads\/2010\/02\/giuseppe_gentile_piccola.jpg","type":"image\/jpeg"}],"author":"admin","twitter_card":"summary_large_image","twitter_misc":{"Scritto da":"admin","Tempo di lettura stimato":"4 minuti"},"schema":{"@context":"https:\/\/schema.org","@graph":[{"@type":"Article","@id":"https:\/\/archiviocassano.lavocedelpaese.info\/index.php\/2011\/07\/20\/gentile-sul-prg-qcosi-si-stravolge-un-territorioq\/#article","isPartOf":{"@id":"https:\/\/archiviocassano.lavocedelpaese.info\/index.php\/2011\/07\/20\/gentile-sul-prg-qcosi-si-stravolge-un-territorioq\/"},"author":{"name":"admin","@id":"https:\/\/archiviocassano.lavocedelpaese.info\/#\/schema\/person\/df195bc79a9b4c35127cf005f92e041b"},"headline":"GENTILE E DEL RE: &#8220;COSI&#8217; STRAVOLGONO UN TERRITORIO&#8221;","datePublished":"2011-07-20T21:48:06+00:00","mainEntityOfPage":{"@id":"https:\/\/archiviocassano.lavocedelpaese.info\/index.php\/2011\/07\/20\/gentile-sul-prg-qcosi-si-stravolge-un-territorioq\/"},"wordCount":715,"commentCount":0,"publisher":{"@id":"https:\/\/archiviocassano.lavocedelpaese.info\/#organization"},"image":{"@id":"https:\/\/archiviocassano.lavocedelpaese.info\/index.php\/2011\/07\/20\/gentile-sul-prg-qcosi-si-stravolge-un-territorioq\/#primaryimage"},"thumbnailUrl":"https:\/\/archiviocassano.lavocedelpaese.info\/wp-content\/uploads\/2010\/02\/giuseppe_gentile_piccola.jpg","articleSection":["Politica"],"inLanguage":"it-IT","potentialAction":[{"@type":"CommentAction","name":"Comment","target":["https:\/\/archiviocassano.lavocedelpaese.info\/index.php\/2011\/07\/20\/gentile-sul-prg-qcosi-si-stravolge-un-territorioq\/#respond"]}]},{"@type":"WebPage","@id":"https:\/\/archiviocassano.lavocedelpaese.info\/index.php\/2011\/07\/20\/gentile-sul-prg-qcosi-si-stravolge-un-territorioq\/","url":"https:\/\/archiviocassano.lavocedelpaese.info\/index.php\/2011\/07\/20\/gentile-sul-prg-qcosi-si-stravolge-un-territorioq\/","name":"GENTILE E DEL RE: \"COSI' STRAVOLGONO UN TERRITORIO\" - Archivio CassanoWeb","isPartOf":{"@id":"https:\/\/archiviocassano.lavocedelpaese.info\/#website"},"primaryImageOfPage":{"@id":"https:\/\/archiviocassano.lavocedelpaese.info\/index.php\/2011\/07\/20\/gentile-sul-prg-qcosi-si-stravolge-un-territorioq\/#primaryimage"},"image":{"@id":"https:\/\/archiviocassano.lavocedelpaese.info\/index.php\/2011\/07\/20\/gentile-sul-prg-qcosi-si-stravolge-un-territorioq\/#primaryimage"},"thumbnailUrl":"https:\/\/archiviocassano.lavocedelpaese.info\/wp-content\/uploads\/2010\/02\/giuseppe_gentile_piccola.jpg","datePublished":"2011-07-20T21:48:06+00:00","breadcrumb":{"@id":"https:\/\/archiviocassano.lavocedelpaese.info\/index.php\/2011\/07\/20\/gentile-sul-prg-qcosi-si-stravolge-un-territorioq\/#breadcrumb"},"inLanguage":"it-IT","potentialAction":[{"@type":"ReadAction","target":["https:\/\/archiviocassano.lavocedelpaese.info\/index.php\/2011\/07\/20\/gentile-sul-prg-qcosi-si-stravolge-un-territorioq\/"]}]},{"@type":"ImageObject","inLanguage":"it-IT","@id":"https:\/\/archiviocassano.lavocedelpaese.info\/index.php\/2011\/07\/20\/gentile-sul-prg-qcosi-si-stravolge-un-territorioq\/#primaryimage","url":"https:\/\/archiviocassano.lavocedelpaese.info\/wp-content\/uploads\/2010\/02\/giuseppe_gentile_piccola.jpg","contentUrl":"https:\/\/archiviocassano.lavocedelpaese.info\/wp-content\/uploads\/2010\/02\/giuseppe_gentile_piccola.jpg","width":320,"height":156,"caption":"giuseppe_gentile_piccola"},{"@type":"BreadcrumbList","@id":"https:\/\/archiviocassano.lavocedelpaese.info\/index.php\/2011\/07\/20\/gentile-sul-prg-qcosi-si-stravolge-un-territorioq\/#breadcrumb","itemListElement":[{"@type":"ListItem","position":1,"name":"Home","item":"https:\/\/archiviocassano.lavocedelpaese.info\/"},{"@type":"ListItem","position":2,"name":"GENTILE E DEL RE: &#8220;COSI&#8217; STRAVOLGONO UN TERRITORIO&#8221;"}]},{"@type":"WebSite","@id":"https:\/\/archiviocassano.lavocedelpaese.info\/#website","url":"https:\/\/archiviocassano.lavocedelpaese.info\/","name":"Archivio CassanoWeb","description":"La Voce del Paese - un network di idee","publisher":{"@id":"https:\/\/archiviocassano.lavocedelpaese.info\/#organization"},"potentialAction":[{"@type":"SearchAction","target":{"@type":"EntryPoint","urlTemplate":"https:\/\/archiviocassano.lavocedelpaese.info\/?s={search_term_string}"},"query-input":{"@type":"PropertyValueSpecification","valueRequired":true,"valueName":"search_term_string"}}],"inLanguage":"it-IT"},{"@type":"Organization","@id":"https:\/\/archiviocassano.lavocedelpaese.info\/#organization","name":"Archivio CassanoWeb","url":"https:\/\/archiviocassano.lavocedelpaese.info\/","logo":{"@type":"ImageObject","inLanguage":"it-IT","@id":"https:\/\/archiviocassano.lavocedelpaese.info\/#\/schema\/logo\/image\/","url":"https:\/\/archiviocassano.lavocedelpaese.info\/wp-content\/uploads\/2024\/08\/logo-rosso-2.png","contentUrl":"https:\/\/archiviocassano.lavocedelpaese.info\/wp-content\/uploads\/2024\/08\/logo-rosso-2.png","width":491,"height":432,"caption":"Archivio CassanoWeb"},"image":{"@id":"https:\/\/archiviocassano.lavocedelpaese.info\/#\/schema\/logo\/image\/"},"sameAs":["https:\/\/www.facebook.com\/redazione.cassanoweb"]},{"@type":"Person","@id":"https:\/\/archiviocassano.lavocedelpaese.info\/#\/schema\/person\/df195bc79a9b4c35127cf005f92e041b","name":"admin","image":{"@type":"ImageObject","inLanguage":"it-IT","@id":"https:\/\/secure.gravatar.com\/avatar\/eabba89a432e8eaa1b0207cc55f7e5340b22712b1ed80677efcf63e02ff5b235?s=96&d=mm&r=g","url":"https:\/\/secure.gravatar.com\/avatar\/eabba89a432e8eaa1b0207cc55f7e5340b22712b1ed80677efcf63e02ff5b235?s=96&d=mm&r=g","contentUrl":"https:\/\/secure.gravatar.com\/avatar\/eabba89a432e8eaa1b0207cc55f7e5340b22712b1ed80677efcf63e02ff5b235?s=96&d=mm&r=g","caption":"admin"},"sameAs":["https:\/\/archiviocassano.lavocedelpaese.info"],"url":"https:\/\/archiviocassano.lavocedelpaese.info\/index.php\/author\/admin_0qgz1xdp\/"}]}},"_links":{"self":[{"href":"https:\/\/archiviocassano.lavocedelpaese.info\/index.php\/wp-json\/wp\/v2\/posts\/4173","targetHints":{"allow":["GET"]}}],"collection":[{"href":"https:\/\/archiviocassano.lavocedelpaese.info\/index.php\/wp-json\/wp\/v2\/posts"}],"about":[{"href":"https:\/\/archiviocassano.lavocedelpaese.info\/index.php\/wp-json\/wp\/v2\/types\/post"}],"author":[{"embeddable":true,"href":"https:\/\/archiviocassano.lavocedelpaese.info\/index.php\/wp-json\/wp\/v2\/users\/1"}],"replies":[{"embeddable":true,"href":"https:\/\/archiviocassano.lavocedelpaese.info\/index.php\/wp-json\/wp\/v2\/comments?post=4173"}],"version-history":[{"count":0,"href":"https:\/\/archiviocassano.lavocedelpaese.info\/index.php\/wp-json\/wp\/v2\/posts\/4173\/revisions"}],"wp:featuredmedia":[{"embeddable":true,"href":"https:\/\/archiviocassano.lavocedelpaese.info\/index.php\/wp-json\/wp\/v2\/media\/1044"}],"wp:attachment":[{"href":"https:\/\/archiviocassano.lavocedelpaese.info\/index.php\/wp-json\/wp\/v2\/media?parent=4173"}],"wp:term":[{"taxonomy":"category","embeddable":true,"href":"https:\/\/archiviocassano.lavocedelpaese.info\/index.php\/wp-json\/wp\/v2\/categories?post=4173"},{"taxonomy":"post_tag","embeddable":true,"href":"https:\/\/archiviocassano.lavocedelpaese.info\/index.php\/wp-json\/wp\/v2\/tags?post=4173"}],"curies":[{"name":"wp","href":"https:\/\/api.w.org\/{rel}","templated":true}]}}