{"id":4305,"date":"2011-08-22T17:23:41","date_gmt":"2011-08-22T17:23:41","guid":{"rendered":"https:\/\/archiviocassano.lavocedelpaese.info\/index.php\/2011\/08\/22\/chi-sa-ascoltare-ti-sente-anche-quando-non-dici-nulla\/"},"modified":"2011-08-22T17:23:41","modified_gmt":"2011-08-22T17:23:41","slug":"chi-sa-ascoltare-ti-sente-anche-quando-non-dici-nulla","status":"publish","type":"post","link":"https:\/\/archiviocassano.lavocedelpaese.info\/index.php\/2011\/08\/22\/chi-sa-ascoltare-ti-sente-anche-quando-non-dici-nulla\/","title":{"rendered":"CHI SA ASCOLTARE, TI SENTE ANCHE  QUANDO NON DICI NULLA"},"content":{"rendered":"<p><img loading=\"lazy\" decoding=\"async\" class=\" size-full wp-image-834\" alt=\"logo_la_ginestra\" src=\"https:\/\/archiviocassano.lavocedelpaese.info\/wp-content\/uploads\/2011\/12\/logo_la_ginestra.jpg\" height=\"150\" width=\"320\" srcset=\"https:\/\/archiviocassano.lavocedelpaese.info\/wp-content\/uploads\/2011\/12\/logo_la_ginestra.jpg 640w, https:\/\/archiviocassano.lavocedelpaese.info\/wp-content\/uploads\/2011\/12\/logo_la_ginestra-300x141.jpg 300w\" sizes=\"auto, (max-width: 320px) 100vw, 320px\" \/> <\/p>\n<p><!--more--><\/p>\n<p style=\"text-align: justify;\">Noi donatori siamo abituati ad esprimere la nostra solidariet\u00e0 silenziosamente, ma qualche volta \u00e8 necessario alzare la voce, esporsi \u00a0perch\u00e9 quello e quanto abbiamo fatto non \u00e8 stato sufficiente,\u00a0 \u00e8 necessario che altri facciano la loro parte. \u00a0Questo \u00e8 un periodo nel quale il bisogno di sangue si mantiene elevato, ma, fatalmente e purtroppo la disponibilit\u00e0 \u00e8 considerevolmente pi\u00f9 bassa. Questo \u00e8 il momento di rompere il silenzio e invitare quanti sono in buona salute a donare sangue, anzi, ad insistere con pacatezza e decisione a donare sangue per quei malati che, dal loro letto di ospedale, SILENZIOSAMENTE, attendono il nostro gesto di solidariet\u00e0 che, per\u00f2, non deve tardare perch\u00e9 non possono permettersi di aspettare a lungo.<\/p>\n<div style=\"text-align: justify;\"><\/div>\n<p style=\"text-align: justify;\">Gli insistenti inviti dei centri trasfusionali, a donare,che si moltiplicano tutti gli anni nel periodo estivo, inducono l\u2019Associazione La Ginestra ad \u00a0organizzare una raccolta extra \u00a0anche a fine agosto per agevolare ed incoraggiare i donatori, ma anche per stimolare ed incoraggiare quanti non conoscono ancora questa esperienza della donazione, venerd\u00ec 26 agosto p.v. Non si pu\u00f2 essere sempre sordi, in una societ\u00e0 civile ed avanzata non si pu\u00f2 e non si deve rimanere indifferenti ed inerti al silenzioso grido di aiuto di tanti malati. Un appello particolare va ai giovani,poco presenti tra i donatori,siate gli interpreti di una societ\u00e0 pi\u00f9 attenta e veramente pi\u00f9 civile. Si rammenta che quanti volessero accogliere il nostro invito, potranno usufruire delle agevolazioni di legge richiedendo il certificato della donazione che da diritto alla giornata di riposo dal lavoro.<\/p>\n<div style=\"text-align: justify;\"><\/div>\n<p style=\"text-align: justify;\"><strong>Venerd\u00ec 26 agosto<\/strong> <strong>2011 aspettiamo quanti vorranno donare presso il nostro Centro Fisso di raccolta, in via F.lli Rosselli 33, presso la scuola media, dalle ore 8,30 alle ore 12,00 <\/strong><\/p>\n<p>\u00a0<\/p>\n<p>Non fatevi pregare<strong> <\/strong><\/p>\n<p><strong> Il consiglio direttivo dell&#8217;Associazione &#8220;La Ginestra &#8211; Clelia Nuzzaco onlus&#8221;<br \/><\/strong><\/p>\n","protected":false},"excerpt":{"rendered":"","protected":false},"author":1,"featured_media":834,"comment_status":"open","ping_status":"closed","sticky":false,"template":"","format":"standard","meta":{"colormag_page_container_layout":"default_layout","colormag_page_sidebar_layout":"default_layout","footnotes":""},"categories":[9],"tags":[],"class_list":["post-4305","post","type-post","status-publish","format-standard","has-post-thumbnail","hentry","category-la-voce-del-paese"],"yoast_head":"<!-- This site is optimized with the Yoast SEO plugin v27.5 - https:\/\/yoast.com\/product\/yoast-seo-wordpress\/ -->\n<title>CHI SA ASCOLTARE, TI SENTE ANCHE QUANDO NON DICI NULLA - Archivio CassanoWeb<\/title>\n<meta name=\"robots\" content=\"index, follow, max-snippet:-1, max-image-preview:large, max-video-preview:-1\" \/>\n<link rel=\"canonical\" href=\"https:\/\/archiviocassano.lavocedelpaese.info\/index.php\/2011\/08\/22\/chi-sa-ascoltare-ti-sente-anche-quando-non-dici-nulla\/\" \/>\n<meta property=\"og:locale\" content=\"it_IT\" \/>\n<meta property=\"og:type\" content=\"article\" \/>\n<meta property=\"og:title\" content=\"CHI SA ASCOLTARE, TI SENTE ANCHE QUANDO NON DICI NULLA - Archivio CassanoWeb\" \/>\n<meta property=\"og:url\" content=\"https:\/\/archiviocassano.lavocedelpaese.info\/index.php\/2011\/08\/22\/chi-sa-ascoltare-ti-sente-anche-quando-non-dici-nulla\/\" \/>\n<meta property=\"og:site_name\" content=\"Archivio CassanoWeb\" \/>\n<meta property=\"article:publisher\" content=\"https:\/\/www.facebook.com\/redazione.cassanoweb\" \/>\n<meta property=\"article:published_time\" content=\"2011-08-22T17:23:41+00:00\" \/>\n<meta property=\"og:image\" content=\"https:\/\/archiviocassano.lavocedelpaese.info\/wp-content\/uploads\/2011\/12\/logo_la_ginestra.jpg\" \/>\n\t<meta property=\"og:image:width\" content=\"640\" \/>\n\t<meta property=\"og:image:height\" content=\"300\" \/>\n\t<meta property=\"og:image:type\" content=\"image\/jpeg\" \/>\n<meta name=\"author\" content=\"admin\" \/>\n<meta name=\"twitter:card\" content=\"summary_large_image\" \/>\n<meta name=\"twitter:label1\" content=\"Scritto da\" \/>\n\t<meta name=\"twitter:data1\" content=\"admin\" \/>\n\t<meta name=\"twitter:label2\" content=\"Tempo di lettura stimato\" \/>\n\t<meta name=\"twitter:data2\" content=\"1 minuto\" \/>\n<script type=\"application\/ld+json\" class=\"yoast-schema-graph\">{\"@context\":\"https:\\\/\\\/schema.org\",\"@graph\":[{\"@type\":\"Article\",\"@id\":\"https:\\\/\\\/archiviocassano.lavocedelpaese.info\\\/index.php\\\/2011\\\/08\\\/22\\\/chi-sa-ascoltare-ti-sente-anche-quando-non-dici-nulla\\\/#article\",\"isPartOf\":{\"@id\":\"https:\\\/\\\/archiviocassano.lavocedelpaese.info\\\/index.php\\\/2011\\\/08\\\/22\\\/chi-sa-ascoltare-ti-sente-anche-quando-non-dici-nulla\\\/\"},\"author\":{\"name\":\"admin\",\"@id\":\"https:\\\/\\\/archiviocassano.lavocedelpaese.info\\\/#\\\/schema\\\/person\\\/df195bc79a9b4c35127cf005f92e041b\"},\"headline\":\"CHI SA ASCOLTARE, TI SENTE ANCHE QUANDO NON DICI NULLA\",\"datePublished\":\"2011-08-22T17:23:41+00:00\",\"mainEntityOfPage\":{\"@id\":\"https:\\\/\\\/archiviocassano.lavocedelpaese.info\\\/index.php\\\/2011\\\/08\\\/22\\\/chi-sa-ascoltare-ti-sente-anche-quando-non-dici-nulla\\\/\"},\"wordCount\":299,\"commentCount\":0,\"publisher\":{\"@id\":\"https:\\\/\\\/archiviocassano.lavocedelpaese.info\\\/#organization\"},\"image\":{\"@id\":\"https:\\\/\\\/archiviocassano.lavocedelpaese.info\\\/index.php\\\/2011\\\/08\\\/22\\\/chi-sa-ascoltare-ti-sente-anche-quando-non-dici-nulla\\\/#primaryimage\"},\"thumbnailUrl\":\"https:\\\/\\\/archiviocassano.lavocedelpaese.info\\\/wp-content\\\/uploads\\\/2011\\\/12\\\/logo_la_ginestra.jpg\",\"articleSection\":[\"La voce del paese\"],\"inLanguage\":\"it-IT\",\"potentialAction\":[{\"@type\":\"CommentAction\",\"name\":\"Comment\",\"target\":[\"https:\\\/\\\/archiviocassano.lavocedelpaese.info\\\/index.php\\\/2011\\\/08\\\/22\\\/chi-sa-ascoltare-ti-sente-anche-quando-non-dici-nulla\\\/#respond\"]}]},{\"@type\":\"WebPage\",\"@id\":\"https:\\\/\\\/archiviocassano.lavocedelpaese.info\\\/index.php\\\/2011\\\/08\\\/22\\\/chi-sa-ascoltare-ti-sente-anche-quando-non-dici-nulla\\\/\",\"url\":\"https:\\\/\\\/archiviocassano.lavocedelpaese.info\\\/index.php\\\/2011\\\/08\\\/22\\\/chi-sa-ascoltare-ti-sente-anche-quando-non-dici-nulla\\\/\",\"name\":\"CHI SA ASCOLTARE, TI SENTE ANCHE QUANDO NON DICI NULLA - Archivio CassanoWeb\",\"isPartOf\":{\"@id\":\"https:\\\/\\\/archiviocassano.lavocedelpaese.info\\\/#website\"},\"primaryImageOfPage\":{\"@id\":\"https:\\\/\\\/archiviocassano.lavocedelpaese.info\\\/index.php\\\/2011\\\/08\\\/22\\\/chi-sa-ascoltare-ti-sente-anche-quando-non-dici-nulla\\\/#primaryimage\"},\"image\":{\"@id\":\"https:\\\/\\\/archiviocassano.lavocedelpaese.info\\\/index.php\\\/2011\\\/08\\\/22\\\/chi-sa-ascoltare-ti-sente-anche-quando-non-dici-nulla\\\/#primaryimage\"},\"thumbnailUrl\":\"https:\\\/\\\/archiviocassano.lavocedelpaese.info\\\/wp-content\\\/uploads\\\/2011\\\/12\\\/logo_la_ginestra.jpg\",\"datePublished\":\"2011-08-22T17:23:41+00:00\",\"breadcrumb\":{\"@id\":\"https:\\\/\\\/archiviocassano.lavocedelpaese.info\\\/index.php\\\/2011\\\/08\\\/22\\\/chi-sa-ascoltare-ti-sente-anche-quando-non-dici-nulla\\\/#breadcrumb\"},\"inLanguage\":\"it-IT\",\"potentialAction\":[{\"@type\":\"ReadAction\",\"target\":[\"https:\\\/\\\/archiviocassano.lavocedelpaese.info\\\/index.php\\\/2011\\\/08\\\/22\\\/chi-sa-ascoltare-ti-sente-anche-quando-non-dici-nulla\\\/\"]}]},{\"@type\":\"ImageObject\",\"inLanguage\":\"it-IT\",\"@id\":\"https:\\\/\\\/archiviocassano.lavocedelpaese.info\\\/index.php\\\/2011\\\/08\\\/22\\\/chi-sa-ascoltare-ti-sente-anche-quando-non-dici-nulla\\\/#primaryimage\",\"url\":\"https:\\\/\\\/archiviocassano.lavocedelpaese.info\\\/wp-content\\\/uploads\\\/2011\\\/12\\\/logo_la_ginestra.jpg\",\"contentUrl\":\"https:\\\/\\\/archiviocassano.lavocedelpaese.info\\\/wp-content\\\/uploads\\\/2011\\\/12\\\/logo_la_ginestra.jpg\",\"width\":640,\"height\":300,\"caption\":\"logo_la_ginestra\"},{\"@type\":\"BreadcrumbList\",\"@id\":\"https:\\\/\\\/archiviocassano.lavocedelpaese.info\\\/index.php\\\/2011\\\/08\\\/22\\\/chi-sa-ascoltare-ti-sente-anche-quando-non-dici-nulla\\\/#breadcrumb\",\"itemListElement\":[{\"@type\":\"ListItem\",\"position\":1,\"name\":\"Home\",\"item\":\"https:\\\/\\\/archiviocassano.lavocedelpaese.info\\\/\"},{\"@type\":\"ListItem\",\"position\":2,\"name\":\"CHI SA ASCOLTARE, TI SENTE ANCHE QUANDO NON DICI NULLA\"}]},{\"@type\":\"WebSite\",\"@id\":\"https:\\\/\\\/archiviocassano.lavocedelpaese.info\\\/#website\",\"url\":\"https:\\\/\\\/archiviocassano.lavocedelpaese.info\\\/\",\"name\":\"Archivio CassanoWeb\",\"description\":\"La Voce del Paese - un network di idee\",\"publisher\":{\"@id\":\"https:\\\/\\\/archiviocassano.lavocedelpaese.info\\\/#organization\"},\"potentialAction\":[{\"@type\":\"SearchAction\",\"target\":{\"@type\":\"EntryPoint\",\"urlTemplate\":\"https:\\\/\\\/archiviocassano.lavocedelpaese.info\\\/?s={search_term_string}\"},\"query-input\":{\"@type\":\"PropertyValueSpecification\",\"valueRequired\":true,\"valueName\":\"search_term_string\"}}],\"inLanguage\":\"it-IT\"},{\"@type\":\"Organization\",\"@id\":\"https:\\\/\\\/archiviocassano.lavocedelpaese.info\\\/#organization\",\"name\":\"Archivio CassanoWeb\",\"url\":\"https:\\\/\\\/archiviocassano.lavocedelpaese.info\\\/\",\"logo\":{\"@type\":\"ImageObject\",\"inLanguage\":\"it-IT\",\"@id\":\"https:\\\/\\\/archiviocassano.lavocedelpaese.info\\\/#\\\/schema\\\/logo\\\/image\\\/\",\"url\":\"https:\\\/\\\/archiviocassano.lavocedelpaese.info\\\/wp-content\\\/uploads\\\/2024\\\/08\\\/logo-rosso-2.png\",\"contentUrl\":\"https:\\\/\\\/archiviocassano.lavocedelpaese.info\\\/wp-content\\\/uploads\\\/2024\\\/08\\\/logo-rosso-2.png\",\"width\":491,\"height\":432,\"caption\":\"Archivio CassanoWeb\"},\"image\":{\"@id\":\"https:\\\/\\\/archiviocassano.lavocedelpaese.info\\\/#\\\/schema\\\/logo\\\/image\\\/\"},\"sameAs\":[\"https:\\\/\\\/www.facebook.com\\\/redazione.cassanoweb\"]},{\"@type\":\"Person\",\"@id\":\"https:\\\/\\\/archiviocassano.lavocedelpaese.info\\\/#\\\/schema\\\/person\\\/df195bc79a9b4c35127cf005f92e041b\",\"name\":\"admin\",\"image\":{\"@type\":\"ImageObject\",\"inLanguage\":\"it-IT\",\"@id\":\"https:\\\/\\\/secure.gravatar.com\\\/avatar\\\/eabba89a432e8eaa1b0207cc55f7e5340b22712b1ed80677efcf63e02ff5b235?s=96&d=mm&r=g\",\"url\":\"https:\\\/\\\/secure.gravatar.com\\\/avatar\\\/eabba89a432e8eaa1b0207cc55f7e5340b22712b1ed80677efcf63e02ff5b235?s=96&d=mm&r=g\",\"contentUrl\":\"https:\\\/\\\/secure.gravatar.com\\\/avatar\\\/eabba89a432e8eaa1b0207cc55f7e5340b22712b1ed80677efcf63e02ff5b235?s=96&d=mm&r=g\",\"caption\":\"admin\"},\"sameAs\":[\"https:\\\/\\\/archiviocassano.lavocedelpaese.info\"],\"url\":\"https:\\\/\\\/archiviocassano.lavocedelpaese.info\\\/index.php\\\/author\\\/admin_0qgz1xdp\\\/\"}]}<\/script>\n<!-- \/ Yoast SEO plugin. -->","yoast_head_json":{"title":"CHI SA ASCOLTARE, TI SENTE ANCHE QUANDO NON DICI NULLA - Archivio CassanoWeb","robots":{"index":"index","follow":"follow","max-snippet":"max-snippet:-1","max-image-preview":"max-image-preview:large","max-video-preview":"max-video-preview:-1"},"canonical":"https:\/\/archiviocassano.lavocedelpaese.info\/index.php\/2011\/08\/22\/chi-sa-ascoltare-ti-sente-anche-quando-non-dici-nulla\/","og_locale":"it_IT","og_type":"article","og_title":"CHI SA ASCOLTARE, TI SENTE ANCHE QUANDO NON DICI NULLA - Archivio CassanoWeb","og_url":"https:\/\/archiviocassano.lavocedelpaese.info\/index.php\/2011\/08\/22\/chi-sa-ascoltare-ti-sente-anche-quando-non-dici-nulla\/","og_site_name":"Archivio CassanoWeb","article_publisher":"https:\/\/www.facebook.com\/redazione.cassanoweb","article_published_time":"2011-08-22T17:23:41+00:00","og_image":[{"width":640,"height":300,"url":"https:\/\/archiviocassano.lavocedelpaese.info\/wp-content\/uploads\/2011\/12\/logo_la_ginestra.jpg","type":"image\/jpeg"}],"author":"admin","twitter_card":"summary_large_image","twitter_misc":{"Scritto da":"admin","Tempo di lettura stimato":"1 minuto"},"schema":{"@context":"https:\/\/schema.org","@graph":[{"@type":"Article","@id":"https:\/\/archiviocassano.lavocedelpaese.info\/index.php\/2011\/08\/22\/chi-sa-ascoltare-ti-sente-anche-quando-non-dici-nulla\/#article","isPartOf":{"@id":"https:\/\/archiviocassano.lavocedelpaese.info\/index.php\/2011\/08\/22\/chi-sa-ascoltare-ti-sente-anche-quando-non-dici-nulla\/"},"author":{"name":"admin","@id":"https:\/\/archiviocassano.lavocedelpaese.info\/#\/schema\/person\/df195bc79a9b4c35127cf005f92e041b"},"headline":"CHI SA ASCOLTARE, TI SENTE ANCHE QUANDO NON DICI NULLA","datePublished":"2011-08-22T17:23:41+00:00","mainEntityOfPage":{"@id":"https:\/\/archiviocassano.lavocedelpaese.info\/index.php\/2011\/08\/22\/chi-sa-ascoltare-ti-sente-anche-quando-non-dici-nulla\/"},"wordCount":299,"commentCount":0,"publisher":{"@id":"https:\/\/archiviocassano.lavocedelpaese.info\/#organization"},"image":{"@id":"https:\/\/archiviocassano.lavocedelpaese.info\/index.php\/2011\/08\/22\/chi-sa-ascoltare-ti-sente-anche-quando-non-dici-nulla\/#primaryimage"},"thumbnailUrl":"https:\/\/archiviocassano.lavocedelpaese.info\/wp-content\/uploads\/2011\/12\/logo_la_ginestra.jpg","articleSection":["La voce del paese"],"inLanguage":"it-IT","potentialAction":[{"@type":"CommentAction","name":"Comment","target":["https:\/\/archiviocassano.lavocedelpaese.info\/index.php\/2011\/08\/22\/chi-sa-ascoltare-ti-sente-anche-quando-non-dici-nulla\/#respond"]}]},{"@type":"WebPage","@id":"https:\/\/archiviocassano.lavocedelpaese.info\/index.php\/2011\/08\/22\/chi-sa-ascoltare-ti-sente-anche-quando-non-dici-nulla\/","url":"https:\/\/archiviocassano.lavocedelpaese.info\/index.php\/2011\/08\/22\/chi-sa-ascoltare-ti-sente-anche-quando-non-dici-nulla\/","name":"CHI SA ASCOLTARE, TI SENTE ANCHE QUANDO NON DICI NULLA - Archivio CassanoWeb","isPartOf":{"@id":"https:\/\/archiviocassano.lavocedelpaese.info\/#website"},"primaryImageOfPage":{"@id":"https:\/\/archiviocassano.lavocedelpaese.info\/index.php\/2011\/08\/22\/chi-sa-ascoltare-ti-sente-anche-quando-non-dici-nulla\/#primaryimage"},"image":{"@id":"https:\/\/archiviocassano.lavocedelpaese.info\/index.php\/2011\/08\/22\/chi-sa-ascoltare-ti-sente-anche-quando-non-dici-nulla\/#primaryimage"},"thumbnailUrl":"https:\/\/archiviocassano.lavocedelpaese.info\/wp-content\/uploads\/2011\/12\/logo_la_ginestra.jpg","datePublished":"2011-08-22T17:23:41+00:00","breadcrumb":{"@id":"https:\/\/archiviocassano.lavocedelpaese.info\/index.php\/2011\/08\/22\/chi-sa-ascoltare-ti-sente-anche-quando-non-dici-nulla\/#breadcrumb"},"inLanguage":"it-IT","potentialAction":[{"@type":"ReadAction","target":["https:\/\/archiviocassano.lavocedelpaese.info\/index.php\/2011\/08\/22\/chi-sa-ascoltare-ti-sente-anche-quando-non-dici-nulla\/"]}]},{"@type":"ImageObject","inLanguage":"it-IT","@id":"https:\/\/archiviocassano.lavocedelpaese.info\/index.php\/2011\/08\/22\/chi-sa-ascoltare-ti-sente-anche-quando-non-dici-nulla\/#primaryimage","url":"https:\/\/archiviocassano.lavocedelpaese.info\/wp-content\/uploads\/2011\/12\/logo_la_ginestra.jpg","contentUrl":"https:\/\/archiviocassano.lavocedelpaese.info\/wp-content\/uploads\/2011\/12\/logo_la_ginestra.jpg","width":640,"height":300,"caption":"logo_la_ginestra"},{"@type":"BreadcrumbList","@id":"https:\/\/archiviocassano.lavocedelpaese.info\/index.php\/2011\/08\/22\/chi-sa-ascoltare-ti-sente-anche-quando-non-dici-nulla\/#breadcrumb","itemListElement":[{"@type":"ListItem","position":1,"name":"Home","item":"https:\/\/archiviocassano.lavocedelpaese.info\/"},{"@type":"ListItem","position":2,"name":"CHI SA ASCOLTARE, TI SENTE ANCHE QUANDO NON DICI NULLA"}]},{"@type":"WebSite","@id":"https:\/\/archiviocassano.lavocedelpaese.info\/#website","url":"https:\/\/archiviocassano.lavocedelpaese.info\/","name":"Archivio CassanoWeb","description":"La Voce del Paese - un network di idee","publisher":{"@id":"https:\/\/archiviocassano.lavocedelpaese.info\/#organization"},"potentialAction":[{"@type":"SearchAction","target":{"@type":"EntryPoint","urlTemplate":"https:\/\/archiviocassano.lavocedelpaese.info\/?s={search_term_string}"},"query-input":{"@type":"PropertyValueSpecification","valueRequired":true,"valueName":"search_term_string"}}],"inLanguage":"it-IT"},{"@type":"Organization","@id":"https:\/\/archiviocassano.lavocedelpaese.info\/#organization","name":"Archivio CassanoWeb","url":"https:\/\/archiviocassano.lavocedelpaese.info\/","logo":{"@type":"ImageObject","inLanguage":"it-IT","@id":"https:\/\/archiviocassano.lavocedelpaese.info\/#\/schema\/logo\/image\/","url":"https:\/\/archiviocassano.lavocedelpaese.info\/wp-content\/uploads\/2024\/08\/logo-rosso-2.png","contentUrl":"https:\/\/archiviocassano.lavocedelpaese.info\/wp-content\/uploads\/2024\/08\/logo-rosso-2.png","width":491,"height":432,"caption":"Archivio CassanoWeb"},"image":{"@id":"https:\/\/archiviocassano.lavocedelpaese.info\/#\/schema\/logo\/image\/"},"sameAs":["https:\/\/www.facebook.com\/redazione.cassanoweb"]},{"@type":"Person","@id":"https:\/\/archiviocassano.lavocedelpaese.info\/#\/schema\/person\/df195bc79a9b4c35127cf005f92e041b","name":"admin","image":{"@type":"ImageObject","inLanguage":"it-IT","@id":"https:\/\/secure.gravatar.com\/avatar\/eabba89a432e8eaa1b0207cc55f7e5340b22712b1ed80677efcf63e02ff5b235?s=96&d=mm&r=g","url":"https:\/\/secure.gravatar.com\/avatar\/eabba89a432e8eaa1b0207cc55f7e5340b22712b1ed80677efcf63e02ff5b235?s=96&d=mm&r=g","contentUrl":"https:\/\/secure.gravatar.com\/avatar\/eabba89a432e8eaa1b0207cc55f7e5340b22712b1ed80677efcf63e02ff5b235?s=96&d=mm&r=g","caption":"admin"},"sameAs":["https:\/\/archiviocassano.lavocedelpaese.info"],"url":"https:\/\/archiviocassano.lavocedelpaese.info\/index.php\/author\/admin_0qgz1xdp\/"}]}},"_links":{"self":[{"href":"https:\/\/archiviocassano.lavocedelpaese.info\/index.php\/wp-json\/wp\/v2\/posts\/4305","targetHints":{"allow":["GET"]}}],"collection":[{"href":"https:\/\/archiviocassano.lavocedelpaese.info\/index.php\/wp-json\/wp\/v2\/posts"}],"about":[{"href":"https:\/\/archiviocassano.lavocedelpaese.info\/index.php\/wp-json\/wp\/v2\/types\/post"}],"author":[{"embeddable":true,"href":"https:\/\/archiviocassano.lavocedelpaese.info\/index.php\/wp-json\/wp\/v2\/users\/1"}],"replies":[{"embeddable":true,"href":"https:\/\/archiviocassano.lavocedelpaese.info\/index.php\/wp-json\/wp\/v2\/comments?post=4305"}],"version-history":[{"count":0,"href":"https:\/\/archiviocassano.lavocedelpaese.info\/index.php\/wp-json\/wp\/v2\/posts\/4305\/revisions"}],"wp:featuredmedia":[{"embeddable":true,"href":"https:\/\/archiviocassano.lavocedelpaese.info\/index.php\/wp-json\/wp\/v2\/media\/834"}],"wp:attachment":[{"href":"https:\/\/archiviocassano.lavocedelpaese.info\/index.php\/wp-json\/wp\/v2\/media?parent=4305"}],"wp:term":[{"taxonomy":"category","embeddable":true,"href":"https:\/\/archiviocassano.lavocedelpaese.info\/index.php\/wp-json\/wp\/v2\/categories?post=4305"},{"taxonomy":"post_tag","embeddable":true,"href":"https:\/\/archiviocassano.lavocedelpaese.info\/index.php\/wp-json\/wp\/v2\/tags?post=4305"}],"curies":[{"name":"wp","href":"https:\/\/api.w.org\/{rel}","templated":true}]}}