{"id":4315,"date":"2011-08-27T16:47:58","date_gmt":"2011-08-27T16:47:58","guid":{"rendered":"https:\/\/archiviocassano.lavocedelpaese.info\/index.php\/2011\/08\/27\/cassanese-coinvolto-in-un-incidente-in-basilicata\/"},"modified":"2011-08-27T16:47:58","modified_gmt":"2011-08-27T16:47:58","slug":"cassanese-coinvolto-in-un-incidente-in-basilicata","status":"publish","type":"post","link":"https:\/\/archiviocassano.lavocedelpaese.info\/index.php\/2011\/08\/27\/cassanese-coinvolto-in-un-incidente-in-basilicata\/","title":{"rendered":"CASSANESE COINVOLTO IN UN INCIDENTE IN BASILICATA"},"content":{"rendered":"<p><img loading=\"lazy\" decoding=\"async\" alt=\"incidente_auto_1_giugno_2011\" src=\"images\/stories\/incidente_auto_1_giugno_2011.jpg\" height=\"150\" width=\"320\" \/> <\/p>\n<p><!--more--><\/p>\n<p>E&#8217; di un morto e due persone ferite il bilancio dell&#8217;incidente avvenuto intorno alle 14,20 di ieri sulla fondovalle dell&#8217;Agri nei pressi di Aliano.<br \/>La vittima, il sessantatreenne Carmine La Scaleia, nato a Tramutola ma residente a Villa d&#8217;Agri, \u00e8 rimasto incastrato nelle lamiere dell&#8217;Audi A6 sulla quale viaggiava in compagnia della moglie.<br \/>Per cause imprecisate, l&#8217;auto si \u00e8 scontrata con un furgone Citroen Jumpy guidato da un trentasettenne nato a San Chirico Raparo ma residente a Cassano, A.C. le sue iniziali.<br \/>Sul posto sono intervenuti gli agenti della Polizia stradale, i carabinieri della Stazione di Aliano a supporto e i vigili del fuoco del distaccamento di Montalbano. Questi ultimi sono rimasti impegnati per circa quattro ore.<br \/>Particolarmente difficoltose, infatti, le operazioni per liberare gli occupanti dei mezzi dalle lamiere.<br \/>I vigili del fuoco hanno dovuto tagliare le lamiere del portellone posteriore del furgone prima di riuscire a recuperare il ragazzo.<br \/>Anche per l&#8217;Audi A6 \u00e8 stato necessario tagliare le lamiere: La Scaleia aveva le gambe incastrate nell&#8217;auto.<br \/>Trasportato con l&#8217;eliambulanza del 118 al San Carlo di Potenza, l&#8217;uomo \u00e8 morto poco dopo il ricovero a causa delle gravi ferite riportare.<br \/>La moglie e l&#8217;autista del furgone sono stati ricoverati con politraumi nell&#8217;ospedale di Villa &#8216;Agri di Marsicovetere.<br \/>Le loro condizioni non sarebbero gravi.<br \/>Durante il lavoro dei vigili del fuoco la strada \u00e8 rimasta chiusa per consentire la rimozione dei veicoli e la messa in sicurezza dell\u2019arteria.<br \/>Nel tardo pomeriggio \u00e8 stata riaperta una corsia e, solo in serata, la circolazione \u00e8 tornata normale. Sar\u00e0 il lavoro della Polizia Stradale a stabilire le cause dell\u2019incidente.<\/p>\n","protected":false},"excerpt":{"rendered":"","protected":false},"author":1,"featured_media":0,"comment_status":"open","ping_status":"closed","sticky":false,"template":"","format":"standard","meta":{"colormag_page_container_layout":"default_layout","colormag_page_sidebar_layout":"default_layout","footnotes":""},"categories":[8],"tags":[],"class_list":["post-4315","post","type-post","status-publish","format-standard","hentry","category-cronaca"],"yoast_head":"<!-- This site is optimized with the Yoast SEO plugin v27.5 - https:\/\/yoast.com\/product\/yoast-seo-wordpress\/ -->\n<title>CASSANESE COINVOLTO IN UN INCIDENTE IN BASILICATA - Archivio CassanoWeb<\/title>\n<meta name=\"robots\" content=\"index, follow, max-snippet:-1, max-image-preview:large, max-video-preview:-1\" \/>\n<link rel=\"canonical\" href=\"https:\/\/archiviocassano.lavocedelpaese.info\/index.php\/2011\/08\/27\/cassanese-coinvolto-in-un-incidente-in-basilicata\/\" \/>\n<meta property=\"og:locale\" content=\"it_IT\" \/>\n<meta property=\"og:type\" content=\"article\" \/>\n<meta property=\"og:title\" content=\"CASSANESE COINVOLTO IN UN INCIDENTE IN BASILICATA - Archivio CassanoWeb\" \/>\n<meta property=\"og:url\" content=\"https:\/\/archiviocassano.lavocedelpaese.info\/index.php\/2011\/08\/27\/cassanese-coinvolto-in-un-incidente-in-basilicata\/\" \/>\n<meta property=\"og:site_name\" content=\"Archivio CassanoWeb\" \/>\n<meta property=\"article:publisher\" content=\"https:\/\/www.facebook.com\/redazione.cassanoweb\" \/>\n<meta property=\"article:published_time\" content=\"2011-08-27T16:47:58+00:00\" \/>\n<meta name=\"author\" content=\"admin\" \/>\n<meta name=\"twitter:card\" content=\"summary_large_image\" \/>\n<meta name=\"twitter:label1\" content=\"Scritto da\" \/>\n\t<meta name=\"twitter:data1\" content=\"admin\" \/>\n\t<meta name=\"twitter:label2\" content=\"Tempo di lettura stimato\" \/>\n\t<meta name=\"twitter:data2\" content=\"1 minuto\" \/>\n<script type=\"application\/ld+json\" class=\"yoast-schema-graph\">{\"@context\":\"https:\\\/\\\/schema.org\",\"@graph\":[{\"@type\":\"Article\",\"@id\":\"https:\\\/\\\/archiviocassano.lavocedelpaese.info\\\/index.php\\\/2011\\\/08\\\/27\\\/cassanese-coinvolto-in-un-incidente-in-basilicata\\\/#article\",\"isPartOf\":{\"@id\":\"https:\\\/\\\/archiviocassano.lavocedelpaese.info\\\/index.php\\\/2011\\\/08\\\/27\\\/cassanese-coinvolto-in-un-incidente-in-basilicata\\\/\"},\"author\":{\"name\":\"admin\",\"@id\":\"https:\\\/\\\/archiviocassano.lavocedelpaese.info\\\/#\\\/schema\\\/person\\\/df195bc79a9b4c35127cf005f92e041b\"},\"headline\":\"CASSANESE COINVOLTO IN UN INCIDENTE IN BASILICATA\",\"datePublished\":\"2011-08-27T16:47:58+00:00\",\"mainEntityOfPage\":{\"@id\":\"https:\\\/\\\/archiviocassano.lavocedelpaese.info\\\/index.php\\\/2011\\\/08\\\/27\\\/cassanese-coinvolto-in-un-incidente-in-basilicata\\\/\"},\"wordCount\":278,\"commentCount\":0,\"publisher\":{\"@id\":\"https:\\\/\\\/archiviocassano.lavocedelpaese.info\\\/#organization\"},\"articleSection\":[\"Cronaca\"],\"inLanguage\":\"it-IT\",\"potentialAction\":[{\"@type\":\"CommentAction\",\"name\":\"Comment\",\"target\":[\"https:\\\/\\\/archiviocassano.lavocedelpaese.info\\\/index.php\\\/2011\\\/08\\\/27\\\/cassanese-coinvolto-in-un-incidente-in-basilicata\\\/#respond\"]}]},{\"@type\":\"WebPage\",\"@id\":\"https:\\\/\\\/archiviocassano.lavocedelpaese.info\\\/index.php\\\/2011\\\/08\\\/27\\\/cassanese-coinvolto-in-un-incidente-in-basilicata\\\/\",\"url\":\"https:\\\/\\\/archiviocassano.lavocedelpaese.info\\\/index.php\\\/2011\\\/08\\\/27\\\/cassanese-coinvolto-in-un-incidente-in-basilicata\\\/\",\"name\":\"CASSANESE COINVOLTO IN UN INCIDENTE IN BASILICATA - Archivio CassanoWeb\",\"isPartOf\":{\"@id\":\"https:\\\/\\\/archiviocassano.lavocedelpaese.info\\\/#website\"},\"datePublished\":\"2011-08-27T16:47:58+00:00\",\"breadcrumb\":{\"@id\":\"https:\\\/\\\/archiviocassano.lavocedelpaese.info\\\/index.php\\\/2011\\\/08\\\/27\\\/cassanese-coinvolto-in-un-incidente-in-basilicata\\\/#breadcrumb\"},\"inLanguage\":\"it-IT\",\"potentialAction\":[{\"@type\":\"ReadAction\",\"target\":[\"https:\\\/\\\/archiviocassano.lavocedelpaese.info\\\/index.php\\\/2011\\\/08\\\/27\\\/cassanese-coinvolto-in-un-incidente-in-basilicata\\\/\"]}]},{\"@type\":\"BreadcrumbList\",\"@id\":\"https:\\\/\\\/archiviocassano.lavocedelpaese.info\\\/index.php\\\/2011\\\/08\\\/27\\\/cassanese-coinvolto-in-un-incidente-in-basilicata\\\/#breadcrumb\",\"itemListElement\":[{\"@type\":\"ListItem\",\"position\":1,\"name\":\"Home\",\"item\":\"https:\\\/\\\/archiviocassano.lavocedelpaese.info\\\/\"},{\"@type\":\"ListItem\",\"position\":2,\"name\":\"CASSANESE COINVOLTO IN UN INCIDENTE IN BASILICATA\"}]},{\"@type\":\"WebSite\",\"@id\":\"https:\\\/\\\/archiviocassano.lavocedelpaese.info\\\/#website\",\"url\":\"https:\\\/\\\/archiviocassano.lavocedelpaese.info\\\/\",\"name\":\"Archivio CassanoWeb\",\"description\":\"La Voce del Paese - un network di idee\",\"publisher\":{\"@id\":\"https:\\\/\\\/archiviocassano.lavocedelpaese.info\\\/#organization\"},\"potentialAction\":[{\"@type\":\"SearchAction\",\"target\":{\"@type\":\"EntryPoint\",\"urlTemplate\":\"https:\\\/\\\/archiviocassano.lavocedelpaese.info\\\/?s={search_term_string}\"},\"query-input\":{\"@type\":\"PropertyValueSpecification\",\"valueRequired\":true,\"valueName\":\"search_term_string\"}}],\"inLanguage\":\"it-IT\"},{\"@type\":\"Organization\",\"@id\":\"https:\\\/\\\/archiviocassano.lavocedelpaese.info\\\/#organization\",\"name\":\"Archivio CassanoWeb\",\"url\":\"https:\\\/\\\/archiviocassano.lavocedelpaese.info\\\/\",\"logo\":{\"@type\":\"ImageObject\",\"inLanguage\":\"it-IT\",\"@id\":\"https:\\\/\\\/archiviocassano.lavocedelpaese.info\\\/#\\\/schema\\\/logo\\\/image\\\/\",\"url\":\"https:\\\/\\\/archiviocassano.lavocedelpaese.info\\\/wp-content\\\/uploads\\\/2024\\\/08\\\/logo-rosso-2.png\",\"contentUrl\":\"https:\\\/\\\/archiviocassano.lavocedelpaese.info\\\/wp-content\\\/uploads\\\/2024\\\/08\\\/logo-rosso-2.png\",\"width\":491,\"height\":432,\"caption\":\"Archivio CassanoWeb\"},\"image\":{\"@id\":\"https:\\\/\\\/archiviocassano.lavocedelpaese.info\\\/#\\\/schema\\\/logo\\\/image\\\/\"},\"sameAs\":[\"https:\\\/\\\/www.facebook.com\\\/redazione.cassanoweb\"]},{\"@type\":\"Person\",\"@id\":\"https:\\\/\\\/archiviocassano.lavocedelpaese.info\\\/#\\\/schema\\\/person\\\/df195bc79a9b4c35127cf005f92e041b\",\"name\":\"admin\",\"image\":{\"@type\":\"ImageObject\",\"inLanguage\":\"it-IT\",\"@id\":\"https:\\\/\\\/secure.gravatar.com\\\/avatar\\\/eabba89a432e8eaa1b0207cc55f7e5340b22712b1ed80677efcf63e02ff5b235?s=96&d=mm&r=g\",\"url\":\"https:\\\/\\\/secure.gravatar.com\\\/avatar\\\/eabba89a432e8eaa1b0207cc55f7e5340b22712b1ed80677efcf63e02ff5b235?s=96&d=mm&r=g\",\"contentUrl\":\"https:\\\/\\\/secure.gravatar.com\\\/avatar\\\/eabba89a432e8eaa1b0207cc55f7e5340b22712b1ed80677efcf63e02ff5b235?s=96&d=mm&r=g\",\"caption\":\"admin\"},\"sameAs\":[\"https:\\\/\\\/archiviocassano.lavocedelpaese.info\"],\"url\":\"https:\\\/\\\/archiviocassano.lavocedelpaese.info\\\/index.php\\\/author\\\/admin_0qgz1xdp\\\/\"}]}<\/script>\n<!-- \/ Yoast SEO plugin. -->","yoast_head_json":{"title":"CASSANESE COINVOLTO IN UN INCIDENTE IN BASILICATA - Archivio CassanoWeb","robots":{"index":"index","follow":"follow","max-snippet":"max-snippet:-1","max-image-preview":"max-image-preview:large","max-video-preview":"max-video-preview:-1"},"canonical":"https:\/\/archiviocassano.lavocedelpaese.info\/index.php\/2011\/08\/27\/cassanese-coinvolto-in-un-incidente-in-basilicata\/","og_locale":"it_IT","og_type":"article","og_title":"CASSANESE COINVOLTO IN UN INCIDENTE IN BASILICATA - Archivio CassanoWeb","og_url":"https:\/\/archiviocassano.lavocedelpaese.info\/index.php\/2011\/08\/27\/cassanese-coinvolto-in-un-incidente-in-basilicata\/","og_site_name":"Archivio CassanoWeb","article_publisher":"https:\/\/www.facebook.com\/redazione.cassanoweb","article_published_time":"2011-08-27T16:47:58+00:00","author":"admin","twitter_card":"summary_large_image","twitter_misc":{"Scritto da":"admin","Tempo di lettura stimato":"1 minuto"},"schema":{"@context":"https:\/\/schema.org","@graph":[{"@type":"Article","@id":"https:\/\/archiviocassano.lavocedelpaese.info\/index.php\/2011\/08\/27\/cassanese-coinvolto-in-un-incidente-in-basilicata\/#article","isPartOf":{"@id":"https:\/\/archiviocassano.lavocedelpaese.info\/index.php\/2011\/08\/27\/cassanese-coinvolto-in-un-incidente-in-basilicata\/"},"author":{"name":"admin","@id":"https:\/\/archiviocassano.lavocedelpaese.info\/#\/schema\/person\/df195bc79a9b4c35127cf005f92e041b"},"headline":"CASSANESE COINVOLTO IN UN INCIDENTE IN BASILICATA","datePublished":"2011-08-27T16:47:58+00:00","mainEntityOfPage":{"@id":"https:\/\/archiviocassano.lavocedelpaese.info\/index.php\/2011\/08\/27\/cassanese-coinvolto-in-un-incidente-in-basilicata\/"},"wordCount":278,"commentCount":0,"publisher":{"@id":"https:\/\/archiviocassano.lavocedelpaese.info\/#organization"},"articleSection":["Cronaca"],"inLanguage":"it-IT","potentialAction":[{"@type":"CommentAction","name":"Comment","target":["https:\/\/archiviocassano.lavocedelpaese.info\/index.php\/2011\/08\/27\/cassanese-coinvolto-in-un-incidente-in-basilicata\/#respond"]}]},{"@type":"WebPage","@id":"https:\/\/archiviocassano.lavocedelpaese.info\/index.php\/2011\/08\/27\/cassanese-coinvolto-in-un-incidente-in-basilicata\/","url":"https:\/\/archiviocassano.lavocedelpaese.info\/index.php\/2011\/08\/27\/cassanese-coinvolto-in-un-incidente-in-basilicata\/","name":"CASSANESE COINVOLTO IN UN INCIDENTE IN BASILICATA - Archivio CassanoWeb","isPartOf":{"@id":"https:\/\/archiviocassano.lavocedelpaese.info\/#website"},"datePublished":"2011-08-27T16:47:58+00:00","breadcrumb":{"@id":"https:\/\/archiviocassano.lavocedelpaese.info\/index.php\/2011\/08\/27\/cassanese-coinvolto-in-un-incidente-in-basilicata\/#breadcrumb"},"inLanguage":"it-IT","potentialAction":[{"@type":"ReadAction","target":["https:\/\/archiviocassano.lavocedelpaese.info\/index.php\/2011\/08\/27\/cassanese-coinvolto-in-un-incidente-in-basilicata\/"]}]},{"@type":"BreadcrumbList","@id":"https:\/\/archiviocassano.lavocedelpaese.info\/index.php\/2011\/08\/27\/cassanese-coinvolto-in-un-incidente-in-basilicata\/#breadcrumb","itemListElement":[{"@type":"ListItem","position":1,"name":"Home","item":"https:\/\/archiviocassano.lavocedelpaese.info\/"},{"@type":"ListItem","position":2,"name":"CASSANESE COINVOLTO IN UN INCIDENTE IN BASILICATA"}]},{"@type":"WebSite","@id":"https:\/\/archiviocassano.lavocedelpaese.info\/#website","url":"https:\/\/archiviocassano.lavocedelpaese.info\/","name":"Archivio CassanoWeb","description":"La Voce del Paese - un network di idee","publisher":{"@id":"https:\/\/archiviocassano.lavocedelpaese.info\/#organization"},"potentialAction":[{"@type":"SearchAction","target":{"@type":"EntryPoint","urlTemplate":"https:\/\/archiviocassano.lavocedelpaese.info\/?s={search_term_string}"},"query-input":{"@type":"PropertyValueSpecification","valueRequired":true,"valueName":"search_term_string"}}],"inLanguage":"it-IT"},{"@type":"Organization","@id":"https:\/\/archiviocassano.lavocedelpaese.info\/#organization","name":"Archivio CassanoWeb","url":"https:\/\/archiviocassano.lavocedelpaese.info\/","logo":{"@type":"ImageObject","inLanguage":"it-IT","@id":"https:\/\/archiviocassano.lavocedelpaese.info\/#\/schema\/logo\/image\/","url":"https:\/\/archiviocassano.lavocedelpaese.info\/wp-content\/uploads\/2024\/08\/logo-rosso-2.png","contentUrl":"https:\/\/archiviocassano.lavocedelpaese.info\/wp-content\/uploads\/2024\/08\/logo-rosso-2.png","width":491,"height":432,"caption":"Archivio CassanoWeb"},"image":{"@id":"https:\/\/archiviocassano.lavocedelpaese.info\/#\/schema\/logo\/image\/"},"sameAs":["https:\/\/www.facebook.com\/redazione.cassanoweb"]},{"@type":"Person","@id":"https:\/\/archiviocassano.lavocedelpaese.info\/#\/schema\/person\/df195bc79a9b4c35127cf005f92e041b","name":"admin","image":{"@type":"ImageObject","inLanguage":"it-IT","@id":"https:\/\/secure.gravatar.com\/avatar\/eabba89a432e8eaa1b0207cc55f7e5340b22712b1ed80677efcf63e02ff5b235?s=96&d=mm&r=g","url":"https:\/\/secure.gravatar.com\/avatar\/eabba89a432e8eaa1b0207cc55f7e5340b22712b1ed80677efcf63e02ff5b235?s=96&d=mm&r=g","contentUrl":"https:\/\/secure.gravatar.com\/avatar\/eabba89a432e8eaa1b0207cc55f7e5340b22712b1ed80677efcf63e02ff5b235?s=96&d=mm&r=g","caption":"admin"},"sameAs":["https:\/\/archiviocassano.lavocedelpaese.info"],"url":"https:\/\/archiviocassano.lavocedelpaese.info\/index.php\/author\/admin_0qgz1xdp\/"}]}},"_links":{"self":[{"href":"https:\/\/archiviocassano.lavocedelpaese.info\/index.php\/wp-json\/wp\/v2\/posts\/4315","targetHints":{"allow":["GET"]}}],"collection":[{"href":"https:\/\/archiviocassano.lavocedelpaese.info\/index.php\/wp-json\/wp\/v2\/posts"}],"about":[{"href":"https:\/\/archiviocassano.lavocedelpaese.info\/index.php\/wp-json\/wp\/v2\/types\/post"}],"author":[{"embeddable":true,"href":"https:\/\/archiviocassano.lavocedelpaese.info\/index.php\/wp-json\/wp\/v2\/users\/1"}],"replies":[{"embeddable":true,"href":"https:\/\/archiviocassano.lavocedelpaese.info\/index.php\/wp-json\/wp\/v2\/comments?post=4315"}],"version-history":[{"count":0,"href":"https:\/\/archiviocassano.lavocedelpaese.info\/index.php\/wp-json\/wp\/v2\/posts\/4315\/revisions"}],"wp:attachment":[{"href":"https:\/\/archiviocassano.lavocedelpaese.info\/index.php\/wp-json\/wp\/v2\/media?parent=4315"}],"wp:term":[{"taxonomy":"category","embeddable":true,"href":"https:\/\/archiviocassano.lavocedelpaese.info\/index.php\/wp-json\/wp\/v2\/categories?post=4315"},{"taxonomy":"post_tag","embeddable":true,"href":"https:\/\/archiviocassano.lavocedelpaese.info\/index.php\/wp-json\/wp\/v2\/tags?post=4315"}],"curies":[{"name":"wp","href":"https:\/\/api.w.org\/{rel}","templated":true}]}}