{"id":4348,"date":"2011-09-03T11:44:17","date_gmt":"2011-09-03T11:44:17","guid":{"rendered":"https:\/\/archiviocassano.lavocedelpaese.info\/index.php\/2011\/09\/03\/santorsola-la-di-medio-sulla-montagna-russa\/"},"modified":"2011-09-03T11:44:17","modified_gmt":"2011-09-03T11:44:17","slug":"santorsola-la-di-medio-sulla-montagna-russa","status":"publish","type":"post","link":"https:\/\/archiviocassano.lavocedelpaese.info\/index.php\/2011\/09\/03\/santorsola-la-di-medio-sulla-montagna-russa\/","title":{"rendered":"SANTORSOLA: LA DI MEDIO SULLA MONTAGNA \u2026 RUSSA"},"content":{"rendered":"<p><img loading=\"lazy\" decoding=\"async\" alt=\"teodoro_santorsola\" src=\"images\/stories\/archiviofoto\/teodoro_santorsola.jpg\" height=\"150\" width=\"320\" \/> <\/p>\n<p><!--more--><\/p>\n<div style=\"text-align: justify;\">Come la bimba ammaliata dalle fiabe e dal mondo dei balocchi, cos\u00ec la Di Medio sembra vivere in un mondo fatato lontano dalla realt\u00e0 cassanese. Solo per un attimo si \u2018sveglia\u2019 e dice che \u201cla realt\u00e0 dei fatti fa male al consigliere Santorsola\u201d. Non si comprende perch\u00e9 mi chiami in causa, visto che l\u2019articolo \u201dpropaganda di regime!\u201d \u00e8 pubblicato sul blog di \u201dnuova ideadomani, ma non \u00e8 a firma del consigliere Santorsola.<br \/>A questo punto, visto che Lei mi ha impropriamente chiamato in causa, Le rispondo. La realt\u00e0 mi fa male? S\u00ec! Vedere, infatti, l\u2019abbandono che la nostra citt\u00e0 subisce anche nelle cose pi\u00f9 semplici ma necessarie, fa veramente male. Ci fa male assistere all\u2019incuria che subisce il centro storico; all\u2019abbandono dei nostri giardini pubblici e dell\u2019enorme patrimonio arboreo che Cassano vanta; alle strade sporche e dissestaste; ai marciapiedi infestati da erbacce e da deiezioni canine; al Monumento dei Caduti ogni sera utilizzato da schiere di bimbi e, purtroppo, di giovani che l\u2019hanno ormai scambiato anche per tavolinetto da picnic! A proposito: anche qui \u00e8 stata tagliata l\u2019acqua per le colpe di qualcun altro? Ha visto Sindaco, com\u2019\u00e8 ridotto adesso il prato? Ma cose vuole che sia, mi risponder\u00e0, lo faremo ricrescere! Nelle fiabe si realizza tutto e subito.<br \/>Mi fa molto male vedere lo stato di degrado del cimitero, degli alberi senza cura, del patrimonio pubblico abbandonato. Mi fa male vedere cos\u00ec tanti rifiuti per strada con i cassonetti maleodoranti che non vengono lavati chiss\u00e0 da quanti mesi; le strade non spazzate, la raccolta differenziata dimezzata mentre lei fa causa alla Regione, anzich\u00e9 chiedersi cosa \u00e8 stato fatto in due anni per aumentarla. E tutto questo mi fa chiedere: ma Lei ci va sui luoghi pubblici, li vede? Chi fra noi sogna e chi \u00e8 desto?<br \/>Mi consentir\u00e0 una domanda facile:\u201d da quando si annunciano le manutenzioni del patrimonio\u201d? Sindaco, nel mio paese le manutenzioni si eseguono, non si annunciano!<br \/>Un\u2019ultima considerazione: non mi fanno male molti atti amministrativi, ma mi preoccupano fortemente per l\u2019Amministrazione e per il futuro della nostra Cassano.<br \/>In conclusione, La rassicuro: non solo sono molto sereno- le auguro la mia stessa serenit\u00e0-, ma sono anche sveglio! A proposito: lei che ci fa sulla montagna \u2026 russa?<\/div>\n<p><\/p>\n<div style=\"text-align: right;\"><strong>Teodoro Santorsola<\/p>\n<p>capogruppo di \u201cnuova ideadomani&#8221;<\/strong><\/div>\n","protected":false},"excerpt":{"rendered":"","protected":false},"author":1,"featured_media":0,"comment_status":"open","ping_status":"closed","sticky":false,"template":"","format":"standard","meta":{"colormag_page_container_layout":"default_layout","colormag_page_sidebar_layout":"default_layout","footnotes":""},"categories":[9],"tags":[],"class_list":["post-4348","post","type-post","status-publish","format-standard","hentry","category-la-voce-del-paese"],"yoast_head":"<!-- This site is optimized with the Yoast SEO plugin v27.5 - https:\/\/yoast.com\/product\/yoast-seo-wordpress\/ -->\n<title>SANTORSOLA: LA DI MEDIO SULLA MONTAGNA \u2026 RUSSA - Archivio CassanoWeb<\/title>\n<meta name=\"robots\" content=\"index, follow, max-snippet:-1, max-image-preview:large, max-video-preview:-1\" \/>\n<link rel=\"canonical\" href=\"https:\/\/archiviocassano.lavocedelpaese.info\/index.php\/2011\/09\/03\/santorsola-la-di-medio-sulla-montagna-russa\/\" \/>\n<meta property=\"og:locale\" content=\"it_IT\" \/>\n<meta property=\"og:type\" content=\"article\" \/>\n<meta property=\"og:title\" content=\"SANTORSOLA: LA DI MEDIO SULLA MONTAGNA \u2026 RUSSA - Archivio CassanoWeb\" \/>\n<meta property=\"og:url\" content=\"https:\/\/archiviocassano.lavocedelpaese.info\/index.php\/2011\/09\/03\/santorsola-la-di-medio-sulla-montagna-russa\/\" \/>\n<meta property=\"og:site_name\" content=\"Archivio CassanoWeb\" \/>\n<meta property=\"article:publisher\" content=\"https:\/\/www.facebook.com\/redazione.cassanoweb\" \/>\n<meta property=\"article:published_time\" content=\"2011-09-03T11:44:17+00:00\" \/>\n<meta name=\"author\" content=\"admin\" \/>\n<meta name=\"twitter:card\" content=\"summary_large_image\" \/>\n<meta name=\"twitter:label1\" content=\"Scritto da\" \/>\n\t<meta name=\"twitter:data1\" content=\"admin\" \/>\n\t<meta name=\"twitter:label2\" content=\"Tempo di lettura stimato\" \/>\n\t<meta name=\"twitter:data2\" content=\"2 minuti\" \/>\n<script type=\"application\/ld+json\" class=\"yoast-schema-graph\">{\"@context\":\"https:\\\/\\\/schema.org\",\"@graph\":[{\"@type\":\"Article\",\"@id\":\"https:\\\/\\\/archiviocassano.lavocedelpaese.info\\\/index.php\\\/2011\\\/09\\\/03\\\/santorsola-la-di-medio-sulla-montagna-russa\\\/#article\",\"isPartOf\":{\"@id\":\"https:\\\/\\\/archiviocassano.lavocedelpaese.info\\\/index.php\\\/2011\\\/09\\\/03\\\/santorsola-la-di-medio-sulla-montagna-russa\\\/\"},\"author\":{\"name\":\"admin\",\"@id\":\"https:\\\/\\\/archiviocassano.lavocedelpaese.info\\\/#\\\/schema\\\/person\\\/df195bc79a9b4c35127cf005f92e041b\"},\"headline\":\"SANTORSOLA: LA DI MEDIO SULLA MONTAGNA \u2026 RUSSA\",\"datePublished\":\"2011-09-03T11:44:17+00:00\",\"mainEntityOfPage\":{\"@id\":\"https:\\\/\\\/archiviocassano.lavocedelpaese.info\\\/index.php\\\/2011\\\/09\\\/03\\\/santorsola-la-di-medio-sulla-montagna-russa\\\/\"},\"wordCount\":389,\"commentCount\":0,\"publisher\":{\"@id\":\"https:\\\/\\\/archiviocassano.lavocedelpaese.info\\\/#organization\"},\"articleSection\":[\"La voce del paese\"],\"inLanguage\":\"it-IT\",\"potentialAction\":[{\"@type\":\"CommentAction\",\"name\":\"Comment\",\"target\":[\"https:\\\/\\\/archiviocassano.lavocedelpaese.info\\\/index.php\\\/2011\\\/09\\\/03\\\/santorsola-la-di-medio-sulla-montagna-russa\\\/#respond\"]}]},{\"@type\":\"WebPage\",\"@id\":\"https:\\\/\\\/archiviocassano.lavocedelpaese.info\\\/index.php\\\/2011\\\/09\\\/03\\\/santorsola-la-di-medio-sulla-montagna-russa\\\/\",\"url\":\"https:\\\/\\\/archiviocassano.lavocedelpaese.info\\\/index.php\\\/2011\\\/09\\\/03\\\/santorsola-la-di-medio-sulla-montagna-russa\\\/\",\"name\":\"SANTORSOLA: LA DI MEDIO SULLA MONTAGNA \u2026 RUSSA - Archivio CassanoWeb\",\"isPartOf\":{\"@id\":\"https:\\\/\\\/archiviocassano.lavocedelpaese.info\\\/#website\"},\"datePublished\":\"2011-09-03T11:44:17+00:00\",\"breadcrumb\":{\"@id\":\"https:\\\/\\\/archiviocassano.lavocedelpaese.info\\\/index.php\\\/2011\\\/09\\\/03\\\/santorsola-la-di-medio-sulla-montagna-russa\\\/#breadcrumb\"},\"inLanguage\":\"it-IT\",\"potentialAction\":[{\"@type\":\"ReadAction\",\"target\":[\"https:\\\/\\\/archiviocassano.lavocedelpaese.info\\\/index.php\\\/2011\\\/09\\\/03\\\/santorsola-la-di-medio-sulla-montagna-russa\\\/\"]}]},{\"@type\":\"BreadcrumbList\",\"@id\":\"https:\\\/\\\/archiviocassano.lavocedelpaese.info\\\/index.php\\\/2011\\\/09\\\/03\\\/santorsola-la-di-medio-sulla-montagna-russa\\\/#breadcrumb\",\"itemListElement\":[{\"@type\":\"ListItem\",\"position\":1,\"name\":\"Home\",\"item\":\"https:\\\/\\\/archiviocassano.lavocedelpaese.info\\\/\"},{\"@type\":\"ListItem\",\"position\":2,\"name\":\"SANTORSOLA: LA DI MEDIO SULLA MONTAGNA \u2026 RUSSA\"}]},{\"@type\":\"WebSite\",\"@id\":\"https:\\\/\\\/archiviocassano.lavocedelpaese.info\\\/#website\",\"url\":\"https:\\\/\\\/archiviocassano.lavocedelpaese.info\\\/\",\"name\":\"Archivio CassanoWeb\",\"description\":\"La Voce del Paese - un network di idee\",\"publisher\":{\"@id\":\"https:\\\/\\\/archiviocassano.lavocedelpaese.info\\\/#organization\"},\"potentialAction\":[{\"@type\":\"SearchAction\",\"target\":{\"@type\":\"EntryPoint\",\"urlTemplate\":\"https:\\\/\\\/archiviocassano.lavocedelpaese.info\\\/?s={search_term_string}\"},\"query-input\":{\"@type\":\"PropertyValueSpecification\",\"valueRequired\":true,\"valueName\":\"search_term_string\"}}],\"inLanguage\":\"it-IT\"},{\"@type\":\"Organization\",\"@id\":\"https:\\\/\\\/archiviocassano.lavocedelpaese.info\\\/#organization\",\"name\":\"Archivio CassanoWeb\",\"url\":\"https:\\\/\\\/archiviocassano.lavocedelpaese.info\\\/\",\"logo\":{\"@type\":\"ImageObject\",\"inLanguage\":\"it-IT\",\"@id\":\"https:\\\/\\\/archiviocassano.lavocedelpaese.info\\\/#\\\/schema\\\/logo\\\/image\\\/\",\"url\":\"https:\\\/\\\/archiviocassano.lavocedelpaese.info\\\/wp-content\\\/uploads\\\/2024\\\/08\\\/logo-rosso-2.png\",\"contentUrl\":\"https:\\\/\\\/archiviocassano.lavocedelpaese.info\\\/wp-content\\\/uploads\\\/2024\\\/08\\\/logo-rosso-2.png\",\"width\":491,\"height\":432,\"caption\":\"Archivio CassanoWeb\"},\"image\":{\"@id\":\"https:\\\/\\\/archiviocassano.lavocedelpaese.info\\\/#\\\/schema\\\/logo\\\/image\\\/\"},\"sameAs\":[\"https:\\\/\\\/www.facebook.com\\\/redazione.cassanoweb\"]},{\"@type\":\"Person\",\"@id\":\"https:\\\/\\\/archiviocassano.lavocedelpaese.info\\\/#\\\/schema\\\/person\\\/df195bc79a9b4c35127cf005f92e041b\",\"name\":\"admin\",\"image\":{\"@type\":\"ImageObject\",\"inLanguage\":\"it-IT\",\"@id\":\"https:\\\/\\\/secure.gravatar.com\\\/avatar\\\/eabba89a432e8eaa1b0207cc55f7e5340b22712b1ed80677efcf63e02ff5b235?s=96&d=mm&r=g\",\"url\":\"https:\\\/\\\/secure.gravatar.com\\\/avatar\\\/eabba89a432e8eaa1b0207cc55f7e5340b22712b1ed80677efcf63e02ff5b235?s=96&d=mm&r=g\",\"contentUrl\":\"https:\\\/\\\/secure.gravatar.com\\\/avatar\\\/eabba89a432e8eaa1b0207cc55f7e5340b22712b1ed80677efcf63e02ff5b235?s=96&d=mm&r=g\",\"caption\":\"admin\"},\"sameAs\":[\"https:\\\/\\\/archiviocassano.lavocedelpaese.info\"],\"url\":\"https:\\\/\\\/archiviocassano.lavocedelpaese.info\\\/index.php\\\/author\\\/admin_0qgz1xdp\\\/\"}]}<\/script>\n<!-- \/ Yoast SEO plugin. -->","yoast_head_json":{"title":"SANTORSOLA: LA DI MEDIO SULLA MONTAGNA \u2026 RUSSA - Archivio CassanoWeb","robots":{"index":"index","follow":"follow","max-snippet":"max-snippet:-1","max-image-preview":"max-image-preview:large","max-video-preview":"max-video-preview:-1"},"canonical":"https:\/\/archiviocassano.lavocedelpaese.info\/index.php\/2011\/09\/03\/santorsola-la-di-medio-sulla-montagna-russa\/","og_locale":"it_IT","og_type":"article","og_title":"SANTORSOLA: LA DI MEDIO SULLA MONTAGNA \u2026 RUSSA - Archivio CassanoWeb","og_url":"https:\/\/archiviocassano.lavocedelpaese.info\/index.php\/2011\/09\/03\/santorsola-la-di-medio-sulla-montagna-russa\/","og_site_name":"Archivio CassanoWeb","article_publisher":"https:\/\/www.facebook.com\/redazione.cassanoweb","article_published_time":"2011-09-03T11:44:17+00:00","author":"admin","twitter_card":"summary_large_image","twitter_misc":{"Scritto da":"admin","Tempo di lettura stimato":"2 minuti"},"schema":{"@context":"https:\/\/schema.org","@graph":[{"@type":"Article","@id":"https:\/\/archiviocassano.lavocedelpaese.info\/index.php\/2011\/09\/03\/santorsola-la-di-medio-sulla-montagna-russa\/#article","isPartOf":{"@id":"https:\/\/archiviocassano.lavocedelpaese.info\/index.php\/2011\/09\/03\/santorsola-la-di-medio-sulla-montagna-russa\/"},"author":{"name":"admin","@id":"https:\/\/archiviocassano.lavocedelpaese.info\/#\/schema\/person\/df195bc79a9b4c35127cf005f92e041b"},"headline":"SANTORSOLA: LA DI MEDIO SULLA MONTAGNA \u2026 RUSSA","datePublished":"2011-09-03T11:44:17+00:00","mainEntityOfPage":{"@id":"https:\/\/archiviocassano.lavocedelpaese.info\/index.php\/2011\/09\/03\/santorsola-la-di-medio-sulla-montagna-russa\/"},"wordCount":389,"commentCount":0,"publisher":{"@id":"https:\/\/archiviocassano.lavocedelpaese.info\/#organization"},"articleSection":["La voce del paese"],"inLanguage":"it-IT","potentialAction":[{"@type":"CommentAction","name":"Comment","target":["https:\/\/archiviocassano.lavocedelpaese.info\/index.php\/2011\/09\/03\/santorsola-la-di-medio-sulla-montagna-russa\/#respond"]}]},{"@type":"WebPage","@id":"https:\/\/archiviocassano.lavocedelpaese.info\/index.php\/2011\/09\/03\/santorsola-la-di-medio-sulla-montagna-russa\/","url":"https:\/\/archiviocassano.lavocedelpaese.info\/index.php\/2011\/09\/03\/santorsola-la-di-medio-sulla-montagna-russa\/","name":"SANTORSOLA: LA DI MEDIO SULLA MONTAGNA \u2026 RUSSA - Archivio CassanoWeb","isPartOf":{"@id":"https:\/\/archiviocassano.lavocedelpaese.info\/#website"},"datePublished":"2011-09-03T11:44:17+00:00","breadcrumb":{"@id":"https:\/\/archiviocassano.lavocedelpaese.info\/index.php\/2011\/09\/03\/santorsola-la-di-medio-sulla-montagna-russa\/#breadcrumb"},"inLanguage":"it-IT","potentialAction":[{"@type":"ReadAction","target":["https:\/\/archiviocassano.lavocedelpaese.info\/index.php\/2011\/09\/03\/santorsola-la-di-medio-sulla-montagna-russa\/"]}]},{"@type":"BreadcrumbList","@id":"https:\/\/archiviocassano.lavocedelpaese.info\/index.php\/2011\/09\/03\/santorsola-la-di-medio-sulla-montagna-russa\/#breadcrumb","itemListElement":[{"@type":"ListItem","position":1,"name":"Home","item":"https:\/\/archiviocassano.lavocedelpaese.info\/"},{"@type":"ListItem","position":2,"name":"SANTORSOLA: LA DI MEDIO SULLA MONTAGNA \u2026 RUSSA"}]},{"@type":"WebSite","@id":"https:\/\/archiviocassano.lavocedelpaese.info\/#website","url":"https:\/\/archiviocassano.lavocedelpaese.info\/","name":"Archivio CassanoWeb","description":"La Voce del Paese - un network di idee","publisher":{"@id":"https:\/\/archiviocassano.lavocedelpaese.info\/#organization"},"potentialAction":[{"@type":"SearchAction","target":{"@type":"EntryPoint","urlTemplate":"https:\/\/archiviocassano.lavocedelpaese.info\/?s={search_term_string}"},"query-input":{"@type":"PropertyValueSpecification","valueRequired":true,"valueName":"search_term_string"}}],"inLanguage":"it-IT"},{"@type":"Organization","@id":"https:\/\/archiviocassano.lavocedelpaese.info\/#organization","name":"Archivio CassanoWeb","url":"https:\/\/archiviocassano.lavocedelpaese.info\/","logo":{"@type":"ImageObject","inLanguage":"it-IT","@id":"https:\/\/archiviocassano.lavocedelpaese.info\/#\/schema\/logo\/image\/","url":"https:\/\/archiviocassano.lavocedelpaese.info\/wp-content\/uploads\/2024\/08\/logo-rosso-2.png","contentUrl":"https:\/\/archiviocassano.lavocedelpaese.info\/wp-content\/uploads\/2024\/08\/logo-rosso-2.png","width":491,"height":432,"caption":"Archivio CassanoWeb"},"image":{"@id":"https:\/\/archiviocassano.lavocedelpaese.info\/#\/schema\/logo\/image\/"},"sameAs":["https:\/\/www.facebook.com\/redazione.cassanoweb"]},{"@type":"Person","@id":"https:\/\/archiviocassano.lavocedelpaese.info\/#\/schema\/person\/df195bc79a9b4c35127cf005f92e041b","name":"admin","image":{"@type":"ImageObject","inLanguage":"it-IT","@id":"https:\/\/secure.gravatar.com\/avatar\/eabba89a432e8eaa1b0207cc55f7e5340b22712b1ed80677efcf63e02ff5b235?s=96&d=mm&r=g","url":"https:\/\/secure.gravatar.com\/avatar\/eabba89a432e8eaa1b0207cc55f7e5340b22712b1ed80677efcf63e02ff5b235?s=96&d=mm&r=g","contentUrl":"https:\/\/secure.gravatar.com\/avatar\/eabba89a432e8eaa1b0207cc55f7e5340b22712b1ed80677efcf63e02ff5b235?s=96&d=mm&r=g","caption":"admin"},"sameAs":["https:\/\/archiviocassano.lavocedelpaese.info"],"url":"https:\/\/archiviocassano.lavocedelpaese.info\/index.php\/author\/admin_0qgz1xdp\/"}]}},"_links":{"self":[{"href":"https:\/\/archiviocassano.lavocedelpaese.info\/index.php\/wp-json\/wp\/v2\/posts\/4348","targetHints":{"allow":["GET"]}}],"collection":[{"href":"https:\/\/archiviocassano.lavocedelpaese.info\/index.php\/wp-json\/wp\/v2\/posts"}],"about":[{"href":"https:\/\/archiviocassano.lavocedelpaese.info\/index.php\/wp-json\/wp\/v2\/types\/post"}],"author":[{"embeddable":true,"href":"https:\/\/archiviocassano.lavocedelpaese.info\/index.php\/wp-json\/wp\/v2\/users\/1"}],"replies":[{"embeddable":true,"href":"https:\/\/archiviocassano.lavocedelpaese.info\/index.php\/wp-json\/wp\/v2\/comments?post=4348"}],"version-history":[{"count":0,"href":"https:\/\/archiviocassano.lavocedelpaese.info\/index.php\/wp-json\/wp\/v2\/posts\/4348\/revisions"}],"wp:attachment":[{"href":"https:\/\/archiviocassano.lavocedelpaese.info\/index.php\/wp-json\/wp\/v2\/media?parent=4348"}],"wp:term":[{"taxonomy":"category","embeddable":true,"href":"https:\/\/archiviocassano.lavocedelpaese.info\/index.php\/wp-json\/wp\/v2\/categories?post=4348"},{"taxonomy":"post_tag","embeddable":true,"href":"https:\/\/archiviocassano.lavocedelpaese.info\/index.php\/wp-json\/wp\/v2\/tags?post=4348"}],"curies":[{"name":"wp","href":"https:\/\/api.w.org\/{rel}","templated":true}]}}