{"id":4368,"date":"2011-09-05T18:52:03","date_gmt":"2011-09-05T18:52:03","guid":{"rendered":"https:\/\/archiviocassano.lavocedelpaese.info\/index.php\/2011\/09\/05\/santorsola-la-di-medio-si-attivi-e-lasci-stare-le-polemiche\/"},"modified":"2011-09-05T18:52:03","modified_gmt":"2011-09-05T18:52:03","slug":"santorsola-la-di-medio-si-attivi-e-lasci-stare-le-polemiche","status":"publish","type":"post","link":"https:\/\/archiviocassano.lavocedelpaese.info\/index.php\/2011\/09\/05\/santorsola-la-di-medio-si-attivi-e-lasci-stare-le-polemiche\/","title":{"rendered":"SANTORSOLA: \u201cSI CONVOCHI UN CONSIGLIO STRAORDINARIO&#8221;"},"content":{"rendered":"<p><img loading=\"lazy\" decoding=\"async\" class=\" size-full wp-image-1019\" alt=\"SANTORSOLA\" src=\"https:\/\/archiviocassano.lavocedelpaese.info\/wp-content\/uploads\/2010\/02\/SANTORSOLA.jpg\" height=\"150\" width=\"320\" srcset=\"https:\/\/archiviocassano.lavocedelpaese.info\/wp-content\/uploads\/2010\/02\/SANTORSOLA.jpg 640w, https:\/\/archiviocassano.lavocedelpaese.info\/wp-content\/uploads\/2010\/02\/SANTORSOLA-300x141.jpg 300w\" sizes=\"auto, (max-width: 320px) 100vw, 320px\" \/> <\/p>\n<p><!--more--><\/p>\n<p style=\"text-align: justify;\">Questo non \u00e8 il momento delle polemiche, ma quello del comune impegno per affrontare questioni drammaticamente presenti nelle nostre realt\u00e0. Non ci possono essere differenze partitiche o differenti colori quando vanno affrontati e risolti problemi come quello della crescente disoccupazione che da anni aggredisce direttamente e indirettamente il mondo del salotto.<\/p>\n<div style=\"text-align: justify;\"><\/div>\n<p style=\"text-align: justify;\">Ritengo che per poter esprimere un giudizio sereno sul mancato inserimento del nostro Comune nella Delibera Regionale riguardante l&#8217;Accordo di Programma per l&#8217;area della Murgia sul settore del salotto, bisognerebbe conoscerne le ragioni. E questo, oggettivamente, \u00e8 compito dell\u2019Amministrazione in carica che, fra l\u2019altro, ha tutto il diritto e il dovere di utilizzare i canali istituzionali propri per capirne i motivi. Trattasi di svista o di un mancato voluto inserimento? Cosa \u00e8 stato fatto dalla nostra Amministrazione?<\/p>\n<div style=\"text-align: justify;\"><\/div>\n<p style=\"text-align: justify;\">A ben leggere la DGR sulla questione, non \u00e8 solo Cassano che \u201cscompare\u201d, ma addirittura la stessa Matera, in apertura richiamata, ma eliminata nella finale richiesta inoltrata al Ministero\u00a0 dello Sviluppo Economico. Perch\u00e9 Matera appartiene ad altra Regione? Se cos\u00ec \u00e8, allora perch\u00e8 la Regione Puglia l\u2019ha inserita nella parte iniziale della sua Delibera? Anche questi sono aspetti utili a comprendere gli atti regionali. Per queste ragioni dico che \u00e8 fondamentale lasciare da parte le inutili polemiche che ho letto nelle aspre parole del Sindaco Di Medio e agire. Mi chiede cosa fare? Bisognerebbe conoscere se il sindaco Di Medio abbia chiamato in Regione e quali notizie nuove eventualmente avesse avuto. Dall\u2019intervista rilasciata, mi pare di capire che non c\u2019\u00e8 stato molto dialogo.<\/p>\n<div style=\"text-align: justify;\"><\/div>\n<p style=\"text-align: justify;\">A questo punto la proposta potrebbe essere anche la convocazione straordinaria del Consiglio Comunale ed un\u2019auspicabile unanime approvazione di un ordine del giorno che metta al centro la concertazione istituzionale fra i vari enti, ivi compresi quei Comuni inseriti. A tal proposito non si pu\u00f2 ignorare il dato che Cassano, rispetto a Altamura, Ginosa, Laterza e Santeramo in Colle, NON \u00e8 sede di stabilimenti Natuzzi. E forse \u00e8 proprio qui la \u201cchiave\u201d dell\u2019enigma Cassano che, pur contando sul proprio territorio diversi salottifici, non ha dalla sua la possibilit\u00e0 di reclamare per uno stabilimento del Gruppo Natuzzi. Non mi pare essere questa una differenza di scarso rilievo rispetto ad altri.<\/p>\n<div style=\"text-align: justify;\"><\/div>\n<p style=\"text-align: justify;\">Voglio augurarmi che il sindaco Di Medio e lo stesso Assessore alle attivit\u00e0 produttive, Michele Ruggiero, eccessivamente silente su un tema di simile portata, abbiano,\u00a0 gi\u00e0 all\u2019indomani della DGR, avviato l\u2019iter del dialogo, lasciando le sterili polemiche che pure ho letto; polemiche che tutto potranno produrre, tranne che effetti positivi per i nostri lavoratori e il nostro gi\u00e0 martoriato territorio.<\/p>\n<p style=\"text-align: right;\"><em>Teodoro Santorsola<\/em><\/p>\n<p style=\"text-align: right;\"><em>Capogruppo \u201cnuova ideadomani <\/em><\/p>\n","protected":false},"excerpt":{"rendered":"","protected":false},"author":1,"featured_media":1019,"comment_status":"open","ping_status":"closed","sticky":false,"template":"","format":"standard","meta":{"colormag_page_container_layout":"default_layout","colormag_page_sidebar_layout":"default_layout","footnotes":""},"categories":[13],"tags":[],"class_list":["post-4368","post","type-post","status-publish","format-standard","has-post-thumbnail","hentry","category-economia"],"yoast_head":"<!-- This site is optimized with the Yoast SEO plugin v27.5 - https:\/\/yoast.com\/product\/yoast-seo-wordpress\/ -->\n<title>SANTORSOLA: \u201cSI CONVOCHI UN CONSIGLIO STRAORDINARIO&quot; - Archivio CassanoWeb<\/title>\n<meta name=\"robots\" content=\"index, follow, max-snippet:-1, max-image-preview:large, max-video-preview:-1\" \/>\n<link rel=\"canonical\" href=\"https:\/\/archiviocassano.lavocedelpaese.info\/index.php\/2011\/09\/05\/santorsola-la-di-medio-si-attivi-e-lasci-stare-le-polemiche\/\" \/>\n<meta property=\"og:locale\" content=\"it_IT\" \/>\n<meta property=\"og:type\" content=\"article\" \/>\n<meta property=\"og:title\" content=\"SANTORSOLA: \u201cSI CONVOCHI UN CONSIGLIO STRAORDINARIO&quot; - Archivio CassanoWeb\" \/>\n<meta property=\"og:url\" content=\"https:\/\/archiviocassano.lavocedelpaese.info\/index.php\/2011\/09\/05\/santorsola-la-di-medio-si-attivi-e-lasci-stare-le-polemiche\/\" \/>\n<meta property=\"og:site_name\" content=\"Archivio CassanoWeb\" \/>\n<meta property=\"article:publisher\" content=\"https:\/\/www.facebook.com\/redazione.cassanoweb\" \/>\n<meta property=\"article:published_time\" content=\"2011-09-05T18:52:03+00:00\" \/>\n<meta property=\"og:image\" content=\"https:\/\/archiviocassano.lavocedelpaese.info\/wp-content\/uploads\/2010\/02\/SANTORSOLA.jpg\" \/>\n\t<meta property=\"og:image:width\" content=\"640\" \/>\n\t<meta property=\"og:image:height\" content=\"300\" \/>\n\t<meta property=\"og:image:type\" content=\"image\/jpeg\" \/>\n<meta name=\"author\" content=\"admin\" \/>\n<meta name=\"twitter:card\" content=\"summary_large_image\" \/>\n<meta name=\"twitter:label1\" content=\"Scritto da\" \/>\n\t<meta name=\"twitter:data1\" content=\"admin\" \/>\n\t<meta name=\"twitter:label2\" content=\"Tempo di lettura stimato\" \/>\n\t<meta name=\"twitter:data2\" content=\"2 minuti\" \/>\n<script type=\"application\/ld+json\" class=\"yoast-schema-graph\">{\"@context\":\"https:\\\/\\\/schema.org\",\"@graph\":[{\"@type\":\"Article\",\"@id\":\"https:\\\/\\\/archiviocassano.lavocedelpaese.info\\\/index.php\\\/2011\\\/09\\\/05\\\/santorsola-la-di-medio-si-attivi-e-lasci-stare-le-polemiche\\\/#article\",\"isPartOf\":{\"@id\":\"https:\\\/\\\/archiviocassano.lavocedelpaese.info\\\/index.php\\\/2011\\\/09\\\/05\\\/santorsola-la-di-medio-si-attivi-e-lasci-stare-le-polemiche\\\/\"},\"author\":{\"name\":\"admin\",\"@id\":\"https:\\\/\\\/archiviocassano.lavocedelpaese.info\\\/#\\\/schema\\\/person\\\/df195bc79a9b4c35127cf005f92e041b\"},\"headline\":\"SANTORSOLA: \u201cSI CONVOCHI UN CONSIGLIO STRAORDINARIO&#8221;\",\"datePublished\":\"2011-09-05T18:52:03+00:00\",\"mainEntityOfPage\":{\"@id\":\"https:\\\/\\\/archiviocassano.lavocedelpaese.info\\\/index.php\\\/2011\\\/09\\\/05\\\/santorsola-la-di-medio-si-attivi-e-lasci-stare-le-polemiche\\\/\"},\"wordCount\":433,\"commentCount\":0,\"publisher\":{\"@id\":\"https:\\\/\\\/archiviocassano.lavocedelpaese.info\\\/#organization\"},\"image\":{\"@id\":\"https:\\\/\\\/archiviocassano.lavocedelpaese.info\\\/index.php\\\/2011\\\/09\\\/05\\\/santorsola-la-di-medio-si-attivi-e-lasci-stare-le-polemiche\\\/#primaryimage\"},\"thumbnailUrl\":\"https:\\\/\\\/archiviocassano.lavocedelpaese.info\\\/wp-content\\\/uploads\\\/2010\\\/02\\\/SANTORSOLA.jpg\",\"articleSection\":[\"Economia\"],\"inLanguage\":\"it-IT\",\"potentialAction\":[{\"@type\":\"CommentAction\",\"name\":\"Comment\",\"target\":[\"https:\\\/\\\/archiviocassano.lavocedelpaese.info\\\/index.php\\\/2011\\\/09\\\/05\\\/santorsola-la-di-medio-si-attivi-e-lasci-stare-le-polemiche\\\/#respond\"]}]},{\"@type\":\"WebPage\",\"@id\":\"https:\\\/\\\/archiviocassano.lavocedelpaese.info\\\/index.php\\\/2011\\\/09\\\/05\\\/santorsola-la-di-medio-si-attivi-e-lasci-stare-le-polemiche\\\/\",\"url\":\"https:\\\/\\\/archiviocassano.lavocedelpaese.info\\\/index.php\\\/2011\\\/09\\\/05\\\/santorsola-la-di-medio-si-attivi-e-lasci-stare-le-polemiche\\\/\",\"name\":\"SANTORSOLA: \u201cSI CONVOCHI UN CONSIGLIO STRAORDINARIO\\\" - Archivio CassanoWeb\",\"isPartOf\":{\"@id\":\"https:\\\/\\\/archiviocassano.lavocedelpaese.info\\\/#website\"},\"primaryImageOfPage\":{\"@id\":\"https:\\\/\\\/archiviocassano.lavocedelpaese.info\\\/index.php\\\/2011\\\/09\\\/05\\\/santorsola-la-di-medio-si-attivi-e-lasci-stare-le-polemiche\\\/#primaryimage\"},\"image\":{\"@id\":\"https:\\\/\\\/archiviocassano.lavocedelpaese.info\\\/index.php\\\/2011\\\/09\\\/05\\\/santorsola-la-di-medio-si-attivi-e-lasci-stare-le-polemiche\\\/#primaryimage\"},\"thumbnailUrl\":\"https:\\\/\\\/archiviocassano.lavocedelpaese.info\\\/wp-content\\\/uploads\\\/2010\\\/02\\\/SANTORSOLA.jpg\",\"datePublished\":\"2011-09-05T18:52:03+00:00\",\"breadcrumb\":{\"@id\":\"https:\\\/\\\/archiviocassano.lavocedelpaese.info\\\/index.php\\\/2011\\\/09\\\/05\\\/santorsola-la-di-medio-si-attivi-e-lasci-stare-le-polemiche\\\/#breadcrumb\"},\"inLanguage\":\"it-IT\",\"potentialAction\":[{\"@type\":\"ReadAction\",\"target\":[\"https:\\\/\\\/archiviocassano.lavocedelpaese.info\\\/index.php\\\/2011\\\/09\\\/05\\\/santorsola-la-di-medio-si-attivi-e-lasci-stare-le-polemiche\\\/\"]}]},{\"@type\":\"ImageObject\",\"inLanguage\":\"it-IT\",\"@id\":\"https:\\\/\\\/archiviocassano.lavocedelpaese.info\\\/index.php\\\/2011\\\/09\\\/05\\\/santorsola-la-di-medio-si-attivi-e-lasci-stare-le-polemiche\\\/#primaryimage\",\"url\":\"https:\\\/\\\/archiviocassano.lavocedelpaese.info\\\/wp-content\\\/uploads\\\/2010\\\/02\\\/SANTORSOLA.jpg\",\"contentUrl\":\"https:\\\/\\\/archiviocassano.lavocedelpaese.info\\\/wp-content\\\/uploads\\\/2010\\\/02\\\/SANTORSOLA.jpg\",\"width\":640,\"height\":300,\"caption\":\"SANTORSOLA\"},{\"@type\":\"BreadcrumbList\",\"@id\":\"https:\\\/\\\/archiviocassano.lavocedelpaese.info\\\/index.php\\\/2011\\\/09\\\/05\\\/santorsola-la-di-medio-si-attivi-e-lasci-stare-le-polemiche\\\/#breadcrumb\",\"itemListElement\":[{\"@type\":\"ListItem\",\"position\":1,\"name\":\"Home\",\"item\":\"https:\\\/\\\/archiviocassano.lavocedelpaese.info\\\/\"},{\"@type\":\"ListItem\",\"position\":2,\"name\":\"SANTORSOLA: \u201cSI CONVOCHI UN CONSIGLIO STRAORDINARIO&#8221;\"}]},{\"@type\":\"WebSite\",\"@id\":\"https:\\\/\\\/archiviocassano.lavocedelpaese.info\\\/#website\",\"url\":\"https:\\\/\\\/archiviocassano.lavocedelpaese.info\\\/\",\"name\":\"Archivio CassanoWeb\",\"description\":\"La Voce del Paese - un network di idee\",\"publisher\":{\"@id\":\"https:\\\/\\\/archiviocassano.lavocedelpaese.info\\\/#organization\"},\"potentialAction\":[{\"@type\":\"SearchAction\",\"target\":{\"@type\":\"EntryPoint\",\"urlTemplate\":\"https:\\\/\\\/archiviocassano.lavocedelpaese.info\\\/?s={search_term_string}\"},\"query-input\":{\"@type\":\"PropertyValueSpecification\",\"valueRequired\":true,\"valueName\":\"search_term_string\"}}],\"inLanguage\":\"it-IT\"},{\"@type\":\"Organization\",\"@id\":\"https:\\\/\\\/archiviocassano.lavocedelpaese.info\\\/#organization\",\"name\":\"Archivio CassanoWeb\",\"url\":\"https:\\\/\\\/archiviocassano.lavocedelpaese.info\\\/\",\"logo\":{\"@type\":\"ImageObject\",\"inLanguage\":\"it-IT\",\"@id\":\"https:\\\/\\\/archiviocassano.lavocedelpaese.info\\\/#\\\/schema\\\/logo\\\/image\\\/\",\"url\":\"https:\\\/\\\/archiviocassano.lavocedelpaese.info\\\/wp-content\\\/uploads\\\/2024\\\/08\\\/logo-rosso-2.png\",\"contentUrl\":\"https:\\\/\\\/archiviocassano.lavocedelpaese.info\\\/wp-content\\\/uploads\\\/2024\\\/08\\\/logo-rosso-2.png\",\"width\":491,\"height\":432,\"caption\":\"Archivio CassanoWeb\"},\"image\":{\"@id\":\"https:\\\/\\\/archiviocassano.lavocedelpaese.info\\\/#\\\/schema\\\/logo\\\/image\\\/\"},\"sameAs\":[\"https:\\\/\\\/www.facebook.com\\\/redazione.cassanoweb\"]},{\"@type\":\"Person\",\"@id\":\"https:\\\/\\\/archiviocassano.lavocedelpaese.info\\\/#\\\/schema\\\/person\\\/df195bc79a9b4c35127cf005f92e041b\",\"name\":\"admin\",\"image\":{\"@type\":\"ImageObject\",\"inLanguage\":\"it-IT\",\"@id\":\"https:\\\/\\\/secure.gravatar.com\\\/avatar\\\/eabba89a432e8eaa1b0207cc55f7e5340b22712b1ed80677efcf63e02ff5b235?s=96&d=mm&r=g\",\"url\":\"https:\\\/\\\/secure.gravatar.com\\\/avatar\\\/eabba89a432e8eaa1b0207cc55f7e5340b22712b1ed80677efcf63e02ff5b235?s=96&d=mm&r=g\",\"contentUrl\":\"https:\\\/\\\/secure.gravatar.com\\\/avatar\\\/eabba89a432e8eaa1b0207cc55f7e5340b22712b1ed80677efcf63e02ff5b235?s=96&d=mm&r=g\",\"caption\":\"admin\"},\"sameAs\":[\"https:\\\/\\\/archiviocassano.lavocedelpaese.info\"],\"url\":\"https:\\\/\\\/archiviocassano.lavocedelpaese.info\\\/index.php\\\/author\\\/admin_0qgz1xdp\\\/\"}]}<\/script>\n<!-- \/ Yoast SEO plugin. -->","yoast_head_json":{"title":"SANTORSOLA: \u201cSI CONVOCHI UN CONSIGLIO STRAORDINARIO\" - Archivio CassanoWeb","robots":{"index":"index","follow":"follow","max-snippet":"max-snippet:-1","max-image-preview":"max-image-preview:large","max-video-preview":"max-video-preview:-1"},"canonical":"https:\/\/archiviocassano.lavocedelpaese.info\/index.php\/2011\/09\/05\/santorsola-la-di-medio-si-attivi-e-lasci-stare-le-polemiche\/","og_locale":"it_IT","og_type":"article","og_title":"SANTORSOLA: \u201cSI CONVOCHI UN CONSIGLIO STRAORDINARIO\" - Archivio CassanoWeb","og_url":"https:\/\/archiviocassano.lavocedelpaese.info\/index.php\/2011\/09\/05\/santorsola-la-di-medio-si-attivi-e-lasci-stare-le-polemiche\/","og_site_name":"Archivio CassanoWeb","article_publisher":"https:\/\/www.facebook.com\/redazione.cassanoweb","article_published_time":"2011-09-05T18:52:03+00:00","og_image":[{"width":640,"height":300,"url":"https:\/\/archiviocassano.lavocedelpaese.info\/wp-content\/uploads\/2010\/02\/SANTORSOLA.jpg","type":"image\/jpeg"}],"author":"admin","twitter_card":"summary_large_image","twitter_misc":{"Scritto da":"admin","Tempo di lettura stimato":"2 minuti"},"schema":{"@context":"https:\/\/schema.org","@graph":[{"@type":"Article","@id":"https:\/\/archiviocassano.lavocedelpaese.info\/index.php\/2011\/09\/05\/santorsola-la-di-medio-si-attivi-e-lasci-stare-le-polemiche\/#article","isPartOf":{"@id":"https:\/\/archiviocassano.lavocedelpaese.info\/index.php\/2011\/09\/05\/santorsola-la-di-medio-si-attivi-e-lasci-stare-le-polemiche\/"},"author":{"name":"admin","@id":"https:\/\/archiviocassano.lavocedelpaese.info\/#\/schema\/person\/df195bc79a9b4c35127cf005f92e041b"},"headline":"SANTORSOLA: \u201cSI CONVOCHI UN CONSIGLIO STRAORDINARIO&#8221;","datePublished":"2011-09-05T18:52:03+00:00","mainEntityOfPage":{"@id":"https:\/\/archiviocassano.lavocedelpaese.info\/index.php\/2011\/09\/05\/santorsola-la-di-medio-si-attivi-e-lasci-stare-le-polemiche\/"},"wordCount":433,"commentCount":0,"publisher":{"@id":"https:\/\/archiviocassano.lavocedelpaese.info\/#organization"},"image":{"@id":"https:\/\/archiviocassano.lavocedelpaese.info\/index.php\/2011\/09\/05\/santorsola-la-di-medio-si-attivi-e-lasci-stare-le-polemiche\/#primaryimage"},"thumbnailUrl":"https:\/\/archiviocassano.lavocedelpaese.info\/wp-content\/uploads\/2010\/02\/SANTORSOLA.jpg","articleSection":["Economia"],"inLanguage":"it-IT","potentialAction":[{"@type":"CommentAction","name":"Comment","target":["https:\/\/archiviocassano.lavocedelpaese.info\/index.php\/2011\/09\/05\/santorsola-la-di-medio-si-attivi-e-lasci-stare-le-polemiche\/#respond"]}]},{"@type":"WebPage","@id":"https:\/\/archiviocassano.lavocedelpaese.info\/index.php\/2011\/09\/05\/santorsola-la-di-medio-si-attivi-e-lasci-stare-le-polemiche\/","url":"https:\/\/archiviocassano.lavocedelpaese.info\/index.php\/2011\/09\/05\/santorsola-la-di-medio-si-attivi-e-lasci-stare-le-polemiche\/","name":"SANTORSOLA: \u201cSI CONVOCHI UN CONSIGLIO STRAORDINARIO\" - Archivio CassanoWeb","isPartOf":{"@id":"https:\/\/archiviocassano.lavocedelpaese.info\/#website"},"primaryImageOfPage":{"@id":"https:\/\/archiviocassano.lavocedelpaese.info\/index.php\/2011\/09\/05\/santorsola-la-di-medio-si-attivi-e-lasci-stare-le-polemiche\/#primaryimage"},"image":{"@id":"https:\/\/archiviocassano.lavocedelpaese.info\/index.php\/2011\/09\/05\/santorsola-la-di-medio-si-attivi-e-lasci-stare-le-polemiche\/#primaryimage"},"thumbnailUrl":"https:\/\/archiviocassano.lavocedelpaese.info\/wp-content\/uploads\/2010\/02\/SANTORSOLA.jpg","datePublished":"2011-09-05T18:52:03+00:00","breadcrumb":{"@id":"https:\/\/archiviocassano.lavocedelpaese.info\/index.php\/2011\/09\/05\/santorsola-la-di-medio-si-attivi-e-lasci-stare-le-polemiche\/#breadcrumb"},"inLanguage":"it-IT","potentialAction":[{"@type":"ReadAction","target":["https:\/\/archiviocassano.lavocedelpaese.info\/index.php\/2011\/09\/05\/santorsola-la-di-medio-si-attivi-e-lasci-stare-le-polemiche\/"]}]},{"@type":"ImageObject","inLanguage":"it-IT","@id":"https:\/\/archiviocassano.lavocedelpaese.info\/index.php\/2011\/09\/05\/santorsola-la-di-medio-si-attivi-e-lasci-stare-le-polemiche\/#primaryimage","url":"https:\/\/archiviocassano.lavocedelpaese.info\/wp-content\/uploads\/2010\/02\/SANTORSOLA.jpg","contentUrl":"https:\/\/archiviocassano.lavocedelpaese.info\/wp-content\/uploads\/2010\/02\/SANTORSOLA.jpg","width":640,"height":300,"caption":"SANTORSOLA"},{"@type":"BreadcrumbList","@id":"https:\/\/archiviocassano.lavocedelpaese.info\/index.php\/2011\/09\/05\/santorsola-la-di-medio-si-attivi-e-lasci-stare-le-polemiche\/#breadcrumb","itemListElement":[{"@type":"ListItem","position":1,"name":"Home","item":"https:\/\/archiviocassano.lavocedelpaese.info\/"},{"@type":"ListItem","position":2,"name":"SANTORSOLA: \u201cSI CONVOCHI UN CONSIGLIO STRAORDINARIO&#8221;"}]},{"@type":"WebSite","@id":"https:\/\/archiviocassano.lavocedelpaese.info\/#website","url":"https:\/\/archiviocassano.lavocedelpaese.info\/","name":"Archivio CassanoWeb","description":"La Voce del Paese - un network di idee","publisher":{"@id":"https:\/\/archiviocassano.lavocedelpaese.info\/#organization"},"potentialAction":[{"@type":"SearchAction","target":{"@type":"EntryPoint","urlTemplate":"https:\/\/archiviocassano.lavocedelpaese.info\/?s={search_term_string}"},"query-input":{"@type":"PropertyValueSpecification","valueRequired":true,"valueName":"search_term_string"}}],"inLanguage":"it-IT"},{"@type":"Organization","@id":"https:\/\/archiviocassano.lavocedelpaese.info\/#organization","name":"Archivio CassanoWeb","url":"https:\/\/archiviocassano.lavocedelpaese.info\/","logo":{"@type":"ImageObject","inLanguage":"it-IT","@id":"https:\/\/archiviocassano.lavocedelpaese.info\/#\/schema\/logo\/image\/","url":"https:\/\/archiviocassano.lavocedelpaese.info\/wp-content\/uploads\/2024\/08\/logo-rosso-2.png","contentUrl":"https:\/\/archiviocassano.lavocedelpaese.info\/wp-content\/uploads\/2024\/08\/logo-rosso-2.png","width":491,"height":432,"caption":"Archivio CassanoWeb"},"image":{"@id":"https:\/\/archiviocassano.lavocedelpaese.info\/#\/schema\/logo\/image\/"},"sameAs":["https:\/\/www.facebook.com\/redazione.cassanoweb"]},{"@type":"Person","@id":"https:\/\/archiviocassano.lavocedelpaese.info\/#\/schema\/person\/df195bc79a9b4c35127cf005f92e041b","name":"admin","image":{"@type":"ImageObject","inLanguage":"it-IT","@id":"https:\/\/secure.gravatar.com\/avatar\/eabba89a432e8eaa1b0207cc55f7e5340b22712b1ed80677efcf63e02ff5b235?s=96&d=mm&r=g","url":"https:\/\/secure.gravatar.com\/avatar\/eabba89a432e8eaa1b0207cc55f7e5340b22712b1ed80677efcf63e02ff5b235?s=96&d=mm&r=g","contentUrl":"https:\/\/secure.gravatar.com\/avatar\/eabba89a432e8eaa1b0207cc55f7e5340b22712b1ed80677efcf63e02ff5b235?s=96&d=mm&r=g","caption":"admin"},"sameAs":["https:\/\/archiviocassano.lavocedelpaese.info"],"url":"https:\/\/archiviocassano.lavocedelpaese.info\/index.php\/author\/admin_0qgz1xdp\/"}]}},"_links":{"self":[{"href":"https:\/\/archiviocassano.lavocedelpaese.info\/index.php\/wp-json\/wp\/v2\/posts\/4368","targetHints":{"allow":["GET"]}}],"collection":[{"href":"https:\/\/archiviocassano.lavocedelpaese.info\/index.php\/wp-json\/wp\/v2\/posts"}],"about":[{"href":"https:\/\/archiviocassano.lavocedelpaese.info\/index.php\/wp-json\/wp\/v2\/types\/post"}],"author":[{"embeddable":true,"href":"https:\/\/archiviocassano.lavocedelpaese.info\/index.php\/wp-json\/wp\/v2\/users\/1"}],"replies":[{"embeddable":true,"href":"https:\/\/archiviocassano.lavocedelpaese.info\/index.php\/wp-json\/wp\/v2\/comments?post=4368"}],"version-history":[{"count":0,"href":"https:\/\/archiviocassano.lavocedelpaese.info\/index.php\/wp-json\/wp\/v2\/posts\/4368\/revisions"}],"wp:featuredmedia":[{"embeddable":true,"href":"https:\/\/archiviocassano.lavocedelpaese.info\/index.php\/wp-json\/wp\/v2\/media\/1019"}],"wp:attachment":[{"href":"https:\/\/archiviocassano.lavocedelpaese.info\/index.php\/wp-json\/wp\/v2\/media?parent=4368"}],"wp:term":[{"taxonomy":"category","embeddable":true,"href":"https:\/\/archiviocassano.lavocedelpaese.info\/index.php\/wp-json\/wp\/v2\/categories?post=4368"},{"taxonomy":"post_tag","embeddable":true,"href":"https:\/\/archiviocassano.lavocedelpaese.info\/index.php\/wp-json\/wp\/v2\/tags?post=4368"}],"curies":[{"name":"wp","href":"https:\/\/api.w.org\/{rel}","templated":true}]}}