{"id":4567,"date":"2011-10-14T15:54:50","date_gmt":"2011-10-14T15:54:50","guid":{"rendered":"https:\/\/archiviocassano.lavocedelpaese.info\/index.php\/2011\/10\/14\/associazioni-non-e-il-contributo-a-definirne-il-valore\/"},"modified":"2011-10-14T15:54:50","modified_gmt":"2011-10-14T15:54:50","slug":"associazioni-non-e-il-contributo-a-definirne-il-valore","status":"publish","type":"post","link":"https:\/\/archiviocassano.lavocedelpaese.info\/index.php\/2011\/10\/14\/associazioni-non-e-il-contributo-a-definirne-il-valore\/","title":{"rendered":"ASSOCIAZIONI: NON SIA IL DENARO A DEFINIRNE IL VALORE"},"content":{"rendered":"<p><img loading=\"lazy\" decoding=\"async\" class=\" size-full wp-image-3748\" alt=\"ignazio_zullo_1\" src=\"https:\/\/archiviocassano.lavocedelpaese.info\/wp-content\/uploads\/2011\/04\/ignazio_zullo_1.jpg\" height=\"150\" width=\"320\" srcset=\"https:\/\/archiviocassano.lavocedelpaese.info\/wp-content\/uploads\/2011\/04\/ignazio_zullo_1.jpg 640w, https:\/\/archiviocassano.lavocedelpaese.info\/wp-content\/uploads\/2011\/04\/ignazio_zullo_1-300x141.jpg 300w\" sizes=\"auto, (max-width: 320px) 100vw, 320px\" \/> <\/p>\n<p><!--more--><\/p>\n<p><em>Il Presidente del Consiglio Comunale, Ignazio Zullo ha inviato un contributo di riflessione al sito di informazione on-line Cassanolive, inviandola anche alle altre testate giornalistiche locali con preghiera di pubblicazione.<\/em><\/p>\n<p style=\"text-align: justify;\">Cara redazione di Cassanolive, non tocca a me ringraziare per la pubblicit\u00e0 gratuita fatta alla manifestazione &#8220;Profumi e Sapori d&#8217;autunno&#8221; organizzata dall&#8217;Associazione Ferventazione; a me tocca semmai alimentare tale pubblicit\u00e0 e per questo Vi chiedo di pubblicare entro domattina, data dell&#8217;evento, questo mio modesto contributo con lo scopo di dar vita ad un dibattito foriero di ancor pi\u00f9 pubblicit\u00e0.<\/p>\n<div style=\"text-align: justify;\"><\/div>\n<p style=\"text-align: justify;\">Sono tra coloro che rifuggono dalla cultura del sospetto e che guardano alle valutazioni complessive dei fenomeni scevri da condizionamenti di sorta e abituati a verificare i risultati di un&#8217;attivit\u00e0 o di una competizione per analizzarne ritorni e vantaggi per la collettivit\u00e0.<\/p>\n<div style=\"text-align: justify;\"><\/div>\n<p style=\"text-align: justify;\">Tutte le associazioni hanno un&#8217;ispirazione e gravitano in un&#8217;orbita che pu\u00f2 essere coincidente con un personaggio o una persona oppure con un&#8217;ideologia, un sentire, un credo e cos\u00ec via. Valutare un contributo partendo da questo dato pu\u00f2 maldestramente indurre in errore il lettore perch\u00e8 l&#8217;Associazione con l&#8217;attivit\u00e0 che svolge e con l&#8217;entit\u00e0 del contributo va valutata in funzione del progetto che propone, dei campi di attivit\u00e0 che interseca, degli obbiettivi che si prefigge, delle possibilit\u00e0 di intercettare fondi pubblici e privati.<\/p>\n<div style=\"text-align: justify;\"><\/div>\n<p style=\"text-align: justify;\">Dare l&#8217;idea di una competizione tra Associazioni finalizzata semplicemente a primeggiare nell&#8217;ottenimento di contributi pubblici \u00e8 semplicistico e non porta costrutto.<\/p>\n<div style=\"text-align: justify;\"><\/div>\n<p style=\"text-align: justify;\">Comparare la &#8220;Notte del Grillaio&#8221; a &#8220;Profumi e Sapori d&#8217;Autunno&#8221; e viceversa semplicemente sull&#8217;entit\u00e0 del contributo del Comune \u00e8 un errore che rischia di sminuire l&#8217;elevata valenza e le lungimiranti prospettive dell&#8217;una e dell&#8217;altra manifestazione. Si tratta di due progetti che, per come io possa conoscerli, sono da considerarsi diversi per campi di attivit\u00e0, obiettivi e budget derivante da fondi pubblici ( non solo quelli del Comune ) e privati.<\/p>\n<div style=\"text-align: justify;\"><\/div>\n<p style=\"text-align: justify;\">E che siano campi di attivit\u00e0 diversi lo deduco proprio da ci\u00f2 che la redazione ha posto in evidenza e cio\u00e8 che i soldi provengono dai capitoli del Bilancio comunale destinati ad \u201cinterventi mirati in agricoltura e a \u201ctrasferimenti per iniziative diverse nel campo agricolo\u201d.<\/p>\n<div style=\"text-align: justify;\"><\/div>\n<p style=\"text-align: justify;\">E&#8217; un dato importante nel senso che &#8220;Profumi e Sapori d&#8217;Autunno&#8221; mira, tra l&#8217;altro, anche a valorizzare un settore vitale dell&#8217;economia cassanese in grave sofferenza e ci\u00f2 va considerato un vanto per l&#8217;Amministrazione Di Medio.<\/p>\n<div style=\"text-align: justify;\"><\/div>\n<p style=\"text-align: justify;\">Il ministro Romano? Non mi risulta che il Ministro venga contrattualizzato e pertanto, pena il rischio di un risarcimento, tenuto ad assicurare la presenza ad ogni costo. Pu\u00f2 capitare qualche volta ad un Ministro di non poter essere presente a Cassano per contrattempi o altri impegni.<\/p>\n<div style=\"text-align: justify;\"><\/div>\n<p style=\"text-align: justify;\">Sminuire l&#8217;enfasi e la gioia con la quale un&#8217;Associazione annuncia con orgoglio la presenza di un Ministro mi sembra ingeneroso nei confronti di chi opera e dimostra quanto sia facile stare alla finestra e fare opera di cecchinaggio sugli imprevisti e le disavventure che capitano a chi fa e si impegna.<\/p>\n<div style=\"text-align: justify;\"><\/div>\n<p style=\"text-align: justify;\">Pensare poi che l&#8217;annuncio di un Ministro determini l&#8217;entit\u00e0 del contributo al di l\u00e0 della valutazione complessiva del progetto \u00e8, a mio modesto modo di vedere, sintomo di povert\u00e0 culturale.<\/p>\n<div style=\"text-align: justify;\"><\/div>\n<p style=\"text-align: justify;\">L&#8217;arroganza? L&#8217;arroganza non \u00e8 mai in chi opera volontariamente e in chi si danna l&#8217;anima per fare qualcosa per Cassano, magari anche sbagliando. L&#8217;errore ci pu\u00f2 stare. L&#8217;arroganza \u00e8 in chi crede di avere il diritto di giudicare tutto e tutti senza aver ascoltato le ragioni dell&#8217;altro.<\/p>\n<div style=\"text-align: justify;\"><\/div>\n<p style=\"text-align: justify;\">C&#8217;\u00e8 un capitolo che la Redazione non coglie e che invece per me rappresenta un percorso da intraprendere ineludibilmente nel confronto politico-istituzionale perch\u00e8 pu\u00f2 aiutare a migliorare. E&#8217; la verifica dei risultati e del corretto impiego delle risorse finanziarie derivanti dalla contribuzione pubblica in funzione dell&#8217;efficienza, dell&#8217;efficacia e dell&#8217;economicit\u00e0 della spesa e il coinvolgimento totale di tutte le Associazioni che operano a Cassano.<\/p>\n<div style=\"text-align: justify;\"><\/div>\n<p style=\"text-align: justify;\">E&#8217; il cammino che ha intrapreso la II Commissione con il Presidente Giulia Masiello alla quale va riconosciuto non solo il senso di responsabilit\u00e0 ma anche la maturit\u00e0 di non lasciarsi incartare nel teatrino della politica inscenato su certi siti WEB locali.<\/p>\n<div style=\"text-align: justify;\"><\/div>\n<p style=\"text-align: justify;\">Credo che al termine di questo cammino si potranno tirare le somme e capire anche i perch\u00e9 delle cooperazioni e delle avversioni e trovare sinergie affinch\u00e9 nessuna Associazione resti al palo ed esclusa dalle opportunit\u00e0 che Cassano pu\u00f2 offrire.<\/p>\n","protected":false},"excerpt":{"rendered":"","protected":false},"author":1,"featured_media":3748,"comment_status":"open","ping_status":"closed","sticky":false,"template":"","format":"standard","meta":{"colormag_page_container_layout":"default_layout","colormag_page_sidebar_layout":"default_layout","footnotes":""},"categories":[9],"tags":[],"class_list":["post-4567","post","type-post","status-publish","format-standard","has-post-thumbnail","hentry","category-la-voce-del-paese"],"yoast_head":"<!-- This site is optimized with the Yoast SEO plugin v27.5 - https:\/\/yoast.com\/product\/yoast-seo-wordpress\/ -->\n<title>ASSOCIAZIONI: NON SIA IL DENARO A DEFINIRNE IL VALORE - Archivio CassanoWeb<\/title>\n<meta name=\"robots\" content=\"index, follow, max-snippet:-1, max-image-preview:large, max-video-preview:-1\" \/>\n<link rel=\"canonical\" href=\"https:\/\/archiviocassano.lavocedelpaese.info\/index.php\/2011\/10\/14\/associazioni-non-e-il-contributo-a-definirne-il-valore\/\" \/>\n<meta property=\"og:locale\" content=\"it_IT\" \/>\n<meta property=\"og:type\" content=\"article\" \/>\n<meta property=\"og:title\" content=\"ASSOCIAZIONI: NON SIA IL DENARO A DEFINIRNE IL VALORE - Archivio CassanoWeb\" \/>\n<meta property=\"og:url\" content=\"https:\/\/archiviocassano.lavocedelpaese.info\/index.php\/2011\/10\/14\/associazioni-non-e-il-contributo-a-definirne-il-valore\/\" \/>\n<meta property=\"og:site_name\" content=\"Archivio CassanoWeb\" \/>\n<meta property=\"article:publisher\" content=\"https:\/\/www.facebook.com\/redazione.cassanoweb\" \/>\n<meta property=\"article:published_time\" content=\"2011-10-14T15:54:50+00:00\" \/>\n<meta property=\"og:image\" content=\"https:\/\/archiviocassano.lavocedelpaese.info\/wp-content\/uploads\/2011\/04\/ignazio_zullo_1.jpg\" \/>\n\t<meta property=\"og:image:width\" content=\"640\" \/>\n\t<meta property=\"og:image:height\" content=\"300\" \/>\n\t<meta property=\"og:image:type\" content=\"image\/jpeg\" \/>\n<meta name=\"author\" content=\"admin\" \/>\n<meta name=\"twitter:card\" content=\"summary_large_image\" \/>\n<meta name=\"twitter:label1\" content=\"Scritto da\" \/>\n\t<meta name=\"twitter:data1\" content=\"admin\" \/>\n\t<meta name=\"twitter:label2\" content=\"Tempo di lettura stimato\" \/>\n\t<meta name=\"twitter:data2\" content=\"3 minuti\" \/>\n<script type=\"application\/ld+json\" class=\"yoast-schema-graph\">{\"@context\":\"https:\\\/\\\/schema.org\",\"@graph\":[{\"@type\":\"Article\",\"@id\":\"https:\\\/\\\/archiviocassano.lavocedelpaese.info\\\/index.php\\\/2011\\\/10\\\/14\\\/associazioni-non-e-il-contributo-a-definirne-il-valore\\\/#article\",\"isPartOf\":{\"@id\":\"https:\\\/\\\/archiviocassano.lavocedelpaese.info\\\/index.php\\\/2011\\\/10\\\/14\\\/associazioni-non-e-il-contributo-a-definirne-il-valore\\\/\"},\"author\":{\"name\":\"admin\",\"@id\":\"https:\\\/\\\/archiviocassano.lavocedelpaese.info\\\/#\\\/schema\\\/person\\\/df195bc79a9b4c35127cf005f92e041b\"},\"headline\":\"ASSOCIAZIONI: NON SIA IL DENARO A DEFINIRNE IL VALORE\",\"datePublished\":\"2011-10-14T15:54:50+00:00\",\"mainEntityOfPage\":{\"@id\":\"https:\\\/\\\/archiviocassano.lavocedelpaese.info\\\/index.php\\\/2011\\\/10\\\/14\\\/associazioni-non-e-il-contributo-a-definirne-il-valore\\\/\"},\"wordCount\":737,\"commentCount\":0,\"publisher\":{\"@id\":\"https:\\\/\\\/archiviocassano.lavocedelpaese.info\\\/#organization\"},\"image\":{\"@id\":\"https:\\\/\\\/archiviocassano.lavocedelpaese.info\\\/index.php\\\/2011\\\/10\\\/14\\\/associazioni-non-e-il-contributo-a-definirne-il-valore\\\/#primaryimage\"},\"thumbnailUrl\":\"https:\\\/\\\/archiviocassano.lavocedelpaese.info\\\/wp-content\\\/uploads\\\/2011\\\/04\\\/ignazio_zullo_1.jpg\",\"articleSection\":[\"La voce del paese\"],\"inLanguage\":\"it-IT\",\"potentialAction\":[{\"@type\":\"CommentAction\",\"name\":\"Comment\",\"target\":[\"https:\\\/\\\/archiviocassano.lavocedelpaese.info\\\/index.php\\\/2011\\\/10\\\/14\\\/associazioni-non-e-il-contributo-a-definirne-il-valore\\\/#respond\"]}]},{\"@type\":\"WebPage\",\"@id\":\"https:\\\/\\\/archiviocassano.lavocedelpaese.info\\\/index.php\\\/2011\\\/10\\\/14\\\/associazioni-non-e-il-contributo-a-definirne-il-valore\\\/\",\"url\":\"https:\\\/\\\/archiviocassano.lavocedelpaese.info\\\/index.php\\\/2011\\\/10\\\/14\\\/associazioni-non-e-il-contributo-a-definirne-il-valore\\\/\",\"name\":\"ASSOCIAZIONI: NON SIA IL DENARO A DEFINIRNE IL VALORE - Archivio CassanoWeb\",\"isPartOf\":{\"@id\":\"https:\\\/\\\/archiviocassano.lavocedelpaese.info\\\/#website\"},\"primaryImageOfPage\":{\"@id\":\"https:\\\/\\\/archiviocassano.lavocedelpaese.info\\\/index.php\\\/2011\\\/10\\\/14\\\/associazioni-non-e-il-contributo-a-definirne-il-valore\\\/#primaryimage\"},\"image\":{\"@id\":\"https:\\\/\\\/archiviocassano.lavocedelpaese.info\\\/index.php\\\/2011\\\/10\\\/14\\\/associazioni-non-e-il-contributo-a-definirne-il-valore\\\/#primaryimage\"},\"thumbnailUrl\":\"https:\\\/\\\/archiviocassano.lavocedelpaese.info\\\/wp-content\\\/uploads\\\/2011\\\/04\\\/ignazio_zullo_1.jpg\",\"datePublished\":\"2011-10-14T15:54:50+00:00\",\"breadcrumb\":{\"@id\":\"https:\\\/\\\/archiviocassano.lavocedelpaese.info\\\/index.php\\\/2011\\\/10\\\/14\\\/associazioni-non-e-il-contributo-a-definirne-il-valore\\\/#breadcrumb\"},\"inLanguage\":\"it-IT\",\"potentialAction\":[{\"@type\":\"ReadAction\",\"target\":[\"https:\\\/\\\/archiviocassano.lavocedelpaese.info\\\/index.php\\\/2011\\\/10\\\/14\\\/associazioni-non-e-il-contributo-a-definirne-il-valore\\\/\"]}]},{\"@type\":\"ImageObject\",\"inLanguage\":\"it-IT\",\"@id\":\"https:\\\/\\\/archiviocassano.lavocedelpaese.info\\\/index.php\\\/2011\\\/10\\\/14\\\/associazioni-non-e-il-contributo-a-definirne-il-valore\\\/#primaryimage\",\"url\":\"https:\\\/\\\/archiviocassano.lavocedelpaese.info\\\/wp-content\\\/uploads\\\/2011\\\/04\\\/ignazio_zullo_1.jpg\",\"contentUrl\":\"https:\\\/\\\/archiviocassano.lavocedelpaese.info\\\/wp-content\\\/uploads\\\/2011\\\/04\\\/ignazio_zullo_1.jpg\",\"width\":640,\"height\":300,\"caption\":\"ignazio_zullo_1\"},{\"@type\":\"BreadcrumbList\",\"@id\":\"https:\\\/\\\/archiviocassano.lavocedelpaese.info\\\/index.php\\\/2011\\\/10\\\/14\\\/associazioni-non-e-il-contributo-a-definirne-il-valore\\\/#breadcrumb\",\"itemListElement\":[{\"@type\":\"ListItem\",\"position\":1,\"name\":\"Home\",\"item\":\"https:\\\/\\\/archiviocassano.lavocedelpaese.info\\\/\"},{\"@type\":\"ListItem\",\"position\":2,\"name\":\"ASSOCIAZIONI: NON SIA IL DENARO A DEFINIRNE IL VALORE\"}]},{\"@type\":\"WebSite\",\"@id\":\"https:\\\/\\\/archiviocassano.lavocedelpaese.info\\\/#website\",\"url\":\"https:\\\/\\\/archiviocassano.lavocedelpaese.info\\\/\",\"name\":\"Archivio CassanoWeb\",\"description\":\"La Voce del Paese - un network di idee\",\"publisher\":{\"@id\":\"https:\\\/\\\/archiviocassano.lavocedelpaese.info\\\/#organization\"},\"potentialAction\":[{\"@type\":\"SearchAction\",\"target\":{\"@type\":\"EntryPoint\",\"urlTemplate\":\"https:\\\/\\\/archiviocassano.lavocedelpaese.info\\\/?s={search_term_string}\"},\"query-input\":{\"@type\":\"PropertyValueSpecification\",\"valueRequired\":true,\"valueName\":\"search_term_string\"}}],\"inLanguage\":\"it-IT\"},{\"@type\":\"Organization\",\"@id\":\"https:\\\/\\\/archiviocassano.lavocedelpaese.info\\\/#organization\",\"name\":\"Archivio CassanoWeb\",\"url\":\"https:\\\/\\\/archiviocassano.lavocedelpaese.info\\\/\",\"logo\":{\"@type\":\"ImageObject\",\"inLanguage\":\"it-IT\",\"@id\":\"https:\\\/\\\/archiviocassano.lavocedelpaese.info\\\/#\\\/schema\\\/logo\\\/image\\\/\",\"url\":\"https:\\\/\\\/archiviocassano.lavocedelpaese.info\\\/wp-content\\\/uploads\\\/2024\\\/08\\\/logo-rosso-2.png\",\"contentUrl\":\"https:\\\/\\\/archiviocassano.lavocedelpaese.info\\\/wp-content\\\/uploads\\\/2024\\\/08\\\/logo-rosso-2.png\",\"width\":491,\"height\":432,\"caption\":\"Archivio CassanoWeb\"},\"image\":{\"@id\":\"https:\\\/\\\/archiviocassano.lavocedelpaese.info\\\/#\\\/schema\\\/logo\\\/image\\\/\"},\"sameAs\":[\"https:\\\/\\\/www.facebook.com\\\/redazione.cassanoweb\"]},{\"@type\":\"Person\",\"@id\":\"https:\\\/\\\/archiviocassano.lavocedelpaese.info\\\/#\\\/schema\\\/person\\\/df195bc79a9b4c35127cf005f92e041b\",\"name\":\"admin\",\"image\":{\"@type\":\"ImageObject\",\"inLanguage\":\"it-IT\",\"@id\":\"https:\\\/\\\/secure.gravatar.com\\\/avatar\\\/eabba89a432e8eaa1b0207cc55f7e5340b22712b1ed80677efcf63e02ff5b235?s=96&d=mm&r=g\",\"url\":\"https:\\\/\\\/secure.gravatar.com\\\/avatar\\\/eabba89a432e8eaa1b0207cc55f7e5340b22712b1ed80677efcf63e02ff5b235?s=96&d=mm&r=g\",\"contentUrl\":\"https:\\\/\\\/secure.gravatar.com\\\/avatar\\\/eabba89a432e8eaa1b0207cc55f7e5340b22712b1ed80677efcf63e02ff5b235?s=96&d=mm&r=g\",\"caption\":\"admin\"},\"sameAs\":[\"https:\\\/\\\/archiviocassano.lavocedelpaese.info\"],\"url\":\"https:\\\/\\\/archiviocassano.lavocedelpaese.info\\\/index.php\\\/author\\\/admin_0qgz1xdp\\\/\"}]}<\/script>\n<!-- \/ Yoast SEO plugin. -->","yoast_head_json":{"title":"ASSOCIAZIONI: NON SIA IL DENARO A DEFINIRNE IL VALORE - Archivio CassanoWeb","robots":{"index":"index","follow":"follow","max-snippet":"max-snippet:-1","max-image-preview":"max-image-preview:large","max-video-preview":"max-video-preview:-1"},"canonical":"https:\/\/archiviocassano.lavocedelpaese.info\/index.php\/2011\/10\/14\/associazioni-non-e-il-contributo-a-definirne-il-valore\/","og_locale":"it_IT","og_type":"article","og_title":"ASSOCIAZIONI: NON SIA IL DENARO A DEFINIRNE IL VALORE - Archivio CassanoWeb","og_url":"https:\/\/archiviocassano.lavocedelpaese.info\/index.php\/2011\/10\/14\/associazioni-non-e-il-contributo-a-definirne-il-valore\/","og_site_name":"Archivio CassanoWeb","article_publisher":"https:\/\/www.facebook.com\/redazione.cassanoweb","article_published_time":"2011-10-14T15:54:50+00:00","og_image":[{"width":640,"height":300,"url":"https:\/\/archiviocassano.lavocedelpaese.info\/wp-content\/uploads\/2011\/04\/ignazio_zullo_1.jpg","type":"image\/jpeg"}],"author":"admin","twitter_card":"summary_large_image","twitter_misc":{"Scritto da":"admin","Tempo di lettura stimato":"3 minuti"},"schema":{"@context":"https:\/\/schema.org","@graph":[{"@type":"Article","@id":"https:\/\/archiviocassano.lavocedelpaese.info\/index.php\/2011\/10\/14\/associazioni-non-e-il-contributo-a-definirne-il-valore\/#article","isPartOf":{"@id":"https:\/\/archiviocassano.lavocedelpaese.info\/index.php\/2011\/10\/14\/associazioni-non-e-il-contributo-a-definirne-il-valore\/"},"author":{"name":"admin","@id":"https:\/\/archiviocassano.lavocedelpaese.info\/#\/schema\/person\/df195bc79a9b4c35127cf005f92e041b"},"headline":"ASSOCIAZIONI: NON SIA IL DENARO A DEFINIRNE IL VALORE","datePublished":"2011-10-14T15:54:50+00:00","mainEntityOfPage":{"@id":"https:\/\/archiviocassano.lavocedelpaese.info\/index.php\/2011\/10\/14\/associazioni-non-e-il-contributo-a-definirne-il-valore\/"},"wordCount":737,"commentCount":0,"publisher":{"@id":"https:\/\/archiviocassano.lavocedelpaese.info\/#organization"},"image":{"@id":"https:\/\/archiviocassano.lavocedelpaese.info\/index.php\/2011\/10\/14\/associazioni-non-e-il-contributo-a-definirne-il-valore\/#primaryimage"},"thumbnailUrl":"https:\/\/archiviocassano.lavocedelpaese.info\/wp-content\/uploads\/2011\/04\/ignazio_zullo_1.jpg","articleSection":["La voce del paese"],"inLanguage":"it-IT","potentialAction":[{"@type":"CommentAction","name":"Comment","target":["https:\/\/archiviocassano.lavocedelpaese.info\/index.php\/2011\/10\/14\/associazioni-non-e-il-contributo-a-definirne-il-valore\/#respond"]}]},{"@type":"WebPage","@id":"https:\/\/archiviocassano.lavocedelpaese.info\/index.php\/2011\/10\/14\/associazioni-non-e-il-contributo-a-definirne-il-valore\/","url":"https:\/\/archiviocassano.lavocedelpaese.info\/index.php\/2011\/10\/14\/associazioni-non-e-il-contributo-a-definirne-il-valore\/","name":"ASSOCIAZIONI: NON SIA IL DENARO A DEFINIRNE IL VALORE - Archivio CassanoWeb","isPartOf":{"@id":"https:\/\/archiviocassano.lavocedelpaese.info\/#website"},"primaryImageOfPage":{"@id":"https:\/\/archiviocassano.lavocedelpaese.info\/index.php\/2011\/10\/14\/associazioni-non-e-il-contributo-a-definirne-il-valore\/#primaryimage"},"image":{"@id":"https:\/\/archiviocassano.lavocedelpaese.info\/index.php\/2011\/10\/14\/associazioni-non-e-il-contributo-a-definirne-il-valore\/#primaryimage"},"thumbnailUrl":"https:\/\/archiviocassano.lavocedelpaese.info\/wp-content\/uploads\/2011\/04\/ignazio_zullo_1.jpg","datePublished":"2011-10-14T15:54:50+00:00","breadcrumb":{"@id":"https:\/\/archiviocassano.lavocedelpaese.info\/index.php\/2011\/10\/14\/associazioni-non-e-il-contributo-a-definirne-il-valore\/#breadcrumb"},"inLanguage":"it-IT","potentialAction":[{"@type":"ReadAction","target":["https:\/\/archiviocassano.lavocedelpaese.info\/index.php\/2011\/10\/14\/associazioni-non-e-il-contributo-a-definirne-il-valore\/"]}]},{"@type":"ImageObject","inLanguage":"it-IT","@id":"https:\/\/archiviocassano.lavocedelpaese.info\/index.php\/2011\/10\/14\/associazioni-non-e-il-contributo-a-definirne-il-valore\/#primaryimage","url":"https:\/\/archiviocassano.lavocedelpaese.info\/wp-content\/uploads\/2011\/04\/ignazio_zullo_1.jpg","contentUrl":"https:\/\/archiviocassano.lavocedelpaese.info\/wp-content\/uploads\/2011\/04\/ignazio_zullo_1.jpg","width":640,"height":300,"caption":"ignazio_zullo_1"},{"@type":"BreadcrumbList","@id":"https:\/\/archiviocassano.lavocedelpaese.info\/index.php\/2011\/10\/14\/associazioni-non-e-il-contributo-a-definirne-il-valore\/#breadcrumb","itemListElement":[{"@type":"ListItem","position":1,"name":"Home","item":"https:\/\/archiviocassano.lavocedelpaese.info\/"},{"@type":"ListItem","position":2,"name":"ASSOCIAZIONI: NON SIA IL DENARO A DEFINIRNE IL VALORE"}]},{"@type":"WebSite","@id":"https:\/\/archiviocassano.lavocedelpaese.info\/#website","url":"https:\/\/archiviocassano.lavocedelpaese.info\/","name":"Archivio CassanoWeb","description":"La Voce del Paese - un network di idee","publisher":{"@id":"https:\/\/archiviocassano.lavocedelpaese.info\/#organization"},"potentialAction":[{"@type":"SearchAction","target":{"@type":"EntryPoint","urlTemplate":"https:\/\/archiviocassano.lavocedelpaese.info\/?s={search_term_string}"},"query-input":{"@type":"PropertyValueSpecification","valueRequired":true,"valueName":"search_term_string"}}],"inLanguage":"it-IT"},{"@type":"Organization","@id":"https:\/\/archiviocassano.lavocedelpaese.info\/#organization","name":"Archivio CassanoWeb","url":"https:\/\/archiviocassano.lavocedelpaese.info\/","logo":{"@type":"ImageObject","inLanguage":"it-IT","@id":"https:\/\/archiviocassano.lavocedelpaese.info\/#\/schema\/logo\/image\/","url":"https:\/\/archiviocassano.lavocedelpaese.info\/wp-content\/uploads\/2024\/08\/logo-rosso-2.png","contentUrl":"https:\/\/archiviocassano.lavocedelpaese.info\/wp-content\/uploads\/2024\/08\/logo-rosso-2.png","width":491,"height":432,"caption":"Archivio CassanoWeb"},"image":{"@id":"https:\/\/archiviocassano.lavocedelpaese.info\/#\/schema\/logo\/image\/"},"sameAs":["https:\/\/www.facebook.com\/redazione.cassanoweb"]},{"@type":"Person","@id":"https:\/\/archiviocassano.lavocedelpaese.info\/#\/schema\/person\/df195bc79a9b4c35127cf005f92e041b","name":"admin","image":{"@type":"ImageObject","inLanguage":"it-IT","@id":"https:\/\/secure.gravatar.com\/avatar\/eabba89a432e8eaa1b0207cc55f7e5340b22712b1ed80677efcf63e02ff5b235?s=96&d=mm&r=g","url":"https:\/\/secure.gravatar.com\/avatar\/eabba89a432e8eaa1b0207cc55f7e5340b22712b1ed80677efcf63e02ff5b235?s=96&d=mm&r=g","contentUrl":"https:\/\/secure.gravatar.com\/avatar\/eabba89a432e8eaa1b0207cc55f7e5340b22712b1ed80677efcf63e02ff5b235?s=96&d=mm&r=g","caption":"admin"},"sameAs":["https:\/\/archiviocassano.lavocedelpaese.info"],"url":"https:\/\/archiviocassano.lavocedelpaese.info\/index.php\/author\/admin_0qgz1xdp\/"}]}},"_links":{"self":[{"href":"https:\/\/archiviocassano.lavocedelpaese.info\/index.php\/wp-json\/wp\/v2\/posts\/4567","targetHints":{"allow":["GET"]}}],"collection":[{"href":"https:\/\/archiviocassano.lavocedelpaese.info\/index.php\/wp-json\/wp\/v2\/posts"}],"about":[{"href":"https:\/\/archiviocassano.lavocedelpaese.info\/index.php\/wp-json\/wp\/v2\/types\/post"}],"author":[{"embeddable":true,"href":"https:\/\/archiviocassano.lavocedelpaese.info\/index.php\/wp-json\/wp\/v2\/users\/1"}],"replies":[{"embeddable":true,"href":"https:\/\/archiviocassano.lavocedelpaese.info\/index.php\/wp-json\/wp\/v2\/comments?post=4567"}],"version-history":[{"count":0,"href":"https:\/\/archiviocassano.lavocedelpaese.info\/index.php\/wp-json\/wp\/v2\/posts\/4567\/revisions"}],"wp:featuredmedia":[{"embeddable":true,"href":"https:\/\/archiviocassano.lavocedelpaese.info\/index.php\/wp-json\/wp\/v2\/media\/3748"}],"wp:attachment":[{"href":"https:\/\/archiviocassano.lavocedelpaese.info\/index.php\/wp-json\/wp\/v2\/media?parent=4567"}],"wp:term":[{"taxonomy":"category","embeddable":true,"href":"https:\/\/archiviocassano.lavocedelpaese.info\/index.php\/wp-json\/wp\/v2\/categories?post=4567"},{"taxonomy":"post_tag","embeddable":true,"href":"https:\/\/archiviocassano.lavocedelpaese.info\/index.php\/wp-json\/wp\/v2\/tags?post=4567"}],"curies":[{"name":"wp","href":"https:\/\/api.w.org\/{rel}","templated":true}]}}