{"id":4606,"date":"2011-10-22T19:10:08","date_gmt":"2011-10-22T19:10:08","guid":{"rendered":"https:\/\/archiviocassano.lavocedelpaese.info\/index.php\/2011\/10\/22\/debellis-giovane-fotografo-a-caccia-di-voti\/"},"modified":"2011-10-22T19:10:08","modified_gmt":"2011-10-22T19:10:08","slug":"debellis-giovane-fotografo-a-caccia-di-voti","status":"publish","type":"post","link":"https:\/\/archiviocassano.lavocedelpaese.info\/index.php\/2011\/10\/22\/debellis-giovane-fotografo-a-caccia-di-voti\/","title":{"rendered":"DE BELLIS: GIOVANE FOTOGRAFO A CACCIA DI VOTI"},"content":{"rendered":"<p><img loading=\"lazy\" decoding=\"async\" class=\" size-full wp-image-4605\" alt=\"sebastian_debellis\" src=\"https:\/\/archiviocassano.lavocedelpaese.info\/wp-content\/uploads\/2011\/10\/sebastian_debellis.jpg\" height=\"150\" width=\"320\" \/><\/p>\n<p><!--more--><\/p>\n<div style=\"text-align: justify;\">Un giovanissimo fotografo cassanese a caccia di voti per coronare un sogno: ritrarre il suo paese, Cassano, come non si \u00e8 mai visto!<\/div>\n<p style=\"text-align: justify;\">E&#8217; Sebastian De Bellis, diciottenne cassanese con la passione dell&#8217;arte e in particolare della fotografia. E&#8217; ancora studente presso <span><span><a href=\"http:\/\/www.facebook.com\/pages\/IPSS-I-P-Servizi-Sociali-Rosa-Luxemburg\/115448818466611\" data-hovercard=\"\/ajax\/hovercard\/page.php?id=115448818466611\">IPSS I. P. Servizi Sociali Rosa Luxemburg<\/a><\/span><\/span><span> di Acquaviva ma ha gi\u00e0 all&#8217;attivo diverse partecipazioni a mostre collettive di foto e pittura. E difatti scattare, ritrarre, indagare con l&#8217;obiettivo sono diventati, negli anni, una vera e propria passione che porta il giovane studente per tutta la Puglia a caccia di suggestioni, immagini e personaggi.<\/span><\/p>\n<p style=\"text-align: justify;\"><span>Da qualche settimana, Sebastian sta partecipando ad una &#8220;gara&#8221; e chiede ai suoi concittadini di aiutarlo e noi di CassanoWeb volentieri vogliamo dargli una mano. <\/span><\/p>\n<p style=\"text-align: justify;\"><span>Il giovane cassanese, infatti sta partecipando al Concorso <a target=\"_blank\" href=\"http:\/\/www.lab.leica-camera.it\/jspleica\/index.jsp\" rel=\"noopener\">&#8220;24&#215;36&#8221;<\/a> ovvero 24 talenti per 36 fotografie: organizzato dalla societ\u00e0 milanese Polyphoto, <\/span>mira a scoprire i nuovi talenti della fotografia italiana. Chi pensa di avere talento fotografico pu\u00f2 accettare la sfida e mettersi in gioco, per mostrare le proprie immagini e farsi votare dal pubblico. E Sebastian questa sfida l&#8217;ha accettata e in parte gi\u00e0 vinta dato che \u00e8 stato selezionato per la fase succesiva quella dove occorrono i voti.<\/p>\n<p style=\"text-align: justify;\">Il premio consiste in un progetto che riguarda la propria realt\u00e0: ritrarre in 36 scatti i luoghi dove si vive, insomma una Cassano inedita e mai vista.<\/p>\n<p style=\"text-align: justify;\"><em>&#8220;Fotografo per catturare ed emozionare attraverso dettagli che sfuggono agli occhi di chi non sa guardare<\/em> &#8211; scrive De Bellis nella sua scheda &#8211; <em>Mi piace molto il photoreportage. Vorrei magari un domani dimostrare al mondo un attimo un millesimo di secondo della mia vita, perch\u00e8 la fotografia vivra in eterno e uno scatto dimostrer\u00e0 ci\u00f2 che ho visto e racconter\u00e0 in quelmomento cosa ho provato e cio\u00e8 ci\u00f2 che mi ha condotto a scattare. Partecipo perch\u00e8 amo la competizione, mettermi in gioco, mettere in luce le mie capacit\u00e0&#8221;.<\/em><\/p>\n<p>Per sostenere Sebastian De Bellis e il suo progetto \u00e8 semplice: occorre collegarsi a Facebook, <a target=\"_blank\" href=\"http:\/\/www.lab.leica-camera.it\/jspleica\/scheda.jsp?n=16951\" rel=\"noopener\">poi cliccare qui <\/a>quindi dare il proprio voto (nella finestra in alto a sinistra).<\/p>\n<p><strong>ATTENZIONE: per votare occorre andare sul sito del Concorso. Non serve inserire il &#8220;Mi piace&#8221; nella pagina Facebook ma bisogna esprimere la propria preferenza <a target=\"_blank\" href=\"http:\/\/www.lab.leica-camera.it\/jspleica\/scheda.jsp?n=16951\" rel=\"noopener\">cliccando qui<\/a><\/strong><\/p>\n<p>&nbsp;<\/p>\n","protected":false},"excerpt":{"rendered":"","protected":false},"author":1,"featured_media":4605,"comment_status":"open","ping_status":"closed","sticky":false,"template":"","format":"standard","meta":{"colormag_page_container_layout":"default_layout","colormag_page_sidebar_layout":"default_layout","footnotes":""},"categories":[6],"tags":[],"class_list":["post-4606","post","type-post","status-publish","format-standard","has-post-thumbnail","hentry","category-cultura"],"yoast_head":"<!-- This site is optimized with the Yoast SEO plugin v27.5 - https:\/\/yoast.com\/product\/yoast-seo-wordpress\/ -->\n<title>DE BELLIS: GIOVANE FOTOGRAFO A CACCIA DI VOTI - Archivio CassanoWeb<\/title>\n<meta name=\"robots\" content=\"index, follow, max-snippet:-1, max-image-preview:large, max-video-preview:-1\" \/>\n<link rel=\"canonical\" href=\"https:\/\/archiviocassano.lavocedelpaese.info\/index.php\/2011\/10\/22\/debellis-giovane-fotografo-a-caccia-di-voti\/\" \/>\n<meta property=\"og:locale\" content=\"it_IT\" \/>\n<meta property=\"og:type\" content=\"article\" \/>\n<meta property=\"og:title\" content=\"DE BELLIS: GIOVANE FOTOGRAFO A CACCIA DI VOTI - Archivio CassanoWeb\" \/>\n<meta property=\"og:url\" content=\"https:\/\/archiviocassano.lavocedelpaese.info\/index.php\/2011\/10\/22\/debellis-giovane-fotografo-a-caccia-di-voti\/\" \/>\n<meta property=\"og:site_name\" content=\"Archivio CassanoWeb\" \/>\n<meta property=\"article:publisher\" content=\"https:\/\/www.facebook.com\/redazione.cassanoweb\" \/>\n<meta property=\"article:published_time\" content=\"2011-10-22T19:10:08+00:00\" \/>\n<meta property=\"og:image\" content=\"https:\/\/archiviocassano.lavocedelpaese.info\/wp-content\/uploads\/2011\/10\/sebastian_debellis.jpg\" \/>\n\t<meta property=\"og:image:width\" content=\"720\" \/>\n\t<meta property=\"og:image:height\" content=\"480\" \/>\n\t<meta property=\"og:image:type\" content=\"image\/jpeg\" \/>\n<meta name=\"author\" content=\"admin\" \/>\n<meta name=\"twitter:card\" content=\"summary_large_image\" \/>\n<meta name=\"twitter:label1\" content=\"Scritto da\" \/>\n\t<meta name=\"twitter:data1\" content=\"admin\" \/>\n\t<meta name=\"twitter:label2\" content=\"Tempo di lettura stimato\" \/>\n\t<meta name=\"twitter:data2\" content=\"2 minuti\" \/>\n<script type=\"application\/ld+json\" class=\"yoast-schema-graph\">{\"@context\":\"https:\\\/\\\/schema.org\",\"@graph\":[{\"@type\":\"Article\",\"@id\":\"https:\\\/\\\/archiviocassano.lavocedelpaese.info\\\/index.php\\\/2011\\\/10\\\/22\\\/debellis-giovane-fotografo-a-caccia-di-voti\\\/#article\",\"isPartOf\":{\"@id\":\"https:\\\/\\\/archiviocassano.lavocedelpaese.info\\\/index.php\\\/2011\\\/10\\\/22\\\/debellis-giovane-fotografo-a-caccia-di-voti\\\/\"},\"author\":{\"name\":\"admin\",\"@id\":\"https:\\\/\\\/archiviocassano.lavocedelpaese.info\\\/#\\\/schema\\\/person\\\/df195bc79a9b4c35127cf005f92e041b\"},\"headline\":\"DE BELLIS: GIOVANE FOTOGRAFO A CACCIA DI VOTI\",\"datePublished\":\"2011-10-22T19:10:08+00:00\",\"mainEntityOfPage\":{\"@id\":\"https:\\\/\\\/archiviocassano.lavocedelpaese.info\\\/index.php\\\/2011\\\/10\\\/22\\\/debellis-giovane-fotografo-a-caccia-di-voti\\\/\"},\"wordCount\":377,\"commentCount\":0,\"publisher\":{\"@id\":\"https:\\\/\\\/archiviocassano.lavocedelpaese.info\\\/#organization\"},\"image\":{\"@id\":\"https:\\\/\\\/archiviocassano.lavocedelpaese.info\\\/index.php\\\/2011\\\/10\\\/22\\\/debellis-giovane-fotografo-a-caccia-di-voti\\\/#primaryimage\"},\"thumbnailUrl\":\"https:\\\/\\\/archiviocassano.lavocedelpaese.info\\\/wp-content\\\/uploads\\\/2011\\\/10\\\/sebastian_debellis.jpg\",\"articleSection\":[\"Cultura\"],\"inLanguage\":\"it-IT\",\"potentialAction\":[{\"@type\":\"CommentAction\",\"name\":\"Comment\",\"target\":[\"https:\\\/\\\/archiviocassano.lavocedelpaese.info\\\/index.php\\\/2011\\\/10\\\/22\\\/debellis-giovane-fotografo-a-caccia-di-voti\\\/#respond\"]}]},{\"@type\":\"WebPage\",\"@id\":\"https:\\\/\\\/archiviocassano.lavocedelpaese.info\\\/index.php\\\/2011\\\/10\\\/22\\\/debellis-giovane-fotografo-a-caccia-di-voti\\\/\",\"url\":\"https:\\\/\\\/archiviocassano.lavocedelpaese.info\\\/index.php\\\/2011\\\/10\\\/22\\\/debellis-giovane-fotografo-a-caccia-di-voti\\\/\",\"name\":\"DE BELLIS: GIOVANE FOTOGRAFO A CACCIA DI VOTI - Archivio CassanoWeb\",\"isPartOf\":{\"@id\":\"https:\\\/\\\/archiviocassano.lavocedelpaese.info\\\/#website\"},\"primaryImageOfPage\":{\"@id\":\"https:\\\/\\\/archiviocassano.lavocedelpaese.info\\\/index.php\\\/2011\\\/10\\\/22\\\/debellis-giovane-fotografo-a-caccia-di-voti\\\/#primaryimage\"},\"image\":{\"@id\":\"https:\\\/\\\/archiviocassano.lavocedelpaese.info\\\/index.php\\\/2011\\\/10\\\/22\\\/debellis-giovane-fotografo-a-caccia-di-voti\\\/#primaryimage\"},\"thumbnailUrl\":\"https:\\\/\\\/archiviocassano.lavocedelpaese.info\\\/wp-content\\\/uploads\\\/2011\\\/10\\\/sebastian_debellis.jpg\",\"datePublished\":\"2011-10-22T19:10:08+00:00\",\"breadcrumb\":{\"@id\":\"https:\\\/\\\/archiviocassano.lavocedelpaese.info\\\/index.php\\\/2011\\\/10\\\/22\\\/debellis-giovane-fotografo-a-caccia-di-voti\\\/#breadcrumb\"},\"inLanguage\":\"it-IT\",\"potentialAction\":[{\"@type\":\"ReadAction\",\"target\":[\"https:\\\/\\\/archiviocassano.lavocedelpaese.info\\\/index.php\\\/2011\\\/10\\\/22\\\/debellis-giovane-fotografo-a-caccia-di-voti\\\/\"]}]},{\"@type\":\"ImageObject\",\"inLanguage\":\"it-IT\",\"@id\":\"https:\\\/\\\/archiviocassano.lavocedelpaese.info\\\/index.php\\\/2011\\\/10\\\/22\\\/debellis-giovane-fotografo-a-caccia-di-voti\\\/#primaryimage\",\"url\":\"https:\\\/\\\/archiviocassano.lavocedelpaese.info\\\/wp-content\\\/uploads\\\/2011\\\/10\\\/sebastian_debellis.jpg\",\"contentUrl\":\"https:\\\/\\\/archiviocassano.lavocedelpaese.info\\\/wp-content\\\/uploads\\\/2011\\\/10\\\/sebastian_debellis.jpg\",\"width\":720,\"height\":480,\"caption\":\"sebastian_debellis\"},{\"@type\":\"BreadcrumbList\",\"@id\":\"https:\\\/\\\/archiviocassano.lavocedelpaese.info\\\/index.php\\\/2011\\\/10\\\/22\\\/debellis-giovane-fotografo-a-caccia-di-voti\\\/#breadcrumb\",\"itemListElement\":[{\"@type\":\"ListItem\",\"position\":1,\"name\":\"Home\",\"item\":\"https:\\\/\\\/archiviocassano.lavocedelpaese.info\\\/\"},{\"@type\":\"ListItem\",\"position\":2,\"name\":\"DE BELLIS: GIOVANE FOTOGRAFO A CACCIA DI VOTI\"}]},{\"@type\":\"WebSite\",\"@id\":\"https:\\\/\\\/archiviocassano.lavocedelpaese.info\\\/#website\",\"url\":\"https:\\\/\\\/archiviocassano.lavocedelpaese.info\\\/\",\"name\":\"Archivio CassanoWeb\",\"description\":\"La Voce del Paese - un network di idee\",\"publisher\":{\"@id\":\"https:\\\/\\\/archiviocassano.lavocedelpaese.info\\\/#organization\"},\"potentialAction\":[{\"@type\":\"SearchAction\",\"target\":{\"@type\":\"EntryPoint\",\"urlTemplate\":\"https:\\\/\\\/archiviocassano.lavocedelpaese.info\\\/?s={search_term_string}\"},\"query-input\":{\"@type\":\"PropertyValueSpecification\",\"valueRequired\":true,\"valueName\":\"search_term_string\"}}],\"inLanguage\":\"it-IT\"},{\"@type\":\"Organization\",\"@id\":\"https:\\\/\\\/archiviocassano.lavocedelpaese.info\\\/#organization\",\"name\":\"Archivio CassanoWeb\",\"url\":\"https:\\\/\\\/archiviocassano.lavocedelpaese.info\\\/\",\"logo\":{\"@type\":\"ImageObject\",\"inLanguage\":\"it-IT\",\"@id\":\"https:\\\/\\\/archiviocassano.lavocedelpaese.info\\\/#\\\/schema\\\/logo\\\/image\\\/\",\"url\":\"https:\\\/\\\/archiviocassano.lavocedelpaese.info\\\/wp-content\\\/uploads\\\/2024\\\/08\\\/logo-rosso-2.png\",\"contentUrl\":\"https:\\\/\\\/archiviocassano.lavocedelpaese.info\\\/wp-content\\\/uploads\\\/2024\\\/08\\\/logo-rosso-2.png\",\"width\":491,\"height\":432,\"caption\":\"Archivio CassanoWeb\"},\"image\":{\"@id\":\"https:\\\/\\\/archiviocassano.lavocedelpaese.info\\\/#\\\/schema\\\/logo\\\/image\\\/\"},\"sameAs\":[\"https:\\\/\\\/www.facebook.com\\\/redazione.cassanoweb\"]},{\"@type\":\"Person\",\"@id\":\"https:\\\/\\\/archiviocassano.lavocedelpaese.info\\\/#\\\/schema\\\/person\\\/df195bc79a9b4c35127cf005f92e041b\",\"name\":\"admin\",\"image\":{\"@type\":\"ImageObject\",\"inLanguage\":\"it-IT\",\"@id\":\"https:\\\/\\\/secure.gravatar.com\\\/avatar\\\/eabba89a432e8eaa1b0207cc55f7e5340b22712b1ed80677efcf63e02ff5b235?s=96&d=mm&r=g\",\"url\":\"https:\\\/\\\/secure.gravatar.com\\\/avatar\\\/eabba89a432e8eaa1b0207cc55f7e5340b22712b1ed80677efcf63e02ff5b235?s=96&d=mm&r=g\",\"contentUrl\":\"https:\\\/\\\/secure.gravatar.com\\\/avatar\\\/eabba89a432e8eaa1b0207cc55f7e5340b22712b1ed80677efcf63e02ff5b235?s=96&d=mm&r=g\",\"caption\":\"admin\"},\"sameAs\":[\"https:\\\/\\\/archiviocassano.lavocedelpaese.info\"],\"url\":\"https:\\\/\\\/archiviocassano.lavocedelpaese.info\\\/index.php\\\/author\\\/admin_0qgz1xdp\\\/\"}]}<\/script>\n<!-- \/ Yoast SEO plugin. -->","yoast_head_json":{"title":"DE BELLIS: GIOVANE FOTOGRAFO A CACCIA DI VOTI - Archivio CassanoWeb","robots":{"index":"index","follow":"follow","max-snippet":"max-snippet:-1","max-image-preview":"max-image-preview:large","max-video-preview":"max-video-preview:-1"},"canonical":"https:\/\/archiviocassano.lavocedelpaese.info\/index.php\/2011\/10\/22\/debellis-giovane-fotografo-a-caccia-di-voti\/","og_locale":"it_IT","og_type":"article","og_title":"DE BELLIS: GIOVANE FOTOGRAFO A CACCIA DI VOTI - Archivio CassanoWeb","og_url":"https:\/\/archiviocassano.lavocedelpaese.info\/index.php\/2011\/10\/22\/debellis-giovane-fotografo-a-caccia-di-voti\/","og_site_name":"Archivio CassanoWeb","article_publisher":"https:\/\/www.facebook.com\/redazione.cassanoweb","article_published_time":"2011-10-22T19:10:08+00:00","og_image":[{"width":720,"height":480,"url":"https:\/\/archiviocassano.lavocedelpaese.info\/wp-content\/uploads\/2011\/10\/sebastian_debellis.jpg","type":"image\/jpeg"}],"author":"admin","twitter_card":"summary_large_image","twitter_misc":{"Scritto da":"admin","Tempo di lettura stimato":"2 minuti"},"schema":{"@context":"https:\/\/schema.org","@graph":[{"@type":"Article","@id":"https:\/\/archiviocassano.lavocedelpaese.info\/index.php\/2011\/10\/22\/debellis-giovane-fotografo-a-caccia-di-voti\/#article","isPartOf":{"@id":"https:\/\/archiviocassano.lavocedelpaese.info\/index.php\/2011\/10\/22\/debellis-giovane-fotografo-a-caccia-di-voti\/"},"author":{"name":"admin","@id":"https:\/\/archiviocassano.lavocedelpaese.info\/#\/schema\/person\/df195bc79a9b4c35127cf005f92e041b"},"headline":"DE BELLIS: GIOVANE FOTOGRAFO A CACCIA DI VOTI","datePublished":"2011-10-22T19:10:08+00:00","mainEntityOfPage":{"@id":"https:\/\/archiviocassano.lavocedelpaese.info\/index.php\/2011\/10\/22\/debellis-giovane-fotografo-a-caccia-di-voti\/"},"wordCount":377,"commentCount":0,"publisher":{"@id":"https:\/\/archiviocassano.lavocedelpaese.info\/#organization"},"image":{"@id":"https:\/\/archiviocassano.lavocedelpaese.info\/index.php\/2011\/10\/22\/debellis-giovane-fotografo-a-caccia-di-voti\/#primaryimage"},"thumbnailUrl":"https:\/\/archiviocassano.lavocedelpaese.info\/wp-content\/uploads\/2011\/10\/sebastian_debellis.jpg","articleSection":["Cultura"],"inLanguage":"it-IT","potentialAction":[{"@type":"CommentAction","name":"Comment","target":["https:\/\/archiviocassano.lavocedelpaese.info\/index.php\/2011\/10\/22\/debellis-giovane-fotografo-a-caccia-di-voti\/#respond"]}]},{"@type":"WebPage","@id":"https:\/\/archiviocassano.lavocedelpaese.info\/index.php\/2011\/10\/22\/debellis-giovane-fotografo-a-caccia-di-voti\/","url":"https:\/\/archiviocassano.lavocedelpaese.info\/index.php\/2011\/10\/22\/debellis-giovane-fotografo-a-caccia-di-voti\/","name":"DE BELLIS: GIOVANE FOTOGRAFO A CACCIA DI VOTI - Archivio CassanoWeb","isPartOf":{"@id":"https:\/\/archiviocassano.lavocedelpaese.info\/#website"},"primaryImageOfPage":{"@id":"https:\/\/archiviocassano.lavocedelpaese.info\/index.php\/2011\/10\/22\/debellis-giovane-fotografo-a-caccia-di-voti\/#primaryimage"},"image":{"@id":"https:\/\/archiviocassano.lavocedelpaese.info\/index.php\/2011\/10\/22\/debellis-giovane-fotografo-a-caccia-di-voti\/#primaryimage"},"thumbnailUrl":"https:\/\/archiviocassano.lavocedelpaese.info\/wp-content\/uploads\/2011\/10\/sebastian_debellis.jpg","datePublished":"2011-10-22T19:10:08+00:00","breadcrumb":{"@id":"https:\/\/archiviocassano.lavocedelpaese.info\/index.php\/2011\/10\/22\/debellis-giovane-fotografo-a-caccia-di-voti\/#breadcrumb"},"inLanguage":"it-IT","potentialAction":[{"@type":"ReadAction","target":["https:\/\/archiviocassano.lavocedelpaese.info\/index.php\/2011\/10\/22\/debellis-giovane-fotografo-a-caccia-di-voti\/"]}]},{"@type":"ImageObject","inLanguage":"it-IT","@id":"https:\/\/archiviocassano.lavocedelpaese.info\/index.php\/2011\/10\/22\/debellis-giovane-fotografo-a-caccia-di-voti\/#primaryimage","url":"https:\/\/archiviocassano.lavocedelpaese.info\/wp-content\/uploads\/2011\/10\/sebastian_debellis.jpg","contentUrl":"https:\/\/archiviocassano.lavocedelpaese.info\/wp-content\/uploads\/2011\/10\/sebastian_debellis.jpg","width":720,"height":480,"caption":"sebastian_debellis"},{"@type":"BreadcrumbList","@id":"https:\/\/archiviocassano.lavocedelpaese.info\/index.php\/2011\/10\/22\/debellis-giovane-fotografo-a-caccia-di-voti\/#breadcrumb","itemListElement":[{"@type":"ListItem","position":1,"name":"Home","item":"https:\/\/archiviocassano.lavocedelpaese.info\/"},{"@type":"ListItem","position":2,"name":"DE BELLIS: GIOVANE FOTOGRAFO A CACCIA DI VOTI"}]},{"@type":"WebSite","@id":"https:\/\/archiviocassano.lavocedelpaese.info\/#website","url":"https:\/\/archiviocassano.lavocedelpaese.info\/","name":"Archivio CassanoWeb","description":"La Voce del Paese - un network di idee","publisher":{"@id":"https:\/\/archiviocassano.lavocedelpaese.info\/#organization"},"potentialAction":[{"@type":"SearchAction","target":{"@type":"EntryPoint","urlTemplate":"https:\/\/archiviocassano.lavocedelpaese.info\/?s={search_term_string}"},"query-input":{"@type":"PropertyValueSpecification","valueRequired":true,"valueName":"search_term_string"}}],"inLanguage":"it-IT"},{"@type":"Organization","@id":"https:\/\/archiviocassano.lavocedelpaese.info\/#organization","name":"Archivio CassanoWeb","url":"https:\/\/archiviocassano.lavocedelpaese.info\/","logo":{"@type":"ImageObject","inLanguage":"it-IT","@id":"https:\/\/archiviocassano.lavocedelpaese.info\/#\/schema\/logo\/image\/","url":"https:\/\/archiviocassano.lavocedelpaese.info\/wp-content\/uploads\/2024\/08\/logo-rosso-2.png","contentUrl":"https:\/\/archiviocassano.lavocedelpaese.info\/wp-content\/uploads\/2024\/08\/logo-rosso-2.png","width":491,"height":432,"caption":"Archivio CassanoWeb"},"image":{"@id":"https:\/\/archiviocassano.lavocedelpaese.info\/#\/schema\/logo\/image\/"},"sameAs":["https:\/\/www.facebook.com\/redazione.cassanoweb"]},{"@type":"Person","@id":"https:\/\/archiviocassano.lavocedelpaese.info\/#\/schema\/person\/df195bc79a9b4c35127cf005f92e041b","name":"admin","image":{"@type":"ImageObject","inLanguage":"it-IT","@id":"https:\/\/secure.gravatar.com\/avatar\/eabba89a432e8eaa1b0207cc55f7e5340b22712b1ed80677efcf63e02ff5b235?s=96&d=mm&r=g","url":"https:\/\/secure.gravatar.com\/avatar\/eabba89a432e8eaa1b0207cc55f7e5340b22712b1ed80677efcf63e02ff5b235?s=96&d=mm&r=g","contentUrl":"https:\/\/secure.gravatar.com\/avatar\/eabba89a432e8eaa1b0207cc55f7e5340b22712b1ed80677efcf63e02ff5b235?s=96&d=mm&r=g","caption":"admin"},"sameAs":["https:\/\/archiviocassano.lavocedelpaese.info"],"url":"https:\/\/archiviocassano.lavocedelpaese.info\/index.php\/author\/admin_0qgz1xdp\/"}]}},"_links":{"self":[{"href":"https:\/\/archiviocassano.lavocedelpaese.info\/index.php\/wp-json\/wp\/v2\/posts\/4606","targetHints":{"allow":["GET"]}}],"collection":[{"href":"https:\/\/archiviocassano.lavocedelpaese.info\/index.php\/wp-json\/wp\/v2\/posts"}],"about":[{"href":"https:\/\/archiviocassano.lavocedelpaese.info\/index.php\/wp-json\/wp\/v2\/types\/post"}],"author":[{"embeddable":true,"href":"https:\/\/archiviocassano.lavocedelpaese.info\/index.php\/wp-json\/wp\/v2\/users\/1"}],"replies":[{"embeddable":true,"href":"https:\/\/archiviocassano.lavocedelpaese.info\/index.php\/wp-json\/wp\/v2\/comments?post=4606"}],"version-history":[{"count":0,"href":"https:\/\/archiviocassano.lavocedelpaese.info\/index.php\/wp-json\/wp\/v2\/posts\/4606\/revisions"}],"wp:featuredmedia":[{"embeddable":true,"href":"https:\/\/archiviocassano.lavocedelpaese.info\/index.php\/wp-json\/wp\/v2\/media\/4605"}],"wp:attachment":[{"href":"https:\/\/archiviocassano.lavocedelpaese.info\/index.php\/wp-json\/wp\/v2\/media?parent=4606"}],"wp:term":[{"taxonomy":"category","embeddable":true,"href":"https:\/\/archiviocassano.lavocedelpaese.info\/index.php\/wp-json\/wp\/v2\/categories?post=4606"},{"taxonomy":"post_tag","embeddable":true,"href":"https:\/\/archiviocassano.lavocedelpaese.info\/index.php\/wp-json\/wp\/v2\/tags?post=4606"}],"curies":[{"name":"wp","href":"https:\/\/api.w.org\/{rel}","templated":true}]}}