{"id":4946,"date":"2011-12-19T07:29:45","date_gmt":"2011-12-19T07:29:45","guid":{"rendered":"https:\/\/archiviocassano.lavocedelpaese.info\/index.php\/2011\/12\/19\/pro-loco-cassanoweb-e-la-consulta-parla-mallardi\/"},"modified":"2011-12-19T07:29:45","modified_gmt":"2011-12-19T07:29:45","slug":"pro-loco-cassanoweb-e-la-consulta-parla-mallardi","status":"publish","type":"post","link":"https:\/\/archiviocassano.lavocedelpaese.info\/index.php\/2011\/12\/19\/pro-loco-cassanoweb-e-la-consulta-parla-mallardi\/","title":{"rendered":"PRO LOCO, CASSANOWEB E LA CONSULTA: PARLA MALLARDI"},"content":{"rendered":"<p><img loading=\"lazy\" decoding=\"async\" class=\" size-full wp-image-4945\" style=\"margin-right: 2px; margin-left: 2px;\" alt=\"massimiliano mallardi\" src=\"https:\/\/archiviocassano.lavocedelpaese.info\/wp-content\/uploads\/2011\/12\/massimiliano_mallardi.jpg\" height=\"150\" width=\"320\" srcset=\"https:\/\/archiviocassano.lavocedelpaese.info\/wp-content\/uploads\/2011\/12\/massimiliano_mallardi.jpg 320w, https:\/\/archiviocassano.lavocedelpaese.info\/wp-content\/uploads\/2011\/12\/massimiliano_mallardi-300x141.jpg 300w\" sizes=\"auto, (max-width: 320px) 100vw, 320px\" \/><\/p>\n<p>\n<!--more--><br \/>\n<em>Il Presidente della Consulta delle Associazioni ha diffuso la seguente nota, che pubblichiamo.<\/em><\/p>\n<p>&nbsp;<\/p>\n<p style=\"text-align: justify;\">Onde sgombrare il campo da sospetti artatamente insinuati, occorre fare un breve riepilogo dei fatti cos\u00ec come realmente accaduti. Sabato 10 dicembre il sottoscritto riceveva una telefonata dal sig. Giuseppe Ferrante, presidente della Proloco.<\/p>\n<p style=\"text-align: justify;\">Nel corso della predetta telefonata, il Ferrante puntualizzava cose riguardanti alcune manifestazioni organizzate dalla stessa Proloco.<\/p>\n<p style=\"text-align: justify;\">Magicamente, nel corso della stessa telefonata, da essere presidente della Proloco, il Ferrante si trasforma nel commerciale di CassanoWeb, chiedendo spiegazioni sul motivo per il quale non fosse presente la \u201csua\u201d testata come partner nel cartellone degli eventi natalizi.<\/p>\n<p style=\"text-align: justify;\">In modo assolutamente innocente, il sottoscritto faceva presente che, sino a quel momento, la Consulta non aveva ricevuto alcuna richiesta in tal senso.&nbsp; A seguito di tanto, il Ferrante, visibilmente contrariato, aumentando di molto il tono della voce, protestava veementemente perch\u00e9 riteneva di dover essere avvisato (non si capisce se in qualit\u00e0 di Presidente Proloco o di commerciale di Cassanoweb) per tempo, dell\u2019iniziativa presa dalle altre testate.<\/p>\n<p style=\"text-align: justify;\">Non capendo il motivo di questa presa di posizione, chiedevo lumi ma Ferrante di tutta risposta chiudeva l\u2019argomento con un perentorio : \u201cO mettete il nostro logo o passerai i guai! Vedremo se non lo metterete\u201d-<\/p>\n<p style=\"text-align: justify;\">Dopo pochi minuti, il sottoscritto, sempre sulla propria utenza cellulare, riceveva la chiamata del sig. Brunelli, il quale mi riformula le medesime domande di Ferrante. <br \/> Stupito dall\u2019insistenza, il sottoscritto ripeteva al Brunelli le medesime risposte date al Ferrante.<\/p>\n<p style=\"text-align: justify;\">Il Brunelli, quindi, esordiva con un: \u201cnon mi sento tutelato da te e dalla consulta\u201d.<\/p>\n<p style=\"text-align: justify;\">A questa anomala affermazione, essendo Brunelli direttore della testata ed al tempo stesso consigliere della Proloco, il sottoscritto chiedeva lumi sulla tutela che il Brunelli invocava e testualmente chiedevo \u201cma stai parlando a nome della Proloco o come CassanoWeb?\u201d<\/p>\n<p style=\"text-align: justify;\">Stizzito mi ha risposto: \u201cche c\u2019entra la Proloco, come CassanoWeb, non sono avvezzo a dire parolacce, ma pensi di stare a parlare con i coglioni?\u201d <br \/> Infastidito dal linguaggio usato, rispondevo che non lo reputavo tale ma un eroe del giornalismo cassanese.<\/p>\n<p style=\"text-align: justify;\">Quindi, si faceva presente al Brunelli che, da presidente della consulta delle associazioni e non delle testate di informazione, il sottoscritto non era tenuto a diffondere iniziative di altre testate giornalistiche a soggetti esterni alla consulta.<\/p>\n<p style=\"text-align: justify;\">A tanto si aggiungeva che, se il presidente della Proloco (Ferrante) fosse stato presente alle ultime assemblee, sarebbe stato informato (essendo anche collaboratore del medesimo Brunelli) avrebbe potuto conoscere per tempo delle richieste formulate dalle altre testate giornalistiche.<\/p>\n<p style=\"text-align: justify;\">Per tentare di giustificare le sue insistenze, il sig. Brunellik ricorre all\u2019esempio dell\u2019iniziativa \u201cmetti Cassano nella tua spesa\u201d. <br \/> Secondo il Brunelli, infatti, la Proloco, in qualit\u00e0 di promotrice dell\u2019iniziativa, ha concordato un partenariato con CassanoWeb in virt\u00f9 del fatto che la Proloco \u00e8 autonoma mentre, la consulta \u201cche \u00e8 di tutti\u201d non deve e non pu\u00f2 farlo.<\/p>\n<p style=\"text-align: justify;\">Al Brunelli, ribadisco che non \u00e8 stata la consulta a chiedere, ma le testate a proporla.<\/p>\n<p style=\"text-align: justify;\">La redazione di CassanoWeb, quindi, invia una mail, molto approssimativa di richieste di media partner ma la segreteria risponde indicandogli come si fa una richiesta formale corretta, specificando che non poteva essere certa la sua accettazione.<\/p>\n<p style=\"text-align: justify;\">Successivamente il sottoscritto apprendeva che le due testate (l\u2019Obiettivo e Cassano Live) confermavano la loro collaborazione, mentre la terza rinunciava alla media partner. <br \/> Le due testate, nel confermare la collaborazione, apprendevano della richiesta di CassanoWeb e facevano presente che nel caso fosse stata ammessa la richiesta di Brunelli, avrebbero rinunciato alla collaborazione.<\/p>\n<p style=\"text-align: justify;\">A questo punto il sottoscritto non aveva che da decidere se far collaborare due testate web o una. <\/p>\n<p> Questi i motivi per i quali il sottoscritto diram\u00f2 quel comunicato stampa.<\/p>\n<p style=\"text-align: justify;\">Certamente non per \u201cpaura di cadere\u201d ma per prevenire le \u201cire funeste\u201d di chi, evidentemente, non sopporta di rimanere escluso. <br \/> Dopo questa lunga e puntuale ricostruzione, occorre necessariamente fare delle riflessioni.<\/p>\n<p style=\"text-align: justify;\">Infatti, non si riesce a comprendere il motivo per il quale Brunelli e Ferrante, quando sono gli unici media partner, reputano la cosa corretta, invece, quando i ruoli si capovolgono, chiedono vendetta e additano con appellativi ignobili e ingiustificati chi segue le regole.<\/p>\n<p style=\"text-align: justify;\">A tanto si aggiunga che gli attuali partner dell\u2019iniziativa natalizia non sono stati cooptati, non ricevono compensi pubblicitari, a differenza di CassanoWeb che, di recente, ha pubblicizzato un\u2019iniziativa dell\u2019Amministrazione Comunale percependo compensi!<\/p>\n<p style=\"text-align: justify;\">Il presidente della Proloco, poi, telefonicamente ha minacciato il sottoscritto (\u201cO mettete il nostro logo o passerai i guai! Vedremo se non lo metterete\u201d) perch\u00e9 il \u201csuo\u201d portale non \u00e8 presente.<\/p>\n<p style=\"text-align: justify;\">Al sottoscritto la commistione Cassanoweb\/Proloco risulta un po\u2019 incestuosa, infatti, il conflitto di interessi di Brunelli caporedattore\/consigliere Proloco e di Ferrante commerciale, fotografo e giornalista \/ presidente Proloco, risulta assai pi\u00f9 grave di tutti gli infondati sospetti che il Brunelli stesso intende insinuare.<\/p>\n<p style=\"text-align: justify;\">Interessante appare la lettura degli atti comunali legati all\u2019iniziativa \u201cmetti Cassano nella tua spesa\u201d organizzata proprio da CassanoWeb e non, invece come sostiene Brunelli, dalla Proloco.<\/p>\n<p style=\"text-align: justify;\">Ci si chiede, quindi, perch\u00e9 in quella iniziativa \u00e8 stata coinvolta solo la Proloco di Ferrante\/Brunelli e CassanoWeb di Brunelli\/Ferrante e non anche le altre testate e le altre associazioni.<\/p>\n<p style=\"text-align: justify;\">Brunelli nella sua mail ricorda il suo \u201crispetto per la Consulta\u201d tuttavia permette che la Proloco, presieduta dal suo commerciale Ferrante, proponga al Comune di organizzare per il 22 dicembre p.v. un evento che in Consulta non \u00e8 stato approvato perch\u00e9 concomitante con un concerto organizzato da altra associazione.<\/p>\n<p style=\"text-align: justify;\">Quindi con ci\u00f2 dimostrando, in realt\u00e0, affatto alcun rispetto per le altre associazioni, che pur si sono mostrate disponibili e propositive mettendo in discussione in sede di consesso assembleare le proprie iniziative cogliendo appieno lo spirito della Consulta che lo scrivente difende sin dal suo insediamento: uno spirito di condivisione come scelta per una crescita collettiva e comune. In sede di assemblea (le sedute organizzative per questo primo cartellone di eventi condiviso) infatti tutte le associazioni e il direttivo avevano unanimemente deciso di non sovrapporre mai eventi e manifestazioni per cercare di offrire quanti pi\u00f9 momenti possibile di svago e socialit\u00e0 durante le festivit\u00e0 natalizie del nostro paese.<\/p>\n<p style=\"text-align: justify;\">Questo ha comportato sicuramente un aggravio nel lavoro di coordinamento ma, idea condivisa, siamo certi porter\u00e0 un miglior risultato in termini di attrazioni e risposta di pubblico. Ebbene il risultato di questa politica \u00e8 stato quello di assistere ad un embrionale (ma incoraggiante) scambio e richiesta di collaborazioni tra le associazioni di Cassano che hanno finalmente iniziato a dialogare ed aprirsi.<\/p>\n<p>L\u2019unica ad essere rimasta fuori da questo circuito \u00e8 stata proprio la Proloco che non solo non ha informato alcuno della sua iniziativa richiedendo collaborazioni o supporto, ma \u00e8 andata oltre osteggiando le scelte di non sovrapposizione unanimemente, lo ripetiamo, prese in sede di assemblea. Questo \u00e8 il \u201crispetto per la Consulta\u201d? <br \/> Io penso che sia di moda guardare la pagliuzza nell\u2019occhio dell\u2019altro e non, invece, la trave nel proprio!! <\/p>\n<p>Massimiliano Mallardi<\/p>\n<p>&nbsp;<\/p>\n","protected":false},"excerpt":{"rendered":"","protected":false},"author":1,"featured_media":4945,"comment_status":"open","ping_status":"closed","sticky":false,"template":"","format":"standard","meta":{"colormag_page_container_layout":"default_layout","colormag_page_sidebar_layout":"default_layout","footnotes":""},"categories":[9],"tags":[],"class_list":["post-4946","post","type-post","status-publish","format-standard","has-post-thumbnail","hentry","category-la-voce-del-paese"],"yoast_head":"<!-- This site is optimized with the Yoast SEO plugin v27.5 - https:\/\/yoast.com\/product\/yoast-seo-wordpress\/ -->\n<title>PRO LOCO, CASSANOWEB E LA CONSULTA: PARLA MALLARDI - Archivio CassanoWeb<\/title>\n<meta name=\"robots\" content=\"index, follow, max-snippet:-1, max-image-preview:large, max-video-preview:-1\" \/>\n<link rel=\"canonical\" href=\"https:\/\/archiviocassano.lavocedelpaese.info\/index.php\/2011\/12\/19\/pro-loco-cassanoweb-e-la-consulta-parla-mallardi\/\" \/>\n<meta property=\"og:locale\" content=\"it_IT\" \/>\n<meta property=\"og:type\" content=\"article\" \/>\n<meta property=\"og:title\" content=\"PRO LOCO, CASSANOWEB E LA CONSULTA: PARLA MALLARDI - Archivio CassanoWeb\" \/>\n<meta property=\"og:url\" content=\"https:\/\/archiviocassano.lavocedelpaese.info\/index.php\/2011\/12\/19\/pro-loco-cassanoweb-e-la-consulta-parla-mallardi\/\" \/>\n<meta property=\"og:site_name\" content=\"Archivio CassanoWeb\" \/>\n<meta property=\"article:publisher\" content=\"https:\/\/www.facebook.com\/redazione.cassanoweb\" \/>\n<meta property=\"article:published_time\" content=\"2011-12-19T07:29:45+00:00\" \/>\n<meta property=\"og:image\" content=\"https:\/\/archiviocassano.lavocedelpaese.info\/wp-content\/uploads\/2011\/12\/massimiliano_mallardi.jpg\" \/>\n\t<meta property=\"og:image:width\" content=\"320\" \/>\n\t<meta property=\"og:image:height\" content=\"150\" \/>\n\t<meta property=\"og:image:type\" content=\"image\/jpeg\" \/>\n<meta name=\"author\" content=\"admin\" \/>\n<meta name=\"twitter:card\" content=\"summary_large_image\" \/>\n<meta name=\"twitter:label1\" content=\"Scritto da\" \/>\n\t<meta name=\"twitter:data1\" content=\"admin\" \/>\n\t<meta name=\"twitter:label2\" content=\"Tempo di lettura stimato\" \/>\n\t<meta name=\"twitter:data2\" content=\"6 minuti\" \/>\n<script type=\"application\/ld+json\" class=\"yoast-schema-graph\">{\"@context\":\"https:\\\/\\\/schema.org\",\"@graph\":[{\"@type\":\"Article\",\"@id\":\"https:\\\/\\\/archiviocassano.lavocedelpaese.info\\\/index.php\\\/2011\\\/12\\\/19\\\/pro-loco-cassanoweb-e-la-consulta-parla-mallardi\\\/#article\",\"isPartOf\":{\"@id\":\"https:\\\/\\\/archiviocassano.lavocedelpaese.info\\\/index.php\\\/2011\\\/12\\\/19\\\/pro-loco-cassanoweb-e-la-consulta-parla-mallardi\\\/\"},\"author\":{\"name\":\"admin\",\"@id\":\"https:\\\/\\\/archiviocassano.lavocedelpaese.info\\\/#\\\/schema\\\/person\\\/df195bc79a9b4c35127cf005f92e041b\"},\"headline\":\"PRO LOCO, CASSANOWEB E LA CONSULTA: PARLA MALLARDI\",\"datePublished\":\"2011-12-19T07:29:45+00:00\",\"mainEntityOfPage\":{\"@id\":\"https:\\\/\\\/archiviocassano.lavocedelpaese.info\\\/index.php\\\/2011\\\/12\\\/19\\\/pro-loco-cassanoweb-e-la-consulta-parla-mallardi\\\/\"},\"wordCount\":1147,\"commentCount\":0,\"publisher\":{\"@id\":\"https:\\\/\\\/archiviocassano.lavocedelpaese.info\\\/#organization\"},\"image\":{\"@id\":\"https:\\\/\\\/archiviocassano.lavocedelpaese.info\\\/index.php\\\/2011\\\/12\\\/19\\\/pro-loco-cassanoweb-e-la-consulta-parla-mallardi\\\/#primaryimage\"},\"thumbnailUrl\":\"https:\\\/\\\/archiviocassano.lavocedelpaese.info\\\/wp-content\\\/uploads\\\/2011\\\/12\\\/massimiliano_mallardi.jpg\",\"articleSection\":[\"La voce del paese\"],\"inLanguage\":\"it-IT\",\"potentialAction\":[{\"@type\":\"CommentAction\",\"name\":\"Comment\",\"target\":[\"https:\\\/\\\/archiviocassano.lavocedelpaese.info\\\/index.php\\\/2011\\\/12\\\/19\\\/pro-loco-cassanoweb-e-la-consulta-parla-mallardi\\\/#respond\"]}]},{\"@type\":\"WebPage\",\"@id\":\"https:\\\/\\\/archiviocassano.lavocedelpaese.info\\\/index.php\\\/2011\\\/12\\\/19\\\/pro-loco-cassanoweb-e-la-consulta-parla-mallardi\\\/\",\"url\":\"https:\\\/\\\/archiviocassano.lavocedelpaese.info\\\/index.php\\\/2011\\\/12\\\/19\\\/pro-loco-cassanoweb-e-la-consulta-parla-mallardi\\\/\",\"name\":\"PRO LOCO, CASSANOWEB E LA CONSULTA: PARLA MALLARDI - Archivio CassanoWeb\",\"isPartOf\":{\"@id\":\"https:\\\/\\\/archiviocassano.lavocedelpaese.info\\\/#website\"},\"primaryImageOfPage\":{\"@id\":\"https:\\\/\\\/archiviocassano.lavocedelpaese.info\\\/index.php\\\/2011\\\/12\\\/19\\\/pro-loco-cassanoweb-e-la-consulta-parla-mallardi\\\/#primaryimage\"},\"image\":{\"@id\":\"https:\\\/\\\/archiviocassano.lavocedelpaese.info\\\/index.php\\\/2011\\\/12\\\/19\\\/pro-loco-cassanoweb-e-la-consulta-parla-mallardi\\\/#primaryimage\"},\"thumbnailUrl\":\"https:\\\/\\\/archiviocassano.lavocedelpaese.info\\\/wp-content\\\/uploads\\\/2011\\\/12\\\/massimiliano_mallardi.jpg\",\"datePublished\":\"2011-12-19T07:29:45+00:00\",\"breadcrumb\":{\"@id\":\"https:\\\/\\\/archiviocassano.lavocedelpaese.info\\\/index.php\\\/2011\\\/12\\\/19\\\/pro-loco-cassanoweb-e-la-consulta-parla-mallardi\\\/#breadcrumb\"},\"inLanguage\":\"it-IT\",\"potentialAction\":[{\"@type\":\"ReadAction\",\"target\":[\"https:\\\/\\\/archiviocassano.lavocedelpaese.info\\\/index.php\\\/2011\\\/12\\\/19\\\/pro-loco-cassanoweb-e-la-consulta-parla-mallardi\\\/\"]}]},{\"@type\":\"ImageObject\",\"inLanguage\":\"it-IT\",\"@id\":\"https:\\\/\\\/archiviocassano.lavocedelpaese.info\\\/index.php\\\/2011\\\/12\\\/19\\\/pro-loco-cassanoweb-e-la-consulta-parla-mallardi\\\/#primaryimage\",\"url\":\"https:\\\/\\\/archiviocassano.lavocedelpaese.info\\\/wp-content\\\/uploads\\\/2011\\\/12\\\/massimiliano_mallardi.jpg\",\"contentUrl\":\"https:\\\/\\\/archiviocassano.lavocedelpaese.info\\\/wp-content\\\/uploads\\\/2011\\\/12\\\/massimiliano_mallardi.jpg\",\"width\":320,\"height\":150,\"caption\":\"massimiliano mallardi\"},{\"@type\":\"BreadcrumbList\",\"@id\":\"https:\\\/\\\/archiviocassano.lavocedelpaese.info\\\/index.php\\\/2011\\\/12\\\/19\\\/pro-loco-cassanoweb-e-la-consulta-parla-mallardi\\\/#breadcrumb\",\"itemListElement\":[{\"@type\":\"ListItem\",\"position\":1,\"name\":\"Home\",\"item\":\"https:\\\/\\\/archiviocassano.lavocedelpaese.info\\\/\"},{\"@type\":\"ListItem\",\"position\":2,\"name\":\"PRO LOCO, CASSANOWEB E LA CONSULTA: PARLA MALLARDI\"}]},{\"@type\":\"WebSite\",\"@id\":\"https:\\\/\\\/archiviocassano.lavocedelpaese.info\\\/#website\",\"url\":\"https:\\\/\\\/archiviocassano.lavocedelpaese.info\\\/\",\"name\":\"Archivio CassanoWeb\",\"description\":\"La Voce del Paese - un network di idee\",\"publisher\":{\"@id\":\"https:\\\/\\\/archiviocassano.lavocedelpaese.info\\\/#organization\"},\"potentialAction\":[{\"@type\":\"SearchAction\",\"target\":{\"@type\":\"EntryPoint\",\"urlTemplate\":\"https:\\\/\\\/archiviocassano.lavocedelpaese.info\\\/?s={search_term_string}\"},\"query-input\":{\"@type\":\"PropertyValueSpecification\",\"valueRequired\":true,\"valueName\":\"search_term_string\"}}],\"inLanguage\":\"it-IT\"},{\"@type\":\"Organization\",\"@id\":\"https:\\\/\\\/archiviocassano.lavocedelpaese.info\\\/#organization\",\"name\":\"Archivio CassanoWeb\",\"url\":\"https:\\\/\\\/archiviocassano.lavocedelpaese.info\\\/\",\"logo\":{\"@type\":\"ImageObject\",\"inLanguage\":\"it-IT\",\"@id\":\"https:\\\/\\\/archiviocassano.lavocedelpaese.info\\\/#\\\/schema\\\/logo\\\/image\\\/\",\"url\":\"https:\\\/\\\/archiviocassano.lavocedelpaese.info\\\/wp-content\\\/uploads\\\/2024\\\/08\\\/logo-rosso-2.png\",\"contentUrl\":\"https:\\\/\\\/archiviocassano.lavocedelpaese.info\\\/wp-content\\\/uploads\\\/2024\\\/08\\\/logo-rosso-2.png\",\"width\":491,\"height\":432,\"caption\":\"Archivio CassanoWeb\"},\"image\":{\"@id\":\"https:\\\/\\\/archiviocassano.lavocedelpaese.info\\\/#\\\/schema\\\/logo\\\/image\\\/\"},\"sameAs\":[\"https:\\\/\\\/www.facebook.com\\\/redazione.cassanoweb\"]},{\"@type\":\"Person\",\"@id\":\"https:\\\/\\\/archiviocassano.lavocedelpaese.info\\\/#\\\/schema\\\/person\\\/df195bc79a9b4c35127cf005f92e041b\",\"name\":\"admin\",\"image\":{\"@type\":\"ImageObject\",\"inLanguage\":\"it-IT\",\"@id\":\"https:\\\/\\\/secure.gravatar.com\\\/avatar\\\/eabba89a432e8eaa1b0207cc55f7e5340b22712b1ed80677efcf63e02ff5b235?s=96&d=mm&r=g\",\"url\":\"https:\\\/\\\/secure.gravatar.com\\\/avatar\\\/eabba89a432e8eaa1b0207cc55f7e5340b22712b1ed80677efcf63e02ff5b235?s=96&d=mm&r=g\",\"contentUrl\":\"https:\\\/\\\/secure.gravatar.com\\\/avatar\\\/eabba89a432e8eaa1b0207cc55f7e5340b22712b1ed80677efcf63e02ff5b235?s=96&d=mm&r=g\",\"caption\":\"admin\"},\"sameAs\":[\"https:\\\/\\\/archiviocassano.lavocedelpaese.info\"],\"url\":\"https:\\\/\\\/archiviocassano.lavocedelpaese.info\\\/index.php\\\/author\\\/admin_0qgz1xdp\\\/\"}]}<\/script>\n<!-- \/ Yoast SEO plugin. -->","yoast_head_json":{"title":"PRO LOCO, CASSANOWEB E LA CONSULTA: PARLA MALLARDI - Archivio CassanoWeb","robots":{"index":"index","follow":"follow","max-snippet":"max-snippet:-1","max-image-preview":"max-image-preview:large","max-video-preview":"max-video-preview:-1"},"canonical":"https:\/\/archiviocassano.lavocedelpaese.info\/index.php\/2011\/12\/19\/pro-loco-cassanoweb-e-la-consulta-parla-mallardi\/","og_locale":"it_IT","og_type":"article","og_title":"PRO LOCO, CASSANOWEB E LA CONSULTA: PARLA MALLARDI - Archivio CassanoWeb","og_url":"https:\/\/archiviocassano.lavocedelpaese.info\/index.php\/2011\/12\/19\/pro-loco-cassanoweb-e-la-consulta-parla-mallardi\/","og_site_name":"Archivio CassanoWeb","article_publisher":"https:\/\/www.facebook.com\/redazione.cassanoweb","article_published_time":"2011-12-19T07:29:45+00:00","og_image":[{"width":320,"height":150,"url":"https:\/\/archiviocassano.lavocedelpaese.info\/wp-content\/uploads\/2011\/12\/massimiliano_mallardi.jpg","type":"image\/jpeg"}],"author":"admin","twitter_card":"summary_large_image","twitter_misc":{"Scritto da":"admin","Tempo di lettura stimato":"6 minuti"},"schema":{"@context":"https:\/\/schema.org","@graph":[{"@type":"Article","@id":"https:\/\/archiviocassano.lavocedelpaese.info\/index.php\/2011\/12\/19\/pro-loco-cassanoweb-e-la-consulta-parla-mallardi\/#article","isPartOf":{"@id":"https:\/\/archiviocassano.lavocedelpaese.info\/index.php\/2011\/12\/19\/pro-loco-cassanoweb-e-la-consulta-parla-mallardi\/"},"author":{"name":"admin","@id":"https:\/\/archiviocassano.lavocedelpaese.info\/#\/schema\/person\/df195bc79a9b4c35127cf005f92e041b"},"headline":"PRO LOCO, CASSANOWEB E LA CONSULTA: PARLA MALLARDI","datePublished":"2011-12-19T07:29:45+00:00","mainEntityOfPage":{"@id":"https:\/\/archiviocassano.lavocedelpaese.info\/index.php\/2011\/12\/19\/pro-loco-cassanoweb-e-la-consulta-parla-mallardi\/"},"wordCount":1147,"commentCount":0,"publisher":{"@id":"https:\/\/archiviocassano.lavocedelpaese.info\/#organization"},"image":{"@id":"https:\/\/archiviocassano.lavocedelpaese.info\/index.php\/2011\/12\/19\/pro-loco-cassanoweb-e-la-consulta-parla-mallardi\/#primaryimage"},"thumbnailUrl":"https:\/\/archiviocassano.lavocedelpaese.info\/wp-content\/uploads\/2011\/12\/massimiliano_mallardi.jpg","articleSection":["La voce del paese"],"inLanguage":"it-IT","potentialAction":[{"@type":"CommentAction","name":"Comment","target":["https:\/\/archiviocassano.lavocedelpaese.info\/index.php\/2011\/12\/19\/pro-loco-cassanoweb-e-la-consulta-parla-mallardi\/#respond"]}]},{"@type":"WebPage","@id":"https:\/\/archiviocassano.lavocedelpaese.info\/index.php\/2011\/12\/19\/pro-loco-cassanoweb-e-la-consulta-parla-mallardi\/","url":"https:\/\/archiviocassano.lavocedelpaese.info\/index.php\/2011\/12\/19\/pro-loco-cassanoweb-e-la-consulta-parla-mallardi\/","name":"PRO LOCO, CASSANOWEB E LA CONSULTA: PARLA MALLARDI - Archivio CassanoWeb","isPartOf":{"@id":"https:\/\/archiviocassano.lavocedelpaese.info\/#website"},"primaryImageOfPage":{"@id":"https:\/\/archiviocassano.lavocedelpaese.info\/index.php\/2011\/12\/19\/pro-loco-cassanoweb-e-la-consulta-parla-mallardi\/#primaryimage"},"image":{"@id":"https:\/\/archiviocassano.lavocedelpaese.info\/index.php\/2011\/12\/19\/pro-loco-cassanoweb-e-la-consulta-parla-mallardi\/#primaryimage"},"thumbnailUrl":"https:\/\/archiviocassano.lavocedelpaese.info\/wp-content\/uploads\/2011\/12\/massimiliano_mallardi.jpg","datePublished":"2011-12-19T07:29:45+00:00","breadcrumb":{"@id":"https:\/\/archiviocassano.lavocedelpaese.info\/index.php\/2011\/12\/19\/pro-loco-cassanoweb-e-la-consulta-parla-mallardi\/#breadcrumb"},"inLanguage":"it-IT","potentialAction":[{"@type":"ReadAction","target":["https:\/\/archiviocassano.lavocedelpaese.info\/index.php\/2011\/12\/19\/pro-loco-cassanoweb-e-la-consulta-parla-mallardi\/"]}]},{"@type":"ImageObject","inLanguage":"it-IT","@id":"https:\/\/archiviocassano.lavocedelpaese.info\/index.php\/2011\/12\/19\/pro-loco-cassanoweb-e-la-consulta-parla-mallardi\/#primaryimage","url":"https:\/\/archiviocassano.lavocedelpaese.info\/wp-content\/uploads\/2011\/12\/massimiliano_mallardi.jpg","contentUrl":"https:\/\/archiviocassano.lavocedelpaese.info\/wp-content\/uploads\/2011\/12\/massimiliano_mallardi.jpg","width":320,"height":150,"caption":"massimiliano mallardi"},{"@type":"BreadcrumbList","@id":"https:\/\/archiviocassano.lavocedelpaese.info\/index.php\/2011\/12\/19\/pro-loco-cassanoweb-e-la-consulta-parla-mallardi\/#breadcrumb","itemListElement":[{"@type":"ListItem","position":1,"name":"Home","item":"https:\/\/archiviocassano.lavocedelpaese.info\/"},{"@type":"ListItem","position":2,"name":"PRO LOCO, CASSANOWEB E LA CONSULTA: PARLA MALLARDI"}]},{"@type":"WebSite","@id":"https:\/\/archiviocassano.lavocedelpaese.info\/#website","url":"https:\/\/archiviocassano.lavocedelpaese.info\/","name":"Archivio CassanoWeb","description":"La Voce del Paese - un network di idee","publisher":{"@id":"https:\/\/archiviocassano.lavocedelpaese.info\/#organization"},"potentialAction":[{"@type":"SearchAction","target":{"@type":"EntryPoint","urlTemplate":"https:\/\/archiviocassano.lavocedelpaese.info\/?s={search_term_string}"},"query-input":{"@type":"PropertyValueSpecification","valueRequired":true,"valueName":"search_term_string"}}],"inLanguage":"it-IT"},{"@type":"Organization","@id":"https:\/\/archiviocassano.lavocedelpaese.info\/#organization","name":"Archivio CassanoWeb","url":"https:\/\/archiviocassano.lavocedelpaese.info\/","logo":{"@type":"ImageObject","inLanguage":"it-IT","@id":"https:\/\/archiviocassano.lavocedelpaese.info\/#\/schema\/logo\/image\/","url":"https:\/\/archiviocassano.lavocedelpaese.info\/wp-content\/uploads\/2024\/08\/logo-rosso-2.png","contentUrl":"https:\/\/archiviocassano.lavocedelpaese.info\/wp-content\/uploads\/2024\/08\/logo-rosso-2.png","width":491,"height":432,"caption":"Archivio CassanoWeb"},"image":{"@id":"https:\/\/archiviocassano.lavocedelpaese.info\/#\/schema\/logo\/image\/"},"sameAs":["https:\/\/www.facebook.com\/redazione.cassanoweb"]},{"@type":"Person","@id":"https:\/\/archiviocassano.lavocedelpaese.info\/#\/schema\/person\/df195bc79a9b4c35127cf005f92e041b","name":"admin","image":{"@type":"ImageObject","inLanguage":"it-IT","@id":"https:\/\/secure.gravatar.com\/avatar\/eabba89a432e8eaa1b0207cc55f7e5340b22712b1ed80677efcf63e02ff5b235?s=96&d=mm&r=g","url":"https:\/\/secure.gravatar.com\/avatar\/eabba89a432e8eaa1b0207cc55f7e5340b22712b1ed80677efcf63e02ff5b235?s=96&d=mm&r=g","contentUrl":"https:\/\/secure.gravatar.com\/avatar\/eabba89a432e8eaa1b0207cc55f7e5340b22712b1ed80677efcf63e02ff5b235?s=96&d=mm&r=g","caption":"admin"},"sameAs":["https:\/\/archiviocassano.lavocedelpaese.info"],"url":"https:\/\/archiviocassano.lavocedelpaese.info\/index.php\/author\/admin_0qgz1xdp\/"}]}},"_links":{"self":[{"href":"https:\/\/archiviocassano.lavocedelpaese.info\/index.php\/wp-json\/wp\/v2\/posts\/4946","targetHints":{"allow":["GET"]}}],"collection":[{"href":"https:\/\/archiviocassano.lavocedelpaese.info\/index.php\/wp-json\/wp\/v2\/posts"}],"about":[{"href":"https:\/\/archiviocassano.lavocedelpaese.info\/index.php\/wp-json\/wp\/v2\/types\/post"}],"author":[{"embeddable":true,"href":"https:\/\/archiviocassano.lavocedelpaese.info\/index.php\/wp-json\/wp\/v2\/users\/1"}],"replies":[{"embeddable":true,"href":"https:\/\/archiviocassano.lavocedelpaese.info\/index.php\/wp-json\/wp\/v2\/comments?post=4946"}],"version-history":[{"count":0,"href":"https:\/\/archiviocassano.lavocedelpaese.info\/index.php\/wp-json\/wp\/v2\/posts\/4946\/revisions"}],"wp:featuredmedia":[{"embeddable":true,"href":"https:\/\/archiviocassano.lavocedelpaese.info\/index.php\/wp-json\/wp\/v2\/media\/4945"}],"wp:attachment":[{"href":"https:\/\/archiviocassano.lavocedelpaese.info\/index.php\/wp-json\/wp\/v2\/media?parent=4946"}],"wp:term":[{"taxonomy":"category","embeddable":true,"href":"https:\/\/archiviocassano.lavocedelpaese.info\/index.php\/wp-json\/wp\/v2\/categories?post=4946"},{"taxonomy":"post_tag","embeddable":true,"href":"https:\/\/archiviocassano.lavocedelpaese.info\/index.php\/wp-json\/wp\/v2\/tags?post=4946"}],"curies":[{"name":"wp","href":"https:\/\/api.w.org\/{rel}","templated":true}]}}